{"id":246656,"date":"2025-03-30T16:55:25","date_gmt":"2025-03-30T19:55:25","guid":{"rendered":"https:\/\/www.gaveanews.com\/?p=246656"},"modified":"2025-03-30T16:38:31","modified_gmt":"2025-03-30T19:38:31","slug":"a-declaracao-de-everson-apos-a-derrota-do-atletico-mg-para-o-gremio","status":"publish","type":"post","link":"https:\/\/www.gaveanews.com\/index.php\/2025\/03\/30\/a-declaracao-de-everson-apos-a-derrota-do-atletico-mg-para-o-gremio\/","title":{"rendered":"A declara\u00e7\u00e3o de Everson ap\u00f3s a derrota do Atl\u00e9tico-MG para o Gr\u00eamio"},"content":{"rendered":"\n<p>O goleiro Everson, uma das principais refer\u00eancias do elenco do Atl\u00e9tico-MG, demonstrou insatisfa\u00e7\u00e3o com a derrota por 2 a 1 para o Gr\u00eamio, neste s\u00e1bado (29), na estreia do Campeonato Brasileiro. Para o camisa 22, a equipe precisa elevar o n\u00edvel de concentra\u00e7\u00e3o para evitar que desempenhos abaixo do esperado se repitam ao longo da temporada.<\/p>\n\n\n\n<p>Ap\u00f3s o jogo em Porto Alegre, Everson analisou a partida e projetou o pr\u00f3ximo desafio do time. Na ter\u00e7a-feira (1), o Galo enfrentar\u00e1 o Cienciano, no Peru, na rodada de abertura do Grupo H da Copa Sul-Americana. O goleiro destacou as dificuldades da log\u00edstica para o confronto em Cusco, que envolve viagem at\u00e9 Lima antes da chegada ao local da partida.<\/p>\n\n\n\n<p>&#8220;Campeonato Brasileiro \u00e9 assim. Se voc\u00ea tiver oportunidade e n\u00e3o matar, o advers\u00e1rio na casa dele acaba achando o gol. Eles t\u00eam qualidade e acharam o primeiro gol, o segundo foi uma falha nossa. Pela performance, o primeiro tempo poderia ser muito mais positivo para n\u00f3s, mas acabou negativo. No segundo melhoramos ainda, fizemos gol e quase buscamos outro no finalzinho. Temos que aumentar o n\u00edvel de concentra\u00e7\u00e3o, porque todos os times t\u00eam muita qualidade&#8221;, afirmou Everson.<\/p>\n\n\n\n<p>O goleiro ressaltou a import\u00e2ncia de manter o n\u00edvel de atua\u00e7\u00e3o da segunda etapa e corrigir os erros para a estreia na Copa Sul-Americana. Al\u00e9m disso, frisou os desafios da altitude em Cusco e da viagem desgastante at\u00e9 o Peru.<\/p>\n\n\n\n<p>&#8220;\u00c9 levar este desempenho para o jogo contra o Cienciano. Sabemos que \u00e9 um jogo dif\u00edcil, contra uma equipe qualificada que tem a altitude a seu favor. Tem uma log\u00edstica complicada, com uma parada em Lima, onde ficaremos um tempo, para depois chegar na cidade do jogo (Cusco). Mas \u00e9 concentrar para que possamos fazer uma estreia diferente na Copa Sul-Americana, conquistar o resultado e depois apresentar uma performance melhor&#8221;, concluiu o goleiro.<\/p>\n\n\n\n<p>O Atl\u00e9tico busca recupera\u00e7\u00e3o imediata na temporada e quer um bom in\u00edcio na Sul-Americana para n\u00e3o comprometer a campanha na fase de grupos. O confronto com o Cienciano ser\u00e1 fundamental para o time, que ter\u00e1 uma sequ\u00eancia desafiadora nos pr\u00f3ximos dias. Pelo Brasileir\u00e3o, o pr\u00f3ximo compromisso ser\u00e1 no s\u00e1bado (6), contra o S\u00e3o Paulo, no Mineir\u00e3o, \u00e0s 16h.<\/p>\n","protected":false},"excerpt":{"rendered":"<p>O goleiro Everson, uma das principais refer\u00eancias do elenco do Atl\u00e9tico-MG, demonstrou insatisfa\u00e7\u00e3o com a derrota por 2 a 1 para o Gr\u00eamio, neste s\u00e1bado (29), na estreia do Campeonato Brasileiro. Para o camisa 22, a equipe precisa elevar o n\u00edvel de concentra\u00e7\u00e3o para evitar que desempenhos abaixo do esperado se repitam ao longo da [&hellip;]<\/p>\n","protected":false},"author":17,"featured_media":214687,"comment_status":"open","ping_status":"closed","sticky":false,"template":"","format":"standard","meta":{"footnotes":""},"categories":[136],"tags":[],"class_list":["post-246656","post","type-post","status-publish","format-standard","has-post-thumbnail","hentry","category-atletico-mg"],"yoast_head":"<!-- This site is optimized with the Yoast SEO Premium plugin v24.2 (Yoast SEO v26.9) - https:\/\/yoast.com\/product\/yoast-seo-premium-wordpress\/ -->\n<title>A declara\u00e7\u00e3o de Everson ap\u00f3s a derrota do Atl\u00e9tico-MG para o Gr\u00eamio<\/title>\n<meta name=\"robots\" content=\"index, follow, max-snippet:-1, max-image-preview:large, max-video-preview:-1\" \/>\n<link rel=\"canonical\" href=\"https:\/\/www.gaveanews.com\/index.php\/2025\/03\/30\/a-declaracao-de-everson-apos-a-derrota-do-atletico-mg-para-o-gremio\/\" \/>\n<meta property=\"og:locale\" content=\"pt_BR\" \/>\n<meta property=\"og:type\" content=\"article\" \/>\n<meta property=\"og:title\" content=\"A declara\u00e7\u00e3o de Everson ap\u00f3s a derrota do Atl\u00e9tico-MG para o Gr\u00eamio\" \/>\n<meta property=\"og:description\" content=\"O goleiro Everson, uma das principais refer\u00eancias do elenco do Atl\u00e9tico-MG, demonstrou insatisfa\u00e7\u00e3o com a derrota por 2 a 1 para o Gr\u00eamio, neste s\u00e1bado (29), na estreia do Campeonato Brasileiro. Para o camisa 22, a equipe precisa elevar o n\u00edvel de concentra\u00e7\u00e3o para evitar que desempenhos abaixo do esperado se repitam ao longo da [&hellip;]\" \/>\n<meta property=\"og:url\" content=\"https:\/\/www.gaveanews.com\/index.php\/2025\/03\/30\/a-declaracao-de-everson-apos-a-derrota-do-atletico-mg-para-o-gremio\/\" \/>\n<meta property=\"og:site_name\" content=\"G\u00e1vea News\" \/>\n<meta property=\"article:publisher\" content=\"https:\/\/facebook.com\/gaveaNews\/\" \/>\n<meta property=\"article:published_time\" content=\"2025-03-30T19:55:25+00:00\" \/>\n<meta property=\"og:image\" content=\"https:\/\/www.gaveanews.com\/wp-content\/uploads\/Gabigol-e-Everson-em-Atletico-MG-x-Cruzeiro.webp\" \/>\n\t<meta property=\"og:image:width\" content=\"890\" \/>\n\t<meta property=\"og:image:height\" content=\"567\" \/>\n\t<meta property=\"og:image:type\" content=\"image\/jpeg\" \/>\n<meta name=\"author\" content=\"Geovanna Thomaz\" \/>\n<meta name=\"twitter:card\" content=\"summary_large_image\" \/>\n<meta name=\"twitter:label1\" content=\"Escrito por\" \/>\n\t<meta name=\"twitter:data1\" content=\"Geovanna Thomaz\" \/>\n\t<meta name=\"twitter:label2\" content=\"Est. tempo de leitura\" \/>\n\t<meta name=\"twitter:data2\" content=\"3 minutos\" \/>\n<script type=\"application\/ld+json\" class=\"yoast-schema-graph\">{\"@context\":\"https:\/\/schema.org\",\"@graph\":[{\"@type\":\"NewsArticle\",\"@id\":\"https:\/\/www.gaveanews.com\/index.php\/2025\/03\/30\/a-declaracao-de-everson-apos-a-derrota-do-atletico-mg-para-o-gremio\/#article\",\"isPartOf\":{\"@id\":\"https:\/\/www.gaveanews.com\/index.php\/2025\/03\/30\/a-declaracao-de-everson-apos-a-derrota-do-atletico-mg-para-o-gremio\/\"},\"author\":{\"name\":\"Geovanna Thomaz\",\"@id\":\"https:\/\/www.gaveanews.com\/#\/schema\/person\/f42654babcd2b2014a1a65af82b081f1\"},\"headline\":\"A declara\u00e7\u00e3o de Everson ap\u00f3s a derrota do Atl\u00e9tico-MG para o Gr\u00eamio\",\"datePublished\":\"2025-03-30T19:55:25+00:00\",\"mainEntityOfPage\":{\"@id\":\"https:\/\/www.gaveanews.com\/index.php\/2025\/03\/30\/a-declaracao-de-everson-apos-a-derrota-do-atletico-mg-para-o-gremio\/\"},\"wordCount\":406,\"commentCount\":0,\"image\":{\"@id\":\"https:\/\/www.gaveanews.com\/index.php\/2025\/03\/30\/a-declaracao-de-everson-apos-a-derrota-do-atletico-mg-para-o-gremio\/#primaryimage\"},\"thumbnailUrl\":\"https:\/\/www.gaveanews.com\/wp-content\/uploads\/Gabigol-e-Everson-em-Atletico-MG-x-Cruzeiro.webp\",\"articleSection\":[\"Atl\u00e9tico-MG\"],\"inLanguage\":\"pt-BR\",\"potentialAction\":[{\"@type\":\"CommentAction\",\"name\":\"Comment\",\"target\":[\"https:\/\/www.gaveanews.com\/index.php\/2025\/03\/30\/a-declaracao-de-everson-apos-a-derrota-do-atletico-mg-para-o-gremio\/#respond\"]}],\"copyrightYear\":\"2025\",\"copyrightHolder\":{\"@id\":\"https:\/\/www.gaveanews.com\/#organization\"}},{\"@type\":\"WebPage\",\"@id\":\"https:\/\/www.gaveanews.com\/index.php\/2025\/03\/30\/a-declaracao-de-everson-apos-a-derrota-do-atletico-mg-para-o-gremio\/\",\"url\":\"https:\/\/www.gaveanews.com\/index.php\/2025\/03\/30\/a-declaracao-de-everson-apos-a-derrota-do-atletico-mg-para-o-gremio\/\",\"name\":\"A declara\u00e7\u00e3o de Everson ap\u00f3s a derrota do Atl\u00e9tico-MG para o Gr\u00eamio\",\"isPartOf\":{\"@id\":\"https:\/\/www.gaveanews.com\/#website\"},\"primaryImageOfPage\":{\"@id\":\"https:\/\/www.gaveanews.com\/index.php\/2025\/03\/30\/a-declaracao-de-everson-apos-a-derrota-do-atletico-mg-para-o-gremio\/#primaryimage\"},\"image\":{\"@id\":\"https:\/\/www.gaveanews.com\/index.php\/2025\/03\/30\/a-declaracao-de-everson-apos-a-derrota-do-atletico-mg-para-o-gremio\/#primaryimage\"},\"thumbnailUrl\":\"https:\/\/www.gaveanews.com\/wp-content\/uploads\/Gabigol-e-Everson-em-Atletico-MG-x-Cruzeiro.webp\",\"datePublished\":\"2025-03-30T19:55:25+00:00\",\"author\":{\"@id\":\"https:\/\/www.gaveanews.com\/#\/schema\/person\/f42654babcd2b2014a1a65af82b081f1\"},\"breadcrumb\":{\"@id\":\"https:\/\/www.gaveanews.com\/index.php\/2025\/03\/30\/a-declaracao-de-everson-apos-a-derrota-do-atletico-mg-para-o-gremio\/#breadcrumb\"},\"inLanguage\":\"pt-BR\",\"potentialAction\":[{\"@type\":\"ReadAction\",\"target\":[\"https:\/\/www.gaveanews.com\/index.php\/2025\/03\/30\/a-declaracao-de-everson-apos-a-derrota-do-atletico-mg-para-o-gremio\/\"]}]},{\"@type\":\"ImageObject\",\"inLanguage\":\"pt-BR\",\"@id\":\"https:\/\/www.gaveanews.com\/index.php\/2025\/03\/30\/a-declaracao-de-everson-apos-a-derrota-do-atletico-mg-para-o-gremio\/#primaryimage\",\"url\":\"https:\/\/www.gaveanews.com\/wp-content\/uploads\/Gabigol-e-Everson-em-Atletico-MG-x-Cruzeiro.webp\",\"contentUrl\":\"https:\/\/www.gaveanews.com\/wp-content\/uploads\/Gabigol-e-Everson-em-Atletico-MG-x-Cruzeiro.webp\",\"width\":890,\"height\":567,\"caption\":\"Gabigol e Everson em Atl\u00e9tico-MG x Cruzeiro (Foto: Gustavo Aleixo\/Cruzeiro)\"},{\"@type\":\"BreadcrumbList\",\"@id\":\"https:\/\/www.gaveanews.com\/index.php\/2025\/03\/30\/a-declaracao-de-everson-apos-a-derrota-do-atletico-mg-para-o-gremio\/#breadcrumb\",\"itemListElement\":[{\"@type\":\"ListItem\",\"position\":1,\"name\":\"Home\",\"item\":\"https:\/\/www.gaveanews.com\/\"},{\"@type\":\"ListItem\",\"position\":2,\"name\":\"A declara\u00e7\u00e3o de Everson ap\u00f3s a derrota do Atl\u00e9tico-MG para o Gr\u00eamio\"}]},{\"@type\":\"WebSite\",\"@id\":\"https:\/\/www.gaveanews.com\/#website\",\"url\":\"https:\/\/www.gaveanews.com\/\",\"name\":\"G\u00e1vea News\",\"description\":\"Veja todas as not\u00edcias sobre o Flamengo: Contrata\u00e7\u00f5es, categorias de base, resultados das partidas, tabela de classifica\u00e7\u00e3o, pr\u00f3ximos jogos!\",\"potentialAction\":[{\"@type\":\"SearchAction\",\"target\":{\"@type\":\"EntryPoint\",\"urlTemplate\":\"https:\/\/www.gaveanews.com\/?s={search_term_string}\"},\"query-input\":{\"@type\":\"PropertyValueSpecification\",\"valueRequired\":true,\"valueName\":\"search_term_string\"}}],\"inLanguage\":\"pt-BR\"},{\"@type\":\"Person\",\"@id\":\"https:\/\/www.gaveanews.com\/#\/schema\/person\/f42654babcd2b2014a1a65af82b081f1\",\"name\":\"Geovanna Thomaz\",\"image\":{\"@type\":\"ImageObject\",\"inLanguage\":\"pt-BR\",\"@id\":\"https:\/\/www.gaveanews.com\/#\/schema\/person\/image\/\",\"url\":\"https:\/\/secure.gravatar.com\/avatar\/4092073255489533afb558984b49b64268c47198af8623cc82a925ae9fb7118a?s=96&d=mm&r=g\",\"contentUrl\":\"https:\/\/secure.gravatar.com\/avatar\/4092073255489533afb558984b49b64268c47198af8623cc82a925ae9fb7118a?s=96&d=mm&r=g\",\"caption\":\"Geovanna Thomaz\"}}]}<\/script>\n<!-- \/ Yoast SEO Premium plugin. -->","yoast_head_json":{"title":"A declara\u00e7\u00e3o de Everson ap\u00f3s a derrota do Atl\u00e9tico-MG para o Gr\u00eamio","robots":{"index":"index","follow":"follow","max-snippet":"max-snippet:-1","max-image-preview":"max-image-preview:large","max-video-preview":"max-video-preview:-1"},"canonical":"https:\/\/www.gaveanews.com\/index.php\/2025\/03\/30\/a-declaracao-de-everson-apos-a-derrota-do-atletico-mg-para-o-gremio\/","og_locale":"pt_BR","og_type":"article","og_title":"A declara\u00e7\u00e3o de Everson ap\u00f3s a derrota do Atl\u00e9tico-MG para o Gr\u00eamio","og_description":"O goleiro Everson, uma das principais refer\u00eancias do elenco do Atl\u00e9tico-MG, demonstrou insatisfa\u00e7\u00e3o com a derrota por 2 a 1 para o Gr\u00eamio, neste s\u00e1bado (29), na estreia do Campeonato Brasileiro. Para o camisa 22, a equipe precisa elevar o n\u00edvel de concentra\u00e7\u00e3o para evitar que desempenhos abaixo do esperado se repitam ao longo da [&hellip;]","og_url":"https:\/\/www.gaveanews.com\/index.php\/2025\/03\/30\/a-declaracao-de-everson-apos-a-derrota-do-atletico-mg-para-o-gremio\/","og_site_name":"G\u00e1vea News","article_publisher":"https:\/\/facebook.com\/gaveaNews\/","article_published_time":"2025-03-30T19:55:25+00:00","og_image":[{"width":890,"height":567,"url":"https:\/\/www.gaveanews.com\/wp-content\/uploads\/Gabigol-e-Everson-em-Atletico-MG-x-Cruzeiro.webp","type":"image\/jpeg"}],"author":"Geovanna Thomaz","twitter_card":"summary_large_image","twitter_misc":{"Escrito por":"Geovanna Thomaz","Est. tempo de leitura":"3 minutos"},"schema":{"@context":"https:\/\/schema.org","@graph":[{"@type":"NewsArticle","@id":"https:\/\/www.gaveanews.com\/index.php\/2025\/03\/30\/a-declaracao-de-everson-apos-a-derrota-do-atletico-mg-para-o-gremio\/#article","isPartOf":{"@id":"https:\/\/www.gaveanews.com\/index.php\/2025\/03\/30\/a-declaracao-de-everson-apos-a-derrota-do-atletico-mg-para-o-gremio\/"},"author":{"name":"Geovanna Thomaz","@id":"https:\/\/www.gaveanews.com\/#\/schema\/person\/f42654babcd2b2014a1a65af82b081f1"},"headline":"A declara\u00e7\u00e3o de Everson ap\u00f3s a derrota do Atl\u00e9tico-MG para o Gr\u00eamio","datePublished":"2025-03-30T19:55:25+00:00","mainEntityOfPage":{"@id":"https:\/\/www.gaveanews.com\/index.php\/2025\/03\/30\/a-declaracao-de-everson-apos-a-derrota-do-atletico-mg-para-o-gremio\/"},"wordCount":406,"commentCount":0,"image":{"@id":"https:\/\/www.gaveanews.com\/index.php\/2025\/03\/30\/a-declaracao-de-everson-apos-a-derrota-do-atletico-mg-para-o-gremio\/#primaryimage"},"thumbnailUrl":"https:\/\/www.gaveanews.com\/wp-content\/uploads\/Gabigol-e-Everson-em-Atletico-MG-x-Cruzeiro.webp","articleSection":["Atl\u00e9tico-MG"],"inLanguage":"pt-BR","potentialAction":[{"@type":"CommentAction","name":"Comment","target":["https:\/\/www.gaveanews.com\/index.php\/2025\/03\/30\/a-declaracao-de-everson-apos-a-derrota-do-atletico-mg-para-o-gremio\/#respond"]}],"copyrightYear":"2025","copyrightHolder":{"@id":"https:\/\/www.gaveanews.com\/#organization"}},{"@type":"WebPage","@id":"https:\/\/www.gaveanews.com\/index.php\/2025\/03\/30\/a-declaracao-de-everson-apos-a-derrota-do-atletico-mg-para-o-gremio\/","url":"https:\/\/www.gaveanews.com\/index.php\/2025\/03\/30\/a-declaracao-de-everson-apos-a-derrota-do-atletico-mg-para-o-gremio\/","name":"A declara\u00e7\u00e3o de Everson ap\u00f3s a derrota do Atl\u00e9tico-MG para o Gr\u00eamio","isPartOf":{"@id":"https:\/\/www.gaveanews.com\/#website"},"primaryImageOfPage":{"@id":"https:\/\/www.gaveanews.com\/index.php\/2025\/03\/30\/a-declaracao-de-everson-apos-a-derrota-do-atletico-mg-para-o-gremio\/#primaryimage"},"image":{"@id":"https:\/\/www.gaveanews.com\/index.php\/2025\/03\/30\/a-declaracao-de-everson-apos-a-derrota-do-atletico-mg-para-o-gremio\/#primaryimage"},"thumbnailUrl":"https:\/\/www.gaveanews.com\/wp-content\/uploads\/Gabigol-e-Everson-em-Atletico-MG-x-Cruzeiro.webp","datePublished":"2025-03-30T19:55:25+00:00","author":{"@id":"https:\/\/www.gaveanews.com\/#\/schema\/person\/f42654babcd2b2014a1a65af82b081f1"},"breadcrumb":{"@id":"https:\/\/www.gaveanews.com\/index.php\/2025\/03\/30\/a-declaracao-de-everson-apos-a-derrota-do-atletico-mg-para-o-gremio\/#breadcrumb"},"inLanguage":"pt-BR","potentialAction":[{"@type":"ReadAction","target":["https:\/\/www.gaveanews.com\/index.php\/2025\/03\/30\/a-declaracao-de-everson-apos-a-derrota-do-atletico-mg-para-o-gremio\/"]}]},{"@type":"ImageObject","inLanguage":"pt-BR","@id":"https:\/\/www.gaveanews.com\/index.php\/2025\/03\/30\/a-declaracao-de-everson-apos-a-derrota-do-atletico-mg-para-o-gremio\/#primaryimage","url":"https:\/\/www.gaveanews.com\/wp-content\/uploads\/Gabigol-e-Everson-em-Atletico-MG-x-Cruzeiro.webp","contentUrl":"https:\/\/www.gaveanews.com\/wp-content\/uploads\/Gabigol-e-Everson-em-Atletico-MG-x-Cruzeiro.webp","width":890,"height":567,"caption":"Gabigol e Everson em Atl\u00e9tico-MG x Cruzeiro (Foto: Gustavo Aleixo\/Cruzeiro)"},{"@type":"BreadcrumbList","@id":"https:\/\/www.gaveanews.com\/index.php\/2025\/03\/30\/a-declaracao-de-everson-apos-a-derrota-do-atletico-mg-para-o-gremio\/#breadcrumb","itemListElement":[{"@type":"ListItem","position":1,"name":"Home","item":"https:\/\/www.gaveanews.com\/"},{"@type":"ListItem","position":2,"name":"A declara\u00e7\u00e3o de Everson ap\u00f3s a derrota do Atl\u00e9tico-MG para o Gr\u00eamio"}]},{"@type":"WebSite","@id":"https:\/\/www.gaveanews.com\/#website","url":"https:\/\/www.gaveanews.com\/","name":"G\u00e1vea News","description":"Veja todas as not\u00edcias sobre o Flamengo: Contrata\u00e7\u00f5es, categorias de base, resultados das partidas, tabela de classifica\u00e7\u00e3o, pr\u00f3ximos jogos!","potentialAction":[{"@type":"SearchAction","target":{"@type":"EntryPoint","urlTemplate":"https:\/\/www.gaveanews.com\/?s={search_term_string}"},"query-input":{"@type":"PropertyValueSpecification","valueRequired":true,"valueName":"search_term_string"}}],"inLanguage":"pt-BR"},{"@type":"Person","@id":"https:\/\/www.gaveanews.com\/#\/schema\/person\/f42654babcd2b2014a1a65af82b081f1","name":"Geovanna Thomaz","image":{"@type":"ImageObject","inLanguage":"pt-BR","@id":"https:\/\/www.gaveanews.com\/#\/schema\/person\/image\/","url":"https:\/\/secure.gravatar.com\/avatar\/4092073255489533afb558984b49b64268c47198af8623cc82a925ae9fb7118a?s=96&d=mm&r=g","contentUrl":"https:\/\/secure.gravatar.com\/avatar\/4092073255489533afb558984b49b64268c47198af8623cc82a925ae9fb7118a?s=96&d=mm&r=g","caption":"Geovanna Thomaz"}}]}},"_links":{"self":[{"href":"https:\/\/www.gaveanews.com\/index.php\/wp-json\/wp\/v2\/posts\/246656","targetHints":{"allow":["GET"]}}],"collection":[{"href":"https:\/\/www.gaveanews.com\/index.php\/wp-json\/wp\/v2\/posts"}],"about":[{"href":"https:\/\/www.gaveanews.com\/index.php\/wp-json\/wp\/v2\/types\/post"}],"author":[{"embeddable":true,"href":"https:\/\/www.gaveanews.com\/index.php\/wp-json\/wp\/v2\/users\/17"}],"replies":[{"embeddable":true,"href":"https:\/\/www.gaveanews.com\/index.php\/wp-json\/wp\/v2\/comments?post=246656"}],"version-history":[{"count":1,"href":"https:\/\/www.gaveanews.com\/index.php\/wp-json\/wp\/v2\/posts\/246656\/revisions"}],"predecessor-version":[{"id":246657,"href":"https:\/\/www.gaveanews.com\/index.php\/wp-json\/wp\/v2\/posts\/246656\/revisions\/246657"}],"wp:featuredmedia":[{"embeddable":true,"href":"https:\/\/www.gaveanews.com\/index.php\/wp-json\/wp\/v2\/media\/214687"}],"wp:attachment":[{"href":"https:\/\/www.gaveanews.com\/index.php\/wp-json\/wp\/v2\/media?parent=246656"}],"wp:term":[{"taxonomy":"category","embeddable":true,"href":"https:\/\/www.gaveanews.com\/index.php\/wp-json\/wp\/v2\/categories?post=246656"},{"taxonomy":"post_tag","embeddable":true,"href":"https:\/\/www.gaveanews.com\/index.php\/wp-json\/wp\/v2\/tags?post=246656"}],"curies":[{"name":"wp","href":"https:\/\/api.w.org\/{rel}","templated":true}]}}