{"id":246660,"date":"2025-03-30T17:15:45","date_gmt":"2025-03-30T20:15:45","guid":{"rendered":"https:\/\/www.gaveanews.com\/?p=246660"},"modified":"2025-03-30T16:39:30","modified_gmt":"2025-03-30T19:39:30","slug":"a-declaracao-de-felipe-melo-apos-a-derrota-do-fluminense","status":"publish","type":"post","link":"https:\/\/www.gaveanews.com\/index.php\/2025\/03\/30\/a-declaracao-de-felipe-melo-apos-a-derrota-do-fluminense\/","title":{"rendered":"A declara\u00e7\u00e3o de Felipe Melo ap\u00f3s a derrota do Fluminense"},"content":{"rendered":"\n<p>Com um desempenho inicial aqu\u00e9m do esperado, o Fluminense iniciou sua jornada no Campeonato Brasileiro de 2025 sofrendo uma derrota. A equipe tricolor enfrentou o Fortaleza neste s\u00e1bado (29), na Arena Castel\u00e3o, e perdeu pelo placar de 2 a 0, em um jogo marcado por falhas determinantes.<\/p>\n\n\n\n<p>O resultado negativo na capital cearense acendeu alertas logo na primeira rodada da competi\u00e7\u00e3o nacional. Al\u00e9m disso, gerou repercuss\u00e3o imediata fora das quatro linhas, culminando em mudan\u00e7as significativas no comando t\u00e9cnico da equipe.<\/p>\n\n\n\n<p>Durante o confronto, uma decis\u00e3o do ent\u00e3o t\u00e9cnico Mano Menezes chamou aten\u00e7\u00e3o. O treinador optou por substituir o atacante Kevin Serna quando o cron\u00f4metro marcava apenas 13 minutos do primeiro tempo, colocando o meia Lima em seu lugar.<\/p>\n\n\n\n<p>Posteriormente, Mano Menezes reconheceu publicamente o equ\u00edvoco na forma\u00e7\u00e3o inicial e apresentou desculpas formais ao jogador colombiano pela substitui\u00e7\u00e3o precoce. Nesse momento, o placar j\u00e1 apontava 1 a 0 para o Fortaleza. Pouco tempo depois, aos 21 minutos, o time da casa ampliou a vantagem.<\/p>\n\n\n\n<h2 class=\"wp-block-heading\" id=\"h-criticas-e-analise-pos-jogo\">Cr\u00edticas e an\u00e1lise p\u00f3s-Jogo<\/h2>\n\n\n\n<p>Antes mesmo da oficializa\u00e7\u00e3o da sa\u00edda do treinador, o ex-jogador Felipe Melo manifestou sua opini\u00e3o nas redes sociais. Ele criticou a condu\u00e7\u00e3o de Mano Menezes durante a partida, apontando especificamente uma &#8220;falta de leitura&#8221; como elemento decisivo para a derrota.<\/p>\n\n\n\n<p>Felipe Melo comentou: &#8220;O treinador tem que fazer a leitura do jogo e entender o melhor momento de tirar os jogadores. O treinador do Fluminense tirou o Serna com 13 minutos e pediu desculpas, falou que errou. O Freytes n\u00e3o est\u00e1 em um bom dia. J\u00e1 deveria ter tirado h\u00e1 muito tempo. Ningu\u00e9m v\u00ea isso?&#8221;.<\/p>\n\n\n\n<p>Ap\u00f3s o apito final, o pr\u00f3prio Mano Menezes lamentou os erros cometidos pela equipe, sobretudo nos primeiros 25 minutos de jogo. Ele considerou esse per\u00edodo inicial como crucial para o resultado adverso. Em contrapartida, o lateral-direito Guga enfatizou a necessidade de o time compreender melhor as partidas e cobrou mais aten\u00e7\u00e3o para evitar dificuldades semelhantes \u00e0s enfrentadas no ano anterior.<\/p>\n\n\n\n<figure class=\"wp-block-image size-full is-resized\"><img loading=\"lazy\" decoding=\"async\" width=\"799\" height=\"533\" src=\"http:\/\/www.gaveanews.com\/wp-content\/uploads\/Mano-Menezes-durante-Fluminense-x-Palmeiras-em-2024.webp\" alt=\"\" class=\"wp-image-154433\" style=\"width:840px;height:auto\" srcset=\"https:\/\/www.gaveanews.com\/wp-content\/uploads\/Mano-Menezes-durante-Fluminense-x-Palmeiras-em-2024.webp 799w, https:\/\/www.gaveanews.com\/wp-content\/uploads\/Mano-Menezes-durante-Fluminense-x-Palmeiras-em-2024-300x200.webp 300w, https:\/\/www.gaveanews.com\/wp-content\/uploads\/Mano-Menezes-durante-Fluminense-x-Palmeiras-em-2024-768x512.webp 768w, https:\/\/www.gaveanews.com\/wp-content\/uploads\/Mano-Menezes-durante-Fluminense-x-Palmeiras-em-2024-630x420.webp 630w, https:\/\/www.gaveanews.com\/wp-content\/uploads\/Mano-Menezes-durante-Fluminense-x-Palmeiras-em-2024-640x427.webp 640w, https:\/\/www.gaveanews.com\/wp-content\/uploads\/Mano-Menezes-durante-Fluminense-x-Palmeiras-em-2024-681x454.webp 681w, https:\/\/www.gaveanews.com\/wp-content\/uploads\/Mano-Menezes-durante-Fluminense-x-Palmeiras-em-2024-100x67.webp 100w\" sizes=\"auto, (max-width: 799px) 100vw, 799px\" \/><figcaption class=\"wp-element-caption\">Mano Menezes durante Fluminense x Palmeiras em 2024 (Foto: Lucas Mer\u00e7on \/ Fluminense F.C)<\/figcaption><\/figure>\n\n\n\n<h2 class=\"wp-block-heading\" id=\"h-mudanca-no-comando-tecnico\">Mudan\u00e7a no comando t\u00e9cnico<\/h2>\n\n\n\n<p>Como consequ\u00eancia direta do resultado e do desempenho, a diretoria do Fluminense decidiu demitir o t\u00e9cnico Mano Menezes. A comunica\u00e7\u00e3o oficial ocorreu na madrugada deste domingo (30), horas ap\u00f3s o t\u00e9rmino da partida em Fortaleza.<\/p>\n\n\n\n<p>Com a sa\u00edda de Menezes, o clube agiu rapidamente e anunciou que o auxiliar-t\u00e9cnico permanente, Marc\u00e3o, assume o comando da equipe de forma interina. Sua primeira miss\u00e3o ser\u00e1 dirigir o Fluminense no compromisso internacional pela Copa Sul-Americana. Al\u00e9m do treinador, os auxiliares Sidnei Lobo e Thiago Kosloski e o preparador f\u00edsico Fl\u00e1vio Oliveira tamb\u00e9m deixaram seus cargos no clube.<\/p>\n\n\n\n<p>O pr\u00f3ximo desafio do Fluminense est\u00e1 agendado para a pr\u00f3xima ter\u00e7a-feira (1), \u00e0s 21h30 (hor\u00e1rio de Bras\u00edlia). A equipe viaja para enfrentar o Once Caldas, na Col\u00f4mbia, pela primeira rodada da fase de grupos da Sul-Americana. O elenco permanecer\u00e1 em Fortaleza at\u00e9 este domingo (30), de onde seguir\u00e1 viagem, com retorno previsto ao Rio de Janeiro somente na quarta-feira (2).<\/p>\n","protected":false},"excerpt":{"rendered":"<p>Com um desempenho inicial aqu\u00e9m do esperado, o Fluminense iniciou sua jornada no Campeonato Brasileiro de 2025 sofrendo uma derrota. A equipe tricolor enfrentou o Fortaleza neste s\u00e1bado (29), na Arena Castel\u00e3o, e perdeu pelo placar de 2 a 0, em um jogo marcado por falhas determinantes. O resultado negativo na capital cearense acendeu alertas [&hellip;]<\/p>\n","protected":false},"author":28,"featured_media":244418,"comment_status":"open","ping_status":"closed","sticky":false,"template":"","format":"standard","meta":{"footnotes":""},"categories":[145],"tags":[],"class_list":["post-246660","post","type-post","status-publish","format-standard","has-post-thumbnail","hentry","category-fluminense"],"yoast_head":"<!-- This site is optimized with the Yoast SEO Premium plugin v24.2 (Yoast SEO v26.9) - https:\/\/yoast.com\/product\/yoast-seo-premium-wordpress\/ -->\n<title>A declara\u00e7\u00e3o de Felipe Melo ap\u00f3s a derrota do Fluminense<\/title>\n<meta name=\"robots\" content=\"index, follow, max-snippet:-1, max-image-preview:large, max-video-preview:-1\" \/>\n<link rel=\"canonical\" href=\"https:\/\/www.gaveanews.com\/index.php\/2025\/03\/30\/a-declaracao-de-felipe-melo-apos-a-derrota-do-fluminense\/\" \/>\n<meta property=\"og:locale\" content=\"pt_BR\" \/>\n<meta property=\"og:type\" content=\"article\" \/>\n<meta property=\"og:title\" content=\"A declara\u00e7\u00e3o de Felipe Melo ap\u00f3s a derrota do Fluminense\" \/>\n<meta property=\"og:description\" content=\"Com um desempenho inicial aqu\u00e9m do esperado, o Fluminense iniciou sua jornada no Campeonato Brasileiro de 2025 sofrendo uma derrota. A equipe tricolor enfrentou o Fortaleza neste s\u00e1bado (29), na Arena Castel\u00e3o, e perdeu pelo placar de 2 a 0, em um jogo marcado por falhas determinantes. O resultado negativo na capital cearense acendeu alertas [&hellip;]\" \/>\n<meta property=\"og:url\" content=\"https:\/\/www.gaveanews.com\/index.php\/2025\/03\/30\/a-declaracao-de-felipe-melo-apos-a-derrota-do-fluminense\/\" \/>\n<meta property=\"og:site_name\" content=\"G\u00e1vea News\" \/>\n<meta property=\"article:publisher\" content=\"https:\/\/facebook.com\/gaveaNews\/\" \/>\n<meta property=\"article:published_time\" content=\"2025-03-30T20:15:45+00:00\" \/>\n<meta property=\"og:image\" content=\"https:\/\/www.gaveanews.com\/wp-content\/uploads\/Felipe-Melo-comentarista-da-Rede-Globo.webp\" \/>\n\t<meta property=\"og:image:width\" content=\"900\" \/>\n\t<meta property=\"og:image:height\" content=\"600\" \/>\n\t<meta property=\"og:image:type\" content=\"image\/jpeg\" \/>\n<meta name=\"author\" content=\"Hudson Pereira\" \/>\n<meta name=\"twitter:card\" content=\"summary_large_image\" \/>\n<meta name=\"twitter:label1\" content=\"Escrito por\" \/>\n\t<meta name=\"twitter:data1\" content=\"Hudson Pereira\" \/>\n\t<meta name=\"twitter:label2\" content=\"Est. tempo de leitura\" \/>\n\t<meta name=\"twitter:data2\" content=\"4 minutos\" \/>\n<script type=\"application\/ld+json\" class=\"yoast-schema-graph\">{\"@context\":\"https:\/\/schema.org\",\"@graph\":[{\"@type\":\"NewsArticle\",\"@id\":\"https:\/\/www.gaveanews.com\/index.php\/2025\/03\/30\/a-declaracao-de-felipe-melo-apos-a-derrota-do-fluminense\/#article\",\"isPartOf\":{\"@id\":\"https:\/\/www.gaveanews.com\/index.php\/2025\/03\/30\/a-declaracao-de-felipe-melo-apos-a-derrota-do-fluminense\/\"},\"author\":{\"name\":\"Hudson Pereira\",\"@id\":\"https:\/\/www.gaveanews.com\/#\/schema\/person\/bd08f00534b403119b92741a6d469ef0\"},\"headline\":\"A declara\u00e7\u00e3o de Felipe Melo ap\u00f3s a derrota do Fluminense\",\"datePublished\":\"2025-03-30T20:15:45+00:00\",\"mainEntityOfPage\":{\"@id\":\"https:\/\/www.gaveanews.com\/index.php\/2025\/03\/30\/a-declaracao-de-felipe-melo-apos-a-derrota-do-fluminense\/\"},\"wordCount\":542,\"commentCount\":0,\"image\":{\"@id\":\"https:\/\/www.gaveanews.com\/index.php\/2025\/03\/30\/a-declaracao-de-felipe-melo-apos-a-derrota-do-fluminense\/#primaryimage\"},\"thumbnailUrl\":\"https:\/\/www.gaveanews.com\/wp-content\/uploads\/Felipe-Melo-comentarista-da-Rede-Globo.webp\",\"articleSection\":[\"Fluminense\"],\"inLanguage\":\"pt-BR\",\"potentialAction\":[{\"@type\":\"CommentAction\",\"name\":\"Comment\",\"target\":[\"https:\/\/www.gaveanews.com\/index.php\/2025\/03\/30\/a-declaracao-de-felipe-melo-apos-a-derrota-do-fluminense\/#respond\"]}],\"copyrightYear\":\"2025\",\"copyrightHolder\":{\"@id\":\"https:\/\/www.gaveanews.com\/#organization\"}},{\"@type\":\"WebPage\",\"@id\":\"https:\/\/www.gaveanews.com\/index.php\/2025\/03\/30\/a-declaracao-de-felipe-melo-apos-a-derrota-do-fluminense\/\",\"url\":\"https:\/\/www.gaveanews.com\/index.php\/2025\/03\/30\/a-declaracao-de-felipe-melo-apos-a-derrota-do-fluminense\/\",\"name\":\"A declara\u00e7\u00e3o de Felipe Melo ap\u00f3s a derrota do Fluminense\",\"isPartOf\":{\"@id\":\"https:\/\/www.gaveanews.com\/#website\"},\"primaryImageOfPage\":{\"@id\":\"https:\/\/www.gaveanews.com\/index.php\/2025\/03\/30\/a-declaracao-de-felipe-melo-apos-a-derrota-do-fluminense\/#primaryimage\"},\"image\":{\"@id\":\"https:\/\/www.gaveanews.com\/index.php\/2025\/03\/30\/a-declaracao-de-felipe-melo-apos-a-derrota-do-fluminense\/#primaryimage\"},\"thumbnailUrl\":\"https:\/\/www.gaveanews.com\/wp-content\/uploads\/Felipe-Melo-comentarista-da-Rede-Globo.webp\",\"datePublished\":\"2025-03-30T20:15:45+00:00\",\"author\":{\"@id\":\"https:\/\/www.gaveanews.com\/#\/schema\/person\/bd08f00534b403119b92741a6d469ef0\"},\"breadcrumb\":{\"@id\":\"https:\/\/www.gaveanews.com\/index.php\/2025\/03\/30\/a-declaracao-de-felipe-melo-apos-a-derrota-do-fluminense\/#breadcrumb\"},\"inLanguage\":\"pt-BR\",\"potentialAction\":[{\"@type\":\"ReadAction\",\"target\":[\"https:\/\/www.gaveanews.com\/index.php\/2025\/03\/30\/a-declaracao-de-felipe-melo-apos-a-derrota-do-fluminense\/\"]}]},{\"@type\":\"ImageObject\",\"inLanguage\":\"pt-BR\",\"@id\":\"https:\/\/www.gaveanews.com\/index.php\/2025\/03\/30\/a-declaracao-de-felipe-melo-apos-a-derrota-do-fluminense\/#primaryimage\",\"url\":\"https:\/\/www.gaveanews.com\/wp-content\/uploads\/Felipe-Melo-comentarista-da-Rede-Globo.webp\",\"contentUrl\":\"https:\/\/www.gaveanews.com\/wp-content\/uploads\/Felipe-Melo-comentarista-da-Rede-Globo.webp\",\"width\":900,\"height\":600,\"caption\":\"Felipe Melo, comentarista da Rede Globo (Foto: Marcelo de Jesus)\"},{\"@type\":\"BreadcrumbList\",\"@id\":\"https:\/\/www.gaveanews.com\/index.php\/2025\/03\/30\/a-declaracao-de-felipe-melo-apos-a-derrota-do-fluminense\/#breadcrumb\",\"itemListElement\":[{\"@type\":\"ListItem\",\"position\":1,\"name\":\"Home\",\"item\":\"https:\/\/www.gaveanews.com\/\"},{\"@type\":\"ListItem\",\"position\":2,\"name\":\"A declara\u00e7\u00e3o de Felipe Melo ap\u00f3s a derrota do Fluminense\"}]},{\"@type\":\"WebSite\",\"@id\":\"https:\/\/www.gaveanews.com\/#website\",\"url\":\"https:\/\/www.gaveanews.com\/\",\"name\":\"G\u00e1vea News\",\"description\":\"Veja todas as not\u00edcias sobre o Flamengo: Contrata\u00e7\u00f5es, categorias de base, resultados das partidas, tabela de classifica\u00e7\u00e3o, pr\u00f3ximos jogos!\",\"potentialAction\":[{\"@type\":\"SearchAction\",\"target\":{\"@type\":\"EntryPoint\",\"urlTemplate\":\"https:\/\/www.gaveanews.com\/?s={search_term_string}\"},\"query-input\":{\"@type\":\"PropertyValueSpecification\",\"valueRequired\":true,\"valueName\":\"search_term_string\"}}],\"inLanguage\":\"pt-BR\"},{\"@type\":\"Person\",\"@id\":\"https:\/\/www.gaveanews.com\/#\/schema\/person\/bd08f00534b403119b92741a6d469ef0\",\"name\":\"Hudson Pereira\",\"image\":{\"@type\":\"ImageObject\",\"inLanguage\":\"pt-BR\",\"@id\":\"https:\/\/www.gaveanews.com\/#\/schema\/person\/image\/\",\"url\":\"https:\/\/secure.gravatar.com\/avatar\/ecc491b489e454e510efffc9b23c1052ce5fb4f2e05555768ba65819cd55f03e?s=96&d=mm&r=g\",\"contentUrl\":\"https:\/\/secure.gravatar.com\/avatar\/ecc491b489e454e510efffc9b23c1052ce5fb4f2e05555768ba65819cd55f03e?s=96&d=mm&r=g\",\"caption\":\"Hudson Pereira\"}}]}<\/script>\n<!-- \/ Yoast SEO Premium plugin. -->","yoast_head_json":{"title":"A declara\u00e7\u00e3o de Felipe Melo ap\u00f3s a derrota do Fluminense","robots":{"index":"index","follow":"follow","max-snippet":"max-snippet:-1","max-image-preview":"max-image-preview:large","max-video-preview":"max-video-preview:-1"},"canonical":"https:\/\/www.gaveanews.com\/index.php\/2025\/03\/30\/a-declaracao-de-felipe-melo-apos-a-derrota-do-fluminense\/","og_locale":"pt_BR","og_type":"article","og_title":"A declara\u00e7\u00e3o de Felipe Melo ap\u00f3s a derrota do Fluminense","og_description":"Com um desempenho inicial aqu\u00e9m do esperado, o Fluminense iniciou sua jornada no Campeonato Brasileiro de 2025 sofrendo uma derrota. A equipe tricolor enfrentou o Fortaleza neste s\u00e1bado (29), na Arena Castel\u00e3o, e perdeu pelo placar de 2 a 0, em um jogo marcado por falhas determinantes. O resultado negativo na capital cearense acendeu alertas [&hellip;]","og_url":"https:\/\/www.gaveanews.com\/index.php\/2025\/03\/30\/a-declaracao-de-felipe-melo-apos-a-derrota-do-fluminense\/","og_site_name":"G\u00e1vea News","article_publisher":"https:\/\/facebook.com\/gaveaNews\/","article_published_time":"2025-03-30T20:15:45+00:00","og_image":[{"width":900,"height":600,"url":"https:\/\/www.gaveanews.com\/wp-content\/uploads\/Felipe-Melo-comentarista-da-Rede-Globo.webp","type":"image\/jpeg"}],"author":"Hudson Pereira","twitter_card":"summary_large_image","twitter_misc":{"Escrito por":"Hudson Pereira","Est. tempo de leitura":"4 minutos"},"schema":{"@context":"https:\/\/schema.org","@graph":[{"@type":"NewsArticle","@id":"https:\/\/www.gaveanews.com\/index.php\/2025\/03\/30\/a-declaracao-de-felipe-melo-apos-a-derrota-do-fluminense\/#article","isPartOf":{"@id":"https:\/\/www.gaveanews.com\/index.php\/2025\/03\/30\/a-declaracao-de-felipe-melo-apos-a-derrota-do-fluminense\/"},"author":{"name":"Hudson Pereira","@id":"https:\/\/www.gaveanews.com\/#\/schema\/person\/bd08f00534b403119b92741a6d469ef0"},"headline":"A declara\u00e7\u00e3o de Felipe Melo ap\u00f3s a derrota do Fluminense","datePublished":"2025-03-30T20:15:45+00:00","mainEntityOfPage":{"@id":"https:\/\/www.gaveanews.com\/index.php\/2025\/03\/30\/a-declaracao-de-felipe-melo-apos-a-derrota-do-fluminense\/"},"wordCount":542,"commentCount":0,"image":{"@id":"https:\/\/www.gaveanews.com\/index.php\/2025\/03\/30\/a-declaracao-de-felipe-melo-apos-a-derrota-do-fluminense\/#primaryimage"},"thumbnailUrl":"https:\/\/www.gaveanews.com\/wp-content\/uploads\/Felipe-Melo-comentarista-da-Rede-Globo.webp","articleSection":["Fluminense"],"inLanguage":"pt-BR","potentialAction":[{"@type":"CommentAction","name":"Comment","target":["https:\/\/www.gaveanews.com\/index.php\/2025\/03\/30\/a-declaracao-de-felipe-melo-apos-a-derrota-do-fluminense\/#respond"]}],"copyrightYear":"2025","copyrightHolder":{"@id":"https:\/\/www.gaveanews.com\/#organization"}},{"@type":"WebPage","@id":"https:\/\/www.gaveanews.com\/index.php\/2025\/03\/30\/a-declaracao-de-felipe-melo-apos-a-derrota-do-fluminense\/","url":"https:\/\/www.gaveanews.com\/index.php\/2025\/03\/30\/a-declaracao-de-felipe-melo-apos-a-derrota-do-fluminense\/","name":"A declara\u00e7\u00e3o de Felipe Melo ap\u00f3s a derrota do Fluminense","isPartOf":{"@id":"https:\/\/www.gaveanews.com\/#website"},"primaryImageOfPage":{"@id":"https:\/\/www.gaveanews.com\/index.php\/2025\/03\/30\/a-declaracao-de-felipe-melo-apos-a-derrota-do-fluminense\/#primaryimage"},"image":{"@id":"https:\/\/www.gaveanews.com\/index.php\/2025\/03\/30\/a-declaracao-de-felipe-melo-apos-a-derrota-do-fluminense\/#primaryimage"},"thumbnailUrl":"https:\/\/www.gaveanews.com\/wp-content\/uploads\/Felipe-Melo-comentarista-da-Rede-Globo.webp","datePublished":"2025-03-30T20:15:45+00:00","author":{"@id":"https:\/\/www.gaveanews.com\/#\/schema\/person\/bd08f00534b403119b92741a6d469ef0"},"breadcrumb":{"@id":"https:\/\/www.gaveanews.com\/index.php\/2025\/03\/30\/a-declaracao-de-felipe-melo-apos-a-derrota-do-fluminense\/#breadcrumb"},"inLanguage":"pt-BR","potentialAction":[{"@type":"ReadAction","target":["https:\/\/www.gaveanews.com\/index.php\/2025\/03\/30\/a-declaracao-de-felipe-melo-apos-a-derrota-do-fluminense\/"]}]},{"@type":"ImageObject","inLanguage":"pt-BR","@id":"https:\/\/www.gaveanews.com\/index.php\/2025\/03\/30\/a-declaracao-de-felipe-melo-apos-a-derrota-do-fluminense\/#primaryimage","url":"https:\/\/www.gaveanews.com\/wp-content\/uploads\/Felipe-Melo-comentarista-da-Rede-Globo.webp","contentUrl":"https:\/\/www.gaveanews.com\/wp-content\/uploads\/Felipe-Melo-comentarista-da-Rede-Globo.webp","width":900,"height":600,"caption":"Felipe Melo, comentarista da Rede Globo (Foto: Marcelo de Jesus)"},{"@type":"BreadcrumbList","@id":"https:\/\/www.gaveanews.com\/index.php\/2025\/03\/30\/a-declaracao-de-felipe-melo-apos-a-derrota-do-fluminense\/#breadcrumb","itemListElement":[{"@type":"ListItem","position":1,"name":"Home","item":"https:\/\/www.gaveanews.com\/"},{"@type":"ListItem","position":2,"name":"A declara\u00e7\u00e3o de Felipe Melo ap\u00f3s a derrota do Fluminense"}]},{"@type":"WebSite","@id":"https:\/\/www.gaveanews.com\/#website","url":"https:\/\/www.gaveanews.com\/","name":"G\u00e1vea News","description":"Veja todas as not\u00edcias sobre o Flamengo: Contrata\u00e7\u00f5es, categorias de base, resultados das partidas, tabela de classifica\u00e7\u00e3o, pr\u00f3ximos jogos!","potentialAction":[{"@type":"SearchAction","target":{"@type":"EntryPoint","urlTemplate":"https:\/\/www.gaveanews.com\/?s={search_term_string}"},"query-input":{"@type":"PropertyValueSpecification","valueRequired":true,"valueName":"search_term_string"}}],"inLanguage":"pt-BR"},{"@type":"Person","@id":"https:\/\/www.gaveanews.com\/#\/schema\/person\/bd08f00534b403119b92741a6d469ef0","name":"Hudson Pereira","image":{"@type":"ImageObject","inLanguage":"pt-BR","@id":"https:\/\/www.gaveanews.com\/#\/schema\/person\/image\/","url":"https:\/\/secure.gravatar.com\/avatar\/ecc491b489e454e510efffc9b23c1052ce5fb4f2e05555768ba65819cd55f03e?s=96&d=mm&r=g","contentUrl":"https:\/\/secure.gravatar.com\/avatar\/ecc491b489e454e510efffc9b23c1052ce5fb4f2e05555768ba65819cd55f03e?s=96&d=mm&r=g","caption":"Hudson Pereira"}}]}},"_links":{"self":[{"href":"https:\/\/www.gaveanews.com\/index.php\/wp-json\/wp\/v2\/posts\/246660","targetHints":{"allow":["GET"]}}],"collection":[{"href":"https:\/\/www.gaveanews.com\/index.php\/wp-json\/wp\/v2\/posts"}],"about":[{"href":"https:\/\/www.gaveanews.com\/index.php\/wp-json\/wp\/v2\/types\/post"}],"author":[{"embeddable":true,"href":"https:\/\/www.gaveanews.com\/index.php\/wp-json\/wp\/v2\/users\/28"}],"replies":[{"embeddable":true,"href":"https:\/\/www.gaveanews.com\/index.php\/wp-json\/wp\/v2\/comments?post=246660"}],"version-history":[{"count":1,"href":"https:\/\/www.gaveanews.com\/index.php\/wp-json\/wp\/v2\/posts\/246660\/revisions"}],"predecessor-version":[{"id":246669,"href":"https:\/\/www.gaveanews.com\/index.php\/wp-json\/wp\/v2\/posts\/246660\/revisions\/246669"}],"wp:featuredmedia":[{"embeddable":true,"href":"https:\/\/www.gaveanews.com\/index.php\/wp-json\/wp\/v2\/media\/244418"}],"wp:attachment":[{"href":"https:\/\/www.gaveanews.com\/index.php\/wp-json\/wp\/v2\/media?parent=246660"}],"wp:term":[{"taxonomy":"category","embeddable":true,"href":"https:\/\/www.gaveanews.com\/index.php\/wp-json\/wp\/v2\/categories?post=246660"},{"taxonomy":"post_tag","embeddable":true,"href":"https:\/\/www.gaveanews.com\/index.php\/wp-json\/wp\/v2\/tags?post=246660"}],"curies":[{"name":"wp","href":"https:\/\/api.w.org\/{rel}","templated":true}]}}