{"id":246662,"date":"2025-03-30T17:20:15","date_gmt":"2025-03-30T20:20:15","guid":{"rendered":"https:\/\/www.gaveanews.com\/?p=246662"},"modified":"2025-03-30T16:39:38","modified_gmt":"2025-03-30T19:39:38","slug":"a-declaracao-de-leonardo-jardim-direcionada-a-matheus-pereira-do-cruzeiro","status":"publish","type":"post","link":"https:\/\/www.gaveanews.com\/index.php\/2025\/03\/30\/a-declaracao-de-leonardo-jardim-direcionada-a-matheus-pereira-do-cruzeiro\/","title":{"rendered":"A declara\u00e7\u00e3o de Leonardo Jardim direcionada a Matheus Pereira, do Cruzeiro"},"content":{"rendered":"\n<p>O Cruzeiro venceu o Mirassol por 2 a 1 neste s\u00e1bado (29), no Mineir\u00e3o, em Belo Horizonte, pela primeira rodada do Campeonato Brasileiro. Ap\u00f3s a partida, o t\u00e9cnico Leonardo Jardim comentou sobre a atua\u00e7\u00e3o da equipe e falou sobre a utiliza\u00e7\u00e3o de Matheus Pereira, que come\u00e7ou no banco de reservas e entrou em campo aos 25 minutos do segundo tempo.<\/p>\n\n\n\n<p>O treinador portugu\u00eas destacou a import\u00e2ncia do camisa 10 para o time e explicou sua estrat\u00e9gia para aproveit\u00e1-lo ao longo da temporada. Segundo ele, o planejamento da equipe n\u00e3o se baseia apenas na escolha de 11 titulares fixos, mas na busca por uma din\u00e2mica eficiente dentro de campo, de acordo com a necessidade de cada partida.<\/p>\n\n\n\n<p>\u201cOs torcedores gostam, como eu gosto tamb\u00e9m, do Matheus. Com certeza que ele vai jogar muitas vezes nesta equipe, mas com certeza tamb\u00e9m temos outros jogadores importantes. J\u00e1 disse, n\u00e3o ando \u00e0 procura de 11 jogadores, ando \u00e0 procura de uma din\u00e2mica\u201d, afirmou Jardim.<\/p>\n\n\n\n<p>O t\u00e9cnico ressaltou que a entrada de Matheus Pereira foi planejada para momentos em que o time precisasse de mais controle da posse de bola e criatividade no setor ofensivo. Antes disso, Kaio Vin\u00edcius foi mantido em campo devido ao seu papel t\u00e1tico na marca\u00e7\u00e3o e na press\u00e3o sobre os advers\u00e1rios.<\/p>\n\n\n\n<p>\u201cNo momento que a gente precisou de mais da bola, o Matheus estava l\u00e1. No momento em que a gente precisou de uma press\u00e3o ofensiva, esteve l\u00e1 o Kaio, que n\u00e3o fez nenhum gol, mas teve uma atitude importante na press\u00e3o ofensiva sobre o advers\u00e1rio. A gente precisa saber bem o que a gente pretende, n\u00e3o podemos ter tudo ao mesmo tempo\u201d, completou Jardim.<\/p>\n\n\n\n<p>O treinador tamb\u00e9m avaliou o desempenho da equipe e apontou aspectos a serem ajustados ao longo da competi\u00e7\u00e3o. Ele reconheceu que o Cruzeiro teve um bom in\u00edcio de jogo, controlando as a\u00e7\u00f5es e criando chances, mas tamb\u00e9m alertou para a necessidade de manter a intensidade durante os 90 minutos.<\/p>\n\n\n\n<p>\u201cA gente fez um bom primeiro tempo, conseguimos abrir vantagem cedo e controlamos bem a partida na maior parte do tempo. Tivemos algumas dificuldades no fim da primeira etapa, quando sofremos o gol, e isso serviu de aprendizado. No segundo tempo, o jogo ficou mais equilibrado, mas conseguimos sustentar o placar e garantir os tr\u00eas pontos, que eram o mais importante\u201d, analisou o t\u00e9cnico.<\/p>\n\n\n\n<p>Com a vit\u00f3ria, o Cruzeiro soma seus primeiros tr\u00eas pontos no Campeonato Brasileiro e volta a campo no pr\u00f3ximo s\u00e1bado (6), contra o Red Bull Bragantino, fora de casa.<\/p>\n","protected":false},"excerpt":{"rendered":"<p>O Cruzeiro venceu o Mirassol por 2 a 1 neste s\u00e1bado (29), no Mineir\u00e3o, em Belo Horizonte, pela primeira rodada do Campeonato Brasileiro. Ap\u00f3s a partida, o t\u00e9cnico Leonardo Jardim comentou sobre a atua\u00e7\u00e3o da equipe e falou sobre a utiliza\u00e7\u00e3o de Matheus Pereira, que come\u00e7ou no banco de reservas e entrou em campo aos [&hellip;]<\/p>\n","protected":false},"author":17,"featured_media":225548,"comment_status":"open","ping_status":"closed","sticky":false,"template":"","format":"standard","meta":{"footnotes":""},"categories":[143],"tags":[],"class_list":["post-246662","post","type-post","status-publish","format-standard","has-post-thumbnail","hentry","category-cruzeiro"],"yoast_head":"<!-- This site is optimized with the Yoast SEO Premium plugin v24.2 (Yoast SEO v26.9) - https:\/\/yoast.com\/product\/yoast-seo-premium-wordpress\/ -->\n<title>A declara\u00e7\u00e3o de Leonardo Jardim direcionada a Matheus Pereira, do Cruzeiro<\/title>\n<meta name=\"robots\" content=\"index, follow, max-snippet:-1, max-image-preview:large, max-video-preview:-1\" \/>\n<link rel=\"canonical\" href=\"https:\/\/www.gaveanews.com\/index.php\/2025\/03\/30\/a-declaracao-de-leonardo-jardim-direcionada-a-matheus-pereira-do-cruzeiro\/\" \/>\n<meta property=\"og:locale\" content=\"pt_BR\" \/>\n<meta property=\"og:type\" content=\"article\" \/>\n<meta property=\"og:title\" content=\"A declara\u00e7\u00e3o de Leonardo Jardim direcionada a Matheus Pereira, do Cruzeiro\" \/>\n<meta property=\"og:description\" content=\"O Cruzeiro venceu o Mirassol por 2 a 1 neste s\u00e1bado (29), no Mineir\u00e3o, em Belo Horizonte, pela primeira rodada do Campeonato Brasileiro. Ap\u00f3s a partida, o t\u00e9cnico Leonardo Jardim comentou sobre a atua\u00e7\u00e3o da equipe e falou sobre a utiliza\u00e7\u00e3o de Matheus Pereira, que come\u00e7ou no banco de reservas e entrou em campo aos [&hellip;]\" \/>\n<meta property=\"og:url\" content=\"https:\/\/www.gaveanews.com\/index.php\/2025\/03\/30\/a-declaracao-de-leonardo-jardim-direcionada-a-matheus-pereira-do-cruzeiro\/\" \/>\n<meta property=\"og:site_name\" content=\"G\u00e1vea News\" \/>\n<meta property=\"article:publisher\" content=\"https:\/\/facebook.com\/gaveaNews\/\" \/>\n<meta property=\"article:published_time\" content=\"2025-03-30T20:20:15+00:00\" \/>\n<meta property=\"og:image\" content=\"https:\/\/www.gaveanews.com\/wp-content\/uploads\/Leonardo-Jardim-durante-partida-do-Cruzeiro-em-2025.webp\" \/>\n\t<meta property=\"og:image:width\" content=\"799\" \/>\n\t<meta property=\"og:image:height\" content=\"533\" \/>\n\t<meta property=\"og:image:type\" content=\"image\/jpeg\" \/>\n<meta name=\"author\" content=\"Geovanna Thomaz\" \/>\n<meta name=\"twitter:card\" content=\"summary_large_image\" \/>\n<meta name=\"twitter:label1\" content=\"Escrito por\" \/>\n\t<meta name=\"twitter:data1\" content=\"Geovanna Thomaz\" \/>\n\t<meta name=\"twitter:label2\" content=\"Est. tempo de leitura\" \/>\n\t<meta name=\"twitter:data2\" content=\"3 minutos\" \/>\n<script type=\"application\/ld+json\" class=\"yoast-schema-graph\">{\"@context\":\"https:\/\/schema.org\",\"@graph\":[{\"@type\":\"NewsArticle\",\"@id\":\"https:\/\/www.gaveanews.com\/index.php\/2025\/03\/30\/a-declaracao-de-leonardo-jardim-direcionada-a-matheus-pereira-do-cruzeiro\/#article\",\"isPartOf\":{\"@id\":\"https:\/\/www.gaveanews.com\/index.php\/2025\/03\/30\/a-declaracao-de-leonardo-jardim-direcionada-a-matheus-pereira-do-cruzeiro\/\"},\"author\":{\"name\":\"Geovanna Thomaz\",\"@id\":\"https:\/\/www.gaveanews.com\/#\/schema\/person\/f42654babcd2b2014a1a65af82b081f1\"},\"headline\":\"A declara\u00e7\u00e3o de Leonardo Jardim direcionada a Matheus Pereira, do Cruzeiro\",\"datePublished\":\"2025-03-30T20:20:15+00:00\",\"mainEntityOfPage\":{\"@id\":\"https:\/\/www.gaveanews.com\/index.php\/2025\/03\/30\/a-declaracao-de-leonardo-jardim-direcionada-a-matheus-pereira-do-cruzeiro\/\"},\"wordCount\":457,\"commentCount\":0,\"image\":{\"@id\":\"https:\/\/www.gaveanews.com\/index.php\/2025\/03\/30\/a-declaracao-de-leonardo-jardim-direcionada-a-matheus-pereira-do-cruzeiro\/#primaryimage\"},\"thumbnailUrl\":\"https:\/\/www.gaveanews.com\/wp-content\/uploads\/Leonardo-Jardim-durante-partida-do-Cruzeiro-em-2025.webp\",\"articleSection\":[\"Cruzeiro\"],\"inLanguage\":\"pt-BR\",\"potentialAction\":[{\"@type\":\"CommentAction\",\"name\":\"Comment\",\"target\":[\"https:\/\/www.gaveanews.com\/index.php\/2025\/03\/30\/a-declaracao-de-leonardo-jardim-direcionada-a-matheus-pereira-do-cruzeiro\/#respond\"]}],\"copyrightYear\":\"2025\",\"copyrightHolder\":{\"@id\":\"https:\/\/www.gaveanews.com\/#organization\"}},{\"@type\":\"WebPage\",\"@id\":\"https:\/\/www.gaveanews.com\/index.php\/2025\/03\/30\/a-declaracao-de-leonardo-jardim-direcionada-a-matheus-pereira-do-cruzeiro\/\",\"url\":\"https:\/\/www.gaveanews.com\/index.php\/2025\/03\/30\/a-declaracao-de-leonardo-jardim-direcionada-a-matheus-pereira-do-cruzeiro\/\",\"name\":\"A declara\u00e7\u00e3o de Leonardo Jardim direcionada a Matheus Pereira, do Cruzeiro\",\"isPartOf\":{\"@id\":\"https:\/\/www.gaveanews.com\/#website\"},\"primaryImageOfPage\":{\"@id\":\"https:\/\/www.gaveanews.com\/index.php\/2025\/03\/30\/a-declaracao-de-leonardo-jardim-direcionada-a-matheus-pereira-do-cruzeiro\/#primaryimage\"},\"image\":{\"@id\":\"https:\/\/www.gaveanews.com\/index.php\/2025\/03\/30\/a-declaracao-de-leonardo-jardim-direcionada-a-matheus-pereira-do-cruzeiro\/#primaryimage\"},\"thumbnailUrl\":\"https:\/\/www.gaveanews.com\/wp-content\/uploads\/Leonardo-Jardim-durante-partida-do-Cruzeiro-em-2025.webp\",\"datePublished\":\"2025-03-30T20:20:15+00:00\",\"author\":{\"@id\":\"https:\/\/www.gaveanews.com\/#\/schema\/person\/f42654babcd2b2014a1a65af82b081f1\"},\"breadcrumb\":{\"@id\":\"https:\/\/www.gaveanews.com\/index.php\/2025\/03\/30\/a-declaracao-de-leonardo-jardim-direcionada-a-matheus-pereira-do-cruzeiro\/#breadcrumb\"},\"inLanguage\":\"pt-BR\",\"potentialAction\":[{\"@type\":\"ReadAction\",\"target\":[\"https:\/\/www.gaveanews.com\/index.php\/2025\/03\/30\/a-declaracao-de-leonardo-jardim-direcionada-a-matheus-pereira-do-cruzeiro\/\"]}]},{\"@type\":\"ImageObject\",\"inLanguage\":\"pt-BR\",\"@id\":\"https:\/\/www.gaveanews.com\/index.php\/2025\/03\/30\/a-declaracao-de-leonardo-jardim-direcionada-a-matheus-pereira-do-cruzeiro\/#primaryimage\",\"url\":\"https:\/\/www.gaveanews.com\/wp-content\/uploads\/Leonardo-Jardim-durante-partida-do-Cruzeiro-em-2025.webp\",\"contentUrl\":\"https:\/\/www.gaveanews.com\/wp-content\/uploads\/Leonardo-Jardim-durante-partida-do-Cruzeiro-em-2025.webp\",\"width\":799,\"height\":533,\"caption\":\"Leonardo Jardim durante partida do Cruzeiro em 2025 (Foto: Gustavo Aleixo\/Cruzeiro)\"},{\"@type\":\"BreadcrumbList\",\"@id\":\"https:\/\/www.gaveanews.com\/index.php\/2025\/03\/30\/a-declaracao-de-leonardo-jardim-direcionada-a-matheus-pereira-do-cruzeiro\/#breadcrumb\",\"itemListElement\":[{\"@type\":\"ListItem\",\"position\":1,\"name\":\"Home\",\"item\":\"https:\/\/www.gaveanews.com\/\"},{\"@type\":\"ListItem\",\"position\":2,\"name\":\"A declara\u00e7\u00e3o de Leonardo Jardim direcionada a Matheus Pereira, do Cruzeiro\"}]},{\"@type\":\"WebSite\",\"@id\":\"https:\/\/www.gaveanews.com\/#website\",\"url\":\"https:\/\/www.gaveanews.com\/\",\"name\":\"G\u00e1vea News\",\"description\":\"Veja todas as not\u00edcias sobre o Flamengo: Contrata\u00e7\u00f5es, categorias de base, resultados das partidas, tabela de classifica\u00e7\u00e3o, pr\u00f3ximos jogos!\",\"potentialAction\":[{\"@type\":\"SearchAction\",\"target\":{\"@type\":\"EntryPoint\",\"urlTemplate\":\"https:\/\/www.gaveanews.com\/?s={search_term_string}\"},\"query-input\":{\"@type\":\"PropertyValueSpecification\",\"valueRequired\":true,\"valueName\":\"search_term_string\"}}],\"inLanguage\":\"pt-BR\"},{\"@type\":\"Person\",\"@id\":\"https:\/\/www.gaveanews.com\/#\/schema\/person\/f42654babcd2b2014a1a65af82b081f1\",\"name\":\"Geovanna Thomaz\",\"image\":{\"@type\":\"ImageObject\",\"inLanguage\":\"pt-BR\",\"@id\":\"https:\/\/www.gaveanews.com\/#\/schema\/person\/image\/\",\"url\":\"https:\/\/secure.gravatar.com\/avatar\/4092073255489533afb558984b49b64268c47198af8623cc82a925ae9fb7118a?s=96&d=mm&r=g\",\"contentUrl\":\"https:\/\/secure.gravatar.com\/avatar\/4092073255489533afb558984b49b64268c47198af8623cc82a925ae9fb7118a?s=96&d=mm&r=g\",\"caption\":\"Geovanna Thomaz\"}}]}<\/script>\n<!-- \/ Yoast SEO Premium plugin. -->","yoast_head_json":{"title":"A declara\u00e7\u00e3o de Leonardo Jardim direcionada a Matheus Pereira, do Cruzeiro","robots":{"index":"index","follow":"follow","max-snippet":"max-snippet:-1","max-image-preview":"max-image-preview:large","max-video-preview":"max-video-preview:-1"},"canonical":"https:\/\/www.gaveanews.com\/index.php\/2025\/03\/30\/a-declaracao-de-leonardo-jardim-direcionada-a-matheus-pereira-do-cruzeiro\/","og_locale":"pt_BR","og_type":"article","og_title":"A declara\u00e7\u00e3o de Leonardo Jardim direcionada a Matheus Pereira, do Cruzeiro","og_description":"O Cruzeiro venceu o Mirassol por 2 a 1 neste s\u00e1bado (29), no Mineir\u00e3o, em Belo Horizonte, pela primeira rodada do Campeonato Brasileiro. Ap\u00f3s a partida, o t\u00e9cnico Leonardo Jardim comentou sobre a atua\u00e7\u00e3o da equipe e falou sobre a utiliza\u00e7\u00e3o de Matheus Pereira, que come\u00e7ou no banco de reservas e entrou em campo aos [&hellip;]","og_url":"https:\/\/www.gaveanews.com\/index.php\/2025\/03\/30\/a-declaracao-de-leonardo-jardim-direcionada-a-matheus-pereira-do-cruzeiro\/","og_site_name":"G\u00e1vea News","article_publisher":"https:\/\/facebook.com\/gaveaNews\/","article_published_time":"2025-03-30T20:20:15+00:00","og_image":[{"width":799,"height":533,"url":"https:\/\/www.gaveanews.com\/wp-content\/uploads\/Leonardo-Jardim-durante-partida-do-Cruzeiro-em-2025.webp","type":"image\/jpeg"}],"author":"Geovanna Thomaz","twitter_card":"summary_large_image","twitter_misc":{"Escrito por":"Geovanna Thomaz","Est. tempo de leitura":"3 minutos"},"schema":{"@context":"https:\/\/schema.org","@graph":[{"@type":"NewsArticle","@id":"https:\/\/www.gaveanews.com\/index.php\/2025\/03\/30\/a-declaracao-de-leonardo-jardim-direcionada-a-matheus-pereira-do-cruzeiro\/#article","isPartOf":{"@id":"https:\/\/www.gaveanews.com\/index.php\/2025\/03\/30\/a-declaracao-de-leonardo-jardim-direcionada-a-matheus-pereira-do-cruzeiro\/"},"author":{"name":"Geovanna Thomaz","@id":"https:\/\/www.gaveanews.com\/#\/schema\/person\/f42654babcd2b2014a1a65af82b081f1"},"headline":"A declara\u00e7\u00e3o de Leonardo Jardim direcionada a Matheus Pereira, do Cruzeiro","datePublished":"2025-03-30T20:20:15+00:00","mainEntityOfPage":{"@id":"https:\/\/www.gaveanews.com\/index.php\/2025\/03\/30\/a-declaracao-de-leonardo-jardim-direcionada-a-matheus-pereira-do-cruzeiro\/"},"wordCount":457,"commentCount":0,"image":{"@id":"https:\/\/www.gaveanews.com\/index.php\/2025\/03\/30\/a-declaracao-de-leonardo-jardim-direcionada-a-matheus-pereira-do-cruzeiro\/#primaryimage"},"thumbnailUrl":"https:\/\/www.gaveanews.com\/wp-content\/uploads\/Leonardo-Jardim-durante-partida-do-Cruzeiro-em-2025.webp","articleSection":["Cruzeiro"],"inLanguage":"pt-BR","potentialAction":[{"@type":"CommentAction","name":"Comment","target":["https:\/\/www.gaveanews.com\/index.php\/2025\/03\/30\/a-declaracao-de-leonardo-jardim-direcionada-a-matheus-pereira-do-cruzeiro\/#respond"]}],"copyrightYear":"2025","copyrightHolder":{"@id":"https:\/\/www.gaveanews.com\/#organization"}},{"@type":"WebPage","@id":"https:\/\/www.gaveanews.com\/index.php\/2025\/03\/30\/a-declaracao-de-leonardo-jardim-direcionada-a-matheus-pereira-do-cruzeiro\/","url":"https:\/\/www.gaveanews.com\/index.php\/2025\/03\/30\/a-declaracao-de-leonardo-jardim-direcionada-a-matheus-pereira-do-cruzeiro\/","name":"A declara\u00e7\u00e3o de Leonardo Jardim direcionada a Matheus Pereira, do Cruzeiro","isPartOf":{"@id":"https:\/\/www.gaveanews.com\/#website"},"primaryImageOfPage":{"@id":"https:\/\/www.gaveanews.com\/index.php\/2025\/03\/30\/a-declaracao-de-leonardo-jardim-direcionada-a-matheus-pereira-do-cruzeiro\/#primaryimage"},"image":{"@id":"https:\/\/www.gaveanews.com\/index.php\/2025\/03\/30\/a-declaracao-de-leonardo-jardim-direcionada-a-matheus-pereira-do-cruzeiro\/#primaryimage"},"thumbnailUrl":"https:\/\/www.gaveanews.com\/wp-content\/uploads\/Leonardo-Jardim-durante-partida-do-Cruzeiro-em-2025.webp","datePublished":"2025-03-30T20:20:15+00:00","author":{"@id":"https:\/\/www.gaveanews.com\/#\/schema\/person\/f42654babcd2b2014a1a65af82b081f1"},"breadcrumb":{"@id":"https:\/\/www.gaveanews.com\/index.php\/2025\/03\/30\/a-declaracao-de-leonardo-jardim-direcionada-a-matheus-pereira-do-cruzeiro\/#breadcrumb"},"inLanguage":"pt-BR","potentialAction":[{"@type":"ReadAction","target":["https:\/\/www.gaveanews.com\/index.php\/2025\/03\/30\/a-declaracao-de-leonardo-jardim-direcionada-a-matheus-pereira-do-cruzeiro\/"]}]},{"@type":"ImageObject","inLanguage":"pt-BR","@id":"https:\/\/www.gaveanews.com\/index.php\/2025\/03\/30\/a-declaracao-de-leonardo-jardim-direcionada-a-matheus-pereira-do-cruzeiro\/#primaryimage","url":"https:\/\/www.gaveanews.com\/wp-content\/uploads\/Leonardo-Jardim-durante-partida-do-Cruzeiro-em-2025.webp","contentUrl":"https:\/\/www.gaveanews.com\/wp-content\/uploads\/Leonardo-Jardim-durante-partida-do-Cruzeiro-em-2025.webp","width":799,"height":533,"caption":"Leonardo Jardim durante partida do Cruzeiro em 2025 (Foto: Gustavo Aleixo\/Cruzeiro)"},{"@type":"BreadcrumbList","@id":"https:\/\/www.gaveanews.com\/index.php\/2025\/03\/30\/a-declaracao-de-leonardo-jardim-direcionada-a-matheus-pereira-do-cruzeiro\/#breadcrumb","itemListElement":[{"@type":"ListItem","position":1,"name":"Home","item":"https:\/\/www.gaveanews.com\/"},{"@type":"ListItem","position":2,"name":"A declara\u00e7\u00e3o de Leonardo Jardim direcionada a Matheus Pereira, do Cruzeiro"}]},{"@type":"WebSite","@id":"https:\/\/www.gaveanews.com\/#website","url":"https:\/\/www.gaveanews.com\/","name":"G\u00e1vea News","description":"Veja todas as not\u00edcias sobre o Flamengo: Contrata\u00e7\u00f5es, categorias de base, resultados das partidas, tabela de classifica\u00e7\u00e3o, pr\u00f3ximos jogos!","potentialAction":[{"@type":"SearchAction","target":{"@type":"EntryPoint","urlTemplate":"https:\/\/www.gaveanews.com\/?s={search_term_string}"},"query-input":{"@type":"PropertyValueSpecification","valueRequired":true,"valueName":"search_term_string"}}],"inLanguage":"pt-BR"},{"@type":"Person","@id":"https:\/\/www.gaveanews.com\/#\/schema\/person\/f42654babcd2b2014a1a65af82b081f1","name":"Geovanna Thomaz","image":{"@type":"ImageObject","inLanguage":"pt-BR","@id":"https:\/\/www.gaveanews.com\/#\/schema\/person\/image\/","url":"https:\/\/secure.gravatar.com\/avatar\/4092073255489533afb558984b49b64268c47198af8623cc82a925ae9fb7118a?s=96&d=mm&r=g","contentUrl":"https:\/\/secure.gravatar.com\/avatar\/4092073255489533afb558984b49b64268c47198af8623cc82a925ae9fb7118a?s=96&d=mm&r=g","caption":"Geovanna Thomaz"}}]}},"_links":{"self":[{"href":"https:\/\/www.gaveanews.com\/index.php\/wp-json\/wp\/v2\/posts\/246662","targetHints":{"allow":["GET"]}}],"collection":[{"href":"https:\/\/www.gaveanews.com\/index.php\/wp-json\/wp\/v2\/posts"}],"about":[{"href":"https:\/\/www.gaveanews.com\/index.php\/wp-json\/wp\/v2\/types\/post"}],"author":[{"embeddable":true,"href":"https:\/\/www.gaveanews.com\/index.php\/wp-json\/wp\/v2\/users\/17"}],"replies":[{"embeddable":true,"href":"https:\/\/www.gaveanews.com\/index.php\/wp-json\/wp\/v2\/comments?post=246662"}],"version-history":[{"count":1,"href":"https:\/\/www.gaveanews.com\/index.php\/wp-json\/wp\/v2\/posts\/246662\/revisions"}],"predecessor-version":[{"id":246663,"href":"https:\/\/www.gaveanews.com\/index.php\/wp-json\/wp\/v2\/posts\/246662\/revisions\/246663"}],"wp:featuredmedia":[{"embeddable":true,"href":"https:\/\/www.gaveanews.com\/index.php\/wp-json\/wp\/v2\/media\/225548"}],"wp:attachment":[{"href":"https:\/\/www.gaveanews.com\/index.php\/wp-json\/wp\/v2\/media?parent=246662"}],"wp:term":[{"taxonomy":"category","embeddable":true,"href":"https:\/\/www.gaveanews.com\/index.php\/wp-json\/wp\/v2\/categories?post=246662"},{"taxonomy":"post_tag","embeddable":true,"href":"https:\/\/www.gaveanews.com\/index.php\/wp-json\/wp\/v2\/tags?post=246662"}],"curies":[{"name":"wp","href":"https:\/\/api.w.org\/{rel}","templated":true}]}}