{"id":246664,"date":"2025-03-30T17:30:34","date_gmt":"2025-03-30T20:30:34","guid":{"rendered":"https:\/\/www.gaveanews.com\/?p=246664"},"modified":"2025-03-30T16:40:04","modified_gmt":"2025-03-30T19:40:04","slug":"cruzeiro-x-mirassol-a-declaracao-de-cassio","status":"publish","type":"post","link":"https:\/\/www.gaveanews.com\/index.php\/2025\/03\/30\/cruzeiro-x-mirassol-a-declaracao-de-cassio\/","title":{"rendered":"Cruzeiro x Mirassol: a declara\u00e7\u00e3o de C\u00e1ssio"},"content":{"rendered":"\n<p>O goleiro C\u00e1ssio foi um dos destaques na vit\u00f3ria do Cruzeiro por 2 a 1 sobre o Mirassol, na noite deste s\u00e1bado (29), no Mineir\u00e3o, pela estreia do Campeonato Brasileiro. Al\u00e9m de contribuir diretamente para o triunfo ao defender um p\u00eanalti cobrado por Reinaldo, o experiente arqueiro fez um desabafo ap\u00f3s a partida, respondendo \u00e0s cr\u00edticas que recebeu no in\u00edcio da temporada e rebatendo o que considera tentativas de tumultuar o ambiente do clube.<\/p>\n\n\n\n<p>C\u00e1ssio afirmou que n\u00e3o v\u00ea conflito entre ele e a torcida cruzeirense e sugeriu que algumas an\u00e1lises na imprensa t\u00eam vi\u00e9s club\u00edstico. Segundo ele, h\u00e1 uma tentativa de desestabilizar o time sempre que o Cruzeiro consegue um bom resultado.<\/p>\n\n\n\n<p>&#8220;N\u00e3o vejo briga entre eu e a torcida. Eu acho que tamb\u00e9m, j\u00e1 vou at\u00e9 falar aqui, quando acontece uma coisa boa no Cruzeiro j\u00e1 come\u00e7am a querer fazer um monte de &#8216;borbulh\u00e3o&#8217; para tumultuar o ambiente. Toda hora a mesma coisa. Vamos tirar a camisetinha do outro clube e vamos botar a camisetinha&#8230; desculpa o desabafo. Mas eu j\u00e1 vi v\u00e1rias entrevistas que est\u00e3o sempre a mesma coisa. Cruzeiro ganha uma partida, tentam buscar coisas para conturbar o ambiente&#8221;, declarou.<\/p>\n\n\n\n<p>O goleiro tamb\u00e9m mencionou um epis\u00f3dio recente em que respondeu a um torcedor e reconheceu ter cometido um erro. No entanto, ele garantiu que n\u00e3o houve desrespeito e refor\u00e7ou seu compromisso com o clube e a torcida.<\/p>\n\n\n\n<p>&#8220;Um dia, eu respondi uma pessoa, me desculpei aqui. Foi um erro meu. N\u00e3o ofendi a pessoa nem outro torcedor. Mas n\u00e3o vejo nenhuma briga com a torcida. N\u00e3o vejo nada. Eu vi que falaram a\u00ed que a torcida foi l\u00e1 me&#8230; Eu me disponibilizei a ir na M\u00e1fia (Azul) pelo respeito e pelo carinho que tenho pela torcida do Cruzeiro&#8221;, afirmou.<\/p>\n\n\n\n<p>C\u00e1ssio destacou sua transpar\u00eancia nas entrevistas e disse que sempre assume seus erros quando necess\u00e1rio. Ele ressaltou que a equipe precisa manter o foco nas competi\u00e7\u00f5es que ainda tem pela frente.<\/p>\n\n\n\n<p>&#8220;Se voc\u00ea pegar minhas entrevistas todas desde que eu cheguei, eu sou um cara muito sincero e honesto. Quando errou, errou. Eu vou l\u00e1 falar, beleza, errou. Quando foi bem, foi bem. E acho que, \u00e0s vezes, eu me vanglorio mais, falo mais quando eu acabo errando. Acabo dando um pouco mais a cara. Mas, assim, isso me incomoda um pouco, porque, \u00e0s vezes, quando o Cruzeiro consegue um resultado positivo, vem uma coisa boa, sempre tem algu\u00e9m que quer dar uma cutucadinha para tentar conturbar o ambiente&#8221;, acrescentou.<\/p>\n\n\n\n<p>Com a elimina\u00e7\u00e3o no Campeonato Mineiro para o Am\u00e9rica-MG j\u00e1 superada, C\u00e1ssio garantiu que o foco do elenco est\u00e1 no Brasileir\u00e3o, na Sul-Americana e na Copa do Brasil.<\/p>\n\n\n\n<p>&#8220;Respeito o lado de voc\u00eas, a pergunta de voc\u00eas, mas&#8230; j\u00e1 foi o Mineiro, acabou o Mineiro. O time j\u00e1 foi. Ganhamos hoje. Campeonato Brasileiro. O Mineiro n\u00e3o vai voltar. \u00c9 Brasileiro, Sul-Americana e Copa do Brasil. Feliz com a vit\u00f3ria. Vamos aproveitar a vit\u00f3ria hoje. A gente merece muito. Trabalhamos muito nesse \u00faltimo m\u00eas. E dar sequ\u00eancia no trabalho para a gente ser feliz. Tem um grande treinador a\u00ed que est\u00e1 \u00e0 frente. A organiza\u00e7\u00e3o do clube nem se fala. E a gente tem um elenco muito qualificado. Agora \u00e9 dentro de campo dar uma resposta nas pr\u00f3ximas competi\u00e7\u00f5es&#8221;, finalizou.<\/p>\n\n\n\n<p>Com gols de Dudu e Gabigol, o Cruzeiro somou seus primeiros tr\u00eas pontos na S\u00e9rie A. Lucas Ramon descontou para o Mirassol. O time volta a campo nesta ter\u00e7a-feira (1), pela primeira rodada da fase de grupos da CONMEBOL Sul-Americana. A Raposa enfrentar\u00e1 o Uni\u00f3n, na Argentina, \u00e0s 19h (de Bras\u00edlia), em busca de um bom resultado para iniciar bem a competi\u00e7\u00e3o continental.<\/p>\n","protected":false},"excerpt":{"rendered":"<p>O goleiro C\u00e1ssio foi um dos destaques na vit\u00f3ria do Cruzeiro por 2 a 1 sobre o Mirassol, na noite deste s\u00e1bado (29), no Mineir\u00e3o, pela estreia do Campeonato Brasileiro. Al\u00e9m de contribuir diretamente para o triunfo ao defender um p\u00eanalti cobrado por Reinaldo, o experiente arqueiro fez um desabafo ap\u00f3s a partida, respondendo \u00e0s [&hellip;]<\/p>\n","protected":false},"author":17,"featured_media":160910,"comment_status":"open","ping_status":"closed","sticky":false,"template":"","format":"standard","meta":{"footnotes":""},"categories":[143],"tags":[],"class_list":["post-246664","post","type-post","status-publish","format-standard","has-post-thumbnail","hentry","category-cruzeiro"],"yoast_head":"<!-- This site is optimized with the Yoast SEO Premium plugin v24.2 (Yoast SEO v26.9) - https:\/\/yoast.com\/product\/yoast-seo-premium-wordpress\/ -->\n<title>Cruzeiro x Mirassol: a declara\u00e7\u00e3o de C\u00e1ssio<\/title>\n<meta name=\"robots\" content=\"index, follow, max-snippet:-1, max-image-preview:large, max-video-preview:-1\" \/>\n<link rel=\"canonical\" href=\"https:\/\/www.gaveanews.com\/index.php\/2025\/03\/30\/cruzeiro-x-mirassol-a-declaracao-de-cassio\/\" \/>\n<meta property=\"og:locale\" content=\"pt_BR\" \/>\n<meta property=\"og:type\" content=\"article\" \/>\n<meta property=\"og:title\" content=\"Cruzeiro x Mirassol: a declara\u00e7\u00e3o de C\u00e1ssio\" \/>\n<meta property=\"og:description\" content=\"O goleiro C\u00e1ssio foi um dos destaques na vit\u00f3ria do Cruzeiro por 2 a 1 sobre o Mirassol, na noite deste s\u00e1bado (29), no Mineir\u00e3o, pela estreia do Campeonato Brasileiro. Al\u00e9m de contribuir diretamente para o triunfo ao defender um p\u00eanalti cobrado por Reinaldo, o experiente arqueiro fez um desabafo ap\u00f3s a partida, respondendo \u00e0s [&hellip;]\" \/>\n<meta property=\"og:url\" content=\"https:\/\/www.gaveanews.com\/index.php\/2025\/03\/30\/cruzeiro-x-mirassol-a-declaracao-de-cassio\/\" \/>\n<meta property=\"og:site_name\" content=\"G\u00e1vea News\" \/>\n<meta property=\"article:publisher\" content=\"https:\/\/facebook.com\/gaveaNews\/\" \/>\n<meta property=\"article:published_time\" content=\"2025-03-30T20:30:34+00:00\" \/>\n<meta property=\"og:image\" content=\"https:\/\/www.gaveanews.com\/wp-content\/uploads\/Cassio-em-acao-pelo-Cruzeiro.webp\" \/>\n\t<meta property=\"og:image:width\" content=\"1080\" \/>\n\t<meta property=\"og:image:height\" content=\"1346\" \/>\n\t<meta property=\"og:image:type\" content=\"image\/jpeg\" \/>\n<meta name=\"author\" content=\"Geovanna Thomaz\" \/>\n<meta name=\"twitter:card\" content=\"summary_large_image\" \/>\n<meta name=\"twitter:label1\" content=\"Escrito por\" \/>\n\t<meta name=\"twitter:data1\" content=\"Geovanna Thomaz\" \/>\n\t<meta name=\"twitter:label2\" content=\"Est. tempo de leitura\" \/>\n\t<meta name=\"twitter:data2\" content=\"4 minutos\" \/>\n<script type=\"application\/ld+json\" class=\"yoast-schema-graph\">{\"@context\":\"https:\/\/schema.org\",\"@graph\":[{\"@type\":\"NewsArticle\",\"@id\":\"https:\/\/www.gaveanews.com\/index.php\/2025\/03\/30\/cruzeiro-x-mirassol-a-declaracao-de-cassio\/#article\",\"isPartOf\":{\"@id\":\"https:\/\/www.gaveanews.com\/index.php\/2025\/03\/30\/cruzeiro-x-mirassol-a-declaracao-de-cassio\/\"},\"author\":{\"name\":\"Geovanna Thomaz\",\"@id\":\"https:\/\/www.gaveanews.com\/#\/schema\/person\/f42654babcd2b2014a1a65af82b081f1\"},\"headline\":\"Cruzeiro x Mirassol: a declara\u00e7\u00e3o de C\u00e1ssio\",\"datePublished\":\"2025-03-30T20:30:34+00:00\",\"mainEntityOfPage\":{\"@id\":\"https:\/\/www.gaveanews.com\/index.php\/2025\/03\/30\/cruzeiro-x-mirassol-a-declaracao-de-cassio\/\"},\"wordCount\":661,\"commentCount\":0,\"image\":{\"@id\":\"https:\/\/www.gaveanews.com\/index.php\/2025\/03\/30\/cruzeiro-x-mirassol-a-declaracao-de-cassio\/#primaryimage\"},\"thumbnailUrl\":\"https:\/\/www.gaveanews.com\/wp-content\/uploads\/Cassio-em-acao-pelo-Cruzeiro.webp\",\"articleSection\":[\"Cruzeiro\"],\"inLanguage\":\"pt-BR\",\"potentialAction\":[{\"@type\":\"CommentAction\",\"name\":\"Comment\",\"target\":[\"https:\/\/www.gaveanews.com\/index.php\/2025\/03\/30\/cruzeiro-x-mirassol-a-declaracao-de-cassio\/#respond\"]}],\"copyrightYear\":\"2025\",\"copyrightHolder\":{\"@id\":\"https:\/\/www.gaveanews.com\/#organization\"}},{\"@type\":\"WebPage\",\"@id\":\"https:\/\/www.gaveanews.com\/index.php\/2025\/03\/30\/cruzeiro-x-mirassol-a-declaracao-de-cassio\/\",\"url\":\"https:\/\/www.gaveanews.com\/index.php\/2025\/03\/30\/cruzeiro-x-mirassol-a-declaracao-de-cassio\/\",\"name\":\"Cruzeiro x Mirassol: a declara\u00e7\u00e3o de C\u00e1ssio\",\"isPartOf\":{\"@id\":\"https:\/\/www.gaveanews.com\/#website\"},\"primaryImageOfPage\":{\"@id\":\"https:\/\/www.gaveanews.com\/index.php\/2025\/03\/30\/cruzeiro-x-mirassol-a-declaracao-de-cassio\/#primaryimage\"},\"image\":{\"@id\":\"https:\/\/www.gaveanews.com\/index.php\/2025\/03\/30\/cruzeiro-x-mirassol-a-declaracao-de-cassio\/#primaryimage\"},\"thumbnailUrl\":\"https:\/\/www.gaveanews.com\/wp-content\/uploads\/Cassio-em-acao-pelo-Cruzeiro.webp\",\"datePublished\":\"2025-03-30T20:30:34+00:00\",\"author\":{\"@id\":\"https:\/\/www.gaveanews.com\/#\/schema\/person\/f42654babcd2b2014a1a65af82b081f1\"},\"breadcrumb\":{\"@id\":\"https:\/\/www.gaveanews.com\/index.php\/2025\/03\/30\/cruzeiro-x-mirassol-a-declaracao-de-cassio\/#breadcrumb\"},\"inLanguage\":\"pt-BR\",\"potentialAction\":[{\"@type\":\"ReadAction\",\"target\":[\"https:\/\/www.gaveanews.com\/index.php\/2025\/03\/30\/cruzeiro-x-mirassol-a-declaracao-de-cassio\/\"]}]},{\"@type\":\"ImageObject\",\"inLanguage\":\"pt-BR\",\"@id\":\"https:\/\/www.gaveanews.com\/index.php\/2025\/03\/30\/cruzeiro-x-mirassol-a-declaracao-de-cassio\/#primaryimage\",\"url\":\"https:\/\/www.gaveanews.com\/wp-content\/uploads\/Cassio-em-acao-pelo-Cruzeiro.webp\",\"contentUrl\":\"https:\/\/www.gaveanews.com\/wp-content\/uploads\/Cassio-em-acao-pelo-Cruzeiro.webp\",\"width\":1080,\"height\":1346,\"caption\":\"C\u00e1ssio em a\u00e7\u00e3o pelo Cruzeiro (Foto: Reprodu\u00e7\u00e3o\/Instagram)\"},{\"@type\":\"BreadcrumbList\",\"@id\":\"https:\/\/www.gaveanews.com\/index.php\/2025\/03\/30\/cruzeiro-x-mirassol-a-declaracao-de-cassio\/#breadcrumb\",\"itemListElement\":[{\"@type\":\"ListItem\",\"position\":1,\"name\":\"Home\",\"item\":\"https:\/\/www.gaveanews.com\/\"},{\"@type\":\"ListItem\",\"position\":2,\"name\":\"Cruzeiro x Mirassol: a declara\u00e7\u00e3o de C\u00e1ssio\"}]},{\"@type\":\"WebSite\",\"@id\":\"https:\/\/www.gaveanews.com\/#website\",\"url\":\"https:\/\/www.gaveanews.com\/\",\"name\":\"G\u00e1vea News\",\"description\":\"Veja todas as not\u00edcias sobre o Flamengo: Contrata\u00e7\u00f5es, categorias de base, resultados das partidas, tabela de classifica\u00e7\u00e3o, pr\u00f3ximos jogos!\",\"potentialAction\":[{\"@type\":\"SearchAction\",\"target\":{\"@type\":\"EntryPoint\",\"urlTemplate\":\"https:\/\/www.gaveanews.com\/?s={search_term_string}\"},\"query-input\":{\"@type\":\"PropertyValueSpecification\",\"valueRequired\":true,\"valueName\":\"search_term_string\"}}],\"inLanguage\":\"pt-BR\"},{\"@type\":\"Person\",\"@id\":\"https:\/\/www.gaveanews.com\/#\/schema\/person\/f42654babcd2b2014a1a65af82b081f1\",\"name\":\"Geovanna Thomaz\",\"image\":{\"@type\":\"ImageObject\",\"inLanguage\":\"pt-BR\",\"@id\":\"https:\/\/www.gaveanews.com\/#\/schema\/person\/image\/\",\"url\":\"https:\/\/secure.gravatar.com\/avatar\/4092073255489533afb558984b49b64268c47198af8623cc82a925ae9fb7118a?s=96&d=mm&r=g\",\"contentUrl\":\"https:\/\/secure.gravatar.com\/avatar\/4092073255489533afb558984b49b64268c47198af8623cc82a925ae9fb7118a?s=96&d=mm&r=g\",\"caption\":\"Geovanna Thomaz\"}}]}<\/script>\n<!-- \/ Yoast SEO Premium plugin. -->","yoast_head_json":{"title":"Cruzeiro x Mirassol: a declara\u00e7\u00e3o de C\u00e1ssio","robots":{"index":"index","follow":"follow","max-snippet":"max-snippet:-1","max-image-preview":"max-image-preview:large","max-video-preview":"max-video-preview:-1"},"canonical":"https:\/\/www.gaveanews.com\/index.php\/2025\/03\/30\/cruzeiro-x-mirassol-a-declaracao-de-cassio\/","og_locale":"pt_BR","og_type":"article","og_title":"Cruzeiro x Mirassol: a declara\u00e7\u00e3o de C\u00e1ssio","og_description":"O goleiro C\u00e1ssio foi um dos destaques na vit\u00f3ria do Cruzeiro por 2 a 1 sobre o Mirassol, na noite deste s\u00e1bado (29), no Mineir\u00e3o, pela estreia do Campeonato Brasileiro. Al\u00e9m de contribuir diretamente para o triunfo ao defender um p\u00eanalti cobrado por Reinaldo, o experiente arqueiro fez um desabafo ap\u00f3s a partida, respondendo \u00e0s [&hellip;]","og_url":"https:\/\/www.gaveanews.com\/index.php\/2025\/03\/30\/cruzeiro-x-mirassol-a-declaracao-de-cassio\/","og_site_name":"G\u00e1vea News","article_publisher":"https:\/\/facebook.com\/gaveaNews\/","article_published_time":"2025-03-30T20:30:34+00:00","og_image":[{"width":1080,"height":1346,"url":"https:\/\/www.gaveanews.com\/wp-content\/uploads\/Cassio-em-acao-pelo-Cruzeiro.webp","type":"image\/jpeg"}],"author":"Geovanna Thomaz","twitter_card":"summary_large_image","twitter_misc":{"Escrito por":"Geovanna Thomaz","Est. tempo de leitura":"4 minutos"},"schema":{"@context":"https:\/\/schema.org","@graph":[{"@type":"NewsArticle","@id":"https:\/\/www.gaveanews.com\/index.php\/2025\/03\/30\/cruzeiro-x-mirassol-a-declaracao-de-cassio\/#article","isPartOf":{"@id":"https:\/\/www.gaveanews.com\/index.php\/2025\/03\/30\/cruzeiro-x-mirassol-a-declaracao-de-cassio\/"},"author":{"name":"Geovanna Thomaz","@id":"https:\/\/www.gaveanews.com\/#\/schema\/person\/f42654babcd2b2014a1a65af82b081f1"},"headline":"Cruzeiro x Mirassol: a declara\u00e7\u00e3o de C\u00e1ssio","datePublished":"2025-03-30T20:30:34+00:00","mainEntityOfPage":{"@id":"https:\/\/www.gaveanews.com\/index.php\/2025\/03\/30\/cruzeiro-x-mirassol-a-declaracao-de-cassio\/"},"wordCount":661,"commentCount":0,"image":{"@id":"https:\/\/www.gaveanews.com\/index.php\/2025\/03\/30\/cruzeiro-x-mirassol-a-declaracao-de-cassio\/#primaryimage"},"thumbnailUrl":"https:\/\/www.gaveanews.com\/wp-content\/uploads\/Cassio-em-acao-pelo-Cruzeiro.webp","articleSection":["Cruzeiro"],"inLanguage":"pt-BR","potentialAction":[{"@type":"CommentAction","name":"Comment","target":["https:\/\/www.gaveanews.com\/index.php\/2025\/03\/30\/cruzeiro-x-mirassol-a-declaracao-de-cassio\/#respond"]}],"copyrightYear":"2025","copyrightHolder":{"@id":"https:\/\/www.gaveanews.com\/#organization"}},{"@type":"WebPage","@id":"https:\/\/www.gaveanews.com\/index.php\/2025\/03\/30\/cruzeiro-x-mirassol-a-declaracao-de-cassio\/","url":"https:\/\/www.gaveanews.com\/index.php\/2025\/03\/30\/cruzeiro-x-mirassol-a-declaracao-de-cassio\/","name":"Cruzeiro x Mirassol: a declara\u00e7\u00e3o de C\u00e1ssio","isPartOf":{"@id":"https:\/\/www.gaveanews.com\/#website"},"primaryImageOfPage":{"@id":"https:\/\/www.gaveanews.com\/index.php\/2025\/03\/30\/cruzeiro-x-mirassol-a-declaracao-de-cassio\/#primaryimage"},"image":{"@id":"https:\/\/www.gaveanews.com\/index.php\/2025\/03\/30\/cruzeiro-x-mirassol-a-declaracao-de-cassio\/#primaryimage"},"thumbnailUrl":"https:\/\/www.gaveanews.com\/wp-content\/uploads\/Cassio-em-acao-pelo-Cruzeiro.webp","datePublished":"2025-03-30T20:30:34+00:00","author":{"@id":"https:\/\/www.gaveanews.com\/#\/schema\/person\/f42654babcd2b2014a1a65af82b081f1"},"breadcrumb":{"@id":"https:\/\/www.gaveanews.com\/index.php\/2025\/03\/30\/cruzeiro-x-mirassol-a-declaracao-de-cassio\/#breadcrumb"},"inLanguage":"pt-BR","potentialAction":[{"@type":"ReadAction","target":["https:\/\/www.gaveanews.com\/index.php\/2025\/03\/30\/cruzeiro-x-mirassol-a-declaracao-de-cassio\/"]}]},{"@type":"ImageObject","inLanguage":"pt-BR","@id":"https:\/\/www.gaveanews.com\/index.php\/2025\/03\/30\/cruzeiro-x-mirassol-a-declaracao-de-cassio\/#primaryimage","url":"https:\/\/www.gaveanews.com\/wp-content\/uploads\/Cassio-em-acao-pelo-Cruzeiro.webp","contentUrl":"https:\/\/www.gaveanews.com\/wp-content\/uploads\/Cassio-em-acao-pelo-Cruzeiro.webp","width":1080,"height":1346,"caption":"C\u00e1ssio em a\u00e7\u00e3o pelo Cruzeiro (Foto: Reprodu\u00e7\u00e3o\/Instagram)"},{"@type":"BreadcrumbList","@id":"https:\/\/www.gaveanews.com\/index.php\/2025\/03\/30\/cruzeiro-x-mirassol-a-declaracao-de-cassio\/#breadcrumb","itemListElement":[{"@type":"ListItem","position":1,"name":"Home","item":"https:\/\/www.gaveanews.com\/"},{"@type":"ListItem","position":2,"name":"Cruzeiro x Mirassol: a declara\u00e7\u00e3o de C\u00e1ssio"}]},{"@type":"WebSite","@id":"https:\/\/www.gaveanews.com\/#website","url":"https:\/\/www.gaveanews.com\/","name":"G\u00e1vea News","description":"Veja todas as not\u00edcias sobre o Flamengo: Contrata\u00e7\u00f5es, categorias de base, resultados das partidas, tabela de classifica\u00e7\u00e3o, pr\u00f3ximos jogos!","potentialAction":[{"@type":"SearchAction","target":{"@type":"EntryPoint","urlTemplate":"https:\/\/www.gaveanews.com\/?s={search_term_string}"},"query-input":{"@type":"PropertyValueSpecification","valueRequired":true,"valueName":"search_term_string"}}],"inLanguage":"pt-BR"},{"@type":"Person","@id":"https:\/\/www.gaveanews.com\/#\/schema\/person\/f42654babcd2b2014a1a65af82b081f1","name":"Geovanna Thomaz","image":{"@type":"ImageObject","inLanguage":"pt-BR","@id":"https:\/\/www.gaveanews.com\/#\/schema\/person\/image\/","url":"https:\/\/secure.gravatar.com\/avatar\/4092073255489533afb558984b49b64268c47198af8623cc82a925ae9fb7118a?s=96&d=mm&r=g","contentUrl":"https:\/\/secure.gravatar.com\/avatar\/4092073255489533afb558984b49b64268c47198af8623cc82a925ae9fb7118a?s=96&d=mm&r=g","caption":"Geovanna Thomaz"}}]}},"_links":{"self":[{"href":"https:\/\/www.gaveanews.com\/index.php\/wp-json\/wp\/v2\/posts\/246664","targetHints":{"allow":["GET"]}}],"collection":[{"href":"https:\/\/www.gaveanews.com\/index.php\/wp-json\/wp\/v2\/posts"}],"about":[{"href":"https:\/\/www.gaveanews.com\/index.php\/wp-json\/wp\/v2\/types\/post"}],"author":[{"embeddable":true,"href":"https:\/\/www.gaveanews.com\/index.php\/wp-json\/wp\/v2\/users\/17"}],"replies":[{"embeddable":true,"href":"https:\/\/www.gaveanews.com\/index.php\/wp-json\/wp\/v2\/comments?post=246664"}],"version-history":[{"count":1,"href":"https:\/\/www.gaveanews.com\/index.php\/wp-json\/wp\/v2\/posts\/246664\/revisions"}],"predecessor-version":[{"id":246665,"href":"https:\/\/www.gaveanews.com\/index.php\/wp-json\/wp\/v2\/posts\/246664\/revisions\/246665"}],"wp:featuredmedia":[{"embeddable":true,"href":"https:\/\/www.gaveanews.com\/index.php\/wp-json\/wp\/v2\/media\/160910"}],"wp:attachment":[{"href":"https:\/\/www.gaveanews.com\/index.php\/wp-json\/wp\/v2\/media?parent=246664"}],"wp:term":[{"taxonomy":"category","embeddable":true,"href":"https:\/\/www.gaveanews.com\/index.php\/wp-json\/wp\/v2\/categories?post=246664"},{"taxonomy":"post_tag","embeddable":true,"href":"https:\/\/www.gaveanews.com\/index.php\/wp-json\/wp\/v2\/tags?post=246664"}],"curies":[{"name":"wp","href":"https:\/\/api.w.org\/{rel}","templated":true}]}}