{"id":24667,"date":"2019-08-13T08:03:44","date_gmt":"2019-08-13T11:03:44","guid":{"rendered":"http:\/\/www.gaveanews.com\/?p=24667"},"modified":"2019-08-13T08:03:45","modified_gmt":"2019-08-13T11:03:45","slug":"fluminense-acumula-primeiras-dividas-em-administracao-do-maracana-junto-ao-flamengo","status":"publish","type":"post","link":"https:\/\/www.gaveanews.com\/index.php\/2019\/08\/13\/fluminense-acumula-primeiras-dividas-em-administracao-do-maracana-junto-ao-flamengo\/","title":{"rendered":"Fluminense acumula primeiras d\u00edvidas em administra\u00e7\u00e3o do Maracan\u00e3 junto ao Flamengo"},"content":{"rendered":"\n<p>Ap\u00f3s a licita\u00e7\u00e3o da Odebrecht (Cons\u00f3rcio Maracan\u00e3) ser cancelada pelo governador Wilson Witzel, Flamengo e Fluminense conseguiram assumir a administra\u00e7\u00e3o do est\u00e1dio de forma conjunta, com custos divididos entre ambos. Por\u00e9m, meses depois de a parceria se estabelecer, o clube das Laranjeiras j\u00e1 tem apresentado seus primeiros problemas financeiros para fechar a conta.<\/p>\n\n\n\n<p>A informa\u00e7\u00e3o \u00e9 do jornalista Paulo Vinicius Coelho, mais conhecido como PVC. Segundo publica\u00e7\u00e3o realizada em seu blog na manh\u00e3 desta ter\u00e7a-feira (13), o Tricolor j\u00e1 acumula cerca de R$ 1 milh\u00e3o a serem pagos ao Fla. Isso porque, o Rubro-Negro estaria assumindo os custos praticamente de forma integral.<\/p>\n\n\n\n<p>O acordo atual garante os clubes na administra\u00e7\u00e3o do est\u00e1dio at\u00e9 o m\u00eas de outubro, mas h\u00e1 possibilidade de renova\u00e7\u00e3o. Em meio a isso, PVC ainda garante que o Flamengo tem se aproximado do Vasco, tentando trazer o Cruzmaltino para a gest\u00e3o conjunta. Vale lembrar que a possibilidade de ter a equipe da Colina como parceira foi discutida antes mesmo de a dupla Fla-Flu montar o projeto de administra\u00e7\u00e3o. Contudo, Alexandre Campello, presidente do Vasco, n\u00e3o considerou a hip\u00f3tese e, al\u00e9m disso, se mostrou contr\u00e1rio \u00e0 ideia de estar ao lado dos demais cariocas na gest\u00e3o.<\/p>\n\n\n\n\n\n<p>Retirado de: Coluna do Fla<\/p>\n","protected":false},"excerpt":{"rendered":"<p>Ap\u00f3s a licita\u00e7\u00e3o da Odebrecht (Cons\u00f3rcio Maracan\u00e3) ser cancelada pelo governador Wilson Witzel, Flamengo e Fluminense conseguiram assumir a administra\u00e7\u00e3o do est\u00e1dio de forma conjunta, com custos divididos entre ambos. Por\u00e9m, meses depois de a parceria se estabelecer, o clube das Laranjeiras j\u00e1 tem apresentado seus primeiros problemas financeiros para fechar a conta. A informa\u00e7\u00e3o [&hellip;]<\/p>\n","protected":false},"author":1,"featured_media":15081,"comment_status":"open","ping_status":"open","sticky":false,"template":"","format":"standard","meta":{"footnotes":""},"categories":[1],"tags":[],"class_list":["post-24667","post","type-post","status-publish","format-standard","has-post-thumbnail","hentry","category-flamengo"],"yoast_head":"<!-- This site is optimized with the Yoast SEO Premium plugin v24.2 (Yoast SEO v26.9) - https:\/\/yoast.com\/product\/yoast-seo-premium-wordpress\/ -->\n<title>Fluminense acumula primeiras d\u00edvidas em administra\u00e7\u00e3o do Maracan\u00e3 junto ao Flamengo<\/title>\n<meta name=\"robots\" content=\"index, follow, max-snippet:-1, max-image-preview:large, max-video-preview:-1\" \/>\n<link rel=\"canonical\" href=\"https:\/\/www.gaveanews.com\/index.php\/2019\/08\/13\/fluminense-acumula-primeiras-dividas-em-administracao-do-maracana-junto-ao-flamengo\/\" \/>\n<meta property=\"og:locale\" content=\"pt_BR\" \/>\n<meta property=\"og:type\" content=\"article\" \/>\n<meta property=\"og:title\" content=\"Fluminense acumula primeiras d\u00edvidas em administra\u00e7\u00e3o do Maracan\u00e3 junto ao Flamengo\" \/>\n<meta property=\"og:description\" content=\"Ap\u00f3s a licita\u00e7\u00e3o da Odebrecht (Cons\u00f3rcio Maracan\u00e3) ser cancelada pelo governador Wilson Witzel, Flamengo e Fluminense conseguiram assumir a administra\u00e7\u00e3o do est\u00e1dio de forma conjunta, com custos divididos entre ambos. Por\u00e9m, meses depois de a parceria se estabelecer, o clube das Laranjeiras j\u00e1 tem apresentado seus primeiros problemas financeiros para fechar a conta. A informa\u00e7\u00e3o [&hellip;]\" \/>\n<meta property=\"og:url\" content=\"https:\/\/www.gaveanews.com\/index.php\/2019\/08\/13\/fluminense-acumula-primeiras-dividas-em-administracao-do-maracana-junto-ao-flamengo\/\" \/>\n<meta property=\"og:site_name\" content=\"G\u00e1vea News\" \/>\n<meta property=\"article:publisher\" content=\"https:\/\/facebook.com\/gaveaNews\/\" \/>\n<meta property=\"article:published_time\" content=\"2019-08-13T11:03:44+00:00\" \/>\n<meta property=\"article:modified_time\" content=\"2019-08-13T11:03:45+00:00\" \/>\n<meta property=\"og:image\" content=\"https:\/\/www.gaveanews.com\/wp-content\/uploads\/2019\/03\/Escudo-do-Flamengo-e-exposto-proximo-a-um-dos-gols-no-gramado-do-Maracana.webp\" \/>\n\t<meta property=\"og:image:width\" content=\"1\" \/>\n\t<meta property=\"og:image:height\" content=\"1\" \/>\n\t<meta property=\"og:image:type\" content=\"image\/jpeg\" \/>\n<meta name=\"author\" content=\"Equipe G\u00e1vea News\" \/>\n<meta name=\"twitter:card\" content=\"summary_large_image\" \/>\n<meta name=\"twitter:label1\" content=\"Escrito por\" \/>\n\t<meta name=\"twitter:data1\" content=\"Equipe G\u00e1vea News\" \/>\n\t<meta name=\"twitter:label2\" content=\"Est. tempo de leitura\" \/>\n\t<meta name=\"twitter:data2\" content=\"1 minuto\" \/>\n<script type=\"application\/ld+json\" class=\"yoast-schema-graph\">{\"@context\":\"https:\/\/schema.org\",\"@graph\":[{\"@type\":\"NewsArticle\",\"@id\":\"https:\/\/www.gaveanews.com\/index.php\/2019\/08\/13\/fluminense-acumula-primeiras-dividas-em-administracao-do-maracana-junto-ao-flamengo\/#article\",\"isPartOf\":{\"@id\":\"https:\/\/www.gaveanews.com\/index.php\/2019\/08\/13\/fluminense-acumula-primeiras-dividas-em-administracao-do-maracana-junto-ao-flamengo\/\"},\"author\":{\"name\":\"Equipe G\u00e1vea News\",\"@id\":\"https:\/\/www.gaveanews.com\/#\/schema\/person\/2ec14f73fb96be2caf28f91afb14749d\"},\"headline\":\"Fluminense acumula primeiras d\u00edvidas em administra\u00e7\u00e3o do Maracan\u00e3 junto ao Flamengo\",\"datePublished\":\"2019-08-13T11:03:44+00:00\",\"dateModified\":\"2019-08-13T11:03:45+00:00\",\"mainEntityOfPage\":{\"@id\":\"https:\/\/www.gaveanews.com\/index.php\/2019\/08\/13\/fluminense-acumula-primeiras-dividas-em-administracao-do-maracana-junto-ao-flamengo\/\"},\"wordCount\":233,\"commentCount\":0,\"image\":{\"@id\":\"https:\/\/www.gaveanews.com\/index.php\/2019\/08\/13\/fluminense-acumula-primeiras-dividas-em-administracao-do-maracana-junto-ao-flamengo\/#primaryimage\"},\"thumbnailUrl\":\"https:\/\/www.gaveanews.com\/wp-content\/uploads\/2019\/03\/Escudo-do-Flamengo-e-exposto-proximo-a-um-dos-gols-no-gramado-do-Maracana.webp\",\"articleSection\":[\"Flamengo\"],\"inLanguage\":\"pt-BR\",\"potentialAction\":[{\"@type\":\"CommentAction\",\"name\":\"Comment\",\"target\":[\"https:\/\/www.gaveanews.com\/index.php\/2019\/08\/13\/fluminense-acumula-primeiras-dividas-em-administracao-do-maracana-junto-ao-flamengo\/#respond\"]}],\"copyrightYear\":\"2019\",\"copyrightHolder\":{\"@id\":\"https:\/\/www.gaveanews.com\/#organization\"}},{\"@type\":\"WebPage\",\"@id\":\"https:\/\/www.gaveanews.com\/index.php\/2019\/08\/13\/fluminense-acumula-primeiras-dividas-em-administracao-do-maracana-junto-ao-flamengo\/\",\"url\":\"https:\/\/www.gaveanews.com\/index.php\/2019\/08\/13\/fluminense-acumula-primeiras-dividas-em-administracao-do-maracana-junto-ao-flamengo\/\",\"name\":\"Fluminense acumula primeiras d\u00edvidas em administra\u00e7\u00e3o do Maracan\u00e3 junto ao Flamengo\",\"isPartOf\":{\"@id\":\"https:\/\/www.gaveanews.com\/#website\"},\"primaryImageOfPage\":{\"@id\":\"https:\/\/www.gaveanews.com\/index.php\/2019\/08\/13\/fluminense-acumula-primeiras-dividas-em-administracao-do-maracana-junto-ao-flamengo\/#primaryimage\"},\"image\":{\"@id\":\"https:\/\/www.gaveanews.com\/index.php\/2019\/08\/13\/fluminense-acumula-primeiras-dividas-em-administracao-do-maracana-junto-ao-flamengo\/#primaryimage\"},\"thumbnailUrl\":\"https:\/\/www.gaveanews.com\/wp-content\/uploads\/2019\/03\/Escudo-do-Flamengo-e-exposto-proximo-a-um-dos-gols-no-gramado-do-Maracana.webp\",\"datePublished\":\"2019-08-13T11:03:44+00:00\",\"dateModified\":\"2019-08-13T11:03:45+00:00\",\"author\":{\"@id\":\"https:\/\/www.gaveanews.com\/#\/schema\/person\/2ec14f73fb96be2caf28f91afb14749d\"},\"breadcrumb\":{\"@id\":\"https:\/\/www.gaveanews.com\/index.php\/2019\/08\/13\/fluminense-acumula-primeiras-dividas-em-administracao-do-maracana-junto-ao-flamengo\/#breadcrumb\"},\"inLanguage\":\"pt-BR\",\"potentialAction\":[{\"@type\":\"ReadAction\",\"target\":[\"https:\/\/www.gaveanews.com\/index.php\/2019\/08\/13\/fluminense-acumula-primeiras-dividas-em-administracao-do-maracana-junto-ao-flamengo\/\"]}]},{\"@type\":\"ImageObject\",\"inLanguage\":\"pt-BR\",\"@id\":\"https:\/\/www.gaveanews.com\/index.php\/2019\/08\/13\/fluminense-acumula-primeiras-dividas-em-administracao-do-maracana-junto-ao-flamengo\/#primaryimage\",\"url\":\"https:\/\/www.gaveanews.com\/wp-content\/uploads\/2019\/03\/Escudo-do-Flamengo-e-exposto-proximo-a-um-dos-gols-no-gramado-do-Maracana.webp\",\"contentUrl\":\"https:\/\/www.gaveanews.com\/wp-content\/uploads\/2019\/03\/Escudo-do-Flamengo-e-exposto-proximo-a-um-dos-gols-no-gramado-do-Maracana.webp\",\"caption\":\"Escudo do Flamengo \u00e9 exposto pr\u00f3ximo a um dos gols, no gramado do Maracan\u00e3 (Foto: Daniel Castelo Branco)\"},{\"@type\":\"BreadcrumbList\",\"@id\":\"https:\/\/www.gaveanews.com\/index.php\/2019\/08\/13\/fluminense-acumula-primeiras-dividas-em-administracao-do-maracana-junto-ao-flamengo\/#breadcrumb\",\"itemListElement\":[{\"@type\":\"ListItem\",\"position\":1,\"name\":\"Home\",\"item\":\"https:\/\/www.gaveanews.com\/\"},{\"@type\":\"ListItem\",\"position\":2,\"name\":\"Fluminense acumula primeiras d\u00edvidas em administra\u00e7\u00e3o do Maracan\u00e3 junto ao Flamengo\"}]},{\"@type\":\"WebSite\",\"@id\":\"https:\/\/www.gaveanews.com\/#website\",\"url\":\"https:\/\/www.gaveanews.com\/\",\"name\":\"G\u00e1vea News\",\"description\":\"Veja todas as not\u00edcias sobre o Flamengo: Contrata\u00e7\u00f5es, categorias de base, resultados das partidas, tabela de classifica\u00e7\u00e3o, pr\u00f3ximos jogos!\",\"potentialAction\":[{\"@type\":\"SearchAction\",\"target\":{\"@type\":\"EntryPoint\",\"urlTemplate\":\"https:\/\/www.gaveanews.com\/?s={search_term_string}\"},\"query-input\":{\"@type\":\"PropertyValueSpecification\",\"valueRequired\":true,\"valueName\":\"search_term_string\"}}],\"inLanguage\":\"pt-BR\"},{\"@type\":\"Person\",\"@id\":\"https:\/\/www.gaveanews.com\/#\/schema\/person\/2ec14f73fb96be2caf28f91afb14749d\",\"name\":\"Equipe G\u00e1vea News\",\"image\":{\"@type\":\"ImageObject\",\"inLanguage\":\"pt-BR\",\"@id\":\"https:\/\/www.gaveanews.com\/#\/schema\/person\/image\/\",\"url\":\"https:\/\/secure.gravatar.com\/avatar\/1e1956f1facbffd3f8fa53a326721950116b3b9dc9bd44939c01180fd4a745a9?s=96&d=mm&r=g\",\"contentUrl\":\"https:\/\/secure.gravatar.com\/avatar\/1e1956f1facbffd3f8fa53a326721950116b3b9dc9bd44939c01180fd4a745a9?s=96&d=mm&r=g\",\"caption\":\"Equipe G\u00e1vea News\"}}]}<\/script>\n<!-- \/ Yoast SEO Premium plugin. -->","yoast_head_json":{"title":"Fluminense acumula primeiras d\u00edvidas em administra\u00e7\u00e3o do Maracan\u00e3 junto ao Flamengo","robots":{"index":"index","follow":"follow","max-snippet":"max-snippet:-1","max-image-preview":"max-image-preview:large","max-video-preview":"max-video-preview:-1"},"canonical":"https:\/\/www.gaveanews.com\/index.php\/2019\/08\/13\/fluminense-acumula-primeiras-dividas-em-administracao-do-maracana-junto-ao-flamengo\/","og_locale":"pt_BR","og_type":"article","og_title":"Fluminense acumula primeiras d\u00edvidas em administra\u00e7\u00e3o do Maracan\u00e3 junto ao Flamengo","og_description":"Ap\u00f3s a licita\u00e7\u00e3o da Odebrecht (Cons\u00f3rcio Maracan\u00e3) ser cancelada pelo governador Wilson Witzel, Flamengo e Fluminense conseguiram assumir a administra\u00e7\u00e3o do est\u00e1dio de forma conjunta, com custos divididos entre ambos. Por\u00e9m, meses depois de a parceria se estabelecer, o clube das Laranjeiras j\u00e1 tem apresentado seus primeiros problemas financeiros para fechar a conta. A informa\u00e7\u00e3o [&hellip;]","og_url":"https:\/\/www.gaveanews.com\/index.php\/2019\/08\/13\/fluminense-acumula-primeiras-dividas-em-administracao-do-maracana-junto-ao-flamengo\/","og_site_name":"G\u00e1vea News","article_publisher":"https:\/\/facebook.com\/gaveaNews\/","article_published_time":"2019-08-13T11:03:44+00:00","article_modified_time":"2019-08-13T11:03:45+00:00","og_image":[{"url":"https:\/\/www.gaveanews.com\/wp-content\/uploads\/2019\/03\/Escudo-do-Flamengo-e-exposto-proximo-a-um-dos-gols-no-gramado-do-Maracana.webp","width":1,"height":1,"type":"image\/jpeg"}],"author":"Equipe G\u00e1vea News","twitter_card":"summary_large_image","twitter_misc":{"Escrito por":"Equipe G\u00e1vea News","Est. tempo de leitura":"1 minuto"},"schema":{"@context":"https:\/\/schema.org","@graph":[{"@type":"NewsArticle","@id":"https:\/\/www.gaveanews.com\/index.php\/2019\/08\/13\/fluminense-acumula-primeiras-dividas-em-administracao-do-maracana-junto-ao-flamengo\/#article","isPartOf":{"@id":"https:\/\/www.gaveanews.com\/index.php\/2019\/08\/13\/fluminense-acumula-primeiras-dividas-em-administracao-do-maracana-junto-ao-flamengo\/"},"author":{"name":"Equipe G\u00e1vea News","@id":"https:\/\/www.gaveanews.com\/#\/schema\/person\/2ec14f73fb96be2caf28f91afb14749d"},"headline":"Fluminense acumula primeiras d\u00edvidas em administra\u00e7\u00e3o do Maracan\u00e3 junto ao Flamengo","datePublished":"2019-08-13T11:03:44+00:00","dateModified":"2019-08-13T11:03:45+00:00","mainEntityOfPage":{"@id":"https:\/\/www.gaveanews.com\/index.php\/2019\/08\/13\/fluminense-acumula-primeiras-dividas-em-administracao-do-maracana-junto-ao-flamengo\/"},"wordCount":233,"commentCount":0,"image":{"@id":"https:\/\/www.gaveanews.com\/index.php\/2019\/08\/13\/fluminense-acumula-primeiras-dividas-em-administracao-do-maracana-junto-ao-flamengo\/#primaryimage"},"thumbnailUrl":"https:\/\/www.gaveanews.com\/wp-content\/uploads\/2019\/03\/Escudo-do-Flamengo-e-exposto-proximo-a-um-dos-gols-no-gramado-do-Maracana.webp","articleSection":["Flamengo"],"inLanguage":"pt-BR","potentialAction":[{"@type":"CommentAction","name":"Comment","target":["https:\/\/www.gaveanews.com\/index.php\/2019\/08\/13\/fluminense-acumula-primeiras-dividas-em-administracao-do-maracana-junto-ao-flamengo\/#respond"]}],"copyrightYear":"2019","copyrightHolder":{"@id":"https:\/\/www.gaveanews.com\/#organization"}},{"@type":"WebPage","@id":"https:\/\/www.gaveanews.com\/index.php\/2019\/08\/13\/fluminense-acumula-primeiras-dividas-em-administracao-do-maracana-junto-ao-flamengo\/","url":"https:\/\/www.gaveanews.com\/index.php\/2019\/08\/13\/fluminense-acumula-primeiras-dividas-em-administracao-do-maracana-junto-ao-flamengo\/","name":"Fluminense acumula primeiras d\u00edvidas em administra\u00e7\u00e3o do Maracan\u00e3 junto ao Flamengo","isPartOf":{"@id":"https:\/\/www.gaveanews.com\/#website"},"primaryImageOfPage":{"@id":"https:\/\/www.gaveanews.com\/index.php\/2019\/08\/13\/fluminense-acumula-primeiras-dividas-em-administracao-do-maracana-junto-ao-flamengo\/#primaryimage"},"image":{"@id":"https:\/\/www.gaveanews.com\/index.php\/2019\/08\/13\/fluminense-acumula-primeiras-dividas-em-administracao-do-maracana-junto-ao-flamengo\/#primaryimage"},"thumbnailUrl":"https:\/\/www.gaveanews.com\/wp-content\/uploads\/2019\/03\/Escudo-do-Flamengo-e-exposto-proximo-a-um-dos-gols-no-gramado-do-Maracana.webp","datePublished":"2019-08-13T11:03:44+00:00","dateModified":"2019-08-13T11:03:45+00:00","author":{"@id":"https:\/\/www.gaveanews.com\/#\/schema\/person\/2ec14f73fb96be2caf28f91afb14749d"},"breadcrumb":{"@id":"https:\/\/www.gaveanews.com\/index.php\/2019\/08\/13\/fluminense-acumula-primeiras-dividas-em-administracao-do-maracana-junto-ao-flamengo\/#breadcrumb"},"inLanguage":"pt-BR","potentialAction":[{"@type":"ReadAction","target":["https:\/\/www.gaveanews.com\/index.php\/2019\/08\/13\/fluminense-acumula-primeiras-dividas-em-administracao-do-maracana-junto-ao-flamengo\/"]}]},{"@type":"ImageObject","inLanguage":"pt-BR","@id":"https:\/\/www.gaveanews.com\/index.php\/2019\/08\/13\/fluminense-acumula-primeiras-dividas-em-administracao-do-maracana-junto-ao-flamengo\/#primaryimage","url":"https:\/\/www.gaveanews.com\/wp-content\/uploads\/2019\/03\/Escudo-do-Flamengo-e-exposto-proximo-a-um-dos-gols-no-gramado-do-Maracana.webp","contentUrl":"https:\/\/www.gaveanews.com\/wp-content\/uploads\/2019\/03\/Escudo-do-Flamengo-e-exposto-proximo-a-um-dos-gols-no-gramado-do-Maracana.webp","caption":"Escudo do Flamengo \u00e9 exposto pr\u00f3ximo a um dos gols, no gramado do Maracan\u00e3 (Foto: Daniel Castelo Branco)"},{"@type":"BreadcrumbList","@id":"https:\/\/www.gaveanews.com\/index.php\/2019\/08\/13\/fluminense-acumula-primeiras-dividas-em-administracao-do-maracana-junto-ao-flamengo\/#breadcrumb","itemListElement":[{"@type":"ListItem","position":1,"name":"Home","item":"https:\/\/www.gaveanews.com\/"},{"@type":"ListItem","position":2,"name":"Fluminense acumula primeiras d\u00edvidas em administra\u00e7\u00e3o do Maracan\u00e3 junto ao Flamengo"}]},{"@type":"WebSite","@id":"https:\/\/www.gaveanews.com\/#website","url":"https:\/\/www.gaveanews.com\/","name":"G\u00e1vea News","description":"Veja todas as not\u00edcias sobre o Flamengo: Contrata\u00e7\u00f5es, categorias de base, resultados das partidas, tabela de classifica\u00e7\u00e3o, pr\u00f3ximos jogos!","potentialAction":[{"@type":"SearchAction","target":{"@type":"EntryPoint","urlTemplate":"https:\/\/www.gaveanews.com\/?s={search_term_string}"},"query-input":{"@type":"PropertyValueSpecification","valueRequired":true,"valueName":"search_term_string"}}],"inLanguage":"pt-BR"},{"@type":"Person","@id":"https:\/\/www.gaveanews.com\/#\/schema\/person\/2ec14f73fb96be2caf28f91afb14749d","name":"Equipe G\u00e1vea News","image":{"@type":"ImageObject","inLanguage":"pt-BR","@id":"https:\/\/www.gaveanews.com\/#\/schema\/person\/image\/","url":"https:\/\/secure.gravatar.com\/avatar\/1e1956f1facbffd3f8fa53a326721950116b3b9dc9bd44939c01180fd4a745a9?s=96&d=mm&r=g","contentUrl":"https:\/\/secure.gravatar.com\/avatar\/1e1956f1facbffd3f8fa53a326721950116b3b9dc9bd44939c01180fd4a745a9?s=96&d=mm&r=g","caption":"Equipe G\u00e1vea News"}}]}},"_links":{"self":[{"href":"https:\/\/www.gaveanews.com\/index.php\/wp-json\/wp\/v2\/posts\/24667","targetHints":{"allow":["GET"]}}],"collection":[{"href":"https:\/\/www.gaveanews.com\/index.php\/wp-json\/wp\/v2\/posts"}],"about":[{"href":"https:\/\/www.gaveanews.com\/index.php\/wp-json\/wp\/v2\/types\/post"}],"author":[{"embeddable":true,"href":"https:\/\/www.gaveanews.com\/index.php\/wp-json\/wp\/v2\/users\/1"}],"replies":[{"embeddable":true,"href":"https:\/\/www.gaveanews.com\/index.php\/wp-json\/wp\/v2\/comments?post=24667"}],"version-history":[{"count":0,"href":"https:\/\/www.gaveanews.com\/index.php\/wp-json\/wp\/v2\/posts\/24667\/revisions"}],"wp:featuredmedia":[{"embeddable":true,"href":"https:\/\/www.gaveanews.com\/index.php\/wp-json\/wp\/v2\/media\/15081"}],"wp:attachment":[{"href":"https:\/\/www.gaveanews.com\/index.php\/wp-json\/wp\/v2\/media?parent=24667"}],"wp:term":[{"taxonomy":"category","embeddable":true,"href":"https:\/\/www.gaveanews.com\/index.php\/wp-json\/wp\/v2\/categories?post=24667"},{"taxonomy":"post_tag","embeddable":true,"href":"https:\/\/www.gaveanews.com\/index.php\/wp-json\/wp\/v2\/tags?post=24667"}],"curies":[{"name":"wp","href":"https:\/\/api.w.org\/{rel}","templated":true}]}}