{"id":246700,"date":"2025-03-30T19:45:52","date_gmt":"2025-03-30T22:45:52","guid":{"rendered":"https:\/\/www.gaveanews.com\/?p=246700"},"modified":"2025-03-30T19:33:37","modified_gmt":"2025-03-30T22:33:37","slug":"martinelli-aponta-diferencial-do-elenco-do-fluminense-para-2025-esse-ano-teve","status":"publish","type":"post","link":"https:\/\/www.gaveanews.com\/index.php\/2025\/03\/30\/martinelli-aponta-diferencial-do-elenco-do-fluminense-para-2025-esse-ano-teve\/","title":{"rendered":"Martinelli aponta diferencial do elenco do Fluminense para 2025: &#8220;Esse ano teve\u2026&#8221;"},"content":{"rendered":"\n<h2 class=\"wp-block-heading\" id=\"h-volante-fez-elogios-as-contratacoes-do-clube\">Volante fez elogios \u00e0s contrata\u00e7\u00f5es do clube<\/h2>\n\n\n\n<p>Para a disputa da temporada de 2025, o Fluminense trouxe 10 refor\u00e7os, sendo alguns estrangeiros, como o atacante Canobbio. Na \u00faltima quinta-feira (27), o volante Martinelli concedeu uma entrevista coletiva no CT Carlos Castilho e rasgou elogios \u00e0s contrata\u00e7\u00f5es feitas pelo clube. <\/p>\n\n\n\n<p>&#8220;Esse ano teve grandes contrata\u00e7\u00f5es, muita gente jovem e de alto n\u00edvel. Estamos com um grande\u00a0elenco, muitos jogadores, tr\u00eas de alto n\u00edvel por posi\u00e7\u00e3o. O time est\u00e1 jovem, com f\u00f4lego e f\u00edsico. Esperamos fazer um grande Brasileiro e brigar na parte de cima da tabela&#8221;, iniciou. <\/p>\n\n\n\n<p>Para o ano de 2025, o Fluminense fechou as contrata\u00e7\u00f5es do goleiro Marcelo Pitaluga, do lateral-esquerdo Ren\u00ea, do zagueiro argentino Juan Freytes, dos volantes H\u00e9rcules e Ot\u00e1vio, do meia paraguaio Rub\u00e9n Lezcano e dos atacantes Canobbio (uruguaio), Lavega (uruguaio), Paulo Baya e Everaldo.<\/p>\n\n\n\n<p>Na entrevista coletiva, Martinelli comentou sobre as disputas do Campeonato Brasileiro e tamb\u00e9m da Copa Sul-Americana. Para o volante, os dois torneios possuem suas dificuldades e afirmou que a equipe precisa se preparar bem. <\/p>\n\n\n\n<p>&#8220;A gente sabe que o Brasileiro \u00e9 dif\u00edcil, s\u00e3o 20 times muito qualificados. A gente teve dificuldade ano passado. Tivemos essas semanas para preparar bem. Teremos uma estreia dif\u00edcil contra o Fortaleza, que tem feito boas campanhas. As primeiras rodadas s\u00e3o bem importantes para que a gente possa fazer um grande campeonato&#8221;, disse, acrescentando: <\/p>\n\n\n\n<p>&#8220;\u00c9 um campeonato dif\u00edcil porque s\u00f3 um classifica (de forma direta). Tem que pontuar fora de casa e ganhar em casa. Time sul-americano \u00e9 dif\u00edcil jogar fora de casa porque eles sempre brigam. Na Col\u00f4mbia tem um pouco de altitude, temos que vencer isso primeiramente&#8221;, completou. <\/p>\n\n\n\n<p>O Fluminense fez sua estreia no Brasileir\u00e3o 2025 no \u00faltimo s\u00e1bado (29) e foi derrotado pelo Fortaleza pelo placar de 2 a 0, na Arena Castel\u00e3o, com gols de Lucero e Tinga. A derrota ainda resultou na demiss\u00e3o do t\u00e9cnico Mano Menezes. <\/p>\n","protected":false},"excerpt":{"rendered":"<p>Volante fez elogios \u00e0s contrata\u00e7\u00f5es do clube Para a disputa da temporada de 2025, o Fluminense trouxe 10 refor\u00e7os, sendo alguns estrangeiros, como o atacante Canobbio. Na \u00faltima quinta-feira (27), o volante Martinelli concedeu uma entrevista coletiva no CT Carlos Castilho e rasgou elogios \u00e0s contrata\u00e7\u00f5es feitas pelo clube. &#8220;Esse ano teve grandes contrata\u00e7\u00f5es, muita [&hellip;]<\/p>\n","protected":false},"author":21,"featured_media":169796,"comment_status":"open","ping_status":"closed","sticky":false,"template":"","format":"standard","meta":{"footnotes":""},"categories":[145],"tags":[],"class_list":["post-246700","post","type-post","status-publish","format-standard","has-post-thumbnail","hentry","category-fluminense"],"yoast_head":"<!-- This site is optimized with the Yoast SEO Premium plugin v24.2 (Yoast SEO v26.9) - https:\/\/yoast.com\/product\/yoast-seo-premium-wordpress\/ -->\n<title>Martinelli aponta diferencial do elenco do Fluminense para 2025: &quot;Esse ano teve\u2026&quot;<\/title>\n<meta name=\"robots\" content=\"index, follow, max-snippet:-1, max-image-preview:large, max-video-preview:-1\" \/>\n<link rel=\"canonical\" href=\"https:\/\/www.gaveanews.com\/index.php\/2025\/03\/30\/martinelli-aponta-diferencial-do-elenco-do-fluminense-para-2025-esse-ano-teve\/\" \/>\n<meta property=\"og:locale\" content=\"pt_BR\" \/>\n<meta property=\"og:type\" content=\"article\" \/>\n<meta property=\"og:title\" content=\"Martinelli aponta diferencial do elenco do Fluminense para 2025: &quot;Esse ano teve\u2026&quot;\" \/>\n<meta property=\"og:description\" content=\"Volante fez elogios \u00e0s contrata\u00e7\u00f5es do clube Para a disputa da temporada de 2025, o Fluminense trouxe 10 refor\u00e7os, sendo alguns estrangeiros, como o atacante Canobbio. Na \u00faltima quinta-feira (27), o volante Martinelli concedeu uma entrevista coletiva no CT Carlos Castilho e rasgou elogios \u00e0s contrata\u00e7\u00f5es feitas pelo clube. &#8220;Esse ano teve grandes contrata\u00e7\u00f5es, muita [&hellip;]\" \/>\n<meta property=\"og:url\" content=\"https:\/\/www.gaveanews.com\/index.php\/2025\/03\/30\/martinelli-aponta-diferencial-do-elenco-do-fluminense-para-2025-esse-ano-teve\/\" \/>\n<meta property=\"og:site_name\" content=\"G\u00e1vea News\" \/>\n<meta property=\"article:publisher\" content=\"https:\/\/facebook.com\/gaveaNews\/\" \/>\n<meta property=\"article:published_time\" content=\"2025-03-30T22:45:52+00:00\" \/>\n<meta property=\"og:image\" content=\"https:\/\/www.gaveanews.com\/wp-content\/uploads\/Martinelli-pelo-Fluminense.webp\" \/>\n\t<meta property=\"og:image:width\" content=\"888\" \/>\n\t<meta property=\"og:image:height\" content=\"592\" \/>\n\t<meta property=\"og:image:type\" content=\"image\/jpeg\" \/>\n<meta name=\"author\" content=\"Andr\u00e9 Serra\" \/>\n<meta name=\"twitter:card\" content=\"summary_large_image\" \/>\n<meta name=\"twitter:label1\" content=\"Escrito por\" \/>\n\t<meta name=\"twitter:data1\" content=\"Andr\u00e9 Serra\" \/>\n\t<meta name=\"twitter:label2\" content=\"Est. tempo de leitura\" \/>\n\t<meta name=\"twitter:data2\" content=\"2 minutos\" \/>\n<script type=\"application\/ld+json\" class=\"yoast-schema-graph\">{\"@context\":\"https:\/\/schema.org\",\"@graph\":[{\"@type\":\"NewsArticle\",\"@id\":\"https:\/\/www.gaveanews.com\/index.php\/2025\/03\/30\/martinelli-aponta-diferencial-do-elenco-do-fluminense-para-2025-esse-ano-teve\/#article\",\"isPartOf\":{\"@id\":\"https:\/\/www.gaveanews.com\/index.php\/2025\/03\/30\/martinelli-aponta-diferencial-do-elenco-do-fluminense-para-2025-esse-ano-teve\/\"},\"author\":{\"name\":\"Andr\u00e9 Serra\",\"@id\":\"https:\/\/www.gaveanews.com\/#\/schema\/person\/0277a79a1289c451c281ec0411d84f0c\"},\"headline\":\"Martinelli aponta diferencial do elenco do Fluminense para 2025: &#8220;Esse ano teve\u2026&#8221;\",\"datePublished\":\"2025-03-30T22:45:52+00:00\",\"mainEntityOfPage\":{\"@id\":\"https:\/\/www.gaveanews.com\/index.php\/2025\/03\/30\/martinelli-aponta-diferencial-do-elenco-do-fluminense-para-2025-esse-ano-teve\/\"},\"wordCount\":341,\"commentCount\":0,\"image\":{\"@id\":\"https:\/\/www.gaveanews.com\/index.php\/2025\/03\/30\/martinelli-aponta-diferencial-do-elenco-do-fluminense-para-2025-esse-ano-teve\/#primaryimage\"},\"thumbnailUrl\":\"https:\/\/www.gaveanews.com\/wp-content\/uploads\/Martinelli-pelo-Fluminense.webp\",\"articleSection\":[\"Fluminense\"],\"inLanguage\":\"pt-BR\",\"potentialAction\":[{\"@type\":\"CommentAction\",\"name\":\"Comment\",\"target\":[\"https:\/\/www.gaveanews.com\/index.php\/2025\/03\/30\/martinelli-aponta-diferencial-do-elenco-do-fluminense-para-2025-esse-ano-teve\/#respond\"]}],\"copyrightYear\":\"2025\",\"copyrightHolder\":{\"@id\":\"https:\/\/www.gaveanews.com\/#organization\"}},{\"@type\":\"WebPage\",\"@id\":\"https:\/\/www.gaveanews.com\/index.php\/2025\/03\/30\/martinelli-aponta-diferencial-do-elenco-do-fluminense-para-2025-esse-ano-teve\/\",\"url\":\"https:\/\/www.gaveanews.com\/index.php\/2025\/03\/30\/martinelli-aponta-diferencial-do-elenco-do-fluminense-para-2025-esse-ano-teve\/\",\"name\":\"Martinelli aponta diferencial do elenco do Fluminense para 2025: \\\"Esse ano teve\u2026\\\"\",\"isPartOf\":{\"@id\":\"https:\/\/www.gaveanews.com\/#website\"},\"primaryImageOfPage\":{\"@id\":\"https:\/\/www.gaveanews.com\/index.php\/2025\/03\/30\/martinelli-aponta-diferencial-do-elenco-do-fluminense-para-2025-esse-ano-teve\/#primaryimage\"},\"image\":{\"@id\":\"https:\/\/www.gaveanews.com\/index.php\/2025\/03\/30\/martinelli-aponta-diferencial-do-elenco-do-fluminense-para-2025-esse-ano-teve\/#primaryimage\"},\"thumbnailUrl\":\"https:\/\/www.gaveanews.com\/wp-content\/uploads\/Martinelli-pelo-Fluminense.webp\",\"datePublished\":\"2025-03-30T22:45:52+00:00\",\"author\":{\"@id\":\"https:\/\/www.gaveanews.com\/#\/schema\/person\/0277a79a1289c451c281ec0411d84f0c\"},\"breadcrumb\":{\"@id\":\"https:\/\/www.gaveanews.com\/index.php\/2025\/03\/30\/martinelli-aponta-diferencial-do-elenco-do-fluminense-para-2025-esse-ano-teve\/#breadcrumb\"},\"inLanguage\":\"pt-BR\",\"potentialAction\":[{\"@type\":\"ReadAction\",\"target\":[\"https:\/\/www.gaveanews.com\/index.php\/2025\/03\/30\/martinelli-aponta-diferencial-do-elenco-do-fluminense-para-2025-esse-ano-teve\/\"]}]},{\"@type\":\"ImageObject\",\"inLanguage\":\"pt-BR\",\"@id\":\"https:\/\/www.gaveanews.com\/index.php\/2025\/03\/30\/martinelli-aponta-diferencial-do-elenco-do-fluminense-para-2025-esse-ano-teve\/#primaryimage\",\"url\":\"https:\/\/www.gaveanews.com\/wp-content\/uploads\/Martinelli-pelo-Fluminense.webp\",\"contentUrl\":\"https:\/\/www.gaveanews.com\/wp-content\/uploads\/Martinelli-pelo-Fluminense.webp\",\"width\":888,\"height\":592,\"caption\":\"Martinelli pelo Fluminense (Foto: Marcelo Gon\u00e7alves\/Fluminense)\"},{\"@type\":\"BreadcrumbList\",\"@id\":\"https:\/\/www.gaveanews.com\/index.php\/2025\/03\/30\/martinelli-aponta-diferencial-do-elenco-do-fluminense-para-2025-esse-ano-teve\/#breadcrumb\",\"itemListElement\":[{\"@type\":\"ListItem\",\"position\":1,\"name\":\"Home\",\"item\":\"https:\/\/www.gaveanews.com\/\"},{\"@type\":\"ListItem\",\"position\":2,\"name\":\"Martinelli aponta diferencial do elenco do Fluminense para 2025: &#8220;Esse ano teve\u2026&#8221;\"}]},{\"@type\":\"WebSite\",\"@id\":\"https:\/\/www.gaveanews.com\/#website\",\"url\":\"https:\/\/www.gaveanews.com\/\",\"name\":\"G\u00e1vea News\",\"description\":\"Veja todas as not\u00edcias sobre o Flamengo: Contrata\u00e7\u00f5es, categorias de base, resultados das partidas, tabela de classifica\u00e7\u00e3o, pr\u00f3ximos jogos!\",\"potentialAction\":[{\"@type\":\"SearchAction\",\"target\":{\"@type\":\"EntryPoint\",\"urlTemplate\":\"https:\/\/www.gaveanews.com\/?s={search_term_string}\"},\"query-input\":{\"@type\":\"PropertyValueSpecification\",\"valueRequired\":true,\"valueName\":\"search_term_string\"}}],\"inLanguage\":\"pt-BR\"},{\"@type\":\"Person\",\"@id\":\"https:\/\/www.gaveanews.com\/#\/schema\/person\/0277a79a1289c451c281ec0411d84f0c\",\"name\":\"Andr\u00e9 Serra\",\"image\":{\"@type\":\"ImageObject\",\"inLanguage\":\"pt-BR\",\"@id\":\"https:\/\/www.gaveanews.com\/#\/schema\/person\/image\/\",\"url\":\"https:\/\/secure.gravatar.com\/avatar\/d7231369fe48db93292b3e88eb2162dbd9a34a47a8437d9ef3bcaca2a86a83d7?s=96&d=mm&r=g\",\"contentUrl\":\"https:\/\/secure.gravatar.com\/avatar\/d7231369fe48db93292b3e88eb2162dbd9a34a47a8437d9ef3bcaca2a86a83d7?s=96&d=mm&r=g\",\"caption\":\"Andr\u00e9 Serra\"}}]}<\/script>\n<!-- \/ Yoast SEO Premium plugin. -->","yoast_head_json":{"title":"Martinelli aponta diferencial do elenco do Fluminense para 2025: \"Esse ano teve\u2026\"","robots":{"index":"index","follow":"follow","max-snippet":"max-snippet:-1","max-image-preview":"max-image-preview:large","max-video-preview":"max-video-preview:-1"},"canonical":"https:\/\/www.gaveanews.com\/index.php\/2025\/03\/30\/martinelli-aponta-diferencial-do-elenco-do-fluminense-para-2025-esse-ano-teve\/","og_locale":"pt_BR","og_type":"article","og_title":"Martinelli aponta diferencial do elenco do Fluminense para 2025: \"Esse ano teve\u2026\"","og_description":"Volante fez elogios \u00e0s contrata\u00e7\u00f5es do clube Para a disputa da temporada de 2025, o Fluminense trouxe 10 refor\u00e7os, sendo alguns estrangeiros, como o atacante Canobbio. Na \u00faltima quinta-feira (27), o volante Martinelli concedeu uma entrevista coletiva no CT Carlos Castilho e rasgou elogios \u00e0s contrata\u00e7\u00f5es feitas pelo clube. &#8220;Esse ano teve grandes contrata\u00e7\u00f5es, muita [&hellip;]","og_url":"https:\/\/www.gaveanews.com\/index.php\/2025\/03\/30\/martinelli-aponta-diferencial-do-elenco-do-fluminense-para-2025-esse-ano-teve\/","og_site_name":"G\u00e1vea News","article_publisher":"https:\/\/facebook.com\/gaveaNews\/","article_published_time":"2025-03-30T22:45:52+00:00","og_image":[{"width":888,"height":592,"url":"https:\/\/www.gaveanews.com\/wp-content\/uploads\/Martinelli-pelo-Fluminense.webp","type":"image\/jpeg"}],"author":"Andr\u00e9 Serra","twitter_card":"summary_large_image","twitter_misc":{"Escrito por":"Andr\u00e9 Serra","Est. tempo de leitura":"2 minutos"},"schema":{"@context":"https:\/\/schema.org","@graph":[{"@type":"NewsArticle","@id":"https:\/\/www.gaveanews.com\/index.php\/2025\/03\/30\/martinelli-aponta-diferencial-do-elenco-do-fluminense-para-2025-esse-ano-teve\/#article","isPartOf":{"@id":"https:\/\/www.gaveanews.com\/index.php\/2025\/03\/30\/martinelli-aponta-diferencial-do-elenco-do-fluminense-para-2025-esse-ano-teve\/"},"author":{"name":"Andr\u00e9 Serra","@id":"https:\/\/www.gaveanews.com\/#\/schema\/person\/0277a79a1289c451c281ec0411d84f0c"},"headline":"Martinelli aponta diferencial do elenco do Fluminense para 2025: &#8220;Esse ano teve\u2026&#8221;","datePublished":"2025-03-30T22:45:52+00:00","mainEntityOfPage":{"@id":"https:\/\/www.gaveanews.com\/index.php\/2025\/03\/30\/martinelli-aponta-diferencial-do-elenco-do-fluminense-para-2025-esse-ano-teve\/"},"wordCount":341,"commentCount":0,"image":{"@id":"https:\/\/www.gaveanews.com\/index.php\/2025\/03\/30\/martinelli-aponta-diferencial-do-elenco-do-fluminense-para-2025-esse-ano-teve\/#primaryimage"},"thumbnailUrl":"https:\/\/www.gaveanews.com\/wp-content\/uploads\/Martinelli-pelo-Fluminense.webp","articleSection":["Fluminense"],"inLanguage":"pt-BR","potentialAction":[{"@type":"CommentAction","name":"Comment","target":["https:\/\/www.gaveanews.com\/index.php\/2025\/03\/30\/martinelli-aponta-diferencial-do-elenco-do-fluminense-para-2025-esse-ano-teve\/#respond"]}],"copyrightYear":"2025","copyrightHolder":{"@id":"https:\/\/www.gaveanews.com\/#organization"}},{"@type":"WebPage","@id":"https:\/\/www.gaveanews.com\/index.php\/2025\/03\/30\/martinelli-aponta-diferencial-do-elenco-do-fluminense-para-2025-esse-ano-teve\/","url":"https:\/\/www.gaveanews.com\/index.php\/2025\/03\/30\/martinelli-aponta-diferencial-do-elenco-do-fluminense-para-2025-esse-ano-teve\/","name":"Martinelli aponta diferencial do elenco do Fluminense para 2025: \"Esse ano teve\u2026\"","isPartOf":{"@id":"https:\/\/www.gaveanews.com\/#website"},"primaryImageOfPage":{"@id":"https:\/\/www.gaveanews.com\/index.php\/2025\/03\/30\/martinelli-aponta-diferencial-do-elenco-do-fluminense-para-2025-esse-ano-teve\/#primaryimage"},"image":{"@id":"https:\/\/www.gaveanews.com\/index.php\/2025\/03\/30\/martinelli-aponta-diferencial-do-elenco-do-fluminense-para-2025-esse-ano-teve\/#primaryimage"},"thumbnailUrl":"https:\/\/www.gaveanews.com\/wp-content\/uploads\/Martinelli-pelo-Fluminense.webp","datePublished":"2025-03-30T22:45:52+00:00","author":{"@id":"https:\/\/www.gaveanews.com\/#\/schema\/person\/0277a79a1289c451c281ec0411d84f0c"},"breadcrumb":{"@id":"https:\/\/www.gaveanews.com\/index.php\/2025\/03\/30\/martinelli-aponta-diferencial-do-elenco-do-fluminense-para-2025-esse-ano-teve\/#breadcrumb"},"inLanguage":"pt-BR","potentialAction":[{"@type":"ReadAction","target":["https:\/\/www.gaveanews.com\/index.php\/2025\/03\/30\/martinelli-aponta-diferencial-do-elenco-do-fluminense-para-2025-esse-ano-teve\/"]}]},{"@type":"ImageObject","inLanguage":"pt-BR","@id":"https:\/\/www.gaveanews.com\/index.php\/2025\/03\/30\/martinelli-aponta-diferencial-do-elenco-do-fluminense-para-2025-esse-ano-teve\/#primaryimage","url":"https:\/\/www.gaveanews.com\/wp-content\/uploads\/Martinelli-pelo-Fluminense.webp","contentUrl":"https:\/\/www.gaveanews.com\/wp-content\/uploads\/Martinelli-pelo-Fluminense.webp","width":888,"height":592,"caption":"Martinelli pelo Fluminense (Foto: Marcelo Gon\u00e7alves\/Fluminense)"},{"@type":"BreadcrumbList","@id":"https:\/\/www.gaveanews.com\/index.php\/2025\/03\/30\/martinelli-aponta-diferencial-do-elenco-do-fluminense-para-2025-esse-ano-teve\/#breadcrumb","itemListElement":[{"@type":"ListItem","position":1,"name":"Home","item":"https:\/\/www.gaveanews.com\/"},{"@type":"ListItem","position":2,"name":"Martinelli aponta diferencial do elenco do Fluminense para 2025: &#8220;Esse ano teve\u2026&#8221;"}]},{"@type":"WebSite","@id":"https:\/\/www.gaveanews.com\/#website","url":"https:\/\/www.gaveanews.com\/","name":"G\u00e1vea News","description":"Veja todas as not\u00edcias sobre o Flamengo: Contrata\u00e7\u00f5es, categorias de base, resultados das partidas, tabela de classifica\u00e7\u00e3o, pr\u00f3ximos jogos!","potentialAction":[{"@type":"SearchAction","target":{"@type":"EntryPoint","urlTemplate":"https:\/\/www.gaveanews.com\/?s={search_term_string}"},"query-input":{"@type":"PropertyValueSpecification","valueRequired":true,"valueName":"search_term_string"}}],"inLanguage":"pt-BR"},{"@type":"Person","@id":"https:\/\/www.gaveanews.com\/#\/schema\/person\/0277a79a1289c451c281ec0411d84f0c","name":"Andr\u00e9 Serra","image":{"@type":"ImageObject","inLanguage":"pt-BR","@id":"https:\/\/www.gaveanews.com\/#\/schema\/person\/image\/","url":"https:\/\/secure.gravatar.com\/avatar\/d7231369fe48db93292b3e88eb2162dbd9a34a47a8437d9ef3bcaca2a86a83d7?s=96&d=mm&r=g","contentUrl":"https:\/\/secure.gravatar.com\/avatar\/d7231369fe48db93292b3e88eb2162dbd9a34a47a8437d9ef3bcaca2a86a83d7?s=96&d=mm&r=g","caption":"Andr\u00e9 Serra"}}]}},"_links":{"self":[{"href":"https:\/\/www.gaveanews.com\/index.php\/wp-json\/wp\/v2\/posts\/246700","targetHints":{"allow":["GET"]}}],"collection":[{"href":"https:\/\/www.gaveanews.com\/index.php\/wp-json\/wp\/v2\/posts"}],"about":[{"href":"https:\/\/www.gaveanews.com\/index.php\/wp-json\/wp\/v2\/types\/post"}],"author":[{"embeddable":true,"href":"https:\/\/www.gaveanews.com\/index.php\/wp-json\/wp\/v2\/users\/21"}],"replies":[{"embeddable":true,"href":"https:\/\/www.gaveanews.com\/index.php\/wp-json\/wp\/v2\/comments?post=246700"}],"version-history":[{"count":1,"href":"https:\/\/www.gaveanews.com\/index.php\/wp-json\/wp\/v2\/posts\/246700\/revisions"}],"predecessor-version":[{"id":246709,"href":"https:\/\/www.gaveanews.com\/index.php\/wp-json\/wp\/v2\/posts\/246700\/revisions\/246709"}],"wp:featuredmedia":[{"embeddable":true,"href":"https:\/\/www.gaveanews.com\/index.php\/wp-json\/wp\/v2\/media\/169796"}],"wp:attachment":[{"href":"https:\/\/www.gaveanews.com\/index.php\/wp-json\/wp\/v2\/media?parent=246700"}],"wp:term":[{"taxonomy":"category","embeddable":true,"href":"https:\/\/www.gaveanews.com\/index.php\/wp-json\/wp\/v2\/categories?post=246700"},{"taxonomy":"post_tag","embeddable":true,"href":"https:\/\/www.gaveanews.com\/index.php\/wp-json\/wp\/v2\/tags?post=246700"}],"curies":[{"name":"wp","href":"https:\/\/api.w.org\/{rel}","templated":true}]}}