{"id":246708,"date":"2025-03-30T19:50:26","date_gmt":"2025-03-30T22:50:26","guid":{"rendered":"https:\/\/www.gaveanews.com\/?p=246708"},"modified":"2025-03-30T19:33:43","modified_gmt":"2025-03-30T22:33:43","slug":"ex-flamengo-e-sincero-ao-falar-sobre-juninho-nao-concordo","status":"publish","type":"post","link":"https:\/\/www.gaveanews.com\/index.php\/2025\/03\/30\/ex-flamengo-e-sincero-ao-falar-sobre-juninho-nao-concordo\/","title":{"rendered":"Ex-Flamengo \u00e9 sincero ao falar sobre Juninho: &#8220;N\u00e3o concordo\u2026&#8221;"},"content":{"rendered":"\n<p>O atacante Juninho, contratado pelo Flamengo em 2025, recebeu cr\u00edticas ap\u00f3s perder uma grande chance na estreia do time no Campeonato Brasileiro, no empate por 1 a 1 contra o Internacional, no \u00faltimo s\u00e1bado (29), no Maracan\u00e3. O jogador acertou a trave em uma finaliza\u00e7\u00e3o clara de gol, o que gerou questionamentos da torcida. Diante disso, Diogo Lemos, ex-integrante da diretoria do clube e atual membro dos Conselhos Deliberativo e de Administra\u00e7\u00e3o, pediu paci\u00eancia com o atleta.<\/p>\n\n\n\n<p>\u201cVendo muita gente j\u00e1 crucificando o Juninho. N\u00e3o concordo. Jogador vem se esfor\u00e7ando, veio de uma liga fraca, realidade incompar\u00e1vel com a press\u00e3o do Flamengo\u201d, escreveu Diogo em uma de suas redes sociais.<\/p>\n\n\n\n<p>A contrata\u00e7\u00e3o de Juninho envolveu um investimento de US$ 6 milh\u00f5es (cerca de R$ 34,5 milh\u00f5es na cota\u00e7\u00e3o atual), e Diogo destacou a necessidade de dar tempo ao jogador para se adaptar. Para ele, a pressa em cobrar resultados pode prejudicar o desempenho do atacante e, consequentemente, o retorno do investimento feito pelo clube.<\/p>\n\n\n\n<p>\u201cFoi um investimento alto, e devemos ter paci\u00eancia para n\u00e3o queimar a aposta. Tor\u00e7o para que ven\u00e7a a desconfian\u00e7a e a inseguran\u00e7a\u201d, acrescentou.<\/p>\n\n\n\n<p>O dirigente tamb\u00e9m ressaltou que Juninho pode ser uma pe\u00e7a \u00fatil ao elenco ao longo da temporada, que inclui v\u00e1rias competi\u00e7\u00f5es, como o Brasileir\u00e3o, a Copa do Brasil e a Libertadores.<\/p>\n\n\n\n<p>\u201cPode ser muito importante para o elenco ao longo da temporada. Aumentar a press\u00e3o em cima dele n\u00e3o \u00e9 o melhor caminho\u201d, completou.<\/p>\n\n\n\n<p>Ap\u00f3s o jogo contra o Internacional, Juninho reconheceu o erro e lamentou a oportunidade desperdi\u00e7ada. O atacante explicou que tentou tirar a bola do goleiro Rochet, mas exagerou na for\u00e7a e acabou acertando a trave.<\/p>\n\n\n\n<p>\u201cNo segundo tempo, errei um [gol], como n\u00e3o deveria ter errado. Tirei muito do goleiro. Foi uma falha. Pena que n\u00e3o poderia ter falhado, tirei muito dele, uma pena. Por acaso, achei que batendo na trave, ia entrar. Acontece\u201d, disse o jogador.<\/p>\n\n\n\n<p>Agora, o Flamengo volta suas aten\u00e7\u00f5es para a estreia na Copa Libertadores. O time enfrenta o Deportivo T\u00e1chira, da Venezuela, nesta quinta-feira (4), \u00e0s 21h30 (hor\u00e1rio de Bras\u00edlia), em San Crist\u00f3bal.<\/p>\n","protected":false},"excerpt":{"rendered":"<p>O atacante Juninho, contratado pelo Flamengo em 2025, recebeu cr\u00edticas ap\u00f3s perder uma grande chance na estreia do time no Campeonato Brasileiro, no empate por 1 a 1 contra o Internacional, no \u00faltimo s\u00e1bado (29), no Maracan\u00e3. O jogador acertou a trave em uma finaliza\u00e7\u00e3o clara de gol, o que gerou questionamentos da torcida. Diante [&hellip;]<\/p>\n","protected":false},"author":17,"featured_media":244427,"comment_status":"open","ping_status":"closed","sticky":false,"template":"","format":"standard","meta":{"footnotes":""},"categories":[1],"tags":[],"class_list":["post-246708","post","type-post","status-publish","format-standard","has-post-thumbnail","hentry","category-flamengo"],"yoast_head":"<!-- This site is optimized with the Yoast SEO Premium plugin v24.2 (Yoast SEO v26.9) - https:\/\/yoast.com\/product\/yoast-seo-premium-wordpress\/ -->\n<title>Ex-Flamengo \u00e9 sincero ao falar sobre Juninho: &quot;N\u00e3o concordo\u2026&quot;<\/title>\n<meta name=\"robots\" content=\"index, follow, max-snippet:-1, max-image-preview:large, max-video-preview:-1\" \/>\n<link rel=\"canonical\" href=\"https:\/\/www.gaveanews.com\/index.php\/2025\/03\/30\/ex-flamengo-e-sincero-ao-falar-sobre-juninho-nao-concordo\/\" \/>\n<meta property=\"og:locale\" content=\"pt_BR\" \/>\n<meta property=\"og:type\" content=\"article\" \/>\n<meta property=\"og:title\" content=\"Ex-Flamengo \u00e9 sincero ao falar sobre Juninho: &quot;N\u00e3o concordo\u2026&quot;\" \/>\n<meta property=\"og:description\" content=\"O atacante Juninho, contratado pelo Flamengo em 2025, recebeu cr\u00edticas ap\u00f3s perder uma grande chance na estreia do time no Campeonato Brasileiro, no empate por 1 a 1 contra o Internacional, no \u00faltimo s\u00e1bado (29), no Maracan\u00e3. O jogador acertou a trave em uma finaliza\u00e7\u00e3o clara de gol, o que gerou questionamentos da torcida. Diante [&hellip;]\" \/>\n<meta property=\"og:url\" content=\"https:\/\/www.gaveanews.com\/index.php\/2025\/03\/30\/ex-flamengo-e-sincero-ao-falar-sobre-juninho-nao-concordo\/\" \/>\n<meta property=\"og:site_name\" content=\"G\u00e1vea News\" \/>\n<meta property=\"article:publisher\" content=\"https:\/\/facebook.com\/gaveaNews\/\" \/>\n<meta property=\"article:published_time\" content=\"2025-03-30T22:50:26+00:00\" \/>\n<meta property=\"og:image\" content=\"https:\/\/www.gaveanews.com\/wp-content\/uploads\/Juninho-com-a-camisa-do-Flamengo-em-2025.webp\" \/>\n\t<meta property=\"og:image:width\" content=\"900\" \/>\n\t<meta property=\"og:image:height\" content=\"600\" \/>\n\t<meta property=\"og:image:type\" content=\"image\/jpeg\" \/>\n<meta name=\"author\" content=\"Geovanna Thomaz\" \/>\n<meta name=\"twitter:card\" content=\"summary_large_image\" \/>\n<meta name=\"twitter:label1\" content=\"Escrito por\" \/>\n\t<meta name=\"twitter:data1\" content=\"Geovanna Thomaz\" \/>\n\t<meta name=\"twitter:label2\" content=\"Est. tempo de leitura\" \/>\n\t<meta name=\"twitter:data2\" content=\"3 minutos\" \/>\n<script type=\"application\/ld+json\" class=\"yoast-schema-graph\">{\"@context\":\"https:\/\/schema.org\",\"@graph\":[{\"@type\":\"NewsArticle\",\"@id\":\"https:\/\/www.gaveanews.com\/index.php\/2025\/03\/30\/ex-flamengo-e-sincero-ao-falar-sobre-juninho-nao-concordo\/#article\",\"isPartOf\":{\"@id\":\"https:\/\/www.gaveanews.com\/index.php\/2025\/03\/30\/ex-flamengo-e-sincero-ao-falar-sobre-juninho-nao-concordo\/\"},\"author\":{\"name\":\"Geovanna Thomaz\",\"@id\":\"https:\/\/www.gaveanews.com\/#\/schema\/person\/f42654babcd2b2014a1a65af82b081f1\"},\"headline\":\"Ex-Flamengo \u00e9 sincero ao falar sobre Juninho: &#8220;N\u00e3o concordo\u2026&#8221;\",\"datePublished\":\"2025-03-30T22:50:26+00:00\",\"mainEntityOfPage\":{\"@id\":\"https:\/\/www.gaveanews.com\/index.php\/2025\/03\/30\/ex-flamengo-e-sincero-ao-falar-sobre-juninho-nao-concordo\/\"},\"wordCount\":387,\"commentCount\":0,\"image\":{\"@id\":\"https:\/\/www.gaveanews.com\/index.php\/2025\/03\/30\/ex-flamengo-e-sincero-ao-falar-sobre-juninho-nao-concordo\/#primaryimage\"},\"thumbnailUrl\":\"https:\/\/www.gaveanews.com\/wp-content\/uploads\/Juninho-com-a-camisa-do-Flamengo-em-2025.webp\",\"articleSection\":[\"Flamengo\"],\"inLanguage\":\"pt-BR\",\"potentialAction\":[{\"@type\":\"CommentAction\",\"name\":\"Comment\",\"target\":[\"https:\/\/www.gaveanews.com\/index.php\/2025\/03\/30\/ex-flamengo-e-sincero-ao-falar-sobre-juninho-nao-concordo\/#respond\"]}],\"copyrightYear\":\"2025\",\"copyrightHolder\":{\"@id\":\"https:\/\/www.gaveanews.com\/#organization\"}},{\"@type\":\"WebPage\",\"@id\":\"https:\/\/www.gaveanews.com\/index.php\/2025\/03\/30\/ex-flamengo-e-sincero-ao-falar-sobre-juninho-nao-concordo\/\",\"url\":\"https:\/\/www.gaveanews.com\/index.php\/2025\/03\/30\/ex-flamengo-e-sincero-ao-falar-sobre-juninho-nao-concordo\/\",\"name\":\"Ex-Flamengo \u00e9 sincero ao falar sobre Juninho: \\\"N\u00e3o concordo\u2026\\\"\",\"isPartOf\":{\"@id\":\"https:\/\/www.gaveanews.com\/#website\"},\"primaryImageOfPage\":{\"@id\":\"https:\/\/www.gaveanews.com\/index.php\/2025\/03\/30\/ex-flamengo-e-sincero-ao-falar-sobre-juninho-nao-concordo\/#primaryimage\"},\"image\":{\"@id\":\"https:\/\/www.gaveanews.com\/index.php\/2025\/03\/30\/ex-flamengo-e-sincero-ao-falar-sobre-juninho-nao-concordo\/#primaryimage\"},\"thumbnailUrl\":\"https:\/\/www.gaveanews.com\/wp-content\/uploads\/Juninho-com-a-camisa-do-Flamengo-em-2025.webp\",\"datePublished\":\"2025-03-30T22:50:26+00:00\",\"author\":{\"@id\":\"https:\/\/www.gaveanews.com\/#\/schema\/person\/f42654babcd2b2014a1a65af82b081f1\"},\"breadcrumb\":{\"@id\":\"https:\/\/www.gaveanews.com\/index.php\/2025\/03\/30\/ex-flamengo-e-sincero-ao-falar-sobre-juninho-nao-concordo\/#breadcrumb\"},\"inLanguage\":\"pt-BR\",\"potentialAction\":[{\"@type\":\"ReadAction\",\"target\":[\"https:\/\/www.gaveanews.com\/index.php\/2025\/03\/30\/ex-flamengo-e-sincero-ao-falar-sobre-juninho-nao-concordo\/\"]}]},{\"@type\":\"ImageObject\",\"inLanguage\":\"pt-BR\",\"@id\":\"https:\/\/www.gaveanews.com\/index.php\/2025\/03\/30\/ex-flamengo-e-sincero-ao-falar-sobre-juninho-nao-concordo\/#primaryimage\",\"url\":\"https:\/\/www.gaveanews.com\/wp-content\/uploads\/Juninho-com-a-camisa-do-Flamengo-em-2025.webp\",\"contentUrl\":\"https:\/\/www.gaveanews.com\/wp-content\/uploads\/Juninho-com-a-camisa-do-Flamengo-em-2025.webp\",\"width\":900,\"height\":600,\"caption\":\"Juninho com a camisa do Flamengo em 2025 (Foto: Gilvan de Souza\/Flamengo)\"},{\"@type\":\"BreadcrumbList\",\"@id\":\"https:\/\/www.gaveanews.com\/index.php\/2025\/03\/30\/ex-flamengo-e-sincero-ao-falar-sobre-juninho-nao-concordo\/#breadcrumb\",\"itemListElement\":[{\"@type\":\"ListItem\",\"position\":1,\"name\":\"Home\",\"item\":\"https:\/\/www.gaveanews.com\/\"},{\"@type\":\"ListItem\",\"position\":2,\"name\":\"Ex-Flamengo \u00e9 sincero ao falar sobre Juninho: &#8220;N\u00e3o concordo\u2026&#8221;\"}]},{\"@type\":\"WebSite\",\"@id\":\"https:\/\/www.gaveanews.com\/#website\",\"url\":\"https:\/\/www.gaveanews.com\/\",\"name\":\"G\u00e1vea News\",\"description\":\"Veja todas as not\u00edcias sobre o Flamengo: Contrata\u00e7\u00f5es, categorias de base, resultados das partidas, tabela de classifica\u00e7\u00e3o, pr\u00f3ximos jogos!\",\"potentialAction\":[{\"@type\":\"SearchAction\",\"target\":{\"@type\":\"EntryPoint\",\"urlTemplate\":\"https:\/\/www.gaveanews.com\/?s={search_term_string}\"},\"query-input\":{\"@type\":\"PropertyValueSpecification\",\"valueRequired\":true,\"valueName\":\"search_term_string\"}}],\"inLanguage\":\"pt-BR\"},{\"@type\":\"Person\",\"@id\":\"https:\/\/www.gaveanews.com\/#\/schema\/person\/f42654babcd2b2014a1a65af82b081f1\",\"name\":\"Geovanna Thomaz\",\"image\":{\"@type\":\"ImageObject\",\"inLanguage\":\"pt-BR\",\"@id\":\"https:\/\/www.gaveanews.com\/#\/schema\/person\/image\/\",\"url\":\"https:\/\/secure.gravatar.com\/avatar\/4092073255489533afb558984b49b64268c47198af8623cc82a925ae9fb7118a?s=96&d=mm&r=g\",\"contentUrl\":\"https:\/\/secure.gravatar.com\/avatar\/4092073255489533afb558984b49b64268c47198af8623cc82a925ae9fb7118a?s=96&d=mm&r=g\",\"caption\":\"Geovanna Thomaz\"}}]}<\/script>\n<!-- \/ Yoast SEO Premium plugin. -->","yoast_head_json":{"title":"Ex-Flamengo \u00e9 sincero ao falar sobre Juninho: \"N\u00e3o concordo\u2026\"","robots":{"index":"index","follow":"follow","max-snippet":"max-snippet:-1","max-image-preview":"max-image-preview:large","max-video-preview":"max-video-preview:-1"},"canonical":"https:\/\/www.gaveanews.com\/index.php\/2025\/03\/30\/ex-flamengo-e-sincero-ao-falar-sobre-juninho-nao-concordo\/","og_locale":"pt_BR","og_type":"article","og_title":"Ex-Flamengo \u00e9 sincero ao falar sobre Juninho: \"N\u00e3o concordo\u2026\"","og_description":"O atacante Juninho, contratado pelo Flamengo em 2025, recebeu cr\u00edticas ap\u00f3s perder uma grande chance na estreia do time no Campeonato Brasileiro, no empate por 1 a 1 contra o Internacional, no \u00faltimo s\u00e1bado (29), no Maracan\u00e3. O jogador acertou a trave em uma finaliza\u00e7\u00e3o clara de gol, o que gerou questionamentos da torcida. Diante [&hellip;]","og_url":"https:\/\/www.gaveanews.com\/index.php\/2025\/03\/30\/ex-flamengo-e-sincero-ao-falar-sobre-juninho-nao-concordo\/","og_site_name":"G\u00e1vea News","article_publisher":"https:\/\/facebook.com\/gaveaNews\/","article_published_time":"2025-03-30T22:50:26+00:00","og_image":[{"width":900,"height":600,"url":"https:\/\/www.gaveanews.com\/wp-content\/uploads\/Juninho-com-a-camisa-do-Flamengo-em-2025.webp","type":"image\/jpeg"}],"author":"Geovanna Thomaz","twitter_card":"summary_large_image","twitter_misc":{"Escrito por":"Geovanna Thomaz","Est. tempo de leitura":"3 minutos"},"schema":{"@context":"https:\/\/schema.org","@graph":[{"@type":"NewsArticle","@id":"https:\/\/www.gaveanews.com\/index.php\/2025\/03\/30\/ex-flamengo-e-sincero-ao-falar-sobre-juninho-nao-concordo\/#article","isPartOf":{"@id":"https:\/\/www.gaveanews.com\/index.php\/2025\/03\/30\/ex-flamengo-e-sincero-ao-falar-sobre-juninho-nao-concordo\/"},"author":{"name":"Geovanna Thomaz","@id":"https:\/\/www.gaveanews.com\/#\/schema\/person\/f42654babcd2b2014a1a65af82b081f1"},"headline":"Ex-Flamengo \u00e9 sincero ao falar sobre Juninho: &#8220;N\u00e3o concordo\u2026&#8221;","datePublished":"2025-03-30T22:50:26+00:00","mainEntityOfPage":{"@id":"https:\/\/www.gaveanews.com\/index.php\/2025\/03\/30\/ex-flamengo-e-sincero-ao-falar-sobre-juninho-nao-concordo\/"},"wordCount":387,"commentCount":0,"image":{"@id":"https:\/\/www.gaveanews.com\/index.php\/2025\/03\/30\/ex-flamengo-e-sincero-ao-falar-sobre-juninho-nao-concordo\/#primaryimage"},"thumbnailUrl":"https:\/\/www.gaveanews.com\/wp-content\/uploads\/Juninho-com-a-camisa-do-Flamengo-em-2025.webp","articleSection":["Flamengo"],"inLanguage":"pt-BR","potentialAction":[{"@type":"CommentAction","name":"Comment","target":["https:\/\/www.gaveanews.com\/index.php\/2025\/03\/30\/ex-flamengo-e-sincero-ao-falar-sobre-juninho-nao-concordo\/#respond"]}],"copyrightYear":"2025","copyrightHolder":{"@id":"https:\/\/www.gaveanews.com\/#organization"}},{"@type":"WebPage","@id":"https:\/\/www.gaveanews.com\/index.php\/2025\/03\/30\/ex-flamengo-e-sincero-ao-falar-sobre-juninho-nao-concordo\/","url":"https:\/\/www.gaveanews.com\/index.php\/2025\/03\/30\/ex-flamengo-e-sincero-ao-falar-sobre-juninho-nao-concordo\/","name":"Ex-Flamengo \u00e9 sincero ao falar sobre Juninho: \"N\u00e3o concordo\u2026\"","isPartOf":{"@id":"https:\/\/www.gaveanews.com\/#website"},"primaryImageOfPage":{"@id":"https:\/\/www.gaveanews.com\/index.php\/2025\/03\/30\/ex-flamengo-e-sincero-ao-falar-sobre-juninho-nao-concordo\/#primaryimage"},"image":{"@id":"https:\/\/www.gaveanews.com\/index.php\/2025\/03\/30\/ex-flamengo-e-sincero-ao-falar-sobre-juninho-nao-concordo\/#primaryimage"},"thumbnailUrl":"https:\/\/www.gaveanews.com\/wp-content\/uploads\/Juninho-com-a-camisa-do-Flamengo-em-2025.webp","datePublished":"2025-03-30T22:50:26+00:00","author":{"@id":"https:\/\/www.gaveanews.com\/#\/schema\/person\/f42654babcd2b2014a1a65af82b081f1"},"breadcrumb":{"@id":"https:\/\/www.gaveanews.com\/index.php\/2025\/03\/30\/ex-flamengo-e-sincero-ao-falar-sobre-juninho-nao-concordo\/#breadcrumb"},"inLanguage":"pt-BR","potentialAction":[{"@type":"ReadAction","target":["https:\/\/www.gaveanews.com\/index.php\/2025\/03\/30\/ex-flamengo-e-sincero-ao-falar-sobre-juninho-nao-concordo\/"]}]},{"@type":"ImageObject","inLanguage":"pt-BR","@id":"https:\/\/www.gaveanews.com\/index.php\/2025\/03\/30\/ex-flamengo-e-sincero-ao-falar-sobre-juninho-nao-concordo\/#primaryimage","url":"https:\/\/www.gaveanews.com\/wp-content\/uploads\/Juninho-com-a-camisa-do-Flamengo-em-2025.webp","contentUrl":"https:\/\/www.gaveanews.com\/wp-content\/uploads\/Juninho-com-a-camisa-do-Flamengo-em-2025.webp","width":900,"height":600,"caption":"Juninho com a camisa do Flamengo em 2025 (Foto: Gilvan de Souza\/Flamengo)"},{"@type":"BreadcrumbList","@id":"https:\/\/www.gaveanews.com\/index.php\/2025\/03\/30\/ex-flamengo-e-sincero-ao-falar-sobre-juninho-nao-concordo\/#breadcrumb","itemListElement":[{"@type":"ListItem","position":1,"name":"Home","item":"https:\/\/www.gaveanews.com\/"},{"@type":"ListItem","position":2,"name":"Ex-Flamengo \u00e9 sincero ao falar sobre Juninho: &#8220;N\u00e3o concordo\u2026&#8221;"}]},{"@type":"WebSite","@id":"https:\/\/www.gaveanews.com\/#website","url":"https:\/\/www.gaveanews.com\/","name":"G\u00e1vea News","description":"Veja todas as not\u00edcias sobre o Flamengo: Contrata\u00e7\u00f5es, categorias de base, resultados das partidas, tabela de classifica\u00e7\u00e3o, pr\u00f3ximos jogos!","potentialAction":[{"@type":"SearchAction","target":{"@type":"EntryPoint","urlTemplate":"https:\/\/www.gaveanews.com\/?s={search_term_string}"},"query-input":{"@type":"PropertyValueSpecification","valueRequired":true,"valueName":"search_term_string"}}],"inLanguage":"pt-BR"},{"@type":"Person","@id":"https:\/\/www.gaveanews.com\/#\/schema\/person\/f42654babcd2b2014a1a65af82b081f1","name":"Geovanna Thomaz","image":{"@type":"ImageObject","inLanguage":"pt-BR","@id":"https:\/\/www.gaveanews.com\/#\/schema\/person\/image\/","url":"https:\/\/secure.gravatar.com\/avatar\/4092073255489533afb558984b49b64268c47198af8623cc82a925ae9fb7118a?s=96&d=mm&r=g","contentUrl":"https:\/\/secure.gravatar.com\/avatar\/4092073255489533afb558984b49b64268c47198af8623cc82a925ae9fb7118a?s=96&d=mm&r=g","caption":"Geovanna Thomaz"}}]}},"_links":{"self":[{"href":"https:\/\/www.gaveanews.com\/index.php\/wp-json\/wp\/v2\/posts\/246708","targetHints":{"allow":["GET"]}}],"collection":[{"href":"https:\/\/www.gaveanews.com\/index.php\/wp-json\/wp\/v2\/posts"}],"about":[{"href":"https:\/\/www.gaveanews.com\/index.php\/wp-json\/wp\/v2\/types\/post"}],"author":[{"embeddable":true,"href":"https:\/\/www.gaveanews.com\/index.php\/wp-json\/wp\/v2\/users\/17"}],"replies":[{"embeddable":true,"href":"https:\/\/www.gaveanews.com\/index.php\/wp-json\/wp\/v2\/comments?post=246708"}],"version-history":[{"count":1,"href":"https:\/\/www.gaveanews.com\/index.php\/wp-json\/wp\/v2\/posts\/246708\/revisions"}],"predecessor-version":[{"id":246711,"href":"https:\/\/www.gaveanews.com\/index.php\/wp-json\/wp\/v2\/posts\/246708\/revisions\/246711"}],"wp:featuredmedia":[{"embeddable":true,"href":"https:\/\/www.gaveanews.com\/index.php\/wp-json\/wp\/v2\/media\/244427"}],"wp:attachment":[{"href":"https:\/\/www.gaveanews.com\/index.php\/wp-json\/wp\/v2\/media?parent=246708"}],"wp:term":[{"taxonomy":"category","embeddable":true,"href":"https:\/\/www.gaveanews.com\/index.php\/wp-json\/wp\/v2\/categories?post=246708"},{"taxonomy":"post_tag","embeddable":true,"href":"https:\/\/www.gaveanews.com\/index.php\/wp-json\/wp\/v2\/tags?post=246708"}],"curies":[{"name":"wp","href":"https:\/\/api.w.org\/{rel}","templated":true}]}}