{"id":246710,"date":"2025-03-30T19:55:20","date_gmt":"2025-03-30T22:55:20","guid":{"rendered":"https:\/\/www.gaveanews.com\/?p=246710"},"modified":"2025-03-30T19:34:45","modified_gmt":"2025-03-30T22:34:45","slug":"kylian-mbappe-atinge-marca-de-cristiano-ronaldo-no-real-madrid","status":"publish","type":"post","link":"https:\/\/www.gaveanews.com\/index.php\/2025\/03\/30\/kylian-mbappe-atinge-marca-de-cristiano-ronaldo-no-real-madrid\/","title":{"rendered":"Kylian Mbapp\u00e9 atinge marca de Cristiano Ronaldo no Real Madrid"},"content":{"rendered":"\n<h2 class=\"wp-block-heading\" id=\"h-sabemos-o-que-ele-representa-para-todos-nos-disse-mbappe-sobre-cristiano\">&#8220;Sabemos o que ele representa para todos n\u00f3s&#8221;, disse Mbapp\u00e9 sobre Cristiano <\/h2>\n\n\n\n<p>Kylian Mbapp\u00e9 atingiu grande marca em sua carreira. O franc\u00eas marcou duas vezes no \u00faltimo s\u00e1bado na vit\u00f3ria merengue sobre o Legan\u00e9s por 3 a 2 e assim chegou a marca de 33 gols na temporada 2024\/25. Esse \u00e9 o mesmo n\u00famero de gols que Cristiano Ronaldo obteve em sua primeira temporada com a camisa do Real Madrid. <\/p>\n\n\n\n<p>Mbapp\u00e9 j\u00e1 soma 33 gols em 45 jogos disputados nesta temporada, tendo marcado em todas as competi\u00e7\u00f5es. Na temporada 2009\/10, Cristiano Ronaldo marcou 33 gols, mas em 35 partidas. <\/p>\n\n\n\n<p>&#8220;Eu e o Cristiano Ronaldo nos falamos frequentemente. Ele me d\u00e1 muitos conselhos. Estou muito feliz por igualar os gols dele nesta primeira temporada, sabemos o que ele representa para todos n\u00f3s. Mas a coisa mais importante \u00e9 ganhar t\u00edtulos pelo Real&#8221;, declarou Mbapp\u00e9 \u00e0 RMTV.<\/p>\n\n\n\n<p>Considerando toda a hist\u00f3ria do Real Madrid, o atacante franc\u00eas agora est\u00e1 atr\u00e1s apenas do chileno Iv\u00e1n Zamorano (37 gols) em n\u00famero de gols marcados na primeira temporada com a camisa merengue. No entanto, Mbapp\u00e9 ainda tem a oportunidade de disputar mais 16 jogos em 2024\/25.<\/p>\n\n\n\n<ol class=\"wp-block-list\">\n<li>Ivan Zamorano (1992\/93) &#8211; 37 gols em 45 jogos<\/li>\n\n\n\n<li>Cristiano Ronaldo (2009\/10) &#8211; 33 gols em 35 jogos<\/li>\n\n\n\n<li>Kylian Mbapp\u00e9 (2024\/25) &#8211; 33 gols em 45 jogos<\/li>\n\n\n\n<li>Ruud Van Nistelrooy (2006\/07) &#8211; 33 gols em 47 jogos<\/li>\n\n\n\n<li>Ronaldo Fen\u00f4meno (2002\/03) &#8211; 30 gols em 44 jogos<\/li>\n<\/ol>\n\n\n\n<p>No Campeonato Espanhol, Kylian \u00e9 o vice-artilheiro com 22 gols, tendo um a menos que Robert Lewandowski, do Barcelona. Na Champions League, o atacante franc\u00eas possui sete gols, quatro a menos que o artilheiro Raphinha, tamb\u00e9m do Bar\u00e7a. <\/p>\n\n\n\n<p>O triunfo do Real Madrid sobre o Legan\u00e9s mant\u00e9m a equipe merengue na vice-lideran\u00e7a da LaLiga com 63 pontos. O Barcelona venceu o Girona por 4 a 1 neste domingo e est\u00e1 no topo com 66 pontos.<\/p>\n","protected":false},"excerpt":{"rendered":"<p>&#8220;Sabemos o que ele representa para todos n\u00f3s&#8221;, disse Mbapp\u00e9 sobre Cristiano Kylian Mbapp\u00e9 atingiu grande marca em sua carreira. O franc\u00eas marcou duas vezes no \u00faltimo s\u00e1bado na vit\u00f3ria merengue sobre o Legan\u00e9s por 3 a 2 e assim chegou a marca de 33 gols na temporada 2024\/25. Esse \u00e9 o mesmo n\u00famero de [&hellip;]<\/p>\n","protected":false},"author":21,"featured_media":158755,"comment_status":"open","ping_status":"closed","sticky":false,"template":"","format":"standard","meta":{"footnotes":""},"categories":[88],"tags":[],"class_list":["post-246710","post","type-post","status-publish","format-standard","has-post-thumbnail","hentry","category-real-madrid"],"yoast_head":"<!-- This site is optimized with the Yoast SEO Premium plugin v24.2 (Yoast SEO v26.9) - https:\/\/yoast.com\/product\/yoast-seo-premium-wordpress\/ -->\n<title>Kylian Mbapp\u00e9 atinge marca de Cristiano Ronaldo no Real Madrid<\/title>\n<meta name=\"robots\" content=\"index, follow, max-snippet:-1, max-image-preview:large, max-video-preview:-1\" \/>\n<link rel=\"canonical\" href=\"https:\/\/www.gaveanews.com\/index.php\/2025\/03\/30\/kylian-mbappe-atinge-marca-de-cristiano-ronaldo-no-real-madrid\/\" \/>\n<meta property=\"og:locale\" content=\"pt_BR\" \/>\n<meta property=\"og:type\" content=\"article\" \/>\n<meta property=\"og:title\" content=\"Kylian Mbapp\u00e9 atinge marca de Cristiano Ronaldo no Real Madrid\" \/>\n<meta property=\"og:description\" content=\"&#8220;Sabemos o que ele representa para todos n\u00f3s&#8221;, disse Mbapp\u00e9 sobre Cristiano Kylian Mbapp\u00e9 atingiu grande marca em sua carreira. O franc\u00eas marcou duas vezes no \u00faltimo s\u00e1bado na vit\u00f3ria merengue sobre o Legan\u00e9s por 3 a 2 e assim chegou a marca de 33 gols na temporada 2024\/25. Esse \u00e9 o mesmo n\u00famero de [&hellip;]\" \/>\n<meta property=\"og:url\" content=\"https:\/\/www.gaveanews.com\/index.php\/2025\/03\/30\/kylian-mbappe-atinge-marca-de-cristiano-ronaldo-no-real-madrid\/\" \/>\n<meta property=\"og:site_name\" content=\"G\u00e1vea News\" \/>\n<meta property=\"article:publisher\" content=\"https:\/\/facebook.com\/gaveaNews\/\" \/>\n<meta property=\"article:published_time\" content=\"2025-03-30T22:55:20+00:00\" \/>\n<meta property=\"og:image\" content=\"https:\/\/www.gaveanews.com\/wp-content\/uploads\/Kylian-Mbappe-com-a-camisa-do-Real-Madrid-em-2024-1.webp\" \/>\n\t<meta property=\"og:image:width\" content=\"1350\" \/>\n\t<meta property=\"og:image:height\" content=\"900\" \/>\n\t<meta property=\"og:image:type\" content=\"image\/webp\" \/>\n<meta name=\"author\" content=\"Andr\u00e9 Serra\" \/>\n<meta name=\"twitter:card\" content=\"summary_large_image\" \/>\n<meta name=\"twitter:label1\" content=\"Escrito por\" \/>\n\t<meta name=\"twitter:data1\" content=\"Andr\u00e9 Serra\" \/>\n\t<meta name=\"twitter:label2\" content=\"Est. tempo de leitura\" \/>\n\t<meta name=\"twitter:data2\" content=\"2 minutos\" \/>\n<script type=\"application\/ld+json\" class=\"yoast-schema-graph\">{\"@context\":\"https:\/\/schema.org\",\"@graph\":[{\"@type\":\"NewsArticle\",\"@id\":\"https:\/\/www.gaveanews.com\/index.php\/2025\/03\/30\/kylian-mbappe-atinge-marca-de-cristiano-ronaldo-no-real-madrid\/#article\",\"isPartOf\":{\"@id\":\"https:\/\/www.gaveanews.com\/index.php\/2025\/03\/30\/kylian-mbappe-atinge-marca-de-cristiano-ronaldo-no-real-madrid\/\"},\"author\":{\"name\":\"Andr\u00e9 Serra\",\"@id\":\"https:\/\/www.gaveanews.com\/#\/schema\/person\/0277a79a1289c451c281ec0411d84f0c\"},\"headline\":\"Kylian Mbapp\u00e9 atinge marca de Cristiano Ronaldo no Real Madrid\",\"datePublished\":\"2025-03-30T22:55:20+00:00\",\"mainEntityOfPage\":{\"@id\":\"https:\/\/www.gaveanews.com\/index.php\/2025\/03\/30\/kylian-mbappe-atinge-marca-de-cristiano-ronaldo-no-real-madrid\/\"},\"wordCount\":307,\"commentCount\":0,\"image\":{\"@id\":\"https:\/\/www.gaveanews.com\/index.php\/2025\/03\/30\/kylian-mbappe-atinge-marca-de-cristiano-ronaldo-no-real-madrid\/#primaryimage\"},\"thumbnailUrl\":\"https:\/\/www.gaveanews.com\/wp-content\/uploads\/Kylian-Mbappe-com-a-camisa-do-Real-Madrid-em-2024-1.webp\",\"articleSection\":[\"Real Madrid\"],\"inLanguage\":\"pt-BR\",\"potentialAction\":[{\"@type\":\"CommentAction\",\"name\":\"Comment\",\"target\":[\"https:\/\/www.gaveanews.com\/index.php\/2025\/03\/30\/kylian-mbappe-atinge-marca-de-cristiano-ronaldo-no-real-madrid\/#respond\"]}],\"copyrightYear\":\"2025\",\"copyrightHolder\":{\"@id\":\"https:\/\/www.gaveanews.com\/#organization\"}},{\"@type\":\"WebPage\",\"@id\":\"https:\/\/www.gaveanews.com\/index.php\/2025\/03\/30\/kylian-mbappe-atinge-marca-de-cristiano-ronaldo-no-real-madrid\/\",\"url\":\"https:\/\/www.gaveanews.com\/index.php\/2025\/03\/30\/kylian-mbappe-atinge-marca-de-cristiano-ronaldo-no-real-madrid\/\",\"name\":\"Kylian Mbapp\u00e9 atinge marca de Cristiano Ronaldo no Real Madrid\",\"isPartOf\":{\"@id\":\"https:\/\/www.gaveanews.com\/#website\"},\"primaryImageOfPage\":{\"@id\":\"https:\/\/www.gaveanews.com\/index.php\/2025\/03\/30\/kylian-mbappe-atinge-marca-de-cristiano-ronaldo-no-real-madrid\/#primaryimage\"},\"image\":{\"@id\":\"https:\/\/www.gaveanews.com\/index.php\/2025\/03\/30\/kylian-mbappe-atinge-marca-de-cristiano-ronaldo-no-real-madrid\/#primaryimage\"},\"thumbnailUrl\":\"https:\/\/www.gaveanews.com\/wp-content\/uploads\/Kylian-Mbappe-com-a-camisa-do-Real-Madrid-em-2024-1.webp\",\"datePublished\":\"2025-03-30T22:55:20+00:00\",\"author\":{\"@id\":\"https:\/\/www.gaveanews.com\/#\/schema\/person\/0277a79a1289c451c281ec0411d84f0c\"},\"breadcrumb\":{\"@id\":\"https:\/\/www.gaveanews.com\/index.php\/2025\/03\/30\/kylian-mbappe-atinge-marca-de-cristiano-ronaldo-no-real-madrid\/#breadcrumb\"},\"inLanguage\":\"pt-BR\",\"potentialAction\":[{\"@type\":\"ReadAction\",\"target\":[\"https:\/\/www.gaveanews.com\/index.php\/2025\/03\/30\/kylian-mbappe-atinge-marca-de-cristiano-ronaldo-no-real-madrid\/\"]}]},{\"@type\":\"ImageObject\",\"inLanguage\":\"pt-BR\",\"@id\":\"https:\/\/www.gaveanews.com\/index.php\/2025\/03\/30\/kylian-mbappe-atinge-marca-de-cristiano-ronaldo-no-real-madrid\/#primaryimage\",\"url\":\"https:\/\/www.gaveanews.com\/wp-content\/uploads\/Kylian-Mbappe-com-a-camisa-do-Real-Madrid-em-2024-1.webp\",\"contentUrl\":\"https:\/\/www.gaveanews.com\/wp-content\/uploads\/Kylian-Mbappe-com-a-camisa-do-Real-Madrid-em-2024-1.webp\",\"width\":1350,\"height\":900,\"caption\":\"Kylian Mbapp\u00e9 com a camisa do Real Madrid em 2024 (Foto: Reprodu\u00e7\u00e3o\/Instagram)\"},{\"@type\":\"BreadcrumbList\",\"@id\":\"https:\/\/www.gaveanews.com\/index.php\/2025\/03\/30\/kylian-mbappe-atinge-marca-de-cristiano-ronaldo-no-real-madrid\/#breadcrumb\",\"itemListElement\":[{\"@type\":\"ListItem\",\"position\":1,\"name\":\"Home\",\"item\":\"https:\/\/www.gaveanews.com\/\"},{\"@type\":\"ListItem\",\"position\":2,\"name\":\"Kylian Mbapp\u00e9 atinge marca de Cristiano Ronaldo no Real Madrid\"}]},{\"@type\":\"WebSite\",\"@id\":\"https:\/\/www.gaveanews.com\/#website\",\"url\":\"https:\/\/www.gaveanews.com\/\",\"name\":\"G\u00e1vea News\",\"description\":\"Veja todas as not\u00edcias sobre o Flamengo: Contrata\u00e7\u00f5es, categorias de base, resultados das partidas, tabela de classifica\u00e7\u00e3o, pr\u00f3ximos jogos!\",\"potentialAction\":[{\"@type\":\"SearchAction\",\"target\":{\"@type\":\"EntryPoint\",\"urlTemplate\":\"https:\/\/www.gaveanews.com\/?s={search_term_string}\"},\"query-input\":{\"@type\":\"PropertyValueSpecification\",\"valueRequired\":true,\"valueName\":\"search_term_string\"}}],\"inLanguage\":\"pt-BR\"},{\"@type\":\"Person\",\"@id\":\"https:\/\/www.gaveanews.com\/#\/schema\/person\/0277a79a1289c451c281ec0411d84f0c\",\"name\":\"Andr\u00e9 Serra\",\"image\":{\"@type\":\"ImageObject\",\"inLanguage\":\"pt-BR\",\"@id\":\"https:\/\/www.gaveanews.com\/#\/schema\/person\/image\/\",\"url\":\"https:\/\/secure.gravatar.com\/avatar\/d7231369fe48db93292b3e88eb2162dbd9a34a47a8437d9ef3bcaca2a86a83d7?s=96&d=mm&r=g\",\"contentUrl\":\"https:\/\/secure.gravatar.com\/avatar\/d7231369fe48db93292b3e88eb2162dbd9a34a47a8437d9ef3bcaca2a86a83d7?s=96&d=mm&r=g\",\"caption\":\"Andr\u00e9 Serra\"}}]}<\/script>\n<!-- \/ Yoast SEO Premium plugin. -->","yoast_head_json":{"title":"Kylian Mbapp\u00e9 atinge marca de Cristiano Ronaldo no Real Madrid","robots":{"index":"index","follow":"follow","max-snippet":"max-snippet:-1","max-image-preview":"max-image-preview:large","max-video-preview":"max-video-preview:-1"},"canonical":"https:\/\/www.gaveanews.com\/index.php\/2025\/03\/30\/kylian-mbappe-atinge-marca-de-cristiano-ronaldo-no-real-madrid\/","og_locale":"pt_BR","og_type":"article","og_title":"Kylian Mbapp\u00e9 atinge marca de Cristiano Ronaldo no Real Madrid","og_description":"&#8220;Sabemos o que ele representa para todos n\u00f3s&#8221;, disse Mbapp\u00e9 sobre Cristiano Kylian Mbapp\u00e9 atingiu grande marca em sua carreira. O franc\u00eas marcou duas vezes no \u00faltimo s\u00e1bado na vit\u00f3ria merengue sobre o Legan\u00e9s por 3 a 2 e assim chegou a marca de 33 gols na temporada 2024\/25. Esse \u00e9 o mesmo n\u00famero de [&hellip;]","og_url":"https:\/\/www.gaveanews.com\/index.php\/2025\/03\/30\/kylian-mbappe-atinge-marca-de-cristiano-ronaldo-no-real-madrid\/","og_site_name":"G\u00e1vea News","article_publisher":"https:\/\/facebook.com\/gaveaNews\/","article_published_time":"2025-03-30T22:55:20+00:00","og_image":[{"width":1350,"height":900,"url":"https:\/\/www.gaveanews.com\/wp-content\/uploads\/Kylian-Mbappe-com-a-camisa-do-Real-Madrid-em-2024-1.webp","type":"image\/webp"}],"author":"Andr\u00e9 Serra","twitter_card":"summary_large_image","twitter_misc":{"Escrito por":"Andr\u00e9 Serra","Est. tempo de leitura":"2 minutos"},"schema":{"@context":"https:\/\/schema.org","@graph":[{"@type":"NewsArticle","@id":"https:\/\/www.gaveanews.com\/index.php\/2025\/03\/30\/kylian-mbappe-atinge-marca-de-cristiano-ronaldo-no-real-madrid\/#article","isPartOf":{"@id":"https:\/\/www.gaveanews.com\/index.php\/2025\/03\/30\/kylian-mbappe-atinge-marca-de-cristiano-ronaldo-no-real-madrid\/"},"author":{"name":"Andr\u00e9 Serra","@id":"https:\/\/www.gaveanews.com\/#\/schema\/person\/0277a79a1289c451c281ec0411d84f0c"},"headline":"Kylian Mbapp\u00e9 atinge marca de Cristiano Ronaldo no Real Madrid","datePublished":"2025-03-30T22:55:20+00:00","mainEntityOfPage":{"@id":"https:\/\/www.gaveanews.com\/index.php\/2025\/03\/30\/kylian-mbappe-atinge-marca-de-cristiano-ronaldo-no-real-madrid\/"},"wordCount":307,"commentCount":0,"image":{"@id":"https:\/\/www.gaveanews.com\/index.php\/2025\/03\/30\/kylian-mbappe-atinge-marca-de-cristiano-ronaldo-no-real-madrid\/#primaryimage"},"thumbnailUrl":"https:\/\/www.gaveanews.com\/wp-content\/uploads\/Kylian-Mbappe-com-a-camisa-do-Real-Madrid-em-2024-1.webp","articleSection":["Real Madrid"],"inLanguage":"pt-BR","potentialAction":[{"@type":"CommentAction","name":"Comment","target":["https:\/\/www.gaveanews.com\/index.php\/2025\/03\/30\/kylian-mbappe-atinge-marca-de-cristiano-ronaldo-no-real-madrid\/#respond"]}],"copyrightYear":"2025","copyrightHolder":{"@id":"https:\/\/www.gaveanews.com\/#organization"}},{"@type":"WebPage","@id":"https:\/\/www.gaveanews.com\/index.php\/2025\/03\/30\/kylian-mbappe-atinge-marca-de-cristiano-ronaldo-no-real-madrid\/","url":"https:\/\/www.gaveanews.com\/index.php\/2025\/03\/30\/kylian-mbappe-atinge-marca-de-cristiano-ronaldo-no-real-madrid\/","name":"Kylian Mbapp\u00e9 atinge marca de Cristiano Ronaldo no Real Madrid","isPartOf":{"@id":"https:\/\/www.gaveanews.com\/#website"},"primaryImageOfPage":{"@id":"https:\/\/www.gaveanews.com\/index.php\/2025\/03\/30\/kylian-mbappe-atinge-marca-de-cristiano-ronaldo-no-real-madrid\/#primaryimage"},"image":{"@id":"https:\/\/www.gaveanews.com\/index.php\/2025\/03\/30\/kylian-mbappe-atinge-marca-de-cristiano-ronaldo-no-real-madrid\/#primaryimage"},"thumbnailUrl":"https:\/\/www.gaveanews.com\/wp-content\/uploads\/Kylian-Mbappe-com-a-camisa-do-Real-Madrid-em-2024-1.webp","datePublished":"2025-03-30T22:55:20+00:00","author":{"@id":"https:\/\/www.gaveanews.com\/#\/schema\/person\/0277a79a1289c451c281ec0411d84f0c"},"breadcrumb":{"@id":"https:\/\/www.gaveanews.com\/index.php\/2025\/03\/30\/kylian-mbappe-atinge-marca-de-cristiano-ronaldo-no-real-madrid\/#breadcrumb"},"inLanguage":"pt-BR","potentialAction":[{"@type":"ReadAction","target":["https:\/\/www.gaveanews.com\/index.php\/2025\/03\/30\/kylian-mbappe-atinge-marca-de-cristiano-ronaldo-no-real-madrid\/"]}]},{"@type":"ImageObject","inLanguage":"pt-BR","@id":"https:\/\/www.gaveanews.com\/index.php\/2025\/03\/30\/kylian-mbappe-atinge-marca-de-cristiano-ronaldo-no-real-madrid\/#primaryimage","url":"https:\/\/www.gaveanews.com\/wp-content\/uploads\/Kylian-Mbappe-com-a-camisa-do-Real-Madrid-em-2024-1.webp","contentUrl":"https:\/\/www.gaveanews.com\/wp-content\/uploads\/Kylian-Mbappe-com-a-camisa-do-Real-Madrid-em-2024-1.webp","width":1350,"height":900,"caption":"Kylian Mbapp\u00e9 com a camisa do Real Madrid em 2024 (Foto: Reprodu\u00e7\u00e3o\/Instagram)"},{"@type":"BreadcrumbList","@id":"https:\/\/www.gaveanews.com\/index.php\/2025\/03\/30\/kylian-mbappe-atinge-marca-de-cristiano-ronaldo-no-real-madrid\/#breadcrumb","itemListElement":[{"@type":"ListItem","position":1,"name":"Home","item":"https:\/\/www.gaveanews.com\/"},{"@type":"ListItem","position":2,"name":"Kylian Mbapp\u00e9 atinge marca de Cristiano Ronaldo no Real Madrid"}]},{"@type":"WebSite","@id":"https:\/\/www.gaveanews.com\/#website","url":"https:\/\/www.gaveanews.com\/","name":"G\u00e1vea News","description":"Veja todas as not\u00edcias sobre o Flamengo: Contrata\u00e7\u00f5es, categorias de base, resultados das partidas, tabela de classifica\u00e7\u00e3o, pr\u00f3ximos jogos!","potentialAction":[{"@type":"SearchAction","target":{"@type":"EntryPoint","urlTemplate":"https:\/\/www.gaveanews.com\/?s={search_term_string}"},"query-input":{"@type":"PropertyValueSpecification","valueRequired":true,"valueName":"search_term_string"}}],"inLanguage":"pt-BR"},{"@type":"Person","@id":"https:\/\/www.gaveanews.com\/#\/schema\/person\/0277a79a1289c451c281ec0411d84f0c","name":"Andr\u00e9 Serra","image":{"@type":"ImageObject","inLanguage":"pt-BR","@id":"https:\/\/www.gaveanews.com\/#\/schema\/person\/image\/","url":"https:\/\/secure.gravatar.com\/avatar\/d7231369fe48db93292b3e88eb2162dbd9a34a47a8437d9ef3bcaca2a86a83d7?s=96&d=mm&r=g","contentUrl":"https:\/\/secure.gravatar.com\/avatar\/d7231369fe48db93292b3e88eb2162dbd9a34a47a8437d9ef3bcaca2a86a83d7?s=96&d=mm&r=g","caption":"Andr\u00e9 Serra"}}]}},"_links":{"self":[{"href":"https:\/\/www.gaveanews.com\/index.php\/wp-json\/wp\/v2\/posts\/246710","targetHints":{"allow":["GET"]}}],"collection":[{"href":"https:\/\/www.gaveanews.com\/index.php\/wp-json\/wp\/v2\/posts"}],"about":[{"href":"https:\/\/www.gaveanews.com\/index.php\/wp-json\/wp\/v2\/types\/post"}],"author":[{"embeddable":true,"href":"https:\/\/www.gaveanews.com\/index.php\/wp-json\/wp\/v2\/users\/21"}],"replies":[{"embeddable":true,"href":"https:\/\/www.gaveanews.com\/index.php\/wp-json\/wp\/v2\/comments?post=246710"}],"version-history":[{"count":1,"href":"https:\/\/www.gaveanews.com\/index.php\/wp-json\/wp\/v2\/posts\/246710\/revisions"}],"predecessor-version":[{"id":246718,"href":"https:\/\/www.gaveanews.com\/index.php\/wp-json\/wp\/v2\/posts\/246710\/revisions\/246718"}],"wp:featuredmedia":[{"embeddable":true,"href":"https:\/\/www.gaveanews.com\/index.php\/wp-json\/wp\/v2\/media\/158755"}],"wp:attachment":[{"href":"https:\/\/www.gaveanews.com\/index.php\/wp-json\/wp\/v2\/media?parent=246710"}],"wp:term":[{"taxonomy":"category","embeddable":true,"href":"https:\/\/www.gaveanews.com\/index.php\/wp-json\/wp\/v2\/categories?post=246710"},{"taxonomy":"post_tag","embeddable":true,"href":"https:\/\/www.gaveanews.com\/index.php\/wp-json\/wp\/v2\/tags?post=246710"}],"curies":[{"name":"wp","href":"https:\/\/api.w.org\/{rel}","templated":true}]}}