{"id":246729,"date":"2025-03-30T20:55:00","date_gmt":"2025-03-30T23:55:00","guid":{"rendered":"https:\/\/www.gaveanews.com\/?p=246729"},"modified":"2025-03-30T19:55:17","modified_gmt":"2025-03-30T22:55:17","slug":"organizada-do-palmeiras-protesta-contra-leila-pereira-e-abel-ferreira","status":"publish","type":"post","link":"https:\/\/www.gaveanews.com\/index.php\/2025\/03\/30\/organizada-do-palmeiras-protesta-contra-leila-pereira-e-abel-ferreira\/","title":{"rendered":"Organizada do Palmeiras protesta contra Leila Pereira e Abel Ferreira"},"content":{"rendered":"\n<p>O sentimento palmeirense j\u00e1 era de frustra\u00e7\u00e3o antes mesmo do empate sem gols com o Botafogo, na tarde deste domingo (30), pela estreia do Campeonato Brasileiro 2025. N\u00e3o \u00e0 toa, a Organizada Mancha Verde promoveu fortes cobran\u00e7as nas redes sociais horas antes do duelo no Allianz Parque, com a presidente Leila Pereira e o t\u00e9cnico Abel Ferreira como principais alvos da nota oficial. <\/p>\n\n\n\n<p>Na mensagem direcionada \u00e0 Leila Pereira, a torcida afirmou: \u201cO sil\u00eancio, \u00e0s vezes, \u00e9 uma virtude. No seu caso, seria um favor. Cada vez que voc\u00ea fala, desrespeita a hist\u00f3ria da S.E. Palmeiras. O tempo est\u00e1 passando, e a contagem regressiva [para o fim do mandato] j\u00e1 come\u00e7ou&#8221;. A Mancha ainda se comprometeu a lembr\u00e1-la sobre sua sa\u00edda por todos os dias at\u00e9 2026.<\/p>\n\n\n\n<p>&#8220;O sil\u00eancio, \u00e0s vezes, \u00e9 uma virtude. No seu caso, seria um favor. Cada vez que voc\u00ea fala, desrespeita a hist\u00f3ria da S.E. Palmeiras. O tempo est\u00e1 passando, e a contagem regressiva j\u00e1 come\u00e7ou. Fique tranquila, porque todo m\u00eas lembraremos a voc\u00ea e a todos quantos dias faltam para que seu ciclo como presidente chegue ao fim \u2013 e, com ele, sua presen\u00e7a na hist\u00f3ria do Palmeiras&#8221;. <\/p>\n\n\n\n<h2 class=\"wp-block-heading\" id=\"h-abel-ferreira\">Abel Ferreira<\/h2>\n\n\n\n<p>J\u00e1 o t\u00e9cnico portugu\u00eas, tido como intoc\u00e1vel at\u00e9 a temporada 2024, foi alvo de cobran\u00e7as sobre decis\u00f5es t\u00e1ticas e desempenho mais recente da equipe. O manifesto da Mancha teve o intuito de alert\u00e1-lo sobre a grandeza do clube, evidenciando que nada &#8211; tampouco algu\u00e9m &#8211; \u00e9 maior que a institui\u00e7\u00e3o. <\/p>\n\n\n\n<p>&#8220;Quando voc\u00ea chegou ao Palmeiras, era apenas mais um treinador buscando espa\u00e7o. Construiu uma hist\u00f3ria e conquistou t\u00edtulos \u2013 e por isso, o reconhecimento existe. Mas lembre-se: \ud835\uddc7\ud835\uddbe\ud835\uddc6 \ud835\uddc8 \ud835\uddc6\ud835\uddba\ud835\uddc2\ud835\uddc8\ud835\uddcb \ud835\uddcd\ud835\uddcb\ud835\uddbe\ud835\uddc2\ud835\uddc7\ud835\uddba\ud835\uddbd\ud835\uddc8\ud835\uddcb \ud835\uddbd\ud835\uddba \ud835\uddc7\ud835\uddc8\ud835\uddcc\ud835\uddcc\ud835\uddba \ud835\uddc1\ud835\uddc2\ud835\uddcc\ud835\uddcd\u00f3\ud835\uddcb\ud835\uddc2\ud835\uddba \u00e9 \ud835\uddc6\ud835\uddba\ud835\uddc2\ud835\uddc8\ud835\uddcb \ud835\uddbd\ud835\uddc8 \ud835\uddca\ud835\uddce\ud835\uddbe \ud835\uddba \ud835\uddad\ud835\uddae\ud835\uddb2\ud835\uddb2\ud835\udda0 \ud835\udda7\ud835\udda8\ud835\uddb2\ud835\uddb3\u00d3\ud835\uddb1\ud835\udda8\ud835\udda0. O Palmeiras n\u00e3o come\u00e7ou com voc\u00ea. J\u00e1 \u00e9ramos os maiores campe\u00f5es do Brasil antes da sua chegada. Seu papel \u00e9 claro: \ud835\uddcd\ud835\uddcb\ud835\uddbe\ud835\uddc2\ud835\uddc7\ud835\uddba\ud835\uddcb \ud835\uddc8 \ud835\uddcd\ud835\uddc2\ud835\uddc6\ud835\uddbe, \ud835\uddcb\ud835\uddbe\ud835\uddbc\ud835\uddce\ud835\uddc9\ud835\uddbe\ud835\uddcb\ud835\uddba\ud835\uddcb \ud835\uddc8 \ud835\uddcf\ud835\uddbe\ud835\uddcc\ud835\uddcd\ud835\uddc2\u00e1\ud835\uddcb\ud835\uddc2\ud835\uddc8 \ud835\uddbe \ud835\uddcd\ud835\uddcb\ud835\uddba\ud835\uddd3\ud835\uddbe\ud835\uddcb \ud835\uddbd\ud835\uddbe \ud835\uddcf\ud835\uddc8\ud835\uddc5\ud835\uddcd\ud835\uddba \ud835\uddba \ud835\uddc6\ud835\uddbe\ud835\uddc7\ud835\uddcd\ud835\uddba\ud835\uddc5\ud835\uddc2\ud835\uddbd\ud835\uddba\ud835\uddbd\ud835\uddbe \ud835\uddcf\ud835\uddbe\ud835\uddc7\ud835\uddbc\ud835\uddbe\ud835\uddbd\ud835\uddc8\ud835\uddcb\ud835\uddba.<\/p>\n\n\n\n<p>&#8220;A torcida n\u00e3o precisa de li\u00e7\u00f5es sobre como torcer. A arquibancada sabe quando apoiar e quando cobrar. Ent\u00e3o, concentre-se no que realmente importa. Seu descontrole no banco reflete no campo \u2013 e isso tem custado caro. \ud835\uddb3\ud835\uddbe\ud835\uddc7\ud835\uddc1\ud835\uddba \ud835\uddc9\ud835\uddc8\ud835\uddcc\ud835\uddcd\ud835\uddce\ud835\uddcb\ud835\uddba, \ud835\uddbc\ud835\uddc8\ud835\uddbb\ud835\uddcb\ud835\uddbe \ud835\uddca\ud835\uddce\ud835\uddbe\ud835\uddc6 \ud835\uddc9\ud835\uddcb\ud835\uddbe\ud835\uddbc\ud835\uddc2\ud835\uddcc\ud835\uddba \ud835\uddcc\ud835\uddbe\ud835\uddcb \ud835\uddbc\ud835\uddc8\ud835\uddbb\ud835\uddcb\ud835\uddba\ud835\uddbd\ud835\uddc8 \ud835\uddbe \ud835\uddc9\ud835\uddba\ud835\uddcb\ud835\uddbe \ud835\uddbd\ud835\uddbe \ud835\uddc9\ud835\uddcb\ud835\uddc8\ud835\uddcd\ud835\uddbe\ud835\uddc0\ud835\uddbe\ud835\uddcb \ud835\uddab\ud835\uddbe\ud835\uddc2\ud835\uddc5\ud835\uddba \ud835\uddbe \ud835\udda1\ud835\uddba\ud835\uddcb\ud835\uddcb\ud835\uddc8\ud835\uddcc. Futebol se vence com estrat\u00e9gia, n\u00e3o apenas jogando tudo no talento de Estev\u00e3o. <\/p>\n\n\n\n<p>Voc\u00ea j\u00e1 assinou um pr\u00e9-contrato e voltou atr\u00e1s, prejudicando o clube financeiramente. \ud835\uddb2\ud835\uddbe \ud835\uddc7\u00e3\ud835\uddc8 \ud835\uddbe\ud835\uddcc\ud835\uddcd\u00e1 \ud835\uddbf\ud835\uddbe\ud835\uddc5\ud835\uddc2\ud835\uddd3, \ud835\uddc9\ud835\uddbe\u00e7\ud835\uddba \ud835\uddc9\ud835\uddba\ud835\uddcb\ud835\uddba \ud835\uddcc\ud835\uddba\ud835\uddc2\ud835\uddcb. Afinal, ciclos n\u00e3o se encerram? Lembrando que trabalha no Brasil ganhando sal\u00e1rio Europeu (n\u00e3o est\u00e1 fazendo favor)&#8221;, dizia o trecho direcionado ao portugu\u00eas. <\/p>\n\n\n\n<h2 class=\"wp-block-heading\" id=\"h-publicacao-da-organizada-do-palmeiras\">Publica\u00e7\u00e3o da Organizada do Palmeiras<\/h2>\n\n\n\n<blockquote class=\"instagram-media\" data-instgrm-captioned data-instgrm-permalink=\"https:\/\/www.instagram.com\/p\/DH1L_NdJd8K\/?utm_source=ig_embed&amp;utm_campaign=loading\" data-instgrm-version=\"14\" style=\" background:#FFF; border:0; border-radius:3px; box-shadow:0 0 1px 0 rgba(0,0,0,0.5),0 1px 10px 0 rgba(0,0,0,0.15); margin: 1px; max-width:540px; min-width:326px; padding:0; width:99.375%; width:-webkit-calc(100% - 2px); width:calc(100% - 2px);\"><div style=\"padding:16px;\"> <a href=\"https:\/\/www.instagram.com\/p\/DH1L_NdJd8K\/?utm_source=ig_embed&amp;utm_campaign=loading\" style=\" background:#FFFFFF; line-height:0; padding:0 0; text-align:center; text-decoration:none; width:100%;\" target=\"_blank\"> <div style=\" display: flex; flex-direction: row; align-items: center;\"> <div style=\"background-color: #F4F4F4; border-radius: 50%; flex-grow: 0; height: 40px; margin-right: 14px; width: 40px;\"><\/div> <div style=\"display: flex; flex-direction: column; flex-grow: 1; justify-content: center;\"> <div style=\" background-color: #F4F4F4; border-radius: 4px; flex-grow: 0; height: 14px; margin-bottom: 6px; width: 100px;\"><\/div> <div style=\" background-color: #F4F4F4; border-radius: 4px; flex-grow: 0; height: 14px; width: 60px;\"><\/div><\/div><\/div><div style=\"padding: 19% 0;\"><\/div> <div style=\"display:block; height:50px; margin:0 auto 12px; width:50px;\"><svg width=\"50px\" height=\"50px\" viewBox=\"0 0 60 60\" version=\"1.1\" xmlns=\"https:\/\/www.w3.org\/2000\/svg\" xmlns:xlink=\"https:\/\/www.w3.org\/1999\/xlink\"><g stroke=\"none\" stroke-width=\"1\" fill=\"none\" fill-rule=\"evenodd\"><g transform=\"translate(-511.000000, -20.000000)\" fill=\"#000000\"><g><path d=\"M556.869,30.41 C554.814,30.41 553.148,32.076 553.148,34.131 C553.148,36.186 554.814,37.852 556.869,37.852 C558.924,37.852 560.59,36.186 560.59,34.131 C560.59,32.076 558.924,30.41 556.869,30.41 M541,60.657 C535.114,60.657 530.342,55.887 530.342,50 C530.342,44.114 535.114,39.342 541,39.342 C546.887,39.342 551.658,44.114 551.658,50 C551.658,55.887 546.887,60.657 541,60.657 M541,33.886 C532.1,33.886 524.886,41.1 524.886,50 C524.886,58.899 532.1,66.113 541,66.113 C549.9,66.113 557.115,58.899 557.115,50 C557.115,41.1 549.9,33.886 541,33.886 M565.378,62.101 C565.244,65.022 564.756,66.606 564.346,67.663 C563.803,69.06 563.154,70.057 562.106,71.106 C561.058,72.155 560.06,72.803 558.662,73.347 C557.607,73.757 556.021,74.244 553.102,74.378 C549.944,74.521 548.997,74.552 541,74.552 C533.003,74.552 532.056,74.521 528.898,74.378 C525.979,74.244 524.393,73.757 523.338,73.347 C521.94,72.803 520.942,72.155 519.894,71.106 C518.846,70.057 518.197,69.06 517.654,67.663 C517.244,66.606 516.755,65.022 516.623,62.101 C516.479,58.943 516.448,57.996 516.448,50 C516.448,42.003 516.479,41.056 516.623,37.899 C516.755,34.978 517.244,33.391 517.654,32.338 C518.197,30.938 518.846,29.942 519.894,28.894 C520.942,27.846 521.94,27.196 523.338,26.654 C524.393,26.244 525.979,25.756 528.898,25.623 C532.057,25.479 533.004,25.448 541,25.448 C548.997,25.448 549.943,25.479 553.102,25.623 C556.021,25.756 557.607,26.244 558.662,26.654 C560.06,27.196 561.058,27.846 562.106,28.894 C563.154,29.942 563.803,30.938 564.346,32.338 C564.756,33.391 565.244,34.978 565.378,37.899 C565.522,41.056 565.552,42.003 565.552,50 C565.552,57.996 565.522,58.943 565.378,62.101 M570.82,37.631 C570.674,34.438 570.167,32.258 569.425,30.349 C568.659,28.377 567.633,26.702 565.965,25.035 C564.297,23.368 562.623,22.342 560.652,21.575 C558.743,20.834 556.562,20.326 553.369,20.18 C550.169,20.033 549.148,20 541,20 C532.853,20 531.831,20.033 528.631,20.18 C525.438,20.326 523.257,20.834 521.349,21.575 C519.376,22.342 517.703,23.368 516.035,25.035 C514.368,26.702 513.342,28.377 512.574,30.349 C511.834,32.258 511.326,34.438 511.181,37.631 C511.035,40.831 511,41.851 511,50 C511,58.147 511.035,59.17 511.181,62.369 C511.326,65.562 511.834,67.743 512.574,69.651 C513.342,71.625 514.368,73.296 516.035,74.965 C517.703,76.634 519.376,77.658 521.349,78.425 C523.257,79.167 525.438,79.673 528.631,79.82 C531.831,79.965 532.853,80.001 541,80.001 C549.148,80.001 550.169,79.965 553.369,79.82 C556.562,79.673 558.743,79.167 560.652,78.425 C562.623,77.658 564.297,76.634 565.965,74.965 C567.633,73.296 568.659,71.625 569.425,69.651 C570.167,67.743 570.674,65.562 570.82,62.369 C570.966,59.17 571,58.147 571,50 C571,41.851 570.966,40.831 570.82,37.631\"><\/path><\/g><\/g><\/g><\/svg><\/div><div style=\"padding-top: 8px;\"> <div style=\" color:#3897f0; font-family:Arial,sans-serif; font-size:14px; font-style:normal; font-weight:550; line-height:18px;\">Ver essa foto no Instagram<\/div><\/div><div style=\"padding: 12.5% 0;\"><\/div> <div style=\"display: flex; flex-direction: row; margin-bottom: 14px; align-items: center;\"><div> <div style=\"background-color: #F4F4F4; border-radius: 50%; height: 12.5px; width: 12.5px; transform: translateX(0px) translateY(7px);\"><\/div> <div style=\"background-color: #F4F4F4; height: 12.5px; transform: rotate(-45deg) translateX(3px) translateY(1px); width: 12.5px; flex-grow: 0; margin-right: 14px; margin-left: 2px;\"><\/div> <div style=\"background-color: #F4F4F4; border-radius: 50%; height: 12.5px; width: 12.5px; transform: translateX(9px) translateY(-18px);\"><\/div><\/div><div style=\"margin-left: 8px;\"> <div style=\" background-color: #F4F4F4; border-radius: 50%; flex-grow: 0; height: 20px; width: 20px;\"><\/div> <div style=\" width: 0; height: 0; border-top: 2px solid transparent; border-left: 6px solid #f4f4f4; border-bottom: 2px solid transparent; transform: translateX(16px) translateY(-4px) rotate(30deg)\"><\/div><\/div><div style=\"margin-left: auto;\"> <div style=\" width: 0px; border-top: 8px solid #F4F4F4; border-right: 8px solid transparent; transform: translateY(16px);\"><\/div> <div style=\" background-color: #F4F4F4; flex-grow: 0; height: 12px; width: 16px; transform: translateY(-4px);\"><\/div> <div style=\" width: 0; height: 0; border-top: 8px solid #F4F4F4; border-left: 8px solid transparent; transform: translateY(-4px) translateX(8px);\"><\/div><\/div><\/div> <div style=\"display: flex; flex-direction: column; flex-grow: 1; justify-content: center; margin-bottom: 24px;\"> <div style=\" background-color: #F4F4F4; border-radius: 4px; flex-grow: 0; height: 14px; margin-bottom: 6px; width: 224px;\"><\/div> <div style=\" background-color: #F4F4F4; border-radius: 4px; flex-grow: 0; height: 14px; width: 144px;\"><\/div><\/div><\/a><p style=\" color:#c9c8cd; font-family:Arial,sans-serif; font-size:14px; line-height:17px; margin-bottom:0; margin-top:8px; overflow:hidden; padding:8px 0 7px; text-align:center; text-overflow:ellipsis; white-space:nowrap;\"><a href=\"https:\/\/www.instagram.com\/p\/DH1L_NdJd8K\/?utm_source=ig_embed&amp;utm_campaign=loading\" style=\" color:#c9c8cd; font-family:Arial,sans-serif; font-size:14px; font-style:normal; font-weight:normal; line-height:17px; text-decoration:none;\" target=\"_blank\">Uma publica\u00e7\u00e3o compartilhada por Mancha Alvi Verde (@manchaverdetorcida)<\/a><\/p><\/div><\/blockquote>\n<script async src=\"\/\/www.instagram.com\/embed.js\"><\/script>\n\n\n\n<h2 class=\"wp-block-heading\" id=\"h-estreia-no-brasileirao\">Estreia no Brasileir\u00e3o <\/h2>\n\n\n\n<p>O empate sem gols com o Botafogo refor\u00e7ou a insatisfa\u00e7\u00e3o do torcedor com o momento da equipe. Durante a etapa final, palmeirenses j\u00e1 cobravam uma mudan\u00e7a de postura do time nas arquibancadas. Posteriormente, ao fim da partida, o Allianz Parque ficou tomado pelas vaias &#8211; que se acumulavam pelo descontentamento com o vice-campeonato paulista para o Corinthians, h\u00e1 tr\u00eas dias. <\/p>\n\n\n\n<h2 class=\"wp-block-heading\" id=\"h-calendario\">Calend\u00e1rio<\/h2>\n\n\n\n<p>O pr\u00f3ximo confronto do Palmeiras na temporada \u00e9 outra estreia, mas pela Conmebol Libertadores da Am\u00e9rica. O Alviverde vai ao Peru para encarar o Sporting Cristal, nesta quinta-feira (03), \u00e0s 19h (de Bras\u00edlia).<\/p>\n\n\n\n<p>Pelo Brasileir\u00e3o, o pr\u00f3ximo compromisso ser\u00e1 fora de casa, na Ilha do Retiro, diante do Sport. O duelo est\u00e1 marcado para o pr\u00f3ximo domingo (06), \u00e0s 18h30.<\/p>\n","protected":false},"excerpt":{"rendered":"<p>O sentimento palmeirense j\u00e1 era de frustra\u00e7\u00e3o antes mesmo do empate sem gols com o Botafogo, na tarde deste domingo (30), pela estreia do Campeonato Brasileiro 2025. N\u00e3o \u00e0 toa, a Organizada Mancha Verde promoveu fortes cobran\u00e7as nas redes sociais horas antes do duelo no Allianz Parque, com a presidente Leila Pereira e o t\u00e9cnico [&hellip;]<\/p>\n","protected":false},"author":30,"featured_media":246732,"comment_status":"open","ping_status":"closed","sticky":false,"template":"","format":"standard","meta":{"footnotes":""},"categories":[150],"tags":[],"class_list":["post-246729","post","type-post","status-publish","format-standard","has-post-thumbnail","hentry","category-palmeiras"],"yoast_head":"<!-- This site is optimized with the Yoast SEO Premium plugin v24.2 (Yoast SEO v26.9) - https:\/\/yoast.com\/product\/yoast-seo-premium-wordpress\/ -->\n<title>Organizada do Palmeiras protesta contra Leila Pereira e Abel Ferreira<\/title>\n<meta name=\"robots\" content=\"index, follow, max-snippet:-1, max-image-preview:large, max-video-preview:-1\" \/>\n<link rel=\"canonical\" href=\"https:\/\/www.gaveanews.com\/index.php\/2025\/03\/30\/organizada-do-palmeiras-protesta-contra-leila-pereira-e-abel-ferreira\/\" \/>\n<meta property=\"og:locale\" content=\"pt_BR\" \/>\n<meta property=\"og:type\" content=\"article\" \/>\n<meta property=\"og:title\" content=\"Organizada do Palmeiras protesta contra Leila Pereira e Abel Ferreira\" \/>\n<meta property=\"og:description\" content=\"O sentimento palmeirense j\u00e1 era de frustra\u00e7\u00e3o antes mesmo do empate sem gols com o Botafogo, na tarde deste domingo (30), pela estreia do Campeonato Brasileiro 2025. N\u00e3o \u00e0 toa, a Organizada Mancha Verde promoveu fortes cobran\u00e7as nas redes sociais horas antes do duelo no Allianz Parque, com a presidente Leila Pereira e o t\u00e9cnico [&hellip;]\" \/>\n<meta property=\"og:url\" content=\"https:\/\/www.gaveanews.com\/index.php\/2025\/03\/30\/organizada-do-palmeiras-protesta-contra-leila-pereira-e-abel-ferreira\/\" \/>\n<meta property=\"og:site_name\" content=\"G\u00e1vea News\" \/>\n<meta property=\"article:publisher\" content=\"https:\/\/facebook.com\/gaveaNews\/\" \/>\n<meta property=\"article:published_time\" content=\"2025-03-30T23:55:00+00:00\" \/>\n<meta property=\"og:image\" content=\"https:\/\/www.gaveanews.com\/wp-content\/uploads\/Torcida-Mancha-Verde-no-Allianz-Parque.webp\" \/>\n\t<meta property=\"og:image:width\" content=\"1200\" \/>\n\t<meta property=\"og:image:height\" content=\"800\" \/>\n\t<meta property=\"og:image:type\" content=\"image\/png\" \/>\n<meta name=\"author\" content=\"Ana Teixeira\" \/>\n<meta name=\"twitter:card\" content=\"summary_large_image\" \/>\n<meta name=\"twitter:label1\" content=\"Escrito por\" \/>\n\t<meta name=\"twitter:data1\" content=\"Ana Teixeira\" \/>\n\t<meta name=\"twitter:label2\" content=\"Est. tempo de leitura\" \/>\n\t<meta name=\"twitter:data2\" content=\"4 minutos\" \/>\n<script type=\"application\/ld+json\" class=\"yoast-schema-graph\">{\"@context\":\"https:\/\/schema.org\",\"@graph\":[{\"@type\":\"NewsArticle\",\"@id\":\"https:\/\/www.gaveanews.com\/index.php\/2025\/03\/30\/organizada-do-palmeiras-protesta-contra-leila-pereira-e-abel-ferreira\/#article\",\"isPartOf\":{\"@id\":\"https:\/\/www.gaveanews.com\/index.php\/2025\/03\/30\/organizada-do-palmeiras-protesta-contra-leila-pereira-e-abel-ferreira\/\"},\"author\":{\"name\":\"Ana Teixeira\",\"@id\":\"https:\/\/www.gaveanews.com\/#\/schema\/person\/3b19f7288b0ce20372991275e4f2e6c2\"},\"headline\":\"Organizada do Palmeiras protesta contra Leila Pereira e Abel Ferreira\",\"datePublished\":\"2025-03-30T23:55:00+00:00\",\"mainEntityOfPage\":{\"@id\":\"https:\/\/www.gaveanews.com\/index.php\/2025\/03\/30\/organizada-do-palmeiras-protesta-contra-leila-pereira-e-abel-ferreira\/\"},\"wordCount\":572,\"commentCount\":0,\"image\":{\"@id\":\"https:\/\/www.gaveanews.com\/index.php\/2025\/03\/30\/organizada-do-palmeiras-protesta-contra-leila-pereira-e-abel-ferreira\/#primaryimage\"},\"thumbnailUrl\":\"https:\/\/www.gaveanews.com\/wp-content\/uploads\/Torcida-Mancha-Verde-no-Allianz-Parque.webp\",\"articleSection\":[\"Palmeiras\"],\"inLanguage\":\"pt-BR\",\"potentialAction\":[{\"@type\":\"CommentAction\",\"name\":\"Comment\",\"target\":[\"https:\/\/www.gaveanews.com\/index.php\/2025\/03\/30\/organizada-do-palmeiras-protesta-contra-leila-pereira-e-abel-ferreira\/#respond\"]}],\"copyrightYear\":\"2025\",\"copyrightHolder\":{\"@id\":\"https:\/\/www.gaveanews.com\/#organization\"}},{\"@type\":\"WebPage\",\"@id\":\"https:\/\/www.gaveanews.com\/index.php\/2025\/03\/30\/organizada-do-palmeiras-protesta-contra-leila-pereira-e-abel-ferreira\/\",\"url\":\"https:\/\/www.gaveanews.com\/index.php\/2025\/03\/30\/organizada-do-palmeiras-protesta-contra-leila-pereira-e-abel-ferreira\/\",\"name\":\"Organizada do Palmeiras protesta contra Leila Pereira e Abel Ferreira\",\"isPartOf\":{\"@id\":\"https:\/\/www.gaveanews.com\/#website\"},\"primaryImageOfPage\":{\"@id\":\"https:\/\/www.gaveanews.com\/index.php\/2025\/03\/30\/organizada-do-palmeiras-protesta-contra-leila-pereira-e-abel-ferreira\/#primaryimage\"},\"image\":{\"@id\":\"https:\/\/www.gaveanews.com\/index.php\/2025\/03\/30\/organizada-do-palmeiras-protesta-contra-leila-pereira-e-abel-ferreira\/#primaryimage\"},\"thumbnailUrl\":\"https:\/\/www.gaveanews.com\/wp-content\/uploads\/Torcida-Mancha-Verde-no-Allianz-Parque.webp\",\"datePublished\":\"2025-03-30T23:55:00+00:00\",\"author\":{\"@id\":\"https:\/\/www.gaveanews.com\/#\/schema\/person\/3b19f7288b0ce20372991275e4f2e6c2\"},\"breadcrumb\":{\"@id\":\"https:\/\/www.gaveanews.com\/index.php\/2025\/03\/30\/organizada-do-palmeiras-protesta-contra-leila-pereira-e-abel-ferreira\/#breadcrumb\"},\"inLanguage\":\"pt-BR\",\"potentialAction\":[{\"@type\":\"ReadAction\",\"target\":[\"https:\/\/www.gaveanews.com\/index.php\/2025\/03\/30\/organizada-do-palmeiras-protesta-contra-leila-pereira-e-abel-ferreira\/\"]}]},{\"@type\":\"ImageObject\",\"inLanguage\":\"pt-BR\",\"@id\":\"https:\/\/www.gaveanews.com\/index.php\/2025\/03\/30\/organizada-do-palmeiras-protesta-contra-leila-pereira-e-abel-ferreira\/#primaryimage\",\"url\":\"https:\/\/www.gaveanews.com\/wp-content\/uploads\/Torcida-Mancha-Verde-no-Allianz-Parque.webp\",\"contentUrl\":\"https:\/\/www.gaveanews.com\/wp-content\/uploads\/Torcida-Mancha-Verde-no-Allianz-Parque.webp\",\"width\":1200,\"height\":800},{\"@type\":\"BreadcrumbList\",\"@id\":\"https:\/\/www.gaveanews.com\/index.php\/2025\/03\/30\/organizada-do-palmeiras-protesta-contra-leila-pereira-e-abel-ferreira\/#breadcrumb\",\"itemListElement\":[{\"@type\":\"ListItem\",\"position\":1,\"name\":\"Home\",\"item\":\"https:\/\/www.gaveanews.com\/\"},{\"@type\":\"ListItem\",\"position\":2,\"name\":\"Organizada do Palmeiras protesta contra Leila Pereira e Abel Ferreira\"}]},{\"@type\":\"WebSite\",\"@id\":\"https:\/\/www.gaveanews.com\/#website\",\"url\":\"https:\/\/www.gaveanews.com\/\",\"name\":\"G\u00e1vea News\",\"description\":\"Veja todas as not\u00edcias sobre o Flamengo: Contrata\u00e7\u00f5es, categorias de base, resultados das partidas, tabela de classifica\u00e7\u00e3o, pr\u00f3ximos jogos!\",\"potentialAction\":[{\"@type\":\"SearchAction\",\"target\":{\"@type\":\"EntryPoint\",\"urlTemplate\":\"https:\/\/www.gaveanews.com\/?s={search_term_string}\"},\"query-input\":{\"@type\":\"PropertyValueSpecification\",\"valueRequired\":true,\"valueName\":\"search_term_string\"}}],\"inLanguage\":\"pt-BR\"},{\"@type\":\"Person\",\"@id\":\"https:\/\/www.gaveanews.com\/#\/schema\/person\/3b19f7288b0ce20372991275e4f2e6c2\",\"name\":\"Ana Teixeira\",\"image\":{\"@type\":\"ImageObject\",\"inLanguage\":\"pt-BR\",\"@id\":\"https:\/\/www.gaveanews.com\/#\/schema\/person\/image\/\",\"url\":\"https:\/\/secure.gravatar.com\/avatar\/0a73f5a5258f3fed37fc2fa641892f3f7a4748456d4d4792f9bc550e6c19e06c?s=96&d=mm&r=g\",\"contentUrl\":\"https:\/\/secure.gravatar.com\/avatar\/0a73f5a5258f3fed37fc2fa641892f3f7a4748456d4d4792f9bc550e6c19e06c?s=96&d=mm&r=g\",\"caption\":\"Ana Teixeira\"}}]}<\/script>\n<!-- \/ Yoast SEO Premium plugin. -->","yoast_head_json":{"title":"Organizada do Palmeiras protesta contra Leila Pereira e Abel Ferreira","robots":{"index":"index","follow":"follow","max-snippet":"max-snippet:-1","max-image-preview":"max-image-preview:large","max-video-preview":"max-video-preview:-1"},"canonical":"https:\/\/www.gaveanews.com\/index.php\/2025\/03\/30\/organizada-do-palmeiras-protesta-contra-leila-pereira-e-abel-ferreira\/","og_locale":"pt_BR","og_type":"article","og_title":"Organizada do Palmeiras protesta contra Leila Pereira e Abel Ferreira","og_description":"O sentimento palmeirense j\u00e1 era de frustra\u00e7\u00e3o antes mesmo do empate sem gols com o Botafogo, na tarde deste domingo (30), pela estreia do Campeonato Brasileiro 2025. N\u00e3o \u00e0 toa, a Organizada Mancha Verde promoveu fortes cobran\u00e7as nas redes sociais horas antes do duelo no Allianz Parque, com a presidente Leila Pereira e o t\u00e9cnico [&hellip;]","og_url":"https:\/\/www.gaveanews.com\/index.php\/2025\/03\/30\/organizada-do-palmeiras-protesta-contra-leila-pereira-e-abel-ferreira\/","og_site_name":"G\u00e1vea News","article_publisher":"https:\/\/facebook.com\/gaveaNews\/","article_published_time":"2025-03-30T23:55:00+00:00","og_image":[{"width":1200,"height":800,"url":"https:\/\/www.gaveanews.com\/wp-content\/uploads\/Torcida-Mancha-Verde-no-Allianz-Parque.webp","type":"image\/png"}],"author":"Ana Teixeira","twitter_card":"summary_large_image","twitter_misc":{"Escrito por":"Ana Teixeira","Est. tempo de leitura":"4 minutos"},"schema":{"@context":"https:\/\/schema.org","@graph":[{"@type":"NewsArticle","@id":"https:\/\/www.gaveanews.com\/index.php\/2025\/03\/30\/organizada-do-palmeiras-protesta-contra-leila-pereira-e-abel-ferreira\/#article","isPartOf":{"@id":"https:\/\/www.gaveanews.com\/index.php\/2025\/03\/30\/organizada-do-palmeiras-protesta-contra-leila-pereira-e-abel-ferreira\/"},"author":{"name":"Ana Teixeira","@id":"https:\/\/www.gaveanews.com\/#\/schema\/person\/3b19f7288b0ce20372991275e4f2e6c2"},"headline":"Organizada do Palmeiras protesta contra Leila Pereira e Abel Ferreira","datePublished":"2025-03-30T23:55:00+00:00","mainEntityOfPage":{"@id":"https:\/\/www.gaveanews.com\/index.php\/2025\/03\/30\/organizada-do-palmeiras-protesta-contra-leila-pereira-e-abel-ferreira\/"},"wordCount":572,"commentCount":0,"image":{"@id":"https:\/\/www.gaveanews.com\/index.php\/2025\/03\/30\/organizada-do-palmeiras-protesta-contra-leila-pereira-e-abel-ferreira\/#primaryimage"},"thumbnailUrl":"https:\/\/www.gaveanews.com\/wp-content\/uploads\/Torcida-Mancha-Verde-no-Allianz-Parque.webp","articleSection":["Palmeiras"],"inLanguage":"pt-BR","potentialAction":[{"@type":"CommentAction","name":"Comment","target":["https:\/\/www.gaveanews.com\/index.php\/2025\/03\/30\/organizada-do-palmeiras-protesta-contra-leila-pereira-e-abel-ferreira\/#respond"]}],"copyrightYear":"2025","copyrightHolder":{"@id":"https:\/\/www.gaveanews.com\/#organization"}},{"@type":"WebPage","@id":"https:\/\/www.gaveanews.com\/index.php\/2025\/03\/30\/organizada-do-palmeiras-protesta-contra-leila-pereira-e-abel-ferreira\/","url":"https:\/\/www.gaveanews.com\/index.php\/2025\/03\/30\/organizada-do-palmeiras-protesta-contra-leila-pereira-e-abel-ferreira\/","name":"Organizada do Palmeiras protesta contra Leila Pereira e Abel Ferreira","isPartOf":{"@id":"https:\/\/www.gaveanews.com\/#website"},"primaryImageOfPage":{"@id":"https:\/\/www.gaveanews.com\/index.php\/2025\/03\/30\/organizada-do-palmeiras-protesta-contra-leila-pereira-e-abel-ferreira\/#primaryimage"},"image":{"@id":"https:\/\/www.gaveanews.com\/index.php\/2025\/03\/30\/organizada-do-palmeiras-protesta-contra-leila-pereira-e-abel-ferreira\/#primaryimage"},"thumbnailUrl":"https:\/\/www.gaveanews.com\/wp-content\/uploads\/Torcida-Mancha-Verde-no-Allianz-Parque.webp","datePublished":"2025-03-30T23:55:00+00:00","author":{"@id":"https:\/\/www.gaveanews.com\/#\/schema\/person\/3b19f7288b0ce20372991275e4f2e6c2"},"breadcrumb":{"@id":"https:\/\/www.gaveanews.com\/index.php\/2025\/03\/30\/organizada-do-palmeiras-protesta-contra-leila-pereira-e-abel-ferreira\/#breadcrumb"},"inLanguage":"pt-BR","potentialAction":[{"@type":"ReadAction","target":["https:\/\/www.gaveanews.com\/index.php\/2025\/03\/30\/organizada-do-palmeiras-protesta-contra-leila-pereira-e-abel-ferreira\/"]}]},{"@type":"ImageObject","inLanguage":"pt-BR","@id":"https:\/\/www.gaveanews.com\/index.php\/2025\/03\/30\/organizada-do-palmeiras-protesta-contra-leila-pereira-e-abel-ferreira\/#primaryimage","url":"https:\/\/www.gaveanews.com\/wp-content\/uploads\/Torcida-Mancha-Verde-no-Allianz-Parque.webp","contentUrl":"https:\/\/www.gaveanews.com\/wp-content\/uploads\/Torcida-Mancha-Verde-no-Allianz-Parque.webp","width":1200,"height":800},{"@type":"BreadcrumbList","@id":"https:\/\/www.gaveanews.com\/index.php\/2025\/03\/30\/organizada-do-palmeiras-protesta-contra-leila-pereira-e-abel-ferreira\/#breadcrumb","itemListElement":[{"@type":"ListItem","position":1,"name":"Home","item":"https:\/\/www.gaveanews.com\/"},{"@type":"ListItem","position":2,"name":"Organizada do Palmeiras protesta contra Leila Pereira e Abel Ferreira"}]},{"@type":"WebSite","@id":"https:\/\/www.gaveanews.com\/#website","url":"https:\/\/www.gaveanews.com\/","name":"G\u00e1vea News","description":"Veja todas as not\u00edcias sobre o Flamengo: Contrata\u00e7\u00f5es, categorias de base, resultados das partidas, tabela de classifica\u00e7\u00e3o, pr\u00f3ximos jogos!","potentialAction":[{"@type":"SearchAction","target":{"@type":"EntryPoint","urlTemplate":"https:\/\/www.gaveanews.com\/?s={search_term_string}"},"query-input":{"@type":"PropertyValueSpecification","valueRequired":true,"valueName":"search_term_string"}}],"inLanguage":"pt-BR"},{"@type":"Person","@id":"https:\/\/www.gaveanews.com\/#\/schema\/person\/3b19f7288b0ce20372991275e4f2e6c2","name":"Ana Teixeira","image":{"@type":"ImageObject","inLanguage":"pt-BR","@id":"https:\/\/www.gaveanews.com\/#\/schema\/person\/image\/","url":"https:\/\/secure.gravatar.com\/avatar\/0a73f5a5258f3fed37fc2fa641892f3f7a4748456d4d4792f9bc550e6c19e06c?s=96&d=mm&r=g","contentUrl":"https:\/\/secure.gravatar.com\/avatar\/0a73f5a5258f3fed37fc2fa641892f3f7a4748456d4d4792f9bc550e6c19e06c?s=96&d=mm&r=g","caption":"Ana Teixeira"}}]}},"_links":{"self":[{"href":"https:\/\/www.gaveanews.com\/index.php\/wp-json\/wp\/v2\/posts\/246729","targetHints":{"allow":["GET"]}}],"collection":[{"href":"https:\/\/www.gaveanews.com\/index.php\/wp-json\/wp\/v2\/posts"}],"about":[{"href":"https:\/\/www.gaveanews.com\/index.php\/wp-json\/wp\/v2\/types\/post"}],"author":[{"embeddable":true,"href":"https:\/\/www.gaveanews.com\/index.php\/wp-json\/wp\/v2\/users\/30"}],"replies":[{"embeddable":true,"href":"https:\/\/www.gaveanews.com\/index.php\/wp-json\/wp\/v2\/comments?post=246729"}],"version-history":[{"count":2,"href":"https:\/\/www.gaveanews.com\/index.php\/wp-json\/wp\/v2\/posts\/246729\/revisions"}],"predecessor-version":[{"id":246776,"href":"https:\/\/www.gaveanews.com\/index.php\/wp-json\/wp\/v2\/posts\/246729\/revisions\/246776"}],"wp:featuredmedia":[{"embeddable":true,"href":"https:\/\/www.gaveanews.com\/index.php\/wp-json\/wp\/v2\/media\/246732"}],"wp:attachment":[{"href":"https:\/\/www.gaveanews.com\/index.php\/wp-json\/wp\/v2\/media?parent=246729"}],"wp:term":[{"taxonomy":"category","embeddable":true,"href":"https:\/\/www.gaveanews.com\/index.php\/wp-json\/wp\/v2\/categories?post=246729"},{"taxonomy":"post_tag","embeddable":true,"href":"https:\/\/www.gaveanews.com\/index.php\/wp-json\/wp\/v2\/tags?post=246729"}],"curies":[{"name":"wp","href":"https:\/\/api.w.org\/{rel}","templated":true}]}}