{"id":246763,"date":"2025-03-12T12:05:32","date_gmt":"2025-03-12T15:05:32","guid":{"rendered":"https:\/\/www.gaveanews.com\/?p=246763"},"modified":"2025-03-31T10:31:31","modified_gmt":"2025-03-31T13:31:31","slug":"a-declaracao-de-gabriel-menino-atletico-mg-direcionada-ao-palmeiras","status":"publish","type":"post","link":"https:\/\/www.gaveanews.com\/index.php\/2025\/03\/12\/a-declaracao-de-gabriel-menino-atletico-mg-direcionada-ao-palmeiras\/","title":{"rendered":"A declara\u00e7\u00e3o de Gabriel Menino, Atl\u00e9tico-MG, direcionada ao Palmeiras"},"content":{"rendered":"\n<p>O Atl\u00e9tico-MG, atual campe\u00e3o do Campeonato Mineiro e um dos clubes mais fortes do futebol brasileiro, segue com grandes ambi\u00e7\u00f5es para a temporada 2025. Gabriel Menino, um dos novos refor\u00e7os do time, chegou com a miss\u00e3o de ajudar o Galo a conquistar o Campeonato Brasileiro e outros t\u00edtulos importantes.<\/p>\n\n\n\n<p> O meio-campista, que deixou o Palmeiras, onde foi bicampe\u00e3o nacional, est\u00e1 animado para escrever um novo cap\u00edtulo em sua carreira e, em sua primeira participa\u00e7\u00e3o no clube mineiro, projetou a disputa do torneio nacional.<\/p>\n\n\n\n<p>\u201c\u00c9 um dos principais campeonatos que queremos conquistar. \u00c9 um campeonato dif\u00edcil, com muita concorr\u00eancia, mas estamos com um elenco forte. Acredito que vamos brigar para sermos campe\u00f5es\u201c, afirmou Gabriel Menino, mostrando total confian\u00e7a no potencial do time para chegar \u00e0 luta pelo t\u00edtulo.<\/p>\n\n\n\n<p>O Atl\u00e9tico-MG, que j\u00e1 possui uma equipe talentosa e experiente, tem no jovem volante uma pe\u00e7a importante para a temporada. Gabriel se junta a outros refor\u00e7os e jogadores de destaque, formando um elenco que promete brigar pelo t\u00edtulo do Brasileir\u00e3o e tamb\u00e9m por outros trof\u00e9us em 2025.<\/p>\n\n\n\n<p> O clube mineiro, que tradicionalmente briga nas primeiras posi\u00e7\u00f5es da tabela, espera que o bom entrosamento do grupo e as novas aquisi\u00e7\u00f5es, como o pr\u00f3prio Gabriel, fa\u00e7am a diferen\u00e7a ao longo do campeonato.<\/p>\n\n\n\n<p>A sa\u00edda do Palmeiras, seu clube de origem, para o Atl\u00e9tico-MG foi uma decis\u00e3o bem pensada e muito falada na m\u00eddia. Gabriel Menino, em um desabafo sincero, falou sobre o momento de sua vida que o levou a buscar novos horizontes.<\/p>\n\n\n\n<p> Para ele, a transfer\u00eancia foi uma oportunidade para viver novas experi\u00eancias e retomar sua felicidade dentro de campo, algo fundamental para um jogador que j\u00e1 conquistou tanto pelo Verd\u00e3o, mas buscava novos desafios em sua carreira.<\/p>\n\n\n\n<p>\u201cQuando surgiu a proposta, n\u00e3o pensei duas vezes. J\u00e1 tinha falado no fim do ano que queria viver novas experi\u00eancias. Estou jogando, voltei a ser feliz. N\u00e3o tem motiva\u00e7\u00e3o maior\u201c, explicou Gabriel.<\/p>\n\n\n\n<p>A chegada de Gabriel Menino ao Atl\u00e9tico-MG \u00e9 vista como uma importante adi\u00e7\u00e3o ao elenco, especialmente para refor\u00e7ar o meio-campo da equipe, que busca se manter competitivo e conquistar o Campeonato Brasileiro. <\/p>\n","protected":false},"excerpt":{"rendered":"<p>O Atl\u00e9tico-MG, atual campe\u00e3o do Campeonato Mineiro e um dos clubes mais fortes do futebol brasileiro, segue com grandes ambi\u00e7\u00f5es para a temporada 2025. Gabriel Menino, um dos novos refor\u00e7os do time, chegou com a miss\u00e3o de ajudar o Galo a conquistar o Campeonato Brasileiro e outros t\u00edtulos importantes. O meio-campista, que deixou o Palmeiras, [&hellip;]<\/p>\n","protected":false},"author":17,"featured_media":246496,"comment_status":"open","ping_status":"closed","sticky":false,"template":"","format":"standard","meta":{"footnotes":""},"categories":[136],"tags":[],"class_list":["post-246763","post","type-post","status-publish","format-standard","has-post-thumbnail","hentry","category-atletico-mg"],"yoast_head":"<!-- This site is optimized with the Yoast SEO Premium plugin v24.2 (Yoast SEO v26.9) - https:\/\/yoast.com\/product\/yoast-seo-premium-wordpress\/ -->\n<title>A declara\u00e7\u00e3o de Gabriel Menino, Atl\u00e9tico-MG, direcionada ao Palmeiras<\/title>\n<meta name=\"robots\" content=\"index, follow, max-snippet:-1, max-image-preview:large, max-video-preview:-1\" \/>\n<link rel=\"canonical\" href=\"https:\/\/www.gaveanews.com\/index.php\/2025\/03\/12\/a-declaracao-de-gabriel-menino-atletico-mg-direcionada-ao-palmeiras\/\" \/>\n<meta property=\"og:locale\" content=\"pt_BR\" \/>\n<meta property=\"og:type\" content=\"article\" \/>\n<meta property=\"og:title\" content=\"A declara\u00e7\u00e3o de Gabriel Menino, Atl\u00e9tico-MG, direcionada ao Palmeiras\" \/>\n<meta property=\"og:description\" content=\"O Atl\u00e9tico-MG, atual campe\u00e3o do Campeonato Mineiro e um dos clubes mais fortes do futebol brasileiro, segue com grandes ambi\u00e7\u00f5es para a temporada 2025. Gabriel Menino, um dos novos refor\u00e7os do time, chegou com a miss\u00e3o de ajudar o Galo a conquistar o Campeonato Brasileiro e outros t\u00edtulos importantes. O meio-campista, que deixou o Palmeiras, [&hellip;]\" \/>\n<meta property=\"og:url\" content=\"https:\/\/www.gaveanews.com\/index.php\/2025\/03\/12\/a-declaracao-de-gabriel-menino-atletico-mg-direcionada-ao-palmeiras\/\" \/>\n<meta property=\"og:site_name\" content=\"G\u00e1vea News\" \/>\n<meta property=\"article:publisher\" content=\"https:\/\/facebook.com\/gaveaNews\/\" \/>\n<meta property=\"article:published_time\" content=\"2025-03-12T15:05:32+00:00\" \/>\n<meta property=\"article:modified_time\" content=\"2025-03-31T13:31:31+00:00\" \/>\n<meta property=\"og:image\" content=\"http:\/\/www.gaveanews.com\/wp-content\/uploads\/Gabriel-Menino-em-acao-pelo-Atletico-MG.webp\" \/>\n\t<meta property=\"og:image:width\" content=\"765\" \/>\n\t<meta property=\"og:image:height\" content=\"510\" \/>\n\t<meta property=\"og:image:type\" content=\"image\/jpeg\" \/>\n<meta name=\"author\" content=\"Geovanna Thomaz\" \/>\n<meta name=\"twitter:card\" content=\"summary_large_image\" \/>\n<meta name=\"twitter:label1\" content=\"Escrito por\" \/>\n\t<meta name=\"twitter:data1\" content=\"Geovanna Thomaz\" \/>\n\t<meta name=\"twitter:label2\" content=\"Est. tempo de leitura\" \/>\n\t<meta name=\"twitter:data2\" content=\"3 minutos\" \/>\n<script type=\"application\/ld+json\" class=\"yoast-schema-graph\">{\"@context\":\"https:\/\/schema.org\",\"@graph\":[{\"@type\":\"NewsArticle\",\"@id\":\"https:\/\/www.gaveanews.com\/index.php\/2025\/03\/12\/a-declaracao-de-gabriel-menino-atletico-mg-direcionada-ao-palmeiras\/#article\",\"isPartOf\":{\"@id\":\"https:\/\/www.gaveanews.com\/index.php\/2025\/03\/12\/a-declaracao-de-gabriel-menino-atletico-mg-direcionada-ao-palmeiras\/\"},\"author\":{\"name\":\"Geovanna Thomaz\",\"@id\":\"https:\/\/www.gaveanews.com\/#\/schema\/person\/f42654babcd2b2014a1a65af82b081f1\"},\"headline\":\"A declara\u00e7\u00e3o de Gabriel Menino, Atl\u00e9tico-MG, direcionada ao Palmeiras\",\"datePublished\":\"2025-03-12T15:05:32+00:00\",\"dateModified\":\"2025-03-31T13:31:31+00:00\",\"mainEntityOfPage\":{\"@id\":\"https:\/\/www.gaveanews.com\/index.php\/2025\/03\/12\/a-declaracao-de-gabriel-menino-atletico-mg-direcionada-ao-palmeiras\/\"},\"wordCount\":393,\"commentCount\":0,\"image\":{\"@id\":\"https:\/\/www.gaveanews.com\/index.php\/2025\/03\/12\/a-declaracao-de-gabriel-menino-atletico-mg-direcionada-ao-palmeiras\/#primaryimage\"},\"thumbnailUrl\":\"https:\/\/www.gaveanews.com\/wp-content\/uploads\/Gabriel-Menino-em-acao-pelo-Atletico-MG.webp\",\"articleSection\":[\"Atl\u00e9tico-MG\"],\"inLanguage\":\"pt-BR\",\"potentialAction\":[{\"@type\":\"CommentAction\",\"name\":\"Comment\",\"target\":[\"https:\/\/www.gaveanews.com\/index.php\/2025\/03\/12\/a-declaracao-de-gabriel-menino-atletico-mg-direcionada-ao-palmeiras\/#respond\"]}],\"copyrightYear\":\"2025\",\"copyrightHolder\":{\"@id\":\"https:\/\/www.gaveanews.com\/#organization\"}},{\"@type\":\"WebPage\",\"@id\":\"https:\/\/www.gaveanews.com\/index.php\/2025\/03\/12\/a-declaracao-de-gabriel-menino-atletico-mg-direcionada-ao-palmeiras\/\",\"url\":\"https:\/\/www.gaveanews.com\/index.php\/2025\/03\/12\/a-declaracao-de-gabriel-menino-atletico-mg-direcionada-ao-palmeiras\/\",\"name\":\"A declara\u00e7\u00e3o de Gabriel Menino, Atl\u00e9tico-MG, direcionada ao Palmeiras\",\"isPartOf\":{\"@id\":\"https:\/\/www.gaveanews.com\/#website\"},\"primaryImageOfPage\":{\"@id\":\"https:\/\/www.gaveanews.com\/index.php\/2025\/03\/12\/a-declaracao-de-gabriel-menino-atletico-mg-direcionada-ao-palmeiras\/#primaryimage\"},\"image\":{\"@id\":\"https:\/\/www.gaveanews.com\/index.php\/2025\/03\/12\/a-declaracao-de-gabriel-menino-atletico-mg-direcionada-ao-palmeiras\/#primaryimage\"},\"thumbnailUrl\":\"https:\/\/www.gaveanews.com\/wp-content\/uploads\/Gabriel-Menino-em-acao-pelo-Atletico-MG.webp\",\"datePublished\":\"2025-03-12T15:05:32+00:00\",\"dateModified\":\"2025-03-31T13:31:31+00:00\",\"author\":{\"@id\":\"https:\/\/www.gaveanews.com\/#\/schema\/person\/f42654babcd2b2014a1a65af82b081f1\"},\"breadcrumb\":{\"@id\":\"https:\/\/www.gaveanews.com\/index.php\/2025\/03\/12\/a-declaracao-de-gabriel-menino-atletico-mg-direcionada-ao-palmeiras\/#breadcrumb\"},\"inLanguage\":\"pt-BR\",\"potentialAction\":[{\"@type\":\"ReadAction\",\"target\":[\"https:\/\/www.gaveanews.com\/index.php\/2025\/03\/12\/a-declaracao-de-gabriel-menino-atletico-mg-direcionada-ao-palmeiras\/\"]}]},{\"@type\":\"ImageObject\",\"inLanguage\":\"pt-BR\",\"@id\":\"https:\/\/www.gaveanews.com\/index.php\/2025\/03\/12\/a-declaracao-de-gabriel-menino-atletico-mg-direcionada-ao-palmeiras\/#primaryimage\",\"url\":\"https:\/\/www.gaveanews.com\/wp-content\/uploads\/Gabriel-Menino-em-acao-pelo-Atletico-MG.webp\",\"contentUrl\":\"https:\/\/www.gaveanews.com\/wp-content\/uploads\/Gabriel-Menino-em-acao-pelo-Atletico-MG.webp\",\"width\":765,\"height\":510,\"caption\":\"Gabriel Menino em a\u00e7\u00e3o pelo Atl\u00e9tico-MG (Foto: Pedro Souza\/ Atl\u00e9tico-MG)\"},{\"@type\":\"BreadcrumbList\",\"@id\":\"https:\/\/www.gaveanews.com\/index.php\/2025\/03\/12\/a-declaracao-de-gabriel-menino-atletico-mg-direcionada-ao-palmeiras\/#breadcrumb\",\"itemListElement\":[{\"@type\":\"ListItem\",\"position\":1,\"name\":\"Home\",\"item\":\"https:\/\/www.gaveanews.com\/\"},{\"@type\":\"ListItem\",\"position\":2,\"name\":\"A declara\u00e7\u00e3o de Gabriel Menino, Atl\u00e9tico-MG, direcionada ao Palmeiras\"}]},{\"@type\":\"WebSite\",\"@id\":\"https:\/\/www.gaveanews.com\/#website\",\"url\":\"https:\/\/www.gaveanews.com\/\",\"name\":\"G\u00e1vea News\",\"description\":\"Veja todas as not\u00edcias sobre o Flamengo: Contrata\u00e7\u00f5es, categorias de base, resultados das partidas, tabela de classifica\u00e7\u00e3o, pr\u00f3ximos jogos!\",\"potentialAction\":[{\"@type\":\"SearchAction\",\"target\":{\"@type\":\"EntryPoint\",\"urlTemplate\":\"https:\/\/www.gaveanews.com\/?s={search_term_string}\"},\"query-input\":{\"@type\":\"PropertyValueSpecification\",\"valueRequired\":true,\"valueName\":\"search_term_string\"}}],\"inLanguage\":\"pt-BR\"},{\"@type\":\"Person\",\"@id\":\"https:\/\/www.gaveanews.com\/#\/schema\/person\/f42654babcd2b2014a1a65af82b081f1\",\"name\":\"Geovanna Thomaz\",\"image\":{\"@type\":\"ImageObject\",\"inLanguage\":\"pt-BR\",\"@id\":\"https:\/\/www.gaveanews.com\/#\/schema\/person\/image\/\",\"url\":\"https:\/\/secure.gravatar.com\/avatar\/4092073255489533afb558984b49b64268c47198af8623cc82a925ae9fb7118a?s=96&d=mm&r=g\",\"contentUrl\":\"https:\/\/secure.gravatar.com\/avatar\/4092073255489533afb558984b49b64268c47198af8623cc82a925ae9fb7118a?s=96&d=mm&r=g\",\"caption\":\"Geovanna Thomaz\"}}]}<\/script>\n<!-- \/ Yoast SEO Premium plugin. -->","yoast_head_json":{"title":"A declara\u00e7\u00e3o de Gabriel Menino, Atl\u00e9tico-MG, direcionada ao Palmeiras","robots":{"index":"index","follow":"follow","max-snippet":"max-snippet:-1","max-image-preview":"max-image-preview:large","max-video-preview":"max-video-preview:-1"},"canonical":"https:\/\/www.gaveanews.com\/index.php\/2025\/03\/12\/a-declaracao-de-gabriel-menino-atletico-mg-direcionada-ao-palmeiras\/","og_locale":"pt_BR","og_type":"article","og_title":"A declara\u00e7\u00e3o de Gabriel Menino, Atl\u00e9tico-MG, direcionada ao Palmeiras","og_description":"O Atl\u00e9tico-MG, atual campe\u00e3o do Campeonato Mineiro e um dos clubes mais fortes do futebol brasileiro, segue com grandes ambi\u00e7\u00f5es para a temporada 2025. Gabriel Menino, um dos novos refor\u00e7os do time, chegou com a miss\u00e3o de ajudar o Galo a conquistar o Campeonato Brasileiro e outros t\u00edtulos importantes. O meio-campista, que deixou o Palmeiras, [&hellip;]","og_url":"https:\/\/www.gaveanews.com\/index.php\/2025\/03\/12\/a-declaracao-de-gabriel-menino-atletico-mg-direcionada-ao-palmeiras\/","og_site_name":"G\u00e1vea News","article_publisher":"https:\/\/facebook.com\/gaveaNews\/","article_published_time":"2025-03-12T15:05:32+00:00","article_modified_time":"2025-03-31T13:31:31+00:00","og_image":[{"width":765,"height":510,"url":"http:\/\/www.gaveanews.com\/wp-content\/uploads\/Gabriel-Menino-em-acao-pelo-Atletico-MG.webp","type":"image\/jpeg"}],"author":"Geovanna Thomaz","twitter_card":"summary_large_image","twitter_misc":{"Escrito por":"Geovanna Thomaz","Est. tempo de leitura":"3 minutos"},"schema":{"@context":"https:\/\/schema.org","@graph":[{"@type":"NewsArticle","@id":"https:\/\/www.gaveanews.com\/index.php\/2025\/03\/12\/a-declaracao-de-gabriel-menino-atletico-mg-direcionada-ao-palmeiras\/#article","isPartOf":{"@id":"https:\/\/www.gaveanews.com\/index.php\/2025\/03\/12\/a-declaracao-de-gabriel-menino-atletico-mg-direcionada-ao-palmeiras\/"},"author":{"name":"Geovanna Thomaz","@id":"https:\/\/www.gaveanews.com\/#\/schema\/person\/f42654babcd2b2014a1a65af82b081f1"},"headline":"A declara\u00e7\u00e3o de Gabriel Menino, Atl\u00e9tico-MG, direcionada ao Palmeiras","datePublished":"2025-03-12T15:05:32+00:00","dateModified":"2025-03-31T13:31:31+00:00","mainEntityOfPage":{"@id":"https:\/\/www.gaveanews.com\/index.php\/2025\/03\/12\/a-declaracao-de-gabriel-menino-atletico-mg-direcionada-ao-palmeiras\/"},"wordCount":393,"commentCount":0,"image":{"@id":"https:\/\/www.gaveanews.com\/index.php\/2025\/03\/12\/a-declaracao-de-gabriel-menino-atletico-mg-direcionada-ao-palmeiras\/#primaryimage"},"thumbnailUrl":"https:\/\/www.gaveanews.com\/wp-content\/uploads\/Gabriel-Menino-em-acao-pelo-Atletico-MG.webp","articleSection":["Atl\u00e9tico-MG"],"inLanguage":"pt-BR","potentialAction":[{"@type":"CommentAction","name":"Comment","target":["https:\/\/www.gaveanews.com\/index.php\/2025\/03\/12\/a-declaracao-de-gabriel-menino-atletico-mg-direcionada-ao-palmeiras\/#respond"]}],"copyrightYear":"2025","copyrightHolder":{"@id":"https:\/\/www.gaveanews.com\/#organization"}},{"@type":"WebPage","@id":"https:\/\/www.gaveanews.com\/index.php\/2025\/03\/12\/a-declaracao-de-gabriel-menino-atletico-mg-direcionada-ao-palmeiras\/","url":"https:\/\/www.gaveanews.com\/index.php\/2025\/03\/12\/a-declaracao-de-gabriel-menino-atletico-mg-direcionada-ao-palmeiras\/","name":"A declara\u00e7\u00e3o de Gabriel Menino, Atl\u00e9tico-MG, direcionada ao Palmeiras","isPartOf":{"@id":"https:\/\/www.gaveanews.com\/#website"},"primaryImageOfPage":{"@id":"https:\/\/www.gaveanews.com\/index.php\/2025\/03\/12\/a-declaracao-de-gabriel-menino-atletico-mg-direcionada-ao-palmeiras\/#primaryimage"},"image":{"@id":"https:\/\/www.gaveanews.com\/index.php\/2025\/03\/12\/a-declaracao-de-gabriel-menino-atletico-mg-direcionada-ao-palmeiras\/#primaryimage"},"thumbnailUrl":"https:\/\/www.gaveanews.com\/wp-content\/uploads\/Gabriel-Menino-em-acao-pelo-Atletico-MG.webp","datePublished":"2025-03-12T15:05:32+00:00","dateModified":"2025-03-31T13:31:31+00:00","author":{"@id":"https:\/\/www.gaveanews.com\/#\/schema\/person\/f42654babcd2b2014a1a65af82b081f1"},"breadcrumb":{"@id":"https:\/\/www.gaveanews.com\/index.php\/2025\/03\/12\/a-declaracao-de-gabriel-menino-atletico-mg-direcionada-ao-palmeiras\/#breadcrumb"},"inLanguage":"pt-BR","potentialAction":[{"@type":"ReadAction","target":["https:\/\/www.gaveanews.com\/index.php\/2025\/03\/12\/a-declaracao-de-gabriel-menino-atletico-mg-direcionada-ao-palmeiras\/"]}]},{"@type":"ImageObject","inLanguage":"pt-BR","@id":"https:\/\/www.gaveanews.com\/index.php\/2025\/03\/12\/a-declaracao-de-gabriel-menino-atletico-mg-direcionada-ao-palmeiras\/#primaryimage","url":"https:\/\/www.gaveanews.com\/wp-content\/uploads\/Gabriel-Menino-em-acao-pelo-Atletico-MG.webp","contentUrl":"https:\/\/www.gaveanews.com\/wp-content\/uploads\/Gabriel-Menino-em-acao-pelo-Atletico-MG.webp","width":765,"height":510,"caption":"Gabriel Menino em a\u00e7\u00e3o pelo Atl\u00e9tico-MG (Foto: Pedro Souza\/ Atl\u00e9tico-MG)"},{"@type":"BreadcrumbList","@id":"https:\/\/www.gaveanews.com\/index.php\/2025\/03\/12\/a-declaracao-de-gabriel-menino-atletico-mg-direcionada-ao-palmeiras\/#breadcrumb","itemListElement":[{"@type":"ListItem","position":1,"name":"Home","item":"https:\/\/www.gaveanews.com\/"},{"@type":"ListItem","position":2,"name":"A declara\u00e7\u00e3o de Gabriel Menino, Atl\u00e9tico-MG, direcionada ao Palmeiras"}]},{"@type":"WebSite","@id":"https:\/\/www.gaveanews.com\/#website","url":"https:\/\/www.gaveanews.com\/","name":"G\u00e1vea News","description":"Veja todas as not\u00edcias sobre o Flamengo: Contrata\u00e7\u00f5es, categorias de base, resultados das partidas, tabela de classifica\u00e7\u00e3o, pr\u00f3ximos jogos!","potentialAction":[{"@type":"SearchAction","target":{"@type":"EntryPoint","urlTemplate":"https:\/\/www.gaveanews.com\/?s={search_term_string}"},"query-input":{"@type":"PropertyValueSpecification","valueRequired":true,"valueName":"search_term_string"}}],"inLanguage":"pt-BR"},{"@type":"Person","@id":"https:\/\/www.gaveanews.com\/#\/schema\/person\/f42654babcd2b2014a1a65af82b081f1","name":"Geovanna Thomaz","image":{"@type":"ImageObject","inLanguage":"pt-BR","@id":"https:\/\/www.gaveanews.com\/#\/schema\/person\/image\/","url":"https:\/\/secure.gravatar.com\/avatar\/4092073255489533afb558984b49b64268c47198af8623cc82a925ae9fb7118a?s=96&d=mm&r=g","contentUrl":"https:\/\/secure.gravatar.com\/avatar\/4092073255489533afb558984b49b64268c47198af8623cc82a925ae9fb7118a?s=96&d=mm&r=g","caption":"Geovanna Thomaz"}}]}},"_links":{"self":[{"href":"https:\/\/www.gaveanews.com\/index.php\/wp-json\/wp\/v2\/posts\/246763","targetHints":{"allow":["GET"]}}],"collection":[{"href":"https:\/\/www.gaveanews.com\/index.php\/wp-json\/wp\/v2\/posts"}],"about":[{"href":"https:\/\/www.gaveanews.com\/index.php\/wp-json\/wp\/v2\/types\/post"}],"author":[{"embeddable":true,"href":"https:\/\/www.gaveanews.com\/index.php\/wp-json\/wp\/v2\/users\/17"}],"replies":[{"embeddable":true,"href":"https:\/\/www.gaveanews.com\/index.php\/wp-json\/wp\/v2\/comments?post=246763"}],"version-history":[{"count":3,"href":"https:\/\/www.gaveanews.com\/index.php\/wp-json\/wp\/v2\/posts\/246763\/revisions"}],"predecessor-version":[{"id":246850,"href":"https:\/\/www.gaveanews.com\/index.php\/wp-json\/wp\/v2\/posts\/246763\/revisions\/246850"}],"wp:featuredmedia":[{"embeddable":true,"href":"https:\/\/www.gaveanews.com\/index.php\/wp-json\/wp\/v2\/media\/246496"}],"wp:attachment":[{"href":"https:\/\/www.gaveanews.com\/index.php\/wp-json\/wp\/v2\/media?parent=246763"}],"wp:term":[{"taxonomy":"category","embeddable":true,"href":"https:\/\/www.gaveanews.com\/index.php\/wp-json\/wp\/v2\/categories?post=246763"},{"taxonomy":"post_tag","embeddable":true,"href":"https:\/\/www.gaveanews.com\/index.php\/wp-json\/wp\/v2\/tags?post=246763"}],"curies":[{"name":"wp","href":"https:\/\/api.w.org\/{rel}","templated":true}]}}