{"id":246774,"date":"2025-03-30T22:10:25","date_gmt":"2025-03-31T01:10:25","guid":{"rendered":"https:\/\/www.gaveanews.com\/?p=246774"},"modified":"2025-03-30T21:57:39","modified_gmt":"2025-03-31T00:57:39","slug":"felipe-melo-crava-os-dois-melhores-times-do-futebol-brasileiro","status":"publish","type":"post","link":"https:\/\/www.gaveanews.com\/index.php\/2025\/03\/30\/felipe-melo-crava-os-dois-melhores-times-do-futebol-brasileiro\/","title":{"rendered":"Felipe Melo crava os dois melhores times do futebol brasileiro"},"content":{"rendered":"\n<p>Felipe Melo demonstrou grande apre\u00e7o pela partida entre Flamengo e Internacional, destacando a qualidade t\u00e9cnica dos dois times. Para o ex-volante, o empate em 1 a 1, apesar de ser um bom resultado para ambas as equipes, refletiu o alto n\u00edvel de repert\u00f3rio t\u00e1tico e solu\u00e7\u00f5es apresentadas dentro de campo por ambas as equipes. Ele observou que, entre os principais clubes do Brasil, Flamengo e Internacional se destacam por terem mais op\u00e7\u00f5es de jogo e varia\u00e7\u00f5es, sendo capazes de surpreender a qualquer momento.<\/p>\n\n\n\n<p> \u201cEu j\u00e1 venho falando h\u00e1 algum tempo, principalmente do Internacional. Entre Inter e Flamengo, a gente pode colocar at\u00e9 outros clubes, mas eles fazem parte de um seleto grupo de times com mais repert\u00f3rio do futebol brasileiro. Dificilmente voc\u00ea vai ver um jogo desses times e n\u00e3o ir\u00e1 se surpreender. Muito bom\u201d, avaliou Felipe Melo.<\/p>\n\n\n\n<p>Durante a partida, o Internacional saiu na frente com um gol de Bruno Henrique ainda no primeiro tempo. O Flamengo, sem Gerson e Arrascaeta, enfrentou dificuldades na cria\u00e7\u00e3o de jogadas, mas ainda assim conseguiu pressionar o gol advers\u00e1rio e, na volta do intervalo, L\u00e9o Pereira empatou. A qualidade t\u00e9cnica e as alternativas dentro de campo mostraram que ambos os times possuem elencos vers\u00e1teis e com muita capacidade de adapta\u00e7\u00e3o \u00e0s diferentes situa\u00e7\u00f5es de jogo.<\/p>\n\n\n\n<p>Al\u00e9m disso, o empate entre Flamengo e Internacional manteve os dois t\u00e9cnicos, Jorge Sampaoli e Eduardo Coudet, invictos na temporada e com os melhores aproveitamentos de 2025 at\u00e9 o momento, ap\u00f3s 13 jogos realizados. Ambos os treinadores, com seus times bem entrosados, seguem sem derrotas na competi\u00e7\u00e3o.<\/p>\n\n\n\n<p>Agora, o Internacional se prepara para a sua estreia na fase de grupos da Libertadores, que ser\u00e1 fora de casa, assim como aconteceu no Campeonato Brasileiro. O time colorado enfrentar\u00e1 o Bahia na quinta-feira (6), na Arena Fonte Nova, em Salvador. O t\u00e9cnico Coudet comentou sobre o advers\u00e1rio baiano, destacando o trabalho de Rog\u00e9rio Ceni e os recentes investimentos do Grupo City no Bahia.<\/p>\n\n\n\n<p> \u201cO Bahia \u00e9 um tradicional advers\u00e1rio local, com muito investimento recente, comandado pelo Rog\u00e9rio, que tem muitos bons trabalhos, que faz equipes competitivas e volta \u00e0 Libertadores com for\u00e7a\u201d, disse o comandante do Internacional.<\/p>\n\n\n\n<p>Por fim, uma preocupa\u00e7\u00e3o surgiu para o time ga\u00facho com a les\u00e3o de seu goleiro Rochet, que, ap\u00f3s sofrer uma pancada na m\u00e3o esquerda durante a partida contra o Flamengo, precisou ser substitu\u00eddo no primeiro tempo por Anthoni. O arqueiro uruguaio ser\u00e1 reavaliado ao retornar a Porto Alegre, mas segue como d\u00favida para o confronto contra o Bahia.<\/p>\n","protected":false},"excerpt":{"rendered":"<p>Felipe Melo demonstrou grande apre\u00e7o pela partida entre Flamengo e Internacional, destacando a qualidade t\u00e9cnica dos dois times. Para o ex-volante, o empate em 1 a 1, apesar de ser um bom resultado para ambas as equipes, refletiu o alto n\u00edvel de repert\u00f3rio t\u00e1tico e solu\u00e7\u00f5es apresentadas dentro de campo por ambas as equipes. Ele [&hellip;]<\/p>\n","protected":false},"author":17,"featured_media":244418,"comment_status":"open","ping_status":"closed","sticky":false,"template":"","format":"standard","meta":{"footnotes":""},"categories":[1,148],"tags":[],"class_list":["post-246774","post","type-post","status-publish","format-standard","has-post-thumbnail","hentry","category-flamengo","category-internacional"],"yoast_head":"<!-- This site is optimized with the Yoast SEO Premium plugin v24.2 (Yoast SEO v26.9) - https:\/\/yoast.com\/product\/yoast-seo-premium-wordpress\/ -->\n<title>Felipe Melo crava os dois melhores times do futebol brasileiro<\/title>\n<meta name=\"robots\" content=\"index, follow, max-snippet:-1, max-image-preview:large, max-video-preview:-1\" \/>\n<link rel=\"canonical\" href=\"https:\/\/www.gaveanews.com\/index.php\/2025\/03\/30\/felipe-melo-crava-os-dois-melhores-times-do-futebol-brasileiro\/\" \/>\n<meta property=\"og:locale\" content=\"pt_BR\" \/>\n<meta property=\"og:type\" content=\"article\" \/>\n<meta property=\"og:title\" content=\"Felipe Melo crava os dois melhores times do futebol brasileiro\" \/>\n<meta property=\"og:description\" content=\"Felipe Melo demonstrou grande apre\u00e7o pela partida entre Flamengo e Internacional, destacando a qualidade t\u00e9cnica dos dois times. Para o ex-volante, o empate em 1 a 1, apesar de ser um bom resultado para ambas as equipes, refletiu o alto n\u00edvel de repert\u00f3rio t\u00e1tico e solu\u00e7\u00f5es apresentadas dentro de campo por ambas as equipes. Ele [&hellip;]\" \/>\n<meta property=\"og:url\" content=\"https:\/\/www.gaveanews.com\/index.php\/2025\/03\/30\/felipe-melo-crava-os-dois-melhores-times-do-futebol-brasileiro\/\" \/>\n<meta property=\"og:site_name\" content=\"G\u00e1vea News\" \/>\n<meta property=\"article:publisher\" content=\"https:\/\/facebook.com\/gaveaNews\/\" \/>\n<meta property=\"article:published_time\" content=\"2025-03-31T01:10:25+00:00\" \/>\n<meta property=\"og:image\" content=\"https:\/\/www.gaveanews.com\/wp-content\/uploads\/Felipe-Melo-comentarista-da-Rede-Globo.webp\" \/>\n\t<meta property=\"og:image:width\" content=\"900\" \/>\n\t<meta property=\"og:image:height\" content=\"600\" \/>\n\t<meta property=\"og:image:type\" content=\"image\/jpeg\" \/>\n<meta name=\"author\" content=\"Geovanna Thomaz\" \/>\n<meta name=\"twitter:card\" content=\"summary_large_image\" \/>\n<meta name=\"twitter:label1\" content=\"Escrito por\" \/>\n\t<meta name=\"twitter:data1\" content=\"Geovanna Thomaz\" \/>\n\t<meta name=\"twitter:label2\" content=\"Est. tempo de leitura\" \/>\n\t<meta name=\"twitter:data2\" content=\"3 minutos\" \/>\n<script type=\"application\/ld+json\" class=\"yoast-schema-graph\">{\"@context\":\"https:\/\/schema.org\",\"@graph\":[{\"@type\":\"NewsArticle\",\"@id\":\"https:\/\/www.gaveanews.com\/index.php\/2025\/03\/30\/felipe-melo-crava-os-dois-melhores-times-do-futebol-brasileiro\/#article\",\"isPartOf\":{\"@id\":\"https:\/\/www.gaveanews.com\/index.php\/2025\/03\/30\/felipe-melo-crava-os-dois-melhores-times-do-futebol-brasileiro\/\"},\"author\":{\"name\":\"Geovanna Thomaz\",\"@id\":\"https:\/\/www.gaveanews.com\/#\/schema\/person\/f42654babcd2b2014a1a65af82b081f1\"},\"headline\":\"Felipe Melo crava os dois melhores times do futebol brasileiro\",\"datePublished\":\"2025-03-31T01:10:25+00:00\",\"mainEntityOfPage\":{\"@id\":\"https:\/\/www.gaveanews.com\/index.php\/2025\/03\/30\/felipe-melo-crava-os-dois-melhores-times-do-futebol-brasileiro\/\"},\"wordCount\":452,\"commentCount\":0,\"image\":{\"@id\":\"https:\/\/www.gaveanews.com\/index.php\/2025\/03\/30\/felipe-melo-crava-os-dois-melhores-times-do-futebol-brasileiro\/#primaryimage\"},\"thumbnailUrl\":\"https:\/\/www.gaveanews.com\/wp-content\/uploads\/Felipe-Melo-comentarista-da-Rede-Globo.webp\",\"articleSection\":[\"Flamengo\",\"Internacional\"],\"inLanguage\":\"pt-BR\",\"potentialAction\":[{\"@type\":\"CommentAction\",\"name\":\"Comment\",\"target\":[\"https:\/\/www.gaveanews.com\/index.php\/2025\/03\/30\/felipe-melo-crava-os-dois-melhores-times-do-futebol-brasileiro\/#respond\"]}],\"copyrightYear\":\"2025\",\"copyrightHolder\":{\"@id\":\"https:\/\/www.gaveanews.com\/#organization\"}},{\"@type\":\"WebPage\",\"@id\":\"https:\/\/www.gaveanews.com\/index.php\/2025\/03\/30\/felipe-melo-crava-os-dois-melhores-times-do-futebol-brasileiro\/\",\"url\":\"https:\/\/www.gaveanews.com\/index.php\/2025\/03\/30\/felipe-melo-crava-os-dois-melhores-times-do-futebol-brasileiro\/\",\"name\":\"Felipe Melo crava os dois melhores times do futebol brasileiro\",\"isPartOf\":{\"@id\":\"https:\/\/www.gaveanews.com\/#website\"},\"primaryImageOfPage\":{\"@id\":\"https:\/\/www.gaveanews.com\/index.php\/2025\/03\/30\/felipe-melo-crava-os-dois-melhores-times-do-futebol-brasileiro\/#primaryimage\"},\"image\":{\"@id\":\"https:\/\/www.gaveanews.com\/index.php\/2025\/03\/30\/felipe-melo-crava-os-dois-melhores-times-do-futebol-brasileiro\/#primaryimage\"},\"thumbnailUrl\":\"https:\/\/www.gaveanews.com\/wp-content\/uploads\/Felipe-Melo-comentarista-da-Rede-Globo.webp\",\"datePublished\":\"2025-03-31T01:10:25+00:00\",\"author\":{\"@id\":\"https:\/\/www.gaveanews.com\/#\/schema\/person\/f42654babcd2b2014a1a65af82b081f1\"},\"breadcrumb\":{\"@id\":\"https:\/\/www.gaveanews.com\/index.php\/2025\/03\/30\/felipe-melo-crava-os-dois-melhores-times-do-futebol-brasileiro\/#breadcrumb\"},\"inLanguage\":\"pt-BR\",\"potentialAction\":[{\"@type\":\"ReadAction\",\"target\":[\"https:\/\/www.gaveanews.com\/index.php\/2025\/03\/30\/felipe-melo-crava-os-dois-melhores-times-do-futebol-brasileiro\/\"]}]},{\"@type\":\"ImageObject\",\"inLanguage\":\"pt-BR\",\"@id\":\"https:\/\/www.gaveanews.com\/index.php\/2025\/03\/30\/felipe-melo-crava-os-dois-melhores-times-do-futebol-brasileiro\/#primaryimage\",\"url\":\"https:\/\/www.gaveanews.com\/wp-content\/uploads\/Felipe-Melo-comentarista-da-Rede-Globo.webp\",\"contentUrl\":\"https:\/\/www.gaveanews.com\/wp-content\/uploads\/Felipe-Melo-comentarista-da-Rede-Globo.webp\",\"width\":900,\"height\":600,\"caption\":\"Felipe Melo, comentarista da Rede Globo (Foto: Marcelo de Jesus)\"},{\"@type\":\"BreadcrumbList\",\"@id\":\"https:\/\/www.gaveanews.com\/index.php\/2025\/03\/30\/felipe-melo-crava-os-dois-melhores-times-do-futebol-brasileiro\/#breadcrumb\",\"itemListElement\":[{\"@type\":\"ListItem\",\"position\":1,\"name\":\"Home\",\"item\":\"https:\/\/www.gaveanews.com\/\"},{\"@type\":\"ListItem\",\"position\":2,\"name\":\"Felipe Melo crava os dois melhores times do futebol brasileiro\"}]},{\"@type\":\"WebSite\",\"@id\":\"https:\/\/www.gaveanews.com\/#website\",\"url\":\"https:\/\/www.gaveanews.com\/\",\"name\":\"G\u00e1vea News\",\"description\":\"Veja todas as not\u00edcias sobre o Flamengo: Contrata\u00e7\u00f5es, categorias de base, resultados das partidas, tabela de classifica\u00e7\u00e3o, pr\u00f3ximos jogos!\",\"potentialAction\":[{\"@type\":\"SearchAction\",\"target\":{\"@type\":\"EntryPoint\",\"urlTemplate\":\"https:\/\/www.gaveanews.com\/?s={search_term_string}\"},\"query-input\":{\"@type\":\"PropertyValueSpecification\",\"valueRequired\":true,\"valueName\":\"search_term_string\"}}],\"inLanguage\":\"pt-BR\"},{\"@type\":\"Person\",\"@id\":\"https:\/\/www.gaveanews.com\/#\/schema\/person\/f42654babcd2b2014a1a65af82b081f1\",\"name\":\"Geovanna Thomaz\",\"image\":{\"@type\":\"ImageObject\",\"inLanguage\":\"pt-BR\",\"@id\":\"https:\/\/www.gaveanews.com\/#\/schema\/person\/image\/\",\"url\":\"https:\/\/secure.gravatar.com\/avatar\/4092073255489533afb558984b49b64268c47198af8623cc82a925ae9fb7118a?s=96&d=mm&r=g\",\"contentUrl\":\"https:\/\/secure.gravatar.com\/avatar\/4092073255489533afb558984b49b64268c47198af8623cc82a925ae9fb7118a?s=96&d=mm&r=g\",\"caption\":\"Geovanna Thomaz\"}}]}<\/script>\n<!-- \/ Yoast SEO Premium plugin. -->","yoast_head_json":{"title":"Felipe Melo crava os dois melhores times do futebol brasileiro","robots":{"index":"index","follow":"follow","max-snippet":"max-snippet:-1","max-image-preview":"max-image-preview:large","max-video-preview":"max-video-preview:-1"},"canonical":"https:\/\/www.gaveanews.com\/index.php\/2025\/03\/30\/felipe-melo-crava-os-dois-melhores-times-do-futebol-brasileiro\/","og_locale":"pt_BR","og_type":"article","og_title":"Felipe Melo crava os dois melhores times do futebol brasileiro","og_description":"Felipe Melo demonstrou grande apre\u00e7o pela partida entre Flamengo e Internacional, destacando a qualidade t\u00e9cnica dos dois times. Para o ex-volante, o empate em 1 a 1, apesar de ser um bom resultado para ambas as equipes, refletiu o alto n\u00edvel de repert\u00f3rio t\u00e1tico e solu\u00e7\u00f5es apresentadas dentro de campo por ambas as equipes. Ele [&hellip;]","og_url":"https:\/\/www.gaveanews.com\/index.php\/2025\/03\/30\/felipe-melo-crava-os-dois-melhores-times-do-futebol-brasileiro\/","og_site_name":"G\u00e1vea News","article_publisher":"https:\/\/facebook.com\/gaveaNews\/","article_published_time":"2025-03-31T01:10:25+00:00","og_image":[{"width":900,"height":600,"url":"https:\/\/www.gaveanews.com\/wp-content\/uploads\/Felipe-Melo-comentarista-da-Rede-Globo.webp","type":"image\/jpeg"}],"author":"Geovanna Thomaz","twitter_card":"summary_large_image","twitter_misc":{"Escrito por":"Geovanna Thomaz","Est. tempo de leitura":"3 minutos"},"schema":{"@context":"https:\/\/schema.org","@graph":[{"@type":"NewsArticle","@id":"https:\/\/www.gaveanews.com\/index.php\/2025\/03\/30\/felipe-melo-crava-os-dois-melhores-times-do-futebol-brasileiro\/#article","isPartOf":{"@id":"https:\/\/www.gaveanews.com\/index.php\/2025\/03\/30\/felipe-melo-crava-os-dois-melhores-times-do-futebol-brasileiro\/"},"author":{"name":"Geovanna Thomaz","@id":"https:\/\/www.gaveanews.com\/#\/schema\/person\/f42654babcd2b2014a1a65af82b081f1"},"headline":"Felipe Melo crava os dois melhores times do futebol brasileiro","datePublished":"2025-03-31T01:10:25+00:00","mainEntityOfPage":{"@id":"https:\/\/www.gaveanews.com\/index.php\/2025\/03\/30\/felipe-melo-crava-os-dois-melhores-times-do-futebol-brasileiro\/"},"wordCount":452,"commentCount":0,"image":{"@id":"https:\/\/www.gaveanews.com\/index.php\/2025\/03\/30\/felipe-melo-crava-os-dois-melhores-times-do-futebol-brasileiro\/#primaryimage"},"thumbnailUrl":"https:\/\/www.gaveanews.com\/wp-content\/uploads\/Felipe-Melo-comentarista-da-Rede-Globo.webp","articleSection":["Flamengo","Internacional"],"inLanguage":"pt-BR","potentialAction":[{"@type":"CommentAction","name":"Comment","target":["https:\/\/www.gaveanews.com\/index.php\/2025\/03\/30\/felipe-melo-crava-os-dois-melhores-times-do-futebol-brasileiro\/#respond"]}],"copyrightYear":"2025","copyrightHolder":{"@id":"https:\/\/www.gaveanews.com\/#organization"}},{"@type":"WebPage","@id":"https:\/\/www.gaveanews.com\/index.php\/2025\/03\/30\/felipe-melo-crava-os-dois-melhores-times-do-futebol-brasileiro\/","url":"https:\/\/www.gaveanews.com\/index.php\/2025\/03\/30\/felipe-melo-crava-os-dois-melhores-times-do-futebol-brasileiro\/","name":"Felipe Melo crava os dois melhores times do futebol brasileiro","isPartOf":{"@id":"https:\/\/www.gaveanews.com\/#website"},"primaryImageOfPage":{"@id":"https:\/\/www.gaveanews.com\/index.php\/2025\/03\/30\/felipe-melo-crava-os-dois-melhores-times-do-futebol-brasileiro\/#primaryimage"},"image":{"@id":"https:\/\/www.gaveanews.com\/index.php\/2025\/03\/30\/felipe-melo-crava-os-dois-melhores-times-do-futebol-brasileiro\/#primaryimage"},"thumbnailUrl":"https:\/\/www.gaveanews.com\/wp-content\/uploads\/Felipe-Melo-comentarista-da-Rede-Globo.webp","datePublished":"2025-03-31T01:10:25+00:00","author":{"@id":"https:\/\/www.gaveanews.com\/#\/schema\/person\/f42654babcd2b2014a1a65af82b081f1"},"breadcrumb":{"@id":"https:\/\/www.gaveanews.com\/index.php\/2025\/03\/30\/felipe-melo-crava-os-dois-melhores-times-do-futebol-brasileiro\/#breadcrumb"},"inLanguage":"pt-BR","potentialAction":[{"@type":"ReadAction","target":["https:\/\/www.gaveanews.com\/index.php\/2025\/03\/30\/felipe-melo-crava-os-dois-melhores-times-do-futebol-brasileiro\/"]}]},{"@type":"ImageObject","inLanguage":"pt-BR","@id":"https:\/\/www.gaveanews.com\/index.php\/2025\/03\/30\/felipe-melo-crava-os-dois-melhores-times-do-futebol-brasileiro\/#primaryimage","url":"https:\/\/www.gaveanews.com\/wp-content\/uploads\/Felipe-Melo-comentarista-da-Rede-Globo.webp","contentUrl":"https:\/\/www.gaveanews.com\/wp-content\/uploads\/Felipe-Melo-comentarista-da-Rede-Globo.webp","width":900,"height":600,"caption":"Felipe Melo, comentarista da Rede Globo (Foto: Marcelo de Jesus)"},{"@type":"BreadcrumbList","@id":"https:\/\/www.gaveanews.com\/index.php\/2025\/03\/30\/felipe-melo-crava-os-dois-melhores-times-do-futebol-brasileiro\/#breadcrumb","itemListElement":[{"@type":"ListItem","position":1,"name":"Home","item":"https:\/\/www.gaveanews.com\/"},{"@type":"ListItem","position":2,"name":"Felipe Melo crava os dois melhores times do futebol brasileiro"}]},{"@type":"WebSite","@id":"https:\/\/www.gaveanews.com\/#website","url":"https:\/\/www.gaveanews.com\/","name":"G\u00e1vea News","description":"Veja todas as not\u00edcias sobre o Flamengo: Contrata\u00e7\u00f5es, categorias de base, resultados das partidas, tabela de classifica\u00e7\u00e3o, pr\u00f3ximos jogos!","potentialAction":[{"@type":"SearchAction","target":{"@type":"EntryPoint","urlTemplate":"https:\/\/www.gaveanews.com\/?s={search_term_string}"},"query-input":{"@type":"PropertyValueSpecification","valueRequired":true,"valueName":"search_term_string"}}],"inLanguage":"pt-BR"},{"@type":"Person","@id":"https:\/\/www.gaveanews.com\/#\/schema\/person\/f42654babcd2b2014a1a65af82b081f1","name":"Geovanna Thomaz","image":{"@type":"ImageObject","inLanguage":"pt-BR","@id":"https:\/\/www.gaveanews.com\/#\/schema\/person\/image\/","url":"https:\/\/secure.gravatar.com\/avatar\/4092073255489533afb558984b49b64268c47198af8623cc82a925ae9fb7118a?s=96&d=mm&r=g","contentUrl":"https:\/\/secure.gravatar.com\/avatar\/4092073255489533afb558984b49b64268c47198af8623cc82a925ae9fb7118a?s=96&d=mm&r=g","caption":"Geovanna Thomaz"}}]}},"_links":{"self":[{"href":"https:\/\/www.gaveanews.com\/index.php\/wp-json\/wp\/v2\/posts\/246774","targetHints":{"allow":["GET"]}}],"collection":[{"href":"https:\/\/www.gaveanews.com\/index.php\/wp-json\/wp\/v2\/posts"}],"about":[{"href":"https:\/\/www.gaveanews.com\/index.php\/wp-json\/wp\/v2\/types\/post"}],"author":[{"embeddable":true,"href":"https:\/\/www.gaveanews.com\/index.php\/wp-json\/wp\/v2\/users\/17"}],"replies":[{"embeddable":true,"href":"https:\/\/www.gaveanews.com\/index.php\/wp-json\/wp\/v2\/comments?post=246774"}],"version-history":[{"count":1,"href":"https:\/\/www.gaveanews.com\/index.php\/wp-json\/wp\/v2\/posts\/246774\/revisions"}],"predecessor-version":[{"id":246775,"href":"https:\/\/www.gaveanews.com\/index.php\/wp-json\/wp\/v2\/posts\/246774\/revisions\/246775"}],"wp:featuredmedia":[{"embeddable":true,"href":"https:\/\/www.gaveanews.com\/index.php\/wp-json\/wp\/v2\/media\/244418"}],"wp:attachment":[{"href":"https:\/\/www.gaveanews.com\/index.php\/wp-json\/wp\/v2\/media?parent=246774"}],"wp:term":[{"taxonomy":"category","embeddable":true,"href":"https:\/\/www.gaveanews.com\/index.php\/wp-json\/wp\/v2\/categories?post=246774"},{"taxonomy":"post_tag","embeddable":true,"href":"https:\/\/www.gaveanews.com\/index.php\/wp-json\/wp\/v2\/tags?post=246774"}],"curies":[{"name":"wp","href":"https:\/\/api.w.org\/{rel}","templated":true}]}}