{"id":246779,"date":"2025-03-30T22:15:34","date_gmt":"2025-03-31T01:15:34","guid":{"rendered":"https:\/\/www.gaveanews.com\/?p=246779"},"modified":"2025-03-30T21:57:43","modified_gmt":"2025-03-31T00:57:43","slug":"video-carrillo-viraliza-durante-entrevista-de-ramon-diaz-do-corinthians","status":"publish","type":"post","link":"https:\/\/www.gaveanews.com\/index.php\/2025\/03\/30\/video-carrillo-viraliza-durante-entrevista-de-ramon-diaz-do-corinthians\/","title":{"rendered":"V\u00eddeo: Carrillo viraliza durante entrevista de Ram\u00f3n D\u00edaz, do Corinthians"},"content":{"rendered":"\n<p>O Corinthians conquistou o t\u00edtulo do Campeonato Paulista ap\u00f3s uma campanha de destaques individuais e coletivos, com grandes atua\u00e7\u00f5es de jogadores como Yuri Alberto, Rodrigo Garro, Matheuzinho, Memphis Depay e Hugo Souza, este \u00faltimo com foco na prepara\u00e7\u00e3o para a Copa do Mundo. No entanto, outro jogador que teve grande import\u00e2ncia na conquista foi o meio-campista Andr\u00e9 Carrillo, que foi eleito o melhor da posi\u00e7\u00e3o no estadual.<\/p>\n\n\n\n<p>Carrillo, conhecido por seu estilo irreverente e bom humor, tamb\u00e9m se destacou por suas cr\u00edticas \u00e0 imprensa peruana e se tornou uma das figuras mais divertidas do elenco do Corinthians. Ele, junto com Yuri Alberto e o t\u00e9cnico Ram\u00f3n D\u00edaz, esteve presente no Charla Podcast, onde falaram sobre a vit\u00f3ria no Paulist\u00e3o e o impacto que ela teve.<\/p>\n\n\n\n<p>Em determinado momento da entrevista, o treinador argentino foi questionado sobre a dificuldade da conquista do t\u00edtulo, j\u00e1 que o time teve um curto per\u00edodo para treinar e enfrentou uma agenda apertada de jogos a cada tr\u00eas dias. Ram\u00f3n explicou que a press\u00e3o foi grande para todos, incluindo os jogadores, a comiss\u00e3o t\u00e9cnica, o presidente e os torcedores.<\/p>\n\n\n\n<p> Por\u00e9m, foi nesse ponto que Carrillo entrou na conversa de forma irreverente, chamando aten\u00e7\u00e3o para um detalhe engra\u00e7ado: ele mencionou o nome de F\u00e9lix Torres, zagueiro equatoriano do clube, em alus\u00e3o ao p\u00eanalti que o defensor cometeu e que foi defendido por Hugo Souza, goleiro corintiano, na partida decisiva.<\/p>\n\n\n\n<p>A brincadeira de Carrillo gerou risos no ambiente, com Yuri Alberto se juntando \u00e0 piada e afirmando: \u201cFez muita coisa\u201d. Vale lembrar que o meio-campista peruano j\u00e1 havia feito um v\u00eddeo logo ap\u00f3s a conquista do t\u00edtulo, em que zombava do zagueiro F\u00e9lix pela situa\u00e7\u00e3o do p\u00eanalti, o que tamb\u00e9m fez o pr\u00f3prio equatoriano rir.<\/p>\n\n\n\n<p> A descontra\u00e7\u00e3o entre os jogadores refor\u00e7ou o clima de entrosamento e descontra\u00e7\u00e3o no elenco, evidenciando a boa fase do Corinthians, que conquistou o t\u00edtulo em um campeonato muito disputado e pressionado.<\/p>\n\n\n\n<blockquote class=\"twitter-tweet\" data-media-max-width=\"560\"><p lang=\"pt\" dir=\"ltr\">CARRILLO N\u00c3O D\u00c1 KKKKKKKKKKKKKKKKKKKKKKK <a href=\"https:\/\/t.co\/AHk4ExFr28\">pic.twitter.com\/AHk4ExFr28<\/a><\/p>&mdash; SCCP News (@_sccpnews) <a href=\"https:\/\/twitter.com\/_sccpnews\/status\/1905965100986433958?ref_src=twsrc%5Etfw\">March 29, 2025<\/a><\/blockquote> <script async src=\"https:\/\/platform.twitter.com\/widgets.js\" charset=\"utf-8\"><\/script>\n","protected":false},"excerpt":{"rendered":"<p>O Corinthians conquistou o t\u00edtulo do Campeonato Paulista ap\u00f3s uma campanha de destaques individuais e coletivos, com grandes atua\u00e7\u00f5es de jogadores como Yuri Alberto, Rodrigo Garro, Matheuzinho, Memphis Depay e Hugo Souza, este \u00faltimo com foco na prepara\u00e7\u00e3o para a Copa do Mundo. No entanto, outro jogador que teve grande import\u00e2ncia na conquista foi o [&hellip;]<\/p>\n","protected":false},"author":17,"featured_media":172496,"comment_status":"open","ping_status":"closed","sticky":false,"template":"","format":"standard","meta":{"footnotes":""},"categories":[141],"tags":[],"class_list":["post-246779","post","type-post","status-publish","format-standard","has-post-thumbnail","hentry","category-corinthians"],"yoast_head":"<!-- This site is optimized with the Yoast SEO Premium plugin v24.2 (Yoast SEO v26.9) - https:\/\/yoast.com\/product\/yoast-seo-premium-wordpress\/ -->\n<title>V\u00eddeo: Carrillo viraliza durante entrevista de Ram\u00f3n D\u00edaz, do Corinthians<\/title>\n<meta name=\"robots\" content=\"index, follow, max-snippet:-1, max-image-preview:large, max-video-preview:-1\" \/>\n<link rel=\"canonical\" href=\"https:\/\/www.gaveanews.com\/index.php\/2025\/03\/30\/video-carrillo-viraliza-durante-entrevista-de-ramon-diaz-do-corinthians\/\" \/>\n<meta property=\"og:locale\" content=\"pt_BR\" \/>\n<meta property=\"og:type\" content=\"article\" \/>\n<meta property=\"og:title\" content=\"V\u00eddeo: Carrillo viraliza durante entrevista de Ram\u00f3n D\u00edaz, do Corinthians\" \/>\n<meta property=\"og:description\" content=\"O Corinthians conquistou o t\u00edtulo do Campeonato Paulista ap\u00f3s uma campanha de destaques individuais e coletivos, com grandes atua\u00e7\u00f5es de jogadores como Yuri Alberto, Rodrigo Garro, Matheuzinho, Memphis Depay e Hugo Souza, este \u00faltimo com foco na prepara\u00e7\u00e3o para a Copa do Mundo. No entanto, outro jogador que teve grande import\u00e2ncia na conquista foi o [&hellip;]\" \/>\n<meta property=\"og:url\" content=\"https:\/\/www.gaveanews.com\/index.php\/2025\/03\/30\/video-carrillo-viraliza-durante-entrevista-de-ramon-diaz-do-corinthians\/\" \/>\n<meta property=\"og:site_name\" content=\"G\u00e1vea News\" \/>\n<meta property=\"article:publisher\" content=\"https:\/\/facebook.com\/gaveaNews\/\" \/>\n<meta property=\"article:published_time\" content=\"2025-03-31T01:15:34+00:00\" \/>\n<meta property=\"og:image\" content=\"https:\/\/www.gaveanews.com\/wp-content\/uploads\/Andre-Carrillo-pelo-Corinthians.webp\" \/>\n\t<meta property=\"og:image:width\" content=\"1423\" \/>\n\t<meta property=\"og:image:height\" content=\"1000\" \/>\n\t<meta property=\"og:image:type\" content=\"image\/jpeg\" \/>\n<meta name=\"author\" content=\"Geovanna Thomaz\" \/>\n<meta name=\"twitter:card\" content=\"summary_large_image\" \/>\n<meta name=\"twitter:label1\" content=\"Escrito por\" \/>\n\t<meta name=\"twitter:data1\" content=\"Geovanna Thomaz\" \/>\n\t<meta name=\"twitter:label2\" content=\"Est. tempo de leitura\" \/>\n\t<meta name=\"twitter:data2\" content=\"2 minutos\" \/>\n<script type=\"application\/ld+json\" class=\"yoast-schema-graph\">{\"@context\":\"https:\/\/schema.org\",\"@graph\":[{\"@type\":\"NewsArticle\",\"@id\":\"https:\/\/www.gaveanews.com\/index.php\/2025\/03\/30\/video-carrillo-viraliza-durante-entrevista-de-ramon-diaz-do-corinthians\/#article\",\"isPartOf\":{\"@id\":\"https:\/\/www.gaveanews.com\/index.php\/2025\/03\/30\/video-carrillo-viraliza-durante-entrevista-de-ramon-diaz-do-corinthians\/\"},\"author\":{\"name\":\"Geovanna Thomaz\",\"@id\":\"https:\/\/www.gaveanews.com\/#\/schema\/person\/f42654babcd2b2014a1a65af82b081f1\"},\"headline\":\"V\u00eddeo: Carrillo viraliza durante entrevista de Ram\u00f3n D\u00edaz, do Corinthians\",\"datePublished\":\"2025-03-31T01:15:34+00:00\",\"mainEntityOfPage\":{\"@id\":\"https:\/\/www.gaveanews.com\/index.php\/2025\/03\/30\/video-carrillo-viraliza-durante-entrevista-de-ramon-diaz-do-corinthians\/\"},\"wordCount\":382,\"commentCount\":0,\"image\":{\"@id\":\"https:\/\/www.gaveanews.com\/index.php\/2025\/03\/30\/video-carrillo-viraliza-durante-entrevista-de-ramon-diaz-do-corinthians\/#primaryimage\"},\"thumbnailUrl\":\"https:\/\/www.gaveanews.com\/wp-content\/uploads\/Andre-Carrillo-pelo-Corinthians.webp\",\"articleSection\":[\"Corinthians\"],\"inLanguage\":\"pt-BR\",\"potentialAction\":[{\"@type\":\"CommentAction\",\"name\":\"Comment\",\"target\":[\"https:\/\/www.gaveanews.com\/index.php\/2025\/03\/30\/video-carrillo-viraliza-durante-entrevista-de-ramon-diaz-do-corinthians\/#respond\"]}],\"copyrightYear\":\"2025\",\"copyrightHolder\":{\"@id\":\"https:\/\/www.gaveanews.com\/#organization\"}},{\"@type\":\"WebPage\",\"@id\":\"https:\/\/www.gaveanews.com\/index.php\/2025\/03\/30\/video-carrillo-viraliza-durante-entrevista-de-ramon-diaz-do-corinthians\/\",\"url\":\"https:\/\/www.gaveanews.com\/index.php\/2025\/03\/30\/video-carrillo-viraliza-durante-entrevista-de-ramon-diaz-do-corinthians\/\",\"name\":\"V\u00eddeo: Carrillo viraliza durante entrevista de Ram\u00f3n D\u00edaz, do Corinthians\",\"isPartOf\":{\"@id\":\"https:\/\/www.gaveanews.com\/#website\"},\"primaryImageOfPage\":{\"@id\":\"https:\/\/www.gaveanews.com\/index.php\/2025\/03\/30\/video-carrillo-viraliza-durante-entrevista-de-ramon-diaz-do-corinthians\/#primaryimage\"},\"image\":{\"@id\":\"https:\/\/www.gaveanews.com\/index.php\/2025\/03\/30\/video-carrillo-viraliza-durante-entrevista-de-ramon-diaz-do-corinthians\/#primaryimage\"},\"thumbnailUrl\":\"https:\/\/www.gaveanews.com\/wp-content\/uploads\/Andre-Carrillo-pelo-Corinthians.webp\",\"datePublished\":\"2025-03-31T01:15:34+00:00\",\"author\":{\"@id\":\"https:\/\/www.gaveanews.com\/#\/schema\/person\/f42654babcd2b2014a1a65af82b081f1\"},\"breadcrumb\":{\"@id\":\"https:\/\/www.gaveanews.com\/index.php\/2025\/03\/30\/video-carrillo-viraliza-durante-entrevista-de-ramon-diaz-do-corinthians\/#breadcrumb\"},\"inLanguage\":\"pt-BR\",\"potentialAction\":[{\"@type\":\"ReadAction\",\"target\":[\"https:\/\/www.gaveanews.com\/index.php\/2025\/03\/30\/video-carrillo-viraliza-durante-entrevista-de-ramon-diaz-do-corinthians\/\"]}]},{\"@type\":\"ImageObject\",\"inLanguage\":\"pt-BR\",\"@id\":\"https:\/\/www.gaveanews.com\/index.php\/2025\/03\/30\/video-carrillo-viraliza-durante-entrevista-de-ramon-diaz-do-corinthians\/#primaryimage\",\"url\":\"https:\/\/www.gaveanews.com\/wp-content\/uploads\/Andre-Carrillo-pelo-Corinthians.webp\",\"contentUrl\":\"https:\/\/www.gaveanews.com\/wp-content\/uploads\/Andre-Carrillo-pelo-Corinthians.webp\",\"width\":1423,\"height\":1000,\"caption\":\"Andr\u00e9 Carrillo pelo Corinthians (Foto: Divulga\u00e7\u00e3o\/Corinthians)\"},{\"@type\":\"BreadcrumbList\",\"@id\":\"https:\/\/www.gaveanews.com\/index.php\/2025\/03\/30\/video-carrillo-viraliza-durante-entrevista-de-ramon-diaz-do-corinthians\/#breadcrumb\",\"itemListElement\":[{\"@type\":\"ListItem\",\"position\":1,\"name\":\"Home\",\"item\":\"https:\/\/www.gaveanews.com\/\"},{\"@type\":\"ListItem\",\"position\":2,\"name\":\"V\u00eddeo: Carrillo viraliza durante entrevista de Ram\u00f3n D\u00edaz, do Corinthians\"}]},{\"@type\":\"WebSite\",\"@id\":\"https:\/\/www.gaveanews.com\/#website\",\"url\":\"https:\/\/www.gaveanews.com\/\",\"name\":\"G\u00e1vea News\",\"description\":\"Veja todas as not\u00edcias sobre o Flamengo: Contrata\u00e7\u00f5es, categorias de base, resultados das partidas, tabela de classifica\u00e7\u00e3o, pr\u00f3ximos jogos!\",\"potentialAction\":[{\"@type\":\"SearchAction\",\"target\":{\"@type\":\"EntryPoint\",\"urlTemplate\":\"https:\/\/www.gaveanews.com\/?s={search_term_string}\"},\"query-input\":{\"@type\":\"PropertyValueSpecification\",\"valueRequired\":true,\"valueName\":\"search_term_string\"}}],\"inLanguage\":\"pt-BR\"},{\"@type\":\"Person\",\"@id\":\"https:\/\/www.gaveanews.com\/#\/schema\/person\/f42654babcd2b2014a1a65af82b081f1\",\"name\":\"Geovanna Thomaz\",\"image\":{\"@type\":\"ImageObject\",\"inLanguage\":\"pt-BR\",\"@id\":\"https:\/\/www.gaveanews.com\/#\/schema\/person\/image\/\",\"url\":\"https:\/\/secure.gravatar.com\/avatar\/4092073255489533afb558984b49b64268c47198af8623cc82a925ae9fb7118a?s=96&d=mm&r=g\",\"contentUrl\":\"https:\/\/secure.gravatar.com\/avatar\/4092073255489533afb558984b49b64268c47198af8623cc82a925ae9fb7118a?s=96&d=mm&r=g\",\"caption\":\"Geovanna Thomaz\"}}]}<\/script>\n<!-- \/ Yoast SEO Premium plugin. -->","yoast_head_json":{"title":"V\u00eddeo: Carrillo viraliza durante entrevista de Ram\u00f3n D\u00edaz, do Corinthians","robots":{"index":"index","follow":"follow","max-snippet":"max-snippet:-1","max-image-preview":"max-image-preview:large","max-video-preview":"max-video-preview:-1"},"canonical":"https:\/\/www.gaveanews.com\/index.php\/2025\/03\/30\/video-carrillo-viraliza-durante-entrevista-de-ramon-diaz-do-corinthians\/","og_locale":"pt_BR","og_type":"article","og_title":"V\u00eddeo: Carrillo viraliza durante entrevista de Ram\u00f3n D\u00edaz, do Corinthians","og_description":"O Corinthians conquistou o t\u00edtulo do Campeonato Paulista ap\u00f3s uma campanha de destaques individuais e coletivos, com grandes atua\u00e7\u00f5es de jogadores como Yuri Alberto, Rodrigo Garro, Matheuzinho, Memphis Depay e Hugo Souza, este \u00faltimo com foco na prepara\u00e7\u00e3o para a Copa do Mundo. No entanto, outro jogador que teve grande import\u00e2ncia na conquista foi o [&hellip;]","og_url":"https:\/\/www.gaveanews.com\/index.php\/2025\/03\/30\/video-carrillo-viraliza-durante-entrevista-de-ramon-diaz-do-corinthians\/","og_site_name":"G\u00e1vea News","article_publisher":"https:\/\/facebook.com\/gaveaNews\/","article_published_time":"2025-03-31T01:15:34+00:00","og_image":[{"width":1423,"height":1000,"url":"https:\/\/www.gaveanews.com\/wp-content\/uploads\/Andre-Carrillo-pelo-Corinthians.webp","type":"image\/jpeg"}],"author":"Geovanna Thomaz","twitter_card":"summary_large_image","twitter_misc":{"Escrito por":"Geovanna Thomaz","Est. tempo de leitura":"2 minutos"},"schema":{"@context":"https:\/\/schema.org","@graph":[{"@type":"NewsArticle","@id":"https:\/\/www.gaveanews.com\/index.php\/2025\/03\/30\/video-carrillo-viraliza-durante-entrevista-de-ramon-diaz-do-corinthians\/#article","isPartOf":{"@id":"https:\/\/www.gaveanews.com\/index.php\/2025\/03\/30\/video-carrillo-viraliza-durante-entrevista-de-ramon-diaz-do-corinthians\/"},"author":{"name":"Geovanna Thomaz","@id":"https:\/\/www.gaveanews.com\/#\/schema\/person\/f42654babcd2b2014a1a65af82b081f1"},"headline":"V\u00eddeo: Carrillo viraliza durante entrevista de Ram\u00f3n D\u00edaz, do Corinthians","datePublished":"2025-03-31T01:15:34+00:00","mainEntityOfPage":{"@id":"https:\/\/www.gaveanews.com\/index.php\/2025\/03\/30\/video-carrillo-viraliza-durante-entrevista-de-ramon-diaz-do-corinthians\/"},"wordCount":382,"commentCount":0,"image":{"@id":"https:\/\/www.gaveanews.com\/index.php\/2025\/03\/30\/video-carrillo-viraliza-durante-entrevista-de-ramon-diaz-do-corinthians\/#primaryimage"},"thumbnailUrl":"https:\/\/www.gaveanews.com\/wp-content\/uploads\/Andre-Carrillo-pelo-Corinthians.webp","articleSection":["Corinthians"],"inLanguage":"pt-BR","potentialAction":[{"@type":"CommentAction","name":"Comment","target":["https:\/\/www.gaveanews.com\/index.php\/2025\/03\/30\/video-carrillo-viraliza-durante-entrevista-de-ramon-diaz-do-corinthians\/#respond"]}],"copyrightYear":"2025","copyrightHolder":{"@id":"https:\/\/www.gaveanews.com\/#organization"}},{"@type":"WebPage","@id":"https:\/\/www.gaveanews.com\/index.php\/2025\/03\/30\/video-carrillo-viraliza-durante-entrevista-de-ramon-diaz-do-corinthians\/","url":"https:\/\/www.gaveanews.com\/index.php\/2025\/03\/30\/video-carrillo-viraliza-durante-entrevista-de-ramon-diaz-do-corinthians\/","name":"V\u00eddeo: Carrillo viraliza durante entrevista de Ram\u00f3n D\u00edaz, do Corinthians","isPartOf":{"@id":"https:\/\/www.gaveanews.com\/#website"},"primaryImageOfPage":{"@id":"https:\/\/www.gaveanews.com\/index.php\/2025\/03\/30\/video-carrillo-viraliza-durante-entrevista-de-ramon-diaz-do-corinthians\/#primaryimage"},"image":{"@id":"https:\/\/www.gaveanews.com\/index.php\/2025\/03\/30\/video-carrillo-viraliza-durante-entrevista-de-ramon-diaz-do-corinthians\/#primaryimage"},"thumbnailUrl":"https:\/\/www.gaveanews.com\/wp-content\/uploads\/Andre-Carrillo-pelo-Corinthians.webp","datePublished":"2025-03-31T01:15:34+00:00","author":{"@id":"https:\/\/www.gaveanews.com\/#\/schema\/person\/f42654babcd2b2014a1a65af82b081f1"},"breadcrumb":{"@id":"https:\/\/www.gaveanews.com\/index.php\/2025\/03\/30\/video-carrillo-viraliza-durante-entrevista-de-ramon-diaz-do-corinthians\/#breadcrumb"},"inLanguage":"pt-BR","potentialAction":[{"@type":"ReadAction","target":["https:\/\/www.gaveanews.com\/index.php\/2025\/03\/30\/video-carrillo-viraliza-durante-entrevista-de-ramon-diaz-do-corinthians\/"]}]},{"@type":"ImageObject","inLanguage":"pt-BR","@id":"https:\/\/www.gaveanews.com\/index.php\/2025\/03\/30\/video-carrillo-viraliza-durante-entrevista-de-ramon-diaz-do-corinthians\/#primaryimage","url":"https:\/\/www.gaveanews.com\/wp-content\/uploads\/Andre-Carrillo-pelo-Corinthians.webp","contentUrl":"https:\/\/www.gaveanews.com\/wp-content\/uploads\/Andre-Carrillo-pelo-Corinthians.webp","width":1423,"height":1000,"caption":"Andr\u00e9 Carrillo pelo Corinthians (Foto: Divulga\u00e7\u00e3o\/Corinthians)"},{"@type":"BreadcrumbList","@id":"https:\/\/www.gaveanews.com\/index.php\/2025\/03\/30\/video-carrillo-viraliza-durante-entrevista-de-ramon-diaz-do-corinthians\/#breadcrumb","itemListElement":[{"@type":"ListItem","position":1,"name":"Home","item":"https:\/\/www.gaveanews.com\/"},{"@type":"ListItem","position":2,"name":"V\u00eddeo: Carrillo viraliza durante entrevista de Ram\u00f3n D\u00edaz, do Corinthians"}]},{"@type":"WebSite","@id":"https:\/\/www.gaveanews.com\/#website","url":"https:\/\/www.gaveanews.com\/","name":"G\u00e1vea News","description":"Veja todas as not\u00edcias sobre o Flamengo: Contrata\u00e7\u00f5es, categorias de base, resultados das partidas, tabela de classifica\u00e7\u00e3o, pr\u00f3ximos jogos!","potentialAction":[{"@type":"SearchAction","target":{"@type":"EntryPoint","urlTemplate":"https:\/\/www.gaveanews.com\/?s={search_term_string}"},"query-input":{"@type":"PropertyValueSpecification","valueRequired":true,"valueName":"search_term_string"}}],"inLanguage":"pt-BR"},{"@type":"Person","@id":"https:\/\/www.gaveanews.com\/#\/schema\/person\/f42654babcd2b2014a1a65af82b081f1","name":"Geovanna Thomaz","image":{"@type":"ImageObject","inLanguage":"pt-BR","@id":"https:\/\/www.gaveanews.com\/#\/schema\/person\/image\/","url":"https:\/\/secure.gravatar.com\/avatar\/4092073255489533afb558984b49b64268c47198af8623cc82a925ae9fb7118a?s=96&d=mm&r=g","contentUrl":"https:\/\/secure.gravatar.com\/avatar\/4092073255489533afb558984b49b64268c47198af8623cc82a925ae9fb7118a?s=96&d=mm&r=g","caption":"Geovanna Thomaz"}}]}},"_links":{"self":[{"href":"https:\/\/www.gaveanews.com\/index.php\/wp-json\/wp\/v2\/posts\/246779","targetHints":{"allow":["GET"]}}],"collection":[{"href":"https:\/\/www.gaveanews.com\/index.php\/wp-json\/wp\/v2\/posts"}],"about":[{"href":"https:\/\/www.gaveanews.com\/index.php\/wp-json\/wp\/v2\/types\/post"}],"author":[{"embeddable":true,"href":"https:\/\/www.gaveanews.com\/index.php\/wp-json\/wp\/v2\/users\/17"}],"replies":[{"embeddable":true,"href":"https:\/\/www.gaveanews.com\/index.php\/wp-json\/wp\/v2\/comments?post=246779"}],"version-history":[{"count":1,"href":"https:\/\/www.gaveanews.com\/index.php\/wp-json\/wp\/v2\/posts\/246779\/revisions"}],"predecessor-version":[{"id":246781,"href":"https:\/\/www.gaveanews.com\/index.php\/wp-json\/wp\/v2\/posts\/246779\/revisions\/246781"}],"wp:featuredmedia":[{"embeddable":true,"href":"https:\/\/www.gaveanews.com\/index.php\/wp-json\/wp\/v2\/media\/172496"}],"wp:attachment":[{"href":"https:\/\/www.gaveanews.com\/index.php\/wp-json\/wp\/v2\/media?parent=246779"}],"wp:term":[{"taxonomy":"category","embeddable":true,"href":"https:\/\/www.gaveanews.com\/index.php\/wp-json\/wp\/v2\/categories?post=246779"},{"taxonomy":"post_tag","embeddable":true,"href":"https:\/\/www.gaveanews.com\/index.php\/wp-json\/wp\/v2\/tags?post=246779"}],"curies":[{"name":"wp","href":"https:\/\/api.w.org\/{rel}","templated":true}]}}