{"id":246783,"date":"2025-03-30T22:25:10","date_gmt":"2025-03-31T01:25:10","guid":{"rendered":"https:\/\/www.gaveanews.com\/?p=246783"},"modified":"2025-03-30T21:57:51","modified_gmt":"2025-03-31T00:57:51","slug":"a-declaracao-de-juninho-direcionada-a-pedro-do-flamengo-2","status":"publish","type":"post","link":"https:\/\/www.gaveanews.com\/index.php\/2025\/03\/30\/a-declaracao-de-juninho-direcionada-a-pedro-do-flamengo-2\/","title":{"rendered":"A declara\u00e7\u00e3o de Juninho direcionada a Pedro, do Flamengo"},"content":{"rendered":"\n<p>O Flamengo iniciou sua campanha no Campeonato Brasileiro com um empate em 1 a 1 diante do Internacional, neste \u00faltimo s\u00e1bado (29), no Maracan\u00e3. A equipe rubro-negra demonstrou volume de jogo e criou oportunidades de gol, por\u00e9m, evidenciou dificuldades nas finaliza\u00e7\u00f5es, um reflexo da aus\u00eancia do centroavante Pedro.<\/p>\n\n\n\n<p>O jogador n\u00e3o atua desde setembro de 2024, mas a expectativa por seu retorno \u00e9 positiva. Ap\u00f3s o confronto, o t\u00e9cnico Filipe Lu\u00eds compartilhou uma not\u00edcia animadora durante a entrevista coletiva, indicando um prazo para a volta do artilheiro. &#8220;Esperamos ter o Pedro em campo ainda em abril&#8221;, afirmou o comandante.<\/p>\n\n\n\n<p>Enquanto Pedro se recupera, Juninho, contratado em janeiro, tem a miss\u00e3o de comandar o ataque. Vindo para suprir a sa\u00edda de Gabigol e ser alternativa a Pedro, ele foi o atleta mais ativo do Flamengo contra o Inter, buscando constantemente o gol.<\/p>\n\n\n\n<p>Contudo, a pontaria n\u00e3o estava calibrada. Juninho perdeu pelo menos tr\u00eas chances claras de marcar. A mais not\u00e1vel ocorreu quando ele driblou o goleiro Anthoni, mas viu a bola bater caprichosamente na trave, frustrando a melhor oportunidade rubro-negra na partida.<\/p>\n\n\n\n<h2 class=\"wp-block-heading\" id=\"h-juninho-analisa-chances-perdidas\">Juninho analisa chances perdidas<\/h2>\n\n\n\n<p>O pr\u00f3prio atacante comentou o lance fundamental, admitindo a frustra\u00e7\u00e3o, mas justificando a jogada. &#8220;Eu fiz a melhor escolha. Foi uma pena que a bola quicou e pegou um pouco de efeito, bateu na trave. Uma pena&#8221;, explicou Juninho.<\/p>\n\n\n\n<p>Ele demonstrou resili\u00eancia e foco no trabalho futuro para aproveitar novas oportunidades. &#8220;Achei at\u00e9 que ia bater na trave e entrar. \u00c9 trabalhar para as outras oportunidades que sei que vou ter. Estarei pronto para elas&#8221;, complementou o jogador na zona mista.<\/p>\n\n\n\n<figure class=\"wp-block-image size-full\"><img loading=\"lazy\" decoding=\"async\" width=\"900\" height=\"600\" src=\"http:\/\/www.gaveanews.com\/wp-content\/uploads\/Juninho-com-a-camisa-do-Flamengo-em-2025.webp\" alt=\"\" class=\"wp-image-244427\"\/><figcaption class=\"wp-element-caption\">Juninho com a camisa do Flamengo em 2025 (Foto: Gilvan de Souza\/Flamengo)<\/figcaption><\/figure>\n\n\n\n<h2 class=\"wp-block-heading\" id=\"h-adaptacao-e-expectativa-pelo-retorno-de-pedro\">Adapta\u00e7\u00e3o e expectativa pelo retorno de Pedro<\/h2>\n\n\n\n<p>Juninho, que atuava pelo Qarabag, do Azerbaij\u00e3o, revelou que j\u00e1 acompanhava Pedro antes de chegar ao Ninho do Urubu. Ele v\u00ea a conviv\u00eancia como uma oportunidade de aprendizado, embora possua caracter\u00edsticas distintas do camisa 9, o que pode oferecer mais op\u00e7\u00f5es t\u00e1ticas a Filipe Lu\u00eds.<\/p>\n\n\n\n<p>&#8220;Desde que vim para o Flamengo, sabia da disputa que teria com jogadores daqui. Principalmente o Pedro, que sou f\u00e3. \u00c9 o 9 da nossa Sele\u00e7\u00e3o&#8221;, disse Juninho, elogiando o companheiro e ressaltando a qualidade do elenco. &#8220;O Flamengo \u00e9 assim. \u00c9 recheado de qualidades no grupo. O Filipe tem pe\u00e7as importantes&#8221;, concluiu.<\/p>\n\n\n\n<p>No jogo contra o Inter, especialmente no segundo tempo, o Flamengo conseguiu superar a marca\u00e7\u00e3o advers\u00e1ria, resultando em 12 finaliza\u00e7\u00f5es contra apenas duas do time ga\u00facho. Todavia, a efici\u00eancia n\u00e3o acompanhou o volume, e a equipe n\u00e3o conseguiu converter as chances em gols.<\/p>\n\n\n\n<p>A busca pelo t\u00edtulo do Brasileir\u00e3o, definido como prioridade pelo clube, exigir\u00e1 maior precis\u00e3o ofensiva. Nesse contexto, o retorno de Pedro \u00e9 visto como fundamental para potencializar o ataque e aproximar o time de suas metas na temporada.<\/p>\n","protected":false},"excerpt":{"rendered":"<p>O Flamengo iniciou sua campanha no Campeonato Brasileiro com um empate em 1 a 1 diante do Internacional, neste \u00faltimo s\u00e1bado (29), no Maracan\u00e3. A equipe rubro-negra demonstrou volume de jogo e criou oportunidades de gol, por\u00e9m, evidenciou dificuldades nas finaliza\u00e7\u00f5es, um reflexo da aus\u00eancia do centroavante Pedro. O jogador n\u00e3o atua desde setembro de [&hellip;]<\/p>\n","protected":false},"author":28,"featured_media":240726,"comment_status":"open","ping_status":"closed","sticky":false,"template":"","format":"standard","meta":{"footnotes":""},"categories":[1],"tags":[],"class_list":["post-246783","post","type-post","status-publish","format-standard","has-post-thumbnail","hentry","category-flamengo"],"yoast_head":"<!-- This site is optimized with the Yoast SEO Premium plugin v24.2 (Yoast SEO v26.9) - https:\/\/yoast.com\/product\/yoast-seo-premium-wordpress\/ -->\n<title>A declara\u00e7\u00e3o de Juninho direcionada a Pedro, do Flamengo<\/title>\n<meta name=\"robots\" content=\"index, follow, max-snippet:-1, max-image-preview:large, max-video-preview:-1\" \/>\n<link rel=\"canonical\" href=\"https:\/\/www.gaveanews.com\/index.php\/2025\/03\/30\/a-declaracao-de-juninho-direcionada-a-pedro-do-flamengo-2\/\" \/>\n<meta property=\"og:locale\" content=\"pt_BR\" \/>\n<meta property=\"og:type\" content=\"article\" \/>\n<meta property=\"og:title\" content=\"A declara\u00e7\u00e3o de Juninho direcionada a Pedro, do Flamengo\" \/>\n<meta property=\"og:description\" content=\"O Flamengo iniciou sua campanha no Campeonato Brasileiro com um empate em 1 a 1 diante do Internacional, neste \u00faltimo s\u00e1bado (29), no Maracan\u00e3. A equipe rubro-negra demonstrou volume de jogo e criou oportunidades de gol, por\u00e9m, evidenciou dificuldades nas finaliza\u00e7\u00f5es, um reflexo da aus\u00eancia do centroavante Pedro. O jogador n\u00e3o atua desde setembro de [&hellip;]\" \/>\n<meta property=\"og:url\" content=\"https:\/\/www.gaveanews.com\/index.php\/2025\/03\/30\/a-declaracao-de-juninho-direcionada-a-pedro-do-flamengo-2\/\" \/>\n<meta property=\"og:site_name\" content=\"G\u00e1vea News\" \/>\n<meta property=\"article:publisher\" content=\"https:\/\/facebook.com\/gaveaNews\/\" \/>\n<meta property=\"article:published_time\" content=\"2025-03-31T01:25:10+00:00\" \/>\n<meta property=\"og:image\" content=\"https:\/\/www.gaveanews.com\/wp-content\/uploads\/Pedro-posa-para-foto-com-a-medalha-de-campeao-do-Campeonato-Carioca-de-2025.webp\" \/>\n\t<meta property=\"og:image:width\" content=\"1200\" \/>\n\t<meta property=\"og:image:height\" content=\"750\" \/>\n\t<meta property=\"og:image:type\" content=\"image\/jpeg\" \/>\n<meta name=\"author\" content=\"Hudson Pereira\" \/>\n<meta name=\"twitter:card\" content=\"summary_large_image\" \/>\n<meta name=\"twitter:label1\" content=\"Escrito por\" \/>\n\t<meta name=\"twitter:data1\" content=\"Hudson Pereira\" \/>\n\t<meta name=\"twitter:label2\" content=\"Est. tempo de leitura\" \/>\n\t<meta name=\"twitter:data2\" content=\"3 minutos\" \/>\n<script type=\"application\/ld+json\" class=\"yoast-schema-graph\">{\"@context\":\"https:\/\/schema.org\",\"@graph\":[{\"@type\":\"NewsArticle\",\"@id\":\"https:\/\/www.gaveanews.com\/index.php\/2025\/03\/30\/a-declaracao-de-juninho-direcionada-a-pedro-do-flamengo-2\/#article\",\"isPartOf\":{\"@id\":\"https:\/\/www.gaveanews.com\/index.php\/2025\/03\/30\/a-declaracao-de-juninho-direcionada-a-pedro-do-flamengo-2\/\"},\"author\":{\"name\":\"Hudson Pereira\",\"@id\":\"https:\/\/www.gaveanews.com\/#\/schema\/person\/bd08f00534b403119b92741a6d469ef0\"},\"headline\":\"A declara\u00e7\u00e3o de Juninho direcionada a Pedro, do Flamengo\",\"datePublished\":\"2025-03-31T01:25:10+00:00\",\"mainEntityOfPage\":{\"@id\":\"https:\/\/www.gaveanews.com\/index.php\/2025\/03\/30\/a-declaracao-de-juninho-direcionada-a-pedro-do-flamengo-2\/\"},\"wordCount\":497,\"commentCount\":0,\"image\":{\"@id\":\"https:\/\/www.gaveanews.com\/index.php\/2025\/03\/30\/a-declaracao-de-juninho-direcionada-a-pedro-do-flamengo-2\/#primaryimage\"},\"thumbnailUrl\":\"https:\/\/www.gaveanews.com\/wp-content\/uploads\/Pedro-posa-para-foto-com-a-medalha-de-campeao-do-Campeonato-Carioca-de-2025.webp\",\"articleSection\":[\"Flamengo\"],\"inLanguage\":\"pt-BR\",\"potentialAction\":[{\"@type\":\"CommentAction\",\"name\":\"Comment\",\"target\":[\"https:\/\/www.gaveanews.com\/index.php\/2025\/03\/30\/a-declaracao-de-juninho-direcionada-a-pedro-do-flamengo-2\/#respond\"]}],\"copyrightYear\":\"2025\",\"copyrightHolder\":{\"@id\":\"https:\/\/www.gaveanews.com\/#organization\"}},{\"@type\":\"WebPage\",\"@id\":\"https:\/\/www.gaveanews.com\/index.php\/2025\/03\/30\/a-declaracao-de-juninho-direcionada-a-pedro-do-flamengo-2\/\",\"url\":\"https:\/\/www.gaveanews.com\/index.php\/2025\/03\/30\/a-declaracao-de-juninho-direcionada-a-pedro-do-flamengo-2\/\",\"name\":\"A declara\u00e7\u00e3o de Juninho direcionada a Pedro, do Flamengo\",\"isPartOf\":{\"@id\":\"https:\/\/www.gaveanews.com\/#website\"},\"primaryImageOfPage\":{\"@id\":\"https:\/\/www.gaveanews.com\/index.php\/2025\/03\/30\/a-declaracao-de-juninho-direcionada-a-pedro-do-flamengo-2\/#primaryimage\"},\"image\":{\"@id\":\"https:\/\/www.gaveanews.com\/index.php\/2025\/03\/30\/a-declaracao-de-juninho-direcionada-a-pedro-do-flamengo-2\/#primaryimage\"},\"thumbnailUrl\":\"https:\/\/www.gaveanews.com\/wp-content\/uploads\/Pedro-posa-para-foto-com-a-medalha-de-campeao-do-Campeonato-Carioca-de-2025.webp\",\"datePublished\":\"2025-03-31T01:25:10+00:00\",\"author\":{\"@id\":\"https:\/\/www.gaveanews.com\/#\/schema\/person\/bd08f00534b403119b92741a6d469ef0\"},\"breadcrumb\":{\"@id\":\"https:\/\/www.gaveanews.com\/index.php\/2025\/03\/30\/a-declaracao-de-juninho-direcionada-a-pedro-do-flamengo-2\/#breadcrumb\"},\"inLanguage\":\"pt-BR\",\"potentialAction\":[{\"@type\":\"ReadAction\",\"target\":[\"https:\/\/www.gaveanews.com\/index.php\/2025\/03\/30\/a-declaracao-de-juninho-direcionada-a-pedro-do-flamengo-2\/\"]}]},{\"@type\":\"ImageObject\",\"inLanguage\":\"pt-BR\",\"@id\":\"https:\/\/www.gaveanews.com\/index.php\/2025\/03\/30\/a-declaracao-de-juninho-direcionada-a-pedro-do-flamengo-2\/#primaryimage\",\"url\":\"https:\/\/www.gaveanews.com\/wp-content\/uploads\/Pedro-posa-para-foto-com-a-medalha-de-campeao-do-Campeonato-Carioca-de-2025.webp\",\"contentUrl\":\"https:\/\/www.gaveanews.com\/wp-content\/uploads\/Pedro-posa-para-foto-com-a-medalha-de-campeao-do-Campeonato-Carioca-de-2025.webp\",\"width\":1200,\"height\":750,\"caption\":\"Pedro posa para foto com a medalha de campe\u00e3o do Campeonato Carioca de 2025 (Foto: Gilvan de Souza\/Flamengo)\"},{\"@type\":\"BreadcrumbList\",\"@id\":\"https:\/\/www.gaveanews.com\/index.php\/2025\/03\/30\/a-declaracao-de-juninho-direcionada-a-pedro-do-flamengo-2\/#breadcrumb\",\"itemListElement\":[{\"@type\":\"ListItem\",\"position\":1,\"name\":\"Home\",\"item\":\"https:\/\/www.gaveanews.com\/\"},{\"@type\":\"ListItem\",\"position\":2,\"name\":\"A declara\u00e7\u00e3o de Juninho direcionada a Pedro, do Flamengo\"}]},{\"@type\":\"WebSite\",\"@id\":\"https:\/\/www.gaveanews.com\/#website\",\"url\":\"https:\/\/www.gaveanews.com\/\",\"name\":\"G\u00e1vea News\",\"description\":\"Veja todas as not\u00edcias sobre o Flamengo: Contrata\u00e7\u00f5es, categorias de base, resultados das partidas, tabela de classifica\u00e7\u00e3o, pr\u00f3ximos jogos!\",\"potentialAction\":[{\"@type\":\"SearchAction\",\"target\":{\"@type\":\"EntryPoint\",\"urlTemplate\":\"https:\/\/www.gaveanews.com\/?s={search_term_string}\"},\"query-input\":{\"@type\":\"PropertyValueSpecification\",\"valueRequired\":true,\"valueName\":\"search_term_string\"}}],\"inLanguage\":\"pt-BR\"},{\"@type\":\"Person\",\"@id\":\"https:\/\/www.gaveanews.com\/#\/schema\/person\/bd08f00534b403119b92741a6d469ef0\",\"name\":\"Hudson Pereira\",\"image\":{\"@type\":\"ImageObject\",\"inLanguage\":\"pt-BR\",\"@id\":\"https:\/\/www.gaveanews.com\/#\/schema\/person\/image\/\",\"url\":\"https:\/\/secure.gravatar.com\/avatar\/ecc491b489e454e510efffc9b23c1052ce5fb4f2e05555768ba65819cd55f03e?s=96&d=mm&r=g\",\"contentUrl\":\"https:\/\/secure.gravatar.com\/avatar\/ecc491b489e454e510efffc9b23c1052ce5fb4f2e05555768ba65819cd55f03e?s=96&d=mm&r=g\",\"caption\":\"Hudson Pereira\"}}]}<\/script>\n<!-- \/ Yoast SEO Premium plugin. -->","yoast_head_json":{"title":"A declara\u00e7\u00e3o de Juninho direcionada a Pedro, do Flamengo","robots":{"index":"index","follow":"follow","max-snippet":"max-snippet:-1","max-image-preview":"max-image-preview:large","max-video-preview":"max-video-preview:-1"},"canonical":"https:\/\/www.gaveanews.com\/index.php\/2025\/03\/30\/a-declaracao-de-juninho-direcionada-a-pedro-do-flamengo-2\/","og_locale":"pt_BR","og_type":"article","og_title":"A declara\u00e7\u00e3o de Juninho direcionada a Pedro, do Flamengo","og_description":"O Flamengo iniciou sua campanha no Campeonato Brasileiro com um empate em 1 a 1 diante do Internacional, neste \u00faltimo s\u00e1bado (29), no Maracan\u00e3. A equipe rubro-negra demonstrou volume de jogo e criou oportunidades de gol, por\u00e9m, evidenciou dificuldades nas finaliza\u00e7\u00f5es, um reflexo da aus\u00eancia do centroavante Pedro. O jogador n\u00e3o atua desde setembro de [&hellip;]","og_url":"https:\/\/www.gaveanews.com\/index.php\/2025\/03\/30\/a-declaracao-de-juninho-direcionada-a-pedro-do-flamengo-2\/","og_site_name":"G\u00e1vea News","article_publisher":"https:\/\/facebook.com\/gaveaNews\/","article_published_time":"2025-03-31T01:25:10+00:00","og_image":[{"width":1200,"height":750,"url":"https:\/\/www.gaveanews.com\/wp-content\/uploads\/Pedro-posa-para-foto-com-a-medalha-de-campeao-do-Campeonato-Carioca-de-2025.webp","type":"image\/jpeg"}],"author":"Hudson Pereira","twitter_card":"summary_large_image","twitter_misc":{"Escrito por":"Hudson Pereira","Est. tempo de leitura":"3 minutos"},"schema":{"@context":"https:\/\/schema.org","@graph":[{"@type":"NewsArticle","@id":"https:\/\/www.gaveanews.com\/index.php\/2025\/03\/30\/a-declaracao-de-juninho-direcionada-a-pedro-do-flamengo-2\/#article","isPartOf":{"@id":"https:\/\/www.gaveanews.com\/index.php\/2025\/03\/30\/a-declaracao-de-juninho-direcionada-a-pedro-do-flamengo-2\/"},"author":{"name":"Hudson Pereira","@id":"https:\/\/www.gaveanews.com\/#\/schema\/person\/bd08f00534b403119b92741a6d469ef0"},"headline":"A declara\u00e7\u00e3o de Juninho direcionada a Pedro, do Flamengo","datePublished":"2025-03-31T01:25:10+00:00","mainEntityOfPage":{"@id":"https:\/\/www.gaveanews.com\/index.php\/2025\/03\/30\/a-declaracao-de-juninho-direcionada-a-pedro-do-flamengo-2\/"},"wordCount":497,"commentCount":0,"image":{"@id":"https:\/\/www.gaveanews.com\/index.php\/2025\/03\/30\/a-declaracao-de-juninho-direcionada-a-pedro-do-flamengo-2\/#primaryimage"},"thumbnailUrl":"https:\/\/www.gaveanews.com\/wp-content\/uploads\/Pedro-posa-para-foto-com-a-medalha-de-campeao-do-Campeonato-Carioca-de-2025.webp","articleSection":["Flamengo"],"inLanguage":"pt-BR","potentialAction":[{"@type":"CommentAction","name":"Comment","target":["https:\/\/www.gaveanews.com\/index.php\/2025\/03\/30\/a-declaracao-de-juninho-direcionada-a-pedro-do-flamengo-2\/#respond"]}],"copyrightYear":"2025","copyrightHolder":{"@id":"https:\/\/www.gaveanews.com\/#organization"}},{"@type":"WebPage","@id":"https:\/\/www.gaveanews.com\/index.php\/2025\/03\/30\/a-declaracao-de-juninho-direcionada-a-pedro-do-flamengo-2\/","url":"https:\/\/www.gaveanews.com\/index.php\/2025\/03\/30\/a-declaracao-de-juninho-direcionada-a-pedro-do-flamengo-2\/","name":"A declara\u00e7\u00e3o de Juninho direcionada a Pedro, do Flamengo","isPartOf":{"@id":"https:\/\/www.gaveanews.com\/#website"},"primaryImageOfPage":{"@id":"https:\/\/www.gaveanews.com\/index.php\/2025\/03\/30\/a-declaracao-de-juninho-direcionada-a-pedro-do-flamengo-2\/#primaryimage"},"image":{"@id":"https:\/\/www.gaveanews.com\/index.php\/2025\/03\/30\/a-declaracao-de-juninho-direcionada-a-pedro-do-flamengo-2\/#primaryimage"},"thumbnailUrl":"https:\/\/www.gaveanews.com\/wp-content\/uploads\/Pedro-posa-para-foto-com-a-medalha-de-campeao-do-Campeonato-Carioca-de-2025.webp","datePublished":"2025-03-31T01:25:10+00:00","author":{"@id":"https:\/\/www.gaveanews.com\/#\/schema\/person\/bd08f00534b403119b92741a6d469ef0"},"breadcrumb":{"@id":"https:\/\/www.gaveanews.com\/index.php\/2025\/03\/30\/a-declaracao-de-juninho-direcionada-a-pedro-do-flamengo-2\/#breadcrumb"},"inLanguage":"pt-BR","potentialAction":[{"@type":"ReadAction","target":["https:\/\/www.gaveanews.com\/index.php\/2025\/03\/30\/a-declaracao-de-juninho-direcionada-a-pedro-do-flamengo-2\/"]}]},{"@type":"ImageObject","inLanguage":"pt-BR","@id":"https:\/\/www.gaveanews.com\/index.php\/2025\/03\/30\/a-declaracao-de-juninho-direcionada-a-pedro-do-flamengo-2\/#primaryimage","url":"https:\/\/www.gaveanews.com\/wp-content\/uploads\/Pedro-posa-para-foto-com-a-medalha-de-campeao-do-Campeonato-Carioca-de-2025.webp","contentUrl":"https:\/\/www.gaveanews.com\/wp-content\/uploads\/Pedro-posa-para-foto-com-a-medalha-de-campeao-do-Campeonato-Carioca-de-2025.webp","width":1200,"height":750,"caption":"Pedro posa para foto com a medalha de campe\u00e3o do Campeonato Carioca de 2025 (Foto: Gilvan de Souza\/Flamengo)"},{"@type":"BreadcrumbList","@id":"https:\/\/www.gaveanews.com\/index.php\/2025\/03\/30\/a-declaracao-de-juninho-direcionada-a-pedro-do-flamengo-2\/#breadcrumb","itemListElement":[{"@type":"ListItem","position":1,"name":"Home","item":"https:\/\/www.gaveanews.com\/"},{"@type":"ListItem","position":2,"name":"A declara\u00e7\u00e3o de Juninho direcionada a Pedro, do Flamengo"}]},{"@type":"WebSite","@id":"https:\/\/www.gaveanews.com\/#website","url":"https:\/\/www.gaveanews.com\/","name":"G\u00e1vea News","description":"Veja todas as not\u00edcias sobre o Flamengo: Contrata\u00e7\u00f5es, categorias de base, resultados das partidas, tabela de classifica\u00e7\u00e3o, pr\u00f3ximos jogos!","potentialAction":[{"@type":"SearchAction","target":{"@type":"EntryPoint","urlTemplate":"https:\/\/www.gaveanews.com\/?s={search_term_string}"},"query-input":{"@type":"PropertyValueSpecification","valueRequired":true,"valueName":"search_term_string"}}],"inLanguage":"pt-BR"},{"@type":"Person","@id":"https:\/\/www.gaveanews.com\/#\/schema\/person\/bd08f00534b403119b92741a6d469ef0","name":"Hudson Pereira","image":{"@type":"ImageObject","inLanguage":"pt-BR","@id":"https:\/\/www.gaveanews.com\/#\/schema\/person\/image\/","url":"https:\/\/secure.gravatar.com\/avatar\/ecc491b489e454e510efffc9b23c1052ce5fb4f2e05555768ba65819cd55f03e?s=96&d=mm&r=g","contentUrl":"https:\/\/secure.gravatar.com\/avatar\/ecc491b489e454e510efffc9b23c1052ce5fb4f2e05555768ba65819cd55f03e?s=96&d=mm&r=g","caption":"Hudson Pereira"}}]}},"_links":{"self":[{"href":"https:\/\/www.gaveanews.com\/index.php\/wp-json\/wp\/v2\/posts\/246783","targetHints":{"allow":["GET"]}}],"collection":[{"href":"https:\/\/www.gaveanews.com\/index.php\/wp-json\/wp\/v2\/posts"}],"about":[{"href":"https:\/\/www.gaveanews.com\/index.php\/wp-json\/wp\/v2\/types\/post"}],"author":[{"embeddable":true,"href":"https:\/\/www.gaveanews.com\/index.php\/wp-json\/wp\/v2\/users\/28"}],"replies":[{"embeddable":true,"href":"https:\/\/www.gaveanews.com\/index.php\/wp-json\/wp\/v2\/comments?post=246783"}],"version-history":[{"count":1,"href":"https:\/\/www.gaveanews.com\/index.php\/wp-json\/wp\/v2\/posts\/246783\/revisions"}],"predecessor-version":[{"id":246785,"href":"https:\/\/www.gaveanews.com\/index.php\/wp-json\/wp\/v2\/posts\/246783\/revisions\/246785"}],"wp:featuredmedia":[{"embeddable":true,"href":"https:\/\/www.gaveanews.com\/index.php\/wp-json\/wp\/v2\/media\/240726"}],"wp:attachment":[{"href":"https:\/\/www.gaveanews.com\/index.php\/wp-json\/wp\/v2\/media?parent=246783"}],"wp:term":[{"taxonomy":"category","embeddable":true,"href":"https:\/\/www.gaveanews.com\/index.php\/wp-json\/wp\/v2\/categories?post=246783"},{"taxonomy":"post_tag","embeddable":true,"href":"https:\/\/www.gaveanews.com\/index.php\/wp-json\/wp\/v2\/tags?post=246783"}],"curies":[{"name":"wp","href":"https:\/\/api.w.org\/{rel}","templated":true}]}}