{"id":246786,"date":"2025-03-30T22:40:38","date_gmt":"2025-03-31T01:40:38","guid":{"rendered":"https:\/\/www.gaveanews.com\/?p=246786"},"modified":"2025-03-30T21:58:04","modified_gmt":"2025-03-31T00:58:04","slug":"a-declaracao-do-presidente-do-atletico-mg-direcionada-a-raphael-claus","status":"publish","type":"post","link":"https:\/\/www.gaveanews.com\/index.php\/2025\/03\/30\/a-declaracao-do-presidente-do-atletico-mg-direcionada-a-raphael-claus\/","title":{"rendered":"A declara\u00e7\u00e3o do presidente do Atl\u00e9tico-MG direcionada a Raphael Claus"},"content":{"rendered":"\n<p>O Atl\u00e9tico-MG expressou forte descontentamento com a atua\u00e7\u00e3o da arbitragem logo ap\u00f3s a derrota por 2 a 1 para o Gr\u00eamio. O confronto marcou a abertura do Campeonato Brasileiro e aconteceu na noite deste \u00faltimo s\u00e1bado (29).<\/p>\n\n\n\n<p>A principal reclama\u00e7\u00e3o do clube mineiro concentra-se na jogada que resultou no primeiro gol da equipe ga\u00facha. Conforme a vis\u00e3o do Atl\u00e9tico, houve uma infra\u00e7\u00e3o cometida por Lucas Esteves sobre o lateral Natanael no come\u00e7o da constru\u00e7\u00e3o ofensiva.<\/p>\n\n\n\n<p>A equipe de arbitragem de v\u00eddeo (VAR) checou o lance sob duas perspectivas: uma poss\u00edvel posi\u00e7\u00e3o de impedimento e, igualmente, a falta alegada no in\u00edcio da jogada. Contudo, ap\u00f3s a revis\u00e3o factual e a verifica\u00e7\u00e3o da potencial falta na origem do ataque, o \u00e1rbitro Raphael Claus confirmou a validade do gol.<\/p>\n\n\n\n<p>Durante o momento chave, Lucas Esteves realizou um movimento com o p\u00e9 elevado, que passou perto do rosto de Natanael. Embora o defensor atleticano tenha ca\u00eddo no gramado, ele se reergueu prontamente e deu continuidade \u00e0 disputa.<\/p>\n\n\n\n<h2 class=\"wp-block-heading\" id=\"h-reacao-oficial-do-clube-mineiro\">Rea\u00e7\u00e3o oficial do clube mineiro<\/h2>\n\n\n\n<p>O presidente do Atl\u00e9tico-MG, S\u00e9rgio Coelho, criticou veementemente o \u00e1rbitro da partida, Raphael Claus, em declara\u00e7\u00e3o ao ge. Al\u00e9m disso, o dirigente relembrou outros confrontos nos quais considera que o mesmo \u00e1rbitro prejudicou sua equipe.<\/p>\n\n\n\n<p>Coelho afirmou: &#8220;O Galo jogou bem ontem sim, mas infelizmente perdemos, erramos muito gol, isso faz parte do futebol. O que n\u00e3o faz parte do futebol s\u00e3o os in\u00fameros erros do \u00e1rbitro Fifa, Raphael Claus, contra o Galo. N\u00e3o quero justificar nossa derrota, mas ontem, mais uma vez, o senhor Raphael Claus nos prejudicou. Houve uma falta, sim, em cima do nosso lateral Natanael no in\u00edcio da jogada. Foi clara a falta, toda a imprensa especializada \u00e9 un\u00e2nime em dizer que teve falta nesse lance&#8221;.<\/p>\n\n\n\n<p>Para exemplificar sua frustra\u00e7\u00e3o, S\u00e9rgio Coelho citou partidas anteriores. Ele recordou um jogo contra o Atl\u00e9tico-GO, no qual, logo no in\u00edcio, ocorreu um p\u00eanalti claro a favor do Atl\u00e9tico; mesmo com o chamado do VAR, Claus observou o lance e optou por n\u00e3o marcar a penalidade. <\/p>\n\n\n\n<p>Similarmente, mencionou um confronto contra o Botafogo, no Rio, onde Ademir sofreu um p\u00eanalti evidente, mas o \u00e1rbitro tamb\u00e9m n\u00e3o o assinalou. &#8220;N\u00f3s estamos cansados de ser prejudicados pelo Raphael Claus, por favor Raphael Claus, chega&#8221;, concluiu o presidente do Atl\u00e9tico-MG.<\/p>\n\n\n\n<figure class=\"wp-block-image size-full\"><img loading=\"lazy\" decoding=\"async\" width=\"900\" height=\"506\" src=\"http:\/\/www.gaveanews.com\/wp-content\/uploads\/Sergio-Coelho-presidente-do-Atletico-MG.webp\" alt=\"\" class=\"wp-image-77120\" srcset=\"https:\/\/www.gaveanews.com\/wp-content\/uploads\/Sergio-Coelho-presidente-do-Atletico-MG.webp 900w, https:\/\/www.gaveanews.com\/wp-content\/uploads\/Sergio-Coelho-presidente-do-Atletico-MG-300x169.webp 300w, https:\/\/www.gaveanews.com\/wp-content\/uploads\/Sergio-Coelho-presidente-do-Atletico-MG-768x432.webp 768w, https:\/\/www.gaveanews.com\/wp-content\/uploads\/Sergio-Coelho-presidente-do-Atletico-MG-747x420.webp 747w, https:\/\/www.gaveanews.com\/wp-content\/uploads\/Sergio-Coelho-presidente-do-Atletico-MG-640x360.webp 640w, https:\/\/www.gaveanews.com\/wp-content\/uploads\/Sergio-Coelho-presidente-do-Atletico-MG-681x383.webp 681w, https:\/\/www.gaveanews.com\/wp-content\/uploads\/Sergio-Coelho-presidente-do-Atletico-MG-100x56.webp 100w\" sizes=\"auto, (max-width: 900px) 100vw, 900px\" \/><figcaption class=\"wp-element-caption\">S\u00e9rgio Coelho, presidente do Atl\u00e9tico-MG (Foto: Divulga\u00e7\u00e3o\/Atl\u00e9tico-MG)<\/figcaption><\/figure>\n\n\n\n<h2 class=\"wp-block-heading\" id=\"h-analise-da-arbitragem\">An\u00e1lise da arbitragem<\/h2>\n\n\n\n<p>Por outro lado, o comentarista de arbitragem Paulo C\u00e9sar de Oliveira (PC de Oliveira), do Grupo Globo, apresentou uma vis\u00e3o diferente sobre o lance do primeiro gol gremista. Ele considerou a jogada como legal, apesar de reconhecer que foi uma a\u00e7\u00e3o no limite.<\/p>\n\n\n\n<p>PC de Oliveira explicou sua avalia\u00e7\u00e3o: &#8220;No \u00e2ngulo checado pelo VAR, com uma imagem mais aproximada, deu para perceber que havia um espa\u00e7o. A a\u00e7\u00e3o do Lucas Esteves, na minha avalia\u00e7\u00e3o, foi s\u00f3 na bola. Ele d\u00e1 um toque e ainda recolhe a perna. \u00c9 diferente quando um jogador chuta e mant\u00e9m a perna estendida, causando risco ao advers\u00e1rio. Para mim \u00e9 bem no limite, mas a a\u00e7\u00e3o dele \u00e9 na bola&#8221;.<\/p>\n","protected":false},"excerpt":{"rendered":"<p>O Atl\u00e9tico-MG expressou forte descontentamento com a atua\u00e7\u00e3o da arbitragem logo ap\u00f3s a derrota por 2 a 1 para o Gr\u00eamio. O confronto marcou a abertura do Campeonato Brasileiro e aconteceu na noite deste \u00faltimo s\u00e1bado (29). A principal reclama\u00e7\u00e3o do clube mineiro concentra-se na jogada que resultou no primeiro gol da equipe ga\u00facha. Conforme [&hellip;]<\/p>\n","protected":false},"author":28,"featured_media":140116,"comment_status":"open","ping_status":"closed","sticky":false,"template":"","format":"standard","meta":{"footnotes":""},"categories":[136],"tags":[],"class_list":["post-246786","post","type-post","status-publish","format-standard","has-post-thumbnail","hentry","category-atletico-mg"],"yoast_head":"<!-- This site is optimized with the Yoast SEO Premium plugin v24.2 (Yoast SEO v26.9) - https:\/\/yoast.com\/product\/yoast-seo-premium-wordpress\/ -->\n<title>A declara\u00e7\u00e3o do presidente do Atl\u00e9tico-MG direcionada a Raphael Claus<\/title>\n<meta name=\"robots\" content=\"index, follow, max-snippet:-1, max-image-preview:large, max-video-preview:-1\" \/>\n<link rel=\"canonical\" href=\"https:\/\/www.gaveanews.com\/index.php\/2025\/03\/30\/a-declaracao-do-presidente-do-atletico-mg-direcionada-a-raphael-claus\/\" \/>\n<meta property=\"og:locale\" content=\"pt_BR\" \/>\n<meta property=\"og:type\" content=\"article\" \/>\n<meta property=\"og:title\" content=\"A declara\u00e7\u00e3o do presidente do Atl\u00e9tico-MG direcionada a Raphael Claus\" \/>\n<meta property=\"og:description\" content=\"O Atl\u00e9tico-MG expressou forte descontentamento com a atua\u00e7\u00e3o da arbitragem logo ap\u00f3s a derrota por 2 a 1 para o Gr\u00eamio. O confronto marcou a abertura do Campeonato Brasileiro e aconteceu na noite deste \u00faltimo s\u00e1bado (29). A principal reclama\u00e7\u00e3o do clube mineiro concentra-se na jogada que resultou no primeiro gol da equipe ga\u00facha. Conforme [&hellip;]\" \/>\n<meta property=\"og:url\" content=\"https:\/\/www.gaveanews.com\/index.php\/2025\/03\/30\/a-declaracao-do-presidente-do-atletico-mg-direcionada-a-raphael-claus\/\" \/>\n<meta property=\"og:site_name\" content=\"G\u00e1vea News\" \/>\n<meta property=\"article:publisher\" content=\"https:\/\/facebook.com\/gaveaNews\/\" \/>\n<meta property=\"article:published_time\" content=\"2025-03-31T01:40:38+00:00\" \/>\n<meta property=\"og:image\" content=\"https:\/\/www.gaveanews.com\/wp-content\/uploads\/Raphael-Claus.webp\" \/>\n\t<meta property=\"og:image:width\" content=\"795\" \/>\n\t<meta property=\"og:image:height\" content=\"448\" \/>\n\t<meta property=\"og:image:type\" content=\"image\/jpeg\" \/>\n<meta name=\"author\" content=\"Hudson Pereira\" \/>\n<meta name=\"twitter:card\" content=\"summary_large_image\" \/>\n<meta name=\"twitter:label1\" content=\"Escrito por\" \/>\n\t<meta name=\"twitter:data1\" content=\"Hudson Pereira\" \/>\n\t<meta name=\"twitter:label2\" content=\"Est. tempo de leitura\" \/>\n\t<meta name=\"twitter:data2\" content=\"4 minutos\" \/>\n<script type=\"application\/ld+json\" class=\"yoast-schema-graph\">{\"@context\":\"https:\/\/schema.org\",\"@graph\":[{\"@type\":\"NewsArticle\",\"@id\":\"https:\/\/www.gaveanews.com\/index.php\/2025\/03\/30\/a-declaracao-do-presidente-do-atletico-mg-direcionada-a-raphael-claus\/#article\",\"isPartOf\":{\"@id\":\"https:\/\/www.gaveanews.com\/index.php\/2025\/03\/30\/a-declaracao-do-presidente-do-atletico-mg-direcionada-a-raphael-claus\/\"},\"author\":{\"name\":\"Hudson Pereira\",\"@id\":\"https:\/\/www.gaveanews.com\/#\/schema\/person\/bd08f00534b403119b92741a6d469ef0\"},\"headline\":\"A declara\u00e7\u00e3o do presidente do Atl\u00e9tico-MG direcionada a Raphael Claus\",\"datePublished\":\"2025-03-31T01:40:38+00:00\",\"mainEntityOfPage\":{\"@id\":\"https:\/\/www.gaveanews.com\/index.php\/2025\/03\/30\/a-declaracao-do-presidente-do-atletico-mg-direcionada-a-raphael-claus\/\"},\"wordCount\":563,\"commentCount\":0,\"image\":{\"@id\":\"https:\/\/www.gaveanews.com\/index.php\/2025\/03\/30\/a-declaracao-do-presidente-do-atletico-mg-direcionada-a-raphael-claus\/#primaryimage\"},\"thumbnailUrl\":\"https:\/\/www.gaveanews.com\/wp-content\/uploads\/Raphael-Claus.webp\",\"articleSection\":[\"Atl\u00e9tico-MG\"],\"inLanguage\":\"pt-BR\",\"potentialAction\":[{\"@type\":\"CommentAction\",\"name\":\"Comment\",\"target\":[\"https:\/\/www.gaveanews.com\/index.php\/2025\/03\/30\/a-declaracao-do-presidente-do-atletico-mg-direcionada-a-raphael-claus\/#respond\"]}],\"copyrightYear\":\"2025\",\"copyrightHolder\":{\"@id\":\"https:\/\/www.gaveanews.com\/#organization\"}},{\"@type\":\"WebPage\",\"@id\":\"https:\/\/www.gaveanews.com\/index.php\/2025\/03\/30\/a-declaracao-do-presidente-do-atletico-mg-direcionada-a-raphael-claus\/\",\"url\":\"https:\/\/www.gaveanews.com\/index.php\/2025\/03\/30\/a-declaracao-do-presidente-do-atletico-mg-direcionada-a-raphael-claus\/\",\"name\":\"A declara\u00e7\u00e3o do presidente do Atl\u00e9tico-MG direcionada a Raphael Claus\",\"isPartOf\":{\"@id\":\"https:\/\/www.gaveanews.com\/#website\"},\"primaryImageOfPage\":{\"@id\":\"https:\/\/www.gaveanews.com\/index.php\/2025\/03\/30\/a-declaracao-do-presidente-do-atletico-mg-direcionada-a-raphael-claus\/#primaryimage\"},\"image\":{\"@id\":\"https:\/\/www.gaveanews.com\/index.php\/2025\/03\/30\/a-declaracao-do-presidente-do-atletico-mg-direcionada-a-raphael-claus\/#primaryimage\"},\"thumbnailUrl\":\"https:\/\/www.gaveanews.com\/wp-content\/uploads\/Raphael-Claus.webp\",\"datePublished\":\"2025-03-31T01:40:38+00:00\",\"author\":{\"@id\":\"https:\/\/www.gaveanews.com\/#\/schema\/person\/bd08f00534b403119b92741a6d469ef0\"},\"breadcrumb\":{\"@id\":\"https:\/\/www.gaveanews.com\/index.php\/2025\/03\/30\/a-declaracao-do-presidente-do-atletico-mg-direcionada-a-raphael-claus\/#breadcrumb\"},\"inLanguage\":\"pt-BR\",\"potentialAction\":[{\"@type\":\"ReadAction\",\"target\":[\"https:\/\/www.gaveanews.com\/index.php\/2025\/03\/30\/a-declaracao-do-presidente-do-atletico-mg-direcionada-a-raphael-claus\/\"]}]},{\"@type\":\"ImageObject\",\"inLanguage\":\"pt-BR\",\"@id\":\"https:\/\/www.gaveanews.com\/index.php\/2025\/03\/30\/a-declaracao-do-presidente-do-atletico-mg-direcionada-a-raphael-claus\/#primaryimage\",\"url\":\"https:\/\/www.gaveanews.com\/wp-content\/uploads\/Raphael-Claus.webp\",\"contentUrl\":\"https:\/\/www.gaveanews.com\/wp-content\/uploads\/Raphael-Claus.webp\",\"width\":795,\"height\":448,\"caption\":\"Raphael Claus (Foto: Cesar Greco\/Palmeiras)\"},{\"@type\":\"BreadcrumbList\",\"@id\":\"https:\/\/www.gaveanews.com\/index.php\/2025\/03\/30\/a-declaracao-do-presidente-do-atletico-mg-direcionada-a-raphael-claus\/#breadcrumb\",\"itemListElement\":[{\"@type\":\"ListItem\",\"position\":1,\"name\":\"Home\",\"item\":\"https:\/\/www.gaveanews.com\/\"},{\"@type\":\"ListItem\",\"position\":2,\"name\":\"A declara\u00e7\u00e3o do presidente do Atl\u00e9tico-MG direcionada a Raphael Claus\"}]},{\"@type\":\"WebSite\",\"@id\":\"https:\/\/www.gaveanews.com\/#website\",\"url\":\"https:\/\/www.gaveanews.com\/\",\"name\":\"G\u00e1vea News\",\"description\":\"Veja todas as not\u00edcias sobre o Flamengo: Contrata\u00e7\u00f5es, categorias de base, resultados das partidas, tabela de classifica\u00e7\u00e3o, pr\u00f3ximos jogos!\",\"potentialAction\":[{\"@type\":\"SearchAction\",\"target\":{\"@type\":\"EntryPoint\",\"urlTemplate\":\"https:\/\/www.gaveanews.com\/?s={search_term_string}\"},\"query-input\":{\"@type\":\"PropertyValueSpecification\",\"valueRequired\":true,\"valueName\":\"search_term_string\"}}],\"inLanguage\":\"pt-BR\"},{\"@type\":\"Person\",\"@id\":\"https:\/\/www.gaveanews.com\/#\/schema\/person\/bd08f00534b403119b92741a6d469ef0\",\"name\":\"Hudson Pereira\",\"image\":{\"@type\":\"ImageObject\",\"inLanguage\":\"pt-BR\",\"@id\":\"https:\/\/www.gaveanews.com\/#\/schema\/person\/image\/\",\"url\":\"https:\/\/secure.gravatar.com\/avatar\/ecc491b489e454e510efffc9b23c1052ce5fb4f2e05555768ba65819cd55f03e?s=96&d=mm&r=g\",\"contentUrl\":\"https:\/\/secure.gravatar.com\/avatar\/ecc491b489e454e510efffc9b23c1052ce5fb4f2e05555768ba65819cd55f03e?s=96&d=mm&r=g\",\"caption\":\"Hudson Pereira\"}}]}<\/script>\n<!-- \/ Yoast SEO Premium plugin. -->","yoast_head_json":{"title":"A declara\u00e7\u00e3o do presidente do Atl\u00e9tico-MG direcionada a Raphael Claus","robots":{"index":"index","follow":"follow","max-snippet":"max-snippet:-1","max-image-preview":"max-image-preview:large","max-video-preview":"max-video-preview:-1"},"canonical":"https:\/\/www.gaveanews.com\/index.php\/2025\/03\/30\/a-declaracao-do-presidente-do-atletico-mg-direcionada-a-raphael-claus\/","og_locale":"pt_BR","og_type":"article","og_title":"A declara\u00e7\u00e3o do presidente do Atl\u00e9tico-MG direcionada a Raphael Claus","og_description":"O Atl\u00e9tico-MG expressou forte descontentamento com a atua\u00e7\u00e3o da arbitragem logo ap\u00f3s a derrota por 2 a 1 para o Gr\u00eamio. O confronto marcou a abertura do Campeonato Brasileiro e aconteceu na noite deste \u00faltimo s\u00e1bado (29). A principal reclama\u00e7\u00e3o do clube mineiro concentra-se na jogada que resultou no primeiro gol da equipe ga\u00facha. Conforme [&hellip;]","og_url":"https:\/\/www.gaveanews.com\/index.php\/2025\/03\/30\/a-declaracao-do-presidente-do-atletico-mg-direcionada-a-raphael-claus\/","og_site_name":"G\u00e1vea News","article_publisher":"https:\/\/facebook.com\/gaveaNews\/","article_published_time":"2025-03-31T01:40:38+00:00","og_image":[{"width":795,"height":448,"url":"https:\/\/www.gaveanews.com\/wp-content\/uploads\/Raphael-Claus.webp","type":"image\/jpeg"}],"author":"Hudson Pereira","twitter_card":"summary_large_image","twitter_misc":{"Escrito por":"Hudson Pereira","Est. tempo de leitura":"4 minutos"},"schema":{"@context":"https:\/\/schema.org","@graph":[{"@type":"NewsArticle","@id":"https:\/\/www.gaveanews.com\/index.php\/2025\/03\/30\/a-declaracao-do-presidente-do-atletico-mg-direcionada-a-raphael-claus\/#article","isPartOf":{"@id":"https:\/\/www.gaveanews.com\/index.php\/2025\/03\/30\/a-declaracao-do-presidente-do-atletico-mg-direcionada-a-raphael-claus\/"},"author":{"name":"Hudson Pereira","@id":"https:\/\/www.gaveanews.com\/#\/schema\/person\/bd08f00534b403119b92741a6d469ef0"},"headline":"A declara\u00e7\u00e3o do presidente do Atl\u00e9tico-MG direcionada a Raphael Claus","datePublished":"2025-03-31T01:40:38+00:00","mainEntityOfPage":{"@id":"https:\/\/www.gaveanews.com\/index.php\/2025\/03\/30\/a-declaracao-do-presidente-do-atletico-mg-direcionada-a-raphael-claus\/"},"wordCount":563,"commentCount":0,"image":{"@id":"https:\/\/www.gaveanews.com\/index.php\/2025\/03\/30\/a-declaracao-do-presidente-do-atletico-mg-direcionada-a-raphael-claus\/#primaryimage"},"thumbnailUrl":"https:\/\/www.gaveanews.com\/wp-content\/uploads\/Raphael-Claus.webp","articleSection":["Atl\u00e9tico-MG"],"inLanguage":"pt-BR","potentialAction":[{"@type":"CommentAction","name":"Comment","target":["https:\/\/www.gaveanews.com\/index.php\/2025\/03\/30\/a-declaracao-do-presidente-do-atletico-mg-direcionada-a-raphael-claus\/#respond"]}],"copyrightYear":"2025","copyrightHolder":{"@id":"https:\/\/www.gaveanews.com\/#organization"}},{"@type":"WebPage","@id":"https:\/\/www.gaveanews.com\/index.php\/2025\/03\/30\/a-declaracao-do-presidente-do-atletico-mg-direcionada-a-raphael-claus\/","url":"https:\/\/www.gaveanews.com\/index.php\/2025\/03\/30\/a-declaracao-do-presidente-do-atletico-mg-direcionada-a-raphael-claus\/","name":"A declara\u00e7\u00e3o do presidente do Atl\u00e9tico-MG direcionada a Raphael Claus","isPartOf":{"@id":"https:\/\/www.gaveanews.com\/#website"},"primaryImageOfPage":{"@id":"https:\/\/www.gaveanews.com\/index.php\/2025\/03\/30\/a-declaracao-do-presidente-do-atletico-mg-direcionada-a-raphael-claus\/#primaryimage"},"image":{"@id":"https:\/\/www.gaveanews.com\/index.php\/2025\/03\/30\/a-declaracao-do-presidente-do-atletico-mg-direcionada-a-raphael-claus\/#primaryimage"},"thumbnailUrl":"https:\/\/www.gaveanews.com\/wp-content\/uploads\/Raphael-Claus.webp","datePublished":"2025-03-31T01:40:38+00:00","author":{"@id":"https:\/\/www.gaveanews.com\/#\/schema\/person\/bd08f00534b403119b92741a6d469ef0"},"breadcrumb":{"@id":"https:\/\/www.gaveanews.com\/index.php\/2025\/03\/30\/a-declaracao-do-presidente-do-atletico-mg-direcionada-a-raphael-claus\/#breadcrumb"},"inLanguage":"pt-BR","potentialAction":[{"@type":"ReadAction","target":["https:\/\/www.gaveanews.com\/index.php\/2025\/03\/30\/a-declaracao-do-presidente-do-atletico-mg-direcionada-a-raphael-claus\/"]}]},{"@type":"ImageObject","inLanguage":"pt-BR","@id":"https:\/\/www.gaveanews.com\/index.php\/2025\/03\/30\/a-declaracao-do-presidente-do-atletico-mg-direcionada-a-raphael-claus\/#primaryimage","url":"https:\/\/www.gaveanews.com\/wp-content\/uploads\/Raphael-Claus.webp","contentUrl":"https:\/\/www.gaveanews.com\/wp-content\/uploads\/Raphael-Claus.webp","width":795,"height":448,"caption":"Raphael Claus (Foto: Cesar Greco\/Palmeiras)"},{"@type":"BreadcrumbList","@id":"https:\/\/www.gaveanews.com\/index.php\/2025\/03\/30\/a-declaracao-do-presidente-do-atletico-mg-direcionada-a-raphael-claus\/#breadcrumb","itemListElement":[{"@type":"ListItem","position":1,"name":"Home","item":"https:\/\/www.gaveanews.com\/"},{"@type":"ListItem","position":2,"name":"A declara\u00e7\u00e3o do presidente do Atl\u00e9tico-MG direcionada a Raphael Claus"}]},{"@type":"WebSite","@id":"https:\/\/www.gaveanews.com\/#website","url":"https:\/\/www.gaveanews.com\/","name":"G\u00e1vea News","description":"Veja todas as not\u00edcias sobre o Flamengo: Contrata\u00e7\u00f5es, categorias de base, resultados das partidas, tabela de classifica\u00e7\u00e3o, pr\u00f3ximos jogos!","potentialAction":[{"@type":"SearchAction","target":{"@type":"EntryPoint","urlTemplate":"https:\/\/www.gaveanews.com\/?s={search_term_string}"},"query-input":{"@type":"PropertyValueSpecification","valueRequired":true,"valueName":"search_term_string"}}],"inLanguage":"pt-BR"},{"@type":"Person","@id":"https:\/\/www.gaveanews.com\/#\/schema\/person\/bd08f00534b403119b92741a6d469ef0","name":"Hudson Pereira","image":{"@type":"ImageObject","inLanguage":"pt-BR","@id":"https:\/\/www.gaveanews.com\/#\/schema\/person\/image\/","url":"https:\/\/secure.gravatar.com\/avatar\/ecc491b489e454e510efffc9b23c1052ce5fb4f2e05555768ba65819cd55f03e?s=96&d=mm&r=g","contentUrl":"https:\/\/secure.gravatar.com\/avatar\/ecc491b489e454e510efffc9b23c1052ce5fb4f2e05555768ba65819cd55f03e?s=96&d=mm&r=g","caption":"Hudson Pereira"}}]}},"_links":{"self":[{"href":"https:\/\/www.gaveanews.com\/index.php\/wp-json\/wp\/v2\/posts\/246786","targetHints":{"allow":["GET"]}}],"collection":[{"href":"https:\/\/www.gaveanews.com\/index.php\/wp-json\/wp\/v2\/posts"}],"about":[{"href":"https:\/\/www.gaveanews.com\/index.php\/wp-json\/wp\/v2\/types\/post"}],"author":[{"embeddable":true,"href":"https:\/\/www.gaveanews.com\/index.php\/wp-json\/wp\/v2\/users\/28"}],"replies":[{"embeddable":true,"href":"https:\/\/www.gaveanews.com\/index.php\/wp-json\/wp\/v2\/comments?post=246786"}],"version-history":[{"count":2,"href":"https:\/\/www.gaveanews.com\/index.php\/wp-json\/wp\/v2\/posts\/246786\/revisions"}],"predecessor-version":[{"id":246796,"href":"https:\/\/www.gaveanews.com\/index.php\/wp-json\/wp\/v2\/posts\/246786\/revisions\/246796"}],"wp:featuredmedia":[{"embeddable":true,"href":"https:\/\/www.gaveanews.com\/index.php\/wp-json\/wp\/v2\/media\/140116"}],"wp:attachment":[{"href":"https:\/\/www.gaveanews.com\/index.php\/wp-json\/wp\/v2\/media?parent=246786"}],"wp:term":[{"taxonomy":"category","embeddable":true,"href":"https:\/\/www.gaveanews.com\/index.php\/wp-json\/wp\/v2\/categories?post=246786"},{"taxonomy":"post_tag","embeddable":true,"href":"https:\/\/www.gaveanews.com\/index.php\/wp-json\/wp\/v2\/tags?post=246786"}],"curies":[{"name":"wp","href":"https:\/\/api.w.org\/{rel}","templated":true}]}}