{"id":246787,"date":"2025-03-30T22:30:16","date_gmt":"2025-03-31T01:30:16","guid":{"rendered":"https:\/\/www.gaveanews.com\/?p=246787"},"modified":"2025-03-30T21:57:56","modified_gmt":"2025-03-31T00:57:56","slug":"a-declaracao-de-felipe-melo-direcionada-a-roger-machado-do-internacional","status":"publish","type":"post","link":"https:\/\/www.gaveanews.com\/index.php\/2025\/03\/30\/a-declaracao-de-felipe-melo-direcionada-a-roger-machado-do-internacional\/","title":{"rendered":"A declara\u00e7\u00e3o de Felipe Melo direcionada a Roger Machado, do Internacional"},"content":{"rendered":"\n<p>Felipe Melo mais uma vez fez quest\u00e3o de exaltar o trabalho de Roger Machado ao comentar sobre a estreia do Internacional no Campeonato Brasileiro, que terminou com um empate contra o Flamengo, no Maracan\u00e3, neste s\u00e1bado (29). O ex-volante, que trabalhou com Roger no Palmeiras, refor\u00e7ou o quanto o treinador tem demonstrado compet\u00eancia ao longo dos anos.<\/p>\n\n\n\n<p>Para ele, Roger tem mostrado uma evolu\u00e7\u00e3o consistente em sua carreira, come\u00e7ando com um trabalho de sucesso no Juventude, e depois consolidando uma temporada excepcional no Internacional.<\/p>\n\n\n\n<p>\u201cEu j\u00e1 venho falando h\u00e1 algum tempo, eu gosto muito do trabalho do Roger Machado. Quando eu trabalhei com ele no Palmeiras, falei muito bem dele, a\u00ed disseram que eu estava maluco. Ele foi para o Juventude, fez um \u00f3timo trabalho, pegou o Inter no ano passado e fez um trabalho excepcional\u201d, afirmou Felipe Melo, destacando a qualifica\u00e7\u00e3o do treinador.<\/p>\n\n\n\n<p>O ex-jogador tamb\u00e9m fez uma an\u00e1lise sobre o confronto entre Internacional e Flamengo, elogiando as duas equipes pelo repert\u00f3rio t\u00e1tico apresentado. <\/p>\n\n\n\n<p>\u201cA gente pode colocar outros clubes, mas Inter e Flamengo fazem parte do grupo seleto de times com mais repert\u00f3rio do futebol brasileiro. Dificilmente voc\u00ea vai assistir a um jogo desses times e n\u00e3o vai ver repert\u00f3rio. Muito bom\u201d, completou.<\/p>\n\n\n\n<p>Sob a dire\u00e7\u00e3o de Roger Machado, o Internacional teve um desempenho not\u00e1vel em 2024, saindo da parte de baixo da tabela e conquistando uma vaga para a Libertadores. Em 2025, o t\u00e9cnico manteve o ritmo de vit\u00f3rias, com nove triunfos e quatro empates at\u00e9 o momento, al\u00e9m de conquistar o t\u00edtulo estadual. O pr\u00f3ximo desafio do Colorado ser\u00e1 contra o Bahia, na quinta-feira (3), pela fase de grupos da Libertadores.<\/p>\n\n\n\n<p>Al\u00e9m de destacar o trabalho de Roger, Felipe Melo tamb\u00e9m comentou sobre a derrota do Fluminense para o Fortaleza, no Castel\u00e3o, e a demiss\u00e3o de Mano Menezes ap\u00f3s o rev\u00e9s. O ex-jogador mostrou-se cr\u00edtico do trabalho do t\u00e9cnico, afirmando que o desligamento poderia ter ocorrido antes, devido ao fraco desempenho da equipe neste in\u00edcio de temporada.<\/p>\n\n\n\n<p>Mesmo tendo trabalhado com Mano Menezes, Felipe Melo preferiu n\u00e3o entrar em detalhes sobre os bastidores, mas indicou que a demiss\u00e3o deveria ter acontecido ao t\u00e9rmino do Brasileir\u00e3o.<\/p>\n","protected":false},"excerpt":{"rendered":"<p>Felipe Melo mais uma vez fez quest\u00e3o de exaltar o trabalho de Roger Machado ao comentar sobre a estreia do Internacional no Campeonato Brasileiro, que terminou com um empate contra o Flamengo, no Maracan\u00e3, neste s\u00e1bado (29). O ex-volante, que trabalhou com Roger no Palmeiras, refor\u00e7ou o quanto o treinador tem demonstrado compet\u00eancia ao longo [&hellip;]<\/p>\n","protected":false},"author":17,"featured_media":244418,"comment_status":"open","ping_status":"closed","sticky":false,"template":"","format":"standard","meta":{"footnotes":""},"categories":[148],"tags":[],"class_list":["post-246787","post","type-post","status-publish","format-standard","has-post-thumbnail","hentry","category-internacional"],"yoast_head":"<!-- This site is optimized with the Yoast SEO Premium plugin v24.2 (Yoast SEO v26.9) - https:\/\/yoast.com\/product\/yoast-seo-premium-wordpress\/ -->\n<title>A declara\u00e7\u00e3o de Felipe Melo direcionada a Roger Machado, do Internacional<\/title>\n<meta name=\"robots\" content=\"index, follow, max-snippet:-1, max-image-preview:large, max-video-preview:-1\" \/>\n<link rel=\"canonical\" href=\"https:\/\/www.gaveanews.com\/index.php\/2025\/03\/30\/a-declaracao-de-felipe-melo-direcionada-a-roger-machado-do-internacional\/\" \/>\n<meta property=\"og:locale\" content=\"pt_BR\" \/>\n<meta property=\"og:type\" content=\"article\" \/>\n<meta property=\"og:title\" content=\"A declara\u00e7\u00e3o de Felipe Melo direcionada a Roger Machado, do Internacional\" \/>\n<meta property=\"og:description\" content=\"Felipe Melo mais uma vez fez quest\u00e3o de exaltar o trabalho de Roger Machado ao comentar sobre a estreia do Internacional no Campeonato Brasileiro, que terminou com um empate contra o Flamengo, no Maracan\u00e3, neste s\u00e1bado (29). O ex-volante, que trabalhou com Roger no Palmeiras, refor\u00e7ou o quanto o treinador tem demonstrado compet\u00eancia ao longo [&hellip;]\" \/>\n<meta property=\"og:url\" content=\"https:\/\/www.gaveanews.com\/index.php\/2025\/03\/30\/a-declaracao-de-felipe-melo-direcionada-a-roger-machado-do-internacional\/\" \/>\n<meta property=\"og:site_name\" content=\"G\u00e1vea News\" \/>\n<meta property=\"article:publisher\" content=\"https:\/\/facebook.com\/gaveaNews\/\" \/>\n<meta property=\"article:published_time\" content=\"2025-03-31T01:30:16+00:00\" \/>\n<meta property=\"og:image\" content=\"https:\/\/www.gaveanews.com\/wp-content\/uploads\/Felipe-Melo-comentarista-da-Rede-Globo.webp\" \/>\n\t<meta property=\"og:image:width\" content=\"900\" \/>\n\t<meta property=\"og:image:height\" content=\"600\" \/>\n\t<meta property=\"og:image:type\" content=\"image\/jpeg\" \/>\n<meta name=\"author\" content=\"Geovanna Thomaz\" \/>\n<meta name=\"twitter:card\" content=\"summary_large_image\" \/>\n<meta name=\"twitter:label1\" content=\"Escrito por\" \/>\n\t<meta name=\"twitter:data1\" content=\"Geovanna Thomaz\" \/>\n\t<meta name=\"twitter:label2\" content=\"Est. tempo de leitura\" \/>\n\t<meta name=\"twitter:data2\" content=\"3 minutos\" \/>\n<script type=\"application\/ld+json\" class=\"yoast-schema-graph\">{\"@context\":\"https:\/\/schema.org\",\"@graph\":[{\"@type\":\"NewsArticle\",\"@id\":\"https:\/\/www.gaveanews.com\/index.php\/2025\/03\/30\/a-declaracao-de-felipe-melo-direcionada-a-roger-machado-do-internacional\/#article\",\"isPartOf\":{\"@id\":\"https:\/\/www.gaveanews.com\/index.php\/2025\/03\/30\/a-declaracao-de-felipe-melo-direcionada-a-roger-machado-do-internacional\/\"},\"author\":{\"name\":\"Geovanna Thomaz\",\"@id\":\"https:\/\/www.gaveanews.com\/#\/schema\/person\/f42654babcd2b2014a1a65af82b081f1\"},\"headline\":\"A declara\u00e7\u00e3o de Felipe Melo direcionada a Roger Machado, do Internacional\",\"datePublished\":\"2025-03-31T01:30:16+00:00\",\"mainEntityOfPage\":{\"@id\":\"https:\/\/www.gaveanews.com\/index.php\/2025\/03\/30\/a-declaracao-de-felipe-melo-direcionada-a-roger-machado-do-internacional\/\"},\"wordCount\":401,\"commentCount\":0,\"image\":{\"@id\":\"https:\/\/www.gaveanews.com\/index.php\/2025\/03\/30\/a-declaracao-de-felipe-melo-direcionada-a-roger-machado-do-internacional\/#primaryimage\"},\"thumbnailUrl\":\"https:\/\/www.gaveanews.com\/wp-content\/uploads\/Felipe-Melo-comentarista-da-Rede-Globo.webp\",\"articleSection\":[\"Internacional\"],\"inLanguage\":\"pt-BR\",\"potentialAction\":[{\"@type\":\"CommentAction\",\"name\":\"Comment\",\"target\":[\"https:\/\/www.gaveanews.com\/index.php\/2025\/03\/30\/a-declaracao-de-felipe-melo-direcionada-a-roger-machado-do-internacional\/#respond\"]}],\"copyrightYear\":\"2025\",\"copyrightHolder\":{\"@id\":\"https:\/\/www.gaveanews.com\/#organization\"}},{\"@type\":\"WebPage\",\"@id\":\"https:\/\/www.gaveanews.com\/index.php\/2025\/03\/30\/a-declaracao-de-felipe-melo-direcionada-a-roger-machado-do-internacional\/\",\"url\":\"https:\/\/www.gaveanews.com\/index.php\/2025\/03\/30\/a-declaracao-de-felipe-melo-direcionada-a-roger-machado-do-internacional\/\",\"name\":\"A declara\u00e7\u00e3o de Felipe Melo direcionada a Roger Machado, do Internacional\",\"isPartOf\":{\"@id\":\"https:\/\/www.gaveanews.com\/#website\"},\"primaryImageOfPage\":{\"@id\":\"https:\/\/www.gaveanews.com\/index.php\/2025\/03\/30\/a-declaracao-de-felipe-melo-direcionada-a-roger-machado-do-internacional\/#primaryimage\"},\"image\":{\"@id\":\"https:\/\/www.gaveanews.com\/index.php\/2025\/03\/30\/a-declaracao-de-felipe-melo-direcionada-a-roger-machado-do-internacional\/#primaryimage\"},\"thumbnailUrl\":\"https:\/\/www.gaveanews.com\/wp-content\/uploads\/Felipe-Melo-comentarista-da-Rede-Globo.webp\",\"datePublished\":\"2025-03-31T01:30:16+00:00\",\"author\":{\"@id\":\"https:\/\/www.gaveanews.com\/#\/schema\/person\/f42654babcd2b2014a1a65af82b081f1\"},\"breadcrumb\":{\"@id\":\"https:\/\/www.gaveanews.com\/index.php\/2025\/03\/30\/a-declaracao-de-felipe-melo-direcionada-a-roger-machado-do-internacional\/#breadcrumb\"},\"inLanguage\":\"pt-BR\",\"potentialAction\":[{\"@type\":\"ReadAction\",\"target\":[\"https:\/\/www.gaveanews.com\/index.php\/2025\/03\/30\/a-declaracao-de-felipe-melo-direcionada-a-roger-machado-do-internacional\/\"]}]},{\"@type\":\"ImageObject\",\"inLanguage\":\"pt-BR\",\"@id\":\"https:\/\/www.gaveanews.com\/index.php\/2025\/03\/30\/a-declaracao-de-felipe-melo-direcionada-a-roger-machado-do-internacional\/#primaryimage\",\"url\":\"https:\/\/www.gaveanews.com\/wp-content\/uploads\/Felipe-Melo-comentarista-da-Rede-Globo.webp\",\"contentUrl\":\"https:\/\/www.gaveanews.com\/wp-content\/uploads\/Felipe-Melo-comentarista-da-Rede-Globo.webp\",\"width\":900,\"height\":600,\"caption\":\"Felipe Melo, comentarista da Rede Globo (Foto: Marcelo de Jesus)\"},{\"@type\":\"BreadcrumbList\",\"@id\":\"https:\/\/www.gaveanews.com\/index.php\/2025\/03\/30\/a-declaracao-de-felipe-melo-direcionada-a-roger-machado-do-internacional\/#breadcrumb\",\"itemListElement\":[{\"@type\":\"ListItem\",\"position\":1,\"name\":\"Home\",\"item\":\"https:\/\/www.gaveanews.com\/\"},{\"@type\":\"ListItem\",\"position\":2,\"name\":\"A declara\u00e7\u00e3o de Felipe Melo direcionada a Roger Machado, do Internacional\"}]},{\"@type\":\"WebSite\",\"@id\":\"https:\/\/www.gaveanews.com\/#website\",\"url\":\"https:\/\/www.gaveanews.com\/\",\"name\":\"G\u00e1vea News\",\"description\":\"Veja todas as not\u00edcias sobre o Flamengo: Contrata\u00e7\u00f5es, categorias de base, resultados das partidas, tabela de classifica\u00e7\u00e3o, pr\u00f3ximos jogos!\",\"potentialAction\":[{\"@type\":\"SearchAction\",\"target\":{\"@type\":\"EntryPoint\",\"urlTemplate\":\"https:\/\/www.gaveanews.com\/?s={search_term_string}\"},\"query-input\":{\"@type\":\"PropertyValueSpecification\",\"valueRequired\":true,\"valueName\":\"search_term_string\"}}],\"inLanguage\":\"pt-BR\"},{\"@type\":\"Person\",\"@id\":\"https:\/\/www.gaveanews.com\/#\/schema\/person\/f42654babcd2b2014a1a65af82b081f1\",\"name\":\"Geovanna Thomaz\",\"image\":{\"@type\":\"ImageObject\",\"inLanguage\":\"pt-BR\",\"@id\":\"https:\/\/www.gaveanews.com\/#\/schema\/person\/image\/\",\"url\":\"https:\/\/secure.gravatar.com\/avatar\/4092073255489533afb558984b49b64268c47198af8623cc82a925ae9fb7118a?s=96&d=mm&r=g\",\"contentUrl\":\"https:\/\/secure.gravatar.com\/avatar\/4092073255489533afb558984b49b64268c47198af8623cc82a925ae9fb7118a?s=96&d=mm&r=g\",\"caption\":\"Geovanna Thomaz\"}}]}<\/script>\n<!-- \/ Yoast SEO Premium plugin. -->","yoast_head_json":{"title":"A declara\u00e7\u00e3o de Felipe Melo direcionada a Roger Machado, do Internacional","robots":{"index":"index","follow":"follow","max-snippet":"max-snippet:-1","max-image-preview":"max-image-preview:large","max-video-preview":"max-video-preview:-1"},"canonical":"https:\/\/www.gaveanews.com\/index.php\/2025\/03\/30\/a-declaracao-de-felipe-melo-direcionada-a-roger-machado-do-internacional\/","og_locale":"pt_BR","og_type":"article","og_title":"A declara\u00e7\u00e3o de Felipe Melo direcionada a Roger Machado, do Internacional","og_description":"Felipe Melo mais uma vez fez quest\u00e3o de exaltar o trabalho de Roger Machado ao comentar sobre a estreia do Internacional no Campeonato Brasileiro, que terminou com um empate contra o Flamengo, no Maracan\u00e3, neste s\u00e1bado (29). O ex-volante, que trabalhou com Roger no Palmeiras, refor\u00e7ou o quanto o treinador tem demonstrado compet\u00eancia ao longo [&hellip;]","og_url":"https:\/\/www.gaveanews.com\/index.php\/2025\/03\/30\/a-declaracao-de-felipe-melo-direcionada-a-roger-machado-do-internacional\/","og_site_name":"G\u00e1vea News","article_publisher":"https:\/\/facebook.com\/gaveaNews\/","article_published_time":"2025-03-31T01:30:16+00:00","og_image":[{"width":900,"height":600,"url":"https:\/\/www.gaveanews.com\/wp-content\/uploads\/Felipe-Melo-comentarista-da-Rede-Globo.webp","type":"image\/jpeg"}],"author":"Geovanna Thomaz","twitter_card":"summary_large_image","twitter_misc":{"Escrito por":"Geovanna Thomaz","Est. tempo de leitura":"3 minutos"},"schema":{"@context":"https:\/\/schema.org","@graph":[{"@type":"NewsArticle","@id":"https:\/\/www.gaveanews.com\/index.php\/2025\/03\/30\/a-declaracao-de-felipe-melo-direcionada-a-roger-machado-do-internacional\/#article","isPartOf":{"@id":"https:\/\/www.gaveanews.com\/index.php\/2025\/03\/30\/a-declaracao-de-felipe-melo-direcionada-a-roger-machado-do-internacional\/"},"author":{"name":"Geovanna Thomaz","@id":"https:\/\/www.gaveanews.com\/#\/schema\/person\/f42654babcd2b2014a1a65af82b081f1"},"headline":"A declara\u00e7\u00e3o de Felipe Melo direcionada a Roger Machado, do Internacional","datePublished":"2025-03-31T01:30:16+00:00","mainEntityOfPage":{"@id":"https:\/\/www.gaveanews.com\/index.php\/2025\/03\/30\/a-declaracao-de-felipe-melo-direcionada-a-roger-machado-do-internacional\/"},"wordCount":401,"commentCount":0,"image":{"@id":"https:\/\/www.gaveanews.com\/index.php\/2025\/03\/30\/a-declaracao-de-felipe-melo-direcionada-a-roger-machado-do-internacional\/#primaryimage"},"thumbnailUrl":"https:\/\/www.gaveanews.com\/wp-content\/uploads\/Felipe-Melo-comentarista-da-Rede-Globo.webp","articleSection":["Internacional"],"inLanguage":"pt-BR","potentialAction":[{"@type":"CommentAction","name":"Comment","target":["https:\/\/www.gaveanews.com\/index.php\/2025\/03\/30\/a-declaracao-de-felipe-melo-direcionada-a-roger-machado-do-internacional\/#respond"]}],"copyrightYear":"2025","copyrightHolder":{"@id":"https:\/\/www.gaveanews.com\/#organization"}},{"@type":"WebPage","@id":"https:\/\/www.gaveanews.com\/index.php\/2025\/03\/30\/a-declaracao-de-felipe-melo-direcionada-a-roger-machado-do-internacional\/","url":"https:\/\/www.gaveanews.com\/index.php\/2025\/03\/30\/a-declaracao-de-felipe-melo-direcionada-a-roger-machado-do-internacional\/","name":"A declara\u00e7\u00e3o de Felipe Melo direcionada a Roger Machado, do Internacional","isPartOf":{"@id":"https:\/\/www.gaveanews.com\/#website"},"primaryImageOfPage":{"@id":"https:\/\/www.gaveanews.com\/index.php\/2025\/03\/30\/a-declaracao-de-felipe-melo-direcionada-a-roger-machado-do-internacional\/#primaryimage"},"image":{"@id":"https:\/\/www.gaveanews.com\/index.php\/2025\/03\/30\/a-declaracao-de-felipe-melo-direcionada-a-roger-machado-do-internacional\/#primaryimage"},"thumbnailUrl":"https:\/\/www.gaveanews.com\/wp-content\/uploads\/Felipe-Melo-comentarista-da-Rede-Globo.webp","datePublished":"2025-03-31T01:30:16+00:00","author":{"@id":"https:\/\/www.gaveanews.com\/#\/schema\/person\/f42654babcd2b2014a1a65af82b081f1"},"breadcrumb":{"@id":"https:\/\/www.gaveanews.com\/index.php\/2025\/03\/30\/a-declaracao-de-felipe-melo-direcionada-a-roger-machado-do-internacional\/#breadcrumb"},"inLanguage":"pt-BR","potentialAction":[{"@type":"ReadAction","target":["https:\/\/www.gaveanews.com\/index.php\/2025\/03\/30\/a-declaracao-de-felipe-melo-direcionada-a-roger-machado-do-internacional\/"]}]},{"@type":"ImageObject","inLanguage":"pt-BR","@id":"https:\/\/www.gaveanews.com\/index.php\/2025\/03\/30\/a-declaracao-de-felipe-melo-direcionada-a-roger-machado-do-internacional\/#primaryimage","url":"https:\/\/www.gaveanews.com\/wp-content\/uploads\/Felipe-Melo-comentarista-da-Rede-Globo.webp","contentUrl":"https:\/\/www.gaveanews.com\/wp-content\/uploads\/Felipe-Melo-comentarista-da-Rede-Globo.webp","width":900,"height":600,"caption":"Felipe Melo, comentarista da Rede Globo (Foto: Marcelo de Jesus)"},{"@type":"BreadcrumbList","@id":"https:\/\/www.gaveanews.com\/index.php\/2025\/03\/30\/a-declaracao-de-felipe-melo-direcionada-a-roger-machado-do-internacional\/#breadcrumb","itemListElement":[{"@type":"ListItem","position":1,"name":"Home","item":"https:\/\/www.gaveanews.com\/"},{"@type":"ListItem","position":2,"name":"A declara\u00e7\u00e3o de Felipe Melo direcionada a Roger Machado, do Internacional"}]},{"@type":"WebSite","@id":"https:\/\/www.gaveanews.com\/#website","url":"https:\/\/www.gaveanews.com\/","name":"G\u00e1vea News","description":"Veja todas as not\u00edcias sobre o Flamengo: Contrata\u00e7\u00f5es, categorias de base, resultados das partidas, tabela de classifica\u00e7\u00e3o, pr\u00f3ximos jogos!","potentialAction":[{"@type":"SearchAction","target":{"@type":"EntryPoint","urlTemplate":"https:\/\/www.gaveanews.com\/?s={search_term_string}"},"query-input":{"@type":"PropertyValueSpecification","valueRequired":true,"valueName":"search_term_string"}}],"inLanguage":"pt-BR"},{"@type":"Person","@id":"https:\/\/www.gaveanews.com\/#\/schema\/person\/f42654babcd2b2014a1a65af82b081f1","name":"Geovanna Thomaz","image":{"@type":"ImageObject","inLanguage":"pt-BR","@id":"https:\/\/www.gaveanews.com\/#\/schema\/person\/image\/","url":"https:\/\/secure.gravatar.com\/avatar\/4092073255489533afb558984b49b64268c47198af8623cc82a925ae9fb7118a?s=96&d=mm&r=g","contentUrl":"https:\/\/secure.gravatar.com\/avatar\/4092073255489533afb558984b49b64268c47198af8623cc82a925ae9fb7118a?s=96&d=mm&r=g","caption":"Geovanna Thomaz"}}]}},"_links":{"self":[{"href":"https:\/\/www.gaveanews.com\/index.php\/wp-json\/wp\/v2\/posts\/246787","targetHints":{"allow":["GET"]}}],"collection":[{"href":"https:\/\/www.gaveanews.com\/index.php\/wp-json\/wp\/v2\/posts"}],"about":[{"href":"https:\/\/www.gaveanews.com\/index.php\/wp-json\/wp\/v2\/types\/post"}],"author":[{"embeddable":true,"href":"https:\/\/www.gaveanews.com\/index.php\/wp-json\/wp\/v2\/users\/17"}],"replies":[{"embeddable":true,"href":"https:\/\/www.gaveanews.com\/index.php\/wp-json\/wp\/v2\/comments?post=246787"}],"version-history":[{"count":1,"href":"https:\/\/www.gaveanews.com\/index.php\/wp-json\/wp\/v2\/posts\/246787\/revisions"}],"predecessor-version":[{"id":246790,"href":"https:\/\/www.gaveanews.com\/index.php\/wp-json\/wp\/v2\/posts\/246787\/revisions\/246790"}],"wp:featuredmedia":[{"embeddable":true,"href":"https:\/\/www.gaveanews.com\/index.php\/wp-json\/wp\/v2\/media\/244418"}],"wp:attachment":[{"href":"https:\/\/www.gaveanews.com\/index.php\/wp-json\/wp\/v2\/media?parent=246787"}],"wp:term":[{"taxonomy":"category","embeddable":true,"href":"https:\/\/www.gaveanews.com\/index.php\/wp-json\/wp\/v2\/categories?post=246787"},{"taxonomy":"post_tag","embeddable":true,"href":"https:\/\/www.gaveanews.com\/index.php\/wp-json\/wp\/v2\/tags?post=246787"}],"curies":[{"name":"wp","href":"https:\/\/api.w.org\/{rel}","templated":true}]}}