{"id":246792,"date":"2025-03-30T22:35:42","date_gmt":"2025-03-31T01:35:42","guid":{"rendered":"https:\/\/www.gaveanews.com\/?p=246792"},"modified":"2025-03-30T21:58:01","modified_gmt":"2025-03-31T00:58:01","slug":"muller-crava-o-campeao-do-brasileirao-2025-eu-acho-que","status":"publish","type":"post","link":"https:\/\/www.gaveanews.com\/index.php\/2025\/03\/30\/muller-crava-o-campeao-do-brasileirao-2025-eu-acho-que\/","title":{"rendered":"Muller crava o campe\u00e3o do Brasileir\u00e3o 2025: \u201cEu acho que\u2026&#8221;"},"content":{"rendered":"\n<p>O Campeonato Brasileiro de 2025 teve sua primeira rodada disputada neste fim de semana, com grandes expectativas em torno dos times favoritos ao t\u00edtulo. Entre os comentaristas que se arriscaram a dar seus palpites sobre a competi\u00e7\u00e3o, o ex-jogador Muller foi enf\u00e1tico em sua an\u00e1lise, apontando o Flamengo como o grande candidato a levantar a ta\u00e7a ao final da temporada.<\/p>\n\n\n\n<p>Em um v\u00eddeo divulgado nas redes sociais pelo perfil da Gazeta Esportiva, Muller cravou o Flamengo como o time mais forte e favorito para conquistar o Campeonato Brasileiro deste ano. A confian\u00e7a do ex-atacante rubro-negro se baseia no elenco talentoso e nas pe\u00e7as importantes do time, que seguem sendo protagonistas no cen\u00e1rio nacional.<\/p>\n\n\n\n<p> Al\u00e9m disso, Muller fez uma previs\u00e3o interessante para a artilharia da competi\u00e7\u00e3o, apontando o centroavante Pedro, que se recupera de uma grave les\u00e3o no joelho sofrida no ano passado, como o prov\u00e1vel goleador da temporada. A expectativa \u00e9 que Pedro retorne aos gramados na metade do ano e, com isso, recupere seu n\u00edvel de jogo para disputar a artilharia.<\/p>\n\n\n\n<p>Em sua an\u00e1lise, Muller n\u00e3o se limitou a falar apenas do Campeonato Brasileiro. O comentarista tamb\u00e9m apontou o Flamengo como um dos principais favoritos a conquistar a Copa Libertadores da Am\u00e9rica, ao lado do Palmeiras.<\/p>\n\n\n\n<p>Ele acredita que os dois clubes possuem elencos extremamente fortes e competitivos, com um repert\u00f3rio t\u00e1tico consolidado, o que os coloca como favoritos para a competi\u00e7\u00e3o continental, que o Flamengo venceu pela \u00faltima vez em 2022.<\/p>\n\n\n\n<p>No entanto, a estreia do Flamengo no Campeonato Brasileiro 2025 n\u00e3o foi perfeita. Na noite de s\u00e1bado (29), o time rubro-negro recebeu o Internacional no Maracan\u00e3 e empatou por 1 a 1. A partida foi bastante equilibrada, com o Internacional abrindo o placar no primeiro tempo com um gol de Bruno Henrique e o Flamengo empatando no segundo tempo, com o zagueiro L\u00e9o Pereira.<\/p>\n\n\n\n<p>A igualdade deixou os dois times com um ponto cada, mas o desempenho do Flamengo ainda foi elogiado por muitos, considerando a for\u00e7a do elenco advers\u00e1rio.<\/p>\n\n\n\n<p>Agora, o Flamengo j\u00e1 se prepara para sua pr\u00f3xima rodada do Brasileir\u00e3o, quando viajar\u00e1 at\u00e9 Salvador para enfrentar o Vit\u00f3ria, no pr\u00f3ximo domingo (6), \u00e0s 18h30 (de Bras\u00edlia), no est\u00e1dio Barrad\u00e3o. A expectativa \u00e9 que o time rubro-negro consiga os tr\u00eas pontos e se recupere do empate em casa.<\/p>\n\n\n\n<p>Antes disso, o Flamengo ter\u00e1 um compromisso importante pela Libertadores. Na pr\u00f3xima quarta-feira (3), o time de Filipe Lu\u00eds faz sua estreia na fase de grupos da competi\u00e7\u00e3o continental. O advers\u00e1rio ser\u00e1 o T\u00e1chira, na Venezuela, \u00e0s 21h30 (de Bras\u00edlia), e uma vit\u00f3ria fora de casa seria fundamental para dar um bom come\u00e7o na caminhada rumo ao t\u00edtulo da Libertadores.<\/p>\n","protected":false},"excerpt":{"rendered":"<p>O Campeonato Brasileiro de 2025 teve sua primeira rodada disputada neste fim de semana, com grandes expectativas em torno dos times favoritos ao t\u00edtulo. Entre os comentaristas que se arriscaram a dar seus palpites sobre a competi\u00e7\u00e3o, o ex-jogador Muller foi enf\u00e1tico em sua an\u00e1lise, apontando o Flamengo como o grande candidato a levantar a [&hellip;]<\/p>\n","protected":false},"author":17,"featured_media":212474,"comment_status":"open","ping_status":"closed","sticky":false,"template":"","format":"standard","meta":{"footnotes":""},"categories":[1],"tags":[],"class_list":["post-246792","post","type-post","status-publish","format-standard","has-post-thumbnail","hentry","category-flamengo"],"yoast_head":"<!-- This site is optimized with the Yoast SEO Premium plugin v24.2 (Yoast SEO v26.9) - https:\/\/yoast.com\/product\/yoast-seo-premium-wordpress\/ -->\n<title>Muller crava o campe\u00e3o do Brasileir\u00e3o 2025: \u201cEu acho que\u2026&quot;<\/title>\n<meta name=\"robots\" content=\"index, follow, max-snippet:-1, max-image-preview:large, max-video-preview:-1\" \/>\n<link rel=\"canonical\" href=\"https:\/\/www.gaveanews.com\/index.php\/2025\/03\/30\/muller-crava-o-campeao-do-brasileirao-2025-eu-acho-que\/\" \/>\n<meta property=\"og:locale\" content=\"pt_BR\" \/>\n<meta property=\"og:type\" content=\"article\" \/>\n<meta property=\"og:title\" content=\"Muller crava o campe\u00e3o do Brasileir\u00e3o 2025: \u201cEu acho que\u2026&quot;\" \/>\n<meta property=\"og:description\" content=\"O Campeonato Brasileiro de 2025 teve sua primeira rodada disputada neste fim de semana, com grandes expectativas em torno dos times favoritos ao t\u00edtulo. Entre os comentaristas que se arriscaram a dar seus palpites sobre a competi\u00e7\u00e3o, o ex-jogador Muller foi enf\u00e1tico em sua an\u00e1lise, apontando o Flamengo como o grande candidato a levantar a [&hellip;]\" \/>\n<meta property=\"og:url\" content=\"https:\/\/www.gaveanews.com\/index.php\/2025\/03\/30\/muller-crava-o-campeao-do-brasileirao-2025-eu-acho-que\/\" \/>\n<meta property=\"og:site_name\" content=\"G\u00e1vea News\" \/>\n<meta property=\"article:publisher\" content=\"https:\/\/facebook.com\/gaveaNews\/\" \/>\n<meta property=\"article:published_time\" content=\"2025-03-31T01:35:42+00:00\" \/>\n<meta property=\"og:image\" content=\"https:\/\/www.gaveanews.com\/wp-content\/uploads\/Muller-durante-a-programacao-da-ESPN.webp\" \/>\n\t<meta property=\"og:image:width\" content=\"1536\" \/>\n\t<meta property=\"og:image:height\" content=\"864\" \/>\n\t<meta property=\"og:image:type\" content=\"image\/jpeg\" \/>\n<meta name=\"author\" content=\"Geovanna Thomaz\" \/>\n<meta name=\"twitter:card\" content=\"summary_large_image\" \/>\n<meta name=\"twitter:label1\" content=\"Escrito por\" \/>\n\t<meta name=\"twitter:data1\" content=\"Geovanna Thomaz\" \/>\n\t<meta name=\"twitter:label2\" content=\"Est. tempo de leitura\" \/>\n\t<meta name=\"twitter:data2\" content=\"3 minutos\" \/>\n<script type=\"application\/ld+json\" class=\"yoast-schema-graph\">{\"@context\":\"https:\/\/schema.org\",\"@graph\":[{\"@type\":\"NewsArticle\",\"@id\":\"https:\/\/www.gaveanews.com\/index.php\/2025\/03\/30\/muller-crava-o-campeao-do-brasileirao-2025-eu-acho-que\/#article\",\"isPartOf\":{\"@id\":\"https:\/\/www.gaveanews.com\/index.php\/2025\/03\/30\/muller-crava-o-campeao-do-brasileirao-2025-eu-acho-que\/\"},\"author\":{\"name\":\"Geovanna Thomaz\",\"@id\":\"https:\/\/www.gaveanews.com\/#\/schema\/person\/f42654babcd2b2014a1a65af82b081f1\"},\"headline\":\"Muller crava o campe\u00e3o do Brasileir\u00e3o 2025: \u201cEu acho que\u2026&#8221;\",\"datePublished\":\"2025-03-31T01:35:42+00:00\",\"mainEntityOfPage\":{\"@id\":\"https:\/\/www.gaveanews.com\/index.php\/2025\/03\/30\/muller-crava-o-campeao-do-brasileirao-2025-eu-acho-que\/\"},\"wordCount\":487,\"commentCount\":0,\"image\":{\"@id\":\"https:\/\/www.gaveanews.com\/index.php\/2025\/03\/30\/muller-crava-o-campeao-do-brasileirao-2025-eu-acho-que\/#primaryimage\"},\"thumbnailUrl\":\"https:\/\/www.gaveanews.com\/wp-content\/uploads\/Muller-durante-a-programacao-da-ESPN.webp\",\"articleSection\":[\"Flamengo\"],\"inLanguage\":\"pt-BR\",\"potentialAction\":[{\"@type\":\"CommentAction\",\"name\":\"Comment\",\"target\":[\"https:\/\/www.gaveanews.com\/index.php\/2025\/03\/30\/muller-crava-o-campeao-do-brasileirao-2025-eu-acho-que\/#respond\"]}],\"copyrightYear\":\"2025\",\"copyrightHolder\":{\"@id\":\"https:\/\/www.gaveanews.com\/#organization\"}},{\"@type\":\"WebPage\",\"@id\":\"https:\/\/www.gaveanews.com\/index.php\/2025\/03\/30\/muller-crava-o-campeao-do-brasileirao-2025-eu-acho-que\/\",\"url\":\"https:\/\/www.gaveanews.com\/index.php\/2025\/03\/30\/muller-crava-o-campeao-do-brasileirao-2025-eu-acho-que\/\",\"name\":\"Muller crava o campe\u00e3o do Brasileir\u00e3o 2025: \u201cEu acho que\u2026\\\"\",\"isPartOf\":{\"@id\":\"https:\/\/www.gaveanews.com\/#website\"},\"primaryImageOfPage\":{\"@id\":\"https:\/\/www.gaveanews.com\/index.php\/2025\/03\/30\/muller-crava-o-campeao-do-brasileirao-2025-eu-acho-que\/#primaryimage\"},\"image\":{\"@id\":\"https:\/\/www.gaveanews.com\/index.php\/2025\/03\/30\/muller-crava-o-campeao-do-brasileirao-2025-eu-acho-que\/#primaryimage\"},\"thumbnailUrl\":\"https:\/\/www.gaveanews.com\/wp-content\/uploads\/Muller-durante-a-programacao-da-ESPN.webp\",\"datePublished\":\"2025-03-31T01:35:42+00:00\",\"author\":{\"@id\":\"https:\/\/www.gaveanews.com\/#\/schema\/person\/f42654babcd2b2014a1a65af82b081f1\"},\"breadcrumb\":{\"@id\":\"https:\/\/www.gaveanews.com\/index.php\/2025\/03\/30\/muller-crava-o-campeao-do-brasileirao-2025-eu-acho-que\/#breadcrumb\"},\"inLanguage\":\"pt-BR\",\"potentialAction\":[{\"@type\":\"ReadAction\",\"target\":[\"https:\/\/www.gaveanews.com\/index.php\/2025\/03\/30\/muller-crava-o-campeao-do-brasileirao-2025-eu-acho-que\/\"]}]},{\"@type\":\"ImageObject\",\"inLanguage\":\"pt-BR\",\"@id\":\"https:\/\/www.gaveanews.com\/index.php\/2025\/03\/30\/muller-crava-o-campeao-do-brasileirao-2025-eu-acho-que\/#primaryimage\",\"url\":\"https:\/\/www.gaveanews.com\/wp-content\/uploads\/Muller-durante-a-programacao-da-ESPN.webp\",\"contentUrl\":\"https:\/\/www.gaveanews.com\/wp-content\/uploads\/Muller-durante-a-programacao-da-ESPN.webp\",\"width\":1536,\"height\":864,\"caption\":\"Muller durante a programa\u00e7\u00e3o da ESPN (Foto: Reprodu\u00e7\u00e3o\/ESPN)\"},{\"@type\":\"BreadcrumbList\",\"@id\":\"https:\/\/www.gaveanews.com\/index.php\/2025\/03\/30\/muller-crava-o-campeao-do-brasileirao-2025-eu-acho-que\/#breadcrumb\",\"itemListElement\":[{\"@type\":\"ListItem\",\"position\":1,\"name\":\"Home\",\"item\":\"https:\/\/www.gaveanews.com\/\"},{\"@type\":\"ListItem\",\"position\":2,\"name\":\"Muller crava o campe\u00e3o do Brasileir\u00e3o 2025: \u201cEu acho que\u2026&#8221;\"}]},{\"@type\":\"WebSite\",\"@id\":\"https:\/\/www.gaveanews.com\/#website\",\"url\":\"https:\/\/www.gaveanews.com\/\",\"name\":\"G\u00e1vea News\",\"description\":\"Veja todas as not\u00edcias sobre o Flamengo: Contrata\u00e7\u00f5es, categorias de base, resultados das partidas, tabela de classifica\u00e7\u00e3o, pr\u00f3ximos jogos!\",\"potentialAction\":[{\"@type\":\"SearchAction\",\"target\":{\"@type\":\"EntryPoint\",\"urlTemplate\":\"https:\/\/www.gaveanews.com\/?s={search_term_string}\"},\"query-input\":{\"@type\":\"PropertyValueSpecification\",\"valueRequired\":true,\"valueName\":\"search_term_string\"}}],\"inLanguage\":\"pt-BR\"},{\"@type\":\"Person\",\"@id\":\"https:\/\/www.gaveanews.com\/#\/schema\/person\/f42654babcd2b2014a1a65af82b081f1\",\"name\":\"Geovanna Thomaz\",\"image\":{\"@type\":\"ImageObject\",\"inLanguage\":\"pt-BR\",\"@id\":\"https:\/\/www.gaveanews.com\/#\/schema\/person\/image\/\",\"url\":\"https:\/\/secure.gravatar.com\/avatar\/4092073255489533afb558984b49b64268c47198af8623cc82a925ae9fb7118a?s=96&d=mm&r=g\",\"contentUrl\":\"https:\/\/secure.gravatar.com\/avatar\/4092073255489533afb558984b49b64268c47198af8623cc82a925ae9fb7118a?s=96&d=mm&r=g\",\"caption\":\"Geovanna Thomaz\"}}]}<\/script>\n<!-- \/ Yoast SEO Premium plugin. -->","yoast_head_json":{"title":"Muller crava o campe\u00e3o do Brasileir\u00e3o 2025: \u201cEu acho que\u2026\"","robots":{"index":"index","follow":"follow","max-snippet":"max-snippet:-1","max-image-preview":"max-image-preview:large","max-video-preview":"max-video-preview:-1"},"canonical":"https:\/\/www.gaveanews.com\/index.php\/2025\/03\/30\/muller-crava-o-campeao-do-brasileirao-2025-eu-acho-que\/","og_locale":"pt_BR","og_type":"article","og_title":"Muller crava o campe\u00e3o do Brasileir\u00e3o 2025: \u201cEu acho que\u2026\"","og_description":"O Campeonato Brasileiro de 2025 teve sua primeira rodada disputada neste fim de semana, com grandes expectativas em torno dos times favoritos ao t\u00edtulo. Entre os comentaristas que se arriscaram a dar seus palpites sobre a competi\u00e7\u00e3o, o ex-jogador Muller foi enf\u00e1tico em sua an\u00e1lise, apontando o Flamengo como o grande candidato a levantar a [&hellip;]","og_url":"https:\/\/www.gaveanews.com\/index.php\/2025\/03\/30\/muller-crava-o-campeao-do-brasileirao-2025-eu-acho-que\/","og_site_name":"G\u00e1vea News","article_publisher":"https:\/\/facebook.com\/gaveaNews\/","article_published_time":"2025-03-31T01:35:42+00:00","og_image":[{"width":1536,"height":864,"url":"https:\/\/www.gaveanews.com\/wp-content\/uploads\/Muller-durante-a-programacao-da-ESPN.webp","type":"image\/jpeg"}],"author":"Geovanna Thomaz","twitter_card":"summary_large_image","twitter_misc":{"Escrito por":"Geovanna Thomaz","Est. tempo de leitura":"3 minutos"},"schema":{"@context":"https:\/\/schema.org","@graph":[{"@type":"NewsArticle","@id":"https:\/\/www.gaveanews.com\/index.php\/2025\/03\/30\/muller-crava-o-campeao-do-brasileirao-2025-eu-acho-que\/#article","isPartOf":{"@id":"https:\/\/www.gaveanews.com\/index.php\/2025\/03\/30\/muller-crava-o-campeao-do-brasileirao-2025-eu-acho-que\/"},"author":{"name":"Geovanna Thomaz","@id":"https:\/\/www.gaveanews.com\/#\/schema\/person\/f42654babcd2b2014a1a65af82b081f1"},"headline":"Muller crava o campe\u00e3o do Brasileir\u00e3o 2025: \u201cEu acho que\u2026&#8221;","datePublished":"2025-03-31T01:35:42+00:00","mainEntityOfPage":{"@id":"https:\/\/www.gaveanews.com\/index.php\/2025\/03\/30\/muller-crava-o-campeao-do-brasileirao-2025-eu-acho-que\/"},"wordCount":487,"commentCount":0,"image":{"@id":"https:\/\/www.gaveanews.com\/index.php\/2025\/03\/30\/muller-crava-o-campeao-do-brasileirao-2025-eu-acho-que\/#primaryimage"},"thumbnailUrl":"https:\/\/www.gaveanews.com\/wp-content\/uploads\/Muller-durante-a-programacao-da-ESPN.webp","articleSection":["Flamengo"],"inLanguage":"pt-BR","potentialAction":[{"@type":"CommentAction","name":"Comment","target":["https:\/\/www.gaveanews.com\/index.php\/2025\/03\/30\/muller-crava-o-campeao-do-brasileirao-2025-eu-acho-que\/#respond"]}],"copyrightYear":"2025","copyrightHolder":{"@id":"https:\/\/www.gaveanews.com\/#organization"}},{"@type":"WebPage","@id":"https:\/\/www.gaveanews.com\/index.php\/2025\/03\/30\/muller-crava-o-campeao-do-brasileirao-2025-eu-acho-que\/","url":"https:\/\/www.gaveanews.com\/index.php\/2025\/03\/30\/muller-crava-o-campeao-do-brasileirao-2025-eu-acho-que\/","name":"Muller crava o campe\u00e3o do Brasileir\u00e3o 2025: \u201cEu acho que\u2026\"","isPartOf":{"@id":"https:\/\/www.gaveanews.com\/#website"},"primaryImageOfPage":{"@id":"https:\/\/www.gaveanews.com\/index.php\/2025\/03\/30\/muller-crava-o-campeao-do-brasileirao-2025-eu-acho-que\/#primaryimage"},"image":{"@id":"https:\/\/www.gaveanews.com\/index.php\/2025\/03\/30\/muller-crava-o-campeao-do-brasileirao-2025-eu-acho-que\/#primaryimage"},"thumbnailUrl":"https:\/\/www.gaveanews.com\/wp-content\/uploads\/Muller-durante-a-programacao-da-ESPN.webp","datePublished":"2025-03-31T01:35:42+00:00","author":{"@id":"https:\/\/www.gaveanews.com\/#\/schema\/person\/f42654babcd2b2014a1a65af82b081f1"},"breadcrumb":{"@id":"https:\/\/www.gaveanews.com\/index.php\/2025\/03\/30\/muller-crava-o-campeao-do-brasileirao-2025-eu-acho-que\/#breadcrumb"},"inLanguage":"pt-BR","potentialAction":[{"@type":"ReadAction","target":["https:\/\/www.gaveanews.com\/index.php\/2025\/03\/30\/muller-crava-o-campeao-do-brasileirao-2025-eu-acho-que\/"]}]},{"@type":"ImageObject","inLanguage":"pt-BR","@id":"https:\/\/www.gaveanews.com\/index.php\/2025\/03\/30\/muller-crava-o-campeao-do-brasileirao-2025-eu-acho-que\/#primaryimage","url":"https:\/\/www.gaveanews.com\/wp-content\/uploads\/Muller-durante-a-programacao-da-ESPN.webp","contentUrl":"https:\/\/www.gaveanews.com\/wp-content\/uploads\/Muller-durante-a-programacao-da-ESPN.webp","width":1536,"height":864,"caption":"Muller durante a programa\u00e7\u00e3o da ESPN (Foto: Reprodu\u00e7\u00e3o\/ESPN)"},{"@type":"BreadcrumbList","@id":"https:\/\/www.gaveanews.com\/index.php\/2025\/03\/30\/muller-crava-o-campeao-do-brasileirao-2025-eu-acho-que\/#breadcrumb","itemListElement":[{"@type":"ListItem","position":1,"name":"Home","item":"https:\/\/www.gaveanews.com\/"},{"@type":"ListItem","position":2,"name":"Muller crava o campe\u00e3o do Brasileir\u00e3o 2025: \u201cEu acho que\u2026&#8221;"}]},{"@type":"WebSite","@id":"https:\/\/www.gaveanews.com\/#website","url":"https:\/\/www.gaveanews.com\/","name":"G\u00e1vea News","description":"Veja todas as not\u00edcias sobre o Flamengo: Contrata\u00e7\u00f5es, categorias de base, resultados das partidas, tabela de classifica\u00e7\u00e3o, pr\u00f3ximos jogos!","potentialAction":[{"@type":"SearchAction","target":{"@type":"EntryPoint","urlTemplate":"https:\/\/www.gaveanews.com\/?s={search_term_string}"},"query-input":{"@type":"PropertyValueSpecification","valueRequired":true,"valueName":"search_term_string"}}],"inLanguage":"pt-BR"},{"@type":"Person","@id":"https:\/\/www.gaveanews.com\/#\/schema\/person\/f42654babcd2b2014a1a65af82b081f1","name":"Geovanna Thomaz","image":{"@type":"ImageObject","inLanguage":"pt-BR","@id":"https:\/\/www.gaveanews.com\/#\/schema\/person\/image\/","url":"https:\/\/secure.gravatar.com\/avatar\/4092073255489533afb558984b49b64268c47198af8623cc82a925ae9fb7118a?s=96&d=mm&r=g","contentUrl":"https:\/\/secure.gravatar.com\/avatar\/4092073255489533afb558984b49b64268c47198af8623cc82a925ae9fb7118a?s=96&d=mm&r=g","caption":"Geovanna Thomaz"}}]}},"_links":{"self":[{"href":"https:\/\/www.gaveanews.com\/index.php\/wp-json\/wp\/v2\/posts\/246792","targetHints":{"allow":["GET"]}}],"collection":[{"href":"https:\/\/www.gaveanews.com\/index.php\/wp-json\/wp\/v2\/posts"}],"about":[{"href":"https:\/\/www.gaveanews.com\/index.php\/wp-json\/wp\/v2\/types\/post"}],"author":[{"embeddable":true,"href":"https:\/\/www.gaveanews.com\/index.php\/wp-json\/wp\/v2\/users\/17"}],"replies":[{"embeddable":true,"href":"https:\/\/www.gaveanews.com\/index.php\/wp-json\/wp\/v2\/comments?post=246792"}],"version-history":[{"count":1,"href":"https:\/\/www.gaveanews.com\/index.php\/wp-json\/wp\/v2\/posts\/246792\/revisions"}],"predecessor-version":[{"id":246794,"href":"https:\/\/www.gaveanews.com\/index.php\/wp-json\/wp\/v2\/posts\/246792\/revisions\/246794"}],"wp:featuredmedia":[{"embeddable":true,"href":"https:\/\/www.gaveanews.com\/index.php\/wp-json\/wp\/v2\/media\/212474"}],"wp:attachment":[{"href":"https:\/\/www.gaveanews.com\/index.php\/wp-json\/wp\/v2\/media?parent=246792"}],"wp:term":[{"taxonomy":"category","embeddable":true,"href":"https:\/\/www.gaveanews.com\/index.php\/wp-json\/wp\/v2\/categories?post=246792"},{"taxonomy":"post_tag","embeddable":true,"href":"https:\/\/www.gaveanews.com\/index.php\/wp-json\/wp\/v2\/tags?post=246792"}],"curies":[{"name":"wp","href":"https:\/\/api.w.org\/{rel}","templated":true}]}}