{"id":246799,"date":"2025-03-30T22:55:11","date_gmt":"2025-03-31T01:55:11","guid":{"rendered":"https:\/\/www.gaveanews.com\/?p=246799"},"modified":"2025-03-30T21:58:17","modified_gmt":"2025-03-31T00:58:17","slug":"a-declaracao-de-caio-ribeiro-direcionada-a-flaco-lopez-do-palmeiras","status":"publish","type":"post","link":"https:\/\/www.gaveanews.com\/index.php\/2025\/03\/30\/a-declaracao-de-caio-ribeiro-direcionada-a-flaco-lopez-do-palmeiras\/","title":{"rendered":"A declara\u00e7\u00e3o de Caio Ribeiro direcionada \u00e0 Flaco L\u00f3pez, do Palmeiras"},"content":{"rendered":"\n<h2 class=\"wp-block-heading\" id=\"h-teve-tempo-para\">&#8220;Teve tempo para&#8230;&#8221;<\/h2>\n\n\n\n<p>O Palmeiras estreou no Campeonato Brasileiro de 2025 neste domingo (30), ao receber e empatar com o Botafogo pelo placar de 0 a 0, no Allianz Parque. A atua\u00e7\u00e3o do Verd\u00e3o foi bastante abaixo do que se \u00e9 esperado. O atacante Flaco L\u00f3pez ainda poderia ter dado a vit\u00f3ria \u00e0 equipe, mas desperdi\u00e7ou uma grande chance. <\/p>\n\n\n\n<p>Na ocasi\u00e3o, Flaco L\u00f3pez recebeu um excelente lan\u00e7amento e ficou cara a cara com o goleiro John, que fez uma linda defesa, salvando a equipe do Botafogo. Para piorar, o lance foi aos 42 minutos do segundo tempo e a vit\u00f3ria para o Palmeiras poderia ter vinda. <\/p>\n\n\n\n<p>Trabalhando na transmiss\u00e3o da partida pela TV Globo, o comentarista Caio Riberio fez uma an\u00e1lise da partida. Al\u00e9m disso, Caio criticou a chance perdida por Flaco. <\/p>\n\n\n\n<p>&#8220;O Flaco L\u00f3pez n\u00e3o pode perder um gol desse. Teve tempo para ver o posicionamento do goleiro, na perna boa, bola quicando. Ao inv\u00e9s de bater firme, poderia ter dado um tapinha por cima e aumentar as chances de fazer o gol, o que n\u00e3o tira o m\u00e9rito e a defesa\u00e7a do John&#8221;, iniciou. <\/p>\n\n\n\n<blockquote class=\"twitter-tweet\"><p lang=\"pt\" dir=\"ltr\">O gol que o Flaco L\u00f3pez perdeu \ud83e\udd2f <a href=\"https:\/\/t.co\/MBs93iXpBy\">pic.twitter.com\/MBs93iXpBy<\/a><\/p>&mdash; Gols do Brasileir\u00e3o \u26bd\ufe0f\ud83c\udde7\ud83c\uddf7 (@golsdobrasil1) <a href=\"https:\/\/twitter.com\/golsdobrasil1\/status\/1906449387376505297?ref_src=twsrc%5Etfw\">March 30, 2025<\/a><\/blockquote> <script async src=\"https:\/\/platform.twitter.com\/widgets.js\" charset=\"utf-8\"><\/script>\n\n\n\n<p>&#8220;O Palmeiras \u00e9 um time ofensivamente muito dependente do Estev\u00e3o. Um time que tem muita dificuldade de furar a forte marca\u00e7\u00e3o do Botafogo e criar situa\u00e7\u00f5es de gol. Para um time da qualidade do Palmeiras, jogando em casa, \u00e9 um rendimento abaixo do esperado&#8221;, acrescentou Caio Ribeiro. <\/p>\n\n\n\n<p>O Palmeiras volta a jogar na quinta-feira (3), quando vai ao Peru enfrentar o Sporting Cristal, pela estreia da Copa Libertadores. A bola rola \u00e0s 19h (hor\u00e1rio de Bras\u00edlia). Vale lembrar que o clube alviverde est\u00e1 presente no Grupo G, que al\u00e9m do time peruano, tamb\u00e9m conta com o Bol\u00edvar, da Bol\u00edvia, e com o Cerro Porte\u00f1o, do Paraguai. <\/p>\n","protected":false},"excerpt":{"rendered":"<p>&#8220;Teve tempo para&#8230;&#8221; O Palmeiras estreou no Campeonato Brasileiro de 2025 neste domingo (30), ao receber e empatar com o Botafogo pelo placar de 0 a 0, no Allianz Parque. A atua\u00e7\u00e3o do Verd\u00e3o foi bastante abaixo do que se \u00e9 esperado. O atacante Flaco L\u00f3pez ainda poderia ter dado a vit\u00f3ria \u00e0 equipe, mas [&hellip;]<\/p>\n","protected":false},"author":21,"featured_media":142875,"comment_status":"open","ping_status":"closed","sticky":false,"template":"","format":"standard","meta":{"footnotes":""},"categories":[150],"tags":[],"class_list":["post-246799","post","type-post","status-publish","format-standard","has-post-thumbnail","hentry","category-palmeiras"],"yoast_head":"<!-- This site is optimized with the Yoast SEO Premium plugin v24.2 (Yoast SEO v26.9) - https:\/\/yoast.com\/product\/yoast-seo-premium-wordpress\/ -->\n<title>A declara\u00e7\u00e3o de Caio Ribeiro direcionada \u00e0 Flaco L\u00f3pez, do Palmeiras<\/title>\n<meta name=\"robots\" content=\"index, follow, max-snippet:-1, max-image-preview:large, max-video-preview:-1\" \/>\n<link rel=\"canonical\" href=\"https:\/\/www.gaveanews.com\/index.php\/2025\/03\/30\/a-declaracao-de-caio-ribeiro-direcionada-a-flaco-lopez-do-palmeiras\/\" \/>\n<meta property=\"og:locale\" content=\"pt_BR\" \/>\n<meta property=\"og:type\" content=\"article\" \/>\n<meta property=\"og:title\" content=\"A declara\u00e7\u00e3o de Caio Ribeiro direcionada \u00e0 Flaco L\u00f3pez, do Palmeiras\" \/>\n<meta property=\"og:description\" content=\"&#8220;Teve tempo para&#8230;&#8221; O Palmeiras estreou no Campeonato Brasileiro de 2025 neste domingo (30), ao receber e empatar com o Botafogo pelo placar de 0 a 0, no Allianz Parque. A atua\u00e7\u00e3o do Verd\u00e3o foi bastante abaixo do que se \u00e9 esperado. O atacante Flaco L\u00f3pez ainda poderia ter dado a vit\u00f3ria \u00e0 equipe, mas [&hellip;]\" \/>\n<meta property=\"og:url\" content=\"https:\/\/www.gaveanews.com\/index.php\/2025\/03\/30\/a-declaracao-de-caio-ribeiro-direcionada-a-flaco-lopez-do-palmeiras\/\" \/>\n<meta property=\"og:site_name\" content=\"G\u00e1vea News\" \/>\n<meta property=\"article:publisher\" content=\"https:\/\/facebook.com\/gaveaNews\/\" \/>\n<meta property=\"article:published_time\" content=\"2025-03-31T01:55:11+00:00\" \/>\n<meta property=\"og:image\" content=\"https:\/\/www.gaveanews.com\/wp-content\/uploads\/flaco-lopez-palmeiras.webp\" \/>\n\t<meta property=\"og:image:width\" content=\"1220\" \/>\n\t<meta property=\"og:image:height\" content=\"674\" \/>\n\t<meta property=\"og:image:type\" content=\"image\/webp\" \/>\n<meta name=\"author\" content=\"Andr\u00e9 Serra\" \/>\n<meta name=\"twitter:card\" content=\"summary_large_image\" \/>\n<meta name=\"twitter:label1\" content=\"Escrito por\" \/>\n\t<meta name=\"twitter:data1\" content=\"Andr\u00e9 Serra\" \/>\n\t<meta name=\"twitter:label2\" content=\"Est. tempo de leitura\" \/>\n\t<meta name=\"twitter:data2\" content=\"2 minutos\" \/>\n<script type=\"application\/ld+json\" class=\"yoast-schema-graph\">{\"@context\":\"https:\/\/schema.org\",\"@graph\":[{\"@type\":\"NewsArticle\",\"@id\":\"https:\/\/www.gaveanews.com\/index.php\/2025\/03\/30\/a-declaracao-de-caio-ribeiro-direcionada-a-flaco-lopez-do-palmeiras\/#article\",\"isPartOf\":{\"@id\":\"https:\/\/www.gaveanews.com\/index.php\/2025\/03\/30\/a-declaracao-de-caio-ribeiro-direcionada-a-flaco-lopez-do-palmeiras\/\"},\"author\":{\"name\":\"Andr\u00e9 Serra\",\"@id\":\"https:\/\/www.gaveanews.com\/#\/schema\/person\/0277a79a1289c451c281ec0411d84f0c\"},\"headline\":\"A declara\u00e7\u00e3o de Caio Ribeiro direcionada \u00e0 Flaco L\u00f3pez, do Palmeiras\",\"datePublished\":\"2025-03-31T01:55:11+00:00\",\"mainEntityOfPage\":{\"@id\":\"https:\/\/www.gaveanews.com\/index.php\/2025\/03\/30\/a-declaracao-de-caio-ribeiro-direcionada-a-flaco-lopez-do-palmeiras\/\"},\"wordCount\":342,\"commentCount\":0,\"image\":{\"@id\":\"https:\/\/www.gaveanews.com\/index.php\/2025\/03\/30\/a-declaracao-de-caio-ribeiro-direcionada-a-flaco-lopez-do-palmeiras\/#primaryimage\"},\"thumbnailUrl\":\"https:\/\/www.gaveanews.com\/wp-content\/uploads\/flaco-lopez-palmeiras.webp\",\"articleSection\":[\"Palmeiras\"],\"inLanguage\":\"pt-BR\",\"potentialAction\":[{\"@type\":\"CommentAction\",\"name\":\"Comment\",\"target\":[\"https:\/\/www.gaveanews.com\/index.php\/2025\/03\/30\/a-declaracao-de-caio-ribeiro-direcionada-a-flaco-lopez-do-palmeiras\/#respond\"]}],\"copyrightYear\":\"2025\",\"copyrightHolder\":{\"@id\":\"https:\/\/www.gaveanews.com\/#organization\"}},{\"@type\":\"WebPage\",\"@id\":\"https:\/\/www.gaveanews.com\/index.php\/2025\/03\/30\/a-declaracao-de-caio-ribeiro-direcionada-a-flaco-lopez-do-palmeiras\/\",\"url\":\"https:\/\/www.gaveanews.com\/index.php\/2025\/03\/30\/a-declaracao-de-caio-ribeiro-direcionada-a-flaco-lopez-do-palmeiras\/\",\"name\":\"A declara\u00e7\u00e3o de Caio Ribeiro direcionada \u00e0 Flaco L\u00f3pez, do Palmeiras\",\"isPartOf\":{\"@id\":\"https:\/\/www.gaveanews.com\/#website\"},\"primaryImageOfPage\":{\"@id\":\"https:\/\/www.gaveanews.com\/index.php\/2025\/03\/30\/a-declaracao-de-caio-ribeiro-direcionada-a-flaco-lopez-do-palmeiras\/#primaryimage\"},\"image\":{\"@id\":\"https:\/\/www.gaveanews.com\/index.php\/2025\/03\/30\/a-declaracao-de-caio-ribeiro-direcionada-a-flaco-lopez-do-palmeiras\/#primaryimage\"},\"thumbnailUrl\":\"https:\/\/www.gaveanews.com\/wp-content\/uploads\/flaco-lopez-palmeiras.webp\",\"datePublished\":\"2025-03-31T01:55:11+00:00\",\"author\":{\"@id\":\"https:\/\/www.gaveanews.com\/#\/schema\/person\/0277a79a1289c451c281ec0411d84f0c\"},\"breadcrumb\":{\"@id\":\"https:\/\/www.gaveanews.com\/index.php\/2025\/03\/30\/a-declaracao-de-caio-ribeiro-direcionada-a-flaco-lopez-do-palmeiras\/#breadcrumb\"},\"inLanguage\":\"pt-BR\",\"potentialAction\":[{\"@type\":\"ReadAction\",\"target\":[\"https:\/\/www.gaveanews.com\/index.php\/2025\/03\/30\/a-declaracao-de-caio-ribeiro-direcionada-a-flaco-lopez-do-palmeiras\/\"]}]},{\"@type\":\"ImageObject\",\"inLanguage\":\"pt-BR\",\"@id\":\"https:\/\/www.gaveanews.com\/index.php\/2025\/03\/30\/a-declaracao-de-caio-ribeiro-direcionada-a-flaco-lopez-do-palmeiras\/#primaryimage\",\"url\":\"https:\/\/www.gaveanews.com\/wp-content\/uploads\/flaco-lopez-palmeiras.webp\",\"contentUrl\":\"https:\/\/www.gaveanews.com\/wp-content\/uploads\/flaco-lopez-palmeiras.webp\",\"width\":1220,\"height\":674,\"caption\":\"Flaco L\u00f3pez em a\u00e7\u00e3o pelo Palmeiras (Foto: Cesar Greco\/Palmeiras)\"},{\"@type\":\"BreadcrumbList\",\"@id\":\"https:\/\/www.gaveanews.com\/index.php\/2025\/03\/30\/a-declaracao-de-caio-ribeiro-direcionada-a-flaco-lopez-do-palmeiras\/#breadcrumb\",\"itemListElement\":[{\"@type\":\"ListItem\",\"position\":1,\"name\":\"Home\",\"item\":\"https:\/\/www.gaveanews.com\/\"},{\"@type\":\"ListItem\",\"position\":2,\"name\":\"A declara\u00e7\u00e3o de Caio Ribeiro direcionada \u00e0 Flaco L\u00f3pez, do Palmeiras\"}]},{\"@type\":\"WebSite\",\"@id\":\"https:\/\/www.gaveanews.com\/#website\",\"url\":\"https:\/\/www.gaveanews.com\/\",\"name\":\"G\u00e1vea News\",\"description\":\"Veja todas as not\u00edcias sobre o Flamengo: Contrata\u00e7\u00f5es, categorias de base, resultados das partidas, tabela de classifica\u00e7\u00e3o, pr\u00f3ximos jogos!\",\"potentialAction\":[{\"@type\":\"SearchAction\",\"target\":{\"@type\":\"EntryPoint\",\"urlTemplate\":\"https:\/\/www.gaveanews.com\/?s={search_term_string}\"},\"query-input\":{\"@type\":\"PropertyValueSpecification\",\"valueRequired\":true,\"valueName\":\"search_term_string\"}}],\"inLanguage\":\"pt-BR\"},{\"@type\":\"Person\",\"@id\":\"https:\/\/www.gaveanews.com\/#\/schema\/person\/0277a79a1289c451c281ec0411d84f0c\",\"name\":\"Andr\u00e9 Serra\",\"image\":{\"@type\":\"ImageObject\",\"inLanguage\":\"pt-BR\",\"@id\":\"https:\/\/www.gaveanews.com\/#\/schema\/person\/image\/\",\"url\":\"https:\/\/secure.gravatar.com\/avatar\/d7231369fe48db93292b3e88eb2162dbd9a34a47a8437d9ef3bcaca2a86a83d7?s=96&d=mm&r=g\",\"contentUrl\":\"https:\/\/secure.gravatar.com\/avatar\/d7231369fe48db93292b3e88eb2162dbd9a34a47a8437d9ef3bcaca2a86a83d7?s=96&d=mm&r=g\",\"caption\":\"Andr\u00e9 Serra\"}}]}<\/script>\n<!-- \/ Yoast SEO Premium plugin. -->","yoast_head_json":{"title":"A declara\u00e7\u00e3o de Caio Ribeiro direcionada \u00e0 Flaco L\u00f3pez, do Palmeiras","robots":{"index":"index","follow":"follow","max-snippet":"max-snippet:-1","max-image-preview":"max-image-preview:large","max-video-preview":"max-video-preview:-1"},"canonical":"https:\/\/www.gaveanews.com\/index.php\/2025\/03\/30\/a-declaracao-de-caio-ribeiro-direcionada-a-flaco-lopez-do-palmeiras\/","og_locale":"pt_BR","og_type":"article","og_title":"A declara\u00e7\u00e3o de Caio Ribeiro direcionada \u00e0 Flaco L\u00f3pez, do Palmeiras","og_description":"&#8220;Teve tempo para&#8230;&#8221; O Palmeiras estreou no Campeonato Brasileiro de 2025 neste domingo (30), ao receber e empatar com o Botafogo pelo placar de 0 a 0, no Allianz Parque. A atua\u00e7\u00e3o do Verd\u00e3o foi bastante abaixo do que se \u00e9 esperado. O atacante Flaco L\u00f3pez ainda poderia ter dado a vit\u00f3ria \u00e0 equipe, mas [&hellip;]","og_url":"https:\/\/www.gaveanews.com\/index.php\/2025\/03\/30\/a-declaracao-de-caio-ribeiro-direcionada-a-flaco-lopez-do-palmeiras\/","og_site_name":"G\u00e1vea News","article_publisher":"https:\/\/facebook.com\/gaveaNews\/","article_published_time":"2025-03-31T01:55:11+00:00","og_image":[{"width":1220,"height":674,"url":"https:\/\/www.gaveanews.com\/wp-content\/uploads\/flaco-lopez-palmeiras.webp","type":"image\/webp"}],"author":"Andr\u00e9 Serra","twitter_card":"summary_large_image","twitter_misc":{"Escrito por":"Andr\u00e9 Serra","Est. tempo de leitura":"2 minutos"},"schema":{"@context":"https:\/\/schema.org","@graph":[{"@type":"NewsArticle","@id":"https:\/\/www.gaveanews.com\/index.php\/2025\/03\/30\/a-declaracao-de-caio-ribeiro-direcionada-a-flaco-lopez-do-palmeiras\/#article","isPartOf":{"@id":"https:\/\/www.gaveanews.com\/index.php\/2025\/03\/30\/a-declaracao-de-caio-ribeiro-direcionada-a-flaco-lopez-do-palmeiras\/"},"author":{"name":"Andr\u00e9 Serra","@id":"https:\/\/www.gaveanews.com\/#\/schema\/person\/0277a79a1289c451c281ec0411d84f0c"},"headline":"A declara\u00e7\u00e3o de Caio Ribeiro direcionada \u00e0 Flaco L\u00f3pez, do Palmeiras","datePublished":"2025-03-31T01:55:11+00:00","mainEntityOfPage":{"@id":"https:\/\/www.gaveanews.com\/index.php\/2025\/03\/30\/a-declaracao-de-caio-ribeiro-direcionada-a-flaco-lopez-do-palmeiras\/"},"wordCount":342,"commentCount":0,"image":{"@id":"https:\/\/www.gaveanews.com\/index.php\/2025\/03\/30\/a-declaracao-de-caio-ribeiro-direcionada-a-flaco-lopez-do-palmeiras\/#primaryimage"},"thumbnailUrl":"https:\/\/www.gaveanews.com\/wp-content\/uploads\/flaco-lopez-palmeiras.webp","articleSection":["Palmeiras"],"inLanguage":"pt-BR","potentialAction":[{"@type":"CommentAction","name":"Comment","target":["https:\/\/www.gaveanews.com\/index.php\/2025\/03\/30\/a-declaracao-de-caio-ribeiro-direcionada-a-flaco-lopez-do-palmeiras\/#respond"]}],"copyrightYear":"2025","copyrightHolder":{"@id":"https:\/\/www.gaveanews.com\/#organization"}},{"@type":"WebPage","@id":"https:\/\/www.gaveanews.com\/index.php\/2025\/03\/30\/a-declaracao-de-caio-ribeiro-direcionada-a-flaco-lopez-do-palmeiras\/","url":"https:\/\/www.gaveanews.com\/index.php\/2025\/03\/30\/a-declaracao-de-caio-ribeiro-direcionada-a-flaco-lopez-do-palmeiras\/","name":"A declara\u00e7\u00e3o de Caio Ribeiro direcionada \u00e0 Flaco L\u00f3pez, do Palmeiras","isPartOf":{"@id":"https:\/\/www.gaveanews.com\/#website"},"primaryImageOfPage":{"@id":"https:\/\/www.gaveanews.com\/index.php\/2025\/03\/30\/a-declaracao-de-caio-ribeiro-direcionada-a-flaco-lopez-do-palmeiras\/#primaryimage"},"image":{"@id":"https:\/\/www.gaveanews.com\/index.php\/2025\/03\/30\/a-declaracao-de-caio-ribeiro-direcionada-a-flaco-lopez-do-palmeiras\/#primaryimage"},"thumbnailUrl":"https:\/\/www.gaveanews.com\/wp-content\/uploads\/flaco-lopez-palmeiras.webp","datePublished":"2025-03-31T01:55:11+00:00","author":{"@id":"https:\/\/www.gaveanews.com\/#\/schema\/person\/0277a79a1289c451c281ec0411d84f0c"},"breadcrumb":{"@id":"https:\/\/www.gaveanews.com\/index.php\/2025\/03\/30\/a-declaracao-de-caio-ribeiro-direcionada-a-flaco-lopez-do-palmeiras\/#breadcrumb"},"inLanguage":"pt-BR","potentialAction":[{"@type":"ReadAction","target":["https:\/\/www.gaveanews.com\/index.php\/2025\/03\/30\/a-declaracao-de-caio-ribeiro-direcionada-a-flaco-lopez-do-palmeiras\/"]}]},{"@type":"ImageObject","inLanguage":"pt-BR","@id":"https:\/\/www.gaveanews.com\/index.php\/2025\/03\/30\/a-declaracao-de-caio-ribeiro-direcionada-a-flaco-lopez-do-palmeiras\/#primaryimage","url":"https:\/\/www.gaveanews.com\/wp-content\/uploads\/flaco-lopez-palmeiras.webp","contentUrl":"https:\/\/www.gaveanews.com\/wp-content\/uploads\/flaco-lopez-palmeiras.webp","width":1220,"height":674,"caption":"Flaco L\u00f3pez em a\u00e7\u00e3o pelo Palmeiras (Foto: Cesar Greco\/Palmeiras)"},{"@type":"BreadcrumbList","@id":"https:\/\/www.gaveanews.com\/index.php\/2025\/03\/30\/a-declaracao-de-caio-ribeiro-direcionada-a-flaco-lopez-do-palmeiras\/#breadcrumb","itemListElement":[{"@type":"ListItem","position":1,"name":"Home","item":"https:\/\/www.gaveanews.com\/"},{"@type":"ListItem","position":2,"name":"A declara\u00e7\u00e3o de Caio Ribeiro direcionada \u00e0 Flaco L\u00f3pez, do Palmeiras"}]},{"@type":"WebSite","@id":"https:\/\/www.gaveanews.com\/#website","url":"https:\/\/www.gaveanews.com\/","name":"G\u00e1vea News","description":"Veja todas as not\u00edcias sobre o Flamengo: Contrata\u00e7\u00f5es, categorias de base, resultados das partidas, tabela de classifica\u00e7\u00e3o, pr\u00f3ximos jogos!","potentialAction":[{"@type":"SearchAction","target":{"@type":"EntryPoint","urlTemplate":"https:\/\/www.gaveanews.com\/?s={search_term_string}"},"query-input":{"@type":"PropertyValueSpecification","valueRequired":true,"valueName":"search_term_string"}}],"inLanguage":"pt-BR"},{"@type":"Person","@id":"https:\/\/www.gaveanews.com\/#\/schema\/person\/0277a79a1289c451c281ec0411d84f0c","name":"Andr\u00e9 Serra","image":{"@type":"ImageObject","inLanguage":"pt-BR","@id":"https:\/\/www.gaveanews.com\/#\/schema\/person\/image\/","url":"https:\/\/secure.gravatar.com\/avatar\/d7231369fe48db93292b3e88eb2162dbd9a34a47a8437d9ef3bcaca2a86a83d7?s=96&d=mm&r=g","contentUrl":"https:\/\/secure.gravatar.com\/avatar\/d7231369fe48db93292b3e88eb2162dbd9a34a47a8437d9ef3bcaca2a86a83d7?s=96&d=mm&r=g","caption":"Andr\u00e9 Serra"}}]}},"_links":{"self":[{"href":"https:\/\/www.gaveanews.com\/index.php\/wp-json\/wp\/v2\/posts\/246799","targetHints":{"allow":["GET"]}}],"collection":[{"href":"https:\/\/www.gaveanews.com\/index.php\/wp-json\/wp\/v2\/posts"}],"about":[{"href":"https:\/\/www.gaveanews.com\/index.php\/wp-json\/wp\/v2\/types\/post"}],"author":[{"embeddable":true,"href":"https:\/\/www.gaveanews.com\/index.php\/wp-json\/wp\/v2\/users\/21"}],"replies":[{"embeddable":true,"href":"https:\/\/www.gaveanews.com\/index.php\/wp-json\/wp\/v2\/comments?post=246799"}],"version-history":[{"count":1,"href":"https:\/\/www.gaveanews.com\/index.php\/wp-json\/wp\/v2\/posts\/246799\/revisions"}],"predecessor-version":[{"id":246809,"href":"https:\/\/www.gaveanews.com\/index.php\/wp-json\/wp\/v2\/posts\/246799\/revisions\/246809"}],"wp:featuredmedia":[{"embeddable":true,"href":"https:\/\/www.gaveanews.com\/index.php\/wp-json\/wp\/v2\/media\/142875"}],"wp:attachment":[{"href":"https:\/\/www.gaveanews.com\/index.php\/wp-json\/wp\/v2\/media?parent=246799"}],"wp:term":[{"taxonomy":"category","embeddable":true,"href":"https:\/\/www.gaveanews.com\/index.php\/wp-json\/wp\/v2\/categories?post=246799"},{"taxonomy":"post_tag","embeddable":true,"href":"https:\/\/www.gaveanews.com\/index.php\/wp-json\/wp\/v2\/tags?post=246799"}],"curies":[{"name":"wp","href":"https:\/\/api.w.org\/{rel}","templated":true}]}}