{"id":246800,"date":"2025-03-30T22:45:54","date_gmt":"2025-03-31T01:45:54","guid":{"rendered":"https:\/\/www.gaveanews.com\/?p=246800"},"modified":"2025-03-30T21:58:08","modified_gmt":"2025-03-31T00:58:08","slug":"a-declaracao-de-leonardo-jardim-direcionada-a-cassio-cruzeiro","status":"publish","type":"post","link":"https:\/\/www.gaveanews.com\/index.php\/2025\/03\/30\/a-declaracao-de-leonardo-jardim-direcionada-a-cassio-cruzeiro\/","title":{"rendered":"A declara\u00e7\u00e3o de Leonardo Jardim direcionada a C\u00e1ssio, Cruzeiro"},"content":{"rendered":"\n<p>O t\u00e9cnico Leonardo Jardim, do Cruzeiro, explicou recentemente o trabalho desenvolvido com o goleiro C\u00e1ssio. Jardim observou uma melhora significativa no desempenho do jogador, atribuindo-a a um per\u00edodo de treinos espec\u00edficos e a um novo modelo de treinamento implementado pela comiss\u00e3o t\u00e9cnica.<\/p>\n\n\n\n<p>Essa evolu\u00e7\u00e3o ocorreu ap\u00f3s uma fase durante o Campeonato Mineiro, na qual a titularidade de C\u00e1ssio chegou a ser tema de debates. Consequentemente, o goleiro apresentou uma atua\u00e7\u00e3o de destaque na estreia do time no Campeonato Brasileiro.<\/p>\n\n\n\n<p>No confronto contra o Mirassol, realizado neste s\u00e1bado, C\u00e1ssio demonstrou seguran\u00e7a sob as traves. Sua performance incluiu defesas importantes e foi um fator contribuinte para a vit\u00f3ria do Cruzeiro pelo placar de 2 a 1.<\/p>\n\n\n\n<p>Um dos lances capitais da partida foi a defesa de um p\u00eanalti executada por C\u00e1ssio. Essa interven\u00e7\u00e3o crucial impediu que a situa\u00e7\u00e3o do Cruzeiro se complicasse no jogo, mostrando-se fundamental para assegurar o resultado positivo na abertura do Brasileir\u00e3o.<\/p>\n\n\n\n<h2 class=\"wp-block-heading\" id=\"h-evolucao-atraves-do-treinamento\">Evolu\u00e7\u00e3o atrav\u00e9s do treinamento<\/h2>\n\n\n\n<p>Ao comentar a fase anterior do atleta, Jardim mencionou: &#8220;O C\u00e1ssio n\u00e3o estava bem, eu achava que ele iria ficar melhor com a parada, com os treinos, e com o modelo de treinamento que n\u00f3s quer\u00edamos dar a ele.&#8221;<\/p>\n\n\n\n<p>O t\u00e9cnico, entretanto, destacou a progress\u00e3o atual do goleiro mediante o trabalho cont\u00ednuo. &#8220;Ele, aos poucos, est\u00e1 a evoluir e est\u00e1 ganhando o seu n\u00edvel&#8221;, afirmou Jardim, indicando que C\u00e1ssio recupera a forma esperada.<\/p>\n\n\n\n<p>Apesar da exibi\u00e7\u00e3o positiva na estreia, Leonardo Jardim adotou um tom cauteloso. O treinador lembrou que boas atua\u00e7\u00f5es n\u00e3o garantem a aus\u00eancia de erros futuros e pontuou, ademais, que a equipe sofreu gols nos \u00faltimos dez jogos disputados.<\/p>\n\n\n\n<p>Jardim refor\u00e7ou a import\u00e2ncia da dedica\u00e7\u00e3o nos treinos para atletas de alto rendimento: &#8220;N\u00e3o quero dizer que amanh\u00e3 n\u00e3o possa cometer um erro, mas, em termos de performance, eu vejo ele subir, porque o treinamento \u00e9 a base do futebolista e do desportista de alta competi\u00e7\u00e3o. Para estar no topo \u00e9 preciso treinar tamb\u00e9m no topo. E estou satisfeito dele estar evoluindo e estar a mostrar que ainda pode ser um goleiro do topo do futebol brasileiro&#8221;.<\/p>\n\n\n\n<figure class=\"wp-block-image size-large\"><img loading=\"lazy\" decoding=\"async\" width=\"822\" height=\"1024\" src=\"http:\/\/www.gaveanews.com\/wp-content\/uploads\/Cassio-em-acao-pelo-Cruzeiro-822x1024.webp\" alt=\"\" class=\"wp-image-160910\" srcset=\"https:\/\/www.gaveanews.com\/wp-content\/uploads\/Cassio-em-acao-pelo-Cruzeiro-822x1024.webp 822w, https:\/\/www.gaveanews.com\/wp-content\/uploads\/Cassio-em-acao-pelo-Cruzeiro-241x300.webp 241w, https:\/\/www.gaveanews.com\/wp-content\/uploads\/Cassio-em-acao-pelo-Cruzeiro-768x957.webp 768w, https:\/\/www.gaveanews.com\/wp-content\/uploads\/Cassio-em-acao-pelo-Cruzeiro-337x420.webp 337w, https:\/\/www.gaveanews.com\/wp-content\/uploads\/Cassio-em-acao-pelo-Cruzeiro-674x840.webp 674w, https:\/\/www.gaveanews.com\/wp-content\/uploads\/Cassio-em-acao-pelo-Cruzeiro-640x798.webp 640w, https:\/\/www.gaveanews.com\/wp-content\/uploads\/Cassio-em-acao-pelo-Cruzeiro-681x849.webp 681w, https:\/\/www.gaveanews.com\/wp-content\/uploads\/Cassio-em-acao-pelo-Cruzeiro-100x125.webp 100w, https:\/\/www.gaveanews.com\/wp-content\/uploads\/Cassio-em-acao-pelo-Cruzeiro.webp 1080w\" sizes=\"auto, (max-width: 822px) 100vw, 822px\" \/><figcaption class=\"wp-element-caption\">C\u00e1ssio em a\u00e7\u00e3o pelo Cruzeiro (Foto: Reprodu\u00e7\u00e3o\/Instagram)<\/figcaption><\/figure>\n\n\n\n<h2 class=\"wp-block-heading\" id=\"h-desempenho-recente-e-estatisticas\">Desempenho recente e estat\u00edsticas<\/h2>\n\n\n\n<p>At\u00e9 esta data na temporada, o Cruzeiro soma 11 jogos oficiais. O goleiro C\u00e1ssio atuou como titular em nove dessas partidas pela Raposa.<\/p>\n\n\n\n<p>O jogador ficou ausente apenas nos encontros contra Uberl\u00e2ndia e Democrata, ambos pela primeira fase do Campeonato Mineiro. Al\u00e9m disso, a \u00fanica ocasi\u00e3o em que C\u00e1ssio n\u00e3o sofreu gols foi justamente na estreia do estadual, partida em que o Cruzeiro utilizou uma forma\u00e7\u00e3o reserva e venceu o Tombense por 1 a 0, no Mineir\u00e3o.<\/p>\n","protected":false},"excerpt":{"rendered":"<p>O t\u00e9cnico Leonardo Jardim, do Cruzeiro, explicou recentemente o trabalho desenvolvido com o goleiro C\u00e1ssio. Jardim observou uma melhora significativa no desempenho do jogador, atribuindo-a a um per\u00edodo de treinos espec\u00edficos e a um novo modelo de treinamento implementado pela comiss\u00e3o t\u00e9cnica. Essa evolu\u00e7\u00e3o ocorreu ap\u00f3s uma fase durante o Campeonato Mineiro, na qual a [&hellip;]<\/p>\n","protected":false},"author":28,"featured_media":225548,"comment_status":"open","ping_status":"closed","sticky":false,"template":"","format":"standard","meta":{"footnotes":""},"categories":[143],"tags":[],"class_list":["post-246800","post","type-post","status-publish","format-standard","has-post-thumbnail","hentry","category-cruzeiro"],"yoast_head":"<!-- This site is optimized with the Yoast SEO Premium plugin v24.2 (Yoast SEO v26.9) - https:\/\/yoast.com\/product\/yoast-seo-premium-wordpress\/ -->\n<title>A declara\u00e7\u00e3o de Leonardo Jardim direcionada a C\u00e1ssio, Cruzeiro<\/title>\n<meta name=\"robots\" content=\"index, follow, max-snippet:-1, max-image-preview:large, max-video-preview:-1\" \/>\n<link rel=\"canonical\" href=\"https:\/\/www.gaveanews.com\/index.php\/2025\/03\/30\/a-declaracao-de-leonardo-jardim-direcionada-a-cassio-cruzeiro\/\" \/>\n<meta property=\"og:locale\" content=\"pt_BR\" \/>\n<meta property=\"og:type\" content=\"article\" \/>\n<meta property=\"og:title\" content=\"A declara\u00e7\u00e3o de Leonardo Jardim direcionada a C\u00e1ssio, Cruzeiro\" \/>\n<meta property=\"og:description\" content=\"O t\u00e9cnico Leonardo Jardim, do Cruzeiro, explicou recentemente o trabalho desenvolvido com o goleiro C\u00e1ssio. Jardim observou uma melhora significativa no desempenho do jogador, atribuindo-a a um per\u00edodo de treinos espec\u00edficos e a um novo modelo de treinamento implementado pela comiss\u00e3o t\u00e9cnica. Essa evolu\u00e7\u00e3o ocorreu ap\u00f3s uma fase durante o Campeonato Mineiro, na qual a [&hellip;]\" \/>\n<meta property=\"og:url\" content=\"https:\/\/www.gaveanews.com\/index.php\/2025\/03\/30\/a-declaracao-de-leonardo-jardim-direcionada-a-cassio-cruzeiro\/\" \/>\n<meta property=\"og:site_name\" content=\"G\u00e1vea News\" \/>\n<meta property=\"article:publisher\" content=\"https:\/\/facebook.com\/gaveaNews\/\" \/>\n<meta property=\"article:published_time\" content=\"2025-03-31T01:45:54+00:00\" \/>\n<meta property=\"og:image\" content=\"https:\/\/www.gaveanews.com\/wp-content\/uploads\/Leonardo-Jardim-durante-partida-do-Cruzeiro-em-2025.webp\" \/>\n\t<meta property=\"og:image:width\" content=\"799\" \/>\n\t<meta property=\"og:image:height\" content=\"533\" \/>\n\t<meta property=\"og:image:type\" content=\"image\/jpeg\" \/>\n<meta name=\"author\" content=\"Hudson Pereira\" \/>\n<meta name=\"twitter:card\" content=\"summary_large_image\" \/>\n<meta name=\"twitter:label1\" content=\"Escrito por\" \/>\n\t<meta name=\"twitter:data1\" content=\"Hudson Pereira\" \/>\n\t<meta name=\"twitter:label2\" content=\"Est. tempo de leitura\" \/>\n\t<meta name=\"twitter:data2\" content=\"3 minutos\" \/>\n<script type=\"application\/ld+json\" class=\"yoast-schema-graph\">{\"@context\":\"https:\/\/schema.org\",\"@graph\":[{\"@type\":\"NewsArticle\",\"@id\":\"https:\/\/www.gaveanews.com\/index.php\/2025\/03\/30\/a-declaracao-de-leonardo-jardim-direcionada-a-cassio-cruzeiro\/#article\",\"isPartOf\":{\"@id\":\"https:\/\/www.gaveanews.com\/index.php\/2025\/03\/30\/a-declaracao-de-leonardo-jardim-direcionada-a-cassio-cruzeiro\/\"},\"author\":{\"name\":\"Hudson Pereira\",\"@id\":\"https:\/\/www.gaveanews.com\/#\/schema\/person\/bd08f00534b403119b92741a6d469ef0\"},\"headline\":\"A declara\u00e7\u00e3o de Leonardo Jardim direcionada a C\u00e1ssio, Cruzeiro\",\"datePublished\":\"2025-03-31T01:45:54+00:00\",\"mainEntityOfPage\":{\"@id\":\"https:\/\/www.gaveanews.com\/index.php\/2025\/03\/30\/a-declaracao-de-leonardo-jardim-direcionada-a-cassio-cruzeiro\/\"},\"wordCount\":491,\"commentCount\":0,\"image\":{\"@id\":\"https:\/\/www.gaveanews.com\/index.php\/2025\/03\/30\/a-declaracao-de-leonardo-jardim-direcionada-a-cassio-cruzeiro\/#primaryimage\"},\"thumbnailUrl\":\"https:\/\/www.gaveanews.com\/wp-content\/uploads\/Leonardo-Jardim-durante-partida-do-Cruzeiro-em-2025.webp\",\"articleSection\":[\"Cruzeiro\"],\"inLanguage\":\"pt-BR\",\"potentialAction\":[{\"@type\":\"CommentAction\",\"name\":\"Comment\",\"target\":[\"https:\/\/www.gaveanews.com\/index.php\/2025\/03\/30\/a-declaracao-de-leonardo-jardim-direcionada-a-cassio-cruzeiro\/#respond\"]}],\"copyrightYear\":\"2025\",\"copyrightHolder\":{\"@id\":\"https:\/\/www.gaveanews.com\/#organization\"}},{\"@type\":\"WebPage\",\"@id\":\"https:\/\/www.gaveanews.com\/index.php\/2025\/03\/30\/a-declaracao-de-leonardo-jardim-direcionada-a-cassio-cruzeiro\/\",\"url\":\"https:\/\/www.gaveanews.com\/index.php\/2025\/03\/30\/a-declaracao-de-leonardo-jardim-direcionada-a-cassio-cruzeiro\/\",\"name\":\"A declara\u00e7\u00e3o de Leonardo Jardim direcionada a C\u00e1ssio, Cruzeiro\",\"isPartOf\":{\"@id\":\"https:\/\/www.gaveanews.com\/#website\"},\"primaryImageOfPage\":{\"@id\":\"https:\/\/www.gaveanews.com\/index.php\/2025\/03\/30\/a-declaracao-de-leonardo-jardim-direcionada-a-cassio-cruzeiro\/#primaryimage\"},\"image\":{\"@id\":\"https:\/\/www.gaveanews.com\/index.php\/2025\/03\/30\/a-declaracao-de-leonardo-jardim-direcionada-a-cassio-cruzeiro\/#primaryimage\"},\"thumbnailUrl\":\"https:\/\/www.gaveanews.com\/wp-content\/uploads\/Leonardo-Jardim-durante-partida-do-Cruzeiro-em-2025.webp\",\"datePublished\":\"2025-03-31T01:45:54+00:00\",\"author\":{\"@id\":\"https:\/\/www.gaveanews.com\/#\/schema\/person\/bd08f00534b403119b92741a6d469ef0\"},\"breadcrumb\":{\"@id\":\"https:\/\/www.gaveanews.com\/index.php\/2025\/03\/30\/a-declaracao-de-leonardo-jardim-direcionada-a-cassio-cruzeiro\/#breadcrumb\"},\"inLanguage\":\"pt-BR\",\"potentialAction\":[{\"@type\":\"ReadAction\",\"target\":[\"https:\/\/www.gaveanews.com\/index.php\/2025\/03\/30\/a-declaracao-de-leonardo-jardim-direcionada-a-cassio-cruzeiro\/\"]}]},{\"@type\":\"ImageObject\",\"inLanguage\":\"pt-BR\",\"@id\":\"https:\/\/www.gaveanews.com\/index.php\/2025\/03\/30\/a-declaracao-de-leonardo-jardim-direcionada-a-cassio-cruzeiro\/#primaryimage\",\"url\":\"https:\/\/www.gaveanews.com\/wp-content\/uploads\/Leonardo-Jardim-durante-partida-do-Cruzeiro-em-2025.webp\",\"contentUrl\":\"https:\/\/www.gaveanews.com\/wp-content\/uploads\/Leonardo-Jardim-durante-partida-do-Cruzeiro-em-2025.webp\",\"width\":799,\"height\":533,\"caption\":\"Leonardo Jardim durante partida do Cruzeiro em 2025 (Foto: Gustavo Aleixo\/Cruzeiro)\"},{\"@type\":\"BreadcrumbList\",\"@id\":\"https:\/\/www.gaveanews.com\/index.php\/2025\/03\/30\/a-declaracao-de-leonardo-jardim-direcionada-a-cassio-cruzeiro\/#breadcrumb\",\"itemListElement\":[{\"@type\":\"ListItem\",\"position\":1,\"name\":\"Home\",\"item\":\"https:\/\/www.gaveanews.com\/\"},{\"@type\":\"ListItem\",\"position\":2,\"name\":\"A declara\u00e7\u00e3o de Leonardo Jardim direcionada a C\u00e1ssio, Cruzeiro\"}]},{\"@type\":\"WebSite\",\"@id\":\"https:\/\/www.gaveanews.com\/#website\",\"url\":\"https:\/\/www.gaveanews.com\/\",\"name\":\"G\u00e1vea News\",\"description\":\"Veja todas as not\u00edcias sobre o Flamengo: Contrata\u00e7\u00f5es, categorias de base, resultados das partidas, tabela de classifica\u00e7\u00e3o, pr\u00f3ximos jogos!\",\"potentialAction\":[{\"@type\":\"SearchAction\",\"target\":{\"@type\":\"EntryPoint\",\"urlTemplate\":\"https:\/\/www.gaveanews.com\/?s={search_term_string}\"},\"query-input\":{\"@type\":\"PropertyValueSpecification\",\"valueRequired\":true,\"valueName\":\"search_term_string\"}}],\"inLanguage\":\"pt-BR\"},{\"@type\":\"Person\",\"@id\":\"https:\/\/www.gaveanews.com\/#\/schema\/person\/bd08f00534b403119b92741a6d469ef0\",\"name\":\"Hudson Pereira\",\"image\":{\"@type\":\"ImageObject\",\"inLanguage\":\"pt-BR\",\"@id\":\"https:\/\/www.gaveanews.com\/#\/schema\/person\/image\/\",\"url\":\"https:\/\/secure.gravatar.com\/avatar\/ecc491b489e454e510efffc9b23c1052ce5fb4f2e05555768ba65819cd55f03e?s=96&d=mm&r=g\",\"contentUrl\":\"https:\/\/secure.gravatar.com\/avatar\/ecc491b489e454e510efffc9b23c1052ce5fb4f2e05555768ba65819cd55f03e?s=96&d=mm&r=g\",\"caption\":\"Hudson Pereira\"}}]}<\/script>\n<!-- \/ Yoast SEO Premium plugin. -->","yoast_head_json":{"title":"A declara\u00e7\u00e3o de Leonardo Jardim direcionada a C\u00e1ssio, Cruzeiro","robots":{"index":"index","follow":"follow","max-snippet":"max-snippet:-1","max-image-preview":"max-image-preview:large","max-video-preview":"max-video-preview:-1"},"canonical":"https:\/\/www.gaveanews.com\/index.php\/2025\/03\/30\/a-declaracao-de-leonardo-jardim-direcionada-a-cassio-cruzeiro\/","og_locale":"pt_BR","og_type":"article","og_title":"A declara\u00e7\u00e3o de Leonardo Jardim direcionada a C\u00e1ssio, Cruzeiro","og_description":"O t\u00e9cnico Leonardo Jardim, do Cruzeiro, explicou recentemente o trabalho desenvolvido com o goleiro C\u00e1ssio. Jardim observou uma melhora significativa no desempenho do jogador, atribuindo-a a um per\u00edodo de treinos espec\u00edficos e a um novo modelo de treinamento implementado pela comiss\u00e3o t\u00e9cnica. Essa evolu\u00e7\u00e3o ocorreu ap\u00f3s uma fase durante o Campeonato Mineiro, na qual a [&hellip;]","og_url":"https:\/\/www.gaveanews.com\/index.php\/2025\/03\/30\/a-declaracao-de-leonardo-jardim-direcionada-a-cassio-cruzeiro\/","og_site_name":"G\u00e1vea News","article_publisher":"https:\/\/facebook.com\/gaveaNews\/","article_published_time":"2025-03-31T01:45:54+00:00","og_image":[{"width":799,"height":533,"url":"https:\/\/www.gaveanews.com\/wp-content\/uploads\/Leonardo-Jardim-durante-partida-do-Cruzeiro-em-2025.webp","type":"image\/jpeg"}],"author":"Hudson Pereira","twitter_card":"summary_large_image","twitter_misc":{"Escrito por":"Hudson Pereira","Est. tempo de leitura":"3 minutos"},"schema":{"@context":"https:\/\/schema.org","@graph":[{"@type":"NewsArticle","@id":"https:\/\/www.gaveanews.com\/index.php\/2025\/03\/30\/a-declaracao-de-leonardo-jardim-direcionada-a-cassio-cruzeiro\/#article","isPartOf":{"@id":"https:\/\/www.gaveanews.com\/index.php\/2025\/03\/30\/a-declaracao-de-leonardo-jardim-direcionada-a-cassio-cruzeiro\/"},"author":{"name":"Hudson Pereira","@id":"https:\/\/www.gaveanews.com\/#\/schema\/person\/bd08f00534b403119b92741a6d469ef0"},"headline":"A declara\u00e7\u00e3o de Leonardo Jardim direcionada a C\u00e1ssio, Cruzeiro","datePublished":"2025-03-31T01:45:54+00:00","mainEntityOfPage":{"@id":"https:\/\/www.gaveanews.com\/index.php\/2025\/03\/30\/a-declaracao-de-leonardo-jardim-direcionada-a-cassio-cruzeiro\/"},"wordCount":491,"commentCount":0,"image":{"@id":"https:\/\/www.gaveanews.com\/index.php\/2025\/03\/30\/a-declaracao-de-leonardo-jardim-direcionada-a-cassio-cruzeiro\/#primaryimage"},"thumbnailUrl":"https:\/\/www.gaveanews.com\/wp-content\/uploads\/Leonardo-Jardim-durante-partida-do-Cruzeiro-em-2025.webp","articleSection":["Cruzeiro"],"inLanguage":"pt-BR","potentialAction":[{"@type":"CommentAction","name":"Comment","target":["https:\/\/www.gaveanews.com\/index.php\/2025\/03\/30\/a-declaracao-de-leonardo-jardim-direcionada-a-cassio-cruzeiro\/#respond"]}],"copyrightYear":"2025","copyrightHolder":{"@id":"https:\/\/www.gaveanews.com\/#organization"}},{"@type":"WebPage","@id":"https:\/\/www.gaveanews.com\/index.php\/2025\/03\/30\/a-declaracao-de-leonardo-jardim-direcionada-a-cassio-cruzeiro\/","url":"https:\/\/www.gaveanews.com\/index.php\/2025\/03\/30\/a-declaracao-de-leonardo-jardim-direcionada-a-cassio-cruzeiro\/","name":"A declara\u00e7\u00e3o de Leonardo Jardim direcionada a C\u00e1ssio, Cruzeiro","isPartOf":{"@id":"https:\/\/www.gaveanews.com\/#website"},"primaryImageOfPage":{"@id":"https:\/\/www.gaveanews.com\/index.php\/2025\/03\/30\/a-declaracao-de-leonardo-jardim-direcionada-a-cassio-cruzeiro\/#primaryimage"},"image":{"@id":"https:\/\/www.gaveanews.com\/index.php\/2025\/03\/30\/a-declaracao-de-leonardo-jardim-direcionada-a-cassio-cruzeiro\/#primaryimage"},"thumbnailUrl":"https:\/\/www.gaveanews.com\/wp-content\/uploads\/Leonardo-Jardim-durante-partida-do-Cruzeiro-em-2025.webp","datePublished":"2025-03-31T01:45:54+00:00","author":{"@id":"https:\/\/www.gaveanews.com\/#\/schema\/person\/bd08f00534b403119b92741a6d469ef0"},"breadcrumb":{"@id":"https:\/\/www.gaveanews.com\/index.php\/2025\/03\/30\/a-declaracao-de-leonardo-jardim-direcionada-a-cassio-cruzeiro\/#breadcrumb"},"inLanguage":"pt-BR","potentialAction":[{"@type":"ReadAction","target":["https:\/\/www.gaveanews.com\/index.php\/2025\/03\/30\/a-declaracao-de-leonardo-jardim-direcionada-a-cassio-cruzeiro\/"]}]},{"@type":"ImageObject","inLanguage":"pt-BR","@id":"https:\/\/www.gaveanews.com\/index.php\/2025\/03\/30\/a-declaracao-de-leonardo-jardim-direcionada-a-cassio-cruzeiro\/#primaryimage","url":"https:\/\/www.gaveanews.com\/wp-content\/uploads\/Leonardo-Jardim-durante-partida-do-Cruzeiro-em-2025.webp","contentUrl":"https:\/\/www.gaveanews.com\/wp-content\/uploads\/Leonardo-Jardim-durante-partida-do-Cruzeiro-em-2025.webp","width":799,"height":533,"caption":"Leonardo Jardim durante partida do Cruzeiro em 2025 (Foto: Gustavo Aleixo\/Cruzeiro)"},{"@type":"BreadcrumbList","@id":"https:\/\/www.gaveanews.com\/index.php\/2025\/03\/30\/a-declaracao-de-leonardo-jardim-direcionada-a-cassio-cruzeiro\/#breadcrumb","itemListElement":[{"@type":"ListItem","position":1,"name":"Home","item":"https:\/\/www.gaveanews.com\/"},{"@type":"ListItem","position":2,"name":"A declara\u00e7\u00e3o de Leonardo Jardim direcionada a C\u00e1ssio, Cruzeiro"}]},{"@type":"WebSite","@id":"https:\/\/www.gaveanews.com\/#website","url":"https:\/\/www.gaveanews.com\/","name":"G\u00e1vea News","description":"Veja todas as not\u00edcias sobre o Flamengo: Contrata\u00e7\u00f5es, categorias de base, resultados das partidas, tabela de classifica\u00e7\u00e3o, pr\u00f3ximos jogos!","potentialAction":[{"@type":"SearchAction","target":{"@type":"EntryPoint","urlTemplate":"https:\/\/www.gaveanews.com\/?s={search_term_string}"},"query-input":{"@type":"PropertyValueSpecification","valueRequired":true,"valueName":"search_term_string"}}],"inLanguage":"pt-BR"},{"@type":"Person","@id":"https:\/\/www.gaveanews.com\/#\/schema\/person\/bd08f00534b403119b92741a6d469ef0","name":"Hudson Pereira","image":{"@type":"ImageObject","inLanguage":"pt-BR","@id":"https:\/\/www.gaveanews.com\/#\/schema\/person\/image\/","url":"https:\/\/secure.gravatar.com\/avatar\/ecc491b489e454e510efffc9b23c1052ce5fb4f2e05555768ba65819cd55f03e?s=96&d=mm&r=g","contentUrl":"https:\/\/secure.gravatar.com\/avatar\/ecc491b489e454e510efffc9b23c1052ce5fb4f2e05555768ba65819cd55f03e?s=96&d=mm&r=g","caption":"Hudson Pereira"}}]}},"_links":{"self":[{"href":"https:\/\/www.gaveanews.com\/index.php\/wp-json\/wp\/v2\/posts\/246800","targetHints":{"allow":["GET"]}}],"collection":[{"href":"https:\/\/www.gaveanews.com\/index.php\/wp-json\/wp\/v2\/posts"}],"about":[{"href":"https:\/\/www.gaveanews.com\/index.php\/wp-json\/wp\/v2\/types\/post"}],"author":[{"embeddable":true,"href":"https:\/\/www.gaveanews.com\/index.php\/wp-json\/wp\/v2\/users\/28"}],"replies":[{"embeddable":true,"href":"https:\/\/www.gaveanews.com\/index.php\/wp-json\/wp\/v2\/comments?post=246800"}],"version-history":[{"count":1,"href":"https:\/\/www.gaveanews.com\/index.php\/wp-json\/wp\/v2\/posts\/246800\/revisions"}],"predecessor-version":[{"id":246801,"href":"https:\/\/www.gaveanews.com\/index.php\/wp-json\/wp\/v2\/posts\/246800\/revisions\/246801"}],"wp:featuredmedia":[{"embeddable":true,"href":"https:\/\/www.gaveanews.com\/index.php\/wp-json\/wp\/v2\/media\/225548"}],"wp:attachment":[{"href":"https:\/\/www.gaveanews.com\/index.php\/wp-json\/wp\/v2\/media?parent=246800"}],"wp:term":[{"taxonomy":"category","embeddable":true,"href":"https:\/\/www.gaveanews.com\/index.php\/wp-json\/wp\/v2\/categories?post=246800"},{"taxonomy":"post_tag","embeddable":true,"href":"https:\/\/www.gaveanews.com\/index.php\/wp-json\/wp\/v2\/tags?post=246800"}],"curies":[{"name":"wp","href":"https:\/\/api.w.org\/{rel}","templated":true}]}}