{"id":246802,"date":"2025-03-30T23:05:42","date_gmt":"2025-03-31T02:05:42","guid":{"rendered":"https:\/\/www.gaveanews.com\/?p=246802"},"modified":"2025-03-30T21:58:54","modified_gmt":"2025-03-31T00:58:54","slug":"torcida-do-fluminense-aponta-substituto-ideal-para-mano-menezes","status":"publish","type":"post","link":"https:\/\/www.gaveanews.com\/index.php\/2025\/03\/30\/torcida-do-fluminense-aponta-substituto-ideal-para-mano-menezes\/","title":{"rendered":"Torcida do Fluminense aponta substituto ideal para Mano Menezes"},"content":{"rendered":"\n<p>O Fluminense iniciou neste domingo a procura por um novo comandante t\u00e9cnico, logo ap\u00f3s oficializar a demiss\u00e3o de Mano Menezes. Enquanto a diretoria tricolor come\u00e7a a definir as caracter\u00edsticas desejadas para o sucessor, uma consulta popular revela prefer\u00eancias entre os adeptos.<\/p>\n\n\n\n<p>A decis\u00e3o de desligar Menezes ocorreu na madrugada de domingo, sucedendo a derrota por 2 a 0 para o Fortaleza, no s\u00e1bado, em partida v\u00e1lida pela primeira rodada do Campeonato Brasileiro. Juntamente com o treinador, tamb\u00e9m deixaram o clube os auxiliares Sidnei Lobo e Thiago Kosloski, al\u00e9m do preparador f\u00edsico Fl\u00e1vio Oliveira.<\/p>\n\n\n\n<p>Consequentemente, o auxiliar t\u00e9cnico permanente do clube, Marc\u00e3o, assume o comando da equipe de forma interina. Ele ter\u00e1 a responsabilidade imediata de dirigir o time no confronto contra o Once Caldas, na pr\u00f3xima ter\u00e7a-feira, marcando a estreia na Copa Sul-Americana.<\/p>\n\n\n\n<h2 class=\"wp-block-heading\" id=\"h-busca-por-novo-comandante-e-preferencia-da-torcida\">Busca por novo comandante e prefer\u00eancia da torcida<\/h2>\n\n\n\n<p>Embora a diretoria ainda trabalhe internamente no perfil ideal para o cargo, uma enquete promovida pelo portal &#8216;GE&#8217; indicou um nome com forte apoio entre os torcedores. Fernando Diniz destacou-se como o mais votado na pesquisa.<\/p>\n\n\n\n<p>Diniz recebeu 36,64% dos votos dos 43.251 participantes da enquete. Atualmente desempregado desde janeiro, quando o Cruzeiro o demitiu, ele possui um hist\u00f3rico vitorioso recente no pr\u00f3prio Fluminense, conquistando o Campeonato Carioca e a Conmebol Libertadores em 2023, al\u00e9m da Recopa Sul-Americana em 2024.<\/p>\n\n\n\n<p>Ademais, o levantamento popular apontou Renato Ga\u00facho como o segundo nome na prefer\u00eancia, obtendo 32,75% dos votos. O experiente t\u00e9cnico est\u00e1 livre no mercado desde dezembro, ap\u00f3s encerrar seu v\u00ednculo com o Gr\u00eamio, e encontra-se no Rio de Janeiro. Ele j\u00e1 comandou o Fluminense em quatro ocasi\u00f5es, inclusive levantando a ta\u00e7a da Copa do Brasil de 2007 pelo clube.<\/p>\n\n\n\n<figure class=\"wp-block-image size-full\"><img loading=\"lazy\" decoding=\"async\" width=\"888\" height=\"592\" src=\"http:\/\/www.gaveanews.com\/wp-content\/uploads\/Fernando-Diniz-tecnico-do-Fluminense.webp\" alt=\"\" class=\"wp-image-128690\" srcset=\"https:\/\/www.gaveanews.com\/wp-content\/uploads\/Fernando-Diniz-tecnico-do-Fluminense.webp 888w, https:\/\/www.gaveanews.com\/wp-content\/uploads\/Fernando-Diniz-tecnico-do-Fluminense-300x200.webp 300w, https:\/\/www.gaveanews.com\/wp-content\/uploads\/Fernando-Diniz-tecnico-do-Fluminense-768x512.webp 768w, https:\/\/www.gaveanews.com\/wp-content\/uploads\/Fernando-Diniz-tecnico-do-Fluminense-630x420.webp 630w, https:\/\/www.gaveanews.com\/wp-content\/uploads\/Fernando-Diniz-tecnico-do-Fluminense-640x427.webp 640w, https:\/\/www.gaveanews.com\/wp-content\/uploads\/Fernando-Diniz-tecnico-do-Fluminense-681x454.webp 681w, https:\/\/www.gaveanews.com\/wp-content\/uploads\/Fernando-Diniz-tecnico-do-Fluminense-100x67.webp 100w\" sizes=\"auto, (max-width: 888px) 100vw, 888px\" \/><figcaption class=\"wp-element-caption\">Fernando Diniz como t\u00e9cnico do Fluminense &#8211; Foto: Mauro Pimentel\/AFP<\/figcaption><\/figure>\n\n\n\n<h2 class=\"wp-block-heading\" id=\"h-outras-opcoes-e-cronograma-previsto\">Outras op\u00e7\u00f5es e cronograma previsto<\/h2>\n\n\n\n<p>Completando os tr\u00eas primeiros nomes da prefer\u00eancia tricolor na enquete, aparece Dorival J\u00fanior, que angariou 12,54% dos votos. Recentemente, na \u00faltima sexta-feira, a Confedera\u00e7\u00e3o Brasileira de Futebol o desligou do comando da sele\u00e7\u00e3o brasileira, ap\u00f3s um resultado adverso contra a Argentina.<\/p>\n\n\n\n<p>A diretoria do Fluminense trabalha com um cronograma definido para a contrata\u00e7\u00e3o do novo treinador. Conforme o &#8216;GE&#8217;, o objetivo \u00e9 que o profissional escolhido j\u00e1 esteja \u00e0 frente da equipe para o jogo contra o Bragantino, pelo Brasileir\u00e3o.<\/p>\n\n\n\n<p>Caso isso n\u00e3o se concretize, a expectativa m\u00e1xima se estende at\u00e9 a partida seguinte pela Sul-Americana, contra o San Jos\u00e9, v\u00e1lida pela segunda rodada da competi\u00e7\u00e3o continental. Assim, a gest\u00e3o busca uma solu\u00e7\u00e3o r\u00e1pida para o comando t\u00e9cnico.<\/p>\n","protected":false},"excerpt":{"rendered":"<p>O Fluminense iniciou neste domingo a procura por um novo comandante t\u00e9cnico, logo ap\u00f3s oficializar a demiss\u00e3o de Mano Menezes. Enquanto a diretoria tricolor come\u00e7a a definir as caracter\u00edsticas desejadas para o sucessor, uma consulta popular revela prefer\u00eancias entre os adeptos. A decis\u00e3o de desligar Menezes ocorreu na madrugada de domingo, sucedendo a derrota por [&hellip;]<\/p>\n","protected":false},"author":28,"featured_media":154433,"comment_status":"open","ping_status":"closed","sticky":false,"template":"","format":"standard","meta":{"footnotes":""},"categories":[145],"tags":[],"class_list":["post-246802","post","type-post","status-publish","format-standard","has-post-thumbnail","hentry","category-fluminense"],"yoast_head":"<!-- This site is optimized with the Yoast SEO Premium plugin v24.2 (Yoast SEO v26.9) - https:\/\/yoast.com\/product\/yoast-seo-premium-wordpress\/ -->\n<title>Torcida do Fluminense aponta substituto ideal para Mano Menezes<\/title>\n<meta name=\"robots\" content=\"index, follow, max-snippet:-1, max-image-preview:large, max-video-preview:-1\" \/>\n<link rel=\"canonical\" href=\"https:\/\/www.gaveanews.com\/index.php\/2025\/03\/30\/torcida-do-fluminense-aponta-substituto-ideal-para-mano-menezes\/\" \/>\n<meta property=\"og:locale\" content=\"pt_BR\" \/>\n<meta property=\"og:type\" content=\"article\" \/>\n<meta property=\"og:title\" content=\"Torcida do Fluminense aponta substituto ideal para Mano Menezes\" \/>\n<meta property=\"og:description\" content=\"O Fluminense iniciou neste domingo a procura por um novo comandante t\u00e9cnico, logo ap\u00f3s oficializar a demiss\u00e3o de Mano Menezes. Enquanto a diretoria tricolor come\u00e7a a definir as caracter\u00edsticas desejadas para o sucessor, uma consulta popular revela prefer\u00eancias entre os adeptos. A decis\u00e3o de desligar Menezes ocorreu na madrugada de domingo, sucedendo a derrota por [&hellip;]\" \/>\n<meta property=\"og:url\" content=\"https:\/\/www.gaveanews.com\/index.php\/2025\/03\/30\/torcida-do-fluminense-aponta-substituto-ideal-para-mano-menezes\/\" \/>\n<meta property=\"og:site_name\" content=\"G\u00e1vea News\" \/>\n<meta property=\"article:publisher\" content=\"https:\/\/facebook.com\/gaveaNews\/\" \/>\n<meta property=\"article:published_time\" content=\"2025-03-31T02:05:42+00:00\" \/>\n<meta property=\"og:image\" content=\"https:\/\/www.gaveanews.com\/wp-content\/uploads\/Mano-Menezes-durante-Fluminense-x-Palmeiras-em-2024.webp\" \/>\n\t<meta property=\"og:image:width\" content=\"799\" \/>\n\t<meta property=\"og:image:height\" content=\"533\" \/>\n\t<meta property=\"og:image:type\" content=\"image\/jpeg\" \/>\n<meta name=\"author\" content=\"Hudson Pereira\" \/>\n<meta name=\"twitter:card\" content=\"summary_large_image\" \/>\n<meta name=\"twitter:label1\" content=\"Escrito por\" \/>\n\t<meta name=\"twitter:data1\" content=\"Hudson Pereira\" \/>\n\t<meta name=\"twitter:label2\" content=\"Est. tempo de leitura\" \/>\n\t<meta name=\"twitter:data2\" content=\"3 minutos\" \/>\n<script type=\"application\/ld+json\" class=\"yoast-schema-graph\">{\"@context\":\"https:\/\/schema.org\",\"@graph\":[{\"@type\":\"NewsArticle\",\"@id\":\"https:\/\/www.gaveanews.com\/index.php\/2025\/03\/30\/torcida-do-fluminense-aponta-substituto-ideal-para-mano-menezes\/#article\",\"isPartOf\":{\"@id\":\"https:\/\/www.gaveanews.com\/index.php\/2025\/03\/30\/torcida-do-fluminense-aponta-substituto-ideal-para-mano-menezes\/\"},\"author\":{\"name\":\"Hudson Pereira\",\"@id\":\"https:\/\/www.gaveanews.com\/#\/schema\/person\/bd08f00534b403119b92741a6d469ef0\"},\"headline\":\"Torcida do Fluminense aponta substituto ideal para Mano Menezes\",\"datePublished\":\"2025-03-31T02:05:42+00:00\",\"mainEntityOfPage\":{\"@id\":\"https:\/\/www.gaveanews.com\/index.php\/2025\/03\/30\/torcida-do-fluminense-aponta-substituto-ideal-para-mano-menezes\/\"},\"wordCount\":459,\"commentCount\":0,\"image\":{\"@id\":\"https:\/\/www.gaveanews.com\/index.php\/2025\/03\/30\/torcida-do-fluminense-aponta-substituto-ideal-para-mano-menezes\/#primaryimage\"},\"thumbnailUrl\":\"https:\/\/www.gaveanews.com\/wp-content\/uploads\/Mano-Menezes-durante-Fluminense-x-Palmeiras-em-2024.webp\",\"articleSection\":[\"Fluminense\"],\"inLanguage\":\"pt-BR\",\"potentialAction\":[{\"@type\":\"CommentAction\",\"name\":\"Comment\",\"target\":[\"https:\/\/www.gaveanews.com\/index.php\/2025\/03\/30\/torcida-do-fluminense-aponta-substituto-ideal-para-mano-menezes\/#respond\"]}],\"copyrightYear\":\"2025\",\"copyrightHolder\":{\"@id\":\"https:\/\/www.gaveanews.com\/#organization\"}},{\"@type\":\"WebPage\",\"@id\":\"https:\/\/www.gaveanews.com\/index.php\/2025\/03\/30\/torcida-do-fluminense-aponta-substituto-ideal-para-mano-menezes\/\",\"url\":\"https:\/\/www.gaveanews.com\/index.php\/2025\/03\/30\/torcida-do-fluminense-aponta-substituto-ideal-para-mano-menezes\/\",\"name\":\"Torcida do Fluminense aponta substituto ideal para Mano Menezes\",\"isPartOf\":{\"@id\":\"https:\/\/www.gaveanews.com\/#website\"},\"primaryImageOfPage\":{\"@id\":\"https:\/\/www.gaveanews.com\/index.php\/2025\/03\/30\/torcida-do-fluminense-aponta-substituto-ideal-para-mano-menezes\/#primaryimage\"},\"image\":{\"@id\":\"https:\/\/www.gaveanews.com\/index.php\/2025\/03\/30\/torcida-do-fluminense-aponta-substituto-ideal-para-mano-menezes\/#primaryimage\"},\"thumbnailUrl\":\"https:\/\/www.gaveanews.com\/wp-content\/uploads\/Mano-Menezes-durante-Fluminense-x-Palmeiras-em-2024.webp\",\"datePublished\":\"2025-03-31T02:05:42+00:00\",\"author\":{\"@id\":\"https:\/\/www.gaveanews.com\/#\/schema\/person\/bd08f00534b403119b92741a6d469ef0\"},\"breadcrumb\":{\"@id\":\"https:\/\/www.gaveanews.com\/index.php\/2025\/03\/30\/torcida-do-fluminense-aponta-substituto-ideal-para-mano-menezes\/#breadcrumb\"},\"inLanguage\":\"pt-BR\",\"potentialAction\":[{\"@type\":\"ReadAction\",\"target\":[\"https:\/\/www.gaveanews.com\/index.php\/2025\/03\/30\/torcida-do-fluminense-aponta-substituto-ideal-para-mano-menezes\/\"]}]},{\"@type\":\"ImageObject\",\"inLanguage\":\"pt-BR\",\"@id\":\"https:\/\/www.gaveanews.com\/index.php\/2025\/03\/30\/torcida-do-fluminense-aponta-substituto-ideal-para-mano-menezes\/#primaryimage\",\"url\":\"https:\/\/www.gaveanews.com\/wp-content\/uploads\/Mano-Menezes-durante-Fluminense-x-Palmeiras-em-2024.webp\",\"contentUrl\":\"https:\/\/www.gaveanews.com\/wp-content\/uploads\/Mano-Menezes-durante-Fluminense-x-Palmeiras-em-2024.webp\",\"width\":799,\"height\":533,\"caption\":\"Mano Menezes durante Fluminense x Palmeiras em 2024 (Foto: Lucas Mer\u00e7on \/ Fluminense F.C)\"},{\"@type\":\"BreadcrumbList\",\"@id\":\"https:\/\/www.gaveanews.com\/index.php\/2025\/03\/30\/torcida-do-fluminense-aponta-substituto-ideal-para-mano-menezes\/#breadcrumb\",\"itemListElement\":[{\"@type\":\"ListItem\",\"position\":1,\"name\":\"Home\",\"item\":\"https:\/\/www.gaveanews.com\/\"},{\"@type\":\"ListItem\",\"position\":2,\"name\":\"Torcida do Fluminense aponta substituto ideal para Mano Menezes\"}]},{\"@type\":\"WebSite\",\"@id\":\"https:\/\/www.gaveanews.com\/#website\",\"url\":\"https:\/\/www.gaveanews.com\/\",\"name\":\"G\u00e1vea News\",\"description\":\"Veja todas as not\u00edcias sobre o Flamengo: Contrata\u00e7\u00f5es, categorias de base, resultados das partidas, tabela de classifica\u00e7\u00e3o, pr\u00f3ximos jogos!\",\"potentialAction\":[{\"@type\":\"SearchAction\",\"target\":{\"@type\":\"EntryPoint\",\"urlTemplate\":\"https:\/\/www.gaveanews.com\/?s={search_term_string}\"},\"query-input\":{\"@type\":\"PropertyValueSpecification\",\"valueRequired\":true,\"valueName\":\"search_term_string\"}}],\"inLanguage\":\"pt-BR\"},{\"@type\":\"Person\",\"@id\":\"https:\/\/www.gaveanews.com\/#\/schema\/person\/bd08f00534b403119b92741a6d469ef0\",\"name\":\"Hudson Pereira\",\"image\":{\"@type\":\"ImageObject\",\"inLanguage\":\"pt-BR\",\"@id\":\"https:\/\/www.gaveanews.com\/#\/schema\/person\/image\/\",\"url\":\"https:\/\/secure.gravatar.com\/avatar\/ecc491b489e454e510efffc9b23c1052ce5fb4f2e05555768ba65819cd55f03e?s=96&d=mm&r=g\",\"contentUrl\":\"https:\/\/secure.gravatar.com\/avatar\/ecc491b489e454e510efffc9b23c1052ce5fb4f2e05555768ba65819cd55f03e?s=96&d=mm&r=g\",\"caption\":\"Hudson Pereira\"}}]}<\/script>\n<!-- \/ Yoast SEO Premium plugin. -->","yoast_head_json":{"title":"Torcida do Fluminense aponta substituto ideal para Mano Menezes","robots":{"index":"index","follow":"follow","max-snippet":"max-snippet:-1","max-image-preview":"max-image-preview:large","max-video-preview":"max-video-preview:-1"},"canonical":"https:\/\/www.gaveanews.com\/index.php\/2025\/03\/30\/torcida-do-fluminense-aponta-substituto-ideal-para-mano-menezes\/","og_locale":"pt_BR","og_type":"article","og_title":"Torcida do Fluminense aponta substituto ideal para Mano Menezes","og_description":"O Fluminense iniciou neste domingo a procura por um novo comandante t\u00e9cnico, logo ap\u00f3s oficializar a demiss\u00e3o de Mano Menezes. Enquanto a diretoria tricolor come\u00e7a a definir as caracter\u00edsticas desejadas para o sucessor, uma consulta popular revela prefer\u00eancias entre os adeptos. A decis\u00e3o de desligar Menezes ocorreu na madrugada de domingo, sucedendo a derrota por [&hellip;]","og_url":"https:\/\/www.gaveanews.com\/index.php\/2025\/03\/30\/torcida-do-fluminense-aponta-substituto-ideal-para-mano-menezes\/","og_site_name":"G\u00e1vea News","article_publisher":"https:\/\/facebook.com\/gaveaNews\/","article_published_time":"2025-03-31T02:05:42+00:00","og_image":[{"width":799,"height":533,"url":"https:\/\/www.gaveanews.com\/wp-content\/uploads\/Mano-Menezes-durante-Fluminense-x-Palmeiras-em-2024.webp","type":"image\/jpeg"}],"author":"Hudson Pereira","twitter_card":"summary_large_image","twitter_misc":{"Escrito por":"Hudson Pereira","Est. tempo de leitura":"3 minutos"},"schema":{"@context":"https:\/\/schema.org","@graph":[{"@type":"NewsArticle","@id":"https:\/\/www.gaveanews.com\/index.php\/2025\/03\/30\/torcida-do-fluminense-aponta-substituto-ideal-para-mano-menezes\/#article","isPartOf":{"@id":"https:\/\/www.gaveanews.com\/index.php\/2025\/03\/30\/torcida-do-fluminense-aponta-substituto-ideal-para-mano-menezes\/"},"author":{"name":"Hudson Pereira","@id":"https:\/\/www.gaveanews.com\/#\/schema\/person\/bd08f00534b403119b92741a6d469ef0"},"headline":"Torcida do Fluminense aponta substituto ideal para Mano Menezes","datePublished":"2025-03-31T02:05:42+00:00","mainEntityOfPage":{"@id":"https:\/\/www.gaveanews.com\/index.php\/2025\/03\/30\/torcida-do-fluminense-aponta-substituto-ideal-para-mano-menezes\/"},"wordCount":459,"commentCount":0,"image":{"@id":"https:\/\/www.gaveanews.com\/index.php\/2025\/03\/30\/torcida-do-fluminense-aponta-substituto-ideal-para-mano-menezes\/#primaryimage"},"thumbnailUrl":"https:\/\/www.gaveanews.com\/wp-content\/uploads\/Mano-Menezes-durante-Fluminense-x-Palmeiras-em-2024.webp","articleSection":["Fluminense"],"inLanguage":"pt-BR","potentialAction":[{"@type":"CommentAction","name":"Comment","target":["https:\/\/www.gaveanews.com\/index.php\/2025\/03\/30\/torcida-do-fluminense-aponta-substituto-ideal-para-mano-menezes\/#respond"]}],"copyrightYear":"2025","copyrightHolder":{"@id":"https:\/\/www.gaveanews.com\/#organization"}},{"@type":"WebPage","@id":"https:\/\/www.gaveanews.com\/index.php\/2025\/03\/30\/torcida-do-fluminense-aponta-substituto-ideal-para-mano-menezes\/","url":"https:\/\/www.gaveanews.com\/index.php\/2025\/03\/30\/torcida-do-fluminense-aponta-substituto-ideal-para-mano-menezes\/","name":"Torcida do Fluminense aponta substituto ideal para Mano Menezes","isPartOf":{"@id":"https:\/\/www.gaveanews.com\/#website"},"primaryImageOfPage":{"@id":"https:\/\/www.gaveanews.com\/index.php\/2025\/03\/30\/torcida-do-fluminense-aponta-substituto-ideal-para-mano-menezes\/#primaryimage"},"image":{"@id":"https:\/\/www.gaveanews.com\/index.php\/2025\/03\/30\/torcida-do-fluminense-aponta-substituto-ideal-para-mano-menezes\/#primaryimage"},"thumbnailUrl":"https:\/\/www.gaveanews.com\/wp-content\/uploads\/Mano-Menezes-durante-Fluminense-x-Palmeiras-em-2024.webp","datePublished":"2025-03-31T02:05:42+00:00","author":{"@id":"https:\/\/www.gaveanews.com\/#\/schema\/person\/bd08f00534b403119b92741a6d469ef0"},"breadcrumb":{"@id":"https:\/\/www.gaveanews.com\/index.php\/2025\/03\/30\/torcida-do-fluminense-aponta-substituto-ideal-para-mano-menezes\/#breadcrumb"},"inLanguage":"pt-BR","potentialAction":[{"@type":"ReadAction","target":["https:\/\/www.gaveanews.com\/index.php\/2025\/03\/30\/torcida-do-fluminense-aponta-substituto-ideal-para-mano-menezes\/"]}]},{"@type":"ImageObject","inLanguage":"pt-BR","@id":"https:\/\/www.gaveanews.com\/index.php\/2025\/03\/30\/torcida-do-fluminense-aponta-substituto-ideal-para-mano-menezes\/#primaryimage","url":"https:\/\/www.gaveanews.com\/wp-content\/uploads\/Mano-Menezes-durante-Fluminense-x-Palmeiras-em-2024.webp","contentUrl":"https:\/\/www.gaveanews.com\/wp-content\/uploads\/Mano-Menezes-durante-Fluminense-x-Palmeiras-em-2024.webp","width":799,"height":533,"caption":"Mano Menezes durante Fluminense x Palmeiras em 2024 (Foto: Lucas Mer\u00e7on \/ Fluminense F.C)"},{"@type":"BreadcrumbList","@id":"https:\/\/www.gaveanews.com\/index.php\/2025\/03\/30\/torcida-do-fluminense-aponta-substituto-ideal-para-mano-menezes\/#breadcrumb","itemListElement":[{"@type":"ListItem","position":1,"name":"Home","item":"https:\/\/www.gaveanews.com\/"},{"@type":"ListItem","position":2,"name":"Torcida do Fluminense aponta substituto ideal para Mano Menezes"}]},{"@type":"WebSite","@id":"https:\/\/www.gaveanews.com\/#website","url":"https:\/\/www.gaveanews.com\/","name":"G\u00e1vea News","description":"Veja todas as not\u00edcias sobre o Flamengo: Contrata\u00e7\u00f5es, categorias de base, resultados das partidas, tabela de classifica\u00e7\u00e3o, pr\u00f3ximos jogos!","potentialAction":[{"@type":"SearchAction","target":{"@type":"EntryPoint","urlTemplate":"https:\/\/www.gaveanews.com\/?s={search_term_string}"},"query-input":{"@type":"PropertyValueSpecification","valueRequired":true,"valueName":"search_term_string"}}],"inLanguage":"pt-BR"},{"@type":"Person","@id":"https:\/\/www.gaveanews.com\/#\/schema\/person\/bd08f00534b403119b92741a6d469ef0","name":"Hudson Pereira","image":{"@type":"ImageObject","inLanguage":"pt-BR","@id":"https:\/\/www.gaveanews.com\/#\/schema\/person\/image\/","url":"https:\/\/secure.gravatar.com\/avatar\/ecc491b489e454e510efffc9b23c1052ce5fb4f2e05555768ba65819cd55f03e?s=96&d=mm&r=g","contentUrl":"https:\/\/secure.gravatar.com\/avatar\/ecc491b489e454e510efffc9b23c1052ce5fb4f2e05555768ba65819cd55f03e?s=96&d=mm&r=g","caption":"Hudson Pereira"}}]}},"_links":{"self":[{"href":"https:\/\/www.gaveanews.com\/index.php\/wp-json\/wp\/v2\/posts\/246802","targetHints":{"allow":["GET"]}}],"collection":[{"href":"https:\/\/www.gaveanews.com\/index.php\/wp-json\/wp\/v2\/posts"}],"about":[{"href":"https:\/\/www.gaveanews.com\/index.php\/wp-json\/wp\/v2\/types\/post"}],"author":[{"embeddable":true,"href":"https:\/\/www.gaveanews.com\/index.php\/wp-json\/wp\/v2\/users\/28"}],"replies":[{"embeddable":true,"href":"https:\/\/www.gaveanews.com\/index.php\/wp-json\/wp\/v2\/comments?post=246802"}],"version-history":[{"count":2,"href":"https:\/\/www.gaveanews.com\/index.php\/wp-json\/wp\/v2\/posts\/246802\/revisions"}],"predecessor-version":[{"id":246813,"href":"https:\/\/www.gaveanews.com\/index.php\/wp-json\/wp\/v2\/posts\/246802\/revisions\/246813"}],"wp:featuredmedia":[{"embeddable":true,"href":"https:\/\/www.gaveanews.com\/index.php\/wp-json\/wp\/v2\/media\/154433"}],"wp:attachment":[{"href":"https:\/\/www.gaveanews.com\/index.php\/wp-json\/wp\/v2\/media?parent=246802"}],"wp:term":[{"taxonomy":"category","embeddable":true,"href":"https:\/\/www.gaveanews.com\/index.php\/wp-json\/wp\/v2\/categories?post=246802"},{"taxonomy":"post_tag","embeddable":true,"href":"https:\/\/www.gaveanews.com\/index.php\/wp-json\/wp\/v2\/tags?post=246802"}],"curies":[{"name":"wp","href":"https:\/\/api.w.org\/{rel}","templated":true}]}}