{"id":246811,"date":"2025-03-30T22:10:49","date_gmt":"2025-03-31T01:10:49","guid":{"rendered":"https:\/\/www.gaveanews.com\/?p=246811"},"modified":"2025-03-30T21:59:00","modified_gmt":"2025-03-31T00:59:00","slug":"veja-por-que-o-athletico-pr-liberou-mastriani-para-o-botafogo","status":"publish","type":"post","link":"https:\/\/www.gaveanews.com\/index.php\/2025\/03\/30\/veja-por-que-o-athletico-pr-liberou-mastriani-para-o-botafogo\/","title":{"rendered":"Veja por que o Athletico-PR liberou Mastriani para o Botafogo"},"content":{"rendered":"\n<h2 class=\"wp-block-heading\" id=\"h-atacante-foi-anunciado-pelo-time-carioca-nesta-semana\">Atacante foi anunciado pelo time carioca nesta semana <\/h2>\n\n\n\n<p>Na \u00faltima sexta-feira (28), o Botafogo anunciou a chegada do atacante Gonzalo Mastriani, que estava no Athletico-PR. O jogador assinou contrato com o Glorioso por empr\u00e9stimo at\u00e9 dezembro deste ano. Mas afinal, porque o clube paranaense liberou o uruguaio? <\/p>\n\n\n\n<p>A sa\u00edda de Mastriani se d\u00e1 por tr\u00eas motivos. O primeiro deles \u00e9 o alto sal\u00e1rio. O objetivo da diretoria do Athletico \u00e9 de reduzir a folha salarial para a disputa da S\u00e9rie B do Campeonato Brasileiro deste ano. Para isso, uma reformula\u00e7\u00e3o no elenco vem acontecendo desde a reta final de 2024. <\/p>\n\n\n\n<p>Mastriani era um dos poucos remanescentes de 2024 e possu\u00eda um dos maiores sal\u00e1rios do elenco. Sua negocia\u00e7\u00e3o com o Botafogo est\u00e1 alinhada \u00e0 estrat\u00e9gia de montar um time mais econ\u00f4mico para a disputa da segunda divis\u00e3o do Brasileir\u00e3o. <\/p>\n\n\n\n<p>Gonzalo Mastriani chegou no in\u00edcio de 2024, depois de se destacar pelo Am\u00e9rica-MG, e teve uma boa temporada. Foi titular na maior parte dos jogos e terminou como artilheiro do time, com 16 gols em 47 partidas. Mas, no fim do ano, precisou passar por uma cirurgia no joelho e ficou cerca de tr\u00eas meses se recuperando.<\/p>\n\n\n\n<p>Quando voltou este ano, ficou claro que o atacante ainda n\u00e3o estava no melhor ritmo. O jogador teve algumas chances, at\u00e9 como titular, mas n\u00e3o conseguiu render como antes. Com dificuldades para recuperar a forma f\u00edsica, foi perdendo espa\u00e7o com o t\u00e9cnico Maur\u00edcio Barbieri. No fim, foram sete jogos e nenhum gol marcado.<\/p>\n\n\n\n<p>Al\u00e9m de tudo isso, Mastriani e Maur\u00edcio Barbieri tiveram um desentendimento. Na ocasi\u00e3o, o atacante e o treinador tiveram uma discuss\u00e3o \u00e0 beira do campo na partida do Furac\u00e3o contra o\u00a0Guarany de Bag\u00e9, pela segunda fase da Copa do Brasil.<\/p>\n\n\n\n<p>Apesar do epis\u00f3dio ter sido minimizado, aquele momento marcou o come\u00e7o do fim da trajet\u00f3ria de Mastriani no Athletico. Ele n\u00e3o foi utilizado no jogo seguinte contra o Maring\u00e1, pela semifinal do Paranaense, e na partida de volta, entrou em campo por apenas 16 minutos na derrota por 3 a 0, que selou a elimina\u00e7\u00e3o do time. Aquela foi sua despedida com a camisa do Furac\u00e3o. <\/p>\n","protected":false},"excerpt":{"rendered":"<p>Atacante foi anunciado pelo time carioca nesta semana Na \u00faltima sexta-feira (28), o Botafogo anunciou a chegada do atacante Gonzalo Mastriani, que estava no Athletico-PR. O jogador assinou contrato com o Glorioso por empr\u00e9stimo at\u00e9 dezembro deste ano. Mas afinal, porque o clube paranaense liberou o uruguaio? A sa\u00edda de Mastriani se d\u00e1 por tr\u00eas [&hellip;]<\/p>\n","protected":false},"author":21,"featured_media":167061,"comment_status":"open","ping_status":"closed","sticky":false,"template":"","format":"standard","meta":{"footnotes":""},"categories":[134,138],"tags":[],"class_list":["post-246811","post","type-post","status-publish","format-standard","has-post-thumbnail","hentry","category-athletico-pr","category-botafogo"],"yoast_head":"<!-- This site is optimized with the Yoast SEO Premium plugin v24.2 (Yoast SEO v26.9) - https:\/\/yoast.com\/product\/yoast-seo-premium-wordpress\/ -->\n<title>Veja por que o Athletico-PR liberou Mastriani para o Botafogo<\/title>\n<meta name=\"robots\" content=\"index, follow, max-snippet:-1, max-image-preview:large, max-video-preview:-1\" \/>\n<link rel=\"canonical\" href=\"https:\/\/www.gaveanews.com\/index.php\/2025\/03\/30\/veja-por-que-o-athletico-pr-liberou-mastriani-para-o-botafogo\/\" \/>\n<meta property=\"og:locale\" content=\"pt_BR\" \/>\n<meta property=\"og:type\" content=\"article\" \/>\n<meta property=\"og:title\" content=\"Veja por que o Athletico-PR liberou Mastriani para o Botafogo\" \/>\n<meta property=\"og:description\" content=\"Atacante foi anunciado pelo time carioca nesta semana Na \u00faltima sexta-feira (28), o Botafogo anunciou a chegada do atacante Gonzalo Mastriani, que estava no Athletico-PR. O jogador assinou contrato com o Glorioso por empr\u00e9stimo at\u00e9 dezembro deste ano. Mas afinal, porque o clube paranaense liberou o uruguaio? A sa\u00edda de Mastriani se d\u00e1 por tr\u00eas [&hellip;]\" \/>\n<meta property=\"og:url\" content=\"https:\/\/www.gaveanews.com\/index.php\/2025\/03\/30\/veja-por-que-o-athletico-pr-liberou-mastriani-para-o-botafogo\/\" \/>\n<meta property=\"og:site_name\" content=\"G\u00e1vea News\" \/>\n<meta property=\"article:publisher\" content=\"https:\/\/facebook.com\/gaveaNews\/\" \/>\n<meta property=\"article:published_time\" content=\"2025-03-31T01:10:49+00:00\" \/>\n<meta property=\"og:image\" content=\"https:\/\/www.gaveanews.com\/wp-content\/uploads\/Mastriani-em-acao-pelo-Athletico-PR.webp\" \/>\n\t<meta property=\"og:image:width\" content=\"901\" \/>\n\t<meta property=\"og:image:height\" content=\"532\" \/>\n\t<meta property=\"og:image:type\" content=\"image\/jpeg\" \/>\n<meta name=\"author\" content=\"Andr\u00e9 Serra\" \/>\n<meta name=\"twitter:card\" content=\"summary_large_image\" \/>\n<meta name=\"twitter:label1\" content=\"Escrito por\" \/>\n\t<meta name=\"twitter:data1\" content=\"Andr\u00e9 Serra\" \/>\n\t<meta name=\"twitter:label2\" content=\"Est. tempo de leitura\" \/>\n\t<meta name=\"twitter:data2\" content=\"3 minutos\" \/>\n<script type=\"application\/ld+json\" class=\"yoast-schema-graph\">{\"@context\":\"https:\/\/schema.org\",\"@graph\":[{\"@type\":\"NewsArticle\",\"@id\":\"https:\/\/www.gaveanews.com\/index.php\/2025\/03\/30\/veja-por-que-o-athletico-pr-liberou-mastriani-para-o-botafogo\/#article\",\"isPartOf\":{\"@id\":\"https:\/\/www.gaveanews.com\/index.php\/2025\/03\/30\/veja-por-que-o-athletico-pr-liberou-mastriani-para-o-botafogo\/\"},\"author\":{\"name\":\"Andr\u00e9 Serra\",\"@id\":\"https:\/\/www.gaveanews.com\/#\/schema\/person\/0277a79a1289c451c281ec0411d84f0c\"},\"headline\":\"Veja por que o Athletico-PR liberou Mastriani para o Botafogo\",\"datePublished\":\"2025-03-31T01:10:49+00:00\",\"mainEntityOfPage\":{\"@id\":\"https:\/\/www.gaveanews.com\/index.php\/2025\/03\/30\/veja-por-que-o-athletico-pr-liberou-mastriani-para-o-botafogo\/\"},\"wordCount\":386,\"commentCount\":0,\"image\":{\"@id\":\"https:\/\/www.gaveanews.com\/index.php\/2025\/03\/30\/veja-por-que-o-athletico-pr-liberou-mastriani-para-o-botafogo\/#primaryimage\"},\"thumbnailUrl\":\"https:\/\/www.gaveanews.com\/wp-content\/uploads\/Mastriani-em-acao-pelo-Athletico-PR.webp\",\"articleSection\":[\"Athletico-PR\",\"Botafogo\"],\"inLanguage\":\"pt-BR\",\"potentialAction\":[{\"@type\":\"CommentAction\",\"name\":\"Comment\",\"target\":[\"https:\/\/www.gaveanews.com\/index.php\/2025\/03\/30\/veja-por-que-o-athletico-pr-liberou-mastriani-para-o-botafogo\/#respond\"]}],\"copyrightYear\":\"2025\",\"copyrightHolder\":{\"@id\":\"https:\/\/www.gaveanews.com\/#organization\"}},{\"@type\":\"WebPage\",\"@id\":\"https:\/\/www.gaveanews.com\/index.php\/2025\/03\/30\/veja-por-que-o-athletico-pr-liberou-mastriani-para-o-botafogo\/\",\"url\":\"https:\/\/www.gaveanews.com\/index.php\/2025\/03\/30\/veja-por-que-o-athletico-pr-liberou-mastriani-para-o-botafogo\/\",\"name\":\"Veja por que o Athletico-PR liberou Mastriani para o Botafogo\",\"isPartOf\":{\"@id\":\"https:\/\/www.gaveanews.com\/#website\"},\"primaryImageOfPage\":{\"@id\":\"https:\/\/www.gaveanews.com\/index.php\/2025\/03\/30\/veja-por-que-o-athletico-pr-liberou-mastriani-para-o-botafogo\/#primaryimage\"},\"image\":{\"@id\":\"https:\/\/www.gaveanews.com\/index.php\/2025\/03\/30\/veja-por-que-o-athletico-pr-liberou-mastriani-para-o-botafogo\/#primaryimage\"},\"thumbnailUrl\":\"https:\/\/www.gaveanews.com\/wp-content\/uploads\/Mastriani-em-acao-pelo-Athletico-PR.webp\",\"datePublished\":\"2025-03-31T01:10:49+00:00\",\"author\":{\"@id\":\"https:\/\/www.gaveanews.com\/#\/schema\/person\/0277a79a1289c451c281ec0411d84f0c\"},\"breadcrumb\":{\"@id\":\"https:\/\/www.gaveanews.com\/index.php\/2025\/03\/30\/veja-por-que-o-athletico-pr-liberou-mastriani-para-o-botafogo\/#breadcrumb\"},\"inLanguage\":\"pt-BR\",\"potentialAction\":[{\"@type\":\"ReadAction\",\"target\":[\"https:\/\/www.gaveanews.com\/index.php\/2025\/03\/30\/veja-por-que-o-athletico-pr-liberou-mastriani-para-o-botafogo\/\"]}]},{\"@type\":\"ImageObject\",\"inLanguage\":\"pt-BR\",\"@id\":\"https:\/\/www.gaveanews.com\/index.php\/2025\/03\/30\/veja-por-que-o-athletico-pr-liberou-mastriani-para-o-botafogo\/#primaryimage\",\"url\":\"https:\/\/www.gaveanews.com\/wp-content\/uploads\/Mastriani-em-acao-pelo-Athletico-PR.webp\",\"contentUrl\":\"https:\/\/www.gaveanews.com\/wp-content\/uploads\/Mastriani-em-acao-pelo-Athletico-PR.webp\",\"width\":901,\"height\":532,\"caption\":\"Mastriani em a\u00e7\u00e3o pelo Athletico-PR (Foto: Jos\u00e9 Tramontin\/Athletico-PR)\"},{\"@type\":\"BreadcrumbList\",\"@id\":\"https:\/\/www.gaveanews.com\/index.php\/2025\/03\/30\/veja-por-que-o-athletico-pr-liberou-mastriani-para-o-botafogo\/#breadcrumb\",\"itemListElement\":[{\"@type\":\"ListItem\",\"position\":1,\"name\":\"Home\",\"item\":\"https:\/\/www.gaveanews.com\/\"},{\"@type\":\"ListItem\",\"position\":2,\"name\":\"Veja por que o Athletico-PR liberou Mastriani para o Botafogo\"}]},{\"@type\":\"WebSite\",\"@id\":\"https:\/\/www.gaveanews.com\/#website\",\"url\":\"https:\/\/www.gaveanews.com\/\",\"name\":\"G\u00e1vea News\",\"description\":\"Veja todas as not\u00edcias sobre o Flamengo: Contrata\u00e7\u00f5es, categorias de base, resultados das partidas, tabela de classifica\u00e7\u00e3o, pr\u00f3ximos jogos!\",\"potentialAction\":[{\"@type\":\"SearchAction\",\"target\":{\"@type\":\"EntryPoint\",\"urlTemplate\":\"https:\/\/www.gaveanews.com\/?s={search_term_string}\"},\"query-input\":{\"@type\":\"PropertyValueSpecification\",\"valueRequired\":true,\"valueName\":\"search_term_string\"}}],\"inLanguage\":\"pt-BR\"},{\"@type\":\"Person\",\"@id\":\"https:\/\/www.gaveanews.com\/#\/schema\/person\/0277a79a1289c451c281ec0411d84f0c\",\"name\":\"Andr\u00e9 Serra\",\"image\":{\"@type\":\"ImageObject\",\"inLanguage\":\"pt-BR\",\"@id\":\"https:\/\/www.gaveanews.com\/#\/schema\/person\/image\/\",\"url\":\"https:\/\/secure.gravatar.com\/avatar\/d7231369fe48db93292b3e88eb2162dbd9a34a47a8437d9ef3bcaca2a86a83d7?s=96&d=mm&r=g\",\"contentUrl\":\"https:\/\/secure.gravatar.com\/avatar\/d7231369fe48db93292b3e88eb2162dbd9a34a47a8437d9ef3bcaca2a86a83d7?s=96&d=mm&r=g\",\"caption\":\"Andr\u00e9 Serra\"}}]}<\/script>\n<!-- \/ Yoast SEO Premium plugin. -->","yoast_head_json":{"title":"Veja por que o Athletico-PR liberou Mastriani para o Botafogo","robots":{"index":"index","follow":"follow","max-snippet":"max-snippet:-1","max-image-preview":"max-image-preview:large","max-video-preview":"max-video-preview:-1"},"canonical":"https:\/\/www.gaveanews.com\/index.php\/2025\/03\/30\/veja-por-que-o-athletico-pr-liberou-mastriani-para-o-botafogo\/","og_locale":"pt_BR","og_type":"article","og_title":"Veja por que o Athletico-PR liberou Mastriani para o Botafogo","og_description":"Atacante foi anunciado pelo time carioca nesta semana Na \u00faltima sexta-feira (28), o Botafogo anunciou a chegada do atacante Gonzalo Mastriani, que estava no Athletico-PR. O jogador assinou contrato com o Glorioso por empr\u00e9stimo at\u00e9 dezembro deste ano. Mas afinal, porque o clube paranaense liberou o uruguaio? A sa\u00edda de Mastriani se d\u00e1 por tr\u00eas [&hellip;]","og_url":"https:\/\/www.gaveanews.com\/index.php\/2025\/03\/30\/veja-por-que-o-athletico-pr-liberou-mastriani-para-o-botafogo\/","og_site_name":"G\u00e1vea News","article_publisher":"https:\/\/facebook.com\/gaveaNews\/","article_published_time":"2025-03-31T01:10:49+00:00","og_image":[{"width":901,"height":532,"url":"https:\/\/www.gaveanews.com\/wp-content\/uploads\/Mastriani-em-acao-pelo-Athletico-PR.webp","type":"image\/jpeg"}],"author":"Andr\u00e9 Serra","twitter_card":"summary_large_image","twitter_misc":{"Escrito por":"Andr\u00e9 Serra","Est. tempo de leitura":"3 minutos"},"schema":{"@context":"https:\/\/schema.org","@graph":[{"@type":"NewsArticle","@id":"https:\/\/www.gaveanews.com\/index.php\/2025\/03\/30\/veja-por-que-o-athletico-pr-liberou-mastriani-para-o-botafogo\/#article","isPartOf":{"@id":"https:\/\/www.gaveanews.com\/index.php\/2025\/03\/30\/veja-por-que-o-athletico-pr-liberou-mastriani-para-o-botafogo\/"},"author":{"name":"Andr\u00e9 Serra","@id":"https:\/\/www.gaveanews.com\/#\/schema\/person\/0277a79a1289c451c281ec0411d84f0c"},"headline":"Veja por que o Athletico-PR liberou Mastriani para o Botafogo","datePublished":"2025-03-31T01:10:49+00:00","mainEntityOfPage":{"@id":"https:\/\/www.gaveanews.com\/index.php\/2025\/03\/30\/veja-por-que-o-athletico-pr-liberou-mastriani-para-o-botafogo\/"},"wordCount":386,"commentCount":0,"image":{"@id":"https:\/\/www.gaveanews.com\/index.php\/2025\/03\/30\/veja-por-que-o-athletico-pr-liberou-mastriani-para-o-botafogo\/#primaryimage"},"thumbnailUrl":"https:\/\/www.gaveanews.com\/wp-content\/uploads\/Mastriani-em-acao-pelo-Athletico-PR.webp","articleSection":["Athletico-PR","Botafogo"],"inLanguage":"pt-BR","potentialAction":[{"@type":"CommentAction","name":"Comment","target":["https:\/\/www.gaveanews.com\/index.php\/2025\/03\/30\/veja-por-que-o-athletico-pr-liberou-mastriani-para-o-botafogo\/#respond"]}],"copyrightYear":"2025","copyrightHolder":{"@id":"https:\/\/www.gaveanews.com\/#organization"}},{"@type":"WebPage","@id":"https:\/\/www.gaveanews.com\/index.php\/2025\/03\/30\/veja-por-que-o-athletico-pr-liberou-mastriani-para-o-botafogo\/","url":"https:\/\/www.gaveanews.com\/index.php\/2025\/03\/30\/veja-por-que-o-athletico-pr-liberou-mastriani-para-o-botafogo\/","name":"Veja por que o Athletico-PR liberou Mastriani para o Botafogo","isPartOf":{"@id":"https:\/\/www.gaveanews.com\/#website"},"primaryImageOfPage":{"@id":"https:\/\/www.gaveanews.com\/index.php\/2025\/03\/30\/veja-por-que-o-athletico-pr-liberou-mastriani-para-o-botafogo\/#primaryimage"},"image":{"@id":"https:\/\/www.gaveanews.com\/index.php\/2025\/03\/30\/veja-por-que-o-athletico-pr-liberou-mastriani-para-o-botafogo\/#primaryimage"},"thumbnailUrl":"https:\/\/www.gaveanews.com\/wp-content\/uploads\/Mastriani-em-acao-pelo-Athletico-PR.webp","datePublished":"2025-03-31T01:10:49+00:00","author":{"@id":"https:\/\/www.gaveanews.com\/#\/schema\/person\/0277a79a1289c451c281ec0411d84f0c"},"breadcrumb":{"@id":"https:\/\/www.gaveanews.com\/index.php\/2025\/03\/30\/veja-por-que-o-athletico-pr-liberou-mastriani-para-o-botafogo\/#breadcrumb"},"inLanguage":"pt-BR","potentialAction":[{"@type":"ReadAction","target":["https:\/\/www.gaveanews.com\/index.php\/2025\/03\/30\/veja-por-que-o-athletico-pr-liberou-mastriani-para-o-botafogo\/"]}]},{"@type":"ImageObject","inLanguage":"pt-BR","@id":"https:\/\/www.gaveanews.com\/index.php\/2025\/03\/30\/veja-por-que-o-athletico-pr-liberou-mastriani-para-o-botafogo\/#primaryimage","url":"https:\/\/www.gaveanews.com\/wp-content\/uploads\/Mastriani-em-acao-pelo-Athletico-PR.webp","contentUrl":"https:\/\/www.gaveanews.com\/wp-content\/uploads\/Mastriani-em-acao-pelo-Athletico-PR.webp","width":901,"height":532,"caption":"Mastriani em a\u00e7\u00e3o pelo Athletico-PR (Foto: Jos\u00e9 Tramontin\/Athletico-PR)"},{"@type":"BreadcrumbList","@id":"https:\/\/www.gaveanews.com\/index.php\/2025\/03\/30\/veja-por-que-o-athletico-pr-liberou-mastriani-para-o-botafogo\/#breadcrumb","itemListElement":[{"@type":"ListItem","position":1,"name":"Home","item":"https:\/\/www.gaveanews.com\/"},{"@type":"ListItem","position":2,"name":"Veja por que o Athletico-PR liberou Mastriani para o Botafogo"}]},{"@type":"WebSite","@id":"https:\/\/www.gaveanews.com\/#website","url":"https:\/\/www.gaveanews.com\/","name":"G\u00e1vea News","description":"Veja todas as not\u00edcias sobre o Flamengo: Contrata\u00e7\u00f5es, categorias de base, resultados das partidas, tabela de classifica\u00e7\u00e3o, pr\u00f3ximos jogos!","potentialAction":[{"@type":"SearchAction","target":{"@type":"EntryPoint","urlTemplate":"https:\/\/www.gaveanews.com\/?s={search_term_string}"},"query-input":{"@type":"PropertyValueSpecification","valueRequired":true,"valueName":"search_term_string"}}],"inLanguage":"pt-BR"},{"@type":"Person","@id":"https:\/\/www.gaveanews.com\/#\/schema\/person\/0277a79a1289c451c281ec0411d84f0c","name":"Andr\u00e9 Serra","image":{"@type":"ImageObject","inLanguage":"pt-BR","@id":"https:\/\/www.gaveanews.com\/#\/schema\/person\/image\/","url":"https:\/\/secure.gravatar.com\/avatar\/d7231369fe48db93292b3e88eb2162dbd9a34a47a8437d9ef3bcaca2a86a83d7?s=96&d=mm&r=g","contentUrl":"https:\/\/secure.gravatar.com\/avatar\/d7231369fe48db93292b3e88eb2162dbd9a34a47a8437d9ef3bcaca2a86a83d7?s=96&d=mm&r=g","caption":"Andr\u00e9 Serra"}}]}},"_links":{"self":[{"href":"https:\/\/www.gaveanews.com\/index.php\/wp-json\/wp\/v2\/posts\/246811","targetHints":{"allow":["GET"]}}],"collection":[{"href":"https:\/\/www.gaveanews.com\/index.php\/wp-json\/wp\/v2\/posts"}],"about":[{"href":"https:\/\/www.gaveanews.com\/index.php\/wp-json\/wp\/v2\/types\/post"}],"author":[{"embeddable":true,"href":"https:\/\/www.gaveanews.com\/index.php\/wp-json\/wp\/v2\/users\/21"}],"replies":[{"embeddable":true,"href":"https:\/\/www.gaveanews.com\/index.php\/wp-json\/wp\/v2\/comments?post=246811"}],"version-history":[{"count":1,"href":"https:\/\/www.gaveanews.com\/index.php\/wp-json\/wp\/v2\/posts\/246811\/revisions"}],"predecessor-version":[{"id":246817,"href":"https:\/\/www.gaveanews.com\/index.php\/wp-json\/wp\/v2\/posts\/246811\/revisions\/246817"}],"wp:featuredmedia":[{"embeddable":true,"href":"https:\/\/www.gaveanews.com\/index.php\/wp-json\/wp\/v2\/media\/167061"}],"wp:attachment":[{"href":"https:\/\/www.gaveanews.com\/index.php\/wp-json\/wp\/v2\/media?parent=246811"}],"wp:term":[{"taxonomy":"category","embeddable":true,"href":"https:\/\/www.gaveanews.com\/index.php\/wp-json\/wp\/v2\/categories?post=246811"},{"taxonomy":"post_tag","embeddable":true,"href":"https:\/\/www.gaveanews.com\/index.php\/wp-json\/wp\/v2\/tags?post=246811"}],"curies":[{"name":"wp","href":"https:\/\/api.w.org\/{rel}","templated":true}]}}