{"id":246821,"date":"2025-03-30T23:20:23","date_gmt":"2025-03-31T02:20:23","guid":{"rendered":"https:\/\/www.gaveanews.com\/?p=246821"},"modified":"2025-03-30T21:59:48","modified_gmt":"2025-03-31T00:59:48","slug":"video-a-declaracao-de-ramon-diaz-direcionada-a-hugo-souza-do-corinthians","status":"publish","type":"post","link":"https:\/\/www.gaveanews.com\/index.php\/2025\/03\/30\/video-a-declaracao-de-ramon-diaz-direcionada-a-hugo-souza-do-corinthians\/","title":{"rendered":"V\u00eddeo: a declara\u00e7\u00e3o de Ram\u00f3n D\u00edaz direcionada a Hugo Souza, do Corinthians"},"content":{"rendered":"\n<h2 class=\"wp-block-heading\" id=\"h-se-transformou-em\">&#8220;Se transformou em&#8230;&#8221;<\/h2>\n\n\n\n<p>Na \u00faltima quinta-feira (27), o Corinthians se sagrou o campe\u00e3o do Campeonato Paulista de 2025, ao superar o Palmeiras. No Allianz Parque, o Tim\u00e3o venceu por 1 a 0, e na Neo Qu\u00edmica Arena empatou pelo placar de 0 a 0. <\/p>\n\n\n\n<p>O 31\u00b0 t\u00edtulo do Corinthians se deu muito por conta do goleiro Hugo Souza, que defendeu uma cobran\u00e7a de p\u00eanalti do meia Raphael Veiga, j\u00e1 no segundo tempo da partida. Em evento realizado pela FPF (Federa\u00e7\u00e3o Paulista de Futebol) para entregar premia\u00e7\u00f5es aos atletas e t\u00e9cnico, Ram\u00f3n D\u00edaz elogiou Hugo.<\/p>\n\n\n\n<p>O t\u00e9cnico Ram\u00f3n D\u00edaz conversou com a equipe de reportagem da TNT Sports e rasgou elogios ao goleiro Hugo Souza. Para o treinador argentino, Hugo &#8220;se transformou em um \u00eddolo do Corinthians&#8221;. <\/p>\n\n\n\n<p>&#8220;Chegou h\u00e1 tr\u00eas dias e foi titular.\u00a0Ele tem muita capacidade, veio de um time grande,\u00a0queria demonstrar seu valor, sua capacidade,\u00a0e n\u00f3s o trabalhamos.\u00a0Ele \u00e9 um vencedor,\u00a0demonstrou n\u00e3o s\u00f3 nesta partida, mas na anterior,\u00a0e em muitas partidas. Ent\u00e3o a gente se transformou em um \u00eddolo do Corinthians.\u00a0Ent\u00e3o, esperamos que continue com essa mentalidade vencedora\u00a0por muitos anos&#8221;, disse Ram\u00f3n D\u00edaz. <\/p>\n\n\n\n<p>Hugo Souza chegou ao Corinthians no come\u00e7o de julho do ano passado. De in\u00edcio, o goleiro chegou ao clube alvinegro por empr\u00e9stimo de seis meses, com o Tim\u00e3o desembolsando R$ 1 milh\u00e3o ao Flamengo, clube que tinha os direitos econ\u00f4micos do arqueiro. <\/p>\n\n\n\n<p>Ap\u00f3s grande destaque dentro de campo e mostrar lideran\u00e7a no vesti\u00e1rio, o Corinthians acertou a compra em definitivo de Hugo por 800 mil euros (R$ 4,8 milh\u00f5es na cota\u00e7\u00e3o da \u00e9poca) em 26 de novembro. No total, o Tim\u00e3o investiu R$ 7,3 milh\u00f5es para adquirir 50% dos direitos econ\u00f4micos de Hugo Souza. Esse valor inclui R$ 1 milh\u00e3o pelo empr\u00e9stimo, R$ 1,5 milh\u00e3o pelo pagamento de tr\u00eas multas referentes aos jogos em que ele enfrentou o Flamengo durante o per\u00edodo emprestado e R$ 4,8 milh\u00f5es pela sua perman\u00eancia de forma definitiva. <\/p>\n\n\n","protected":false},"excerpt":{"rendered":"<p>&#8220;Se transformou em&#8230;&#8221; Na \u00faltima quinta-feira (27), o Corinthians se sagrou o campe\u00e3o do Campeonato Paulista de 2025, ao superar o Palmeiras. No Allianz Parque, o Tim\u00e3o venceu por 1 a 0, e na Neo Qu\u00edmica Arena empatou pelo placar de 0 a 0. O 31\u00b0 t\u00edtulo do Corinthians se deu muito por conta do [&hellip;]<\/p>\n","protected":false},"author":21,"featured_media":155879,"comment_status":"open","ping_status":"closed","sticky":false,"template":"","format":"standard","meta":{"footnotes":""},"categories":[141],"tags":[],"class_list":["post-246821","post","type-post","status-publish","format-standard","has-post-thumbnail","hentry","category-corinthians"],"yoast_head":"<!-- This site is optimized with the Yoast SEO Premium plugin v24.2 (Yoast SEO v26.9) - https:\/\/yoast.com\/product\/yoast-seo-premium-wordpress\/ -->\n<title>V\u00eddeo: a declara\u00e7\u00e3o de Ram\u00f3n D\u00edaz direcionada a Hugo Souza, do Corinthians<\/title>\n<meta name=\"robots\" content=\"index, follow, max-snippet:-1, max-image-preview:large, max-video-preview:-1\" \/>\n<link rel=\"canonical\" href=\"https:\/\/www.gaveanews.com\/index.php\/2025\/03\/30\/video-a-declaracao-de-ramon-diaz-direcionada-a-hugo-souza-do-corinthians\/\" \/>\n<meta property=\"og:locale\" content=\"pt_BR\" \/>\n<meta property=\"og:type\" content=\"article\" \/>\n<meta property=\"og:title\" content=\"V\u00eddeo: a declara\u00e7\u00e3o de Ram\u00f3n D\u00edaz direcionada a Hugo Souza, do Corinthians\" \/>\n<meta property=\"og:description\" content=\"&#8220;Se transformou em&#8230;&#8221; Na \u00faltima quinta-feira (27), o Corinthians se sagrou o campe\u00e3o do Campeonato Paulista de 2025, ao superar o Palmeiras. No Allianz Parque, o Tim\u00e3o venceu por 1 a 0, e na Neo Qu\u00edmica Arena empatou pelo placar de 0 a 0. O 31\u00b0 t\u00edtulo do Corinthians se deu muito por conta do [&hellip;]\" \/>\n<meta property=\"og:url\" content=\"https:\/\/www.gaveanews.com\/index.php\/2025\/03\/30\/video-a-declaracao-de-ramon-diaz-direcionada-a-hugo-souza-do-corinthians\/\" \/>\n<meta property=\"og:site_name\" content=\"G\u00e1vea News\" \/>\n<meta property=\"article:publisher\" content=\"https:\/\/facebook.com\/gaveaNews\/\" \/>\n<meta property=\"article:published_time\" content=\"2025-03-31T02:20:23+00:00\" \/>\n<meta property=\"og:image\" content=\"https:\/\/www.gaveanews.com\/wp-content\/uploads\/IMG_0346-768x458-1.webp\" \/>\n\t<meta property=\"og:image:width\" content=\"768\" \/>\n\t<meta property=\"og:image:height\" content=\"458\" \/>\n\t<meta property=\"og:image:type\" content=\"image\/webp\" \/>\n<meta name=\"author\" content=\"Andr\u00e9 Serra\" \/>\n<meta name=\"twitter:card\" content=\"summary_large_image\" \/>\n<meta name=\"twitter:label1\" content=\"Escrito por\" \/>\n\t<meta name=\"twitter:data1\" content=\"Andr\u00e9 Serra\" \/>\n\t<meta name=\"twitter:label2\" content=\"Est. tempo de leitura\" \/>\n\t<meta name=\"twitter:data2\" content=\"2 minutos\" \/>\n<script type=\"application\/ld+json\" class=\"yoast-schema-graph\">{\"@context\":\"https:\/\/schema.org\",\"@graph\":[{\"@type\":\"NewsArticle\",\"@id\":\"https:\/\/www.gaveanews.com\/index.php\/2025\/03\/30\/video-a-declaracao-de-ramon-diaz-direcionada-a-hugo-souza-do-corinthians\/#article\",\"isPartOf\":{\"@id\":\"https:\/\/www.gaveanews.com\/index.php\/2025\/03\/30\/video-a-declaracao-de-ramon-diaz-direcionada-a-hugo-souza-do-corinthians\/\"},\"author\":{\"name\":\"Andr\u00e9 Serra\",\"@id\":\"https:\/\/www.gaveanews.com\/#\/schema\/person\/0277a79a1289c451c281ec0411d84f0c\"},\"headline\":\"V\u00eddeo: a declara\u00e7\u00e3o de Ram\u00f3n D\u00edaz direcionada a Hugo Souza, do Corinthians\",\"datePublished\":\"2025-03-31T02:20:23+00:00\",\"mainEntityOfPage\":{\"@id\":\"https:\/\/www.gaveanews.com\/index.php\/2025\/03\/30\/video-a-declaracao-de-ramon-diaz-direcionada-a-hugo-souza-do-corinthians\/\"},\"wordCount\":366,\"commentCount\":0,\"image\":{\"@id\":\"https:\/\/www.gaveanews.com\/index.php\/2025\/03\/30\/video-a-declaracao-de-ramon-diaz-direcionada-a-hugo-souza-do-corinthians\/#primaryimage\"},\"thumbnailUrl\":\"https:\/\/www.gaveanews.com\/wp-content\/uploads\/IMG_0346-768x458-1.webp\",\"articleSection\":[\"Corinthians\"],\"inLanguage\":\"pt-BR\",\"potentialAction\":[{\"@type\":\"CommentAction\",\"name\":\"Comment\",\"target\":[\"https:\/\/www.gaveanews.com\/index.php\/2025\/03\/30\/video-a-declaracao-de-ramon-diaz-direcionada-a-hugo-souza-do-corinthians\/#respond\"]}],\"copyrightYear\":\"2025\",\"copyrightHolder\":{\"@id\":\"https:\/\/www.gaveanews.com\/#organization\"}},{\"@type\":\"WebPage\",\"@id\":\"https:\/\/www.gaveanews.com\/index.php\/2025\/03\/30\/video-a-declaracao-de-ramon-diaz-direcionada-a-hugo-souza-do-corinthians\/\",\"url\":\"https:\/\/www.gaveanews.com\/index.php\/2025\/03\/30\/video-a-declaracao-de-ramon-diaz-direcionada-a-hugo-souza-do-corinthians\/\",\"name\":\"V\u00eddeo: a declara\u00e7\u00e3o de Ram\u00f3n D\u00edaz direcionada a Hugo Souza, do Corinthians\",\"isPartOf\":{\"@id\":\"https:\/\/www.gaveanews.com\/#website\"},\"primaryImageOfPage\":{\"@id\":\"https:\/\/www.gaveanews.com\/index.php\/2025\/03\/30\/video-a-declaracao-de-ramon-diaz-direcionada-a-hugo-souza-do-corinthians\/#primaryimage\"},\"image\":{\"@id\":\"https:\/\/www.gaveanews.com\/index.php\/2025\/03\/30\/video-a-declaracao-de-ramon-diaz-direcionada-a-hugo-souza-do-corinthians\/#primaryimage\"},\"thumbnailUrl\":\"https:\/\/www.gaveanews.com\/wp-content\/uploads\/IMG_0346-768x458-1.webp\",\"datePublished\":\"2025-03-31T02:20:23+00:00\",\"author\":{\"@id\":\"https:\/\/www.gaveanews.com\/#\/schema\/person\/0277a79a1289c451c281ec0411d84f0c\"},\"breadcrumb\":{\"@id\":\"https:\/\/www.gaveanews.com\/index.php\/2025\/03\/30\/video-a-declaracao-de-ramon-diaz-direcionada-a-hugo-souza-do-corinthians\/#breadcrumb\"},\"inLanguage\":\"pt-BR\",\"potentialAction\":[{\"@type\":\"ReadAction\",\"target\":[\"https:\/\/www.gaveanews.com\/index.php\/2025\/03\/30\/video-a-declaracao-de-ramon-diaz-direcionada-a-hugo-souza-do-corinthians\/\"]}]},{\"@type\":\"ImageObject\",\"inLanguage\":\"pt-BR\",\"@id\":\"https:\/\/www.gaveanews.com\/index.php\/2025\/03\/30\/video-a-declaracao-de-ramon-diaz-direcionada-a-hugo-souza-do-corinthians\/#primaryimage\",\"url\":\"https:\/\/www.gaveanews.com\/wp-content\/uploads\/IMG_0346-768x458-1.webp\",\"contentUrl\":\"https:\/\/www.gaveanews.com\/wp-content\/uploads\/IMG_0346-768x458-1.webp\",\"width\":768,\"height\":458,\"caption\":\"Hugo Souza, goleiro do Corinthians - Instagram \/ @hugosouza\"},{\"@type\":\"BreadcrumbList\",\"@id\":\"https:\/\/www.gaveanews.com\/index.php\/2025\/03\/30\/video-a-declaracao-de-ramon-diaz-direcionada-a-hugo-souza-do-corinthians\/#breadcrumb\",\"itemListElement\":[{\"@type\":\"ListItem\",\"position\":1,\"name\":\"Home\",\"item\":\"https:\/\/www.gaveanews.com\/\"},{\"@type\":\"ListItem\",\"position\":2,\"name\":\"V\u00eddeo: a declara\u00e7\u00e3o de Ram\u00f3n D\u00edaz direcionada a Hugo Souza, do Corinthians\"}]},{\"@type\":\"WebSite\",\"@id\":\"https:\/\/www.gaveanews.com\/#website\",\"url\":\"https:\/\/www.gaveanews.com\/\",\"name\":\"G\u00e1vea News\",\"description\":\"Veja todas as not\u00edcias sobre o Flamengo: Contrata\u00e7\u00f5es, categorias de base, resultados das partidas, tabela de classifica\u00e7\u00e3o, pr\u00f3ximos jogos!\",\"potentialAction\":[{\"@type\":\"SearchAction\",\"target\":{\"@type\":\"EntryPoint\",\"urlTemplate\":\"https:\/\/www.gaveanews.com\/?s={search_term_string}\"},\"query-input\":{\"@type\":\"PropertyValueSpecification\",\"valueRequired\":true,\"valueName\":\"search_term_string\"}}],\"inLanguage\":\"pt-BR\"},{\"@type\":\"Person\",\"@id\":\"https:\/\/www.gaveanews.com\/#\/schema\/person\/0277a79a1289c451c281ec0411d84f0c\",\"name\":\"Andr\u00e9 Serra\",\"image\":{\"@type\":\"ImageObject\",\"inLanguage\":\"pt-BR\",\"@id\":\"https:\/\/www.gaveanews.com\/#\/schema\/person\/image\/\",\"url\":\"https:\/\/secure.gravatar.com\/avatar\/d7231369fe48db93292b3e88eb2162dbd9a34a47a8437d9ef3bcaca2a86a83d7?s=96&d=mm&r=g\",\"contentUrl\":\"https:\/\/secure.gravatar.com\/avatar\/d7231369fe48db93292b3e88eb2162dbd9a34a47a8437d9ef3bcaca2a86a83d7?s=96&d=mm&r=g\",\"caption\":\"Andr\u00e9 Serra\"}}]}<\/script>\n<!-- \/ Yoast SEO Premium plugin. -->","yoast_head_json":{"title":"V\u00eddeo: a declara\u00e7\u00e3o de Ram\u00f3n D\u00edaz direcionada a Hugo Souza, do Corinthians","robots":{"index":"index","follow":"follow","max-snippet":"max-snippet:-1","max-image-preview":"max-image-preview:large","max-video-preview":"max-video-preview:-1"},"canonical":"https:\/\/www.gaveanews.com\/index.php\/2025\/03\/30\/video-a-declaracao-de-ramon-diaz-direcionada-a-hugo-souza-do-corinthians\/","og_locale":"pt_BR","og_type":"article","og_title":"V\u00eddeo: a declara\u00e7\u00e3o de Ram\u00f3n D\u00edaz direcionada a Hugo Souza, do Corinthians","og_description":"&#8220;Se transformou em&#8230;&#8221; Na \u00faltima quinta-feira (27), o Corinthians se sagrou o campe\u00e3o do Campeonato Paulista de 2025, ao superar o Palmeiras. No Allianz Parque, o Tim\u00e3o venceu por 1 a 0, e na Neo Qu\u00edmica Arena empatou pelo placar de 0 a 0. O 31\u00b0 t\u00edtulo do Corinthians se deu muito por conta do [&hellip;]","og_url":"https:\/\/www.gaveanews.com\/index.php\/2025\/03\/30\/video-a-declaracao-de-ramon-diaz-direcionada-a-hugo-souza-do-corinthians\/","og_site_name":"G\u00e1vea News","article_publisher":"https:\/\/facebook.com\/gaveaNews\/","article_published_time":"2025-03-31T02:20:23+00:00","og_image":[{"width":768,"height":458,"url":"https:\/\/www.gaveanews.com\/wp-content\/uploads\/IMG_0346-768x458-1.webp","type":"image\/webp"}],"author":"Andr\u00e9 Serra","twitter_card":"summary_large_image","twitter_misc":{"Escrito por":"Andr\u00e9 Serra","Est. tempo de leitura":"2 minutos"},"schema":{"@context":"https:\/\/schema.org","@graph":[{"@type":"NewsArticle","@id":"https:\/\/www.gaveanews.com\/index.php\/2025\/03\/30\/video-a-declaracao-de-ramon-diaz-direcionada-a-hugo-souza-do-corinthians\/#article","isPartOf":{"@id":"https:\/\/www.gaveanews.com\/index.php\/2025\/03\/30\/video-a-declaracao-de-ramon-diaz-direcionada-a-hugo-souza-do-corinthians\/"},"author":{"name":"Andr\u00e9 Serra","@id":"https:\/\/www.gaveanews.com\/#\/schema\/person\/0277a79a1289c451c281ec0411d84f0c"},"headline":"V\u00eddeo: a declara\u00e7\u00e3o de Ram\u00f3n D\u00edaz direcionada a Hugo Souza, do Corinthians","datePublished":"2025-03-31T02:20:23+00:00","mainEntityOfPage":{"@id":"https:\/\/www.gaveanews.com\/index.php\/2025\/03\/30\/video-a-declaracao-de-ramon-diaz-direcionada-a-hugo-souza-do-corinthians\/"},"wordCount":366,"commentCount":0,"image":{"@id":"https:\/\/www.gaveanews.com\/index.php\/2025\/03\/30\/video-a-declaracao-de-ramon-diaz-direcionada-a-hugo-souza-do-corinthians\/#primaryimage"},"thumbnailUrl":"https:\/\/www.gaveanews.com\/wp-content\/uploads\/IMG_0346-768x458-1.webp","articleSection":["Corinthians"],"inLanguage":"pt-BR","potentialAction":[{"@type":"CommentAction","name":"Comment","target":["https:\/\/www.gaveanews.com\/index.php\/2025\/03\/30\/video-a-declaracao-de-ramon-diaz-direcionada-a-hugo-souza-do-corinthians\/#respond"]}],"copyrightYear":"2025","copyrightHolder":{"@id":"https:\/\/www.gaveanews.com\/#organization"}},{"@type":"WebPage","@id":"https:\/\/www.gaveanews.com\/index.php\/2025\/03\/30\/video-a-declaracao-de-ramon-diaz-direcionada-a-hugo-souza-do-corinthians\/","url":"https:\/\/www.gaveanews.com\/index.php\/2025\/03\/30\/video-a-declaracao-de-ramon-diaz-direcionada-a-hugo-souza-do-corinthians\/","name":"V\u00eddeo: a declara\u00e7\u00e3o de Ram\u00f3n D\u00edaz direcionada a Hugo Souza, do Corinthians","isPartOf":{"@id":"https:\/\/www.gaveanews.com\/#website"},"primaryImageOfPage":{"@id":"https:\/\/www.gaveanews.com\/index.php\/2025\/03\/30\/video-a-declaracao-de-ramon-diaz-direcionada-a-hugo-souza-do-corinthians\/#primaryimage"},"image":{"@id":"https:\/\/www.gaveanews.com\/index.php\/2025\/03\/30\/video-a-declaracao-de-ramon-diaz-direcionada-a-hugo-souza-do-corinthians\/#primaryimage"},"thumbnailUrl":"https:\/\/www.gaveanews.com\/wp-content\/uploads\/IMG_0346-768x458-1.webp","datePublished":"2025-03-31T02:20:23+00:00","author":{"@id":"https:\/\/www.gaveanews.com\/#\/schema\/person\/0277a79a1289c451c281ec0411d84f0c"},"breadcrumb":{"@id":"https:\/\/www.gaveanews.com\/index.php\/2025\/03\/30\/video-a-declaracao-de-ramon-diaz-direcionada-a-hugo-souza-do-corinthians\/#breadcrumb"},"inLanguage":"pt-BR","potentialAction":[{"@type":"ReadAction","target":["https:\/\/www.gaveanews.com\/index.php\/2025\/03\/30\/video-a-declaracao-de-ramon-diaz-direcionada-a-hugo-souza-do-corinthians\/"]}]},{"@type":"ImageObject","inLanguage":"pt-BR","@id":"https:\/\/www.gaveanews.com\/index.php\/2025\/03\/30\/video-a-declaracao-de-ramon-diaz-direcionada-a-hugo-souza-do-corinthians\/#primaryimage","url":"https:\/\/www.gaveanews.com\/wp-content\/uploads\/IMG_0346-768x458-1.webp","contentUrl":"https:\/\/www.gaveanews.com\/wp-content\/uploads\/IMG_0346-768x458-1.webp","width":768,"height":458,"caption":"Hugo Souza, goleiro do Corinthians - Instagram \/ @hugosouza"},{"@type":"BreadcrumbList","@id":"https:\/\/www.gaveanews.com\/index.php\/2025\/03\/30\/video-a-declaracao-de-ramon-diaz-direcionada-a-hugo-souza-do-corinthians\/#breadcrumb","itemListElement":[{"@type":"ListItem","position":1,"name":"Home","item":"https:\/\/www.gaveanews.com\/"},{"@type":"ListItem","position":2,"name":"V\u00eddeo: a declara\u00e7\u00e3o de Ram\u00f3n D\u00edaz direcionada a Hugo Souza, do Corinthians"}]},{"@type":"WebSite","@id":"https:\/\/www.gaveanews.com\/#website","url":"https:\/\/www.gaveanews.com\/","name":"G\u00e1vea News","description":"Veja todas as not\u00edcias sobre o Flamengo: Contrata\u00e7\u00f5es, categorias de base, resultados das partidas, tabela de classifica\u00e7\u00e3o, pr\u00f3ximos jogos!","potentialAction":[{"@type":"SearchAction","target":{"@type":"EntryPoint","urlTemplate":"https:\/\/www.gaveanews.com\/?s={search_term_string}"},"query-input":{"@type":"PropertyValueSpecification","valueRequired":true,"valueName":"search_term_string"}}],"inLanguage":"pt-BR"},{"@type":"Person","@id":"https:\/\/www.gaveanews.com\/#\/schema\/person\/0277a79a1289c451c281ec0411d84f0c","name":"Andr\u00e9 Serra","image":{"@type":"ImageObject","inLanguage":"pt-BR","@id":"https:\/\/www.gaveanews.com\/#\/schema\/person\/image\/","url":"https:\/\/secure.gravatar.com\/avatar\/d7231369fe48db93292b3e88eb2162dbd9a34a47a8437d9ef3bcaca2a86a83d7?s=96&d=mm&r=g","contentUrl":"https:\/\/secure.gravatar.com\/avatar\/d7231369fe48db93292b3e88eb2162dbd9a34a47a8437d9ef3bcaca2a86a83d7?s=96&d=mm&r=g","caption":"Andr\u00e9 Serra"}}]}},"_links":{"self":[{"href":"https:\/\/www.gaveanews.com\/index.php\/wp-json\/wp\/v2\/posts\/246821","targetHints":{"allow":["GET"]}}],"collection":[{"href":"https:\/\/www.gaveanews.com\/index.php\/wp-json\/wp\/v2\/posts"}],"about":[{"href":"https:\/\/www.gaveanews.com\/index.php\/wp-json\/wp\/v2\/types\/post"}],"author":[{"embeddable":true,"href":"https:\/\/www.gaveanews.com\/index.php\/wp-json\/wp\/v2\/users\/21"}],"replies":[{"embeddable":true,"href":"https:\/\/www.gaveanews.com\/index.php\/wp-json\/wp\/v2\/comments?post=246821"}],"version-history":[{"count":1,"href":"https:\/\/www.gaveanews.com\/index.php\/wp-json\/wp\/v2\/posts\/246821\/revisions"}],"predecessor-version":[{"id":246829,"href":"https:\/\/www.gaveanews.com\/index.php\/wp-json\/wp\/v2\/posts\/246821\/revisions\/246829"}],"wp:featuredmedia":[{"embeddable":true,"href":"https:\/\/www.gaveanews.com\/index.php\/wp-json\/wp\/v2\/media\/155879"}],"wp:attachment":[{"href":"https:\/\/www.gaveanews.com\/index.php\/wp-json\/wp\/v2\/media?parent=246821"}],"wp:term":[{"taxonomy":"category","embeddable":true,"href":"https:\/\/www.gaveanews.com\/index.php\/wp-json\/wp\/v2\/categories?post=246821"},{"taxonomy":"post_tag","embeddable":true,"href":"https:\/\/www.gaveanews.com\/index.php\/wp-json\/wp\/v2\/tags?post=246821"}],"curies":[{"name":"wp","href":"https:\/\/api.w.org\/{rel}","templated":true}]}}