{"id":246826,"date":"2025-03-30T23:15:09","date_gmt":"2025-03-31T02:15:09","guid":{"rendered":"https:\/\/www.gaveanews.com\/?p=246826"},"modified":"2025-03-30T21:59:43","modified_gmt":"2025-03-31T00:59:43","slug":"ele-deixou-o-vasco-e-ja-foi-apresentado-no-novo-clube-muito-feliz","status":"publish","type":"post","link":"https:\/\/www.gaveanews.com\/index.php\/2025\/03\/30\/ele-deixou-o-vasco-e-ja-foi-apresentado-no-novo-clube-muito-feliz\/","title":{"rendered":"Ele deixou o Vasco e j\u00e1 foi apresentado no novo clube: &#8220;Muito feliz&#8221;"},"content":{"rendered":"\n<p>O Ava\u00ed oficializou, nesta semana, a chegada do meia JP, de 19 anos, proveniente do Vasco, por empr\u00e9stimo at\u00e9 o final da S\u00e9rie B do Campeonato Brasileiro. O jogador, que teve uma participa\u00e7\u00e3o modesta na equipe cruz-maltina nesta temporada, assinou com o Le\u00e3o da Ilha buscando mais oportunidades e tempo de jogo na segunda divis\u00e3o.<\/p>\n\n\n\n<p>JP foi formado nas categorias de base do Vasco e subiu para o time profissional em 2024. Na \u00faltima temporada, o jovem meia disputou 10 partidas na S\u00e9rie A do Campeonato Brasileiro e uma na Copa do Brasil. No entanto, em 2025, ele teve poucas oportunidades, com apenas dois jogos pelo Campeonato Carioca, sendo um como titular e outro como reserva. A transi\u00e7\u00e3o para o Ava\u00ed surge como uma chance para ele se destacar e ganhar mais rodagem no cen\u00e1rio nacional.<\/p>\n\n\n\n<p>O meia se junta ao Ava\u00ed ap\u00f3s a equipe conquistar o t\u00edtulo do Campeonato Catarinense, e agora tem a miss\u00e3o de ajudar o clube a alcan\u00e7ar bons resultados na S\u00e9rie B. O time far\u00e1 sua estreia na competi\u00e7\u00e3o no dia 6 de abril, quando enfrentar\u00e1 o Novorizontino, em casa, no est\u00e1dio da Ressacada, \u00e0s 20h.<\/p>\n\n\n\n<p>Em suas redes sociais, JP demonstrou empolga\u00e7\u00e3o com essa nova etapa em sua carreira, publicando fotos com a camisa do Ava\u00ed e agradecendo a recep\u00e7\u00e3o do clube. <\/p>\n\n\n\n<p>\u201cMuito feliz por estar iniciando esse novo desafio na minha carreira. Obrigado pela recep\u00e7\u00e3o, @AvaiFC. Que seja uma jornada incr\u00edvel \ud83e\udd81\ud83d\udc99\u201d, escreveu o jogador. A expectativa \u00e9 que o jovem meia ganhe mais espa\u00e7o e mostre seu talento no Ava\u00ed, dando continuidade ao seu desenvolvimento e buscando ajudar o time a brigar pelo acesso \u00e0 elite do futebol brasileiro.<\/p>\n\n\n\n<blockquote class=\"twitter-tweet\"><p lang=\"pt\" dir=\"ltr\">Muito feliz por estar iniciando esse novo desafio na minha carreira. Obrigado pela recep\u00e7\u00e3o, <a href=\"https:\/\/twitter.com\/AvaiFC?ref_src=twsrc%5Etfw\">@AvaiFC<\/a> . Que seja uma jornada incr\u00edvel \ud83e\udd81\ud83d\udc99 <a href=\"https:\/\/t.co\/8e8UzZ3RnE\">pic.twitter.com\/8e8UzZ3RnE<\/a><\/p>&mdash; Jo\u00e3o Pedro Murilo (@jpmurilo_) <a href=\"https:\/\/twitter.com\/jpmurilo_\/status\/1905624185440780460?ref_src=twsrc%5Etfw\">March 28, 2025<\/a><\/blockquote> <script async src=\"https:\/\/platform.twitter.com\/widgets.js\" charset=\"utf-8\"><\/script>\n\n\n\n<p>Com sua chegada, o Ava\u00ed ganha mais uma op\u00e7\u00e3o no meio-campo, e JP espera se destacar e contribuir para o sucesso da equipe na S\u00e9rie B, ao mesmo tempo que busca um novo patamar em sua carreira profissional.<\/p>\n","protected":false},"excerpt":{"rendered":"<p>O Ava\u00ed oficializou, nesta semana, a chegada do meia JP, de 19 anos, proveniente do Vasco, por empr\u00e9stimo at\u00e9 o final da S\u00e9rie B do Campeonato Brasileiro. O jogador, que teve uma participa\u00e7\u00e3o modesta na equipe cruz-maltina nesta temporada, assinou com o Le\u00e3o da Ilha buscando mais oportunidades e tempo de jogo na segunda divis\u00e3o. [&hellip;]<\/p>\n","protected":false},"author":17,"featured_media":161261,"comment_status":"open","ping_status":"closed","sticky":false,"template":"","format":"standard","meta":{"footnotes":""},"categories":[152],"tags":[],"class_list":["post-246826","post","type-post","status-publish","format-standard","has-post-thumbnail","hentry","category-vasco"],"yoast_head":"<!-- This site is optimized with the Yoast SEO Premium plugin v24.2 (Yoast SEO v26.9) - https:\/\/yoast.com\/product\/yoast-seo-premium-wordpress\/ -->\n<title>Ele deixou o Vasco e j\u00e1 foi apresentado no novo clube: &quot;Muito feliz&quot;<\/title>\n<meta name=\"robots\" content=\"index, follow, max-snippet:-1, max-image-preview:large, max-video-preview:-1\" \/>\n<link rel=\"canonical\" href=\"https:\/\/www.gaveanews.com\/index.php\/2025\/03\/30\/ele-deixou-o-vasco-e-ja-foi-apresentado-no-novo-clube-muito-feliz\/\" \/>\n<meta property=\"og:locale\" content=\"pt_BR\" \/>\n<meta property=\"og:type\" content=\"article\" \/>\n<meta property=\"og:title\" content=\"Ele deixou o Vasco e j\u00e1 foi apresentado no novo clube: &quot;Muito feliz&quot;\" \/>\n<meta property=\"og:description\" content=\"O Ava\u00ed oficializou, nesta semana, a chegada do meia JP, de 19 anos, proveniente do Vasco, por empr\u00e9stimo at\u00e9 o final da S\u00e9rie B do Campeonato Brasileiro. O jogador, que teve uma participa\u00e7\u00e3o modesta na equipe cruz-maltina nesta temporada, assinou com o Le\u00e3o da Ilha buscando mais oportunidades e tempo de jogo na segunda divis\u00e3o. [&hellip;]\" \/>\n<meta property=\"og:url\" content=\"https:\/\/www.gaveanews.com\/index.php\/2025\/03\/30\/ele-deixou-o-vasco-e-ja-foi-apresentado-no-novo-clube-muito-feliz\/\" \/>\n<meta property=\"og:site_name\" content=\"G\u00e1vea News\" \/>\n<meta property=\"article:publisher\" content=\"https:\/\/facebook.com\/gaveaNews\/\" \/>\n<meta property=\"article:published_time\" content=\"2025-03-31T02:15:09+00:00\" \/>\n<meta property=\"og:image\" content=\"https:\/\/www.gaveanews.com\/wp-content\/uploads\/Camisa-do-Vasco-2024.webp\" \/>\n\t<meta property=\"og:image:width\" content=\"1059\" \/>\n\t<meta property=\"og:image:height\" content=\"794\" \/>\n\t<meta property=\"og:image:type\" content=\"image\/webp\" \/>\n<meta name=\"author\" content=\"Geovanna Thomaz\" \/>\n<meta name=\"twitter:card\" content=\"summary_large_image\" \/>\n<meta name=\"twitter:label1\" content=\"Escrito por\" \/>\n\t<meta name=\"twitter:data1\" content=\"Geovanna Thomaz\" \/>\n\t<meta name=\"twitter:label2\" content=\"Est. tempo de leitura\" \/>\n\t<meta name=\"twitter:data2\" content=\"2 minutos\" \/>\n<script type=\"application\/ld+json\" class=\"yoast-schema-graph\">{\"@context\":\"https:\/\/schema.org\",\"@graph\":[{\"@type\":\"NewsArticle\",\"@id\":\"https:\/\/www.gaveanews.com\/index.php\/2025\/03\/30\/ele-deixou-o-vasco-e-ja-foi-apresentado-no-novo-clube-muito-feliz\/#article\",\"isPartOf\":{\"@id\":\"https:\/\/www.gaveanews.com\/index.php\/2025\/03\/30\/ele-deixou-o-vasco-e-ja-foi-apresentado-no-novo-clube-muito-feliz\/\"},\"author\":{\"name\":\"Geovanna Thomaz\",\"@id\":\"https:\/\/www.gaveanews.com\/#\/schema\/person\/f42654babcd2b2014a1a65af82b081f1\"},\"headline\":\"Ele deixou o Vasco e j\u00e1 foi apresentado no novo clube: &#8220;Muito feliz&#8221;\",\"datePublished\":\"2025-03-31T02:15:09+00:00\",\"mainEntityOfPage\":{\"@id\":\"https:\/\/www.gaveanews.com\/index.php\/2025\/03\/30\/ele-deixou-o-vasco-e-ja-foi-apresentado-no-novo-clube-muito-feliz\/\"},\"wordCount\":377,\"commentCount\":0,\"image\":{\"@id\":\"https:\/\/www.gaveanews.com\/index.php\/2025\/03\/30\/ele-deixou-o-vasco-e-ja-foi-apresentado-no-novo-clube-muito-feliz\/#primaryimage\"},\"thumbnailUrl\":\"https:\/\/www.gaveanews.com\/wp-content\/uploads\/Camisa-do-Vasco-2024.webp\",\"articleSection\":[\"Vasco\"],\"inLanguage\":\"pt-BR\",\"potentialAction\":[{\"@type\":\"CommentAction\",\"name\":\"Comment\",\"target\":[\"https:\/\/www.gaveanews.com\/index.php\/2025\/03\/30\/ele-deixou-o-vasco-e-ja-foi-apresentado-no-novo-clube-muito-feliz\/#respond\"]}],\"copyrightYear\":\"2025\",\"copyrightHolder\":{\"@id\":\"https:\/\/www.gaveanews.com\/#organization\"}},{\"@type\":\"WebPage\",\"@id\":\"https:\/\/www.gaveanews.com\/index.php\/2025\/03\/30\/ele-deixou-o-vasco-e-ja-foi-apresentado-no-novo-clube-muito-feliz\/\",\"url\":\"https:\/\/www.gaveanews.com\/index.php\/2025\/03\/30\/ele-deixou-o-vasco-e-ja-foi-apresentado-no-novo-clube-muito-feliz\/\",\"name\":\"Ele deixou o Vasco e j\u00e1 foi apresentado no novo clube: \\\"Muito feliz\\\"\",\"isPartOf\":{\"@id\":\"https:\/\/www.gaveanews.com\/#website\"},\"primaryImageOfPage\":{\"@id\":\"https:\/\/www.gaveanews.com\/index.php\/2025\/03\/30\/ele-deixou-o-vasco-e-ja-foi-apresentado-no-novo-clube-muito-feliz\/#primaryimage\"},\"image\":{\"@id\":\"https:\/\/www.gaveanews.com\/index.php\/2025\/03\/30\/ele-deixou-o-vasco-e-ja-foi-apresentado-no-novo-clube-muito-feliz\/#primaryimage\"},\"thumbnailUrl\":\"https:\/\/www.gaveanews.com\/wp-content\/uploads\/Camisa-do-Vasco-2024.webp\",\"datePublished\":\"2025-03-31T02:15:09+00:00\",\"author\":{\"@id\":\"https:\/\/www.gaveanews.com\/#\/schema\/person\/f42654babcd2b2014a1a65af82b081f1\"},\"breadcrumb\":{\"@id\":\"https:\/\/www.gaveanews.com\/index.php\/2025\/03\/30\/ele-deixou-o-vasco-e-ja-foi-apresentado-no-novo-clube-muito-feliz\/#breadcrumb\"},\"inLanguage\":\"pt-BR\",\"potentialAction\":[{\"@type\":\"ReadAction\",\"target\":[\"https:\/\/www.gaveanews.com\/index.php\/2025\/03\/30\/ele-deixou-o-vasco-e-ja-foi-apresentado-no-novo-clube-muito-feliz\/\"]}]},{\"@type\":\"ImageObject\",\"inLanguage\":\"pt-BR\",\"@id\":\"https:\/\/www.gaveanews.com\/index.php\/2025\/03\/30\/ele-deixou-o-vasco-e-ja-foi-apresentado-no-novo-clube-muito-feliz\/#primaryimage\",\"url\":\"https:\/\/www.gaveanews.com\/wp-content\/uploads\/Camisa-do-Vasco-2024.webp\",\"contentUrl\":\"https:\/\/www.gaveanews.com\/wp-content\/uploads\/Camisa-do-Vasco-2024.webp\",\"width\":1059,\"height\":794,\"caption\":\"Camisa do Vasco 2024 (Foto: Reprodu\u00e7\u00e3o\/Instagram)\"},{\"@type\":\"BreadcrumbList\",\"@id\":\"https:\/\/www.gaveanews.com\/index.php\/2025\/03\/30\/ele-deixou-o-vasco-e-ja-foi-apresentado-no-novo-clube-muito-feliz\/#breadcrumb\",\"itemListElement\":[{\"@type\":\"ListItem\",\"position\":1,\"name\":\"Home\",\"item\":\"https:\/\/www.gaveanews.com\/\"},{\"@type\":\"ListItem\",\"position\":2,\"name\":\"Ele deixou o Vasco e j\u00e1 foi apresentado no novo clube: &#8220;Muito feliz&#8221;\"}]},{\"@type\":\"WebSite\",\"@id\":\"https:\/\/www.gaveanews.com\/#website\",\"url\":\"https:\/\/www.gaveanews.com\/\",\"name\":\"G\u00e1vea News\",\"description\":\"Veja todas as not\u00edcias sobre o Flamengo: Contrata\u00e7\u00f5es, categorias de base, resultados das partidas, tabela de classifica\u00e7\u00e3o, pr\u00f3ximos jogos!\",\"potentialAction\":[{\"@type\":\"SearchAction\",\"target\":{\"@type\":\"EntryPoint\",\"urlTemplate\":\"https:\/\/www.gaveanews.com\/?s={search_term_string}\"},\"query-input\":{\"@type\":\"PropertyValueSpecification\",\"valueRequired\":true,\"valueName\":\"search_term_string\"}}],\"inLanguage\":\"pt-BR\"},{\"@type\":\"Person\",\"@id\":\"https:\/\/www.gaveanews.com\/#\/schema\/person\/f42654babcd2b2014a1a65af82b081f1\",\"name\":\"Geovanna Thomaz\",\"image\":{\"@type\":\"ImageObject\",\"inLanguage\":\"pt-BR\",\"@id\":\"https:\/\/www.gaveanews.com\/#\/schema\/person\/image\/\",\"url\":\"https:\/\/secure.gravatar.com\/avatar\/4092073255489533afb558984b49b64268c47198af8623cc82a925ae9fb7118a?s=96&d=mm&r=g\",\"contentUrl\":\"https:\/\/secure.gravatar.com\/avatar\/4092073255489533afb558984b49b64268c47198af8623cc82a925ae9fb7118a?s=96&d=mm&r=g\",\"caption\":\"Geovanna Thomaz\"}}]}<\/script>\n<!-- \/ Yoast SEO Premium plugin. -->","yoast_head_json":{"title":"Ele deixou o Vasco e j\u00e1 foi apresentado no novo clube: \"Muito feliz\"","robots":{"index":"index","follow":"follow","max-snippet":"max-snippet:-1","max-image-preview":"max-image-preview:large","max-video-preview":"max-video-preview:-1"},"canonical":"https:\/\/www.gaveanews.com\/index.php\/2025\/03\/30\/ele-deixou-o-vasco-e-ja-foi-apresentado-no-novo-clube-muito-feliz\/","og_locale":"pt_BR","og_type":"article","og_title":"Ele deixou o Vasco e j\u00e1 foi apresentado no novo clube: \"Muito feliz\"","og_description":"O Ava\u00ed oficializou, nesta semana, a chegada do meia JP, de 19 anos, proveniente do Vasco, por empr\u00e9stimo at\u00e9 o final da S\u00e9rie B do Campeonato Brasileiro. O jogador, que teve uma participa\u00e7\u00e3o modesta na equipe cruz-maltina nesta temporada, assinou com o Le\u00e3o da Ilha buscando mais oportunidades e tempo de jogo na segunda divis\u00e3o. [&hellip;]","og_url":"https:\/\/www.gaveanews.com\/index.php\/2025\/03\/30\/ele-deixou-o-vasco-e-ja-foi-apresentado-no-novo-clube-muito-feliz\/","og_site_name":"G\u00e1vea News","article_publisher":"https:\/\/facebook.com\/gaveaNews\/","article_published_time":"2025-03-31T02:15:09+00:00","og_image":[{"width":1059,"height":794,"url":"https:\/\/www.gaveanews.com\/wp-content\/uploads\/Camisa-do-Vasco-2024.webp","type":"image\/webp"}],"author":"Geovanna Thomaz","twitter_card":"summary_large_image","twitter_misc":{"Escrito por":"Geovanna Thomaz","Est. tempo de leitura":"2 minutos"},"schema":{"@context":"https:\/\/schema.org","@graph":[{"@type":"NewsArticle","@id":"https:\/\/www.gaveanews.com\/index.php\/2025\/03\/30\/ele-deixou-o-vasco-e-ja-foi-apresentado-no-novo-clube-muito-feliz\/#article","isPartOf":{"@id":"https:\/\/www.gaveanews.com\/index.php\/2025\/03\/30\/ele-deixou-o-vasco-e-ja-foi-apresentado-no-novo-clube-muito-feliz\/"},"author":{"name":"Geovanna Thomaz","@id":"https:\/\/www.gaveanews.com\/#\/schema\/person\/f42654babcd2b2014a1a65af82b081f1"},"headline":"Ele deixou o Vasco e j\u00e1 foi apresentado no novo clube: &#8220;Muito feliz&#8221;","datePublished":"2025-03-31T02:15:09+00:00","mainEntityOfPage":{"@id":"https:\/\/www.gaveanews.com\/index.php\/2025\/03\/30\/ele-deixou-o-vasco-e-ja-foi-apresentado-no-novo-clube-muito-feliz\/"},"wordCount":377,"commentCount":0,"image":{"@id":"https:\/\/www.gaveanews.com\/index.php\/2025\/03\/30\/ele-deixou-o-vasco-e-ja-foi-apresentado-no-novo-clube-muito-feliz\/#primaryimage"},"thumbnailUrl":"https:\/\/www.gaveanews.com\/wp-content\/uploads\/Camisa-do-Vasco-2024.webp","articleSection":["Vasco"],"inLanguage":"pt-BR","potentialAction":[{"@type":"CommentAction","name":"Comment","target":["https:\/\/www.gaveanews.com\/index.php\/2025\/03\/30\/ele-deixou-o-vasco-e-ja-foi-apresentado-no-novo-clube-muito-feliz\/#respond"]}],"copyrightYear":"2025","copyrightHolder":{"@id":"https:\/\/www.gaveanews.com\/#organization"}},{"@type":"WebPage","@id":"https:\/\/www.gaveanews.com\/index.php\/2025\/03\/30\/ele-deixou-o-vasco-e-ja-foi-apresentado-no-novo-clube-muito-feliz\/","url":"https:\/\/www.gaveanews.com\/index.php\/2025\/03\/30\/ele-deixou-o-vasco-e-ja-foi-apresentado-no-novo-clube-muito-feliz\/","name":"Ele deixou o Vasco e j\u00e1 foi apresentado no novo clube: \"Muito feliz\"","isPartOf":{"@id":"https:\/\/www.gaveanews.com\/#website"},"primaryImageOfPage":{"@id":"https:\/\/www.gaveanews.com\/index.php\/2025\/03\/30\/ele-deixou-o-vasco-e-ja-foi-apresentado-no-novo-clube-muito-feliz\/#primaryimage"},"image":{"@id":"https:\/\/www.gaveanews.com\/index.php\/2025\/03\/30\/ele-deixou-o-vasco-e-ja-foi-apresentado-no-novo-clube-muito-feliz\/#primaryimage"},"thumbnailUrl":"https:\/\/www.gaveanews.com\/wp-content\/uploads\/Camisa-do-Vasco-2024.webp","datePublished":"2025-03-31T02:15:09+00:00","author":{"@id":"https:\/\/www.gaveanews.com\/#\/schema\/person\/f42654babcd2b2014a1a65af82b081f1"},"breadcrumb":{"@id":"https:\/\/www.gaveanews.com\/index.php\/2025\/03\/30\/ele-deixou-o-vasco-e-ja-foi-apresentado-no-novo-clube-muito-feliz\/#breadcrumb"},"inLanguage":"pt-BR","potentialAction":[{"@type":"ReadAction","target":["https:\/\/www.gaveanews.com\/index.php\/2025\/03\/30\/ele-deixou-o-vasco-e-ja-foi-apresentado-no-novo-clube-muito-feliz\/"]}]},{"@type":"ImageObject","inLanguage":"pt-BR","@id":"https:\/\/www.gaveanews.com\/index.php\/2025\/03\/30\/ele-deixou-o-vasco-e-ja-foi-apresentado-no-novo-clube-muito-feliz\/#primaryimage","url":"https:\/\/www.gaveanews.com\/wp-content\/uploads\/Camisa-do-Vasco-2024.webp","contentUrl":"https:\/\/www.gaveanews.com\/wp-content\/uploads\/Camisa-do-Vasco-2024.webp","width":1059,"height":794,"caption":"Camisa do Vasco 2024 (Foto: Reprodu\u00e7\u00e3o\/Instagram)"},{"@type":"BreadcrumbList","@id":"https:\/\/www.gaveanews.com\/index.php\/2025\/03\/30\/ele-deixou-o-vasco-e-ja-foi-apresentado-no-novo-clube-muito-feliz\/#breadcrumb","itemListElement":[{"@type":"ListItem","position":1,"name":"Home","item":"https:\/\/www.gaveanews.com\/"},{"@type":"ListItem","position":2,"name":"Ele deixou o Vasco e j\u00e1 foi apresentado no novo clube: &#8220;Muito feliz&#8221;"}]},{"@type":"WebSite","@id":"https:\/\/www.gaveanews.com\/#website","url":"https:\/\/www.gaveanews.com\/","name":"G\u00e1vea News","description":"Veja todas as not\u00edcias sobre o Flamengo: Contrata\u00e7\u00f5es, categorias de base, resultados das partidas, tabela de classifica\u00e7\u00e3o, pr\u00f3ximos jogos!","potentialAction":[{"@type":"SearchAction","target":{"@type":"EntryPoint","urlTemplate":"https:\/\/www.gaveanews.com\/?s={search_term_string}"},"query-input":{"@type":"PropertyValueSpecification","valueRequired":true,"valueName":"search_term_string"}}],"inLanguage":"pt-BR"},{"@type":"Person","@id":"https:\/\/www.gaveanews.com\/#\/schema\/person\/f42654babcd2b2014a1a65af82b081f1","name":"Geovanna Thomaz","image":{"@type":"ImageObject","inLanguage":"pt-BR","@id":"https:\/\/www.gaveanews.com\/#\/schema\/person\/image\/","url":"https:\/\/secure.gravatar.com\/avatar\/4092073255489533afb558984b49b64268c47198af8623cc82a925ae9fb7118a?s=96&d=mm&r=g","contentUrl":"https:\/\/secure.gravatar.com\/avatar\/4092073255489533afb558984b49b64268c47198af8623cc82a925ae9fb7118a?s=96&d=mm&r=g","caption":"Geovanna Thomaz"}}]}},"_links":{"self":[{"href":"https:\/\/www.gaveanews.com\/index.php\/wp-json\/wp\/v2\/posts\/246826","targetHints":{"allow":["GET"]}}],"collection":[{"href":"https:\/\/www.gaveanews.com\/index.php\/wp-json\/wp\/v2\/posts"}],"about":[{"href":"https:\/\/www.gaveanews.com\/index.php\/wp-json\/wp\/v2\/types\/post"}],"author":[{"embeddable":true,"href":"https:\/\/www.gaveanews.com\/index.php\/wp-json\/wp\/v2\/users\/17"}],"replies":[{"embeddable":true,"href":"https:\/\/www.gaveanews.com\/index.php\/wp-json\/wp\/v2\/comments?post=246826"}],"version-history":[{"count":1,"href":"https:\/\/www.gaveanews.com\/index.php\/wp-json\/wp\/v2\/posts\/246826\/revisions"}],"predecessor-version":[{"id":246828,"href":"https:\/\/www.gaveanews.com\/index.php\/wp-json\/wp\/v2\/posts\/246826\/revisions\/246828"}],"wp:featuredmedia":[{"embeddable":true,"href":"https:\/\/www.gaveanews.com\/index.php\/wp-json\/wp\/v2\/media\/161261"}],"wp:attachment":[{"href":"https:\/\/www.gaveanews.com\/index.php\/wp-json\/wp\/v2\/media?parent=246826"}],"wp:term":[{"taxonomy":"category","embeddable":true,"href":"https:\/\/www.gaveanews.com\/index.php\/wp-json\/wp\/v2\/categories?post=246826"},{"taxonomy":"post_tag","embeddable":true,"href":"https:\/\/www.gaveanews.com\/index.php\/wp-json\/wp\/v2\/tags?post=246826"}],"curies":[{"name":"wp","href":"https:\/\/api.w.org\/{rel}","templated":true}]}}