{"id":246830,"date":"2025-03-30T23:30:01","date_gmt":"2025-03-31T02:30:01","guid":{"rendered":"https:\/\/www.gaveanews.com\/?p=246830"},"modified":"2025-03-30T21:59:54","modified_gmt":"2025-03-31T00:59:54","slug":"atitude-de-yuri-alberto-apos-o-titulo-do-corinthians-viraliza-nas-redes-sociais","status":"publish","type":"post","link":"https:\/\/www.gaveanews.com\/index.php\/2025\/03\/30\/atitude-de-yuri-alberto-apos-o-titulo-do-corinthians-viraliza-nas-redes-sociais\/","title":{"rendered":"Atitude de Yuri Alberto ap\u00f3s o t\u00edtulo do Corinthians viraliza nas redes sociais"},"content":{"rendered":"\n<p>O atacante Yuri Alberto, um dos principais destaques do Corinthians, comemorou de uma maneira especial o t\u00edtulo do Campeonato Paulista conquistado pelo Tim\u00e3o. O jogador tatuou a ta\u00e7a da competi\u00e7\u00e3o na panturrilha da perna esquerda como forma de eternizar o feito, que veio ap\u00f3s o empate por 0 a 0 com o Palmeiras na \u00faltima quinta-feira (27), na Neo Qu\u00edmica Arena, no segundo jogo da final.<\/p>\n\n\n\n<p>Yuri teve papel fundamental na campanha do Corinthians no Estadual, sendo um dos artilheiros da equipe com cinco gols em 14 jogos, sendo 10 como titular. Seu gol no primeiro jogo da final, no Allianz Parque, foi crucial para a conquista, j\u00e1 que garantiu a vantagem no placar agregado.<\/p>\n\n\n\n<p>Em entrevista divulgada por meio de sua assessoria, o atacante falou sobre a import\u00e2ncia do t\u00edtulo e a emo\u00e7\u00e3o de fazer parte dessa conquista.<\/p>\n\n\n\n<p> \u201cVai ficar marcado em mim. Na minha mente, no meu cora\u00e7\u00e3o e, agora, no meu corpo. \u00c9 um orgulho enorme fazer parte de algo t\u00e3o grande como um t\u00edtulo paulista aqui no Corinthians\u201d, afirmou Yuri Alberto.<\/p>\n\n\n\n<p>Esta foi a primeira conquista de Yuri com a camisa do Corinthians, e ele expressou a felicidade por finalmente conquistar um t\u00edtulo ap\u00f3s sua chegada ao clube em 2022. Naquela temporada, o jogador teve a decep\u00e7\u00e3o de ficar com o vice-campeonato da Copa do Brasil, perdendo para o Flamengo.<\/p>\n\n\n\n<p>Sobre a tatuagem, Yuri revelou que o gol contra o Palmeiras na final jamais sair\u00e1 de sua mem\u00f3ria.<\/p>\n\n\n\n<p> \u201cSaber que o torcedor corintiano tamb\u00e9m nunca se esquecer\u00e1 disso me emociona. Essa \u00e9 a primeira tatuagem de t\u00edtulo de muitas que pretendo fazer. Essa hist\u00f3ria linda que estou construindo dentro do Corinthians ainda tem muitos cap\u00edtulos vitoriosos pela frente\u201d, disse.<\/p>\n\n\n\n<p>O atacante, que tem contrato com o Corinthians at\u00e9 o final de 2027, j\u00e1 sinalizou que pode renovar o v\u00ednculo com o clube, o que demonstra seu compromisso com o projeto do Tim\u00e3o. Nesta temporada, al\u00e9m do Campeonato Brasileiro, o Corinthians ainda disputa a Copa do Brasil e a Copa Sul-Americana, buscando mais t\u00edtulos para ampliar a hist\u00f3ria vitoriosa da equipe.<\/p>\n","protected":false},"excerpt":{"rendered":"<p>O atacante Yuri Alberto, um dos principais destaques do Corinthians, comemorou de uma maneira especial o t\u00edtulo do Campeonato Paulista conquistado pelo Tim\u00e3o. O jogador tatuou a ta\u00e7a da competi\u00e7\u00e3o na panturrilha da perna esquerda como forma de eternizar o feito, que veio ap\u00f3s o empate por 0 a 0 com o Palmeiras na \u00faltima [&hellip;]<\/p>\n","protected":false},"author":17,"featured_media":171334,"comment_status":"open","ping_status":"closed","sticky":false,"template":"","format":"standard","meta":{"footnotes":""},"categories":[141],"tags":[],"class_list":["post-246830","post","type-post","status-publish","format-standard","has-post-thumbnail","hentry","category-corinthians"],"yoast_head":"<!-- This site is optimized with the Yoast SEO Premium plugin v24.2 (Yoast SEO v26.9) - https:\/\/yoast.com\/product\/yoast-seo-premium-wordpress\/ -->\n<title>Atitude de Yuri Alberto ap\u00f3s o t\u00edtulo do Corinthians viraliza nas redes sociais<\/title>\n<meta name=\"robots\" content=\"index, follow, max-snippet:-1, max-image-preview:large, max-video-preview:-1\" \/>\n<link rel=\"canonical\" href=\"https:\/\/www.gaveanews.com\/index.php\/2025\/03\/30\/atitude-de-yuri-alberto-apos-o-titulo-do-corinthians-viraliza-nas-redes-sociais\/\" \/>\n<meta property=\"og:locale\" content=\"pt_BR\" \/>\n<meta property=\"og:type\" content=\"article\" \/>\n<meta property=\"og:title\" content=\"Atitude de Yuri Alberto ap\u00f3s o t\u00edtulo do Corinthians viraliza nas redes sociais\" \/>\n<meta property=\"og:description\" content=\"O atacante Yuri Alberto, um dos principais destaques do Corinthians, comemorou de uma maneira especial o t\u00edtulo do Campeonato Paulista conquistado pelo Tim\u00e3o. O jogador tatuou a ta\u00e7a da competi\u00e7\u00e3o na panturrilha da perna esquerda como forma de eternizar o feito, que veio ap\u00f3s o empate por 0 a 0 com o Palmeiras na \u00faltima [&hellip;]\" \/>\n<meta property=\"og:url\" content=\"https:\/\/www.gaveanews.com\/index.php\/2025\/03\/30\/atitude-de-yuri-alberto-apos-o-titulo-do-corinthians-viraliza-nas-redes-sociais\/\" \/>\n<meta property=\"og:site_name\" content=\"G\u00e1vea News\" \/>\n<meta property=\"article:publisher\" content=\"https:\/\/facebook.com\/gaveaNews\/\" \/>\n<meta property=\"article:published_time\" content=\"2025-03-31T02:30:01+00:00\" \/>\n<meta property=\"og:image\" content=\"https:\/\/www.gaveanews.com\/wp-content\/uploads\/Yuri-Alberto-em-acao-pelo-Corinthians.webp\" \/>\n\t<meta property=\"og:image:width\" content=\"941\" \/>\n\t<meta property=\"og:image:height\" content=\"604\" \/>\n\t<meta property=\"og:image:type\" content=\"image\/jpeg\" \/>\n<meta name=\"author\" content=\"Geovanna Thomaz\" \/>\n<meta name=\"twitter:card\" content=\"summary_large_image\" \/>\n<meta name=\"twitter:label1\" content=\"Escrito por\" \/>\n\t<meta name=\"twitter:data1\" content=\"Geovanna Thomaz\" \/>\n\t<meta name=\"twitter:label2\" content=\"Est. tempo de leitura\" \/>\n\t<meta name=\"twitter:data2\" content=\"3 minutos\" \/>\n<script type=\"application\/ld+json\" class=\"yoast-schema-graph\">{\"@context\":\"https:\/\/schema.org\",\"@graph\":[{\"@type\":\"NewsArticle\",\"@id\":\"https:\/\/www.gaveanews.com\/index.php\/2025\/03\/30\/atitude-de-yuri-alberto-apos-o-titulo-do-corinthians-viraliza-nas-redes-sociais\/#article\",\"isPartOf\":{\"@id\":\"https:\/\/www.gaveanews.com\/index.php\/2025\/03\/30\/atitude-de-yuri-alberto-apos-o-titulo-do-corinthians-viraliza-nas-redes-sociais\/\"},\"author\":{\"name\":\"Geovanna Thomaz\",\"@id\":\"https:\/\/www.gaveanews.com\/#\/schema\/person\/f42654babcd2b2014a1a65af82b081f1\"},\"headline\":\"Atitude de Yuri Alberto ap\u00f3s o t\u00edtulo do Corinthians viraliza nas redes sociais\",\"datePublished\":\"2025-03-31T02:30:01+00:00\",\"mainEntityOfPage\":{\"@id\":\"https:\/\/www.gaveanews.com\/index.php\/2025\/03\/30\/atitude-de-yuri-alberto-apos-o-titulo-do-corinthians-viraliza-nas-redes-sociais\/\"},\"wordCount\":375,\"commentCount\":0,\"image\":{\"@id\":\"https:\/\/www.gaveanews.com\/index.php\/2025\/03\/30\/atitude-de-yuri-alberto-apos-o-titulo-do-corinthians-viraliza-nas-redes-sociais\/#primaryimage\"},\"thumbnailUrl\":\"https:\/\/www.gaveanews.com\/wp-content\/uploads\/Yuri-Alberto-em-acao-pelo-Corinthians.webp\",\"articleSection\":[\"Corinthians\"],\"inLanguage\":\"pt-BR\",\"potentialAction\":[{\"@type\":\"CommentAction\",\"name\":\"Comment\",\"target\":[\"https:\/\/www.gaveanews.com\/index.php\/2025\/03\/30\/atitude-de-yuri-alberto-apos-o-titulo-do-corinthians-viraliza-nas-redes-sociais\/#respond\"]}],\"copyrightYear\":\"2025\",\"copyrightHolder\":{\"@id\":\"https:\/\/www.gaveanews.com\/#organization\"}},{\"@type\":\"WebPage\",\"@id\":\"https:\/\/www.gaveanews.com\/index.php\/2025\/03\/30\/atitude-de-yuri-alberto-apos-o-titulo-do-corinthians-viraliza-nas-redes-sociais\/\",\"url\":\"https:\/\/www.gaveanews.com\/index.php\/2025\/03\/30\/atitude-de-yuri-alberto-apos-o-titulo-do-corinthians-viraliza-nas-redes-sociais\/\",\"name\":\"Atitude de Yuri Alberto ap\u00f3s o t\u00edtulo do Corinthians viraliza nas redes sociais\",\"isPartOf\":{\"@id\":\"https:\/\/www.gaveanews.com\/#website\"},\"primaryImageOfPage\":{\"@id\":\"https:\/\/www.gaveanews.com\/index.php\/2025\/03\/30\/atitude-de-yuri-alberto-apos-o-titulo-do-corinthians-viraliza-nas-redes-sociais\/#primaryimage\"},\"image\":{\"@id\":\"https:\/\/www.gaveanews.com\/index.php\/2025\/03\/30\/atitude-de-yuri-alberto-apos-o-titulo-do-corinthians-viraliza-nas-redes-sociais\/#primaryimage\"},\"thumbnailUrl\":\"https:\/\/www.gaveanews.com\/wp-content\/uploads\/Yuri-Alberto-em-acao-pelo-Corinthians.webp\",\"datePublished\":\"2025-03-31T02:30:01+00:00\",\"author\":{\"@id\":\"https:\/\/www.gaveanews.com\/#\/schema\/person\/f42654babcd2b2014a1a65af82b081f1\"},\"breadcrumb\":{\"@id\":\"https:\/\/www.gaveanews.com\/index.php\/2025\/03\/30\/atitude-de-yuri-alberto-apos-o-titulo-do-corinthians-viraliza-nas-redes-sociais\/#breadcrumb\"},\"inLanguage\":\"pt-BR\",\"potentialAction\":[{\"@type\":\"ReadAction\",\"target\":[\"https:\/\/www.gaveanews.com\/index.php\/2025\/03\/30\/atitude-de-yuri-alberto-apos-o-titulo-do-corinthians-viraliza-nas-redes-sociais\/\"]}]},{\"@type\":\"ImageObject\",\"inLanguage\":\"pt-BR\",\"@id\":\"https:\/\/www.gaveanews.com\/index.php\/2025\/03\/30\/atitude-de-yuri-alberto-apos-o-titulo-do-corinthians-viraliza-nas-redes-sociais\/#primaryimage\",\"url\":\"https:\/\/www.gaveanews.com\/wp-content\/uploads\/Yuri-Alberto-em-acao-pelo-Corinthians.webp\",\"contentUrl\":\"https:\/\/www.gaveanews.com\/wp-content\/uploads\/Yuri-Alberto-em-acao-pelo-Corinthians.webp\",\"width\":941,\"height\":604,\"caption\":\"Yuri Alberto em a\u00e7\u00e3o pelo Corinthians (Foto: Rodrigo Coca\/Ag\u00eancia Corinthians)\"},{\"@type\":\"BreadcrumbList\",\"@id\":\"https:\/\/www.gaveanews.com\/index.php\/2025\/03\/30\/atitude-de-yuri-alberto-apos-o-titulo-do-corinthians-viraliza-nas-redes-sociais\/#breadcrumb\",\"itemListElement\":[{\"@type\":\"ListItem\",\"position\":1,\"name\":\"Home\",\"item\":\"https:\/\/www.gaveanews.com\/\"},{\"@type\":\"ListItem\",\"position\":2,\"name\":\"Atitude de Yuri Alberto ap\u00f3s o t\u00edtulo do Corinthians viraliza nas redes sociais\"}]},{\"@type\":\"WebSite\",\"@id\":\"https:\/\/www.gaveanews.com\/#website\",\"url\":\"https:\/\/www.gaveanews.com\/\",\"name\":\"G\u00e1vea News\",\"description\":\"Veja todas as not\u00edcias sobre o Flamengo: Contrata\u00e7\u00f5es, categorias de base, resultados das partidas, tabela de classifica\u00e7\u00e3o, pr\u00f3ximos jogos!\",\"potentialAction\":[{\"@type\":\"SearchAction\",\"target\":{\"@type\":\"EntryPoint\",\"urlTemplate\":\"https:\/\/www.gaveanews.com\/?s={search_term_string}\"},\"query-input\":{\"@type\":\"PropertyValueSpecification\",\"valueRequired\":true,\"valueName\":\"search_term_string\"}}],\"inLanguage\":\"pt-BR\"},{\"@type\":\"Person\",\"@id\":\"https:\/\/www.gaveanews.com\/#\/schema\/person\/f42654babcd2b2014a1a65af82b081f1\",\"name\":\"Geovanna Thomaz\",\"image\":{\"@type\":\"ImageObject\",\"inLanguage\":\"pt-BR\",\"@id\":\"https:\/\/www.gaveanews.com\/#\/schema\/person\/image\/\",\"url\":\"https:\/\/secure.gravatar.com\/avatar\/4092073255489533afb558984b49b64268c47198af8623cc82a925ae9fb7118a?s=96&d=mm&r=g\",\"contentUrl\":\"https:\/\/secure.gravatar.com\/avatar\/4092073255489533afb558984b49b64268c47198af8623cc82a925ae9fb7118a?s=96&d=mm&r=g\",\"caption\":\"Geovanna Thomaz\"}}]}<\/script>\n<!-- \/ Yoast SEO Premium plugin. -->","yoast_head_json":{"title":"Atitude de Yuri Alberto ap\u00f3s o t\u00edtulo do Corinthians viraliza nas redes sociais","robots":{"index":"index","follow":"follow","max-snippet":"max-snippet:-1","max-image-preview":"max-image-preview:large","max-video-preview":"max-video-preview:-1"},"canonical":"https:\/\/www.gaveanews.com\/index.php\/2025\/03\/30\/atitude-de-yuri-alberto-apos-o-titulo-do-corinthians-viraliza-nas-redes-sociais\/","og_locale":"pt_BR","og_type":"article","og_title":"Atitude de Yuri Alberto ap\u00f3s o t\u00edtulo do Corinthians viraliza nas redes sociais","og_description":"O atacante Yuri Alberto, um dos principais destaques do Corinthians, comemorou de uma maneira especial o t\u00edtulo do Campeonato Paulista conquistado pelo Tim\u00e3o. O jogador tatuou a ta\u00e7a da competi\u00e7\u00e3o na panturrilha da perna esquerda como forma de eternizar o feito, que veio ap\u00f3s o empate por 0 a 0 com o Palmeiras na \u00faltima [&hellip;]","og_url":"https:\/\/www.gaveanews.com\/index.php\/2025\/03\/30\/atitude-de-yuri-alberto-apos-o-titulo-do-corinthians-viraliza-nas-redes-sociais\/","og_site_name":"G\u00e1vea News","article_publisher":"https:\/\/facebook.com\/gaveaNews\/","article_published_time":"2025-03-31T02:30:01+00:00","og_image":[{"width":941,"height":604,"url":"https:\/\/www.gaveanews.com\/wp-content\/uploads\/Yuri-Alberto-em-acao-pelo-Corinthians.webp","type":"image\/jpeg"}],"author":"Geovanna Thomaz","twitter_card":"summary_large_image","twitter_misc":{"Escrito por":"Geovanna Thomaz","Est. tempo de leitura":"3 minutos"},"schema":{"@context":"https:\/\/schema.org","@graph":[{"@type":"NewsArticle","@id":"https:\/\/www.gaveanews.com\/index.php\/2025\/03\/30\/atitude-de-yuri-alberto-apos-o-titulo-do-corinthians-viraliza-nas-redes-sociais\/#article","isPartOf":{"@id":"https:\/\/www.gaveanews.com\/index.php\/2025\/03\/30\/atitude-de-yuri-alberto-apos-o-titulo-do-corinthians-viraliza-nas-redes-sociais\/"},"author":{"name":"Geovanna Thomaz","@id":"https:\/\/www.gaveanews.com\/#\/schema\/person\/f42654babcd2b2014a1a65af82b081f1"},"headline":"Atitude de Yuri Alberto ap\u00f3s o t\u00edtulo do Corinthians viraliza nas redes sociais","datePublished":"2025-03-31T02:30:01+00:00","mainEntityOfPage":{"@id":"https:\/\/www.gaveanews.com\/index.php\/2025\/03\/30\/atitude-de-yuri-alberto-apos-o-titulo-do-corinthians-viraliza-nas-redes-sociais\/"},"wordCount":375,"commentCount":0,"image":{"@id":"https:\/\/www.gaveanews.com\/index.php\/2025\/03\/30\/atitude-de-yuri-alberto-apos-o-titulo-do-corinthians-viraliza-nas-redes-sociais\/#primaryimage"},"thumbnailUrl":"https:\/\/www.gaveanews.com\/wp-content\/uploads\/Yuri-Alberto-em-acao-pelo-Corinthians.webp","articleSection":["Corinthians"],"inLanguage":"pt-BR","potentialAction":[{"@type":"CommentAction","name":"Comment","target":["https:\/\/www.gaveanews.com\/index.php\/2025\/03\/30\/atitude-de-yuri-alberto-apos-o-titulo-do-corinthians-viraliza-nas-redes-sociais\/#respond"]}],"copyrightYear":"2025","copyrightHolder":{"@id":"https:\/\/www.gaveanews.com\/#organization"}},{"@type":"WebPage","@id":"https:\/\/www.gaveanews.com\/index.php\/2025\/03\/30\/atitude-de-yuri-alberto-apos-o-titulo-do-corinthians-viraliza-nas-redes-sociais\/","url":"https:\/\/www.gaveanews.com\/index.php\/2025\/03\/30\/atitude-de-yuri-alberto-apos-o-titulo-do-corinthians-viraliza-nas-redes-sociais\/","name":"Atitude de Yuri Alberto ap\u00f3s o t\u00edtulo do Corinthians viraliza nas redes sociais","isPartOf":{"@id":"https:\/\/www.gaveanews.com\/#website"},"primaryImageOfPage":{"@id":"https:\/\/www.gaveanews.com\/index.php\/2025\/03\/30\/atitude-de-yuri-alberto-apos-o-titulo-do-corinthians-viraliza-nas-redes-sociais\/#primaryimage"},"image":{"@id":"https:\/\/www.gaveanews.com\/index.php\/2025\/03\/30\/atitude-de-yuri-alberto-apos-o-titulo-do-corinthians-viraliza-nas-redes-sociais\/#primaryimage"},"thumbnailUrl":"https:\/\/www.gaveanews.com\/wp-content\/uploads\/Yuri-Alberto-em-acao-pelo-Corinthians.webp","datePublished":"2025-03-31T02:30:01+00:00","author":{"@id":"https:\/\/www.gaveanews.com\/#\/schema\/person\/f42654babcd2b2014a1a65af82b081f1"},"breadcrumb":{"@id":"https:\/\/www.gaveanews.com\/index.php\/2025\/03\/30\/atitude-de-yuri-alberto-apos-o-titulo-do-corinthians-viraliza-nas-redes-sociais\/#breadcrumb"},"inLanguage":"pt-BR","potentialAction":[{"@type":"ReadAction","target":["https:\/\/www.gaveanews.com\/index.php\/2025\/03\/30\/atitude-de-yuri-alberto-apos-o-titulo-do-corinthians-viraliza-nas-redes-sociais\/"]}]},{"@type":"ImageObject","inLanguage":"pt-BR","@id":"https:\/\/www.gaveanews.com\/index.php\/2025\/03\/30\/atitude-de-yuri-alberto-apos-o-titulo-do-corinthians-viraliza-nas-redes-sociais\/#primaryimage","url":"https:\/\/www.gaveanews.com\/wp-content\/uploads\/Yuri-Alberto-em-acao-pelo-Corinthians.webp","contentUrl":"https:\/\/www.gaveanews.com\/wp-content\/uploads\/Yuri-Alberto-em-acao-pelo-Corinthians.webp","width":941,"height":604,"caption":"Yuri Alberto em a\u00e7\u00e3o pelo Corinthians (Foto: Rodrigo Coca\/Ag\u00eancia Corinthians)"},{"@type":"BreadcrumbList","@id":"https:\/\/www.gaveanews.com\/index.php\/2025\/03\/30\/atitude-de-yuri-alberto-apos-o-titulo-do-corinthians-viraliza-nas-redes-sociais\/#breadcrumb","itemListElement":[{"@type":"ListItem","position":1,"name":"Home","item":"https:\/\/www.gaveanews.com\/"},{"@type":"ListItem","position":2,"name":"Atitude de Yuri Alberto ap\u00f3s o t\u00edtulo do Corinthians viraliza nas redes sociais"}]},{"@type":"WebSite","@id":"https:\/\/www.gaveanews.com\/#website","url":"https:\/\/www.gaveanews.com\/","name":"G\u00e1vea News","description":"Veja todas as not\u00edcias sobre o Flamengo: Contrata\u00e7\u00f5es, categorias de base, resultados das partidas, tabela de classifica\u00e7\u00e3o, pr\u00f3ximos jogos!","potentialAction":[{"@type":"SearchAction","target":{"@type":"EntryPoint","urlTemplate":"https:\/\/www.gaveanews.com\/?s={search_term_string}"},"query-input":{"@type":"PropertyValueSpecification","valueRequired":true,"valueName":"search_term_string"}}],"inLanguage":"pt-BR"},{"@type":"Person","@id":"https:\/\/www.gaveanews.com\/#\/schema\/person\/f42654babcd2b2014a1a65af82b081f1","name":"Geovanna Thomaz","image":{"@type":"ImageObject","inLanguage":"pt-BR","@id":"https:\/\/www.gaveanews.com\/#\/schema\/person\/image\/","url":"https:\/\/secure.gravatar.com\/avatar\/4092073255489533afb558984b49b64268c47198af8623cc82a925ae9fb7118a?s=96&d=mm&r=g","contentUrl":"https:\/\/secure.gravatar.com\/avatar\/4092073255489533afb558984b49b64268c47198af8623cc82a925ae9fb7118a?s=96&d=mm&r=g","caption":"Geovanna Thomaz"}}]}},"_links":{"self":[{"href":"https:\/\/www.gaveanews.com\/index.php\/wp-json\/wp\/v2\/posts\/246830","targetHints":{"allow":["GET"]}}],"collection":[{"href":"https:\/\/www.gaveanews.com\/index.php\/wp-json\/wp\/v2\/posts"}],"about":[{"href":"https:\/\/www.gaveanews.com\/index.php\/wp-json\/wp\/v2\/types\/post"}],"author":[{"embeddable":true,"href":"https:\/\/www.gaveanews.com\/index.php\/wp-json\/wp\/v2\/users\/17"}],"replies":[{"embeddable":true,"href":"https:\/\/www.gaveanews.com\/index.php\/wp-json\/wp\/v2\/comments?post=246830"}],"version-history":[{"count":1,"href":"https:\/\/www.gaveanews.com\/index.php\/wp-json\/wp\/v2\/posts\/246830\/revisions"}],"predecessor-version":[{"id":246832,"href":"https:\/\/www.gaveanews.com\/index.php\/wp-json\/wp\/v2\/posts\/246830\/revisions\/246832"}],"wp:featuredmedia":[{"embeddable":true,"href":"https:\/\/www.gaveanews.com\/index.php\/wp-json\/wp\/v2\/media\/171334"}],"wp:attachment":[{"href":"https:\/\/www.gaveanews.com\/index.php\/wp-json\/wp\/v2\/media?parent=246830"}],"wp:term":[{"taxonomy":"category","embeddable":true,"href":"https:\/\/www.gaveanews.com\/index.php\/wp-json\/wp\/v2\/categories?post=246830"},{"taxonomy":"post_tag","embeddable":true,"href":"https:\/\/www.gaveanews.com\/index.php\/wp-json\/wp\/v2\/tags?post=246830"}],"curies":[{"name":"wp","href":"https:\/\/api.w.org\/{rel}","templated":true}]}}