{"id":246831,"date":"2025-03-30T21:27:00","date_gmt":"2025-03-31T00:27:00","guid":{"rendered":"https:\/\/www.gaveanews.com\/?p=246831"},"modified":"2025-03-30T21:39:04","modified_gmt":"2025-03-31T00:39:04","slug":"vasco-o-pedido-de-fabio-carille-a-torcida","status":"publish","type":"post","link":"https:\/\/www.gaveanews.com\/index.php\/2025\/03\/30\/vasco-o-pedido-de-fabio-carille-a-torcida\/","title":{"rendered":"Vasco: o pedido de F\u00e1bio Carille \u00e0 torcida"},"content":{"rendered":"\n<p>O Vasco estreou no Campeonato Brasileiro com uma vit\u00f3ria de virada por 2 a 1 sobre o Santos, na noite deste domingo (30), em S\u00e3o Janu\u00e1rio. O resultado positivo, por\u00e9m, n\u00e3o amenizou a preocupa\u00e7\u00e3o do t\u00e9cnico F\u00e1bio Carille com a rea\u00e7\u00e3o da torcida ap\u00f3s o gol sofrido, ainda na primeira etapa. O treinador abriu uma brecha durante a coletiva p\u00f3s-jogo para enfatizar a import\u00e2ncia do apoio constante, independentemente do momento da partida.<\/p>\n\n\n\n<p>\u201cMe preocupou muito depois que tomou o gol, porque a gente come\u00e7ou a errar muito, n\u00e9? Temos que entender a impaci\u00eancia da torcida, mas que eles apoiem o tempo todo. Vai apoiar s\u00f3 na vit\u00f3ria? Vem e apoia porque a gente est\u00e1 trabalhando muito s\u00e9rio aqui com os atletas. \u00c9 muito f\u00e1cil apoiar s\u00f3 quando est\u00e1 ganhando\u201d, afirmou.<\/p>\n\n\n\n<p>O treinador ressaltou o papel fundamental da torcida no desempenho da equipe, destacando a necessidade de apoio cont\u00ednuo, especialmente nos momentos desafiadores. \u201c\u00c9 o 12\u00ba jogador nosso, eu sei o quanto \u00e9 ruim jogar aqui com a torcida a favor nossa. J\u00e1 passei essa experi\u00eancia algumas vezes como auxiliar, como t\u00e9cnico e at\u00e9 mesmo como jogador\u201d, completou. <\/p>\n\n\n\n<h2 class=\"wp-block-heading\" id=\"h-mudanca-de-estrategia\">Mudan\u00e7a de estrat\u00e9gia?<\/h2>\n\n\n\n<p>No segundo tempo, o Vasco conseguiu a virada com gols de Nuno Moreira e Vegetti. Carille mencionou que n\u00e3o foi necess\u00e1rio ajustar a parte t\u00e1tica durante o intervalo, mas, sim, concentrar-se em transmitir confian\u00e7a aos jogadores. \u201cO que eu mais falei no intervalo: \u2018Quem comanda a nossa cabe\u00e7a somos n\u00f3s mesmos dentro de campo\u2019. T\u00e1tica (falei) nada porque estava um jogo igual, chances para os dois lados iguais, imagino eu\u201d, explicou. <\/p>\n\n\n\n<p>&#8220;Um jogo grande, como \u00e9 o Campeonato Brasileiro. \u00c9 normal tomar gol. Se foi de erro ou n\u00e3o, \u00e9 normal tomar gol. Mas a gente tem que continuar concentrado e principalmente, individualmente falando da parte t\u00e9cnica, o simples tem que fazer bem feito. Sen\u00e3o, a impaci\u00eancia do torcedor aumenta e o nosso nervosismo dentro de campo tamb\u00e9m. Isso j\u00e1 n\u00e3o \u00e9 de hoje, j\u00e1 \u00e9 de anos, \u00e9 o que eu escuto das pessoas que trabalham no Vasco&#8221;, prosseguiu. <\/p>\n\n\n\n<p>&#8220;Ent\u00e3o, nessa hora eu n\u00e3o tenho que gritar nada no intervalo, e sim acalmar e trazer principalmente a situa\u00e7\u00e3o de quem comanda a nossa cabe\u00e7a somos n\u00f3s. O torcedor n\u00e3o entra dentro de campo para tomar decis\u00e3o. Temos que acertar e continuar fazendo o que estava planejado desde o in\u00edcio, independentemente de estar perdendo ou n\u00e3o&#8221;, concluiu. <\/p>\n\n\n\n<h2 class=\"wp-block-heading\" id=\"h-calendario-do-vasco\">Calend\u00e1rio do Vasco<\/h2>\n\n\n\n<p>O Vasco de F\u00e1bio Carille retorna aos gramados nesta quarta-feira (02) para iniciar sua trajet\u00f3ria na Conmebol Sul-Americana, no Peru. Melgar e Vasco se enfrentam \u00e0s 19h pela primeira rodada da fase de grupos.<\/p>\n\n\n\n<p>O Cruz-Maltino, terceiro colocado do Brasileir\u00e3o, volta a focar no campeonato nacional no pr\u00f3ximo s\u00e1bado, dia 05 de abril. O Vasco vai \u00e0 Neo Qu\u00edmica Arena para encarar o Corinthians, de Ram\u00f3n D\u00edaz, \u00e0s 18h30, pela segunda rodada da competi\u00e7\u00e3o de pontos corridos. <\/p>\n","protected":false},"excerpt":{"rendered":"<p>O Vasco estreou no Campeonato Brasileiro com uma vit\u00f3ria de virada por 2 a 1 sobre o Santos, na noite deste domingo (30), em S\u00e3o Janu\u00e1rio. O resultado positivo, por\u00e9m, n\u00e3o amenizou a preocupa\u00e7\u00e3o do t\u00e9cnico F\u00e1bio Carille com a rea\u00e7\u00e3o da torcida ap\u00f3s o gol sofrido, ainda na primeira etapa. O treinador abriu uma [&hellip;]<\/p>\n","protected":false},"author":30,"featured_media":220355,"comment_status":"open","ping_status":"closed","sticky":false,"template":"","format":"standard","meta":{"footnotes":""},"categories":[133,152],"tags":[],"class_list":["post-246831","post","type-post","status-publish","format-standard","has-post-thumbnail","hentry","category-brasileirao","category-vasco"],"yoast_head":"<!-- This site is optimized with the Yoast SEO Premium plugin v24.2 (Yoast SEO v26.9) - https:\/\/yoast.com\/product\/yoast-seo-premium-wordpress\/ -->\n<title>Vasco: o pedido de F\u00e1bio Carille \u00e0 torcida<\/title>\n<meta name=\"robots\" content=\"index, follow, max-snippet:-1, max-image-preview:large, max-video-preview:-1\" \/>\n<link rel=\"canonical\" href=\"https:\/\/www.gaveanews.com\/index.php\/2025\/03\/30\/vasco-o-pedido-de-fabio-carille-a-torcida\/\" \/>\n<meta property=\"og:locale\" content=\"pt_BR\" \/>\n<meta property=\"og:type\" content=\"article\" \/>\n<meta property=\"og:title\" content=\"Vasco: o pedido de F\u00e1bio Carille \u00e0 torcida\" \/>\n<meta property=\"og:description\" content=\"O Vasco estreou no Campeonato Brasileiro com uma vit\u00f3ria de virada por 2 a 1 sobre o Santos, na noite deste domingo (30), em S\u00e3o Janu\u00e1rio. O resultado positivo, por\u00e9m, n\u00e3o amenizou a preocupa\u00e7\u00e3o do t\u00e9cnico F\u00e1bio Carille com a rea\u00e7\u00e3o da torcida ap\u00f3s o gol sofrido, ainda na primeira etapa. O treinador abriu uma [&hellip;]\" \/>\n<meta property=\"og:url\" content=\"https:\/\/www.gaveanews.com\/index.php\/2025\/03\/30\/vasco-o-pedido-de-fabio-carille-a-torcida\/\" \/>\n<meta property=\"og:site_name\" content=\"G\u00e1vea News\" \/>\n<meta property=\"article:publisher\" content=\"https:\/\/facebook.com\/gaveaNews\/\" \/>\n<meta property=\"article:published_time\" content=\"2025-03-31T00:27:00+00:00\" \/>\n<meta property=\"article:modified_time\" content=\"2025-03-31T00:39:04+00:00\" \/>\n<meta property=\"og:image\" content=\"http:\/\/www.gaveanews.com\/wp-content\/uploads\/Carille-pelo-Vasco.webp\" \/>\n\t<meta property=\"og:image:width\" content=\"738\" \/>\n\t<meta property=\"og:image:height\" content=\"469\" \/>\n\t<meta property=\"og:image:type\" content=\"image\/jpeg\" \/>\n<meta name=\"author\" content=\"Ana Teixeira\" \/>\n<meta name=\"twitter:card\" content=\"summary_large_image\" \/>\n<meta name=\"twitter:label1\" content=\"Escrito por\" \/>\n\t<meta name=\"twitter:data1\" content=\"Ana Teixeira\" \/>\n\t<meta name=\"twitter:label2\" content=\"Est. tempo de leitura\" \/>\n\t<meta name=\"twitter:data2\" content=\"3 minutos\" \/>\n<script type=\"application\/ld+json\" class=\"yoast-schema-graph\">{\"@context\":\"https:\/\/schema.org\",\"@graph\":[{\"@type\":\"NewsArticle\",\"@id\":\"https:\/\/www.gaveanews.com\/index.php\/2025\/03\/30\/vasco-o-pedido-de-fabio-carille-a-torcida\/#article\",\"isPartOf\":{\"@id\":\"https:\/\/www.gaveanews.com\/index.php\/2025\/03\/30\/vasco-o-pedido-de-fabio-carille-a-torcida\/\"},\"author\":{\"name\":\"Ana Teixeira\",\"@id\":\"https:\/\/www.gaveanews.com\/#\/schema\/person\/3b19f7288b0ce20372991275e4f2e6c2\"},\"headline\":\"Vasco: o pedido de F\u00e1bio Carille \u00e0 torcida\",\"datePublished\":\"2025-03-31T00:27:00+00:00\",\"dateModified\":\"2025-03-31T00:39:04+00:00\",\"mainEntityOfPage\":{\"@id\":\"https:\/\/www.gaveanews.com\/index.php\/2025\/03\/30\/vasco-o-pedido-de-fabio-carille-a-torcida\/\"},\"wordCount\":523,\"commentCount\":0,\"image\":{\"@id\":\"https:\/\/www.gaveanews.com\/index.php\/2025\/03\/30\/vasco-o-pedido-de-fabio-carille-a-torcida\/#primaryimage\"},\"thumbnailUrl\":\"https:\/\/www.gaveanews.com\/wp-content\/uploads\/Carille-pelo-Vasco.webp\",\"articleSection\":[\"Brasileir\u00e3o\",\"Vasco\"],\"inLanguage\":\"pt-BR\",\"potentialAction\":[{\"@type\":\"CommentAction\",\"name\":\"Comment\",\"target\":[\"https:\/\/www.gaveanews.com\/index.php\/2025\/03\/30\/vasco-o-pedido-de-fabio-carille-a-torcida\/#respond\"]}],\"copyrightYear\":\"2025\",\"copyrightHolder\":{\"@id\":\"https:\/\/www.gaveanews.com\/#organization\"}},{\"@type\":\"WebPage\",\"@id\":\"https:\/\/www.gaveanews.com\/index.php\/2025\/03\/30\/vasco-o-pedido-de-fabio-carille-a-torcida\/\",\"url\":\"https:\/\/www.gaveanews.com\/index.php\/2025\/03\/30\/vasco-o-pedido-de-fabio-carille-a-torcida\/\",\"name\":\"Vasco: o pedido de F\u00e1bio Carille \u00e0 torcida\",\"isPartOf\":{\"@id\":\"https:\/\/www.gaveanews.com\/#website\"},\"primaryImageOfPage\":{\"@id\":\"https:\/\/www.gaveanews.com\/index.php\/2025\/03\/30\/vasco-o-pedido-de-fabio-carille-a-torcida\/#primaryimage\"},\"image\":{\"@id\":\"https:\/\/www.gaveanews.com\/index.php\/2025\/03\/30\/vasco-o-pedido-de-fabio-carille-a-torcida\/#primaryimage\"},\"thumbnailUrl\":\"https:\/\/www.gaveanews.com\/wp-content\/uploads\/Carille-pelo-Vasco.webp\",\"datePublished\":\"2025-03-31T00:27:00+00:00\",\"dateModified\":\"2025-03-31T00:39:04+00:00\",\"author\":{\"@id\":\"https:\/\/www.gaveanews.com\/#\/schema\/person\/3b19f7288b0ce20372991275e4f2e6c2\"},\"breadcrumb\":{\"@id\":\"https:\/\/www.gaveanews.com\/index.php\/2025\/03\/30\/vasco-o-pedido-de-fabio-carille-a-torcida\/#breadcrumb\"},\"inLanguage\":\"pt-BR\",\"potentialAction\":[{\"@type\":\"ReadAction\",\"target\":[\"https:\/\/www.gaveanews.com\/index.php\/2025\/03\/30\/vasco-o-pedido-de-fabio-carille-a-torcida\/\"]}]},{\"@type\":\"ImageObject\",\"inLanguage\":\"pt-BR\",\"@id\":\"https:\/\/www.gaveanews.com\/index.php\/2025\/03\/30\/vasco-o-pedido-de-fabio-carille-a-torcida\/#primaryimage\",\"url\":\"https:\/\/www.gaveanews.com\/wp-content\/uploads\/Carille-pelo-Vasco.webp\",\"contentUrl\":\"https:\/\/www.gaveanews.com\/wp-content\/uploads\/Carille-pelo-Vasco.webp\",\"width\":738,\"height\":469,\"caption\":\"Carille pelo Vasco (Foto: Reprodu\u00e7\u00e3o)\"},{\"@type\":\"BreadcrumbList\",\"@id\":\"https:\/\/www.gaveanews.com\/index.php\/2025\/03\/30\/vasco-o-pedido-de-fabio-carille-a-torcida\/#breadcrumb\",\"itemListElement\":[{\"@type\":\"ListItem\",\"position\":1,\"name\":\"Home\",\"item\":\"https:\/\/www.gaveanews.com\/\"},{\"@type\":\"ListItem\",\"position\":2,\"name\":\"Vasco: o pedido de F\u00e1bio Carille \u00e0 torcida\"}]},{\"@type\":\"WebSite\",\"@id\":\"https:\/\/www.gaveanews.com\/#website\",\"url\":\"https:\/\/www.gaveanews.com\/\",\"name\":\"G\u00e1vea News\",\"description\":\"Veja todas as not\u00edcias sobre o Flamengo: Contrata\u00e7\u00f5es, categorias de base, resultados das partidas, tabela de classifica\u00e7\u00e3o, pr\u00f3ximos jogos!\",\"potentialAction\":[{\"@type\":\"SearchAction\",\"target\":{\"@type\":\"EntryPoint\",\"urlTemplate\":\"https:\/\/www.gaveanews.com\/?s={search_term_string}\"},\"query-input\":{\"@type\":\"PropertyValueSpecification\",\"valueRequired\":true,\"valueName\":\"search_term_string\"}}],\"inLanguage\":\"pt-BR\"},{\"@type\":\"Person\",\"@id\":\"https:\/\/www.gaveanews.com\/#\/schema\/person\/3b19f7288b0ce20372991275e4f2e6c2\",\"name\":\"Ana Teixeira\",\"image\":{\"@type\":\"ImageObject\",\"inLanguage\":\"pt-BR\",\"@id\":\"https:\/\/www.gaveanews.com\/#\/schema\/person\/image\/\",\"url\":\"https:\/\/secure.gravatar.com\/avatar\/0a73f5a5258f3fed37fc2fa641892f3f7a4748456d4d4792f9bc550e6c19e06c?s=96&d=mm&r=g\",\"contentUrl\":\"https:\/\/secure.gravatar.com\/avatar\/0a73f5a5258f3fed37fc2fa641892f3f7a4748456d4d4792f9bc550e6c19e06c?s=96&d=mm&r=g\",\"caption\":\"Ana Teixeira\"}}]}<\/script>\n<!-- \/ Yoast SEO Premium plugin. -->","yoast_head_json":{"title":"Vasco: o pedido de F\u00e1bio Carille \u00e0 torcida","robots":{"index":"index","follow":"follow","max-snippet":"max-snippet:-1","max-image-preview":"max-image-preview:large","max-video-preview":"max-video-preview:-1"},"canonical":"https:\/\/www.gaveanews.com\/index.php\/2025\/03\/30\/vasco-o-pedido-de-fabio-carille-a-torcida\/","og_locale":"pt_BR","og_type":"article","og_title":"Vasco: o pedido de F\u00e1bio Carille \u00e0 torcida","og_description":"O Vasco estreou no Campeonato Brasileiro com uma vit\u00f3ria de virada por 2 a 1 sobre o Santos, na noite deste domingo (30), em S\u00e3o Janu\u00e1rio. O resultado positivo, por\u00e9m, n\u00e3o amenizou a preocupa\u00e7\u00e3o do t\u00e9cnico F\u00e1bio Carille com a rea\u00e7\u00e3o da torcida ap\u00f3s o gol sofrido, ainda na primeira etapa. O treinador abriu uma [&hellip;]","og_url":"https:\/\/www.gaveanews.com\/index.php\/2025\/03\/30\/vasco-o-pedido-de-fabio-carille-a-torcida\/","og_site_name":"G\u00e1vea News","article_publisher":"https:\/\/facebook.com\/gaveaNews\/","article_published_time":"2025-03-31T00:27:00+00:00","article_modified_time":"2025-03-31T00:39:04+00:00","og_image":[{"width":738,"height":469,"url":"http:\/\/www.gaveanews.com\/wp-content\/uploads\/Carille-pelo-Vasco.webp","type":"image\/jpeg"}],"author":"Ana Teixeira","twitter_card":"summary_large_image","twitter_misc":{"Escrito por":"Ana Teixeira","Est. tempo de leitura":"3 minutos"},"schema":{"@context":"https:\/\/schema.org","@graph":[{"@type":"NewsArticle","@id":"https:\/\/www.gaveanews.com\/index.php\/2025\/03\/30\/vasco-o-pedido-de-fabio-carille-a-torcida\/#article","isPartOf":{"@id":"https:\/\/www.gaveanews.com\/index.php\/2025\/03\/30\/vasco-o-pedido-de-fabio-carille-a-torcida\/"},"author":{"name":"Ana Teixeira","@id":"https:\/\/www.gaveanews.com\/#\/schema\/person\/3b19f7288b0ce20372991275e4f2e6c2"},"headline":"Vasco: o pedido de F\u00e1bio Carille \u00e0 torcida","datePublished":"2025-03-31T00:27:00+00:00","dateModified":"2025-03-31T00:39:04+00:00","mainEntityOfPage":{"@id":"https:\/\/www.gaveanews.com\/index.php\/2025\/03\/30\/vasco-o-pedido-de-fabio-carille-a-torcida\/"},"wordCount":523,"commentCount":0,"image":{"@id":"https:\/\/www.gaveanews.com\/index.php\/2025\/03\/30\/vasco-o-pedido-de-fabio-carille-a-torcida\/#primaryimage"},"thumbnailUrl":"https:\/\/www.gaveanews.com\/wp-content\/uploads\/Carille-pelo-Vasco.webp","articleSection":["Brasileir\u00e3o","Vasco"],"inLanguage":"pt-BR","potentialAction":[{"@type":"CommentAction","name":"Comment","target":["https:\/\/www.gaveanews.com\/index.php\/2025\/03\/30\/vasco-o-pedido-de-fabio-carille-a-torcida\/#respond"]}],"copyrightYear":"2025","copyrightHolder":{"@id":"https:\/\/www.gaveanews.com\/#organization"}},{"@type":"WebPage","@id":"https:\/\/www.gaveanews.com\/index.php\/2025\/03\/30\/vasco-o-pedido-de-fabio-carille-a-torcida\/","url":"https:\/\/www.gaveanews.com\/index.php\/2025\/03\/30\/vasco-o-pedido-de-fabio-carille-a-torcida\/","name":"Vasco: o pedido de F\u00e1bio Carille \u00e0 torcida","isPartOf":{"@id":"https:\/\/www.gaveanews.com\/#website"},"primaryImageOfPage":{"@id":"https:\/\/www.gaveanews.com\/index.php\/2025\/03\/30\/vasco-o-pedido-de-fabio-carille-a-torcida\/#primaryimage"},"image":{"@id":"https:\/\/www.gaveanews.com\/index.php\/2025\/03\/30\/vasco-o-pedido-de-fabio-carille-a-torcida\/#primaryimage"},"thumbnailUrl":"https:\/\/www.gaveanews.com\/wp-content\/uploads\/Carille-pelo-Vasco.webp","datePublished":"2025-03-31T00:27:00+00:00","dateModified":"2025-03-31T00:39:04+00:00","author":{"@id":"https:\/\/www.gaveanews.com\/#\/schema\/person\/3b19f7288b0ce20372991275e4f2e6c2"},"breadcrumb":{"@id":"https:\/\/www.gaveanews.com\/index.php\/2025\/03\/30\/vasco-o-pedido-de-fabio-carille-a-torcida\/#breadcrumb"},"inLanguage":"pt-BR","potentialAction":[{"@type":"ReadAction","target":["https:\/\/www.gaveanews.com\/index.php\/2025\/03\/30\/vasco-o-pedido-de-fabio-carille-a-torcida\/"]}]},{"@type":"ImageObject","inLanguage":"pt-BR","@id":"https:\/\/www.gaveanews.com\/index.php\/2025\/03\/30\/vasco-o-pedido-de-fabio-carille-a-torcida\/#primaryimage","url":"https:\/\/www.gaveanews.com\/wp-content\/uploads\/Carille-pelo-Vasco.webp","contentUrl":"https:\/\/www.gaveanews.com\/wp-content\/uploads\/Carille-pelo-Vasco.webp","width":738,"height":469,"caption":"Carille pelo Vasco (Foto: Reprodu\u00e7\u00e3o)"},{"@type":"BreadcrumbList","@id":"https:\/\/www.gaveanews.com\/index.php\/2025\/03\/30\/vasco-o-pedido-de-fabio-carille-a-torcida\/#breadcrumb","itemListElement":[{"@type":"ListItem","position":1,"name":"Home","item":"https:\/\/www.gaveanews.com\/"},{"@type":"ListItem","position":2,"name":"Vasco: o pedido de F\u00e1bio Carille \u00e0 torcida"}]},{"@type":"WebSite","@id":"https:\/\/www.gaveanews.com\/#website","url":"https:\/\/www.gaveanews.com\/","name":"G\u00e1vea News","description":"Veja todas as not\u00edcias sobre o Flamengo: Contrata\u00e7\u00f5es, categorias de base, resultados das partidas, tabela de classifica\u00e7\u00e3o, pr\u00f3ximos jogos!","potentialAction":[{"@type":"SearchAction","target":{"@type":"EntryPoint","urlTemplate":"https:\/\/www.gaveanews.com\/?s={search_term_string}"},"query-input":{"@type":"PropertyValueSpecification","valueRequired":true,"valueName":"search_term_string"}}],"inLanguage":"pt-BR"},{"@type":"Person","@id":"https:\/\/www.gaveanews.com\/#\/schema\/person\/3b19f7288b0ce20372991275e4f2e6c2","name":"Ana Teixeira","image":{"@type":"ImageObject","inLanguage":"pt-BR","@id":"https:\/\/www.gaveanews.com\/#\/schema\/person\/image\/","url":"https:\/\/secure.gravatar.com\/avatar\/0a73f5a5258f3fed37fc2fa641892f3f7a4748456d4d4792f9bc550e6c19e06c?s=96&d=mm&r=g","contentUrl":"https:\/\/secure.gravatar.com\/avatar\/0a73f5a5258f3fed37fc2fa641892f3f7a4748456d4d4792f9bc550e6c19e06c?s=96&d=mm&r=g","caption":"Ana Teixeira"}}]}},"_links":{"self":[{"href":"https:\/\/www.gaveanews.com\/index.php\/wp-json\/wp\/v2\/posts\/246831","targetHints":{"allow":["GET"]}}],"collection":[{"href":"https:\/\/www.gaveanews.com\/index.php\/wp-json\/wp\/v2\/posts"}],"about":[{"href":"https:\/\/www.gaveanews.com\/index.php\/wp-json\/wp\/v2\/types\/post"}],"author":[{"embeddable":true,"href":"https:\/\/www.gaveanews.com\/index.php\/wp-json\/wp\/v2\/users\/30"}],"replies":[{"embeddable":true,"href":"https:\/\/www.gaveanews.com\/index.php\/wp-json\/wp\/v2\/comments?post=246831"}],"version-history":[{"count":3,"href":"https:\/\/www.gaveanews.com\/index.php\/wp-json\/wp\/v2\/posts\/246831\/revisions"}],"predecessor-version":[{"id":246837,"href":"https:\/\/www.gaveanews.com\/index.php\/wp-json\/wp\/v2\/posts\/246831\/revisions\/246837"}],"wp:featuredmedia":[{"embeddable":true,"href":"https:\/\/www.gaveanews.com\/index.php\/wp-json\/wp\/v2\/media\/220355"}],"wp:attachment":[{"href":"https:\/\/www.gaveanews.com\/index.php\/wp-json\/wp\/v2\/media?parent=246831"}],"wp:term":[{"taxonomy":"category","embeddable":true,"href":"https:\/\/www.gaveanews.com\/index.php\/wp-json\/wp\/v2\/categories?post=246831"},{"taxonomy":"post_tag","embeddable":true,"href":"https:\/\/www.gaveanews.com\/index.php\/wp-json\/wp\/v2\/tags?post=246831"}],"curies":[{"name":"wp","href":"https:\/\/api.w.org\/{rel}","templated":true}]}}