{"id":246833,"date":"2025-03-30T23:40:44","date_gmt":"2025-03-31T02:40:44","guid":{"rendered":"https:\/\/www.gaveanews.com\/?p=246833"},"modified":"2025-03-30T22:01:57","modified_gmt":"2025-03-31T01:01:57","slug":"video-a-declaracao-de-hugo-souza-direcionada-a-felix-torres-do-corinthians","status":"publish","type":"post","link":"https:\/\/www.gaveanews.com\/index.php\/2025\/03\/30\/video-a-declaracao-de-hugo-souza-direcionada-a-felix-torres-do-corinthians\/","title":{"rendered":"V\u00eddeo: a declara\u00e7\u00e3o de Hugo Souza direcionada a F\u00e9lix Torres, do Corinthians"},"content":{"rendered":"\n<h2 class=\"wp-block-heading\" id=\"h-ele-me-prometeu-a-premiacao-dele-brincou-o-goleiro\">&#8220;Ele me prometeu a premia\u00e7\u00e3o dele&#8221;, brincou o goleiro <\/h2>\n\n\n\n<p>Na \u00faltima quinta-feira (27), o Corinthians soltou o grito de &#8220;\u00e9 campe\u00e3o&#8221;. Ap\u00f3s vencer o Palmeiras no Allianz Parque por 1 a 0 e empatar na Neo Qu\u00edmica Arena por 0 a 0, o Tim\u00e3o conquistou o 31\u00b0 t\u00edtulo de Campeonato Paulista. <\/p>\n\n\n\n<p>O empate e o t\u00edtulo foram muito gra\u00e7as ao goleiro Hugo Souza, que defendeu um p\u00eanalti no segundo tempo da partida. Na ocasi\u00e3o, o meia Raphael Veiga cobrou no canto direito do arqueiro, que pulou e fez a defesa, salvando a equipe. Al\u00e9m disso, o Tim\u00e3o quase se complicou quando o zagueiro F\u00e9lix Torres foi expulso, logo ap\u00f3s o p\u00eanalti que o mesmo cometeu. <\/p>\n\n\n\n<p>Em evento realizado pela FPF (Federa\u00e7\u00e3o Paulista de Futebol) para premiar os jogadores e o t\u00e9cnico Ram\u00f3n D\u00edaz, o goleiro corintiano brincou dizendo que F\u00e9lix Torres est\u00e1 devendo a premia\u00e7\u00e3o de campe\u00e3o para ele. Conversando com a equipe da TNT Sports, Hugo disse: &#8220;ele me prometeu pelo menos a premia\u00e7\u00e3o dele. Ele vai ter que cumprir&#8221;. <\/p>\n\n\n\n<p>&#8220;Mas essa resenha \u00e9 legal.\u00a0\u00c9 legal agora que ganhou, \u00f3bvio.\u00a0Ent\u00e3o, a gente leva as coisas da forma mais leve poss\u00edvel.\u00a0Nosso vesti\u00e1rio \u00e9 incr\u00edvel.\u00a0E eu acho que isso reflete tamb\u00e9m dentro do campo.\u00a0Esse time merecia, esse elenco merecia esse t\u00edtulo. O clube merecia demais voltar a vencer.\u00a0Essa torcida merecia demais voltar a sentir\u00a0essa sensa\u00e7\u00e3o vitoriosa.\u00a0E eu fico muito feliz por poder, acho que,\u00a0ter escrito um cap\u00edtulo muito lindo na minha hist\u00f3ria\u00a0e na minha trajet\u00f3ria no futebol ontem.\u00a0E tamb\u00e9m na minha trajet\u00f3ria aqui no Corinthians&#8221;, finalizou Hugo Souza. <\/p>\n\n\n\n<p>Na primeira fase do Campeonato Paulista, o Corinthians foi o l\u00edder do Grupo A com 27 pontos, somando oito vit\u00f3rias, tr\u00eas empates e apenas uma derrota (no cl\u00e1ssico contra o S\u00e3o Paulo). Al\u00e9m da lideran\u00e7a de seu grupo, o Tim\u00e3o obteve a melhor campanha geral e assim p\u00f4de decidir todos os confrontos mata-mata em casa. <\/p>\n\n\n\n<p>Nas quartas de final, o Corinthians bateu o Mirassol por 2 a 0, com gols de Romero e Memphis Depay. Na semifinal, vit\u00f3ria por 2 a 1 sobre o Santos, com gols de Yuri Alberto e Garro. J\u00e1 na final, o clube alvinegro venceu por 1 a 0 na ida no Allianz Parque, com outro gol de seu camisa 9 e em casa ficou no empate sem gols. <\/p>\n","protected":false},"excerpt":{"rendered":"<p>&#8220;Ele me prometeu a premia\u00e7\u00e3o dele&#8221;, brincou o goleiro Na \u00faltima quinta-feira (27), o Corinthians soltou o grito de &#8220;\u00e9 campe\u00e3o&#8221;. Ap\u00f3s vencer o Palmeiras no Allianz Parque por 1 a 0 e empatar na Neo Qu\u00edmica Arena por 0 a 0, o Tim\u00e3o conquistou o 31\u00b0 t\u00edtulo de Campeonato Paulista. O empate e o [&hellip;]<\/p>\n","protected":false},"author":21,"featured_media":146992,"comment_status":"open","ping_status":"closed","sticky":false,"template":"","format":"standard","meta":{"footnotes":""},"categories":[141],"tags":[],"class_list":["post-246833","post","type-post","status-publish","format-standard","has-post-thumbnail","hentry","category-corinthians"],"yoast_head":"<!-- This site is optimized with the Yoast SEO Premium plugin v24.2 (Yoast SEO v26.9) - https:\/\/yoast.com\/product\/yoast-seo-premium-wordpress\/ -->\n<title>V\u00eddeo: a declara\u00e7\u00e3o de Hugo Souza direcionada a F\u00e9lix Torres, do Corinthians<\/title>\n<meta name=\"robots\" content=\"index, follow, max-snippet:-1, max-image-preview:large, max-video-preview:-1\" \/>\n<link rel=\"canonical\" href=\"https:\/\/www.gaveanews.com\/index.php\/2025\/03\/30\/video-a-declaracao-de-hugo-souza-direcionada-a-felix-torres-do-corinthians\/\" \/>\n<meta property=\"og:locale\" content=\"pt_BR\" \/>\n<meta property=\"og:type\" content=\"article\" \/>\n<meta property=\"og:title\" content=\"V\u00eddeo: a declara\u00e7\u00e3o de Hugo Souza direcionada a F\u00e9lix Torres, do Corinthians\" \/>\n<meta property=\"og:description\" content=\"&#8220;Ele me prometeu a premia\u00e7\u00e3o dele&#8221;, brincou o goleiro Na \u00faltima quinta-feira (27), o Corinthians soltou o grito de &#8220;\u00e9 campe\u00e3o&#8221;. Ap\u00f3s vencer o Palmeiras no Allianz Parque por 1 a 0 e empatar na Neo Qu\u00edmica Arena por 0 a 0, o Tim\u00e3o conquistou o 31\u00b0 t\u00edtulo de Campeonato Paulista. O empate e o [&hellip;]\" \/>\n<meta property=\"og:url\" content=\"https:\/\/www.gaveanews.com\/index.php\/2025\/03\/30\/video-a-declaracao-de-hugo-souza-direcionada-a-felix-torres-do-corinthians\/\" \/>\n<meta property=\"og:site_name\" content=\"G\u00e1vea News\" \/>\n<meta property=\"article:publisher\" content=\"https:\/\/facebook.com\/gaveaNews\/\" \/>\n<meta property=\"article:published_time\" content=\"2025-03-31T02:40:44+00:00\" \/>\n<meta property=\"og:image\" content=\"https:\/\/www.gaveanews.com\/wp-content\/uploads\/Felix-Torres-em-acao-pelo-Corinthians.webp\" \/>\n\t<meta property=\"og:image:width\" content=\"645\" \/>\n\t<meta property=\"og:image:height\" content=\"430\" \/>\n\t<meta property=\"og:image:type\" content=\"image\/webp\" \/>\n<meta name=\"author\" content=\"Andr\u00e9 Serra\" \/>\n<meta name=\"twitter:card\" content=\"summary_large_image\" \/>\n<meta name=\"twitter:label1\" content=\"Escrito por\" \/>\n\t<meta name=\"twitter:data1\" content=\"Andr\u00e9 Serra\" \/>\n\t<meta name=\"twitter:label2\" content=\"Est. tempo de leitura\" \/>\n\t<meta name=\"twitter:data2\" content=\"3 minutos\" \/>\n<script type=\"application\/ld+json\" class=\"yoast-schema-graph\">{\"@context\":\"https:\/\/schema.org\",\"@graph\":[{\"@type\":\"NewsArticle\",\"@id\":\"https:\/\/www.gaveanews.com\/index.php\/2025\/03\/30\/video-a-declaracao-de-hugo-souza-direcionada-a-felix-torres-do-corinthians\/#article\",\"isPartOf\":{\"@id\":\"https:\/\/www.gaveanews.com\/index.php\/2025\/03\/30\/video-a-declaracao-de-hugo-souza-direcionada-a-felix-torres-do-corinthians\/\"},\"author\":{\"name\":\"Andr\u00e9 Serra\",\"@id\":\"https:\/\/www.gaveanews.com\/#\/schema\/person\/0277a79a1289c451c281ec0411d84f0c\"},\"headline\":\"V\u00eddeo: a declara\u00e7\u00e3o de Hugo Souza direcionada a F\u00e9lix Torres, do Corinthians\",\"datePublished\":\"2025-03-31T02:40:44+00:00\",\"mainEntityOfPage\":{\"@id\":\"https:\/\/www.gaveanews.com\/index.php\/2025\/03\/30\/video-a-declaracao-de-hugo-souza-direcionada-a-felix-torres-do-corinthians\/\"},\"wordCount\":433,\"commentCount\":0,\"image\":{\"@id\":\"https:\/\/www.gaveanews.com\/index.php\/2025\/03\/30\/video-a-declaracao-de-hugo-souza-direcionada-a-felix-torres-do-corinthians\/#primaryimage\"},\"thumbnailUrl\":\"https:\/\/www.gaveanews.com\/wp-content\/uploads\/Felix-Torres-em-acao-pelo-Corinthians.webp\",\"articleSection\":[\"Corinthians\"],\"inLanguage\":\"pt-BR\",\"potentialAction\":[{\"@type\":\"CommentAction\",\"name\":\"Comment\",\"target\":[\"https:\/\/www.gaveanews.com\/index.php\/2025\/03\/30\/video-a-declaracao-de-hugo-souza-direcionada-a-felix-torres-do-corinthians\/#respond\"]}],\"copyrightYear\":\"2025\",\"copyrightHolder\":{\"@id\":\"https:\/\/www.gaveanews.com\/#organization\"}},{\"@type\":\"WebPage\",\"@id\":\"https:\/\/www.gaveanews.com\/index.php\/2025\/03\/30\/video-a-declaracao-de-hugo-souza-direcionada-a-felix-torres-do-corinthians\/\",\"url\":\"https:\/\/www.gaveanews.com\/index.php\/2025\/03\/30\/video-a-declaracao-de-hugo-souza-direcionada-a-felix-torres-do-corinthians\/\",\"name\":\"V\u00eddeo: a declara\u00e7\u00e3o de Hugo Souza direcionada a F\u00e9lix Torres, do Corinthians\",\"isPartOf\":{\"@id\":\"https:\/\/www.gaveanews.com\/#website\"},\"primaryImageOfPage\":{\"@id\":\"https:\/\/www.gaveanews.com\/index.php\/2025\/03\/30\/video-a-declaracao-de-hugo-souza-direcionada-a-felix-torres-do-corinthians\/#primaryimage\"},\"image\":{\"@id\":\"https:\/\/www.gaveanews.com\/index.php\/2025\/03\/30\/video-a-declaracao-de-hugo-souza-direcionada-a-felix-torres-do-corinthians\/#primaryimage\"},\"thumbnailUrl\":\"https:\/\/www.gaveanews.com\/wp-content\/uploads\/Felix-Torres-em-acao-pelo-Corinthians.webp\",\"datePublished\":\"2025-03-31T02:40:44+00:00\",\"author\":{\"@id\":\"https:\/\/www.gaveanews.com\/#\/schema\/person\/0277a79a1289c451c281ec0411d84f0c\"},\"breadcrumb\":{\"@id\":\"https:\/\/www.gaveanews.com\/index.php\/2025\/03\/30\/video-a-declaracao-de-hugo-souza-direcionada-a-felix-torres-do-corinthians\/#breadcrumb\"},\"inLanguage\":\"pt-BR\",\"potentialAction\":[{\"@type\":\"ReadAction\",\"target\":[\"https:\/\/www.gaveanews.com\/index.php\/2025\/03\/30\/video-a-declaracao-de-hugo-souza-direcionada-a-felix-torres-do-corinthians\/\"]}]},{\"@type\":\"ImageObject\",\"inLanguage\":\"pt-BR\",\"@id\":\"https:\/\/www.gaveanews.com\/index.php\/2025\/03\/30\/video-a-declaracao-de-hugo-souza-direcionada-a-felix-torres-do-corinthians\/#primaryimage\",\"url\":\"https:\/\/www.gaveanews.com\/wp-content\/uploads\/Felix-Torres-em-acao-pelo-Corinthians.webp\",\"contentUrl\":\"https:\/\/www.gaveanews.com\/wp-content\/uploads\/Felix-Torres-em-acao-pelo-Corinthians.webp\",\"width\":645,\"height\":430,\"caption\":\"F\u00e9lix Torres em a\u00e7\u00e3o pelo Corinthians (Foto: Reprodu\u00e7\u00e3o\/Instagram)\"},{\"@type\":\"BreadcrumbList\",\"@id\":\"https:\/\/www.gaveanews.com\/index.php\/2025\/03\/30\/video-a-declaracao-de-hugo-souza-direcionada-a-felix-torres-do-corinthians\/#breadcrumb\",\"itemListElement\":[{\"@type\":\"ListItem\",\"position\":1,\"name\":\"Home\",\"item\":\"https:\/\/www.gaveanews.com\/\"},{\"@type\":\"ListItem\",\"position\":2,\"name\":\"V\u00eddeo: a declara\u00e7\u00e3o de Hugo Souza direcionada a F\u00e9lix Torres, do Corinthians\"}]},{\"@type\":\"WebSite\",\"@id\":\"https:\/\/www.gaveanews.com\/#website\",\"url\":\"https:\/\/www.gaveanews.com\/\",\"name\":\"G\u00e1vea News\",\"description\":\"Veja todas as not\u00edcias sobre o Flamengo: Contrata\u00e7\u00f5es, categorias de base, resultados das partidas, tabela de classifica\u00e7\u00e3o, pr\u00f3ximos jogos!\",\"potentialAction\":[{\"@type\":\"SearchAction\",\"target\":{\"@type\":\"EntryPoint\",\"urlTemplate\":\"https:\/\/www.gaveanews.com\/?s={search_term_string}\"},\"query-input\":{\"@type\":\"PropertyValueSpecification\",\"valueRequired\":true,\"valueName\":\"search_term_string\"}}],\"inLanguage\":\"pt-BR\"},{\"@type\":\"Person\",\"@id\":\"https:\/\/www.gaveanews.com\/#\/schema\/person\/0277a79a1289c451c281ec0411d84f0c\",\"name\":\"Andr\u00e9 Serra\",\"image\":{\"@type\":\"ImageObject\",\"inLanguage\":\"pt-BR\",\"@id\":\"https:\/\/www.gaveanews.com\/#\/schema\/person\/image\/\",\"url\":\"https:\/\/secure.gravatar.com\/avatar\/d7231369fe48db93292b3e88eb2162dbd9a34a47a8437d9ef3bcaca2a86a83d7?s=96&d=mm&r=g\",\"contentUrl\":\"https:\/\/secure.gravatar.com\/avatar\/d7231369fe48db93292b3e88eb2162dbd9a34a47a8437d9ef3bcaca2a86a83d7?s=96&d=mm&r=g\",\"caption\":\"Andr\u00e9 Serra\"}}]}<\/script>\n<!-- \/ Yoast SEO Premium plugin. -->","yoast_head_json":{"title":"V\u00eddeo: a declara\u00e7\u00e3o de Hugo Souza direcionada a F\u00e9lix Torres, do Corinthians","robots":{"index":"index","follow":"follow","max-snippet":"max-snippet:-1","max-image-preview":"max-image-preview:large","max-video-preview":"max-video-preview:-1"},"canonical":"https:\/\/www.gaveanews.com\/index.php\/2025\/03\/30\/video-a-declaracao-de-hugo-souza-direcionada-a-felix-torres-do-corinthians\/","og_locale":"pt_BR","og_type":"article","og_title":"V\u00eddeo: a declara\u00e7\u00e3o de Hugo Souza direcionada a F\u00e9lix Torres, do Corinthians","og_description":"&#8220;Ele me prometeu a premia\u00e7\u00e3o dele&#8221;, brincou o goleiro Na \u00faltima quinta-feira (27), o Corinthians soltou o grito de &#8220;\u00e9 campe\u00e3o&#8221;. Ap\u00f3s vencer o Palmeiras no Allianz Parque por 1 a 0 e empatar na Neo Qu\u00edmica Arena por 0 a 0, o Tim\u00e3o conquistou o 31\u00b0 t\u00edtulo de Campeonato Paulista. O empate e o [&hellip;]","og_url":"https:\/\/www.gaveanews.com\/index.php\/2025\/03\/30\/video-a-declaracao-de-hugo-souza-direcionada-a-felix-torres-do-corinthians\/","og_site_name":"G\u00e1vea News","article_publisher":"https:\/\/facebook.com\/gaveaNews\/","article_published_time":"2025-03-31T02:40:44+00:00","og_image":[{"width":645,"height":430,"url":"https:\/\/www.gaveanews.com\/wp-content\/uploads\/Felix-Torres-em-acao-pelo-Corinthians.webp","type":"image\/webp"}],"author":"Andr\u00e9 Serra","twitter_card":"summary_large_image","twitter_misc":{"Escrito por":"Andr\u00e9 Serra","Est. tempo de leitura":"3 minutos"},"schema":{"@context":"https:\/\/schema.org","@graph":[{"@type":"NewsArticle","@id":"https:\/\/www.gaveanews.com\/index.php\/2025\/03\/30\/video-a-declaracao-de-hugo-souza-direcionada-a-felix-torres-do-corinthians\/#article","isPartOf":{"@id":"https:\/\/www.gaveanews.com\/index.php\/2025\/03\/30\/video-a-declaracao-de-hugo-souza-direcionada-a-felix-torres-do-corinthians\/"},"author":{"name":"Andr\u00e9 Serra","@id":"https:\/\/www.gaveanews.com\/#\/schema\/person\/0277a79a1289c451c281ec0411d84f0c"},"headline":"V\u00eddeo: a declara\u00e7\u00e3o de Hugo Souza direcionada a F\u00e9lix Torres, do Corinthians","datePublished":"2025-03-31T02:40:44+00:00","mainEntityOfPage":{"@id":"https:\/\/www.gaveanews.com\/index.php\/2025\/03\/30\/video-a-declaracao-de-hugo-souza-direcionada-a-felix-torres-do-corinthians\/"},"wordCount":433,"commentCount":0,"image":{"@id":"https:\/\/www.gaveanews.com\/index.php\/2025\/03\/30\/video-a-declaracao-de-hugo-souza-direcionada-a-felix-torres-do-corinthians\/#primaryimage"},"thumbnailUrl":"https:\/\/www.gaveanews.com\/wp-content\/uploads\/Felix-Torres-em-acao-pelo-Corinthians.webp","articleSection":["Corinthians"],"inLanguage":"pt-BR","potentialAction":[{"@type":"CommentAction","name":"Comment","target":["https:\/\/www.gaveanews.com\/index.php\/2025\/03\/30\/video-a-declaracao-de-hugo-souza-direcionada-a-felix-torres-do-corinthians\/#respond"]}],"copyrightYear":"2025","copyrightHolder":{"@id":"https:\/\/www.gaveanews.com\/#organization"}},{"@type":"WebPage","@id":"https:\/\/www.gaveanews.com\/index.php\/2025\/03\/30\/video-a-declaracao-de-hugo-souza-direcionada-a-felix-torres-do-corinthians\/","url":"https:\/\/www.gaveanews.com\/index.php\/2025\/03\/30\/video-a-declaracao-de-hugo-souza-direcionada-a-felix-torres-do-corinthians\/","name":"V\u00eddeo: a declara\u00e7\u00e3o de Hugo Souza direcionada a F\u00e9lix Torres, do Corinthians","isPartOf":{"@id":"https:\/\/www.gaveanews.com\/#website"},"primaryImageOfPage":{"@id":"https:\/\/www.gaveanews.com\/index.php\/2025\/03\/30\/video-a-declaracao-de-hugo-souza-direcionada-a-felix-torres-do-corinthians\/#primaryimage"},"image":{"@id":"https:\/\/www.gaveanews.com\/index.php\/2025\/03\/30\/video-a-declaracao-de-hugo-souza-direcionada-a-felix-torres-do-corinthians\/#primaryimage"},"thumbnailUrl":"https:\/\/www.gaveanews.com\/wp-content\/uploads\/Felix-Torres-em-acao-pelo-Corinthians.webp","datePublished":"2025-03-31T02:40:44+00:00","author":{"@id":"https:\/\/www.gaveanews.com\/#\/schema\/person\/0277a79a1289c451c281ec0411d84f0c"},"breadcrumb":{"@id":"https:\/\/www.gaveanews.com\/index.php\/2025\/03\/30\/video-a-declaracao-de-hugo-souza-direcionada-a-felix-torres-do-corinthians\/#breadcrumb"},"inLanguage":"pt-BR","potentialAction":[{"@type":"ReadAction","target":["https:\/\/www.gaveanews.com\/index.php\/2025\/03\/30\/video-a-declaracao-de-hugo-souza-direcionada-a-felix-torres-do-corinthians\/"]}]},{"@type":"ImageObject","inLanguage":"pt-BR","@id":"https:\/\/www.gaveanews.com\/index.php\/2025\/03\/30\/video-a-declaracao-de-hugo-souza-direcionada-a-felix-torres-do-corinthians\/#primaryimage","url":"https:\/\/www.gaveanews.com\/wp-content\/uploads\/Felix-Torres-em-acao-pelo-Corinthians.webp","contentUrl":"https:\/\/www.gaveanews.com\/wp-content\/uploads\/Felix-Torres-em-acao-pelo-Corinthians.webp","width":645,"height":430,"caption":"F\u00e9lix Torres em a\u00e7\u00e3o pelo Corinthians (Foto: Reprodu\u00e7\u00e3o\/Instagram)"},{"@type":"BreadcrumbList","@id":"https:\/\/www.gaveanews.com\/index.php\/2025\/03\/30\/video-a-declaracao-de-hugo-souza-direcionada-a-felix-torres-do-corinthians\/#breadcrumb","itemListElement":[{"@type":"ListItem","position":1,"name":"Home","item":"https:\/\/www.gaveanews.com\/"},{"@type":"ListItem","position":2,"name":"V\u00eddeo: a declara\u00e7\u00e3o de Hugo Souza direcionada a F\u00e9lix Torres, do Corinthians"}]},{"@type":"WebSite","@id":"https:\/\/www.gaveanews.com\/#website","url":"https:\/\/www.gaveanews.com\/","name":"G\u00e1vea News","description":"Veja todas as not\u00edcias sobre o Flamengo: Contrata\u00e7\u00f5es, categorias de base, resultados das partidas, tabela de classifica\u00e7\u00e3o, pr\u00f3ximos jogos!","potentialAction":[{"@type":"SearchAction","target":{"@type":"EntryPoint","urlTemplate":"https:\/\/www.gaveanews.com\/?s={search_term_string}"},"query-input":{"@type":"PropertyValueSpecification","valueRequired":true,"valueName":"search_term_string"}}],"inLanguage":"pt-BR"},{"@type":"Person","@id":"https:\/\/www.gaveanews.com\/#\/schema\/person\/0277a79a1289c451c281ec0411d84f0c","name":"Andr\u00e9 Serra","image":{"@type":"ImageObject","inLanguage":"pt-BR","@id":"https:\/\/www.gaveanews.com\/#\/schema\/person\/image\/","url":"https:\/\/secure.gravatar.com\/avatar\/d7231369fe48db93292b3e88eb2162dbd9a34a47a8437d9ef3bcaca2a86a83d7?s=96&d=mm&r=g","contentUrl":"https:\/\/secure.gravatar.com\/avatar\/d7231369fe48db93292b3e88eb2162dbd9a34a47a8437d9ef3bcaca2a86a83d7?s=96&d=mm&r=g","caption":"Andr\u00e9 Serra"}}]}},"_links":{"self":[{"href":"https:\/\/www.gaveanews.com\/index.php\/wp-json\/wp\/v2\/posts\/246833","targetHints":{"allow":["GET"]}}],"collection":[{"href":"https:\/\/www.gaveanews.com\/index.php\/wp-json\/wp\/v2\/posts"}],"about":[{"href":"https:\/\/www.gaveanews.com\/index.php\/wp-json\/wp\/v2\/types\/post"}],"author":[{"embeddable":true,"href":"https:\/\/www.gaveanews.com\/index.php\/wp-json\/wp\/v2\/users\/21"}],"replies":[{"embeddable":true,"href":"https:\/\/www.gaveanews.com\/index.php\/wp-json\/wp\/v2\/comments?post=246833"}],"version-history":[{"count":1,"href":"https:\/\/www.gaveanews.com\/index.php\/wp-json\/wp\/v2\/posts\/246833\/revisions"}],"predecessor-version":[{"id":246840,"href":"https:\/\/www.gaveanews.com\/index.php\/wp-json\/wp\/v2\/posts\/246833\/revisions\/246840"}],"wp:featuredmedia":[{"embeddable":true,"href":"https:\/\/www.gaveanews.com\/index.php\/wp-json\/wp\/v2\/media\/146992"}],"wp:attachment":[{"href":"https:\/\/www.gaveanews.com\/index.php\/wp-json\/wp\/v2\/media?parent=246833"}],"wp:term":[{"taxonomy":"category","embeddable":true,"href":"https:\/\/www.gaveanews.com\/index.php\/wp-json\/wp\/v2\/categories?post=246833"},{"taxonomy":"post_tag","embeddable":true,"href":"https:\/\/www.gaveanews.com\/index.php\/wp-json\/wp\/v2\/tags?post=246833"}],"curies":[{"name":"wp","href":"https:\/\/api.w.org\/{rel}","templated":true}]}}