{"id":246834,"date":"2025-03-30T23:35:28","date_gmt":"2025-03-31T02:35:28","guid":{"rendered":"https:\/\/www.gaveanews.com\/?p=246834"},"modified":"2025-03-30T22:01:53","modified_gmt":"2025-03-31T01:01:53","slug":"a-declaracao-de-wesley-direcionada-a-roger-machado-do-internacional-2","status":"publish","type":"post","link":"https:\/\/www.gaveanews.com\/index.php\/2025\/03\/30\/a-declaracao-de-wesley-direcionada-a-roger-machado-do-internacional-2\/","title":{"rendered":"A declara\u00e7\u00e3o de Wesley direcionada a Roger Machado, do Internacional"},"content":{"rendered":"\n<p>O atacante Wesley, que j\u00e1 passou por grandes clubes como Cruzeiro e Palmeiras e atualmente defende o Internacional, teve uma carreira marcada por momentos de destaque e aprendizado com treinadores de renome. Em entrevista concedida na quinta-feira (27), Wesley revelou quem considera o melhor t\u00e9cnico com quem j\u00e1 trabalhou, destacando Roger Machado como a grande influ\u00eancia positiva em sua trajet\u00f3ria profissional.<\/p>\n\n\n\n<figure class=\"wp-block-image size-full\"><img loading=\"lazy\" decoding=\"async\" width=\"984\" height=\"804\" src=\"http:\/\/www.gaveanews.com\/wp-content\/uploads\/Wesley-e-apresentado-pelo-Internacional.webp\" alt=\"\" class=\"wp-image-169846\" srcset=\"https:\/\/www.gaveanews.com\/wp-content\/uploads\/Wesley-e-apresentado-pelo-Internacional.webp 984w, https:\/\/www.gaveanews.com\/wp-content\/uploads\/Wesley-e-apresentado-pelo-Internacional-300x245.webp 300w, https:\/\/www.gaveanews.com\/wp-content\/uploads\/Wesley-e-apresentado-pelo-Internacional-768x628.webp 768w, https:\/\/www.gaveanews.com\/wp-content\/uploads\/Wesley-e-apresentado-pelo-Internacional-514x420.webp 514w, https:\/\/www.gaveanews.com\/wp-content\/uploads\/Wesley-e-apresentado-pelo-Internacional-640x523.webp 640w, https:\/\/www.gaveanews.com\/wp-content\/uploads\/Wesley-e-apresentado-pelo-Internacional-681x556.webp 681w, https:\/\/www.gaveanews.com\/wp-content\/uploads\/Wesley-e-apresentado-pelo-Internacional-100x82.webp 100w\" sizes=\"auto, (max-width: 984px) 100vw, 984px\" \/><figcaption class=\"wp-element-caption\">Wesley joga pelo Internacional (Foto: Divulga\u00e7\u00e3o\/Internacional)<\/figcaption><\/figure>\n\n\n\n<p>&#8220;Considero Roger o melhor treinador com quem j\u00e1 trabalhei. Ele est\u00e1 sempre no dia a dia, d\u00e1 import\u00e2ncia igual para todo mundo. Nunca entramos em um jogo sem saber o que fazer&#8221;, declarou Wesley ao portal GZH. Para o jogador, o estilo de trabalho de Roger Machado foi essencial para seu desenvolvimento e sucesso, principalmente durante o segundo semestre de 2024, quando se destacou como um dos principais jogadores do futebol brasileiro.<\/p>\n\n\n\n<p>Ao longo de sua carreira, Wesley teve a oportunidade de ser treinado por grandes nomes do futebol. No Cruzeiro, passou pelas m\u00e3os de t\u00e9cnicos como Pezzolano, Pepa e Z\u00e9 Ricardo, e foi no Palmeiras que viveu a Era Abel Ferreira, um per\u00edodo de grandes conquistas.<\/p>\n\n\n\n<p> O atacante tamb\u00e9m foi comandado por Vanderlei Luxemburgo em sua passagem pelo time paulista. Antes de se destacar no cen\u00e1rio nacional, Wesley iniciou sua carreira no Vit\u00f3ria, onde foi lan\u00e7ado por Osmar Loss, tendo ainda trabalhado com outros treinadores como Carlos Amadeu e Geninho.<\/p>\n\n\n\n<p>Sob o comando de Roger Machado, Wesley vivenciou um dos melhores momentos de sua carreira. Em 2025, ele foi um dos pilares do Internacional na conquista do Campeonato Ga\u00facho, ajudando a equipe a alcan\u00e7ar importantes vit\u00f3rias e a se destacar no cen\u00e1rio estadual.<\/p>\n\n\n\n<p> Para Wesley, Roger Machado tem um estilo de trabalho que proporciona confian\u00e7a e clareza para os jogadores, algo que, segundo ele, \u00e9 fundamental para um bom desempenho em campo.<\/p>\n","protected":false},"excerpt":{"rendered":"<p>O atacante Wesley, que j\u00e1 passou por grandes clubes como Cruzeiro e Palmeiras e atualmente defende o Internacional, teve uma carreira marcada por momentos de destaque e aprendizado com treinadores de renome. Em entrevista concedida na quinta-feira (27), Wesley revelou quem considera o melhor t\u00e9cnico com quem j\u00e1 trabalhou, destacando Roger Machado como a grande [&hellip;]<\/p>\n","protected":false},"author":17,"featured_media":154272,"comment_status":"open","ping_status":"closed","sticky":false,"template":"","format":"standard","meta":{"footnotes":""},"categories":[148],"tags":[],"class_list":["post-246834","post","type-post","status-publish","format-standard","has-post-thumbnail","hentry","category-internacional"],"yoast_head":"<!-- This site is optimized with the Yoast SEO Premium plugin v24.2 (Yoast SEO v26.9) - https:\/\/yoast.com\/product\/yoast-seo-premium-wordpress\/ -->\n<title>A declara\u00e7\u00e3o de Wesley direcionada a Roger Machado, do Internacional<\/title>\n<meta name=\"robots\" content=\"index, follow, max-snippet:-1, max-image-preview:large, max-video-preview:-1\" \/>\n<link rel=\"canonical\" href=\"https:\/\/www.gaveanews.com\/index.php\/2025\/03\/30\/a-declaracao-de-wesley-direcionada-a-roger-machado-do-internacional-2\/\" \/>\n<meta property=\"og:locale\" content=\"pt_BR\" \/>\n<meta property=\"og:type\" content=\"article\" \/>\n<meta property=\"og:title\" content=\"A declara\u00e7\u00e3o de Wesley direcionada a Roger Machado, do Internacional\" \/>\n<meta property=\"og:description\" content=\"O atacante Wesley, que j\u00e1 passou por grandes clubes como Cruzeiro e Palmeiras e atualmente defende o Internacional, teve uma carreira marcada por momentos de destaque e aprendizado com treinadores de renome. Em entrevista concedida na quinta-feira (27), Wesley revelou quem considera o melhor t\u00e9cnico com quem j\u00e1 trabalhou, destacando Roger Machado como a grande [&hellip;]\" \/>\n<meta property=\"og:url\" content=\"https:\/\/www.gaveanews.com\/index.php\/2025\/03\/30\/a-declaracao-de-wesley-direcionada-a-roger-machado-do-internacional-2\/\" \/>\n<meta property=\"og:site_name\" content=\"G\u00e1vea News\" \/>\n<meta property=\"article:publisher\" content=\"https:\/\/facebook.com\/gaveaNews\/\" \/>\n<meta property=\"article:published_time\" content=\"2025-03-31T02:35:28+00:00\" \/>\n<meta property=\"og:image\" content=\"https:\/\/www.gaveanews.com\/wp-content\/uploads\/Roger-Machado-durante-coletiva-pelo-Internacional-em-2024.webp\" \/>\n\t<meta property=\"og:image:width\" content=\"1419\" \/>\n\t<meta property=\"og:image:height\" content=\"1065\" \/>\n\t<meta property=\"og:image:type\" content=\"image\/webp\" \/>\n<meta name=\"author\" content=\"Geovanna Thomaz\" \/>\n<meta name=\"twitter:card\" content=\"summary_large_image\" \/>\n<meta name=\"twitter:label1\" content=\"Escrito por\" \/>\n\t<meta name=\"twitter:data1\" content=\"Geovanna Thomaz\" \/>\n\t<meta name=\"twitter:label2\" content=\"Est. tempo de leitura\" \/>\n\t<meta name=\"twitter:data2\" content=\"3 minutos\" \/>\n<script type=\"application\/ld+json\" class=\"yoast-schema-graph\">{\"@context\":\"https:\/\/schema.org\",\"@graph\":[{\"@type\":\"NewsArticle\",\"@id\":\"https:\/\/www.gaveanews.com\/index.php\/2025\/03\/30\/a-declaracao-de-wesley-direcionada-a-roger-machado-do-internacional-2\/#article\",\"isPartOf\":{\"@id\":\"https:\/\/www.gaveanews.com\/index.php\/2025\/03\/30\/a-declaracao-de-wesley-direcionada-a-roger-machado-do-internacional-2\/\"},\"author\":{\"name\":\"Geovanna Thomaz\",\"@id\":\"https:\/\/www.gaveanews.com\/#\/schema\/person\/f42654babcd2b2014a1a65af82b081f1\"},\"headline\":\"A declara\u00e7\u00e3o de Wesley direcionada a Roger Machado, do Internacional\",\"datePublished\":\"2025-03-31T02:35:28+00:00\",\"mainEntityOfPage\":{\"@id\":\"https:\/\/www.gaveanews.com\/index.php\/2025\/03\/30\/a-declaracao-de-wesley-direcionada-a-roger-machado-do-internacional-2\/\"},\"wordCount\":325,\"commentCount\":0,\"image\":{\"@id\":\"https:\/\/www.gaveanews.com\/index.php\/2025\/03\/30\/a-declaracao-de-wesley-direcionada-a-roger-machado-do-internacional-2\/#primaryimage\"},\"thumbnailUrl\":\"https:\/\/www.gaveanews.com\/wp-content\/uploads\/Roger-Machado-durante-coletiva-pelo-Internacional-em-2024.webp\",\"articleSection\":[\"Internacional\"],\"inLanguage\":\"pt-BR\",\"potentialAction\":[{\"@type\":\"CommentAction\",\"name\":\"Comment\",\"target\":[\"https:\/\/www.gaveanews.com\/index.php\/2025\/03\/30\/a-declaracao-de-wesley-direcionada-a-roger-machado-do-internacional-2\/#respond\"]}],\"copyrightYear\":\"2025\",\"copyrightHolder\":{\"@id\":\"https:\/\/www.gaveanews.com\/#organization\"}},{\"@type\":\"WebPage\",\"@id\":\"https:\/\/www.gaveanews.com\/index.php\/2025\/03\/30\/a-declaracao-de-wesley-direcionada-a-roger-machado-do-internacional-2\/\",\"url\":\"https:\/\/www.gaveanews.com\/index.php\/2025\/03\/30\/a-declaracao-de-wesley-direcionada-a-roger-machado-do-internacional-2\/\",\"name\":\"A declara\u00e7\u00e3o de Wesley direcionada a Roger Machado, do Internacional\",\"isPartOf\":{\"@id\":\"https:\/\/www.gaveanews.com\/#website\"},\"primaryImageOfPage\":{\"@id\":\"https:\/\/www.gaveanews.com\/index.php\/2025\/03\/30\/a-declaracao-de-wesley-direcionada-a-roger-machado-do-internacional-2\/#primaryimage\"},\"image\":{\"@id\":\"https:\/\/www.gaveanews.com\/index.php\/2025\/03\/30\/a-declaracao-de-wesley-direcionada-a-roger-machado-do-internacional-2\/#primaryimage\"},\"thumbnailUrl\":\"https:\/\/www.gaveanews.com\/wp-content\/uploads\/Roger-Machado-durante-coletiva-pelo-Internacional-em-2024.webp\",\"datePublished\":\"2025-03-31T02:35:28+00:00\",\"author\":{\"@id\":\"https:\/\/www.gaveanews.com\/#\/schema\/person\/f42654babcd2b2014a1a65af82b081f1\"},\"breadcrumb\":{\"@id\":\"https:\/\/www.gaveanews.com\/index.php\/2025\/03\/30\/a-declaracao-de-wesley-direcionada-a-roger-machado-do-internacional-2\/#breadcrumb\"},\"inLanguage\":\"pt-BR\",\"potentialAction\":[{\"@type\":\"ReadAction\",\"target\":[\"https:\/\/www.gaveanews.com\/index.php\/2025\/03\/30\/a-declaracao-de-wesley-direcionada-a-roger-machado-do-internacional-2\/\"]}]},{\"@type\":\"ImageObject\",\"inLanguage\":\"pt-BR\",\"@id\":\"https:\/\/www.gaveanews.com\/index.php\/2025\/03\/30\/a-declaracao-de-wesley-direcionada-a-roger-machado-do-internacional-2\/#primaryimage\",\"url\":\"https:\/\/www.gaveanews.com\/wp-content\/uploads\/Roger-Machado-durante-coletiva-pelo-Internacional-em-2024.webp\",\"contentUrl\":\"https:\/\/www.gaveanews.com\/wp-content\/uploads\/Roger-Machado-durante-coletiva-pelo-Internacional-em-2024.webp\",\"width\":1419,\"height\":1065,\"caption\":\"Roger Machado durante coletiva pelo Internacional em 2024 (Foto: Reprodu\u00e7\u00e3o\/Internacional)\"},{\"@type\":\"BreadcrumbList\",\"@id\":\"https:\/\/www.gaveanews.com\/index.php\/2025\/03\/30\/a-declaracao-de-wesley-direcionada-a-roger-machado-do-internacional-2\/#breadcrumb\",\"itemListElement\":[{\"@type\":\"ListItem\",\"position\":1,\"name\":\"Home\",\"item\":\"https:\/\/www.gaveanews.com\/\"},{\"@type\":\"ListItem\",\"position\":2,\"name\":\"A declara\u00e7\u00e3o de Wesley direcionada a Roger Machado, do Internacional\"}]},{\"@type\":\"WebSite\",\"@id\":\"https:\/\/www.gaveanews.com\/#website\",\"url\":\"https:\/\/www.gaveanews.com\/\",\"name\":\"G\u00e1vea News\",\"description\":\"Veja todas as not\u00edcias sobre o Flamengo: Contrata\u00e7\u00f5es, categorias de base, resultados das partidas, tabela de classifica\u00e7\u00e3o, pr\u00f3ximos jogos!\",\"potentialAction\":[{\"@type\":\"SearchAction\",\"target\":{\"@type\":\"EntryPoint\",\"urlTemplate\":\"https:\/\/www.gaveanews.com\/?s={search_term_string}\"},\"query-input\":{\"@type\":\"PropertyValueSpecification\",\"valueRequired\":true,\"valueName\":\"search_term_string\"}}],\"inLanguage\":\"pt-BR\"},{\"@type\":\"Person\",\"@id\":\"https:\/\/www.gaveanews.com\/#\/schema\/person\/f42654babcd2b2014a1a65af82b081f1\",\"name\":\"Geovanna Thomaz\",\"image\":{\"@type\":\"ImageObject\",\"inLanguage\":\"pt-BR\",\"@id\":\"https:\/\/www.gaveanews.com\/#\/schema\/person\/image\/\",\"url\":\"https:\/\/secure.gravatar.com\/avatar\/4092073255489533afb558984b49b64268c47198af8623cc82a925ae9fb7118a?s=96&d=mm&r=g\",\"contentUrl\":\"https:\/\/secure.gravatar.com\/avatar\/4092073255489533afb558984b49b64268c47198af8623cc82a925ae9fb7118a?s=96&d=mm&r=g\",\"caption\":\"Geovanna Thomaz\"}}]}<\/script>\n<!-- \/ Yoast SEO Premium plugin. -->","yoast_head_json":{"title":"A declara\u00e7\u00e3o de Wesley direcionada a Roger Machado, do Internacional","robots":{"index":"index","follow":"follow","max-snippet":"max-snippet:-1","max-image-preview":"max-image-preview:large","max-video-preview":"max-video-preview:-1"},"canonical":"https:\/\/www.gaveanews.com\/index.php\/2025\/03\/30\/a-declaracao-de-wesley-direcionada-a-roger-machado-do-internacional-2\/","og_locale":"pt_BR","og_type":"article","og_title":"A declara\u00e7\u00e3o de Wesley direcionada a Roger Machado, do Internacional","og_description":"O atacante Wesley, que j\u00e1 passou por grandes clubes como Cruzeiro e Palmeiras e atualmente defende o Internacional, teve uma carreira marcada por momentos de destaque e aprendizado com treinadores de renome. Em entrevista concedida na quinta-feira (27), Wesley revelou quem considera o melhor t\u00e9cnico com quem j\u00e1 trabalhou, destacando Roger Machado como a grande [&hellip;]","og_url":"https:\/\/www.gaveanews.com\/index.php\/2025\/03\/30\/a-declaracao-de-wesley-direcionada-a-roger-machado-do-internacional-2\/","og_site_name":"G\u00e1vea News","article_publisher":"https:\/\/facebook.com\/gaveaNews\/","article_published_time":"2025-03-31T02:35:28+00:00","og_image":[{"width":1419,"height":1065,"url":"https:\/\/www.gaveanews.com\/wp-content\/uploads\/Roger-Machado-durante-coletiva-pelo-Internacional-em-2024.webp","type":"image\/webp"}],"author":"Geovanna Thomaz","twitter_card":"summary_large_image","twitter_misc":{"Escrito por":"Geovanna Thomaz","Est. tempo de leitura":"3 minutos"},"schema":{"@context":"https:\/\/schema.org","@graph":[{"@type":"NewsArticle","@id":"https:\/\/www.gaveanews.com\/index.php\/2025\/03\/30\/a-declaracao-de-wesley-direcionada-a-roger-machado-do-internacional-2\/#article","isPartOf":{"@id":"https:\/\/www.gaveanews.com\/index.php\/2025\/03\/30\/a-declaracao-de-wesley-direcionada-a-roger-machado-do-internacional-2\/"},"author":{"name":"Geovanna Thomaz","@id":"https:\/\/www.gaveanews.com\/#\/schema\/person\/f42654babcd2b2014a1a65af82b081f1"},"headline":"A declara\u00e7\u00e3o de Wesley direcionada a Roger Machado, do Internacional","datePublished":"2025-03-31T02:35:28+00:00","mainEntityOfPage":{"@id":"https:\/\/www.gaveanews.com\/index.php\/2025\/03\/30\/a-declaracao-de-wesley-direcionada-a-roger-machado-do-internacional-2\/"},"wordCount":325,"commentCount":0,"image":{"@id":"https:\/\/www.gaveanews.com\/index.php\/2025\/03\/30\/a-declaracao-de-wesley-direcionada-a-roger-machado-do-internacional-2\/#primaryimage"},"thumbnailUrl":"https:\/\/www.gaveanews.com\/wp-content\/uploads\/Roger-Machado-durante-coletiva-pelo-Internacional-em-2024.webp","articleSection":["Internacional"],"inLanguage":"pt-BR","potentialAction":[{"@type":"CommentAction","name":"Comment","target":["https:\/\/www.gaveanews.com\/index.php\/2025\/03\/30\/a-declaracao-de-wesley-direcionada-a-roger-machado-do-internacional-2\/#respond"]}],"copyrightYear":"2025","copyrightHolder":{"@id":"https:\/\/www.gaveanews.com\/#organization"}},{"@type":"WebPage","@id":"https:\/\/www.gaveanews.com\/index.php\/2025\/03\/30\/a-declaracao-de-wesley-direcionada-a-roger-machado-do-internacional-2\/","url":"https:\/\/www.gaveanews.com\/index.php\/2025\/03\/30\/a-declaracao-de-wesley-direcionada-a-roger-machado-do-internacional-2\/","name":"A declara\u00e7\u00e3o de Wesley direcionada a Roger Machado, do Internacional","isPartOf":{"@id":"https:\/\/www.gaveanews.com\/#website"},"primaryImageOfPage":{"@id":"https:\/\/www.gaveanews.com\/index.php\/2025\/03\/30\/a-declaracao-de-wesley-direcionada-a-roger-machado-do-internacional-2\/#primaryimage"},"image":{"@id":"https:\/\/www.gaveanews.com\/index.php\/2025\/03\/30\/a-declaracao-de-wesley-direcionada-a-roger-machado-do-internacional-2\/#primaryimage"},"thumbnailUrl":"https:\/\/www.gaveanews.com\/wp-content\/uploads\/Roger-Machado-durante-coletiva-pelo-Internacional-em-2024.webp","datePublished":"2025-03-31T02:35:28+00:00","author":{"@id":"https:\/\/www.gaveanews.com\/#\/schema\/person\/f42654babcd2b2014a1a65af82b081f1"},"breadcrumb":{"@id":"https:\/\/www.gaveanews.com\/index.php\/2025\/03\/30\/a-declaracao-de-wesley-direcionada-a-roger-machado-do-internacional-2\/#breadcrumb"},"inLanguage":"pt-BR","potentialAction":[{"@type":"ReadAction","target":["https:\/\/www.gaveanews.com\/index.php\/2025\/03\/30\/a-declaracao-de-wesley-direcionada-a-roger-machado-do-internacional-2\/"]}]},{"@type":"ImageObject","inLanguage":"pt-BR","@id":"https:\/\/www.gaveanews.com\/index.php\/2025\/03\/30\/a-declaracao-de-wesley-direcionada-a-roger-machado-do-internacional-2\/#primaryimage","url":"https:\/\/www.gaveanews.com\/wp-content\/uploads\/Roger-Machado-durante-coletiva-pelo-Internacional-em-2024.webp","contentUrl":"https:\/\/www.gaveanews.com\/wp-content\/uploads\/Roger-Machado-durante-coletiva-pelo-Internacional-em-2024.webp","width":1419,"height":1065,"caption":"Roger Machado durante coletiva pelo Internacional em 2024 (Foto: Reprodu\u00e7\u00e3o\/Internacional)"},{"@type":"BreadcrumbList","@id":"https:\/\/www.gaveanews.com\/index.php\/2025\/03\/30\/a-declaracao-de-wesley-direcionada-a-roger-machado-do-internacional-2\/#breadcrumb","itemListElement":[{"@type":"ListItem","position":1,"name":"Home","item":"https:\/\/www.gaveanews.com\/"},{"@type":"ListItem","position":2,"name":"A declara\u00e7\u00e3o de Wesley direcionada a Roger Machado, do Internacional"}]},{"@type":"WebSite","@id":"https:\/\/www.gaveanews.com\/#website","url":"https:\/\/www.gaveanews.com\/","name":"G\u00e1vea News","description":"Veja todas as not\u00edcias sobre o Flamengo: Contrata\u00e7\u00f5es, categorias de base, resultados das partidas, tabela de classifica\u00e7\u00e3o, pr\u00f3ximos jogos!","potentialAction":[{"@type":"SearchAction","target":{"@type":"EntryPoint","urlTemplate":"https:\/\/www.gaveanews.com\/?s={search_term_string}"},"query-input":{"@type":"PropertyValueSpecification","valueRequired":true,"valueName":"search_term_string"}}],"inLanguage":"pt-BR"},{"@type":"Person","@id":"https:\/\/www.gaveanews.com\/#\/schema\/person\/f42654babcd2b2014a1a65af82b081f1","name":"Geovanna Thomaz","image":{"@type":"ImageObject","inLanguage":"pt-BR","@id":"https:\/\/www.gaveanews.com\/#\/schema\/person\/image\/","url":"https:\/\/secure.gravatar.com\/avatar\/4092073255489533afb558984b49b64268c47198af8623cc82a925ae9fb7118a?s=96&d=mm&r=g","contentUrl":"https:\/\/secure.gravatar.com\/avatar\/4092073255489533afb558984b49b64268c47198af8623cc82a925ae9fb7118a?s=96&d=mm&r=g","caption":"Geovanna Thomaz"}}]}},"_links":{"self":[{"href":"https:\/\/www.gaveanews.com\/index.php\/wp-json\/wp\/v2\/posts\/246834","targetHints":{"allow":["GET"]}}],"collection":[{"href":"https:\/\/www.gaveanews.com\/index.php\/wp-json\/wp\/v2\/posts"}],"about":[{"href":"https:\/\/www.gaveanews.com\/index.php\/wp-json\/wp\/v2\/types\/post"}],"author":[{"embeddable":true,"href":"https:\/\/www.gaveanews.com\/index.php\/wp-json\/wp\/v2\/users\/17"}],"replies":[{"embeddable":true,"href":"https:\/\/www.gaveanews.com\/index.php\/wp-json\/wp\/v2\/comments?post=246834"}],"version-history":[{"count":1,"href":"https:\/\/www.gaveanews.com\/index.php\/wp-json\/wp\/v2\/posts\/246834\/revisions"}],"predecessor-version":[{"id":246838,"href":"https:\/\/www.gaveanews.com\/index.php\/wp-json\/wp\/v2\/posts\/246834\/revisions\/246838"}],"wp:featuredmedia":[{"embeddable":true,"href":"https:\/\/www.gaveanews.com\/index.php\/wp-json\/wp\/v2\/media\/154272"}],"wp:attachment":[{"href":"https:\/\/www.gaveanews.com\/index.php\/wp-json\/wp\/v2\/media?parent=246834"}],"wp:term":[{"taxonomy":"category","embeddable":true,"href":"https:\/\/www.gaveanews.com\/index.php\/wp-json\/wp\/v2\/categories?post=246834"},{"taxonomy":"post_tag","embeddable":true,"href":"https:\/\/www.gaveanews.com\/index.php\/wp-json\/wp\/v2\/tags?post=246834"}],"curies":[{"name":"wp","href":"https:\/\/api.w.org\/{rel}","templated":true}]}}