{"id":246839,"date":"2025-03-30T23:45:14","date_gmt":"2025-03-31T02:45:14","guid":{"rendered":"https:\/\/www.gaveanews.com\/?p=246839"},"modified":"2025-03-30T22:02:06","modified_gmt":"2025-03-31T01:02:06","slug":"imprensa-da-europa-aponta-novo-tecnico-da-selecao-brasileira","status":"publish","type":"post","link":"https:\/\/www.gaveanews.com\/index.php\/2025\/03\/30\/imprensa-da-europa-aponta-novo-tecnico-da-selecao-brasileira\/","title":{"rendered":"Imprensa da Europa aponta novo t\u00e9cnico da Sele\u00e7\u00e3o Brasileira"},"content":{"rendered":"\n<p>A demiss\u00e3o de Dorival J\u00fanior nesta sexta-feira (28) gerou movimenta\u00e7\u00f5es imediatas nos bastidores da Sele\u00e7\u00e3o Brasileira. De acordo com o jornal portugu\u00eas <em>A Bola<\/em>, o t\u00e9cnico Jorge Jesus, atualmente no Al-Hilal, da Ar\u00e1bia Saudita, \u00e9 o principal nome cogitado para assumir o comando da equipe canarinha.<\/p>\n\n\n\n<p> O ve\u00edculo destaca que a Confedera\u00e7\u00e3o Brasileira de Futebol (CBF) considera Jesus como &#8220;plano A&#8221; para o cargo e est\u00e1 disposta a avan\u00e7ar nas negocia\u00e7\u00f5es nas pr\u00f3ximas semanas.<\/p>\n\n\n\n<figure class=\"wp-block-image size-full\"><img loading=\"lazy\" decoding=\"async\" width=\"888\" height=\"592\" src=\"http:\/\/www.gaveanews.com\/wp-content\/uploads\/Jorge-Jesus-durante-um-jogo-do-Al-Hilal-edited.webp\" alt=\"\" class=\"wp-image-121610\" srcset=\"https:\/\/www.gaveanews.com\/wp-content\/uploads\/Jorge-Jesus-durante-um-jogo-do-Al-Hilal-edited.webp 888w, https:\/\/www.gaveanews.com\/wp-content\/uploads\/Jorge-Jesus-durante-um-jogo-do-Al-Hilal-edited-300x200.webp 300w, https:\/\/www.gaveanews.com\/wp-content\/uploads\/Jorge-Jesus-durante-um-jogo-do-Al-Hilal-edited-768x512.webp 768w, https:\/\/www.gaveanews.com\/wp-content\/uploads\/Jorge-Jesus-durante-um-jogo-do-Al-Hilal-edited-630x420.webp 630w, https:\/\/www.gaveanews.com\/wp-content\/uploads\/Jorge-Jesus-durante-um-jogo-do-Al-Hilal-edited-640x427.webp 640w, https:\/\/www.gaveanews.com\/wp-content\/uploads\/Jorge-Jesus-durante-um-jogo-do-Al-Hilal-edited-681x454.webp 681w, https:\/\/www.gaveanews.com\/wp-content\/uploads\/Jorge-Jesus-durante-um-jogo-do-Al-Hilal-edited-100x67.webp 100w\" sizes=\"auto, (max-width: 888px) 100vw, 888px\" \/><figcaption class=\"wp-element-caption\">Jorge Jesus durante um jogo do Al-Hilal (Foto: Reprodu\u00e7\u00e3o\/Al-Hilal)<\/figcaption><\/figure>\n\n\n\n<p>O tempo \u00e9 favor\u00e1vel \u00e0 CBF, j\u00e1 que a Sele\u00e7\u00e3o s\u00f3 voltar\u00e1 a campo em junho, quando enfrentar\u00e1 o Equador pelas Eliminat\u00f3rias da Copa do Mundo, o que d\u00e1 \u00e0 entidade um respiro para definir o novo comandante sem pressa. Isso tamb\u00e9m evitaria uma repeti\u00e7\u00e3o da longa &#8220;novela&#8221; que envolveu negocia\u00e7\u00f5es com Carlo Ancelotti, al\u00e9m das passagens tempor\u00e1rias de Ramon Menezes e Fernando Diniz antes da contrata\u00e7\u00e3o de Dorival.<\/p>\n\n\n\n<p>A proposta da CBF para Jorge Jesus seria de aproximadamente 5 milh\u00f5es de euros (mais de R$ 30 milh\u00f5es) para liberar o treinador do seu contrato com o Al-Hilal ainda em abril. Vale ressaltar que o v\u00ednculo de Jesus com o clube \u00e1rabe se encerra ap\u00f3s o Supermundial de Clubes da Fifa, que acontece no meio deste ano. O t\u00e9cnico portugu\u00eas j\u00e1 demonstrou publicamente seu interesse em comandar a Sele\u00e7\u00e3o Brasileira. Em setembro de 2023, ele afirmou ao <em>A Bola<\/em> que essa seria uma &#8220;ambi\u00e7\u00e3o&#8221; sua.<\/p>\n\n\n\n<p>Jorge Jesus \u00e9 um dos t\u00e9cnicos mais impactantes do futebol brasileiro nos \u00faltimos anos. Seu trabalho no Flamengo, em 2019, \u00e9 lembrado como hist\u00f3rico, com a conquista da Copa Libertadores e do Campeonato Brasileiro, o que lhe garantiu grande prest\u00edgio no pa\u00eds. Ap\u00f3s esse sucesso, ele retornou a Portugal para treinar o Benfica e, em 2022, teve uma passagem pelo Fenerbahce antes de assumir o Al-Hilal.<\/p>\n\n\n\n<p>A sa\u00edda de Dorival J\u00fanior, portanto, abre as portas para um novo ciclo na Sele\u00e7\u00e3o Brasileira. O treinador, que havia deixado o S\u00e3o Paulo para comandar o Brasil em janeiro de 2024, n\u00e3o resistiu ao desempenho abaixo das expectativas.<\/p>\n\n\n\n<p> Sob seu comando, a Sele\u00e7\u00e3o fez 16 jogos, com sete vit\u00f3rias, sete empates e duas derrotas. Al\u00e9m disso, o time foi eliminado nas quartas de final da Copa Am\u00e9rica de 2024, ap\u00f3s perder para o Uruguai. No momento, a Sele\u00e7\u00e3o ocupa a quarta posi\u00e7\u00e3o nas Eliminat\u00f3rias, com 21 pontos. Os seis primeiros colocados garantir\u00e3o vaga direta para a Copa de 2026, enquanto o s\u00e9timo disputar\u00e1 uma repescagem mundial.<\/p>\n","protected":false},"excerpt":{"rendered":"<p>A demiss\u00e3o de Dorival J\u00fanior nesta sexta-feira (28) gerou movimenta\u00e7\u00f5es imediatas nos bastidores da Sele\u00e7\u00e3o Brasileira. De acordo com o jornal portugu\u00eas A Bola, o t\u00e9cnico Jorge Jesus, atualmente no Al-Hilal, da Ar\u00e1bia Saudita, \u00e9 o principal nome cogitado para assumir o comando da equipe canarinha. O ve\u00edculo destaca que a Confedera\u00e7\u00e3o Brasileira de Futebol [&hellip;]<\/p>\n","protected":false},"author":17,"featured_media":152167,"comment_status":"open","ping_status":"closed","sticky":false,"template":"","format":"standard","meta":{"footnotes":""},"categories":[478],"tags":[],"class_list":["post-246839","post","type-post","status-publish","format-standard","has-post-thumbnail","hentry","category-brasil"],"yoast_head":"<!-- This site is optimized with the Yoast SEO Premium plugin v24.2 (Yoast SEO v26.9) - https:\/\/yoast.com\/product\/yoast-seo-premium-wordpress\/ -->\n<title>Imprensa da Europa aponta novo t\u00e9cnico da Sele\u00e7\u00e3o Brasileira<\/title>\n<meta name=\"robots\" content=\"index, follow, max-snippet:-1, max-image-preview:large, max-video-preview:-1\" \/>\n<link rel=\"canonical\" href=\"https:\/\/www.gaveanews.com\/index.php\/2025\/03\/30\/imprensa-da-europa-aponta-novo-tecnico-da-selecao-brasileira\/\" \/>\n<meta property=\"og:locale\" content=\"pt_BR\" \/>\n<meta property=\"og:type\" content=\"article\" \/>\n<meta property=\"og:title\" content=\"Imprensa da Europa aponta novo t\u00e9cnico da Sele\u00e7\u00e3o Brasileira\" \/>\n<meta property=\"og:description\" content=\"A demiss\u00e3o de Dorival J\u00fanior nesta sexta-feira (28) gerou movimenta\u00e7\u00f5es imediatas nos bastidores da Sele\u00e7\u00e3o Brasileira. De acordo com o jornal portugu\u00eas A Bola, o t\u00e9cnico Jorge Jesus, atualmente no Al-Hilal, da Ar\u00e1bia Saudita, \u00e9 o principal nome cogitado para assumir o comando da equipe canarinha. O ve\u00edculo destaca que a Confedera\u00e7\u00e3o Brasileira de Futebol [&hellip;]\" \/>\n<meta property=\"og:url\" content=\"https:\/\/www.gaveanews.com\/index.php\/2025\/03\/30\/imprensa-da-europa-aponta-novo-tecnico-da-selecao-brasileira\/\" \/>\n<meta property=\"og:site_name\" content=\"G\u00e1vea News\" \/>\n<meta property=\"article:publisher\" content=\"https:\/\/facebook.com\/gaveaNews\/\" \/>\n<meta property=\"article:published_time\" content=\"2025-03-31T02:45:14+00:00\" \/>\n<meta property=\"og:image\" content=\"https:\/\/www.gaveanews.com\/wp-content\/uploads\/Selecao-Brasileira-de-futebol.webp\" \/>\n\t<meta property=\"og:image:width\" content=\"969\" \/>\n\t<meta property=\"og:image:height\" content=\"646\" \/>\n\t<meta property=\"og:image:type\" content=\"image\/webp\" \/>\n<meta name=\"author\" content=\"Geovanna Thomaz\" \/>\n<meta name=\"twitter:card\" content=\"summary_large_image\" \/>\n<meta name=\"twitter:label1\" content=\"Escrito por\" \/>\n\t<meta name=\"twitter:data1\" content=\"Geovanna Thomaz\" \/>\n\t<meta name=\"twitter:label2\" content=\"Est. tempo de leitura\" \/>\n\t<meta name=\"twitter:data2\" content=\"3 minutos\" \/>\n<script type=\"application\/ld+json\" class=\"yoast-schema-graph\">{\"@context\":\"https:\/\/schema.org\",\"@graph\":[{\"@type\":\"NewsArticle\",\"@id\":\"https:\/\/www.gaveanews.com\/index.php\/2025\/03\/30\/imprensa-da-europa-aponta-novo-tecnico-da-selecao-brasileira\/#article\",\"isPartOf\":{\"@id\":\"https:\/\/www.gaveanews.com\/index.php\/2025\/03\/30\/imprensa-da-europa-aponta-novo-tecnico-da-selecao-brasileira\/\"},\"author\":{\"name\":\"Geovanna Thomaz\",\"@id\":\"https:\/\/www.gaveanews.com\/#\/schema\/person\/f42654babcd2b2014a1a65af82b081f1\"},\"headline\":\"Imprensa da Europa aponta novo t\u00e9cnico da Sele\u00e7\u00e3o Brasileira\",\"datePublished\":\"2025-03-31T02:45:14+00:00\",\"mainEntityOfPage\":{\"@id\":\"https:\/\/www.gaveanews.com\/index.php\/2025\/03\/30\/imprensa-da-europa-aponta-novo-tecnico-da-selecao-brasileira\/\"},\"wordCount\":456,\"commentCount\":0,\"image\":{\"@id\":\"https:\/\/www.gaveanews.com\/index.php\/2025\/03\/30\/imprensa-da-europa-aponta-novo-tecnico-da-selecao-brasileira\/#primaryimage\"},\"thumbnailUrl\":\"https:\/\/www.gaveanews.com\/wp-content\/uploads\/Selecao-Brasileira-de-futebol.webp\",\"articleSection\":[\"Brasil\"],\"inLanguage\":\"pt-BR\",\"potentialAction\":[{\"@type\":\"CommentAction\",\"name\":\"Comment\",\"target\":[\"https:\/\/www.gaveanews.com\/index.php\/2025\/03\/30\/imprensa-da-europa-aponta-novo-tecnico-da-selecao-brasileira\/#respond\"]}],\"copyrightYear\":\"2025\",\"copyrightHolder\":{\"@id\":\"https:\/\/www.gaveanews.com\/#organization\"}},{\"@type\":\"WebPage\",\"@id\":\"https:\/\/www.gaveanews.com\/index.php\/2025\/03\/30\/imprensa-da-europa-aponta-novo-tecnico-da-selecao-brasileira\/\",\"url\":\"https:\/\/www.gaveanews.com\/index.php\/2025\/03\/30\/imprensa-da-europa-aponta-novo-tecnico-da-selecao-brasileira\/\",\"name\":\"Imprensa da Europa aponta novo t\u00e9cnico da Sele\u00e7\u00e3o Brasileira\",\"isPartOf\":{\"@id\":\"https:\/\/www.gaveanews.com\/#website\"},\"primaryImageOfPage\":{\"@id\":\"https:\/\/www.gaveanews.com\/index.php\/2025\/03\/30\/imprensa-da-europa-aponta-novo-tecnico-da-selecao-brasileira\/#primaryimage\"},\"image\":{\"@id\":\"https:\/\/www.gaveanews.com\/index.php\/2025\/03\/30\/imprensa-da-europa-aponta-novo-tecnico-da-selecao-brasileira\/#primaryimage\"},\"thumbnailUrl\":\"https:\/\/www.gaveanews.com\/wp-content\/uploads\/Selecao-Brasileira-de-futebol.webp\",\"datePublished\":\"2025-03-31T02:45:14+00:00\",\"author\":{\"@id\":\"https:\/\/www.gaveanews.com\/#\/schema\/person\/f42654babcd2b2014a1a65af82b081f1\"},\"breadcrumb\":{\"@id\":\"https:\/\/www.gaveanews.com\/index.php\/2025\/03\/30\/imprensa-da-europa-aponta-novo-tecnico-da-selecao-brasileira\/#breadcrumb\"},\"inLanguage\":\"pt-BR\",\"potentialAction\":[{\"@type\":\"ReadAction\",\"target\":[\"https:\/\/www.gaveanews.com\/index.php\/2025\/03\/30\/imprensa-da-europa-aponta-novo-tecnico-da-selecao-brasileira\/\"]}]},{\"@type\":\"ImageObject\",\"inLanguage\":\"pt-BR\",\"@id\":\"https:\/\/www.gaveanews.com\/index.php\/2025\/03\/30\/imprensa-da-europa-aponta-novo-tecnico-da-selecao-brasileira\/#primaryimage\",\"url\":\"https:\/\/www.gaveanews.com\/wp-content\/uploads\/Selecao-Brasileira-de-futebol.webp\",\"contentUrl\":\"https:\/\/www.gaveanews.com\/wp-content\/uploads\/Selecao-Brasileira-de-futebol.webp\",\"width\":969,\"height\":646,\"caption\":\"Sele\u00e7\u00e3o Brasileira de futebol (Foto: Reprodu\u00e7\u00e3o\/Instagram)\"},{\"@type\":\"BreadcrumbList\",\"@id\":\"https:\/\/www.gaveanews.com\/index.php\/2025\/03\/30\/imprensa-da-europa-aponta-novo-tecnico-da-selecao-brasileira\/#breadcrumb\",\"itemListElement\":[{\"@type\":\"ListItem\",\"position\":1,\"name\":\"Home\",\"item\":\"https:\/\/www.gaveanews.com\/\"},{\"@type\":\"ListItem\",\"position\":2,\"name\":\"Imprensa da Europa aponta novo t\u00e9cnico da Sele\u00e7\u00e3o Brasileira\"}]},{\"@type\":\"WebSite\",\"@id\":\"https:\/\/www.gaveanews.com\/#website\",\"url\":\"https:\/\/www.gaveanews.com\/\",\"name\":\"G\u00e1vea News\",\"description\":\"Veja todas as not\u00edcias sobre o Flamengo: Contrata\u00e7\u00f5es, categorias de base, resultados das partidas, tabela de classifica\u00e7\u00e3o, pr\u00f3ximos jogos!\",\"potentialAction\":[{\"@type\":\"SearchAction\",\"target\":{\"@type\":\"EntryPoint\",\"urlTemplate\":\"https:\/\/www.gaveanews.com\/?s={search_term_string}\"},\"query-input\":{\"@type\":\"PropertyValueSpecification\",\"valueRequired\":true,\"valueName\":\"search_term_string\"}}],\"inLanguage\":\"pt-BR\"},{\"@type\":\"Person\",\"@id\":\"https:\/\/www.gaveanews.com\/#\/schema\/person\/f42654babcd2b2014a1a65af82b081f1\",\"name\":\"Geovanna Thomaz\",\"image\":{\"@type\":\"ImageObject\",\"inLanguage\":\"pt-BR\",\"@id\":\"https:\/\/www.gaveanews.com\/#\/schema\/person\/image\/\",\"url\":\"https:\/\/secure.gravatar.com\/avatar\/4092073255489533afb558984b49b64268c47198af8623cc82a925ae9fb7118a?s=96&d=mm&r=g\",\"contentUrl\":\"https:\/\/secure.gravatar.com\/avatar\/4092073255489533afb558984b49b64268c47198af8623cc82a925ae9fb7118a?s=96&d=mm&r=g\",\"caption\":\"Geovanna Thomaz\"}}]}<\/script>\n<!-- \/ Yoast SEO Premium plugin. -->","yoast_head_json":{"title":"Imprensa da Europa aponta novo t\u00e9cnico da Sele\u00e7\u00e3o Brasileira","robots":{"index":"index","follow":"follow","max-snippet":"max-snippet:-1","max-image-preview":"max-image-preview:large","max-video-preview":"max-video-preview:-1"},"canonical":"https:\/\/www.gaveanews.com\/index.php\/2025\/03\/30\/imprensa-da-europa-aponta-novo-tecnico-da-selecao-brasileira\/","og_locale":"pt_BR","og_type":"article","og_title":"Imprensa da Europa aponta novo t\u00e9cnico da Sele\u00e7\u00e3o Brasileira","og_description":"A demiss\u00e3o de Dorival J\u00fanior nesta sexta-feira (28) gerou movimenta\u00e7\u00f5es imediatas nos bastidores da Sele\u00e7\u00e3o Brasileira. De acordo com o jornal portugu\u00eas A Bola, o t\u00e9cnico Jorge Jesus, atualmente no Al-Hilal, da Ar\u00e1bia Saudita, \u00e9 o principal nome cogitado para assumir o comando da equipe canarinha. O ve\u00edculo destaca que a Confedera\u00e7\u00e3o Brasileira de Futebol [&hellip;]","og_url":"https:\/\/www.gaveanews.com\/index.php\/2025\/03\/30\/imprensa-da-europa-aponta-novo-tecnico-da-selecao-brasileira\/","og_site_name":"G\u00e1vea News","article_publisher":"https:\/\/facebook.com\/gaveaNews\/","article_published_time":"2025-03-31T02:45:14+00:00","og_image":[{"width":969,"height":646,"url":"https:\/\/www.gaveanews.com\/wp-content\/uploads\/Selecao-Brasileira-de-futebol.webp","type":"image\/webp"}],"author":"Geovanna Thomaz","twitter_card":"summary_large_image","twitter_misc":{"Escrito por":"Geovanna Thomaz","Est. tempo de leitura":"3 minutos"},"schema":{"@context":"https:\/\/schema.org","@graph":[{"@type":"NewsArticle","@id":"https:\/\/www.gaveanews.com\/index.php\/2025\/03\/30\/imprensa-da-europa-aponta-novo-tecnico-da-selecao-brasileira\/#article","isPartOf":{"@id":"https:\/\/www.gaveanews.com\/index.php\/2025\/03\/30\/imprensa-da-europa-aponta-novo-tecnico-da-selecao-brasileira\/"},"author":{"name":"Geovanna Thomaz","@id":"https:\/\/www.gaveanews.com\/#\/schema\/person\/f42654babcd2b2014a1a65af82b081f1"},"headline":"Imprensa da Europa aponta novo t\u00e9cnico da Sele\u00e7\u00e3o Brasileira","datePublished":"2025-03-31T02:45:14+00:00","mainEntityOfPage":{"@id":"https:\/\/www.gaveanews.com\/index.php\/2025\/03\/30\/imprensa-da-europa-aponta-novo-tecnico-da-selecao-brasileira\/"},"wordCount":456,"commentCount":0,"image":{"@id":"https:\/\/www.gaveanews.com\/index.php\/2025\/03\/30\/imprensa-da-europa-aponta-novo-tecnico-da-selecao-brasileira\/#primaryimage"},"thumbnailUrl":"https:\/\/www.gaveanews.com\/wp-content\/uploads\/Selecao-Brasileira-de-futebol.webp","articleSection":["Brasil"],"inLanguage":"pt-BR","potentialAction":[{"@type":"CommentAction","name":"Comment","target":["https:\/\/www.gaveanews.com\/index.php\/2025\/03\/30\/imprensa-da-europa-aponta-novo-tecnico-da-selecao-brasileira\/#respond"]}],"copyrightYear":"2025","copyrightHolder":{"@id":"https:\/\/www.gaveanews.com\/#organization"}},{"@type":"WebPage","@id":"https:\/\/www.gaveanews.com\/index.php\/2025\/03\/30\/imprensa-da-europa-aponta-novo-tecnico-da-selecao-brasileira\/","url":"https:\/\/www.gaveanews.com\/index.php\/2025\/03\/30\/imprensa-da-europa-aponta-novo-tecnico-da-selecao-brasileira\/","name":"Imprensa da Europa aponta novo t\u00e9cnico da Sele\u00e7\u00e3o Brasileira","isPartOf":{"@id":"https:\/\/www.gaveanews.com\/#website"},"primaryImageOfPage":{"@id":"https:\/\/www.gaveanews.com\/index.php\/2025\/03\/30\/imprensa-da-europa-aponta-novo-tecnico-da-selecao-brasileira\/#primaryimage"},"image":{"@id":"https:\/\/www.gaveanews.com\/index.php\/2025\/03\/30\/imprensa-da-europa-aponta-novo-tecnico-da-selecao-brasileira\/#primaryimage"},"thumbnailUrl":"https:\/\/www.gaveanews.com\/wp-content\/uploads\/Selecao-Brasileira-de-futebol.webp","datePublished":"2025-03-31T02:45:14+00:00","author":{"@id":"https:\/\/www.gaveanews.com\/#\/schema\/person\/f42654babcd2b2014a1a65af82b081f1"},"breadcrumb":{"@id":"https:\/\/www.gaveanews.com\/index.php\/2025\/03\/30\/imprensa-da-europa-aponta-novo-tecnico-da-selecao-brasileira\/#breadcrumb"},"inLanguage":"pt-BR","potentialAction":[{"@type":"ReadAction","target":["https:\/\/www.gaveanews.com\/index.php\/2025\/03\/30\/imprensa-da-europa-aponta-novo-tecnico-da-selecao-brasileira\/"]}]},{"@type":"ImageObject","inLanguage":"pt-BR","@id":"https:\/\/www.gaveanews.com\/index.php\/2025\/03\/30\/imprensa-da-europa-aponta-novo-tecnico-da-selecao-brasileira\/#primaryimage","url":"https:\/\/www.gaveanews.com\/wp-content\/uploads\/Selecao-Brasileira-de-futebol.webp","contentUrl":"https:\/\/www.gaveanews.com\/wp-content\/uploads\/Selecao-Brasileira-de-futebol.webp","width":969,"height":646,"caption":"Sele\u00e7\u00e3o Brasileira de futebol (Foto: Reprodu\u00e7\u00e3o\/Instagram)"},{"@type":"BreadcrumbList","@id":"https:\/\/www.gaveanews.com\/index.php\/2025\/03\/30\/imprensa-da-europa-aponta-novo-tecnico-da-selecao-brasileira\/#breadcrumb","itemListElement":[{"@type":"ListItem","position":1,"name":"Home","item":"https:\/\/www.gaveanews.com\/"},{"@type":"ListItem","position":2,"name":"Imprensa da Europa aponta novo t\u00e9cnico da Sele\u00e7\u00e3o Brasileira"}]},{"@type":"WebSite","@id":"https:\/\/www.gaveanews.com\/#website","url":"https:\/\/www.gaveanews.com\/","name":"G\u00e1vea News","description":"Veja todas as not\u00edcias sobre o Flamengo: Contrata\u00e7\u00f5es, categorias de base, resultados das partidas, tabela de classifica\u00e7\u00e3o, pr\u00f3ximos jogos!","potentialAction":[{"@type":"SearchAction","target":{"@type":"EntryPoint","urlTemplate":"https:\/\/www.gaveanews.com\/?s={search_term_string}"},"query-input":{"@type":"PropertyValueSpecification","valueRequired":true,"valueName":"search_term_string"}}],"inLanguage":"pt-BR"},{"@type":"Person","@id":"https:\/\/www.gaveanews.com\/#\/schema\/person\/f42654babcd2b2014a1a65af82b081f1","name":"Geovanna Thomaz","image":{"@type":"ImageObject","inLanguage":"pt-BR","@id":"https:\/\/www.gaveanews.com\/#\/schema\/person\/image\/","url":"https:\/\/secure.gravatar.com\/avatar\/4092073255489533afb558984b49b64268c47198af8623cc82a925ae9fb7118a?s=96&d=mm&r=g","contentUrl":"https:\/\/secure.gravatar.com\/avatar\/4092073255489533afb558984b49b64268c47198af8623cc82a925ae9fb7118a?s=96&d=mm&r=g","caption":"Geovanna Thomaz"}}]}},"_links":{"self":[{"href":"https:\/\/www.gaveanews.com\/index.php\/wp-json\/wp\/v2\/posts\/246839","targetHints":{"allow":["GET"]}}],"collection":[{"href":"https:\/\/www.gaveanews.com\/index.php\/wp-json\/wp\/v2\/posts"}],"about":[{"href":"https:\/\/www.gaveanews.com\/index.php\/wp-json\/wp\/v2\/types\/post"}],"author":[{"embeddable":true,"href":"https:\/\/www.gaveanews.com\/index.php\/wp-json\/wp\/v2\/users\/17"}],"replies":[{"embeddable":true,"href":"https:\/\/www.gaveanews.com\/index.php\/wp-json\/wp\/v2\/comments?post=246839"}],"version-history":[{"count":1,"href":"https:\/\/www.gaveanews.com\/index.php\/wp-json\/wp\/v2\/posts\/246839\/revisions"}],"predecessor-version":[{"id":246841,"href":"https:\/\/www.gaveanews.com\/index.php\/wp-json\/wp\/v2\/posts\/246839\/revisions\/246841"}],"wp:featuredmedia":[{"embeddable":true,"href":"https:\/\/www.gaveanews.com\/index.php\/wp-json\/wp\/v2\/media\/152167"}],"wp:attachment":[{"href":"https:\/\/www.gaveanews.com\/index.php\/wp-json\/wp\/v2\/media?parent=246839"}],"wp:term":[{"taxonomy":"category","embeddable":true,"href":"https:\/\/www.gaveanews.com\/index.php\/wp-json\/wp\/v2\/categories?post=246839"},{"taxonomy":"post_tag","embeddable":true,"href":"https:\/\/www.gaveanews.com\/index.php\/wp-json\/wp\/v2\/tags?post=246839"}],"curies":[{"name":"wp","href":"https:\/\/api.w.org\/{rel}","templated":true}]}}