{"id":246842,"date":"2025-03-30T21:52:55","date_gmt":"2025-03-31T00:52:55","guid":{"rendered":"https:\/\/www.gaveanews.com\/?p=246842"},"modified":"2025-03-30T21:53:42","modified_gmt":"2025-03-31T00:53:42","slug":"santos-a-declaracao-de-pedro-caixinha-sobre-virada-para-o-vasco","status":"publish","type":"post","link":"https:\/\/www.gaveanews.com\/index.php\/2025\/03\/30\/santos-a-declaracao-de-pedro-caixinha-sobre-virada-para-o-vasco\/","title":{"rendered":"Santos: a declara\u00e7\u00e3o de Pedro Caixinha"},"content":{"rendered":"\n<p>O Santos iniciou sua campanha no Campeonato Brasileiro de 2025 com uma derrota por 2 a 1 para o Vasco, neste domingo (30), em S\u00e3o Janu\u00e1rio. Ap\u00f3s o t\u00e9rmino do primeiro tempo com a vantagem de 1 a 0, o t\u00e9cnico Pedro Caixinha expressou preocupa\u00e7\u00e3o com a perda do controle emocional na etapa final.<\/p>\n\n\n\n<p>\u201cTeve uma coisa muito importante que n\u00f3s criamos, que era ter o controle emocional do jogo. No final da primeira parte, a equipe advers\u00e1ria falhava em muitos passes, a equipe advers\u00e1ria e o p\u00fablico estavam incomodados. Foi com essa vantagem emocional que fomos para o intervalo\u201d, comentou Caixinha.<\/p>\n\n\n\n<p>O treinador destacou que a equipe deveria ter iniciado o segundo tempo com intensidade para manter o dom\u00ednio, mas percebeu que alguns jogadores apresentaram falta de energia. \u201cN\u00f3s sab\u00edamos que n\u00e3o pod\u00edamos confiar. A primeira mensagem que n\u00f3s demos aos jogadores era de que t\u00ednhamos que fazer uma entrada no jogo, em particular nos primeiros 15 minutos, que fossem muito fortes\u201d, afirmou.<\/p>\n\n\n\n<h2 class=\"wp-block-heading\" id=\"h-falhas-defensivas\">Falhas defensivas<\/h2>\n\n\n\n<p>Caixinha tamb\u00e9m mencionou que as substitui\u00e7\u00f5es tinham o objetivo de arriscar mais e aumentar a presen\u00e7a ofensiva, na tentativa de reverter o placar. No entanto, reconheceu que a equipe cometeu falhas defensivas nos gols sofridos. \u201cO advers\u00e1rio aproveitou e muito bem. Uma situa\u00e7\u00e3o do Vegetti, n\u00e3o na primeira bola, que ele d\u00e1 assist\u00eancia para o primeiro gol, porque \u00e9 um jogador que, mesmo marcado, \u00e9 dif\u00edcil. Mas sim uma desaten\u00e7\u00e3o que foi o regresso dessa segunda bola\u201d, explicou.<\/p>\n\n\n\n<p>&#8220;E depois, na cobran\u00e7a da falta, onde t\u00ednhamos efetivamente um respons\u00e1vel para fazer a marca\u00e7\u00e3o, e um jogador com a qualidade do Vegetti n\u00e3o pode indiscutivelmente estar s\u00f3 na \u00e1rea, na forma como finalizou. A hist\u00f3ria do jogo \u00e9 essa. N\u00e3o \u00e9 um resultado que quer\u00edamos. Em determinados momentos do jogo, fomos essa equipe que queremos ser e com essa imagem que queremos ter, mas n\u00e3o conseguimos ser na totalidade do jogo&#8221;, completou. <\/p>\n\n\n\n<h2 class=\"wp-block-heading\" id=\"h-e-o-neymar\">E o Neymar?<\/h2>\n\n\n\n<p>Por fim, o t\u00e9cnico desconversou sobre os casos de Neymar e Soteldo, baixas por problemas f\u00edsicos. &#8220;N\u00e3o vieram e n\u00e3o vou falar sobre eles. Respeitamos todos que est\u00e3o aqui. Fizeram um trabalho muito merit\u00f3rio em termos do que \u00e9 nossa apresenta\u00e7\u00e3o. Sempre que n\u00f3s n\u00e3o tivermos um jogador aqui, seja Neymar, seja Soteldo, n\u00e3o vou falar. \u00c9 desrespeito com os jogadores que estiveram aqui para fazer esse esfor\u00e7o&#8221;. <\/p>\n","protected":false},"excerpt":{"rendered":"<p>O Santos iniciou sua campanha no Campeonato Brasileiro de 2025 com uma derrota por 2 a 1 para o Vasco, neste domingo (30), em S\u00e3o Janu\u00e1rio. Ap\u00f3s o t\u00e9rmino do primeiro tempo com a vantagem de 1 a 0, o t\u00e9cnico Pedro Caixinha expressou preocupa\u00e7\u00e3o com a perda do controle emocional na etapa final. \u201cTeve [&hellip;]<\/p>\n","protected":false},"author":30,"featured_media":227144,"comment_status":"open","ping_status":"closed","sticky":false,"template":"","format":"standard","meta":{"footnotes":""},"categories":[133,139],"tags":[],"class_list":["post-246842","post","type-post","status-publish","format-standard","has-post-thumbnail","hentry","category-brasileirao","category-santos"],"yoast_head":"<!-- This site is optimized with the Yoast SEO Premium plugin v24.2 (Yoast SEO v26.9) - https:\/\/yoast.com\/product\/yoast-seo-premium-wordpress\/ -->\n<title>Santos: a declara\u00e7\u00e3o de Pedro Caixinha<\/title>\n<meta name=\"robots\" content=\"index, follow, max-snippet:-1, max-image-preview:large, max-video-preview:-1\" \/>\n<link rel=\"canonical\" href=\"https:\/\/www.gaveanews.com\/index.php\/2025\/03\/30\/santos-a-declaracao-de-pedro-caixinha-sobre-virada-para-o-vasco\/\" \/>\n<meta property=\"og:locale\" content=\"pt_BR\" \/>\n<meta property=\"og:type\" content=\"article\" \/>\n<meta property=\"og:title\" content=\"Santos: a declara\u00e7\u00e3o de Pedro Caixinha\" \/>\n<meta property=\"og:description\" content=\"O Santos iniciou sua campanha no Campeonato Brasileiro de 2025 com uma derrota por 2 a 1 para o Vasco, neste domingo (30), em S\u00e3o Janu\u00e1rio. Ap\u00f3s o t\u00e9rmino do primeiro tempo com a vantagem de 1 a 0, o t\u00e9cnico Pedro Caixinha expressou preocupa\u00e7\u00e3o com a perda do controle emocional na etapa final. \u201cTeve [&hellip;]\" \/>\n<meta property=\"og:url\" content=\"https:\/\/www.gaveanews.com\/index.php\/2025\/03\/30\/santos-a-declaracao-de-pedro-caixinha-sobre-virada-para-o-vasco\/\" \/>\n<meta property=\"og:site_name\" content=\"G\u00e1vea News\" \/>\n<meta property=\"article:publisher\" content=\"https:\/\/facebook.com\/gaveaNews\/\" \/>\n<meta property=\"article:published_time\" content=\"2025-03-31T00:52:55+00:00\" \/>\n<meta property=\"article:modified_time\" content=\"2025-03-31T00:53:42+00:00\" \/>\n<meta property=\"og:image\" content=\"http:\/\/www.gaveanews.com\/wp-content\/uploads\/Pedro-Caixinha-tecnico-do-Santos.webp\" \/>\n\t<meta property=\"og:image:width\" content=\"725\" \/>\n\t<meta property=\"og:image:height\" content=\"526\" \/>\n\t<meta property=\"og:image:type\" content=\"image\/jpeg\" \/>\n<meta name=\"author\" content=\"Ana Teixeira\" \/>\n<meta name=\"twitter:card\" content=\"summary_large_image\" \/>\n<meta name=\"twitter:label1\" content=\"Escrito por\" \/>\n\t<meta name=\"twitter:data1\" content=\"Ana Teixeira\" \/>\n\t<meta name=\"twitter:label2\" content=\"Est. tempo de leitura\" \/>\n\t<meta name=\"twitter:data2\" content=\"3 minutos\" \/>\n<script type=\"application\/ld+json\" class=\"yoast-schema-graph\">{\"@context\":\"https:\/\/schema.org\",\"@graph\":[{\"@type\":\"NewsArticle\",\"@id\":\"https:\/\/www.gaveanews.com\/index.php\/2025\/03\/30\/santos-a-declaracao-de-pedro-caixinha-sobre-virada-para-o-vasco\/#article\",\"isPartOf\":{\"@id\":\"https:\/\/www.gaveanews.com\/index.php\/2025\/03\/30\/santos-a-declaracao-de-pedro-caixinha-sobre-virada-para-o-vasco\/\"},\"author\":{\"name\":\"Ana Teixeira\",\"@id\":\"https:\/\/www.gaveanews.com\/#\/schema\/person\/3b19f7288b0ce20372991275e4f2e6c2\"},\"headline\":\"Santos: a declara\u00e7\u00e3o de Pedro Caixinha\",\"datePublished\":\"2025-03-31T00:52:55+00:00\",\"dateModified\":\"2025-03-31T00:53:42+00:00\",\"mainEntityOfPage\":{\"@id\":\"https:\/\/www.gaveanews.com\/index.php\/2025\/03\/30\/santos-a-declaracao-de-pedro-caixinha-sobre-virada-para-o-vasco\/\"},\"wordCount\":428,\"commentCount\":0,\"image\":{\"@id\":\"https:\/\/www.gaveanews.com\/index.php\/2025\/03\/30\/santos-a-declaracao-de-pedro-caixinha-sobre-virada-para-o-vasco\/#primaryimage\"},\"thumbnailUrl\":\"https:\/\/www.gaveanews.com\/wp-content\/uploads\/Pedro-Caixinha-tecnico-do-Santos.webp\",\"articleSection\":[\"Brasileir\u00e3o\",\"Santos\"],\"inLanguage\":\"pt-BR\",\"potentialAction\":[{\"@type\":\"CommentAction\",\"name\":\"Comment\",\"target\":[\"https:\/\/www.gaveanews.com\/index.php\/2025\/03\/30\/santos-a-declaracao-de-pedro-caixinha-sobre-virada-para-o-vasco\/#respond\"]}],\"copyrightYear\":\"2025\",\"copyrightHolder\":{\"@id\":\"https:\/\/www.gaveanews.com\/#organization\"}},{\"@type\":\"WebPage\",\"@id\":\"https:\/\/www.gaveanews.com\/index.php\/2025\/03\/30\/santos-a-declaracao-de-pedro-caixinha-sobre-virada-para-o-vasco\/\",\"url\":\"https:\/\/www.gaveanews.com\/index.php\/2025\/03\/30\/santos-a-declaracao-de-pedro-caixinha-sobre-virada-para-o-vasco\/\",\"name\":\"Santos: a declara\u00e7\u00e3o de Pedro Caixinha\",\"isPartOf\":{\"@id\":\"https:\/\/www.gaveanews.com\/#website\"},\"primaryImageOfPage\":{\"@id\":\"https:\/\/www.gaveanews.com\/index.php\/2025\/03\/30\/santos-a-declaracao-de-pedro-caixinha-sobre-virada-para-o-vasco\/#primaryimage\"},\"image\":{\"@id\":\"https:\/\/www.gaveanews.com\/index.php\/2025\/03\/30\/santos-a-declaracao-de-pedro-caixinha-sobre-virada-para-o-vasco\/#primaryimage\"},\"thumbnailUrl\":\"https:\/\/www.gaveanews.com\/wp-content\/uploads\/Pedro-Caixinha-tecnico-do-Santos.webp\",\"datePublished\":\"2025-03-31T00:52:55+00:00\",\"dateModified\":\"2025-03-31T00:53:42+00:00\",\"author\":{\"@id\":\"https:\/\/www.gaveanews.com\/#\/schema\/person\/3b19f7288b0ce20372991275e4f2e6c2\"},\"breadcrumb\":{\"@id\":\"https:\/\/www.gaveanews.com\/index.php\/2025\/03\/30\/santos-a-declaracao-de-pedro-caixinha-sobre-virada-para-o-vasco\/#breadcrumb\"},\"inLanguage\":\"pt-BR\",\"potentialAction\":[{\"@type\":\"ReadAction\",\"target\":[\"https:\/\/www.gaveanews.com\/index.php\/2025\/03\/30\/santos-a-declaracao-de-pedro-caixinha-sobre-virada-para-o-vasco\/\"]}]},{\"@type\":\"ImageObject\",\"inLanguage\":\"pt-BR\",\"@id\":\"https:\/\/www.gaveanews.com\/index.php\/2025\/03\/30\/santos-a-declaracao-de-pedro-caixinha-sobre-virada-para-o-vasco\/#primaryimage\",\"url\":\"https:\/\/www.gaveanews.com\/wp-content\/uploads\/Pedro-Caixinha-tecnico-do-Santos.webp\",\"contentUrl\":\"https:\/\/www.gaveanews.com\/wp-content\/uploads\/Pedro-Caixinha-tecnico-do-Santos.webp\",\"width\":725,\"height\":526,\"caption\":\"Pedro Caixinha, t\u00e9cnico do Santos (Foto: Divulga\u00e7\u00e3o\/Santos)\"},{\"@type\":\"BreadcrumbList\",\"@id\":\"https:\/\/www.gaveanews.com\/index.php\/2025\/03\/30\/santos-a-declaracao-de-pedro-caixinha-sobre-virada-para-o-vasco\/#breadcrumb\",\"itemListElement\":[{\"@type\":\"ListItem\",\"position\":1,\"name\":\"Home\",\"item\":\"https:\/\/www.gaveanews.com\/\"},{\"@type\":\"ListItem\",\"position\":2,\"name\":\"Santos: a declara\u00e7\u00e3o de Pedro Caixinha\"}]},{\"@type\":\"WebSite\",\"@id\":\"https:\/\/www.gaveanews.com\/#website\",\"url\":\"https:\/\/www.gaveanews.com\/\",\"name\":\"G\u00e1vea News\",\"description\":\"Veja todas as not\u00edcias sobre o Flamengo: Contrata\u00e7\u00f5es, categorias de base, resultados das partidas, tabela de classifica\u00e7\u00e3o, pr\u00f3ximos jogos!\",\"potentialAction\":[{\"@type\":\"SearchAction\",\"target\":{\"@type\":\"EntryPoint\",\"urlTemplate\":\"https:\/\/www.gaveanews.com\/?s={search_term_string}\"},\"query-input\":{\"@type\":\"PropertyValueSpecification\",\"valueRequired\":true,\"valueName\":\"search_term_string\"}}],\"inLanguage\":\"pt-BR\"},{\"@type\":\"Person\",\"@id\":\"https:\/\/www.gaveanews.com\/#\/schema\/person\/3b19f7288b0ce20372991275e4f2e6c2\",\"name\":\"Ana Teixeira\",\"image\":{\"@type\":\"ImageObject\",\"inLanguage\":\"pt-BR\",\"@id\":\"https:\/\/www.gaveanews.com\/#\/schema\/person\/image\/\",\"url\":\"https:\/\/secure.gravatar.com\/avatar\/0a73f5a5258f3fed37fc2fa641892f3f7a4748456d4d4792f9bc550e6c19e06c?s=96&d=mm&r=g\",\"contentUrl\":\"https:\/\/secure.gravatar.com\/avatar\/0a73f5a5258f3fed37fc2fa641892f3f7a4748456d4d4792f9bc550e6c19e06c?s=96&d=mm&r=g\",\"caption\":\"Ana Teixeira\"}}]}<\/script>\n<!-- \/ Yoast SEO Premium plugin. -->","yoast_head_json":{"title":"Santos: a declara\u00e7\u00e3o de Pedro Caixinha","robots":{"index":"index","follow":"follow","max-snippet":"max-snippet:-1","max-image-preview":"max-image-preview:large","max-video-preview":"max-video-preview:-1"},"canonical":"https:\/\/www.gaveanews.com\/index.php\/2025\/03\/30\/santos-a-declaracao-de-pedro-caixinha-sobre-virada-para-o-vasco\/","og_locale":"pt_BR","og_type":"article","og_title":"Santos: a declara\u00e7\u00e3o de Pedro Caixinha","og_description":"O Santos iniciou sua campanha no Campeonato Brasileiro de 2025 com uma derrota por 2 a 1 para o Vasco, neste domingo (30), em S\u00e3o Janu\u00e1rio. Ap\u00f3s o t\u00e9rmino do primeiro tempo com a vantagem de 1 a 0, o t\u00e9cnico Pedro Caixinha expressou preocupa\u00e7\u00e3o com a perda do controle emocional na etapa final. \u201cTeve [&hellip;]","og_url":"https:\/\/www.gaveanews.com\/index.php\/2025\/03\/30\/santos-a-declaracao-de-pedro-caixinha-sobre-virada-para-o-vasco\/","og_site_name":"G\u00e1vea News","article_publisher":"https:\/\/facebook.com\/gaveaNews\/","article_published_time":"2025-03-31T00:52:55+00:00","article_modified_time":"2025-03-31T00:53:42+00:00","og_image":[{"width":725,"height":526,"url":"http:\/\/www.gaveanews.com\/wp-content\/uploads\/Pedro-Caixinha-tecnico-do-Santos.webp","type":"image\/jpeg"}],"author":"Ana Teixeira","twitter_card":"summary_large_image","twitter_misc":{"Escrito por":"Ana Teixeira","Est. tempo de leitura":"3 minutos"},"schema":{"@context":"https:\/\/schema.org","@graph":[{"@type":"NewsArticle","@id":"https:\/\/www.gaveanews.com\/index.php\/2025\/03\/30\/santos-a-declaracao-de-pedro-caixinha-sobre-virada-para-o-vasco\/#article","isPartOf":{"@id":"https:\/\/www.gaveanews.com\/index.php\/2025\/03\/30\/santos-a-declaracao-de-pedro-caixinha-sobre-virada-para-o-vasco\/"},"author":{"name":"Ana Teixeira","@id":"https:\/\/www.gaveanews.com\/#\/schema\/person\/3b19f7288b0ce20372991275e4f2e6c2"},"headline":"Santos: a declara\u00e7\u00e3o de Pedro Caixinha","datePublished":"2025-03-31T00:52:55+00:00","dateModified":"2025-03-31T00:53:42+00:00","mainEntityOfPage":{"@id":"https:\/\/www.gaveanews.com\/index.php\/2025\/03\/30\/santos-a-declaracao-de-pedro-caixinha-sobre-virada-para-o-vasco\/"},"wordCount":428,"commentCount":0,"image":{"@id":"https:\/\/www.gaveanews.com\/index.php\/2025\/03\/30\/santos-a-declaracao-de-pedro-caixinha-sobre-virada-para-o-vasco\/#primaryimage"},"thumbnailUrl":"https:\/\/www.gaveanews.com\/wp-content\/uploads\/Pedro-Caixinha-tecnico-do-Santos.webp","articleSection":["Brasileir\u00e3o","Santos"],"inLanguage":"pt-BR","potentialAction":[{"@type":"CommentAction","name":"Comment","target":["https:\/\/www.gaveanews.com\/index.php\/2025\/03\/30\/santos-a-declaracao-de-pedro-caixinha-sobre-virada-para-o-vasco\/#respond"]}],"copyrightYear":"2025","copyrightHolder":{"@id":"https:\/\/www.gaveanews.com\/#organization"}},{"@type":"WebPage","@id":"https:\/\/www.gaveanews.com\/index.php\/2025\/03\/30\/santos-a-declaracao-de-pedro-caixinha-sobre-virada-para-o-vasco\/","url":"https:\/\/www.gaveanews.com\/index.php\/2025\/03\/30\/santos-a-declaracao-de-pedro-caixinha-sobre-virada-para-o-vasco\/","name":"Santos: a declara\u00e7\u00e3o de Pedro Caixinha","isPartOf":{"@id":"https:\/\/www.gaveanews.com\/#website"},"primaryImageOfPage":{"@id":"https:\/\/www.gaveanews.com\/index.php\/2025\/03\/30\/santos-a-declaracao-de-pedro-caixinha-sobre-virada-para-o-vasco\/#primaryimage"},"image":{"@id":"https:\/\/www.gaveanews.com\/index.php\/2025\/03\/30\/santos-a-declaracao-de-pedro-caixinha-sobre-virada-para-o-vasco\/#primaryimage"},"thumbnailUrl":"https:\/\/www.gaveanews.com\/wp-content\/uploads\/Pedro-Caixinha-tecnico-do-Santos.webp","datePublished":"2025-03-31T00:52:55+00:00","dateModified":"2025-03-31T00:53:42+00:00","author":{"@id":"https:\/\/www.gaveanews.com\/#\/schema\/person\/3b19f7288b0ce20372991275e4f2e6c2"},"breadcrumb":{"@id":"https:\/\/www.gaveanews.com\/index.php\/2025\/03\/30\/santos-a-declaracao-de-pedro-caixinha-sobre-virada-para-o-vasco\/#breadcrumb"},"inLanguage":"pt-BR","potentialAction":[{"@type":"ReadAction","target":["https:\/\/www.gaveanews.com\/index.php\/2025\/03\/30\/santos-a-declaracao-de-pedro-caixinha-sobre-virada-para-o-vasco\/"]}]},{"@type":"ImageObject","inLanguage":"pt-BR","@id":"https:\/\/www.gaveanews.com\/index.php\/2025\/03\/30\/santos-a-declaracao-de-pedro-caixinha-sobre-virada-para-o-vasco\/#primaryimage","url":"https:\/\/www.gaveanews.com\/wp-content\/uploads\/Pedro-Caixinha-tecnico-do-Santos.webp","contentUrl":"https:\/\/www.gaveanews.com\/wp-content\/uploads\/Pedro-Caixinha-tecnico-do-Santos.webp","width":725,"height":526,"caption":"Pedro Caixinha, t\u00e9cnico do Santos (Foto: Divulga\u00e7\u00e3o\/Santos)"},{"@type":"BreadcrumbList","@id":"https:\/\/www.gaveanews.com\/index.php\/2025\/03\/30\/santos-a-declaracao-de-pedro-caixinha-sobre-virada-para-o-vasco\/#breadcrumb","itemListElement":[{"@type":"ListItem","position":1,"name":"Home","item":"https:\/\/www.gaveanews.com\/"},{"@type":"ListItem","position":2,"name":"Santos: a declara\u00e7\u00e3o de Pedro Caixinha"}]},{"@type":"WebSite","@id":"https:\/\/www.gaveanews.com\/#website","url":"https:\/\/www.gaveanews.com\/","name":"G\u00e1vea News","description":"Veja todas as not\u00edcias sobre o Flamengo: Contrata\u00e7\u00f5es, categorias de base, resultados das partidas, tabela de classifica\u00e7\u00e3o, pr\u00f3ximos jogos!","potentialAction":[{"@type":"SearchAction","target":{"@type":"EntryPoint","urlTemplate":"https:\/\/www.gaveanews.com\/?s={search_term_string}"},"query-input":{"@type":"PropertyValueSpecification","valueRequired":true,"valueName":"search_term_string"}}],"inLanguage":"pt-BR"},{"@type":"Person","@id":"https:\/\/www.gaveanews.com\/#\/schema\/person\/3b19f7288b0ce20372991275e4f2e6c2","name":"Ana Teixeira","image":{"@type":"ImageObject","inLanguage":"pt-BR","@id":"https:\/\/www.gaveanews.com\/#\/schema\/person\/image\/","url":"https:\/\/secure.gravatar.com\/avatar\/0a73f5a5258f3fed37fc2fa641892f3f7a4748456d4d4792f9bc550e6c19e06c?s=96&d=mm&r=g","contentUrl":"https:\/\/secure.gravatar.com\/avatar\/0a73f5a5258f3fed37fc2fa641892f3f7a4748456d4d4792f9bc550e6c19e06c?s=96&d=mm&r=g","caption":"Ana Teixeira"}}]}},"_links":{"self":[{"href":"https:\/\/www.gaveanews.com\/index.php\/wp-json\/wp\/v2\/posts\/246842","targetHints":{"allow":["GET"]}}],"collection":[{"href":"https:\/\/www.gaveanews.com\/index.php\/wp-json\/wp\/v2\/posts"}],"about":[{"href":"https:\/\/www.gaveanews.com\/index.php\/wp-json\/wp\/v2\/types\/post"}],"author":[{"embeddable":true,"href":"https:\/\/www.gaveanews.com\/index.php\/wp-json\/wp\/v2\/users\/30"}],"replies":[{"embeddable":true,"href":"https:\/\/www.gaveanews.com\/index.php\/wp-json\/wp\/v2\/comments?post=246842"}],"version-history":[{"count":2,"href":"https:\/\/www.gaveanews.com\/index.php\/wp-json\/wp\/v2\/posts\/246842\/revisions"}],"predecessor-version":[{"id":246846,"href":"https:\/\/www.gaveanews.com\/index.php\/wp-json\/wp\/v2\/posts\/246842\/revisions\/246846"}],"wp:featuredmedia":[{"embeddable":true,"href":"https:\/\/www.gaveanews.com\/index.php\/wp-json\/wp\/v2\/media\/227144"}],"wp:attachment":[{"href":"https:\/\/www.gaveanews.com\/index.php\/wp-json\/wp\/v2\/media?parent=246842"}],"wp:term":[{"taxonomy":"category","embeddable":true,"href":"https:\/\/www.gaveanews.com\/index.php\/wp-json\/wp\/v2\/categories?post=246842"},{"taxonomy":"post_tag","embeddable":true,"href":"https:\/\/www.gaveanews.com\/index.php\/wp-json\/wp\/v2\/tags?post=246842"}],"curies":[{"name":"wp","href":"https:\/\/api.w.org\/{rel}","templated":true}]}}