{"id":24687,"date":"2019-08-13T11:45:07","date_gmt":"2019-08-13T14:45:07","guid":{"rendered":"http:\/\/www.gaveanews.com\/?p=24687"},"modified":"2019-08-13T12:07:21","modified_gmt":"2019-08-13T15:07:21","slug":"diretoria-do-flamengo-se-acerta-com-mais-um-patrocinador-para-o-futebol-profissional","status":"publish","type":"post","link":"https:\/\/www.gaveanews.com\/index.php\/2019\/08\/13\/diretoria-do-flamengo-se-acerta-com-mais-um-patrocinador-para-o-futebol-profissional\/","title":{"rendered":"Diretoria do Flamengo se acerta com mais um patrocinador para o futebol profissional"},"content":{"rendered":"\n<p>O Flamengo encaminhou acordo com mais um patrocinador. Trata-se da empresa Benevix, do ramo de planos de sa\u00fade. No entanto, a marca ser\u00e1 estampada apenas em cal\u00e7\u00e3o de jogo (veja abaixo uma ilustra\u00e7\u00e3o de como ficar\u00e1 o logo da empresa no uniforme). O contrato j\u00e1 foi formulado e o Rubro-Negro lucrar\u00e1 cerca de 500 mil reais com o novo parceiro.<\/p>\n\n\n\n<p>Al\u00e9m da Benevix, recentemente o <strong><a href=\"http:\/\/www.gaveanews.com\/?s=buser\">rubro-negro tamb\u00e9m havia se acertado com a Buser<\/a><\/strong> (aplicativo que oferece o servi\u00e7o de compra de passagens de \u00f4nibus para viagens intermunicipais).<\/p>\n\n\n\n<p>Logomarca da empresa Benevix ficar\u00e1 acima da logomarca da Adidas. Confira:<\/p>\n\n\n\n<figure class=\"wp-block-image\"><img decoding=\"async\" src=\"https:\/\/s2.glbimg.com\/iUIa42XKauw9xVE9XNftaSJZalM=\/0x0:1891x1064\/1000x0\/smart\/filters:strip_icc()\/i.s3.glbimg.com\/v1\/AUTH_bc8228b6673f488aa253bbcb03c80ec5\/internal_photos\/bs\/2019\/f\/z\/J09EVHSHiOovDmGV7i9w\/benevix-short2.webp\" alt=\"\"\/><\/figure>\n\n\n\n<h3 class=\"wp-block-heading\"><strong>Gabigol fala sobre conversas com Balotelli:<\/strong><\/h3>\n\n\n\n<p style=\"font-size:11px\"> (<a href=\"http:\/\/bit.ly\/Twitter-Gavea-News\">siga nosso perfil no Twitter: @Gavea_News<\/a>) <\/p>\n\n\n\n<figure class=\"wp-block-embed-twitter wp-block-embed is-type-rich is-provider-twitter\"><div class=\"wp-block-embed__wrapper\">\nhttps:\/\/twitter.com\/gavea_news\/status\/1161272160150835201\n<\/div><\/figure>\n\n\n\n\n\n<p>Retirado de: 43 Minutos<\/p>\n","protected":false},"excerpt":{"rendered":"<p>O Flamengo encaminhou acordo com mais um patrocinador. Trata-se da empresa Benevix, do ramo de planos de sa\u00fade. No entanto, a marca ser\u00e1 estampada apenas em cal\u00e7\u00e3o de jogo (veja abaixo uma ilustra\u00e7\u00e3o de como ficar\u00e1 o logo da empresa no uniforme). O contrato j\u00e1 foi formulado e o Rubro-Negro lucrar\u00e1 cerca de 500 mil [&hellip;]<\/p>\n","protected":false},"author":1,"featured_media":24689,"comment_status":"open","ping_status":"open","sticky":false,"template":"","format":"standard","meta":{"footnotes":""},"categories":[1],"tags":[],"class_list":["post-24687","post","type-post","status-publish","format-standard","has-post-thumbnail","hentry","category-flamengo"],"yoast_head":"<!-- This site is optimized with the Yoast SEO Premium plugin v24.2 (Yoast SEO v26.9) - https:\/\/yoast.com\/product\/yoast-seo-premium-wordpress\/ -->\n<title>Diretoria do Flamengo se acerta com mais um patrocinador para o futebol profissional<\/title>\n<meta name=\"robots\" content=\"index, follow, max-snippet:-1, max-image-preview:large, max-video-preview:-1\" \/>\n<link rel=\"canonical\" href=\"https:\/\/www.gaveanews.com\/index.php\/2019\/08\/13\/diretoria-do-flamengo-se-acerta-com-mais-um-patrocinador-para-o-futebol-profissional\/\" \/>\n<meta property=\"og:locale\" content=\"pt_BR\" \/>\n<meta property=\"og:type\" content=\"article\" \/>\n<meta property=\"og:title\" content=\"Diretoria do Flamengo se acerta com mais um patrocinador para o futebol profissional\" \/>\n<meta property=\"og:description\" content=\"O Flamengo encaminhou acordo com mais um patrocinador. Trata-se da empresa Benevix, do ramo de planos de sa\u00fade. No entanto, a marca ser\u00e1 estampada apenas em cal\u00e7\u00e3o de jogo (veja abaixo uma ilustra\u00e7\u00e3o de como ficar\u00e1 o logo da empresa no uniforme). O contrato j\u00e1 foi formulado e o Rubro-Negro lucrar\u00e1 cerca de 500 mil [&hellip;]\" \/>\n<meta property=\"og:url\" content=\"https:\/\/www.gaveanews.com\/index.php\/2019\/08\/13\/diretoria-do-flamengo-se-acerta-com-mais-um-patrocinador-para-o-futebol-profissional\/\" \/>\n<meta property=\"og:site_name\" content=\"G\u00e1vea News\" \/>\n<meta property=\"article:publisher\" content=\"https:\/\/facebook.com\/gaveaNews\/\" \/>\n<meta property=\"article:published_time\" content=\"2019-08-13T14:45:07+00:00\" \/>\n<meta property=\"article:modified_time\" content=\"2019-08-13T15:07:21+00:00\" \/>\n<meta property=\"og:image\" content=\"https:\/\/www.gaveanews.com\/wp-content\/uploads\/2019\/08\/Logomarca-da-empresa-Benevix.webp\" \/>\n\t<meta property=\"og:image:width\" content=\"900\" \/>\n\t<meta property=\"og:image:height\" content=\"468\" \/>\n\t<meta property=\"og:image:type\" content=\"image\/png\" \/>\n<meta name=\"author\" content=\"Equipe G\u00e1vea News\" \/>\n<meta name=\"twitter:card\" content=\"summary_large_image\" \/>\n<meta name=\"twitter:label1\" content=\"Escrito por\" \/>\n\t<meta name=\"twitter:data1\" content=\"Equipe G\u00e1vea News\" \/>\n\t<meta name=\"twitter:label2\" content=\"Est. tempo de leitura\" \/>\n\t<meta name=\"twitter:data2\" content=\"1 minuto\" \/>\n<script type=\"application\/ld+json\" class=\"yoast-schema-graph\">{\"@context\":\"https:\/\/schema.org\",\"@graph\":[{\"@type\":\"NewsArticle\",\"@id\":\"https:\/\/www.gaveanews.com\/index.php\/2019\/08\/13\/diretoria-do-flamengo-se-acerta-com-mais-um-patrocinador-para-o-futebol-profissional\/#article\",\"isPartOf\":{\"@id\":\"https:\/\/www.gaveanews.com\/index.php\/2019\/08\/13\/diretoria-do-flamengo-se-acerta-com-mais-um-patrocinador-para-o-futebol-profissional\/\"},\"author\":{\"name\":\"Equipe G\u00e1vea News\",\"@id\":\"https:\/\/www.gaveanews.com\/#\/schema\/person\/2ec14f73fb96be2caf28f91afb14749d\"},\"headline\":\"Diretoria do Flamengo se acerta com mais um patrocinador para o futebol profissional\",\"datePublished\":\"2019-08-13T14:45:07+00:00\",\"dateModified\":\"2019-08-13T15:07:21+00:00\",\"mainEntityOfPage\":{\"@id\":\"https:\/\/www.gaveanews.com\/index.php\/2019\/08\/13\/diretoria-do-flamengo-se-acerta-com-mais-um-patrocinador-para-o-futebol-profissional\/\"},\"wordCount\":131,\"commentCount\":0,\"image\":{\"@id\":\"https:\/\/www.gaveanews.com\/index.php\/2019\/08\/13\/diretoria-do-flamengo-se-acerta-com-mais-um-patrocinador-para-o-futebol-profissional\/#primaryimage\"},\"thumbnailUrl\":\"https:\/\/www.gaveanews.com\/wp-content\/uploads\/2019\/08\/Logomarca-da-empresa-Benevix.webp\",\"articleSection\":[\"Flamengo\"],\"inLanguage\":\"pt-BR\",\"potentialAction\":[{\"@type\":\"CommentAction\",\"name\":\"Comment\",\"target\":[\"https:\/\/www.gaveanews.com\/index.php\/2019\/08\/13\/diretoria-do-flamengo-se-acerta-com-mais-um-patrocinador-para-o-futebol-profissional\/#respond\"]}],\"copyrightYear\":\"2019\",\"copyrightHolder\":{\"@id\":\"https:\/\/www.gaveanews.com\/#organization\"}},{\"@type\":\"WebPage\",\"@id\":\"https:\/\/www.gaveanews.com\/index.php\/2019\/08\/13\/diretoria-do-flamengo-se-acerta-com-mais-um-patrocinador-para-o-futebol-profissional\/\",\"url\":\"https:\/\/www.gaveanews.com\/index.php\/2019\/08\/13\/diretoria-do-flamengo-se-acerta-com-mais-um-patrocinador-para-o-futebol-profissional\/\",\"name\":\"Diretoria do Flamengo se acerta com mais um patrocinador para o futebol profissional\",\"isPartOf\":{\"@id\":\"https:\/\/www.gaveanews.com\/#website\"},\"primaryImageOfPage\":{\"@id\":\"https:\/\/www.gaveanews.com\/index.php\/2019\/08\/13\/diretoria-do-flamengo-se-acerta-com-mais-um-patrocinador-para-o-futebol-profissional\/#primaryimage\"},\"image\":{\"@id\":\"https:\/\/www.gaveanews.com\/index.php\/2019\/08\/13\/diretoria-do-flamengo-se-acerta-com-mais-um-patrocinador-para-o-futebol-profissional\/#primaryimage\"},\"thumbnailUrl\":\"https:\/\/www.gaveanews.com\/wp-content\/uploads\/2019\/08\/Logomarca-da-empresa-Benevix.webp\",\"datePublished\":\"2019-08-13T14:45:07+00:00\",\"dateModified\":\"2019-08-13T15:07:21+00:00\",\"author\":{\"@id\":\"https:\/\/www.gaveanews.com\/#\/schema\/person\/2ec14f73fb96be2caf28f91afb14749d\"},\"breadcrumb\":{\"@id\":\"https:\/\/www.gaveanews.com\/index.php\/2019\/08\/13\/diretoria-do-flamengo-se-acerta-com-mais-um-patrocinador-para-o-futebol-profissional\/#breadcrumb\"},\"inLanguage\":\"pt-BR\",\"potentialAction\":[{\"@type\":\"ReadAction\",\"target\":[\"https:\/\/www.gaveanews.com\/index.php\/2019\/08\/13\/diretoria-do-flamengo-se-acerta-com-mais-um-patrocinador-para-o-futebol-profissional\/\"]}]},{\"@type\":\"ImageObject\",\"inLanguage\":\"pt-BR\",\"@id\":\"https:\/\/www.gaveanews.com\/index.php\/2019\/08\/13\/diretoria-do-flamengo-se-acerta-com-mais-um-patrocinador-para-o-futebol-profissional\/#primaryimage\",\"url\":\"https:\/\/www.gaveanews.com\/wp-content\/uploads\/2019\/08\/Logomarca-da-empresa-Benevix.webp\",\"contentUrl\":\"https:\/\/www.gaveanews.com\/wp-content\/uploads\/2019\/08\/Logomarca-da-empresa-Benevix.webp\",\"width\":900,\"height\":468,\"caption\":\"Logomarca da empresa Benevix (Foto: Reprodu\u00e7\u00e3o)\"},{\"@type\":\"BreadcrumbList\",\"@id\":\"https:\/\/www.gaveanews.com\/index.php\/2019\/08\/13\/diretoria-do-flamengo-se-acerta-com-mais-um-patrocinador-para-o-futebol-profissional\/#breadcrumb\",\"itemListElement\":[{\"@type\":\"ListItem\",\"position\":1,\"name\":\"Home\",\"item\":\"https:\/\/www.gaveanews.com\/\"},{\"@type\":\"ListItem\",\"position\":2,\"name\":\"Diretoria do Flamengo se acerta com mais um patrocinador para o futebol profissional\"}]},{\"@type\":\"WebSite\",\"@id\":\"https:\/\/www.gaveanews.com\/#website\",\"url\":\"https:\/\/www.gaveanews.com\/\",\"name\":\"G\u00e1vea News\",\"description\":\"Veja todas as not\u00edcias sobre o Flamengo: Contrata\u00e7\u00f5es, categorias de base, resultados das partidas, tabela de classifica\u00e7\u00e3o, pr\u00f3ximos jogos!\",\"potentialAction\":[{\"@type\":\"SearchAction\",\"target\":{\"@type\":\"EntryPoint\",\"urlTemplate\":\"https:\/\/www.gaveanews.com\/?s={search_term_string}\"},\"query-input\":{\"@type\":\"PropertyValueSpecification\",\"valueRequired\":true,\"valueName\":\"search_term_string\"}}],\"inLanguage\":\"pt-BR\"},{\"@type\":\"Person\",\"@id\":\"https:\/\/www.gaveanews.com\/#\/schema\/person\/2ec14f73fb96be2caf28f91afb14749d\",\"name\":\"Equipe G\u00e1vea News\",\"image\":{\"@type\":\"ImageObject\",\"inLanguage\":\"pt-BR\",\"@id\":\"https:\/\/www.gaveanews.com\/#\/schema\/person\/image\/\",\"url\":\"https:\/\/secure.gravatar.com\/avatar\/1e1956f1facbffd3f8fa53a326721950116b3b9dc9bd44939c01180fd4a745a9?s=96&d=mm&r=g\",\"contentUrl\":\"https:\/\/secure.gravatar.com\/avatar\/1e1956f1facbffd3f8fa53a326721950116b3b9dc9bd44939c01180fd4a745a9?s=96&d=mm&r=g\",\"caption\":\"Equipe G\u00e1vea News\"}}]}<\/script>\n<!-- \/ Yoast SEO Premium plugin. -->","yoast_head_json":{"title":"Diretoria do Flamengo se acerta com mais um patrocinador para o futebol profissional","robots":{"index":"index","follow":"follow","max-snippet":"max-snippet:-1","max-image-preview":"max-image-preview:large","max-video-preview":"max-video-preview:-1"},"canonical":"https:\/\/www.gaveanews.com\/index.php\/2019\/08\/13\/diretoria-do-flamengo-se-acerta-com-mais-um-patrocinador-para-o-futebol-profissional\/","og_locale":"pt_BR","og_type":"article","og_title":"Diretoria do Flamengo se acerta com mais um patrocinador para o futebol profissional","og_description":"O Flamengo encaminhou acordo com mais um patrocinador. Trata-se da empresa Benevix, do ramo de planos de sa\u00fade. No entanto, a marca ser\u00e1 estampada apenas em cal\u00e7\u00e3o de jogo (veja abaixo uma ilustra\u00e7\u00e3o de como ficar\u00e1 o logo da empresa no uniforme). O contrato j\u00e1 foi formulado e o Rubro-Negro lucrar\u00e1 cerca de 500 mil [&hellip;]","og_url":"https:\/\/www.gaveanews.com\/index.php\/2019\/08\/13\/diretoria-do-flamengo-se-acerta-com-mais-um-patrocinador-para-o-futebol-profissional\/","og_site_name":"G\u00e1vea News","article_publisher":"https:\/\/facebook.com\/gaveaNews\/","article_published_time":"2019-08-13T14:45:07+00:00","article_modified_time":"2019-08-13T15:07:21+00:00","og_image":[{"width":900,"height":468,"url":"https:\/\/www.gaveanews.com\/wp-content\/uploads\/2019\/08\/Logomarca-da-empresa-Benevix.webp","type":"image\/png"}],"author":"Equipe G\u00e1vea News","twitter_card":"summary_large_image","twitter_misc":{"Escrito por":"Equipe G\u00e1vea News","Est. tempo de leitura":"1 minuto"},"schema":{"@context":"https:\/\/schema.org","@graph":[{"@type":"NewsArticle","@id":"https:\/\/www.gaveanews.com\/index.php\/2019\/08\/13\/diretoria-do-flamengo-se-acerta-com-mais-um-patrocinador-para-o-futebol-profissional\/#article","isPartOf":{"@id":"https:\/\/www.gaveanews.com\/index.php\/2019\/08\/13\/diretoria-do-flamengo-se-acerta-com-mais-um-patrocinador-para-o-futebol-profissional\/"},"author":{"name":"Equipe G\u00e1vea News","@id":"https:\/\/www.gaveanews.com\/#\/schema\/person\/2ec14f73fb96be2caf28f91afb14749d"},"headline":"Diretoria do Flamengo se acerta com mais um patrocinador para o futebol profissional","datePublished":"2019-08-13T14:45:07+00:00","dateModified":"2019-08-13T15:07:21+00:00","mainEntityOfPage":{"@id":"https:\/\/www.gaveanews.com\/index.php\/2019\/08\/13\/diretoria-do-flamengo-se-acerta-com-mais-um-patrocinador-para-o-futebol-profissional\/"},"wordCount":131,"commentCount":0,"image":{"@id":"https:\/\/www.gaveanews.com\/index.php\/2019\/08\/13\/diretoria-do-flamengo-se-acerta-com-mais-um-patrocinador-para-o-futebol-profissional\/#primaryimage"},"thumbnailUrl":"https:\/\/www.gaveanews.com\/wp-content\/uploads\/2019\/08\/Logomarca-da-empresa-Benevix.webp","articleSection":["Flamengo"],"inLanguage":"pt-BR","potentialAction":[{"@type":"CommentAction","name":"Comment","target":["https:\/\/www.gaveanews.com\/index.php\/2019\/08\/13\/diretoria-do-flamengo-se-acerta-com-mais-um-patrocinador-para-o-futebol-profissional\/#respond"]}],"copyrightYear":"2019","copyrightHolder":{"@id":"https:\/\/www.gaveanews.com\/#organization"}},{"@type":"WebPage","@id":"https:\/\/www.gaveanews.com\/index.php\/2019\/08\/13\/diretoria-do-flamengo-se-acerta-com-mais-um-patrocinador-para-o-futebol-profissional\/","url":"https:\/\/www.gaveanews.com\/index.php\/2019\/08\/13\/diretoria-do-flamengo-se-acerta-com-mais-um-patrocinador-para-o-futebol-profissional\/","name":"Diretoria do Flamengo se acerta com mais um patrocinador para o futebol profissional","isPartOf":{"@id":"https:\/\/www.gaveanews.com\/#website"},"primaryImageOfPage":{"@id":"https:\/\/www.gaveanews.com\/index.php\/2019\/08\/13\/diretoria-do-flamengo-se-acerta-com-mais-um-patrocinador-para-o-futebol-profissional\/#primaryimage"},"image":{"@id":"https:\/\/www.gaveanews.com\/index.php\/2019\/08\/13\/diretoria-do-flamengo-se-acerta-com-mais-um-patrocinador-para-o-futebol-profissional\/#primaryimage"},"thumbnailUrl":"https:\/\/www.gaveanews.com\/wp-content\/uploads\/2019\/08\/Logomarca-da-empresa-Benevix.webp","datePublished":"2019-08-13T14:45:07+00:00","dateModified":"2019-08-13T15:07:21+00:00","author":{"@id":"https:\/\/www.gaveanews.com\/#\/schema\/person\/2ec14f73fb96be2caf28f91afb14749d"},"breadcrumb":{"@id":"https:\/\/www.gaveanews.com\/index.php\/2019\/08\/13\/diretoria-do-flamengo-se-acerta-com-mais-um-patrocinador-para-o-futebol-profissional\/#breadcrumb"},"inLanguage":"pt-BR","potentialAction":[{"@type":"ReadAction","target":["https:\/\/www.gaveanews.com\/index.php\/2019\/08\/13\/diretoria-do-flamengo-se-acerta-com-mais-um-patrocinador-para-o-futebol-profissional\/"]}]},{"@type":"ImageObject","inLanguage":"pt-BR","@id":"https:\/\/www.gaveanews.com\/index.php\/2019\/08\/13\/diretoria-do-flamengo-se-acerta-com-mais-um-patrocinador-para-o-futebol-profissional\/#primaryimage","url":"https:\/\/www.gaveanews.com\/wp-content\/uploads\/2019\/08\/Logomarca-da-empresa-Benevix.webp","contentUrl":"https:\/\/www.gaveanews.com\/wp-content\/uploads\/2019\/08\/Logomarca-da-empresa-Benevix.webp","width":900,"height":468,"caption":"Logomarca da empresa Benevix (Foto: Reprodu\u00e7\u00e3o)"},{"@type":"BreadcrumbList","@id":"https:\/\/www.gaveanews.com\/index.php\/2019\/08\/13\/diretoria-do-flamengo-se-acerta-com-mais-um-patrocinador-para-o-futebol-profissional\/#breadcrumb","itemListElement":[{"@type":"ListItem","position":1,"name":"Home","item":"https:\/\/www.gaveanews.com\/"},{"@type":"ListItem","position":2,"name":"Diretoria do Flamengo se acerta com mais um patrocinador para o futebol profissional"}]},{"@type":"WebSite","@id":"https:\/\/www.gaveanews.com\/#website","url":"https:\/\/www.gaveanews.com\/","name":"G\u00e1vea News","description":"Veja todas as not\u00edcias sobre o Flamengo: Contrata\u00e7\u00f5es, categorias de base, resultados das partidas, tabela de classifica\u00e7\u00e3o, pr\u00f3ximos jogos!","potentialAction":[{"@type":"SearchAction","target":{"@type":"EntryPoint","urlTemplate":"https:\/\/www.gaveanews.com\/?s={search_term_string}"},"query-input":{"@type":"PropertyValueSpecification","valueRequired":true,"valueName":"search_term_string"}}],"inLanguage":"pt-BR"},{"@type":"Person","@id":"https:\/\/www.gaveanews.com\/#\/schema\/person\/2ec14f73fb96be2caf28f91afb14749d","name":"Equipe G\u00e1vea News","image":{"@type":"ImageObject","inLanguage":"pt-BR","@id":"https:\/\/www.gaveanews.com\/#\/schema\/person\/image\/","url":"https:\/\/secure.gravatar.com\/avatar\/1e1956f1facbffd3f8fa53a326721950116b3b9dc9bd44939c01180fd4a745a9?s=96&d=mm&r=g","contentUrl":"https:\/\/secure.gravatar.com\/avatar\/1e1956f1facbffd3f8fa53a326721950116b3b9dc9bd44939c01180fd4a745a9?s=96&d=mm&r=g","caption":"Equipe G\u00e1vea News"}}]}},"_links":{"self":[{"href":"https:\/\/www.gaveanews.com\/index.php\/wp-json\/wp\/v2\/posts\/24687","targetHints":{"allow":["GET"]}}],"collection":[{"href":"https:\/\/www.gaveanews.com\/index.php\/wp-json\/wp\/v2\/posts"}],"about":[{"href":"https:\/\/www.gaveanews.com\/index.php\/wp-json\/wp\/v2\/types\/post"}],"author":[{"embeddable":true,"href":"https:\/\/www.gaveanews.com\/index.php\/wp-json\/wp\/v2\/users\/1"}],"replies":[{"embeddable":true,"href":"https:\/\/www.gaveanews.com\/index.php\/wp-json\/wp\/v2\/comments?post=24687"}],"version-history":[{"count":0,"href":"https:\/\/www.gaveanews.com\/index.php\/wp-json\/wp\/v2\/posts\/24687\/revisions"}],"wp:featuredmedia":[{"embeddable":true,"href":"https:\/\/www.gaveanews.com\/index.php\/wp-json\/wp\/v2\/media\/24689"}],"wp:attachment":[{"href":"https:\/\/www.gaveanews.com\/index.php\/wp-json\/wp\/v2\/media?parent=24687"}],"wp:term":[{"taxonomy":"category","embeddable":true,"href":"https:\/\/www.gaveanews.com\/index.php\/wp-json\/wp\/v2\/categories?post=24687"},{"taxonomy":"post_tag","embeddable":true,"href":"https:\/\/www.gaveanews.com\/index.php\/wp-json\/wp\/v2\/tags?post=24687"}],"curies":[{"name":"wp","href":"https:\/\/api.w.org\/{rel}","templated":true}]}}