{"id":246875,"date":"2025-03-31T06:10:21","date_gmt":"2025-03-31T09:10:21","guid":{"rendered":"https:\/\/www.gaveanews.com\/?p=246875"},"modified":"2025-03-31T06:10:24","modified_gmt":"2025-03-31T09:10:24","slug":"flamengo-ganha-concorrencia-na-contratacao-de-lucas-paqueta","status":"publish","type":"post","link":"https:\/\/www.gaveanews.com\/index.php\/2025\/03\/31\/flamengo-ganha-concorrencia-na-contratacao-de-lucas-paqueta\/","title":{"rendered":"Flamengo ganha concorr\u00eancia na contrata\u00e7\u00e3o de Lucas Paquet\u00e1"},"content":{"rendered":"\n<p>O Manchester City ainda n\u00e3o descartou a possibilidade de contratar Lucas Paquet\u00e1, ex-Flamengo, e segue monitorando a situa\u00e7\u00e3o do meio-campista. De acordo com informa\u00e7\u00f5es do site Clare and Hugh, o clube mant\u00e9m interesse no jogador, mas ainda n\u00e3o fez uma proposta oficial. O t\u00e9cnico Pep Guardiola \u00e9 um grande admirador do futebol de Paquet\u00e1, mas entende que, devido \u00e0 investiga\u00e7\u00e3o em curso sobre o suposto envolvimento do atleta com apostas esportivas, \u00e9 necess\u00e1rio cautela antes de tomar qualquer decis\u00e3o.<\/p>\n\n\n\n<p>Paquet\u00e1 est\u00e1 sendo investigado pela Federa\u00e7\u00e3o Inglesa de Futebol (FA) por seu poss\u00edvel envolvimento em manipula\u00e7\u00e3o de resultados em quatro partidas da Premier League.<\/p>\n\n\n\n<p> Caso seja condenado, ele pode enfrentar severas puni\u00e7\u00f5es, incluindo um poss\u00edvel banimento do esporte, conforme solicitado pela FA. Diante dessa incerteza, o Manchester City optou por acompanhar de perto os desdobramentos do caso antes de formalizar qualquer proposta.<\/p>\n\n\n\n<p>Revelado pelo Flamengo, Lucas Paquet\u00e1 nunca escondeu seu carinho pelo clube e sempre demonstrou sua torcida pelas conquistas do time carioca, al\u00e9m de interagir frequentemente com novidades do Flamengo nas redes sociais. Em janeiro, representantes do jogador chegaram a conversar diretamente com a dire\u00e7\u00e3o do Rubro-Negro sobre a possibilidade de um retorno ao clube, o que gerou expectativa entre os torcedores.<\/p>\n\n\n\n<p>A defesa de Paquet\u00e1 acredita que o jogador ser\u00e1 absolvido das acusa\u00e7\u00f5es de manipula\u00e7\u00e3o de resultados, pois n\u00e3o existem evid\u00eancias diretas que comprovem sua participa\u00e7\u00e3o nas apostas. Nesse cen\u00e1rio, tanto o Flamengo quanto o Manchester City seguem atentos ao andamento do processo e aguardam o desfecho das investiga\u00e7\u00f5es para tomar decis\u00f5es sobre o futuro do meia.<\/p>\n\n\n\n<p>Ap\u00f3s sua passagem pelo futebol brasileiro, Lucas Paquet\u00e1 teve passagens por Milan e Lyon antes de chegar ao West Ham, clube onde atualmente atua.<\/p>\n\n\n\n<p> No Milan, o meia enfrentou dificuldades para se firmar devido a oscila\u00e7\u00f5es no seu desempenho, mas no Lyon, encontrou maior regularidade, o que lhe permitiu se destacar e atrair o interesse de clubes como o West Ham, onde atualmente segue sua carreira. O clube ingl\u00eas, assim como o Manchester City e o Flamengo, tamb\u00e9m aguarda os resultados do julgamento para definir o futuro do jogador.<\/p>\n","protected":false},"excerpt":{"rendered":"<p>O Manchester City ainda n\u00e3o descartou a possibilidade de contratar Lucas Paquet\u00e1, ex-Flamengo, e segue monitorando a situa\u00e7\u00e3o do meio-campista. De acordo com informa\u00e7\u00f5es do site Clare and Hugh, o clube mant\u00e9m interesse no jogador, mas ainda n\u00e3o fez uma proposta oficial. O t\u00e9cnico Pep Guardiola \u00e9 um grande admirador do futebol de Paquet\u00e1, mas [&hellip;]<\/p>\n","protected":false},"author":17,"featured_media":146357,"comment_status":"open","ping_status":"closed","sticky":false,"template":"","format":"standard","meta":{"footnotes":""},"categories":[1],"tags":[],"class_list":["post-246875","post","type-post","status-publish","format-standard","has-post-thumbnail","hentry","category-flamengo"],"yoast_head":"<!-- This site is optimized with the Yoast SEO Premium plugin v24.2 (Yoast SEO v26.9) - https:\/\/yoast.com\/product\/yoast-seo-premium-wordpress\/ -->\n<title>Flamengo ganha concorr\u00eancia na contrata\u00e7\u00e3o de Lucas Paquet\u00e1<\/title>\n<meta name=\"robots\" content=\"index, follow, max-snippet:-1, max-image-preview:large, max-video-preview:-1\" \/>\n<link rel=\"canonical\" href=\"https:\/\/www.gaveanews.com\/index.php\/2025\/03\/31\/flamengo-ganha-concorrencia-na-contratacao-de-lucas-paqueta\/\" \/>\n<meta property=\"og:locale\" content=\"pt_BR\" \/>\n<meta property=\"og:type\" content=\"article\" \/>\n<meta property=\"og:title\" content=\"Flamengo ganha concorr\u00eancia na contrata\u00e7\u00e3o de Lucas Paquet\u00e1\" \/>\n<meta property=\"og:description\" content=\"O Manchester City ainda n\u00e3o descartou a possibilidade de contratar Lucas Paquet\u00e1, ex-Flamengo, e segue monitorando a situa\u00e7\u00e3o do meio-campista. De acordo com informa\u00e7\u00f5es do site Clare and Hugh, o clube mant\u00e9m interesse no jogador, mas ainda n\u00e3o fez uma proposta oficial. O t\u00e9cnico Pep Guardiola \u00e9 um grande admirador do futebol de Paquet\u00e1, mas [&hellip;]\" \/>\n<meta property=\"og:url\" content=\"https:\/\/www.gaveanews.com\/index.php\/2025\/03\/31\/flamengo-ganha-concorrencia-na-contratacao-de-lucas-paqueta\/\" \/>\n<meta property=\"og:site_name\" content=\"G\u00e1vea News\" \/>\n<meta property=\"article:publisher\" content=\"https:\/\/facebook.com\/gaveaNews\/\" \/>\n<meta property=\"article:published_time\" content=\"2025-03-31T09:10:21+00:00\" \/>\n<meta property=\"article:modified_time\" content=\"2025-03-31T09:10:24+00:00\" \/>\n<meta property=\"og:image\" content=\"http:\/\/www.gaveanews.com\/wp-content\/uploads\/Paqueta-LucasPaqueta-futebolinternacional-westham-fa-apostas-1-645x362-1.webp\" \/>\n\t<meta property=\"og:image:width\" content=\"645\" \/>\n\t<meta property=\"og:image:height\" content=\"362\" \/>\n\t<meta property=\"og:image:type\" content=\"image\/png\" \/>\n<meta name=\"author\" content=\"Geovanna Thomaz\" \/>\n<meta name=\"twitter:card\" content=\"summary_large_image\" \/>\n<meta name=\"twitter:label1\" content=\"Escrito por\" \/>\n\t<meta name=\"twitter:data1\" content=\"Geovanna Thomaz\" \/>\n\t<meta name=\"twitter:label2\" content=\"Est. tempo de leitura\" \/>\n\t<meta name=\"twitter:data2\" content=\"3 minutos\" \/>\n<script type=\"application\/ld+json\" class=\"yoast-schema-graph\">{\"@context\":\"https:\/\/schema.org\",\"@graph\":[{\"@type\":\"NewsArticle\",\"@id\":\"https:\/\/www.gaveanews.com\/index.php\/2025\/03\/31\/flamengo-ganha-concorrencia-na-contratacao-de-lucas-paqueta\/#article\",\"isPartOf\":{\"@id\":\"https:\/\/www.gaveanews.com\/index.php\/2025\/03\/31\/flamengo-ganha-concorrencia-na-contratacao-de-lucas-paqueta\/\"},\"author\":{\"name\":\"Geovanna Thomaz\",\"@id\":\"https:\/\/www.gaveanews.com\/#\/schema\/person\/f42654babcd2b2014a1a65af82b081f1\"},\"headline\":\"Flamengo ganha concorr\u00eancia na contrata\u00e7\u00e3o de Lucas Paquet\u00e1\",\"datePublished\":\"2025-03-31T09:10:21+00:00\",\"dateModified\":\"2025-03-31T09:10:24+00:00\",\"mainEntityOfPage\":{\"@id\":\"https:\/\/www.gaveanews.com\/index.php\/2025\/03\/31\/flamengo-ganha-concorrencia-na-contratacao-de-lucas-paqueta\/\"},\"wordCount\":382,\"commentCount\":0,\"image\":{\"@id\":\"https:\/\/www.gaveanews.com\/index.php\/2025\/03\/31\/flamengo-ganha-concorrencia-na-contratacao-de-lucas-paqueta\/#primaryimage\"},\"thumbnailUrl\":\"https:\/\/www.gaveanews.com\/wp-content\/uploads\/Paqueta-LucasPaqueta-futebolinternacional-westham-fa-apostas-1-645x362-1.webp\",\"articleSection\":[\"Flamengo\"],\"inLanguage\":\"pt-BR\",\"potentialAction\":[{\"@type\":\"CommentAction\",\"name\":\"Comment\",\"target\":[\"https:\/\/www.gaveanews.com\/index.php\/2025\/03\/31\/flamengo-ganha-concorrencia-na-contratacao-de-lucas-paqueta\/#respond\"]}],\"copyrightYear\":\"2025\",\"copyrightHolder\":{\"@id\":\"https:\/\/www.gaveanews.com\/#organization\"}},{\"@type\":\"WebPage\",\"@id\":\"https:\/\/www.gaveanews.com\/index.php\/2025\/03\/31\/flamengo-ganha-concorrencia-na-contratacao-de-lucas-paqueta\/\",\"url\":\"https:\/\/www.gaveanews.com\/index.php\/2025\/03\/31\/flamengo-ganha-concorrencia-na-contratacao-de-lucas-paqueta\/\",\"name\":\"Flamengo ganha concorr\u00eancia na contrata\u00e7\u00e3o de Lucas Paquet\u00e1\",\"isPartOf\":{\"@id\":\"https:\/\/www.gaveanews.com\/#website\"},\"primaryImageOfPage\":{\"@id\":\"https:\/\/www.gaveanews.com\/index.php\/2025\/03\/31\/flamengo-ganha-concorrencia-na-contratacao-de-lucas-paqueta\/#primaryimage\"},\"image\":{\"@id\":\"https:\/\/www.gaveanews.com\/index.php\/2025\/03\/31\/flamengo-ganha-concorrencia-na-contratacao-de-lucas-paqueta\/#primaryimage\"},\"thumbnailUrl\":\"https:\/\/www.gaveanews.com\/wp-content\/uploads\/Paqueta-LucasPaqueta-futebolinternacional-westham-fa-apostas-1-645x362-1.webp\",\"datePublished\":\"2025-03-31T09:10:21+00:00\",\"dateModified\":\"2025-03-31T09:10:24+00:00\",\"author\":{\"@id\":\"https:\/\/www.gaveanews.com\/#\/schema\/person\/f42654babcd2b2014a1a65af82b081f1\"},\"breadcrumb\":{\"@id\":\"https:\/\/www.gaveanews.com\/index.php\/2025\/03\/31\/flamengo-ganha-concorrencia-na-contratacao-de-lucas-paqueta\/#breadcrumb\"},\"inLanguage\":\"pt-BR\",\"potentialAction\":[{\"@type\":\"ReadAction\",\"target\":[\"https:\/\/www.gaveanews.com\/index.php\/2025\/03\/31\/flamengo-ganha-concorrencia-na-contratacao-de-lucas-paqueta\/\"]}]},{\"@type\":\"ImageObject\",\"inLanguage\":\"pt-BR\",\"@id\":\"https:\/\/www.gaveanews.com\/index.php\/2025\/03\/31\/flamengo-ganha-concorrencia-na-contratacao-de-lucas-paqueta\/#primaryimage\",\"url\":\"https:\/\/www.gaveanews.com\/wp-content\/uploads\/Paqueta-LucasPaqueta-futebolinternacional-westham-fa-apostas-1-645x362-1.webp\",\"contentUrl\":\"https:\/\/www.gaveanews.com\/wp-content\/uploads\/Paqueta-LucasPaqueta-futebolinternacional-westham-fa-apostas-1-645x362-1.webp\",\"width\":645,\"height\":362,\"caption\":\"Foto: Reprodu\u00e7\u00e3o- Instagram\"},{\"@type\":\"BreadcrumbList\",\"@id\":\"https:\/\/www.gaveanews.com\/index.php\/2025\/03\/31\/flamengo-ganha-concorrencia-na-contratacao-de-lucas-paqueta\/#breadcrumb\",\"itemListElement\":[{\"@type\":\"ListItem\",\"position\":1,\"name\":\"Home\",\"item\":\"https:\/\/www.gaveanews.com\/\"},{\"@type\":\"ListItem\",\"position\":2,\"name\":\"Flamengo ganha concorr\u00eancia na contrata\u00e7\u00e3o de Lucas Paquet\u00e1\"}]},{\"@type\":\"WebSite\",\"@id\":\"https:\/\/www.gaveanews.com\/#website\",\"url\":\"https:\/\/www.gaveanews.com\/\",\"name\":\"G\u00e1vea News\",\"description\":\"Veja todas as not\u00edcias sobre o Flamengo: Contrata\u00e7\u00f5es, categorias de base, resultados das partidas, tabela de classifica\u00e7\u00e3o, pr\u00f3ximos jogos!\",\"potentialAction\":[{\"@type\":\"SearchAction\",\"target\":{\"@type\":\"EntryPoint\",\"urlTemplate\":\"https:\/\/www.gaveanews.com\/?s={search_term_string}\"},\"query-input\":{\"@type\":\"PropertyValueSpecification\",\"valueRequired\":true,\"valueName\":\"search_term_string\"}}],\"inLanguage\":\"pt-BR\"},{\"@type\":\"Person\",\"@id\":\"https:\/\/www.gaveanews.com\/#\/schema\/person\/f42654babcd2b2014a1a65af82b081f1\",\"name\":\"Geovanna Thomaz\",\"image\":{\"@type\":\"ImageObject\",\"inLanguage\":\"pt-BR\",\"@id\":\"https:\/\/www.gaveanews.com\/#\/schema\/person\/image\/\",\"url\":\"https:\/\/secure.gravatar.com\/avatar\/4092073255489533afb558984b49b64268c47198af8623cc82a925ae9fb7118a?s=96&d=mm&r=g\",\"contentUrl\":\"https:\/\/secure.gravatar.com\/avatar\/4092073255489533afb558984b49b64268c47198af8623cc82a925ae9fb7118a?s=96&d=mm&r=g\",\"caption\":\"Geovanna Thomaz\"}}]}<\/script>\n<!-- \/ Yoast SEO Premium plugin. -->","yoast_head_json":{"title":"Flamengo ganha concorr\u00eancia na contrata\u00e7\u00e3o de Lucas Paquet\u00e1","robots":{"index":"index","follow":"follow","max-snippet":"max-snippet:-1","max-image-preview":"max-image-preview:large","max-video-preview":"max-video-preview:-1"},"canonical":"https:\/\/www.gaveanews.com\/index.php\/2025\/03\/31\/flamengo-ganha-concorrencia-na-contratacao-de-lucas-paqueta\/","og_locale":"pt_BR","og_type":"article","og_title":"Flamengo ganha concorr\u00eancia na contrata\u00e7\u00e3o de Lucas Paquet\u00e1","og_description":"O Manchester City ainda n\u00e3o descartou a possibilidade de contratar Lucas Paquet\u00e1, ex-Flamengo, e segue monitorando a situa\u00e7\u00e3o do meio-campista. De acordo com informa\u00e7\u00f5es do site Clare and Hugh, o clube mant\u00e9m interesse no jogador, mas ainda n\u00e3o fez uma proposta oficial. O t\u00e9cnico Pep Guardiola \u00e9 um grande admirador do futebol de Paquet\u00e1, mas [&hellip;]","og_url":"https:\/\/www.gaveanews.com\/index.php\/2025\/03\/31\/flamengo-ganha-concorrencia-na-contratacao-de-lucas-paqueta\/","og_site_name":"G\u00e1vea News","article_publisher":"https:\/\/facebook.com\/gaveaNews\/","article_published_time":"2025-03-31T09:10:21+00:00","article_modified_time":"2025-03-31T09:10:24+00:00","og_image":[{"width":645,"height":362,"url":"http:\/\/www.gaveanews.com\/wp-content\/uploads\/Paqueta-LucasPaqueta-futebolinternacional-westham-fa-apostas-1-645x362-1.webp","type":"image\/png"}],"author":"Geovanna Thomaz","twitter_card":"summary_large_image","twitter_misc":{"Escrito por":"Geovanna Thomaz","Est. tempo de leitura":"3 minutos"},"schema":{"@context":"https:\/\/schema.org","@graph":[{"@type":"NewsArticle","@id":"https:\/\/www.gaveanews.com\/index.php\/2025\/03\/31\/flamengo-ganha-concorrencia-na-contratacao-de-lucas-paqueta\/#article","isPartOf":{"@id":"https:\/\/www.gaveanews.com\/index.php\/2025\/03\/31\/flamengo-ganha-concorrencia-na-contratacao-de-lucas-paqueta\/"},"author":{"name":"Geovanna Thomaz","@id":"https:\/\/www.gaveanews.com\/#\/schema\/person\/f42654babcd2b2014a1a65af82b081f1"},"headline":"Flamengo ganha concorr\u00eancia na contrata\u00e7\u00e3o de Lucas Paquet\u00e1","datePublished":"2025-03-31T09:10:21+00:00","dateModified":"2025-03-31T09:10:24+00:00","mainEntityOfPage":{"@id":"https:\/\/www.gaveanews.com\/index.php\/2025\/03\/31\/flamengo-ganha-concorrencia-na-contratacao-de-lucas-paqueta\/"},"wordCount":382,"commentCount":0,"image":{"@id":"https:\/\/www.gaveanews.com\/index.php\/2025\/03\/31\/flamengo-ganha-concorrencia-na-contratacao-de-lucas-paqueta\/#primaryimage"},"thumbnailUrl":"https:\/\/www.gaveanews.com\/wp-content\/uploads\/Paqueta-LucasPaqueta-futebolinternacional-westham-fa-apostas-1-645x362-1.webp","articleSection":["Flamengo"],"inLanguage":"pt-BR","potentialAction":[{"@type":"CommentAction","name":"Comment","target":["https:\/\/www.gaveanews.com\/index.php\/2025\/03\/31\/flamengo-ganha-concorrencia-na-contratacao-de-lucas-paqueta\/#respond"]}],"copyrightYear":"2025","copyrightHolder":{"@id":"https:\/\/www.gaveanews.com\/#organization"}},{"@type":"WebPage","@id":"https:\/\/www.gaveanews.com\/index.php\/2025\/03\/31\/flamengo-ganha-concorrencia-na-contratacao-de-lucas-paqueta\/","url":"https:\/\/www.gaveanews.com\/index.php\/2025\/03\/31\/flamengo-ganha-concorrencia-na-contratacao-de-lucas-paqueta\/","name":"Flamengo ganha concorr\u00eancia na contrata\u00e7\u00e3o de Lucas Paquet\u00e1","isPartOf":{"@id":"https:\/\/www.gaveanews.com\/#website"},"primaryImageOfPage":{"@id":"https:\/\/www.gaveanews.com\/index.php\/2025\/03\/31\/flamengo-ganha-concorrencia-na-contratacao-de-lucas-paqueta\/#primaryimage"},"image":{"@id":"https:\/\/www.gaveanews.com\/index.php\/2025\/03\/31\/flamengo-ganha-concorrencia-na-contratacao-de-lucas-paqueta\/#primaryimage"},"thumbnailUrl":"https:\/\/www.gaveanews.com\/wp-content\/uploads\/Paqueta-LucasPaqueta-futebolinternacional-westham-fa-apostas-1-645x362-1.webp","datePublished":"2025-03-31T09:10:21+00:00","dateModified":"2025-03-31T09:10:24+00:00","author":{"@id":"https:\/\/www.gaveanews.com\/#\/schema\/person\/f42654babcd2b2014a1a65af82b081f1"},"breadcrumb":{"@id":"https:\/\/www.gaveanews.com\/index.php\/2025\/03\/31\/flamengo-ganha-concorrencia-na-contratacao-de-lucas-paqueta\/#breadcrumb"},"inLanguage":"pt-BR","potentialAction":[{"@type":"ReadAction","target":["https:\/\/www.gaveanews.com\/index.php\/2025\/03\/31\/flamengo-ganha-concorrencia-na-contratacao-de-lucas-paqueta\/"]}]},{"@type":"ImageObject","inLanguage":"pt-BR","@id":"https:\/\/www.gaveanews.com\/index.php\/2025\/03\/31\/flamengo-ganha-concorrencia-na-contratacao-de-lucas-paqueta\/#primaryimage","url":"https:\/\/www.gaveanews.com\/wp-content\/uploads\/Paqueta-LucasPaqueta-futebolinternacional-westham-fa-apostas-1-645x362-1.webp","contentUrl":"https:\/\/www.gaveanews.com\/wp-content\/uploads\/Paqueta-LucasPaqueta-futebolinternacional-westham-fa-apostas-1-645x362-1.webp","width":645,"height":362,"caption":"Foto: Reprodu\u00e7\u00e3o- Instagram"},{"@type":"BreadcrumbList","@id":"https:\/\/www.gaveanews.com\/index.php\/2025\/03\/31\/flamengo-ganha-concorrencia-na-contratacao-de-lucas-paqueta\/#breadcrumb","itemListElement":[{"@type":"ListItem","position":1,"name":"Home","item":"https:\/\/www.gaveanews.com\/"},{"@type":"ListItem","position":2,"name":"Flamengo ganha concorr\u00eancia na contrata\u00e7\u00e3o de Lucas Paquet\u00e1"}]},{"@type":"WebSite","@id":"https:\/\/www.gaveanews.com\/#website","url":"https:\/\/www.gaveanews.com\/","name":"G\u00e1vea News","description":"Veja todas as not\u00edcias sobre o Flamengo: Contrata\u00e7\u00f5es, categorias de base, resultados das partidas, tabela de classifica\u00e7\u00e3o, pr\u00f3ximos jogos!","potentialAction":[{"@type":"SearchAction","target":{"@type":"EntryPoint","urlTemplate":"https:\/\/www.gaveanews.com\/?s={search_term_string}"},"query-input":{"@type":"PropertyValueSpecification","valueRequired":true,"valueName":"search_term_string"}}],"inLanguage":"pt-BR"},{"@type":"Person","@id":"https:\/\/www.gaveanews.com\/#\/schema\/person\/f42654babcd2b2014a1a65af82b081f1","name":"Geovanna Thomaz","image":{"@type":"ImageObject","inLanguage":"pt-BR","@id":"https:\/\/www.gaveanews.com\/#\/schema\/person\/image\/","url":"https:\/\/secure.gravatar.com\/avatar\/4092073255489533afb558984b49b64268c47198af8623cc82a925ae9fb7118a?s=96&d=mm&r=g","contentUrl":"https:\/\/secure.gravatar.com\/avatar\/4092073255489533afb558984b49b64268c47198af8623cc82a925ae9fb7118a?s=96&d=mm&r=g","caption":"Geovanna Thomaz"}}]}},"_links":{"self":[{"href":"https:\/\/www.gaveanews.com\/index.php\/wp-json\/wp\/v2\/posts\/246875","targetHints":{"allow":["GET"]}}],"collection":[{"href":"https:\/\/www.gaveanews.com\/index.php\/wp-json\/wp\/v2\/posts"}],"about":[{"href":"https:\/\/www.gaveanews.com\/index.php\/wp-json\/wp\/v2\/types\/post"}],"author":[{"embeddable":true,"href":"https:\/\/www.gaveanews.com\/index.php\/wp-json\/wp\/v2\/users\/17"}],"replies":[{"embeddable":true,"href":"https:\/\/www.gaveanews.com\/index.php\/wp-json\/wp\/v2\/comments?post=246875"}],"version-history":[{"count":1,"href":"https:\/\/www.gaveanews.com\/index.php\/wp-json\/wp\/v2\/posts\/246875\/revisions"}],"predecessor-version":[{"id":246876,"href":"https:\/\/www.gaveanews.com\/index.php\/wp-json\/wp\/v2\/posts\/246875\/revisions\/246876"}],"wp:featuredmedia":[{"embeddable":true,"href":"https:\/\/www.gaveanews.com\/index.php\/wp-json\/wp\/v2\/media\/146357"}],"wp:attachment":[{"href":"https:\/\/www.gaveanews.com\/index.php\/wp-json\/wp\/v2\/media?parent=246875"}],"wp:term":[{"taxonomy":"category","embeddable":true,"href":"https:\/\/www.gaveanews.com\/index.php\/wp-json\/wp\/v2\/categories?post=246875"},{"taxonomy":"post_tag","embeddable":true,"href":"https:\/\/www.gaveanews.com\/index.php\/wp-json\/wp\/v2\/tags?post=246875"}],"curies":[{"name":"wp","href":"https:\/\/api.w.org\/{rel}","templated":true}]}}