{"id":246877,"date":"2025-03-30T23:02:47","date_gmt":"2025-03-31T02:02:47","guid":{"rendered":"https:\/\/www.gaveanews.com\/?p=246877"},"modified":"2025-03-30T23:19:20","modified_gmt":"2025-03-31T02:19:20","slug":"bahia-x-corinthians-a-declaracao-de-ramon-diaz","status":"publish","type":"post","link":"https:\/\/www.gaveanews.com\/index.php\/2025\/03\/30\/bahia-x-corinthians-a-declaracao-de-ramon-diaz\/","title":{"rendered":"Bahia x Corinthians: a declara\u00e7\u00e3o de R\u00e1mon D\u00edaz"},"content":{"rendered":"\n<p>O t\u00e9cnico Ram\u00f3n D\u00edaz saiu satisfeito com o desempenho do Corinthians na estreia do Campeonato Brasileiro, ap\u00f3s o empate em 1 a 1 com o Bahia na Arena Fonte Nova. Com um time formado majoritariamente por reservas, o Tim\u00e3o buscou a igualdade nos minutos finais e garantiu um ponto fora de casa.<\/p>\n\n\n\n<p>\u201cO grupo sabe a import\u00e2ncia do Brasileir\u00e3o, n\u00e3o temos que perder. Eles foram superiores no primeiro tempo, n\u00e3o encontramos espa\u00e7os, se moveram bem, t\u00eam uma equipe din\u00e2mica da metade do campo para frente. Foi um jogo intenso. Melhoramos no segundo tempo com um a mais. Romero lamentavelmente teve anulado seu gol. Estamos satisfeitos por muitas coisas. Um grupo com desgaste, tivemos de mudar, um grupo praticamente novo\u201d, avaliou Ram\u00f3n D\u00edaz.<\/p>\n\n\n\n<p>Dos titulares, apenas Yuri Alberto come\u00e7ou a partida, mas o atacante precisou ser substitu\u00eddo no intervalo ap\u00f3s sentir dores no ombro e no tornozelo. O Corinthians foi para o segundo tempo em desvantagem, mas se beneficiou da expuls\u00e3o de um jogador do Bahia. Aos 43 minutos, H\u00e9ctor Hern\u00e1ndez aproveitou cruzamento de Breno Bidon para marcar o gol de empate.<\/p>\n\n\n\n<p>Ram\u00f3n explicou que o time teve uma semana de folga antes da estreia no Campeonato Brasileiro. <\/p>\n\n\n\n<p>\u201cFeliz pelo elenco que a gente tem, eles vieram de uma semana sem jogar. N\u00f3s tivemos viagem, a final do Paulist\u00e3o, n\u00e3o tivemos tempo para trabalhar na verdade, e o grupo fez o segundo tempo que fez, foi incr\u00edvel. Estamos felizes com o elenco. Vamos brigar. Vamos levar com toda responsabilidade todos os jogos, todos est\u00e3o preparados para jogar da mesma forma t\u00e1tica, f\u00edsica e mental\u201d, comemorou Emiliano D\u00edaz, auxiliar t\u00e9cnico e filho de Ram\u00f3n.<\/p>\n\n\n\n<p>O Corinthians agora foca na Copa Sul-Americana. A equipe estreia na fase de grupos contra o Hurac\u00e1n, da Argentina, na pr\u00f3xima quarta-feira, \u00e0s 19h (de Bras\u00edlia), na Neo Qu\u00edmica Arena.<\/p>\n","protected":false},"excerpt":{"rendered":"<p>O t\u00e9cnico Ram\u00f3n D\u00edaz saiu satisfeito com o desempenho do Corinthians na estreia do Campeonato Brasileiro, ap\u00f3s o empate em 1 a 1 com o Bahia na Arena Fonte Nova. Com um time formado majoritariamente por reservas, o Tim\u00e3o buscou a igualdade nos minutos finais e garantiu um ponto fora de casa. \u201cO grupo sabe [&hellip;]<\/p>\n","protected":false},"author":17,"featured_media":190015,"comment_status":"open","ping_status":"closed","sticky":false,"template":"","format":"standard","meta":{"footnotes":""},"categories":[141],"tags":[],"class_list":["post-246877","post","type-post","status-publish","format-standard","has-post-thumbnail","hentry","category-corinthians"],"yoast_head":"<!-- This site is optimized with the Yoast SEO Premium plugin v24.2 (Yoast SEO v26.9) - https:\/\/yoast.com\/product\/yoast-seo-premium-wordpress\/ -->\n<title>Bahia x Corinthians: a declara\u00e7\u00e3o de R\u00e1mon D\u00edaz<\/title>\n<meta name=\"robots\" content=\"index, follow, max-snippet:-1, max-image-preview:large, max-video-preview:-1\" \/>\n<link rel=\"canonical\" href=\"https:\/\/www.gaveanews.com\/index.php\/2025\/03\/30\/bahia-x-corinthians-a-declaracao-de-ramon-diaz\/\" \/>\n<meta property=\"og:locale\" content=\"pt_BR\" \/>\n<meta property=\"og:type\" content=\"article\" \/>\n<meta property=\"og:title\" content=\"Bahia x Corinthians: a declara\u00e7\u00e3o de R\u00e1mon D\u00edaz\" \/>\n<meta property=\"og:description\" content=\"O t\u00e9cnico Ram\u00f3n D\u00edaz saiu satisfeito com o desempenho do Corinthians na estreia do Campeonato Brasileiro, ap\u00f3s o empate em 1 a 1 com o Bahia na Arena Fonte Nova. Com um time formado majoritariamente por reservas, o Tim\u00e3o buscou a igualdade nos minutos finais e garantiu um ponto fora de casa. \u201cO grupo sabe [&hellip;]\" \/>\n<meta property=\"og:url\" content=\"https:\/\/www.gaveanews.com\/index.php\/2025\/03\/30\/bahia-x-corinthians-a-declaracao-de-ramon-diaz\/\" \/>\n<meta property=\"og:site_name\" content=\"G\u00e1vea News\" \/>\n<meta property=\"article:publisher\" content=\"https:\/\/facebook.com\/gaveaNews\/\" \/>\n<meta property=\"article:published_time\" content=\"2025-03-31T02:02:47+00:00\" \/>\n<meta property=\"article:modified_time\" content=\"2025-03-31T02:19:20+00:00\" \/>\n<meta property=\"og:image\" content=\"http:\/\/www.gaveanews.com\/wp-content\/uploads\/Ramon-Diaz-pelo-Corinthians-em-2024-1.webp\" \/>\n\t<meta property=\"og:image:width\" content=\"774\" \/>\n\t<meta property=\"og:image:height\" content=\"483\" \/>\n\t<meta property=\"og:image:type\" content=\"image\/webp\" \/>\n<meta name=\"author\" content=\"Geovanna Thomaz\" \/>\n<meta name=\"twitter:card\" content=\"summary_large_image\" \/>\n<meta name=\"twitter:label1\" content=\"Escrito por\" \/>\n\t<meta name=\"twitter:data1\" content=\"Geovanna Thomaz\" \/>\n\t<meta name=\"twitter:label2\" content=\"Est. tempo de leitura\" \/>\n\t<meta name=\"twitter:data2\" content=\"2 minutos\" \/>\n<script type=\"application\/ld+json\" class=\"yoast-schema-graph\">{\"@context\":\"https:\/\/schema.org\",\"@graph\":[{\"@type\":\"NewsArticle\",\"@id\":\"https:\/\/www.gaveanews.com\/index.php\/2025\/03\/30\/bahia-x-corinthians-a-declaracao-de-ramon-diaz\/#article\",\"isPartOf\":{\"@id\":\"https:\/\/www.gaveanews.com\/index.php\/2025\/03\/30\/bahia-x-corinthians-a-declaracao-de-ramon-diaz\/\"},\"author\":{\"name\":\"Geovanna Thomaz\",\"@id\":\"https:\/\/www.gaveanews.com\/#\/schema\/person\/f42654babcd2b2014a1a65af82b081f1\"},\"headline\":\"Bahia x Corinthians: a declara\u00e7\u00e3o de R\u00e1mon D\u00edaz\",\"datePublished\":\"2025-03-31T02:02:47+00:00\",\"dateModified\":\"2025-03-31T02:19:20+00:00\",\"mainEntityOfPage\":{\"@id\":\"https:\/\/www.gaveanews.com\/index.php\/2025\/03\/30\/bahia-x-corinthians-a-declaracao-de-ramon-diaz\/\"},\"wordCount\":345,\"commentCount\":0,\"image\":{\"@id\":\"https:\/\/www.gaveanews.com\/index.php\/2025\/03\/30\/bahia-x-corinthians-a-declaracao-de-ramon-diaz\/#primaryimage\"},\"thumbnailUrl\":\"https:\/\/www.gaveanews.com\/wp-content\/uploads\/Ramon-Diaz-pelo-Corinthians-em-2024-1.webp\",\"articleSection\":[\"Corinthians\"],\"inLanguage\":\"pt-BR\",\"potentialAction\":[{\"@type\":\"CommentAction\",\"name\":\"Comment\",\"target\":[\"https:\/\/www.gaveanews.com\/index.php\/2025\/03\/30\/bahia-x-corinthians-a-declaracao-de-ramon-diaz\/#respond\"]}],\"copyrightYear\":\"2025\",\"copyrightHolder\":{\"@id\":\"https:\/\/www.gaveanews.com\/#organization\"}},{\"@type\":\"WebPage\",\"@id\":\"https:\/\/www.gaveanews.com\/index.php\/2025\/03\/30\/bahia-x-corinthians-a-declaracao-de-ramon-diaz\/\",\"url\":\"https:\/\/www.gaveanews.com\/index.php\/2025\/03\/30\/bahia-x-corinthians-a-declaracao-de-ramon-diaz\/\",\"name\":\"Bahia x Corinthians: a declara\u00e7\u00e3o de R\u00e1mon D\u00edaz\",\"isPartOf\":{\"@id\":\"https:\/\/www.gaveanews.com\/#website\"},\"primaryImageOfPage\":{\"@id\":\"https:\/\/www.gaveanews.com\/index.php\/2025\/03\/30\/bahia-x-corinthians-a-declaracao-de-ramon-diaz\/#primaryimage\"},\"image\":{\"@id\":\"https:\/\/www.gaveanews.com\/index.php\/2025\/03\/30\/bahia-x-corinthians-a-declaracao-de-ramon-diaz\/#primaryimage\"},\"thumbnailUrl\":\"https:\/\/www.gaveanews.com\/wp-content\/uploads\/Ramon-Diaz-pelo-Corinthians-em-2024-1.webp\",\"datePublished\":\"2025-03-31T02:02:47+00:00\",\"dateModified\":\"2025-03-31T02:19:20+00:00\",\"author\":{\"@id\":\"https:\/\/www.gaveanews.com\/#\/schema\/person\/f42654babcd2b2014a1a65af82b081f1\"},\"breadcrumb\":{\"@id\":\"https:\/\/www.gaveanews.com\/index.php\/2025\/03\/30\/bahia-x-corinthians-a-declaracao-de-ramon-diaz\/#breadcrumb\"},\"inLanguage\":\"pt-BR\",\"potentialAction\":[{\"@type\":\"ReadAction\",\"target\":[\"https:\/\/www.gaveanews.com\/index.php\/2025\/03\/30\/bahia-x-corinthians-a-declaracao-de-ramon-diaz\/\"]}]},{\"@type\":\"ImageObject\",\"inLanguage\":\"pt-BR\",\"@id\":\"https:\/\/www.gaveanews.com\/index.php\/2025\/03\/30\/bahia-x-corinthians-a-declaracao-de-ramon-diaz\/#primaryimage\",\"url\":\"https:\/\/www.gaveanews.com\/wp-content\/uploads\/Ramon-Diaz-pelo-Corinthians-em-2024-1.webp\",\"contentUrl\":\"https:\/\/www.gaveanews.com\/wp-content\/uploads\/Ramon-Diaz-pelo-Corinthians-em-2024-1.webp\",\"width\":774,\"height\":483,\"caption\":\"Ram\u00f3n D\u00edaz pelo Corinthians em 2024 (Foto: Rodrigo Coca\/Ag\u00eancia Corinthians)\"},{\"@type\":\"BreadcrumbList\",\"@id\":\"https:\/\/www.gaveanews.com\/index.php\/2025\/03\/30\/bahia-x-corinthians-a-declaracao-de-ramon-diaz\/#breadcrumb\",\"itemListElement\":[{\"@type\":\"ListItem\",\"position\":1,\"name\":\"Home\",\"item\":\"https:\/\/www.gaveanews.com\/\"},{\"@type\":\"ListItem\",\"position\":2,\"name\":\"Bahia x Corinthians: a declara\u00e7\u00e3o de R\u00e1mon D\u00edaz\"}]},{\"@type\":\"WebSite\",\"@id\":\"https:\/\/www.gaveanews.com\/#website\",\"url\":\"https:\/\/www.gaveanews.com\/\",\"name\":\"G\u00e1vea News\",\"description\":\"Veja todas as not\u00edcias sobre o Flamengo: Contrata\u00e7\u00f5es, categorias de base, resultados das partidas, tabela de classifica\u00e7\u00e3o, pr\u00f3ximos jogos!\",\"potentialAction\":[{\"@type\":\"SearchAction\",\"target\":{\"@type\":\"EntryPoint\",\"urlTemplate\":\"https:\/\/www.gaveanews.com\/?s={search_term_string}\"},\"query-input\":{\"@type\":\"PropertyValueSpecification\",\"valueRequired\":true,\"valueName\":\"search_term_string\"}}],\"inLanguage\":\"pt-BR\"},{\"@type\":\"Person\",\"@id\":\"https:\/\/www.gaveanews.com\/#\/schema\/person\/f42654babcd2b2014a1a65af82b081f1\",\"name\":\"Geovanna Thomaz\",\"image\":{\"@type\":\"ImageObject\",\"inLanguage\":\"pt-BR\",\"@id\":\"https:\/\/www.gaveanews.com\/#\/schema\/person\/image\/\",\"url\":\"https:\/\/secure.gravatar.com\/avatar\/4092073255489533afb558984b49b64268c47198af8623cc82a925ae9fb7118a?s=96&d=mm&r=g\",\"contentUrl\":\"https:\/\/secure.gravatar.com\/avatar\/4092073255489533afb558984b49b64268c47198af8623cc82a925ae9fb7118a?s=96&d=mm&r=g\",\"caption\":\"Geovanna Thomaz\"}}]}<\/script>\n<!-- \/ Yoast SEO Premium plugin. -->","yoast_head_json":{"title":"Bahia x Corinthians: a declara\u00e7\u00e3o de R\u00e1mon D\u00edaz","robots":{"index":"index","follow":"follow","max-snippet":"max-snippet:-1","max-image-preview":"max-image-preview:large","max-video-preview":"max-video-preview:-1"},"canonical":"https:\/\/www.gaveanews.com\/index.php\/2025\/03\/30\/bahia-x-corinthians-a-declaracao-de-ramon-diaz\/","og_locale":"pt_BR","og_type":"article","og_title":"Bahia x Corinthians: a declara\u00e7\u00e3o de R\u00e1mon D\u00edaz","og_description":"O t\u00e9cnico Ram\u00f3n D\u00edaz saiu satisfeito com o desempenho do Corinthians na estreia do Campeonato Brasileiro, ap\u00f3s o empate em 1 a 1 com o Bahia na Arena Fonte Nova. Com um time formado majoritariamente por reservas, o Tim\u00e3o buscou a igualdade nos minutos finais e garantiu um ponto fora de casa. \u201cO grupo sabe [&hellip;]","og_url":"https:\/\/www.gaveanews.com\/index.php\/2025\/03\/30\/bahia-x-corinthians-a-declaracao-de-ramon-diaz\/","og_site_name":"G\u00e1vea News","article_publisher":"https:\/\/facebook.com\/gaveaNews\/","article_published_time":"2025-03-31T02:02:47+00:00","article_modified_time":"2025-03-31T02:19:20+00:00","og_image":[{"width":774,"height":483,"url":"http:\/\/www.gaveanews.com\/wp-content\/uploads\/Ramon-Diaz-pelo-Corinthians-em-2024-1.webp","type":"image\/webp"}],"author":"Geovanna Thomaz","twitter_card":"summary_large_image","twitter_misc":{"Escrito por":"Geovanna Thomaz","Est. tempo de leitura":"2 minutos"},"schema":{"@context":"https:\/\/schema.org","@graph":[{"@type":"NewsArticle","@id":"https:\/\/www.gaveanews.com\/index.php\/2025\/03\/30\/bahia-x-corinthians-a-declaracao-de-ramon-diaz\/#article","isPartOf":{"@id":"https:\/\/www.gaveanews.com\/index.php\/2025\/03\/30\/bahia-x-corinthians-a-declaracao-de-ramon-diaz\/"},"author":{"name":"Geovanna Thomaz","@id":"https:\/\/www.gaveanews.com\/#\/schema\/person\/f42654babcd2b2014a1a65af82b081f1"},"headline":"Bahia x Corinthians: a declara\u00e7\u00e3o de R\u00e1mon D\u00edaz","datePublished":"2025-03-31T02:02:47+00:00","dateModified":"2025-03-31T02:19:20+00:00","mainEntityOfPage":{"@id":"https:\/\/www.gaveanews.com\/index.php\/2025\/03\/30\/bahia-x-corinthians-a-declaracao-de-ramon-diaz\/"},"wordCount":345,"commentCount":0,"image":{"@id":"https:\/\/www.gaveanews.com\/index.php\/2025\/03\/30\/bahia-x-corinthians-a-declaracao-de-ramon-diaz\/#primaryimage"},"thumbnailUrl":"https:\/\/www.gaveanews.com\/wp-content\/uploads\/Ramon-Diaz-pelo-Corinthians-em-2024-1.webp","articleSection":["Corinthians"],"inLanguage":"pt-BR","potentialAction":[{"@type":"CommentAction","name":"Comment","target":["https:\/\/www.gaveanews.com\/index.php\/2025\/03\/30\/bahia-x-corinthians-a-declaracao-de-ramon-diaz\/#respond"]}],"copyrightYear":"2025","copyrightHolder":{"@id":"https:\/\/www.gaveanews.com\/#organization"}},{"@type":"WebPage","@id":"https:\/\/www.gaveanews.com\/index.php\/2025\/03\/30\/bahia-x-corinthians-a-declaracao-de-ramon-diaz\/","url":"https:\/\/www.gaveanews.com\/index.php\/2025\/03\/30\/bahia-x-corinthians-a-declaracao-de-ramon-diaz\/","name":"Bahia x Corinthians: a declara\u00e7\u00e3o de R\u00e1mon D\u00edaz","isPartOf":{"@id":"https:\/\/www.gaveanews.com\/#website"},"primaryImageOfPage":{"@id":"https:\/\/www.gaveanews.com\/index.php\/2025\/03\/30\/bahia-x-corinthians-a-declaracao-de-ramon-diaz\/#primaryimage"},"image":{"@id":"https:\/\/www.gaveanews.com\/index.php\/2025\/03\/30\/bahia-x-corinthians-a-declaracao-de-ramon-diaz\/#primaryimage"},"thumbnailUrl":"https:\/\/www.gaveanews.com\/wp-content\/uploads\/Ramon-Diaz-pelo-Corinthians-em-2024-1.webp","datePublished":"2025-03-31T02:02:47+00:00","dateModified":"2025-03-31T02:19:20+00:00","author":{"@id":"https:\/\/www.gaveanews.com\/#\/schema\/person\/f42654babcd2b2014a1a65af82b081f1"},"breadcrumb":{"@id":"https:\/\/www.gaveanews.com\/index.php\/2025\/03\/30\/bahia-x-corinthians-a-declaracao-de-ramon-diaz\/#breadcrumb"},"inLanguage":"pt-BR","potentialAction":[{"@type":"ReadAction","target":["https:\/\/www.gaveanews.com\/index.php\/2025\/03\/30\/bahia-x-corinthians-a-declaracao-de-ramon-diaz\/"]}]},{"@type":"ImageObject","inLanguage":"pt-BR","@id":"https:\/\/www.gaveanews.com\/index.php\/2025\/03\/30\/bahia-x-corinthians-a-declaracao-de-ramon-diaz\/#primaryimage","url":"https:\/\/www.gaveanews.com\/wp-content\/uploads\/Ramon-Diaz-pelo-Corinthians-em-2024-1.webp","contentUrl":"https:\/\/www.gaveanews.com\/wp-content\/uploads\/Ramon-Diaz-pelo-Corinthians-em-2024-1.webp","width":774,"height":483,"caption":"Ram\u00f3n D\u00edaz pelo Corinthians em 2024 (Foto: Rodrigo Coca\/Ag\u00eancia Corinthians)"},{"@type":"BreadcrumbList","@id":"https:\/\/www.gaveanews.com\/index.php\/2025\/03\/30\/bahia-x-corinthians-a-declaracao-de-ramon-diaz\/#breadcrumb","itemListElement":[{"@type":"ListItem","position":1,"name":"Home","item":"https:\/\/www.gaveanews.com\/"},{"@type":"ListItem","position":2,"name":"Bahia x Corinthians: a declara\u00e7\u00e3o de R\u00e1mon D\u00edaz"}]},{"@type":"WebSite","@id":"https:\/\/www.gaveanews.com\/#website","url":"https:\/\/www.gaveanews.com\/","name":"G\u00e1vea News","description":"Veja todas as not\u00edcias sobre o Flamengo: Contrata\u00e7\u00f5es, categorias de base, resultados das partidas, tabela de classifica\u00e7\u00e3o, pr\u00f3ximos jogos!","potentialAction":[{"@type":"SearchAction","target":{"@type":"EntryPoint","urlTemplate":"https:\/\/www.gaveanews.com\/?s={search_term_string}"},"query-input":{"@type":"PropertyValueSpecification","valueRequired":true,"valueName":"search_term_string"}}],"inLanguage":"pt-BR"},{"@type":"Person","@id":"https:\/\/www.gaveanews.com\/#\/schema\/person\/f42654babcd2b2014a1a65af82b081f1","name":"Geovanna Thomaz","image":{"@type":"ImageObject","inLanguage":"pt-BR","@id":"https:\/\/www.gaveanews.com\/#\/schema\/person\/image\/","url":"https:\/\/secure.gravatar.com\/avatar\/4092073255489533afb558984b49b64268c47198af8623cc82a925ae9fb7118a?s=96&d=mm&r=g","contentUrl":"https:\/\/secure.gravatar.com\/avatar\/4092073255489533afb558984b49b64268c47198af8623cc82a925ae9fb7118a?s=96&d=mm&r=g","caption":"Geovanna Thomaz"}}]}},"_links":{"self":[{"href":"https:\/\/www.gaveanews.com\/index.php\/wp-json\/wp\/v2\/posts\/246877","targetHints":{"allow":["GET"]}}],"collection":[{"href":"https:\/\/www.gaveanews.com\/index.php\/wp-json\/wp\/v2\/posts"}],"about":[{"href":"https:\/\/www.gaveanews.com\/index.php\/wp-json\/wp\/v2\/types\/post"}],"author":[{"embeddable":true,"href":"https:\/\/www.gaveanews.com\/index.php\/wp-json\/wp\/v2\/users\/17"}],"replies":[{"embeddable":true,"href":"https:\/\/www.gaveanews.com\/index.php\/wp-json\/wp\/v2\/comments?post=246877"}],"version-history":[{"count":1,"href":"https:\/\/www.gaveanews.com\/index.php\/wp-json\/wp\/v2\/posts\/246877\/revisions"}],"predecessor-version":[{"id":246878,"href":"https:\/\/www.gaveanews.com\/index.php\/wp-json\/wp\/v2\/posts\/246877\/revisions\/246878"}],"wp:featuredmedia":[{"embeddable":true,"href":"https:\/\/www.gaveanews.com\/index.php\/wp-json\/wp\/v2\/media\/190015"}],"wp:attachment":[{"href":"https:\/\/www.gaveanews.com\/index.php\/wp-json\/wp\/v2\/media?parent=246877"}],"wp:term":[{"taxonomy":"category","embeddable":true,"href":"https:\/\/www.gaveanews.com\/index.php\/wp-json\/wp\/v2\/categories?post=246877"},{"taxonomy":"post_tag","embeddable":true,"href":"https:\/\/www.gaveanews.com\/index.php\/wp-json\/wp\/v2\/tags?post=246877"}],"curies":[{"name":"wp","href":"https:\/\/api.w.org\/{rel}","templated":true}]}}