{"id":246887,"date":"2025-03-30T23:48:10","date_gmt":"2025-03-31T02:48:10","guid":{"rendered":"https:\/\/www.gaveanews.com\/?p=246887"},"modified":"2025-03-30T23:48:11","modified_gmt":"2025-03-31T02:48:11","slug":"bahia-a-declaracao-de-rogerio-ceni-apos-o-jogo-contra-o-corinthians","status":"publish","type":"post","link":"https:\/\/www.gaveanews.com\/index.php\/2025\/03\/30\/bahia-a-declaracao-de-rogerio-ceni-apos-o-jogo-contra-o-corinthians\/","title":{"rendered":"Bahia: a declara\u00e7\u00e3o de Rogerio Ceni ap\u00f3s o jogo contra o Corinthians"},"content":{"rendered":"\n<p>O Bahia empatou em 1 a 1 com o Corinthians na noite deste domingo, na Arena Fonte Nova, em um jogo marcado pela expuls\u00e3o de Everton Ribeiro. O time da casa come\u00e7ou melhor, controlou as a\u00e7\u00f5es no primeiro tempo e abriu o placar, mas a desvantagem num\u00e9rica na segunda etapa fez com que a equipe recuasse e sofresse o empate nos minutos finais.<\/p>\n\n\n\n<p>O Tricolor teve chances para ampliar a vantagem, mas n\u00e3o aproveitou. Uma das principais oportunidades foi com Lucho nos primeiros minutos. No entanto, ap\u00f3s suportar a press\u00e3o na segunda etapa, a equipe cedeu o empate em uma cabe\u00e7ada de H\u00e9ctor Hern\u00e1ndez. O gol saiu em uma jogada de bola a\u00e9rea, um aspecto que j\u00e1 havia sido um problema defensivo na temporada passada.<\/p>\n\n\n\n<p>Ap\u00f3s o jogo, o t\u00e9cnico Rog\u00e9rio Ceni avaliou o desempenho do time e reconheceu a justi\u00e7a na expuls\u00e3o de Everton Ribeiro.<\/p>\n\n\n\n<p> &#8220;Quando voc\u00ea tem um jogador a menos, \u00e9 natural que se defenda mais, que recue. O Corinthians tem qualidade para construir jogo, mas acho que nos fechamos bem. Quase n\u00e3o cedemos oportunidades de gol. Acho que a expuls\u00e3o n\u00e3o foi um lance intencional. O segundo cart\u00e3o foi justo, mesmo sem inten\u00e7\u00e3o, n\u00e3o tinha o que ser feito&#8221;.<\/p>\n\n\n\n<p>Mesmo com a desvantagem num\u00e9rica, Ceni valorizou a entrega da equipe e a postura dos jogadores ao longo da partida.<\/p>\n\n\n\n<p> &#8220;Acho que o time se portou bem, com exce\u00e7\u00e3o do lance do gol, que balan\u00e7amos um pouco errado. Mas \u00e9 de se destacar a postura e doa\u00e7\u00e3o de todos dentro de campo. Mesmo com dez, tivemos oportunidades e chances de matar o jogo. Foram 45 minutos com um jogador a menos&#8221;.<\/p>\n\n\n\n<p>Sobre o gol sofrido, o treinador explicou a dificuldade da defesa em neutralizar a jogada.<\/p>\n\n\n\n<p> &#8220;No lance do cruzamento, que foi muito bem feito, ficou muito dif\u00edcil para os zagueiros. Tem o m\u00e9rito do Bidon, uma bola dif\u00edcil de marcar, que chega com curva. N\u00f3s fomos mais maduros no segundo tempo jogando com um a menos do que no primeiro tempo, que fomos para a troca\u00e7\u00e3o em alguns momentos. Ainda perdemos algumas chances&#8221;.<\/p>\n","protected":false},"excerpt":{"rendered":"<p>O Bahia empatou em 1 a 1 com o Corinthians na noite deste domingo, na Arena Fonte Nova, em um jogo marcado pela expuls\u00e3o de Everton Ribeiro. O time da casa come\u00e7ou melhor, controlou as a\u00e7\u00f5es no primeiro tempo e abriu o placar, mas a desvantagem num\u00e9rica na segunda etapa fez com que a equipe [&hellip;]<\/p>\n","protected":false},"author":17,"featured_media":148504,"comment_status":"open","ping_status":"closed","sticky":false,"template":"","format":"standard","meta":{"footnotes":""},"categories":[137],"tags":[],"class_list":["post-246887","post","type-post","status-publish","format-standard","has-post-thumbnail","hentry","category-bahia"],"yoast_head":"<!-- This site is optimized with the Yoast SEO Premium plugin v24.2 (Yoast SEO v26.9) - https:\/\/yoast.com\/product\/yoast-seo-premium-wordpress\/ -->\n<title>Bahia: a declara\u00e7\u00e3o de Rogerio Ceni ap\u00f3s o jogo contra o Corinthians<\/title>\n<meta name=\"robots\" content=\"index, follow, max-snippet:-1, max-image-preview:large, max-video-preview:-1\" \/>\n<link rel=\"canonical\" href=\"https:\/\/www.gaveanews.com\/index.php\/2025\/03\/30\/bahia-a-declaracao-de-rogerio-ceni-apos-o-jogo-contra-o-corinthians\/\" \/>\n<meta property=\"og:locale\" content=\"pt_BR\" \/>\n<meta property=\"og:type\" content=\"article\" \/>\n<meta property=\"og:title\" content=\"Bahia: a declara\u00e7\u00e3o de Rogerio Ceni ap\u00f3s o jogo contra o Corinthians\" \/>\n<meta property=\"og:description\" content=\"O Bahia empatou em 1 a 1 com o Corinthians na noite deste domingo, na Arena Fonte Nova, em um jogo marcado pela expuls\u00e3o de Everton Ribeiro. O time da casa come\u00e7ou melhor, controlou as a\u00e7\u00f5es no primeiro tempo e abriu o placar, mas a desvantagem num\u00e9rica na segunda etapa fez com que a equipe [&hellip;]\" \/>\n<meta property=\"og:url\" content=\"https:\/\/www.gaveanews.com\/index.php\/2025\/03\/30\/bahia-a-declaracao-de-rogerio-ceni-apos-o-jogo-contra-o-corinthians\/\" \/>\n<meta property=\"og:site_name\" content=\"G\u00e1vea News\" \/>\n<meta property=\"article:publisher\" content=\"https:\/\/facebook.com\/gaveaNews\/\" \/>\n<meta property=\"article:published_time\" content=\"2025-03-31T02:48:10+00:00\" \/>\n<meta property=\"article:modified_time\" content=\"2025-03-31T02:48:11+00:00\" \/>\n<meta property=\"og:image\" content=\"http:\/\/www.gaveanews.com\/wp-content\/uploads\/Rogerio-Ceni-tecnico-do-Bahia-em-entrevista-coletiva-apos-o-classico-contra-o-Vitoria.webp\" \/>\n\t<meta property=\"og:image:width\" content=\"874\" \/>\n\t<meta property=\"og:image:height\" content=\"463\" \/>\n\t<meta property=\"og:image:type\" content=\"image\/webp\" \/>\n<meta name=\"author\" content=\"Geovanna Thomaz\" \/>\n<meta name=\"twitter:card\" content=\"summary_large_image\" \/>\n<meta name=\"twitter:label1\" content=\"Escrito por\" \/>\n\t<meta name=\"twitter:data1\" content=\"Geovanna Thomaz\" \/>\n\t<meta name=\"twitter:label2\" content=\"Est. tempo de leitura\" \/>\n\t<meta name=\"twitter:data2\" content=\"3 minutos\" \/>\n<script type=\"application\/ld+json\" class=\"yoast-schema-graph\">{\"@context\":\"https:\/\/schema.org\",\"@graph\":[{\"@type\":\"NewsArticle\",\"@id\":\"https:\/\/www.gaveanews.com\/index.php\/2025\/03\/30\/bahia-a-declaracao-de-rogerio-ceni-apos-o-jogo-contra-o-corinthians\/#article\",\"isPartOf\":{\"@id\":\"https:\/\/www.gaveanews.com\/index.php\/2025\/03\/30\/bahia-a-declaracao-de-rogerio-ceni-apos-o-jogo-contra-o-corinthians\/\"},\"author\":{\"name\":\"Geovanna Thomaz\",\"@id\":\"https:\/\/www.gaveanews.com\/#\/schema\/person\/f42654babcd2b2014a1a65af82b081f1\"},\"headline\":\"Bahia: a declara\u00e7\u00e3o de Rogerio Ceni ap\u00f3s o jogo contra o Corinthians\",\"datePublished\":\"2025-03-31T02:48:10+00:00\",\"dateModified\":\"2025-03-31T02:48:11+00:00\",\"mainEntityOfPage\":{\"@id\":\"https:\/\/www.gaveanews.com\/index.php\/2025\/03\/30\/bahia-a-declaracao-de-rogerio-ceni-apos-o-jogo-contra-o-corinthians\/\"},\"wordCount\":387,\"commentCount\":0,\"image\":{\"@id\":\"https:\/\/www.gaveanews.com\/index.php\/2025\/03\/30\/bahia-a-declaracao-de-rogerio-ceni-apos-o-jogo-contra-o-corinthians\/#primaryimage\"},\"thumbnailUrl\":\"https:\/\/www.gaveanews.com\/wp-content\/uploads\/Rogerio-Ceni-tecnico-do-Bahia-em-entrevista-coletiva-apos-o-classico-contra-o-Vitoria.webp\",\"articleSection\":[\"Bahia\"],\"inLanguage\":\"pt-BR\",\"potentialAction\":[{\"@type\":\"CommentAction\",\"name\":\"Comment\",\"target\":[\"https:\/\/www.gaveanews.com\/index.php\/2025\/03\/30\/bahia-a-declaracao-de-rogerio-ceni-apos-o-jogo-contra-o-corinthians\/#respond\"]}],\"copyrightYear\":\"2025\",\"copyrightHolder\":{\"@id\":\"https:\/\/www.gaveanews.com\/#organization\"}},{\"@type\":\"WebPage\",\"@id\":\"https:\/\/www.gaveanews.com\/index.php\/2025\/03\/30\/bahia-a-declaracao-de-rogerio-ceni-apos-o-jogo-contra-o-corinthians\/\",\"url\":\"https:\/\/www.gaveanews.com\/index.php\/2025\/03\/30\/bahia-a-declaracao-de-rogerio-ceni-apos-o-jogo-contra-o-corinthians\/\",\"name\":\"Bahia: a declara\u00e7\u00e3o de Rogerio Ceni ap\u00f3s o jogo contra o Corinthians\",\"isPartOf\":{\"@id\":\"https:\/\/www.gaveanews.com\/#website\"},\"primaryImageOfPage\":{\"@id\":\"https:\/\/www.gaveanews.com\/index.php\/2025\/03\/30\/bahia-a-declaracao-de-rogerio-ceni-apos-o-jogo-contra-o-corinthians\/#primaryimage\"},\"image\":{\"@id\":\"https:\/\/www.gaveanews.com\/index.php\/2025\/03\/30\/bahia-a-declaracao-de-rogerio-ceni-apos-o-jogo-contra-o-corinthians\/#primaryimage\"},\"thumbnailUrl\":\"https:\/\/www.gaveanews.com\/wp-content\/uploads\/Rogerio-Ceni-tecnico-do-Bahia-em-entrevista-coletiva-apos-o-classico-contra-o-Vitoria.webp\",\"datePublished\":\"2025-03-31T02:48:10+00:00\",\"dateModified\":\"2025-03-31T02:48:11+00:00\",\"author\":{\"@id\":\"https:\/\/www.gaveanews.com\/#\/schema\/person\/f42654babcd2b2014a1a65af82b081f1\"},\"breadcrumb\":{\"@id\":\"https:\/\/www.gaveanews.com\/index.php\/2025\/03\/30\/bahia-a-declaracao-de-rogerio-ceni-apos-o-jogo-contra-o-corinthians\/#breadcrumb\"},\"inLanguage\":\"pt-BR\",\"potentialAction\":[{\"@type\":\"ReadAction\",\"target\":[\"https:\/\/www.gaveanews.com\/index.php\/2025\/03\/30\/bahia-a-declaracao-de-rogerio-ceni-apos-o-jogo-contra-o-corinthians\/\"]}]},{\"@type\":\"ImageObject\",\"inLanguage\":\"pt-BR\",\"@id\":\"https:\/\/www.gaveanews.com\/index.php\/2025\/03\/30\/bahia-a-declaracao-de-rogerio-ceni-apos-o-jogo-contra-o-corinthians\/#primaryimage\",\"url\":\"https:\/\/www.gaveanews.com\/wp-content\/uploads\/Rogerio-Ceni-tecnico-do-Bahia-em-entrevista-coletiva-apos-o-classico-contra-o-Vitoria.webp\",\"contentUrl\":\"https:\/\/www.gaveanews.com\/wp-content\/uploads\/Rogerio-Ceni-tecnico-do-Bahia-em-entrevista-coletiva-apos-o-classico-contra-o-Vitoria.webp\",\"width\":874,\"height\":463,\"caption\":\"Rog\u00e9rio Ceni - Foto: Let\u00edcia Martins \/ EC Bahia\"},{\"@type\":\"BreadcrumbList\",\"@id\":\"https:\/\/www.gaveanews.com\/index.php\/2025\/03\/30\/bahia-a-declaracao-de-rogerio-ceni-apos-o-jogo-contra-o-corinthians\/#breadcrumb\",\"itemListElement\":[{\"@type\":\"ListItem\",\"position\":1,\"name\":\"Home\",\"item\":\"https:\/\/www.gaveanews.com\/\"},{\"@type\":\"ListItem\",\"position\":2,\"name\":\"Bahia: a declara\u00e7\u00e3o de Rogerio Ceni ap\u00f3s o jogo contra o Corinthians\"}]},{\"@type\":\"WebSite\",\"@id\":\"https:\/\/www.gaveanews.com\/#website\",\"url\":\"https:\/\/www.gaveanews.com\/\",\"name\":\"G\u00e1vea News\",\"description\":\"Veja todas as not\u00edcias sobre o Flamengo: Contrata\u00e7\u00f5es, categorias de base, resultados das partidas, tabela de classifica\u00e7\u00e3o, pr\u00f3ximos jogos!\",\"potentialAction\":[{\"@type\":\"SearchAction\",\"target\":{\"@type\":\"EntryPoint\",\"urlTemplate\":\"https:\/\/www.gaveanews.com\/?s={search_term_string}\"},\"query-input\":{\"@type\":\"PropertyValueSpecification\",\"valueRequired\":true,\"valueName\":\"search_term_string\"}}],\"inLanguage\":\"pt-BR\"},{\"@type\":\"Person\",\"@id\":\"https:\/\/www.gaveanews.com\/#\/schema\/person\/f42654babcd2b2014a1a65af82b081f1\",\"name\":\"Geovanna Thomaz\",\"image\":{\"@type\":\"ImageObject\",\"inLanguage\":\"pt-BR\",\"@id\":\"https:\/\/www.gaveanews.com\/#\/schema\/person\/image\/\",\"url\":\"https:\/\/secure.gravatar.com\/avatar\/4092073255489533afb558984b49b64268c47198af8623cc82a925ae9fb7118a?s=96&d=mm&r=g\",\"contentUrl\":\"https:\/\/secure.gravatar.com\/avatar\/4092073255489533afb558984b49b64268c47198af8623cc82a925ae9fb7118a?s=96&d=mm&r=g\",\"caption\":\"Geovanna Thomaz\"}}]}<\/script>\n<!-- \/ Yoast SEO Premium plugin. -->","yoast_head_json":{"title":"Bahia: a declara\u00e7\u00e3o de Rogerio Ceni ap\u00f3s o jogo contra o Corinthians","robots":{"index":"index","follow":"follow","max-snippet":"max-snippet:-1","max-image-preview":"max-image-preview:large","max-video-preview":"max-video-preview:-1"},"canonical":"https:\/\/www.gaveanews.com\/index.php\/2025\/03\/30\/bahia-a-declaracao-de-rogerio-ceni-apos-o-jogo-contra-o-corinthians\/","og_locale":"pt_BR","og_type":"article","og_title":"Bahia: a declara\u00e7\u00e3o de Rogerio Ceni ap\u00f3s o jogo contra o Corinthians","og_description":"O Bahia empatou em 1 a 1 com o Corinthians na noite deste domingo, na Arena Fonte Nova, em um jogo marcado pela expuls\u00e3o de Everton Ribeiro. O time da casa come\u00e7ou melhor, controlou as a\u00e7\u00f5es no primeiro tempo e abriu o placar, mas a desvantagem num\u00e9rica na segunda etapa fez com que a equipe [&hellip;]","og_url":"https:\/\/www.gaveanews.com\/index.php\/2025\/03\/30\/bahia-a-declaracao-de-rogerio-ceni-apos-o-jogo-contra-o-corinthians\/","og_site_name":"G\u00e1vea News","article_publisher":"https:\/\/facebook.com\/gaveaNews\/","article_published_time":"2025-03-31T02:48:10+00:00","article_modified_time":"2025-03-31T02:48:11+00:00","og_image":[{"width":874,"height":463,"url":"http:\/\/www.gaveanews.com\/wp-content\/uploads\/Rogerio-Ceni-tecnico-do-Bahia-em-entrevista-coletiva-apos-o-classico-contra-o-Vitoria.webp","type":"image\/webp"}],"author":"Geovanna Thomaz","twitter_card":"summary_large_image","twitter_misc":{"Escrito por":"Geovanna Thomaz","Est. tempo de leitura":"3 minutos"},"schema":{"@context":"https:\/\/schema.org","@graph":[{"@type":"NewsArticle","@id":"https:\/\/www.gaveanews.com\/index.php\/2025\/03\/30\/bahia-a-declaracao-de-rogerio-ceni-apos-o-jogo-contra-o-corinthians\/#article","isPartOf":{"@id":"https:\/\/www.gaveanews.com\/index.php\/2025\/03\/30\/bahia-a-declaracao-de-rogerio-ceni-apos-o-jogo-contra-o-corinthians\/"},"author":{"name":"Geovanna Thomaz","@id":"https:\/\/www.gaveanews.com\/#\/schema\/person\/f42654babcd2b2014a1a65af82b081f1"},"headline":"Bahia: a declara\u00e7\u00e3o de Rogerio Ceni ap\u00f3s o jogo contra o Corinthians","datePublished":"2025-03-31T02:48:10+00:00","dateModified":"2025-03-31T02:48:11+00:00","mainEntityOfPage":{"@id":"https:\/\/www.gaveanews.com\/index.php\/2025\/03\/30\/bahia-a-declaracao-de-rogerio-ceni-apos-o-jogo-contra-o-corinthians\/"},"wordCount":387,"commentCount":0,"image":{"@id":"https:\/\/www.gaveanews.com\/index.php\/2025\/03\/30\/bahia-a-declaracao-de-rogerio-ceni-apos-o-jogo-contra-o-corinthians\/#primaryimage"},"thumbnailUrl":"https:\/\/www.gaveanews.com\/wp-content\/uploads\/Rogerio-Ceni-tecnico-do-Bahia-em-entrevista-coletiva-apos-o-classico-contra-o-Vitoria.webp","articleSection":["Bahia"],"inLanguage":"pt-BR","potentialAction":[{"@type":"CommentAction","name":"Comment","target":["https:\/\/www.gaveanews.com\/index.php\/2025\/03\/30\/bahia-a-declaracao-de-rogerio-ceni-apos-o-jogo-contra-o-corinthians\/#respond"]}],"copyrightYear":"2025","copyrightHolder":{"@id":"https:\/\/www.gaveanews.com\/#organization"}},{"@type":"WebPage","@id":"https:\/\/www.gaveanews.com\/index.php\/2025\/03\/30\/bahia-a-declaracao-de-rogerio-ceni-apos-o-jogo-contra-o-corinthians\/","url":"https:\/\/www.gaveanews.com\/index.php\/2025\/03\/30\/bahia-a-declaracao-de-rogerio-ceni-apos-o-jogo-contra-o-corinthians\/","name":"Bahia: a declara\u00e7\u00e3o de Rogerio Ceni ap\u00f3s o jogo contra o Corinthians","isPartOf":{"@id":"https:\/\/www.gaveanews.com\/#website"},"primaryImageOfPage":{"@id":"https:\/\/www.gaveanews.com\/index.php\/2025\/03\/30\/bahia-a-declaracao-de-rogerio-ceni-apos-o-jogo-contra-o-corinthians\/#primaryimage"},"image":{"@id":"https:\/\/www.gaveanews.com\/index.php\/2025\/03\/30\/bahia-a-declaracao-de-rogerio-ceni-apos-o-jogo-contra-o-corinthians\/#primaryimage"},"thumbnailUrl":"https:\/\/www.gaveanews.com\/wp-content\/uploads\/Rogerio-Ceni-tecnico-do-Bahia-em-entrevista-coletiva-apos-o-classico-contra-o-Vitoria.webp","datePublished":"2025-03-31T02:48:10+00:00","dateModified":"2025-03-31T02:48:11+00:00","author":{"@id":"https:\/\/www.gaveanews.com\/#\/schema\/person\/f42654babcd2b2014a1a65af82b081f1"},"breadcrumb":{"@id":"https:\/\/www.gaveanews.com\/index.php\/2025\/03\/30\/bahia-a-declaracao-de-rogerio-ceni-apos-o-jogo-contra-o-corinthians\/#breadcrumb"},"inLanguage":"pt-BR","potentialAction":[{"@type":"ReadAction","target":["https:\/\/www.gaveanews.com\/index.php\/2025\/03\/30\/bahia-a-declaracao-de-rogerio-ceni-apos-o-jogo-contra-o-corinthians\/"]}]},{"@type":"ImageObject","inLanguage":"pt-BR","@id":"https:\/\/www.gaveanews.com\/index.php\/2025\/03\/30\/bahia-a-declaracao-de-rogerio-ceni-apos-o-jogo-contra-o-corinthians\/#primaryimage","url":"https:\/\/www.gaveanews.com\/wp-content\/uploads\/Rogerio-Ceni-tecnico-do-Bahia-em-entrevista-coletiva-apos-o-classico-contra-o-Vitoria.webp","contentUrl":"https:\/\/www.gaveanews.com\/wp-content\/uploads\/Rogerio-Ceni-tecnico-do-Bahia-em-entrevista-coletiva-apos-o-classico-contra-o-Vitoria.webp","width":874,"height":463,"caption":"Rog\u00e9rio Ceni - Foto: Let\u00edcia Martins \/ EC Bahia"},{"@type":"BreadcrumbList","@id":"https:\/\/www.gaveanews.com\/index.php\/2025\/03\/30\/bahia-a-declaracao-de-rogerio-ceni-apos-o-jogo-contra-o-corinthians\/#breadcrumb","itemListElement":[{"@type":"ListItem","position":1,"name":"Home","item":"https:\/\/www.gaveanews.com\/"},{"@type":"ListItem","position":2,"name":"Bahia: a declara\u00e7\u00e3o de Rogerio Ceni ap\u00f3s o jogo contra o Corinthians"}]},{"@type":"WebSite","@id":"https:\/\/www.gaveanews.com\/#website","url":"https:\/\/www.gaveanews.com\/","name":"G\u00e1vea News","description":"Veja todas as not\u00edcias sobre o Flamengo: Contrata\u00e7\u00f5es, categorias de base, resultados das partidas, tabela de classifica\u00e7\u00e3o, pr\u00f3ximos jogos!","potentialAction":[{"@type":"SearchAction","target":{"@type":"EntryPoint","urlTemplate":"https:\/\/www.gaveanews.com\/?s={search_term_string}"},"query-input":{"@type":"PropertyValueSpecification","valueRequired":true,"valueName":"search_term_string"}}],"inLanguage":"pt-BR"},{"@type":"Person","@id":"https:\/\/www.gaveanews.com\/#\/schema\/person\/f42654babcd2b2014a1a65af82b081f1","name":"Geovanna Thomaz","image":{"@type":"ImageObject","inLanguage":"pt-BR","@id":"https:\/\/www.gaveanews.com\/#\/schema\/person\/image\/","url":"https:\/\/secure.gravatar.com\/avatar\/4092073255489533afb558984b49b64268c47198af8623cc82a925ae9fb7118a?s=96&d=mm&r=g","contentUrl":"https:\/\/secure.gravatar.com\/avatar\/4092073255489533afb558984b49b64268c47198af8623cc82a925ae9fb7118a?s=96&d=mm&r=g","caption":"Geovanna Thomaz"}}]}},"_links":{"self":[{"href":"https:\/\/www.gaveanews.com\/index.php\/wp-json\/wp\/v2\/posts\/246887","targetHints":{"allow":["GET"]}}],"collection":[{"href":"https:\/\/www.gaveanews.com\/index.php\/wp-json\/wp\/v2\/posts"}],"about":[{"href":"https:\/\/www.gaveanews.com\/index.php\/wp-json\/wp\/v2\/types\/post"}],"author":[{"embeddable":true,"href":"https:\/\/www.gaveanews.com\/index.php\/wp-json\/wp\/v2\/users\/17"}],"replies":[{"embeddable":true,"href":"https:\/\/www.gaveanews.com\/index.php\/wp-json\/wp\/v2\/comments?post=246887"}],"version-history":[{"count":1,"href":"https:\/\/www.gaveanews.com\/index.php\/wp-json\/wp\/v2\/posts\/246887\/revisions"}],"predecessor-version":[{"id":246888,"href":"https:\/\/www.gaveanews.com\/index.php\/wp-json\/wp\/v2\/posts\/246887\/revisions\/246888"}],"wp:featuredmedia":[{"embeddable":true,"href":"https:\/\/www.gaveanews.com\/index.php\/wp-json\/wp\/v2\/media\/148504"}],"wp:attachment":[{"href":"https:\/\/www.gaveanews.com\/index.php\/wp-json\/wp\/v2\/media?parent=246887"}],"wp:term":[{"taxonomy":"category","embeddable":true,"href":"https:\/\/www.gaveanews.com\/index.php\/wp-json\/wp\/v2\/categories?post=246887"},{"taxonomy":"post_tag","embeddable":true,"href":"https:\/\/www.gaveanews.com\/index.php\/wp-json\/wp\/v2\/tags?post=246887"}],"curies":[{"name":"wp","href":"https:\/\/api.w.org\/{rel}","templated":true}]}}