{"id":246889,"date":"2025-03-30T23:51:37","date_gmt":"2025-03-31T02:51:37","guid":{"rendered":"https:\/\/www.gaveanews.com\/?p=246889"},"modified":"2025-03-30T23:51:40","modified_gmt":"2025-03-31T02:51:40","slug":"bahia-a-declaracao-de-rogerio-ceni-sobre-a-libertadores","status":"publish","type":"post","link":"https:\/\/www.gaveanews.com\/index.php\/2025\/03\/30\/bahia-a-declaracao-de-rogerio-ceni-sobre-a-libertadores\/","title":{"rendered":"Bahia: a declara\u00e7\u00e3o de Rog\u00e9rio Ceni sobre a Libertadores"},"content":{"rendered":"\n<p>O Bahia segue em evolu\u00e7\u00e3o e tem mostrado competitividade na temporada, mas Rog\u00e9rio Ceni destaca que a disparidade econ\u00f4mica entre os clubes ainda \u00e9 um fator determinante, principalmente na Libertadores. O t\u00e9cnico reconhece o crescimento da equipe, mas pondera sobre a realidade financeira do torneio.<\/p>\n\n\n\n<p> \u201cEu fico feliz que o Bahia seja colocado como um time com varia\u00e7\u00e3o no elenco, mas isso n\u00e3o quer dizer que somos o sexto melhor time da Libertadores. Mostra que estamos crescendo e que temos condi\u00e7\u00f5es de lutar. Voc\u00eas viram o Inter jogando ontem contra o Flamengo, a qualidade do Inter fora de casa. O gasto econ\u00f4mico, o investimento, o valor, nem sempre vai refletir a posi\u00e7\u00e3o final\u201d.<\/p>\n\n\n\n<p>Al\u00e9m da quest\u00e3o econ\u00f4mica, Ceni tamb\u00e9m abordou a arbitragem no futebol brasileiro e o comportamento dos jogadores dentro de campo. Para o treinador, a press\u00e3o sobre os \u00e1rbitros tem dificultado a condu\u00e7\u00e3o das partidas.<\/p>\n\n\n\n<p> \u201cO futebol tem cada vez mais investimento, sem d\u00favida o \u00e1rbitro tamb\u00e9m merece aten\u00e7\u00e3o e um trabalho fixo naquilo. E tamb\u00e9m os atletas precisam melhorar o comportamento dentro de campo. \u00c9 imposs\u00edvel apitar um jogo no Brasil, fica todo mundo cercando ele ali. Estamos muito chatos dentro de campo. \u00c9 muita gente perturbando os caras. \u00c9 dif\u00edcil tomar uma decis\u00e3o. E eu me incluo nisso, precisamos colaborar mais. Atletas e treinadores\u201d.<\/p>\n\n\n\n<p>Sobre o empate contra o Corinthians, Ceni voltou a lamentar as oportunidades desperdi\u00e7adas e a fragilidade defensiva em jogadas a\u00e9reas. O Bahia teve chances de ampliar o placar antes da expuls\u00e3o de Everton Ribeiro, mas n\u00e3o conseguiu aproveitar. <\/p>\n\n\n\n<p>\u201cRepetir, treinar, continuar criando e ter mais frieza para concluir a gol. Tivemos duas chances logo no come\u00e7o do segundo tempo. Depois com um a menos n\u00e3o \u00e9 f\u00e1cil. Defendemos bem, existiram cruzamentos, mas o \u00fanico com chance real foi que entrou. Jogamos contra uma grande equipe do futebol brasileiro. Acho que fizemos um bom jogo, talvez tenha faltado tranquilidade quando a gente recuperava a bola. Faltaram poucos minutos para a gente conseguir o sucesso com o 1 a 0\u201d.<\/p>\n\n\n\n<p>O Bahia agora foca nos ajustes para os pr\u00f3ximos desafios, buscando efici\u00eancia nas finaliza\u00e7\u00f5es e maior solidez defensiva para evitar a perda de pontos nos minutos finais.<\/p>\n","protected":false},"excerpt":{"rendered":"<p>O Bahia segue em evolu\u00e7\u00e3o e tem mostrado competitividade na temporada, mas Rog\u00e9rio Ceni destaca que a disparidade econ\u00f4mica entre os clubes ainda \u00e9 um fator determinante, principalmente na Libertadores. O t\u00e9cnico reconhece o crescimento da equipe, mas pondera sobre a realidade financeira do torneio. \u201cEu fico feliz que o Bahia seja colocado como um [&hellip;]<\/p>\n","protected":false},"author":17,"featured_media":148504,"comment_status":"open","ping_status":"closed","sticky":false,"template":"","format":"standard","meta":{"footnotes":""},"categories":[137],"tags":[],"class_list":["post-246889","post","type-post","status-publish","format-standard","has-post-thumbnail","hentry","category-bahia"],"yoast_head":"<!-- This site is optimized with the Yoast SEO Premium plugin v24.2 (Yoast SEO v26.9) - https:\/\/yoast.com\/product\/yoast-seo-premium-wordpress\/ -->\n<title>Bahia: a declara\u00e7\u00e3o de Rog\u00e9rio Ceni sobre a Libertadores<\/title>\n<meta name=\"robots\" content=\"index, follow, max-snippet:-1, max-image-preview:large, max-video-preview:-1\" \/>\n<link rel=\"canonical\" href=\"https:\/\/www.gaveanews.com\/index.php\/2025\/03\/30\/bahia-a-declaracao-de-rogerio-ceni-sobre-a-libertadores\/\" \/>\n<meta property=\"og:locale\" content=\"pt_BR\" \/>\n<meta property=\"og:type\" content=\"article\" \/>\n<meta property=\"og:title\" content=\"Bahia: a declara\u00e7\u00e3o de Rog\u00e9rio Ceni sobre a Libertadores\" \/>\n<meta property=\"og:description\" content=\"O Bahia segue em evolu\u00e7\u00e3o e tem mostrado competitividade na temporada, mas Rog\u00e9rio Ceni destaca que a disparidade econ\u00f4mica entre os clubes ainda \u00e9 um fator determinante, principalmente na Libertadores. O t\u00e9cnico reconhece o crescimento da equipe, mas pondera sobre a realidade financeira do torneio. \u201cEu fico feliz que o Bahia seja colocado como um [&hellip;]\" \/>\n<meta property=\"og:url\" content=\"https:\/\/www.gaveanews.com\/index.php\/2025\/03\/30\/bahia-a-declaracao-de-rogerio-ceni-sobre-a-libertadores\/\" \/>\n<meta property=\"og:site_name\" content=\"G\u00e1vea News\" \/>\n<meta property=\"article:publisher\" content=\"https:\/\/facebook.com\/gaveaNews\/\" \/>\n<meta property=\"article:published_time\" content=\"2025-03-31T02:51:37+00:00\" \/>\n<meta property=\"article:modified_time\" content=\"2025-03-31T02:51:40+00:00\" \/>\n<meta property=\"og:image\" content=\"http:\/\/www.gaveanews.com\/wp-content\/uploads\/Rogerio-Ceni-tecnico-do-Bahia-em-entrevista-coletiva-apos-o-classico-contra-o-Vitoria.webp\" \/>\n\t<meta property=\"og:image:width\" content=\"874\" \/>\n\t<meta property=\"og:image:height\" content=\"463\" \/>\n\t<meta property=\"og:image:type\" content=\"image\/webp\" \/>\n<meta name=\"author\" content=\"Geovanna Thomaz\" \/>\n<meta name=\"twitter:card\" content=\"summary_large_image\" \/>\n<meta name=\"twitter:label1\" content=\"Escrito por\" \/>\n\t<meta name=\"twitter:data1\" content=\"Geovanna Thomaz\" \/>\n\t<meta name=\"twitter:label2\" content=\"Est. tempo de leitura\" \/>\n\t<meta name=\"twitter:data2\" content=\"3 minutos\" \/>\n<script type=\"application\/ld+json\" class=\"yoast-schema-graph\">{\"@context\":\"https:\/\/schema.org\",\"@graph\":[{\"@type\":\"NewsArticle\",\"@id\":\"https:\/\/www.gaveanews.com\/index.php\/2025\/03\/30\/bahia-a-declaracao-de-rogerio-ceni-sobre-a-libertadores\/#article\",\"isPartOf\":{\"@id\":\"https:\/\/www.gaveanews.com\/index.php\/2025\/03\/30\/bahia-a-declaracao-de-rogerio-ceni-sobre-a-libertadores\/\"},\"author\":{\"name\":\"Geovanna Thomaz\",\"@id\":\"https:\/\/www.gaveanews.com\/#\/schema\/person\/f42654babcd2b2014a1a65af82b081f1\"},\"headline\":\"Bahia: a declara\u00e7\u00e3o de Rog\u00e9rio Ceni sobre a Libertadores\",\"datePublished\":\"2025-03-31T02:51:37+00:00\",\"dateModified\":\"2025-03-31T02:51:40+00:00\",\"mainEntityOfPage\":{\"@id\":\"https:\/\/www.gaveanews.com\/index.php\/2025\/03\/30\/bahia-a-declaracao-de-rogerio-ceni-sobre-a-libertadores\/\"},\"wordCount\":400,\"commentCount\":0,\"image\":{\"@id\":\"https:\/\/www.gaveanews.com\/index.php\/2025\/03\/30\/bahia-a-declaracao-de-rogerio-ceni-sobre-a-libertadores\/#primaryimage\"},\"thumbnailUrl\":\"https:\/\/www.gaveanews.com\/wp-content\/uploads\/Rogerio-Ceni-tecnico-do-Bahia-em-entrevista-coletiva-apos-o-classico-contra-o-Vitoria.webp\",\"articleSection\":[\"Bahia\"],\"inLanguage\":\"pt-BR\",\"potentialAction\":[{\"@type\":\"CommentAction\",\"name\":\"Comment\",\"target\":[\"https:\/\/www.gaveanews.com\/index.php\/2025\/03\/30\/bahia-a-declaracao-de-rogerio-ceni-sobre-a-libertadores\/#respond\"]}],\"copyrightYear\":\"2025\",\"copyrightHolder\":{\"@id\":\"https:\/\/www.gaveanews.com\/#organization\"}},{\"@type\":\"WebPage\",\"@id\":\"https:\/\/www.gaveanews.com\/index.php\/2025\/03\/30\/bahia-a-declaracao-de-rogerio-ceni-sobre-a-libertadores\/\",\"url\":\"https:\/\/www.gaveanews.com\/index.php\/2025\/03\/30\/bahia-a-declaracao-de-rogerio-ceni-sobre-a-libertadores\/\",\"name\":\"Bahia: a declara\u00e7\u00e3o de Rog\u00e9rio Ceni sobre a Libertadores\",\"isPartOf\":{\"@id\":\"https:\/\/www.gaveanews.com\/#website\"},\"primaryImageOfPage\":{\"@id\":\"https:\/\/www.gaveanews.com\/index.php\/2025\/03\/30\/bahia-a-declaracao-de-rogerio-ceni-sobre-a-libertadores\/#primaryimage\"},\"image\":{\"@id\":\"https:\/\/www.gaveanews.com\/index.php\/2025\/03\/30\/bahia-a-declaracao-de-rogerio-ceni-sobre-a-libertadores\/#primaryimage\"},\"thumbnailUrl\":\"https:\/\/www.gaveanews.com\/wp-content\/uploads\/Rogerio-Ceni-tecnico-do-Bahia-em-entrevista-coletiva-apos-o-classico-contra-o-Vitoria.webp\",\"datePublished\":\"2025-03-31T02:51:37+00:00\",\"dateModified\":\"2025-03-31T02:51:40+00:00\",\"author\":{\"@id\":\"https:\/\/www.gaveanews.com\/#\/schema\/person\/f42654babcd2b2014a1a65af82b081f1\"},\"breadcrumb\":{\"@id\":\"https:\/\/www.gaveanews.com\/index.php\/2025\/03\/30\/bahia-a-declaracao-de-rogerio-ceni-sobre-a-libertadores\/#breadcrumb\"},\"inLanguage\":\"pt-BR\",\"potentialAction\":[{\"@type\":\"ReadAction\",\"target\":[\"https:\/\/www.gaveanews.com\/index.php\/2025\/03\/30\/bahia-a-declaracao-de-rogerio-ceni-sobre-a-libertadores\/\"]}]},{\"@type\":\"ImageObject\",\"inLanguage\":\"pt-BR\",\"@id\":\"https:\/\/www.gaveanews.com\/index.php\/2025\/03\/30\/bahia-a-declaracao-de-rogerio-ceni-sobre-a-libertadores\/#primaryimage\",\"url\":\"https:\/\/www.gaveanews.com\/wp-content\/uploads\/Rogerio-Ceni-tecnico-do-Bahia-em-entrevista-coletiva-apos-o-classico-contra-o-Vitoria.webp\",\"contentUrl\":\"https:\/\/www.gaveanews.com\/wp-content\/uploads\/Rogerio-Ceni-tecnico-do-Bahia-em-entrevista-coletiva-apos-o-classico-contra-o-Vitoria.webp\",\"width\":874,\"height\":463,\"caption\":\"Rog\u00e9rio Ceni - Foto: Let\u00edcia Martins \/ EC Bahia\"},{\"@type\":\"BreadcrumbList\",\"@id\":\"https:\/\/www.gaveanews.com\/index.php\/2025\/03\/30\/bahia-a-declaracao-de-rogerio-ceni-sobre-a-libertadores\/#breadcrumb\",\"itemListElement\":[{\"@type\":\"ListItem\",\"position\":1,\"name\":\"Home\",\"item\":\"https:\/\/www.gaveanews.com\/\"},{\"@type\":\"ListItem\",\"position\":2,\"name\":\"Bahia: a declara\u00e7\u00e3o de Rog\u00e9rio Ceni sobre a Libertadores\"}]},{\"@type\":\"WebSite\",\"@id\":\"https:\/\/www.gaveanews.com\/#website\",\"url\":\"https:\/\/www.gaveanews.com\/\",\"name\":\"G\u00e1vea News\",\"description\":\"Veja todas as not\u00edcias sobre o Flamengo: Contrata\u00e7\u00f5es, categorias de base, resultados das partidas, tabela de classifica\u00e7\u00e3o, pr\u00f3ximos jogos!\",\"potentialAction\":[{\"@type\":\"SearchAction\",\"target\":{\"@type\":\"EntryPoint\",\"urlTemplate\":\"https:\/\/www.gaveanews.com\/?s={search_term_string}\"},\"query-input\":{\"@type\":\"PropertyValueSpecification\",\"valueRequired\":true,\"valueName\":\"search_term_string\"}}],\"inLanguage\":\"pt-BR\"},{\"@type\":\"Person\",\"@id\":\"https:\/\/www.gaveanews.com\/#\/schema\/person\/f42654babcd2b2014a1a65af82b081f1\",\"name\":\"Geovanna Thomaz\",\"image\":{\"@type\":\"ImageObject\",\"inLanguage\":\"pt-BR\",\"@id\":\"https:\/\/www.gaveanews.com\/#\/schema\/person\/image\/\",\"url\":\"https:\/\/secure.gravatar.com\/avatar\/4092073255489533afb558984b49b64268c47198af8623cc82a925ae9fb7118a?s=96&d=mm&r=g\",\"contentUrl\":\"https:\/\/secure.gravatar.com\/avatar\/4092073255489533afb558984b49b64268c47198af8623cc82a925ae9fb7118a?s=96&d=mm&r=g\",\"caption\":\"Geovanna Thomaz\"}}]}<\/script>\n<!-- \/ Yoast SEO Premium plugin. -->","yoast_head_json":{"title":"Bahia: a declara\u00e7\u00e3o de Rog\u00e9rio Ceni sobre a Libertadores","robots":{"index":"index","follow":"follow","max-snippet":"max-snippet:-1","max-image-preview":"max-image-preview:large","max-video-preview":"max-video-preview:-1"},"canonical":"https:\/\/www.gaveanews.com\/index.php\/2025\/03\/30\/bahia-a-declaracao-de-rogerio-ceni-sobre-a-libertadores\/","og_locale":"pt_BR","og_type":"article","og_title":"Bahia: a declara\u00e7\u00e3o de Rog\u00e9rio Ceni sobre a Libertadores","og_description":"O Bahia segue em evolu\u00e7\u00e3o e tem mostrado competitividade na temporada, mas Rog\u00e9rio Ceni destaca que a disparidade econ\u00f4mica entre os clubes ainda \u00e9 um fator determinante, principalmente na Libertadores. O t\u00e9cnico reconhece o crescimento da equipe, mas pondera sobre a realidade financeira do torneio. \u201cEu fico feliz que o Bahia seja colocado como um [&hellip;]","og_url":"https:\/\/www.gaveanews.com\/index.php\/2025\/03\/30\/bahia-a-declaracao-de-rogerio-ceni-sobre-a-libertadores\/","og_site_name":"G\u00e1vea News","article_publisher":"https:\/\/facebook.com\/gaveaNews\/","article_published_time":"2025-03-31T02:51:37+00:00","article_modified_time":"2025-03-31T02:51:40+00:00","og_image":[{"width":874,"height":463,"url":"http:\/\/www.gaveanews.com\/wp-content\/uploads\/Rogerio-Ceni-tecnico-do-Bahia-em-entrevista-coletiva-apos-o-classico-contra-o-Vitoria.webp","type":"image\/webp"}],"author":"Geovanna Thomaz","twitter_card":"summary_large_image","twitter_misc":{"Escrito por":"Geovanna Thomaz","Est. tempo de leitura":"3 minutos"},"schema":{"@context":"https:\/\/schema.org","@graph":[{"@type":"NewsArticle","@id":"https:\/\/www.gaveanews.com\/index.php\/2025\/03\/30\/bahia-a-declaracao-de-rogerio-ceni-sobre-a-libertadores\/#article","isPartOf":{"@id":"https:\/\/www.gaveanews.com\/index.php\/2025\/03\/30\/bahia-a-declaracao-de-rogerio-ceni-sobre-a-libertadores\/"},"author":{"name":"Geovanna Thomaz","@id":"https:\/\/www.gaveanews.com\/#\/schema\/person\/f42654babcd2b2014a1a65af82b081f1"},"headline":"Bahia: a declara\u00e7\u00e3o de Rog\u00e9rio Ceni sobre a Libertadores","datePublished":"2025-03-31T02:51:37+00:00","dateModified":"2025-03-31T02:51:40+00:00","mainEntityOfPage":{"@id":"https:\/\/www.gaveanews.com\/index.php\/2025\/03\/30\/bahia-a-declaracao-de-rogerio-ceni-sobre-a-libertadores\/"},"wordCount":400,"commentCount":0,"image":{"@id":"https:\/\/www.gaveanews.com\/index.php\/2025\/03\/30\/bahia-a-declaracao-de-rogerio-ceni-sobre-a-libertadores\/#primaryimage"},"thumbnailUrl":"https:\/\/www.gaveanews.com\/wp-content\/uploads\/Rogerio-Ceni-tecnico-do-Bahia-em-entrevista-coletiva-apos-o-classico-contra-o-Vitoria.webp","articleSection":["Bahia"],"inLanguage":"pt-BR","potentialAction":[{"@type":"CommentAction","name":"Comment","target":["https:\/\/www.gaveanews.com\/index.php\/2025\/03\/30\/bahia-a-declaracao-de-rogerio-ceni-sobre-a-libertadores\/#respond"]}],"copyrightYear":"2025","copyrightHolder":{"@id":"https:\/\/www.gaveanews.com\/#organization"}},{"@type":"WebPage","@id":"https:\/\/www.gaveanews.com\/index.php\/2025\/03\/30\/bahia-a-declaracao-de-rogerio-ceni-sobre-a-libertadores\/","url":"https:\/\/www.gaveanews.com\/index.php\/2025\/03\/30\/bahia-a-declaracao-de-rogerio-ceni-sobre-a-libertadores\/","name":"Bahia: a declara\u00e7\u00e3o de Rog\u00e9rio Ceni sobre a Libertadores","isPartOf":{"@id":"https:\/\/www.gaveanews.com\/#website"},"primaryImageOfPage":{"@id":"https:\/\/www.gaveanews.com\/index.php\/2025\/03\/30\/bahia-a-declaracao-de-rogerio-ceni-sobre-a-libertadores\/#primaryimage"},"image":{"@id":"https:\/\/www.gaveanews.com\/index.php\/2025\/03\/30\/bahia-a-declaracao-de-rogerio-ceni-sobre-a-libertadores\/#primaryimage"},"thumbnailUrl":"https:\/\/www.gaveanews.com\/wp-content\/uploads\/Rogerio-Ceni-tecnico-do-Bahia-em-entrevista-coletiva-apos-o-classico-contra-o-Vitoria.webp","datePublished":"2025-03-31T02:51:37+00:00","dateModified":"2025-03-31T02:51:40+00:00","author":{"@id":"https:\/\/www.gaveanews.com\/#\/schema\/person\/f42654babcd2b2014a1a65af82b081f1"},"breadcrumb":{"@id":"https:\/\/www.gaveanews.com\/index.php\/2025\/03\/30\/bahia-a-declaracao-de-rogerio-ceni-sobre-a-libertadores\/#breadcrumb"},"inLanguage":"pt-BR","potentialAction":[{"@type":"ReadAction","target":["https:\/\/www.gaveanews.com\/index.php\/2025\/03\/30\/bahia-a-declaracao-de-rogerio-ceni-sobre-a-libertadores\/"]}]},{"@type":"ImageObject","inLanguage":"pt-BR","@id":"https:\/\/www.gaveanews.com\/index.php\/2025\/03\/30\/bahia-a-declaracao-de-rogerio-ceni-sobre-a-libertadores\/#primaryimage","url":"https:\/\/www.gaveanews.com\/wp-content\/uploads\/Rogerio-Ceni-tecnico-do-Bahia-em-entrevista-coletiva-apos-o-classico-contra-o-Vitoria.webp","contentUrl":"https:\/\/www.gaveanews.com\/wp-content\/uploads\/Rogerio-Ceni-tecnico-do-Bahia-em-entrevista-coletiva-apos-o-classico-contra-o-Vitoria.webp","width":874,"height":463,"caption":"Rog\u00e9rio Ceni - Foto: Let\u00edcia Martins \/ EC Bahia"},{"@type":"BreadcrumbList","@id":"https:\/\/www.gaveanews.com\/index.php\/2025\/03\/30\/bahia-a-declaracao-de-rogerio-ceni-sobre-a-libertadores\/#breadcrumb","itemListElement":[{"@type":"ListItem","position":1,"name":"Home","item":"https:\/\/www.gaveanews.com\/"},{"@type":"ListItem","position":2,"name":"Bahia: a declara\u00e7\u00e3o de Rog\u00e9rio Ceni sobre a Libertadores"}]},{"@type":"WebSite","@id":"https:\/\/www.gaveanews.com\/#website","url":"https:\/\/www.gaveanews.com\/","name":"G\u00e1vea News","description":"Veja todas as not\u00edcias sobre o Flamengo: Contrata\u00e7\u00f5es, categorias de base, resultados das partidas, tabela de classifica\u00e7\u00e3o, pr\u00f3ximos jogos!","potentialAction":[{"@type":"SearchAction","target":{"@type":"EntryPoint","urlTemplate":"https:\/\/www.gaveanews.com\/?s={search_term_string}"},"query-input":{"@type":"PropertyValueSpecification","valueRequired":true,"valueName":"search_term_string"}}],"inLanguage":"pt-BR"},{"@type":"Person","@id":"https:\/\/www.gaveanews.com\/#\/schema\/person\/f42654babcd2b2014a1a65af82b081f1","name":"Geovanna Thomaz","image":{"@type":"ImageObject","inLanguage":"pt-BR","@id":"https:\/\/www.gaveanews.com\/#\/schema\/person\/image\/","url":"https:\/\/secure.gravatar.com\/avatar\/4092073255489533afb558984b49b64268c47198af8623cc82a925ae9fb7118a?s=96&d=mm&r=g","contentUrl":"https:\/\/secure.gravatar.com\/avatar\/4092073255489533afb558984b49b64268c47198af8623cc82a925ae9fb7118a?s=96&d=mm&r=g","caption":"Geovanna Thomaz"}}]}},"_links":{"self":[{"href":"https:\/\/www.gaveanews.com\/index.php\/wp-json\/wp\/v2\/posts\/246889","targetHints":{"allow":["GET"]}}],"collection":[{"href":"https:\/\/www.gaveanews.com\/index.php\/wp-json\/wp\/v2\/posts"}],"about":[{"href":"https:\/\/www.gaveanews.com\/index.php\/wp-json\/wp\/v2\/types\/post"}],"author":[{"embeddable":true,"href":"https:\/\/www.gaveanews.com\/index.php\/wp-json\/wp\/v2\/users\/17"}],"replies":[{"embeddable":true,"href":"https:\/\/www.gaveanews.com\/index.php\/wp-json\/wp\/v2\/comments?post=246889"}],"version-history":[{"count":1,"href":"https:\/\/www.gaveanews.com\/index.php\/wp-json\/wp\/v2\/posts\/246889\/revisions"}],"predecessor-version":[{"id":246890,"href":"https:\/\/www.gaveanews.com\/index.php\/wp-json\/wp\/v2\/posts\/246889\/revisions\/246890"}],"wp:featuredmedia":[{"embeddable":true,"href":"https:\/\/www.gaveanews.com\/index.php\/wp-json\/wp\/v2\/media\/148504"}],"wp:attachment":[{"href":"https:\/\/www.gaveanews.com\/index.php\/wp-json\/wp\/v2\/media?parent=246889"}],"wp:term":[{"taxonomy":"category","embeddable":true,"href":"https:\/\/www.gaveanews.com\/index.php\/wp-json\/wp\/v2\/categories?post=246889"},{"taxonomy":"post_tag","embeddable":true,"href":"https:\/\/www.gaveanews.com\/index.php\/wp-json\/wp\/v2\/tags?post=246889"}],"curies":[{"name":"wp","href":"https:\/\/api.w.org\/{rel}","templated":true}]}}