{"id":246896,"date":"2025-03-31T09:30:00","date_gmt":"2025-03-31T12:30:00","guid":{"rendered":"https:\/\/www.gaveanews.com\/?p=246896"},"modified":"2025-03-31T09:17:38","modified_gmt":"2025-03-31T12:17:38","slug":"presidente-impede-chegada-de-reforco-neymar-empolga-torcida-e-declaracao-de-craque-neto-as-ultimas-noticias-do-santos","status":"publish","type":"post","link":"https:\/\/www.gaveanews.com\/index.php\/2025\/03\/31\/presidente-impede-chegada-de-reforco-neymar-empolga-torcida-e-declaracao-de-craque-neto-as-ultimas-noticias-do-santos\/","title":{"rendered":"Presidente impede chegada de refor\u00e7o, Neymar empolga torcida e declara\u00e7\u00e3o de Craque Neto: as \u00faltimas not\u00edcias do Santos"},"content":{"rendered":"\n<p>Nas \u00faltimas horas, o foco das not\u00edcias sobre o Santos se concentram nos bastidores do clube, com destaques do dia a dia do time.<\/p>\n\n\n\n<p>Por conta deste contexto, leia abaixo um resumo preparado pela equipe do portal G\u00e1vea News para lhe manter muito bem informado!<\/p>\n\n\n\n<div class=\"wp-block-group\"><div class=\"wp-block-group__inner-container is-layout-constrained wp-block-group-is-layout-constrained\">\n<h2 class=\"wp-block-heading\" id=\"h-declaracao-de-craque-neto\">Declara\u00e7\u00e3o de Craque Neto<\/h2>\n\n\n\n<p>O jovem Est\u00eav\u00e3o, atacante de apenas 17 anos do Palmeiras, tem ganhado grande destaque no cen\u00e1rio esportivo nacional e internacional, sendo comparado a grandes nomes do futebol, como Neymar. O ex-jogador e comentarista Craque Neto causou alvoro\u00e7o ao declarar que Est\u00eav\u00e3o n\u00e3o \u00e9 apenas um craque, mas um \u201cg\u00eanio\u201d do futebol, colocando-o ao lado de Neymar como \u00fanico no Brasil com esse status.  <strong><a href=\"https:\/\/www.gaveanews.com\/index.php\/2025\/03\/25\/a-declaracao-de-craque-neto-direcionada-a-estevao-e-neymar\/\">(leia a mat\u00e9ria completa).<\/a><\/strong><\/p>\n\n\n\n<figure class=\"wp-block-image size-full\"><img loading=\"lazy\" decoding=\"async\" width=\"900\" height=\"600\" src=\"http:\/\/www.gaveanews.com\/wp-content\/uploads\/Craque-Neto-apresentador-da-Band.webp\" alt=\"\" class=\"wp-image-244433\"\/><figcaption class=\"wp-element-caption\">Craque Neto, apresentador da Band (Foto: Kelly Fuzaro\/Band)<\/figcaption><\/figure>\n\n\n\n<p>A poss\u00edvel transfer\u00eancia do jogador para o Chelsea movimenta os bastidores do futebol europeu, com especula\u00e7\u00f5es sobre futuras passagens por clubes ainda maiores, como Barcelona e Real Madrid.<\/p>\n\n\n\n<p>Apesar das cr\u00edticas recebidas ap\u00f3s uma atua\u00e7\u00e3o considerada abaixo do esperado na derrota do Palmeiras para o Corinthians, Est\u00eav\u00e3o conta com o apoio de figuras importantes da imprensa esportiva. O jornalista Fl\u00e1vio Prado defendeu o atleta com veem\u00eancia, chamando de \u201cidiotas\u201d aqueles que questionam seu desempenho e exaltando o jovem como o melhor jogador do futebol brasileiro atualmente. A declara\u00e7\u00e3o reacende o debate sobre a press\u00e3o enfrentada por talentos precoces no futebol nacional e a expectativa criada em torno deles.<\/p>\n\n\n\n<p>Desde que conquistou a titularidade no Palmeiras, Est\u00eav\u00e3o tem se mostrado decisivo e eficiente, com n\u00fameros expressivos no Campeonato Brasileiro. Sua ascens\u00e3o mete\u00f3rica pode render uma das transfer\u00eancias mais caras da hist\u00f3ria do futebol brasileiro, avaliada em mais de 61 milh\u00f5es de euros. Com esse hist\u00f3rico, o jogador \u00e9 apontado como uma das principais promessas do esporte, com um futuro promissor que pode consolid\u00e1-lo como \u00edcone do futebol mundial nos pr\u00f3ximos anos.<\/p>\n\n\n\n<h2 class=\"wp-block-heading\" id=\"h-neymar-empolga-torcida\">Neymar empolga torcida<\/h2>\n\n\n\n<p>O retorno de Neymar aos gramados gerou grande entusiasmo entre os torcedores do Santos. O jogador, que est\u00e1 em fase de recupera\u00e7\u00e3o de uma les\u00e3o no m\u00fasculo posterior da coxa esquerda, publicou um v\u00eddeo celebrando seu progresso e demonstrando empolga\u00e7\u00e3o ao voltar a treinar no campo. Essa atualiza\u00e7\u00e3o positiva aumentou a expectativa dos santistas quanto \u00e0 poss\u00edvel participa\u00e7\u00e3o do craque na estreia do Brasileir\u00e3o contra o Vasco da Gama, marcada para o pr\u00f3ximo domingo<strong><a href=\"https:\/\/www.gaveanews.com\/index.php\/2025\/03\/24\/santos-divulga-video-de-neymar-e-empolga-torcida-assista\/\"> (leia a mat\u00e9ria completa).<\/a><\/strong><\/p>\n\n\n\n<figure class=\"wp-block-image size-full\"><img loading=\"lazy\" decoding=\"async\" width=\"900\" height=\"600\" src=\"http:\/\/www.gaveanews.com\/wp-content\/uploads\/Neymar-em-acao-com-a-camisa-do-Santos-em-2025.webp\" alt=\"\" class=\"wp-image-244445\"\/><figcaption class=\"wp-element-caption\">Neymar em a\u00e7\u00e3o com a camisa do Santos em 2025 (Foto: Raul Baretta\/ Santos FC)<\/figcaption><\/figure>\n\n\n\n<p>No v\u00eddeo divulgado, Neymar compartilhou que finalmente est\u00e1 treinando sem dores, ap\u00f3s um per\u00edodo intenso de fortalecimento na academia. Apesar de ainda n\u00e3o integrar as atividades com o restante do elenco, o atleta deu in\u00edcio a uma etapa importante de sua reabilita\u00e7\u00e3o. Sua fala refor\u00e7ou o comprometimento com a prepara\u00e7\u00e3o f\u00edsica, destacando que buscou fortalecer n\u00e3o apenas a regi\u00e3o lesionada, mas tamb\u00e9m outras partes do corpo, visando um retorno mais seguro e sustent\u00e1vel.<\/p>\n\n\n\n<p>A poss\u00edvel volta de Neymar ao time principal na estreia do Campeonato Brasileiro anima n\u00e3o s\u00f3 a torcida, mas tamb\u00e9m o clube, que deposita grandes esperan\u00e7as no desempenho do camisa 10. Enquanto isso, os demais jogadores do Santos seguem focados nos treinos, com o objetivo de come\u00e7ar a competi\u00e7\u00e3o com bons resultados. A expectativa em torno da partida contra o Vasco \u00e9 alta, e a presen\u00e7a do \u00eddolo pode ser um diferencial importante para a equipe da Vila Belmiro.<\/p>\n\n\n\n<h2 class=\"wp-block-heading\" id=\"h-presidente-impede-chegada-de-reforco\">Presidente impede chegada de refor\u00e7o<\/h2>\n\n\n\n<p>O presidente do Santos, Marcelo Teixeira, desmentiu os rumores sobre uma poss\u00edvel negocia\u00e7\u00e3o com o zagueiro Lucas Ver\u00edssimo, atualmente no Al-Duhail, do Catar. Segundo ele, n\u00e3o h\u00e1 qualquer tratativa em andamento para repatriar o defensor, cujo nome foi especulado nos bastidores da Vila Belmiro. O dirigente afirmou que as informa\u00e7\u00f5es divulgadas n\u00e3o t\u00eam fundamento, colocando fim \u00e0s especula\u00e7\u00f5es sobre um poss\u00edvel retorno do atleta neste momento<strong><a href=\"https:\/\/www.gaveanews.com\/index.php\/2025\/03\/26\/marcelo-teixeira-impediu-chegada-de-reforco-ao-santos\/\"> (leia a mat\u00e9ria completa).<\/a><\/strong><\/p>\n\n\n\n<figure class=\"wp-block-image size-full\"><img loading=\"lazy\" decoding=\"async\" width=\"740\" height=\"416\" src=\"http:\/\/www.gaveanews.com\/wp-content\/uploads\/image-2024-06-22T183004.202.webp\" alt=\"\" class=\"wp-image-148899\" srcset=\"https:\/\/www.gaveanews.com\/wp-content\/uploads\/image-2024-06-22T183004.202.webp 740w, https:\/\/www.gaveanews.com\/wp-content\/uploads\/image-2024-06-22T183004.202-300x169.webp 300w, https:\/\/www.gaveanews.com\/wp-content\/uploads\/image-2024-06-22T183004.202-640x360.webp 640w, https:\/\/www.gaveanews.com\/wp-content\/uploads\/image-2024-06-22T183004.202-681x383.webp 681w, https:\/\/www.gaveanews.com\/wp-content\/uploads\/image-2024-06-22T183004.202-100x56.webp 100w\" sizes=\"auto, (max-width: 740px) 100vw, 740px\" \/><figcaption class=\"wp-element-caption\">Marcelo Teixeira-  Foto: Raul Baretta\/ Santos FC<\/figcaption><\/figure>\n\n\n\n<p>Lucas Ver\u00edssimo tem contrato com o clube do Catar at\u00e9 2027, e s\u00f3 poderia ser contratado na pr\u00f3xima janela de transfer\u00eancias, pois a atual s\u00f3 permite a inscri\u00e7\u00e3o de jogadores que disputaram os Estaduais de 2025. Enquanto isso, o Santos segue focado em fortalecer seu sistema defensivo, j\u00e1 criticado durante o Paulist\u00e3o. Z\u00e9 Ivaldo e Luis\u00e3o chegaram recentemente ao elenco, e Gil voltou \u00e0 titularidade sob o comando de Pedro Caixinha. A diretoria tamb\u00e9m analisa refor\u00e7os para a lateral-direita, especialmente diante do desempenho abaixo do esperado de Leo Godoy e da les\u00e3o de Aderlan.<\/p>\n\n\n\n<p>No meio-campo, o nome de Willian Ar\u00e3o, atualmente no futebol grego, circula como uma poss\u00edvel contrata\u00e7\u00e3o, mas n\u00e3o h\u00e1 confirma\u00e7\u00e3o de negocia\u00e7\u00f5es em curso. A diretoria santista, ciente das limita\u00e7\u00f5es da janela atual, est\u00e1 concentrada em ajustar o elenco com os recursos dispon\u00edveis, priorizando posi\u00e7\u00f5es mais carentes. Com isso, o planejamento para a continuidade da temporada segue em andamento, \u00e0 espera de oportunidades vi\u00e1veis no mercado.<\/p>\n<\/div><\/div>\n","protected":false},"excerpt":{"rendered":"<p>Nas \u00faltimas horas, o foco das not\u00edcias sobre o Santos se concentram nos bastidores do clube, com destaques do dia a dia do time. Por conta deste contexto, leia abaixo um resumo preparado pela equipe do portal G\u00e1vea News para lhe manter muito bem informado! Declara\u00e7\u00e3o de Craque Neto O jovem Est\u00eav\u00e3o, atacante de apenas [&hellip;]<\/p>\n","protected":false},"author":33,"featured_media":165619,"comment_status":"open","ping_status":"closed","sticky":false,"template":"","format":"standard","meta":{"footnotes":""},"categories":[139],"tags":[],"class_list":["post-246896","post","type-post","status-publish","format-standard","has-post-thumbnail","hentry","category-santos"],"yoast_head":"<!-- This site is optimized with the Yoast SEO Premium plugin v24.2 (Yoast SEO v26.9) - https:\/\/yoast.com\/product\/yoast-seo-premium-wordpress\/ -->\n<title>Presidente impede chegada de refor\u00e7o, Neymar empolga torcida e declara\u00e7\u00e3o de Craque Neto: as \u00faltimas not\u00edcias do Santos<\/title>\n<meta name=\"robots\" content=\"index, follow, max-snippet:-1, max-image-preview:large, max-video-preview:-1\" \/>\n<link rel=\"canonical\" href=\"https:\/\/www.gaveanews.com\/index.php\/2025\/03\/31\/presidente-impede-chegada-de-reforco-neymar-empolga-torcida-e-declaracao-de-craque-neto-as-ultimas-noticias-do-santos\/\" \/>\n<meta property=\"og:locale\" content=\"pt_BR\" \/>\n<meta property=\"og:type\" content=\"article\" \/>\n<meta property=\"og:title\" content=\"Presidente impede chegada de refor\u00e7o, Neymar empolga torcida e declara\u00e7\u00e3o de Craque Neto: as \u00faltimas not\u00edcias do Santos\" \/>\n<meta property=\"og:description\" content=\"Nas \u00faltimas horas, o foco das not\u00edcias sobre o Santos se concentram nos bastidores do clube, com destaques do dia a dia do time. Por conta deste contexto, leia abaixo um resumo preparado pela equipe do portal G\u00e1vea News para lhe manter muito bem informado! Declara\u00e7\u00e3o de Craque Neto O jovem Est\u00eav\u00e3o, atacante de apenas [&hellip;]\" \/>\n<meta property=\"og:url\" content=\"https:\/\/www.gaveanews.com\/index.php\/2025\/03\/31\/presidente-impede-chegada-de-reforco-neymar-empolga-torcida-e-declaracao-de-craque-neto-as-ultimas-noticias-do-santos\/\" \/>\n<meta property=\"og:site_name\" content=\"G\u00e1vea News\" \/>\n<meta property=\"article:publisher\" content=\"https:\/\/facebook.com\/gaveaNews\/\" \/>\n<meta property=\"article:published_time\" content=\"2025-03-31T12:30:00+00:00\" \/>\n<meta property=\"og:image\" content=\"https:\/\/www.gaveanews.com\/wp-content\/uploads\/Escudo-do-Santos-2.webp\" \/>\n\t<meta property=\"og:image:width\" content=\"1424\" \/>\n\t<meta property=\"og:image:height\" content=\"949\" \/>\n\t<meta property=\"og:image:type\" content=\"image\/webp\" \/>\n<meta name=\"author\" content=\"Brenda Cezillo\" \/>\n<meta name=\"twitter:card\" content=\"summary_large_image\" \/>\n<meta name=\"twitter:label1\" content=\"Escrito por\" \/>\n\t<meta name=\"twitter:data1\" content=\"Brenda Cezillo\" \/>\n\t<meta name=\"twitter:label2\" content=\"Est. tempo de leitura\" \/>\n\t<meta name=\"twitter:data2\" content=\"6 minutos\" \/>\n<script type=\"application\/ld+json\" class=\"yoast-schema-graph\">{\"@context\":\"https:\/\/schema.org\",\"@graph\":[{\"@type\":\"NewsArticle\",\"@id\":\"https:\/\/www.gaveanews.com\/index.php\/2025\/03\/31\/presidente-impede-chegada-de-reforco-neymar-empolga-torcida-e-declaracao-de-craque-neto-as-ultimas-noticias-do-santos\/#article\",\"isPartOf\":{\"@id\":\"https:\/\/www.gaveanews.com\/index.php\/2025\/03\/31\/presidente-impede-chegada-de-reforco-neymar-empolga-torcida-e-declaracao-de-craque-neto-as-ultimas-noticias-do-santos\/\"},\"author\":{\"name\":\"Brenda Cezillo\",\"@id\":\"https:\/\/www.gaveanews.com\/#\/schema\/person\/c79759ca337c40791ae8d08e2923d403\"},\"headline\":\"Presidente impede chegada de refor\u00e7o, Neymar empolga torcida e declara\u00e7\u00e3o de Craque Neto: as \u00faltimas not\u00edcias do Santos\",\"datePublished\":\"2025-03-31T12:30:00+00:00\",\"mainEntityOfPage\":{\"@id\":\"https:\/\/www.gaveanews.com\/index.php\/2025\/03\/31\/presidente-impede-chegada-de-reforco-neymar-empolga-torcida-e-declaracao-de-craque-neto-as-ultimas-noticias-do-santos\/\"},\"wordCount\":901,\"commentCount\":0,\"image\":{\"@id\":\"https:\/\/www.gaveanews.com\/index.php\/2025\/03\/31\/presidente-impede-chegada-de-reforco-neymar-empolga-torcida-e-declaracao-de-craque-neto-as-ultimas-noticias-do-santos\/#primaryimage\"},\"thumbnailUrl\":\"https:\/\/www.gaveanews.com\/wp-content\/uploads\/Escudo-do-Santos-2.webp\",\"articleSection\":[\"Santos\"],\"inLanguage\":\"pt-BR\",\"potentialAction\":[{\"@type\":\"CommentAction\",\"name\":\"Comment\",\"target\":[\"https:\/\/www.gaveanews.com\/index.php\/2025\/03\/31\/presidente-impede-chegada-de-reforco-neymar-empolga-torcida-e-declaracao-de-craque-neto-as-ultimas-noticias-do-santos\/#respond\"]}],\"copyrightYear\":\"2025\",\"copyrightHolder\":{\"@id\":\"https:\/\/www.gaveanews.com\/#organization\"}},{\"@type\":\"WebPage\",\"@id\":\"https:\/\/www.gaveanews.com\/index.php\/2025\/03\/31\/presidente-impede-chegada-de-reforco-neymar-empolga-torcida-e-declaracao-de-craque-neto-as-ultimas-noticias-do-santos\/\",\"url\":\"https:\/\/www.gaveanews.com\/index.php\/2025\/03\/31\/presidente-impede-chegada-de-reforco-neymar-empolga-torcida-e-declaracao-de-craque-neto-as-ultimas-noticias-do-santos\/\",\"name\":\"Presidente impede chegada de refor\u00e7o, Neymar empolga torcida e declara\u00e7\u00e3o de Craque Neto: as \u00faltimas not\u00edcias do Santos\",\"isPartOf\":{\"@id\":\"https:\/\/www.gaveanews.com\/#website\"},\"primaryImageOfPage\":{\"@id\":\"https:\/\/www.gaveanews.com\/index.php\/2025\/03\/31\/presidente-impede-chegada-de-reforco-neymar-empolga-torcida-e-declaracao-de-craque-neto-as-ultimas-noticias-do-santos\/#primaryimage\"},\"image\":{\"@id\":\"https:\/\/www.gaveanews.com\/index.php\/2025\/03\/31\/presidente-impede-chegada-de-reforco-neymar-empolga-torcida-e-declaracao-de-craque-neto-as-ultimas-noticias-do-santos\/#primaryimage\"},\"thumbnailUrl\":\"https:\/\/www.gaveanews.com\/wp-content\/uploads\/Escudo-do-Santos-2.webp\",\"datePublished\":\"2025-03-31T12:30:00+00:00\",\"author\":{\"@id\":\"https:\/\/www.gaveanews.com\/#\/schema\/person\/c79759ca337c40791ae8d08e2923d403\"},\"breadcrumb\":{\"@id\":\"https:\/\/www.gaveanews.com\/index.php\/2025\/03\/31\/presidente-impede-chegada-de-reforco-neymar-empolga-torcida-e-declaracao-de-craque-neto-as-ultimas-noticias-do-santos\/#breadcrumb\"},\"inLanguage\":\"pt-BR\",\"potentialAction\":[{\"@type\":\"ReadAction\",\"target\":[\"https:\/\/www.gaveanews.com\/index.php\/2025\/03\/31\/presidente-impede-chegada-de-reforco-neymar-empolga-torcida-e-declaracao-de-craque-neto-as-ultimas-noticias-do-santos\/\"]}]},{\"@type\":\"ImageObject\",\"inLanguage\":\"pt-BR\",\"@id\":\"https:\/\/www.gaveanews.com\/index.php\/2025\/03\/31\/presidente-impede-chegada-de-reforco-neymar-empolga-torcida-e-declaracao-de-craque-neto-as-ultimas-noticias-do-santos\/#primaryimage\",\"url\":\"https:\/\/www.gaveanews.com\/wp-content\/uploads\/Escudo-do-Santos-2.webp\",\"contentUrl\":\"https:\/\/www.gaveanews.com\/wp-content\/uploads\/Escudo-do-Santos-2.webp\",\"width\":1424,\"height\":949,\"caption\":\"Escudo do Santos (Foto: Raul Baretta\/Santos FC)\"},{\"@type\":\"BreadcrumbList\",\"@id\":\"https:\/\/www.gaveanews.com\/index.php\/2025\/03\/31\/presidente-impede-chegada-de-reforco-neymar-empolga-torcida-e-declaracao-de-craque-neto-as-ultimas-noticias-do-santos\/#breadcrumb\",\"itemListElement\":[{\"@type\":\"ListItem\",\"position\":1,\"name\":\"Home\",\"item\":\"https:\/\/www.gaveanews.com\/\"},{\"@type\":\"ListItem\",\"position\":2,\"name\":\"Presidente impede chegada de refor\u00e7o, Neymar empolga torcida e declara\u00e7\u00e3o de Craque Neto: as \u00faltimas not\u00edcias do Santos\"}]},{\"@type\":\"WebSite\",\"@id\":\"https:\/\/www.gaveanews.com\/#website\",\"url\":\"https:\/\/www.gaveanews.com\/\",\"name\":\"G\u00e1vea News\",\"description\":\"Veja todas as not\u00edcias sobre o Flamengo: Contrata\u00e7\u00f5es, categorias de base, resultados das partidas, tabela de classifica\u00e7\u00e3o, pr\u00f3ximos jogos!\",\"potentialAction\":[{\"@type\":\"SearchAction\",\"target\":{\"@type\":\"EntryPoint\",\"urlTemplate\":\"https:\/\/www.gaveanews.com\/?s={search_term_string}\"},\"query-input\":{\"@type\":\"PropertyValueSpecification\",\"valueRequired\":true,\"valueName\":\"search_term_string\"}}],\"inLanguage\":\"pt-BR\"},{\"@type\":\"Person\",\"@id\":\"https:\/\/www.gaveanews.com\/#\/schema\/person\/c79759ca337c40791ae8d08e2923d403\",\"name\":\"Brenda Cezillo\",\"image\":{\"@type\":\"ImageObject\",\"inLanguage\":\"pt-BR\",\"@id\":\"https:\/\/www.gaveanews.com\/#\/schema\/person\/image\/\",\"url\":\"https:\/\/secure.gravatar.com\/avatar\/1738d75cee7317f9c29ae61dd67620c5883d80a92e42a6fff88ae5d527af217a?s=96&d=mm&r=g\",\"contentUrl\":\"https:\/\/secure.gravatar.com\/avatar\/1738d75cee7317f9c29ae61dd67620c5883d80a92e42a6fff88ae5d527af217a?s=96&d=mm&r=g\",\"caption\":\"Brenda Cezillo\"}}]}<\/script>\n<!-- \/ Yoast SEO Premium plugin. -->","yoast_head_json":{"title":"Presidente impede chegada de refor\u00e7o, Neymar empolga torcida e declara\u00e7\u00e3o de Craque Neto: as \u00faltimas not\u00edcias do Santos","robots":{"index":"index","follow":"follow","max-snippet":"max-snippet:-1","max-image-preview":"max-image-preview:large","max-video-preview":"max-video-preview:-1"},"canonical":"https:\/\/www.gaveanews.com\/index.php\/2025\/03\/31\/presidente-impede-chegada-de-reforco-neymar-empolga-torcida-e-declaracao-de-craque-neto-as-ultimas-noticias-do-santos\/","og_locale":"pt_BR","og_type":"article","og_title":"Presidente impede chegada de refor\u00e7o, Neymar empolga torcida e declara\u00e7\u00e3o de Craque Neto: as \u00faltimas not\u00edcias do Santos","og_description":"Nas \u00faltimas horas, o foco das not\u00edcias sobre o Santos se concentram nos bastidores do clube, com destaques do dia a dia do time. Por conta deste contexto, leia abaixo um resumo preparado pela equipe do portal G\u00e1vea News para lhe manter muito bem informado! Declara\u00e7\u00e3o de Craque Neto O jovem Est\u00eav\u00e3o, atacante de apenas [&hellip;]","og_url":"https:\/\/www.gaveanews.com\/index.php\/2025\/03\/31\/presidente-impede-chegada-de-reforco-neymar-empolga-torcida-e-declaracao-de-craque-neto-as-ultimas-noticias-do-santos\/","og_site_name":"G\u00e1vea News","article_publisher":"https:\/\/facebook.com\/gaveaNews\/","article_published_time":"2025-03-31T12:30:00+00:00","og_image":[{"width":1424,"height":949,"url":"https:\/\/www.gaveanews.com\/wp-content\/uploads\/Escudo-do-Santos-2.webp","type":"image\/webp"}],"author":"Brenda Cezillo","twitter_card":"summary_large_image","twitter_misc":{"Escrito por":"Brenda Cezillo","Est. tempo de leitura":"6 minutos"},"schema":{"@context":"https:\/\/schema.org","@graph":[{"@type":"NewsArticle","@id":"https:\/\/www.gaveanews.com\/index.php\/2025\/03\/31\/presidente-impede-chegada-de-reforco-neymar-empolga-torcida-e-declaracao-de-craque-neto-as-ultimas-noticias-do-santos\/#article","isPartOf":{"@id":"https:\/\/www.gaveanews.com\/index.php\/2025\/03\/31\/presidente-impede-chegada-de-reforco-neymar-empolga-torcida-e-declaracao-de-craque-neto-as-ultimas-noticias-do-santos\/"},"author":{"name":"Brenda Cezillo","@id":"https:\/\/www.gaveanews.com\/#\/schema\/person\/c79759ca337c40791ae8d08e2923d403"},"headline":"Presidente impede chegada de refor\u00e7o, Neymar empolga torcida e declara\u00e7\u00e3o de Craque Neto: as \u00faltimas not\u00edcias do Santos","datePublished":"2025-03-31T12:30:00+00:00","mainEntityOfPage":{"@id":"https:\/\/www.gaveanews.com\/index.php\/2025\/03\/31\/presidente-impede-chegada-de-reforco-neymar-empolga-torcida-e-declaracao-de-craque-neto-as-ultimas-noticias-do-santos\/"},"wordCount":901,"commentCount":0,"image":{"@id":"https:\/\/www.gaveanews.com\/index.php\/2025\/03\/31\/presidente-impede-chegada-de-reforco-neymar-empolga-torcida-e-declaracao-de-craque-neto-as-ultimas-noticias-do-santos\/#primaryimage"},"thumbnailUrl":"https:\/\/www.gaveanews.com\/wp-content\/uploads\/Escudo-do-Santos-2.webp","articleSection":["Santos"],"inLanguage":"pt-BR","potentialAction":[{"@type":"CommentAction","name":"Comment","target":["https:\/\/www.gaveanews.com\/index.php\/2025\/03\/31\/presidente-impede-chegada-de-reforco-neymar-empolga-torcida-e-declaracao-de-craque-neto-as-ultimas-noticias-do-santos\/#respond"]}],"copyrightYear":"2025","copyrightHolder":{"@id":"https:\/\/www.gaveanews.com\/#organization"}},{"@type":"WebPage","@id":"https:\/\/www.gaveanews.com\/index.php\/2025\/03\/31\/presidente-impede-chegada-de-reforco-neymar-empolga-torcida-e-declaracao-de-craque-neto-as-ultimas-noticias-do-santos\/","url":"https:\/\/www.gaveanews.com\/index.php\/2025\/03\/31\/presidente-impede-chegada-de-reforco-neymar-empolga-torcida-e-declaracao-de-craque-neto-as-ultimas-noticias-do-santos\/","name":"Presidente impede chegada de refor\u00e7o, Neymar empolga torcida e declara\u00e7\u00e3o de Craque Neto: as \u00faltimas not\u00edcias do Santos","isPartOf":{"@id":"https:\/\/www.gaveanews.com\/#website"},"primaryImageOfPage":{"@id":"https:\/\/www.gaveanews.com\/index.php\/2025\/03\/31\/presidente-impede-chegada-de-reforco-neymar-empolga-torcida-e-declaracao-de-craque-neto-as-ultimas-noticias-do-santos\/#primaryimage"},"image":{"@id":"https:\/\/www.gaveanews.com\/index.php\/2025\/03\/31\/presidente-impede-chegada-de-reforco-neymar-empolga-torcida-e-declaracao-de-craque-neto-as-ultimas-noticias-do-santos\/#primaryimage"},"thumbnailUrl":"https:\/\/www.gaveanews.com\/wp-content\/uploads\/Escudo-do-Santos-2.webp","datePublished":"2025-03-31T12:30:00+00:00","author":{"@id":"https:\/\/www.gaveanews.com\/#\/schema\/person\/c79759ca337c40791ae8d08e2923d403"},"breadcrumb":{"@id":"https:\/\/www.gaveanews.com\/index.php\/2025\/03\/31\/presidente-impede-chegada-de-reforco-neymar-empolga-torcida-e-declaracao-de-craque-neto-as-ultimas-noticias-do-santos\/#breadcrumb"},"inLanguage":"pt-BR","potentialAction":[{"@type":"ReadAction","target":["https:\/\/www.gaveanews.com\/index.php\/2025\/03\/31\/presidente-impede-chegada-de-reforco-neymar-empolga-torcida-e-declaracao-de-craque-neto-as-ultimas-noticias-do-santos\/"]}]},{"@type":"ImageObject","inLanguage":"pt-BR","@id":"https:\/\/www.gaveanews.com\/index.php\/2025\/03\/31\/presidente-impede-chegada-de-reforco-neymar-empolga-torcida-e-declaracao-de-craque-neto-as-ultimas-noticias-do-santos\/#primaryimage","url":"https:\/\/www.gaveanews.com\/wp-content\/uploads\/Escudo-do-Santos-2.webp","contentUrl":"https:\/\/www.gaveanews.com\/wp-content\/uploads\/Escudo-do-Santos-2.webp","width":1424,"height":949,"caption":"Escudo do Santos (Foto: Raul Baretta\/Santos FC)"},{"@type":"BreadcrumbList","@id":"https:\/\/www.gaveanews.com\/index.php\/2025\/03\/31\/presidente-impede-chegada-de-reforco-neymar-empolga-torcida-e-declaracao-de-craque-neto-as-ultimas-noticias-do-santos\/#breadcrumb","itemListElement":[{"@type":"ListItem","position":1,"name":"Home","item":"https:\/\/www.gaveanews.com\/"},{"@type":"ListItem","position":2,"name":"Presidente impede chegada de refor\u00e7o, Neymar empolga torcida e declara\u00e7\u00e3o de Craque Neto: as \u00faltimas not\u00edcias do Santos"}]},{"@type":"WebSite","@id":"https:\/\/www.gaveanews.com\/#website","url":"https:\/\/www.gaveanews.com\/","name":"G\u00e1vea News","description":"Veja todas as not\u00edcias sobre o Flamengo: Contrata\u00e7\u00f5es, categorias de base, resultados das partidas, tabela de classifica\u00e7\u00e3o, pr\u00f3ximos jogos!","potentialAction":[{"@type":"SearchAction","target":{"@type":"EntryPoint","urlTemplate":"https:\/\/www.gaveanews.com\/?s={search_term_string}"},"query-input":{"@type":"PropertyValueSpecification","valueRequired":true,"valueName":"search_term_string"}}],"inLanguage":"pt-BR"},{"@type":"Person","@id":"https:\/\/www.gaveanews.com\/#\/schema\/person\/c79759ca337c40791ae8d08e2923d403","name":"Brenda Cezillo","image":{"@type":"ImageObject","inLanguage":"pt-BR","@id":"https:\/\/www.gaveanews.com\/#\/schema\/person\/image\/","url":"https:\/\/secure.gravatar.com\/avatar\/1738d75cee7317f9c29ae61dd67620c5883d80a92e42a6fff88ae5d527af217a?s=96&d=mm&r=g","contentUrl":"https:\/\/secure.gravatar.com\/avatar\/1738d75cee7317f9c29ae61dd67620c5883d80a92e42a6fff88ae5d527af217a?s=96&d=mm&r=g","caption":"Brenda Cezillo"}}]}},"_links":{"self":[{"href":"https:\/\/www.gaveanews.com\/index.php\/wp-json\/wp\/v2\/posts\/246896","targetHints":{"allow":["GET"]}}],"collection":[{"href":"https:\/\/www.gaveanews.com\/index.php\/wp-json\/wp\/v2\/posts"}],"about":[{"href":"https:\/\/www.gaveanews.com\/index.php\/wp-json\/wp\/v2\/types\/post"}],"author":[{"embeddable":true,"href":"https:\/\/www.gaveanews.com\/index.php\/wp-json\/wp\/v2\/users\/33"}],"replies":[{"embeddable":true,"href":"https:\/\/www.gaveanews.com\/index.php\/wp-json\/wp\/v2\/comments?post=246896"}],"version-history":[{"count":1,"href":"https:\/\/www.gaveanews.com\/index.php\/wp-json\/wp\/v2\/posts\/246896\/revisions"}],"predecessor-version":[{"id":246900,"href":"https:\/\/www.gaveanews.com\/index.php\/wp-json\/wp\/v2\/posts\/246896\/revisions\/246900"}],"wp:featuredmedia":[{"embeddable":true,"href":"https:\/\/www.gaveanews.com\/index.php\/wp-json\/wp\/v2\/media\/165619"}],"wp:attachment":[{"href":"https:\/\/www.gaveanews.com\/index.php\/wp-json\/wp\/v2\/media?parent=246896"}],"wp:term":[{"taxonomy":"category","embeddable":true,"href":"https:\/\/www.gaveanews.com\/index.php\/wp-json\/wp\/v2\/categories?post=246896"},{"taxonomy":"post_tag","embeddable":true,"href":"https:\/\/www.gaveanews.com\/index.php\/wp-json\/wp\/v2\/tags?post=246896"}],"curies":[{"name":"wp","href":"https:\/\/api.w.org\/{rel}","templated":true}]}}