{"id":246897,"date":"2025-03-31T09:35:00","date_gmt":"2025-03-31T12:35:00","guid":{"rendered":"https:\/\/www.gaveanews.com\/?p=246897"},"modified":"2025-03-31T09:22:40","modified_gmt":"2025-03-31T12:22:40","slug":"novidade-sobre-a-saf-cbf-atende-pedido-da-diretoria-e-declaracao-de-martinelli-as-ultimas-noticias-do-fluminense","status":"publish","type":"post","link":"https:\/\/www.gaveanews.com\/index.php\/2025\/03\/31\/novidade-sobre-a-saf-cbf-atende-pedido-da-diretoria-e-declaracao-de-martinelli-as-ultimas-noticias-do-fluminense\/","title":{"rendered":"Novidade sobre a SAF, CBF atende pedido da diretoria e declara\u00e7\u00e3o de Martinelli: as \u00faltimas not\u00edcias do Fluminense"},"content":{"rendered":"\n<p>Nas \u00faltimas horas, o foco das not\u00edcias sobre o Fluminense se concentram nos bastidores do clube, com destaques do dia a dia do time.<\/p>\n\n\n\n<p>Por conta deste contexto, leia abaixo um resumo preparado pela equipe do portal G\u00e1vea News para lhe manter muito bem informado!<\/p>\n\n\n\n<div class=\"wp-block-group\"><div class=\"wp-block-group__inner-container is-layout-constrained wp-block-group-is-layout-constrained\">\n<h2 class=\"wp-block-heading\" id=\"h-declaracao-de-martinelli\">Declara\u00e7\u00e3o de Martinelli<\/h2>\n\n\n\n<p>Paulo Henrique Ganso est\u00e1 cada vez mais pr\u00f3ximo de voltar a atuar pelo Fluminense, ap\u00f3s um afastamento causado por uma miocardite. O camisa 10 j\u00e1 voltou a treinar, embora ainda esteja em fase de reintegra\u00e7\u00e3o ao elenco. A expectativa em torno de seu retorno \u00e9 grande, principalmente entre os companheiros de equipe. O volante Martinelli expressou em coletiva o carinho do grupo pelo meia e ressaltou a import\u00e2ncia de sua presen\u00e7a no vesti\u00e1rio e em campo para o restante da temporada<strong><a href=\"https:\/\/www.gaveanews.com\/index.php\/2025\/03\/27\/a-declaracao-de-martinelli-direcionada-a-ph-ganso-do-fluminense\/\"> (leia a mat\u00e9ria completa).<\/a><\/strong><\/p>\n\n\n\n<figure class=\"wp-block-image size-full\"><img loading=\"lazy\" decoding=\"async\" width=\"888\" height=\"592\" src=\"http:\/\/www.gaveanews.com\/wp-content\/uploads\/Martinelli-pelo-Fluminense.webp\" alt=\"\" class=\"wp-image-169796\" srcset=\"https:\/\/www.gaveanews.com\/wp-content\/uploads\/Martinelli-pelo-Fluminense.webp 888w, https:\/\/www.gaveanews.com\/wp-content\/uploads\/Martinelli-pelo-Fluminense-300x200.webp 300w, https:\/\/www.gaveanews.com\/wp-content\/uploads\/Martinelli-pelo-Fluminense-768x512.webp 768w, https:\/\/www.gaveanews.com\/wp-content\/uploads\/Martinelli-pelo-Fluminense-630x420.webp 630w, https:\/\/www.gaveanews.com\/wp-content\/uploads\/Martinelli-pelo-Fluminense-640x427.webp 640w, https:\/\/www.gaveanews.com\/wp-content\/uploads\/Martinelli-pelo-Fluminense-681x454.webp 681w, https:\/\/www.gaveanews.com\/wp-content\/uploads\/Martinelli-pelo-Fluminense-100x67.webp 100w\" sizes=\"auto, (max-width: 888px) 100vw, 888px\" \/><figcaption class=\"wp-element-caption\">Martinelli pelo Fluminense (Foto: Marcelo Gon\u00e7alves\/Fluminense)<\/figcaption><\/figure>\n\n\n\n<p>A volta de Ganso representa mais que o retorno de um jogador experiente; trata-se da recupera\u00e7\u00e3o de uma pe\u00e7a-chave para o meio-campo tricolor. <\/p>\n\n\n\n<p>Martinelli destacou que, mesmo sem ter treinado junto com o grupo, a presen\u00e7a de Ganso j\u00e1 anima a todos. O jogador \u00e9 reconhecido tanto pelo talento t\u00e9cnico quanto pela postura dentro do clube, sendo visto como um verdadeiro l\u00edder no elenco. A expectativa \u00e9 que, com sua reintegra\u00e7\u00e3o total, o Fluminense ganhe em organiza\u00e7\u00e3o e criatividade nas partidas.<\/p>\n\n\n\n<p>Enquanto aguarda o retorno definitivo de Ganso, o Fluminense foca na estreia no Campeonato Brasileiro, enfrentando o Fortaleza fora de casa. Apesar do entusiasmo com a volta do meia, o time dirigido por Mano Menezes mant\u00e9m os olhos no presente, buscando iniciar a competi\u00e7\u00e3o com uma boa atua\u00e7\u00e3o. A chegada de Ganso ao time titular pode oferecer ao elenco um salto de qualidade, principalmente nas decis\u00f5es ofensivas e controle de jogo, fundamentais para uma campanha s\u00f3lida na competi\u00e7\u00e3o nacional.<\/p>\n\n\n\n<h2 class=\"wp-block-heading\" id=\"h-cbf-atende-pedido-da-diretoria\">CBF atende pedido da diretoria<\/h2>\n\n\n\n<p>A Confedera\u00e7\u00e3o Brasileira de Futebol (CBF) deve acatar um pedido conjunto feito por Fluminense, Palmeiras, Botafogo e Flamengo para o adiamento da 12\u00aa rodada do Campeonato Brasileiro de 2025. A solicita\u00e7\u00e3o foi feita com o objetivo de garantir que os clubes tenham tempo suficiente para se prepararem para o Super Mundial de Clubes da Fifa, que ser\u00e1 realizado entre os dias 15 e 17 de junho nos Estados Unidos. A expectativa \u00e9 que a CBF considere o impacto positivo dessa medida para o desempenho das equipes brasileiras na competi\u00e7\u00e3o internacional <strong><a href=\"https:\/\/www.gaveanews.com\/index.php\/2025\/03\/23\/cbf-vai-atender-pedido-feito-pela-diretoria-do-fluminense\/\">(leia a mat\u00e9ria completa).<\/a><\/strong><\/p>\n\n\n\n<figure class=\"wp-block-image size-large\"><img loading=\"lazy\" decoding=\"async\" width=\"1024\" height=\"683\" src=\"http:\/\/www.gaveanews.com\/wp-content\/uploads\/Escudo-da-CBF-1024x683.webp\" alt=\"\" class=\"wp-image-172597\" srcset=\"https:\/\/www.gaveanews.com\/wp-content\/uploads\/Escudo-da-CBF-1024x683.webp 1024w, https:\/\/www.gaveanews.com\/wp-content\/uploads\/Escudo-da-CBF-300x200.webp 300w, https:\/\/www.gaveanews.com\/wp-content\/uploads\/Escudo-da-CBF-768x512.webp 768w, https:\/\/www.gaveanews.com\/wp-content\/uploads\/Escudo-da-CBF-630x420.webp 630w, https:\/\/www.gaveanews.com\/wp-content\/uploads\/Escudo-da-CBF-1260x840.webp 1260w, https:\/\/www.gaveanews.com\/wp-content\/uploads\/Escudo-da-CBF-640x427.webp 640w, https:\/\/www.gaveanews.com\/wp-content\/uploads\/Escudo-da-CBF-1280x853.webp 1280w, https:\/\/www.gaveanews.com\/wp-content\/uploads\/Escudo-da-CBF-681x454.webp 681w, https:\/\/www.gaveanews.com\/wp-content\/uploads\/Escudo-da-CBF-100x67.webp 100w, https:\/\/www.gaveanews.com\/wp-content\/uploads\/Escudo-da-CBF.webp 1350w\" sizes=\"auto, (max-width: 1024px) 100vw, 1024px\" \/><figcaption class=\"wp-element-caption\">Escudo da CBF (Foto: Reprodu\u00e7\u00e3o)<\/figcaption><\/figure>\n\n\n\n<p>No documento enviado \u00e0 entidade, os clubes justificaram a necessidade de uma prepara\u00e7\u00e3o pr\u00e9via mais robusta, citando a adapta\u00e7\u00e3o ao fuso hor\u00e1rio, a instala\u00e7\u00e3o nas cidades-sede e a realiza\u00e7\u00e3o de treinos adequados como pontos cruciais. O Fluminense, por exemplo, estreia contra o Borussia Dortmund no dia 17, enquanto Palmeiras, Botafogo e Flamengo jogam nos dias 15 e 16, respectivamente. Como a rodada do Brasileir\u00e3o est\u00e1 marcada para o dia 11 de junho, o intervalo entre os compromissos seria muito curto para uma transi\u00e7\u00e3o eficaz.<\/p>\n\n\n\n<p>A decis\u00e3o da CBF ainda precisa considerar a log\u00edstica e o calend\u00e1rio das demais equipes do campeonato, mas, se aprovada, permitir\u00e1 que os clubes envolvidos se concentrem totalmente nos desafios internacionais. Al\u00e9m disso, a medida evita que o desempenho no Campeonato Brasileiro seja comprometido por uma agenda apertada. O esfor\u00e7o coletivo das diretorias refor\u00e7a a import\u00e2ncia do torneio mundial e o desejo de representar bem o futebol brasileiro no cen\u00e1rio global.<\/p>\n\n\n\n<h2 class=\"wp-block-heading\" id=\"h-novidade-sobre-a-saf\">Novidade sobre a SAF<\/h2>\n\n\n\n<p>O Fluminense est\u00e1 prestes a adotar um modelo de Sociedade An\u00f4nima do Futebol (SAF) que difere substancialmente dos padr\u00f5es j\u00e1 vistos no Brasil. Ao contr\u00e1rio de clubes como Vasco, Cruzeiro e Botafogo, que cederam o controle para um \u00fanico investidor, o Tricolor carioca pretende distribuir cotas entre diversos acionistas. O objetivo \u00e9 democratizar a gest\u00e3o e evitar a concentra\u00e7\u00e3o de poder em m\u00e3os de um s\u00f3 empres\u00e1rio, promovendo maior pluralidade de opini\u00f5es na administra\u00e7\u00e3o do clube<strong><a href=\"https:\/\/www.gaveanews.com\/index.php\/2025\/03\/28\/fluminense-ira-implementar-modelo-de-saf-inovador-no-brasil\/\"> (leia a mat\u00e9ria completa).<\/a><\/strong><\/p>\n\n\n\n<figure class=\"wp-block-image size-large\"><img loading=\"lazy\" decoding=\"async\" width=\"1024\" height=\"768\" src=\"http:\/\/www.gaveanews.com\/wp-content\/uploads\/Bandeira-do-Fluminense-1024x768.webp\" alt=\"\" class=\"wp-image-152558\" srcset=\"https:\/\/www.gaveanews.com\/wp-content\/uploads\/Bandeira-do-Fluminense-1024x768.webp 1024w, https:\/\/www.gaveanews.com\/wp-content\/uploads\/Bandeira-do-Fluminense-300x225.webp 300w, https:\/\/www.gaveanews.com\/wp-content\/uploads\/Bandeira-do-Fluminense-768x576.webp 768w, https:\/\/www.gaveanews.com\/wp-content\/uploads\/Bandeira-do-Fluminense-560x420.webp 560w, https:\/\/www.gaveanews.com\/wp-content\/uploads\/Bandeira-do-Fluminense-1120x840.webp 1120w, https:\/\/www.gaveanews.com\/wp-content\/uploads\/Bandeira-do-Fluminense-80x60.webp 80w, https:\/\/www.gaveanews.com\/wp-content\/uploads\/Bandeira-do-Fluminense-160x120.webp 160w, https:\/\/www.gaveanews.com\/wp-content\/uploads\/Bandeira-do-Fluminense-100x75.webp 100w, https:\/\/www.gaveanews.com\/wp-content\/uploads\/Bandeira-do-Fluminense-200x150.webp 200w, https:\/\/www.gaveanews.com\/wp-content\/uploads\/Bandeira-do-Fluminense-180x135.webp 180w, https:\/\/www.gaveanews.com\/wp-content\/uploads\/Bandeira-do-Fluminense-360x270.webp 360w, https:\/\/www.gaveanews.com\/wp-content\/uploads\/Bandeira-do-Fluminense-238x178.webp 238w, https:\/\/www.gaveanews.com\/wp-content\/uploads\/Bandeira-do-Fluminense-476x356.webp 476w, https:\/\/www.gaveanews.com\/wp-content\/uploads\/Bandeira-do-Fluminense-640x480.webp 640w, https:\/\/www.gaveanews.com\/wp-content\/uploads\/Bandeira-do-Fluminense-1280x960.webp 1280w, https:\/\/www.gaveanews.com\/wp-content\/uploads\/Bandeira-do-Fluminense-681x511.webp 681w, https:\/\/www.gaveanews.com\/wp-content\/uploads\/Bandeira-do-Fluminense-1362x1022.webp 1362w, https:\/\/www.gaveanews.com\/wp-content\/uploads\/Bandeira-do-Fluminense.webp 1440w\" sizes=\"auto, (max-width: 1024px) 100vw, 1024px\" \/><figcaption class=\"wp-element-caption\">Bandeira do Fluminense (Foto: Reprodu\u00e7\u00e3o\/Fluminense)<\/figcaption><\/figure>\n\n\n\n<p>A proposta do Fluminense envolve permitir que torcedores participem ativamente da estrutura de governan\u00e7a da SAF, criando um elo mais direto entre paix\u00e3o e tomada de decis\u00f5es. Embora ainda haja a possibilidade de um investidor majorit\u00e1rio entrar em cena, o foco da diretoria est\u00e1 na constru\u00e7\u00e3o de um modelo coletivo e descentralizado. A ideia \u00e9 que a venda de cotas permita atrair investidores que tenham, al\u00e9m do interesse financeiro, um v\u00ednculo afetivo com a institui\u00e7\u00e3o.<\/p>\n\n\n\n<p>Esse novo formato pode se tornar um divisor de \u00e1guas no futebol nacional, ao sugerir uma alternativa mais transparente e participativa \u00e0s SAFs j\u00e1 implementadas. O clube acredita que essa abordagem pode garantir n\u00e3o apenas solidez financeira, mas tamb\u00e9m um alinhamento maior com os valores e expectativas de sua torcida. Dessa forma, o Fluminense se posiciona como um poss\u00edvel pioneiro de um novo cap\u00edtulo na rela\u00e7\u00e3o entre gest\u00e3o esportiva e engajamento popular.<\/p>\n<\/div><\/div>\n","protected":false},"excerpt":{"rendered":"<p>Nas \u00faltimas horas, o foco das not\u00edcias sobre o Fluminense se concentram nos bastidores do clube, com destaques do dia a dia do time. Por conta deste contexto, leia abaixo um resumo preparado pela equipe do portal G\u00e1vea News para lhe manter muito bem informado! Declara\u00e7\u00e3o de Martinelli Paulo Henrique Ganso est\u00e1 cada vez mais [&hellip;]<\/p>\n","protected":false},"author":33,"featured_media":144992,"comment_status":"open","ping_status":"closed","sticky":false,"template":"","format":"standard","meta":{"footnotes":""},"categories":[145],"tags":[],"class_list":["post-246897","post","type-post","status-publish","format-standard","has-post-thumbnail","hentry","category-fluminense"],"yoast_head":"<!-- This site is optimized with the Yoast SEO Premium plugin v24.2 (Yoast SEO v26.9) - https:\/\/yoast.com\/product\/yoast-seo-premium-wordpress\/ -->\n<title>Novidade sobre a SAF, CBF atende pedido da diretoria e declara\u00e7\u00e3o de Martinelli: as \u00faltimas not\u00edcias do Fluminense<\/title>\n<meta name=\"robots\" content=\"index, follow, max-snippet:-1, max-image-preview:large, max-video-preview:-1\" \/>\n<link rel=\"canonical\" href=\"https:\/\/www.gaveanews.com\/index.php\/2025\/03\/31\/novidade-sobre-a-saf-cbf-atende-pedido-da-diretoria-e-declaracao-de-martinelli-as-ultimas-noticias-do-fluminense\/\" \/>\n<meta property=\"og:locale\" content=\"pt_BR\" \/>\n<meta property=\"og:type\" content=\"article\" \/>\n<meta property=\"og:title\" content=\"Novidade sobre a SAF, CBF atende pedido da diretoria e declara\u00e7\u00e3o de Martinelli: as \u00faltimas not\u00edcias do Fluminense\" \/>\n<meta property=\"og:description\" content=\"Nas \u00faltimas horas, o foco das not\u00edcias sobre o Fluminense se concentram nos bastidores do clube, com destaques do dia a dia do time. Por conta deste contexto, leia abaixo um resumo preparado pela equipe do portal G\u00e1vea News para lhe manter muito bem informado! Declara\u00e7\u00e3o de Martinelli Paulo Henrique Ganso est\u00e1 cada vez mais [&hellip;]\" \/>\n<meta property=\"og:url\" content=\"https:\/\/www.gaveanews.com\/index.php\/2025\/03\/31\/novidade-sobre-a-saf-cbf-atende-pedido-da-diretoria-e-declaracao-de-martinelli-as-ultimas-noticias-do-fluminense\/\" \/>\n<meta property=\"og:site_name\" content=\"G\u00e1vea News\" \/>\n<meta property=\"article:publisher\" content=\"https:\/\/facebook.com\/gaveaNews\/\" \/>\n<meta property=\"article:published_time\" content=\"2025-03-31T12:35:00+00:00\" \/>\n<meta property=\"og:image\" content=\"https:\/\/www.gaveanews.com\/wp-content\/uploads\/Escudo-do-Fluminense.webp\" \/>\n\t<meta property=\"og:image:width\" content=\"1000\" \/>\n\t<meta property=\"og:image:height\" content=\"667\" \/>\n\t<meta property=\"og:image:type\" content=\"image\/webp\" \/>\n<meta name=\"author\" content=\"Brenda Cezillo\" \/>\n<meta name=\"twitter:card\" content=\"summary_large_image\" \/>\n<meta name=\"twitter:label1\" content=\"Escrito por\" \/>\n\t<meta name=\"twitter:data1\" content=\"Brenda Cezillo\" \/>\n\t<meta name=\"twitter:label2\" content=\"Est. tempo de leitura\" \/>\n\t<meta name=\"twitter:data2\" content=\"6 minutos\" \/>\n<script type=\"application\/ld+json\" class=\"yoast-schema-graph\">{\"@context\":\"https:\/\/schema.org\",\"@graph\":[{\"@type\":\"NewsArticle\",\"@id\":\"https:\/\/www.gaveanews.com\/index.php\/2025\/03\/31\/novidade-sobre-a-saf-cbf-atende-pedido-da-diretoria-e-declaracao-de-martinelli-as-ultimas-noticias-do-fluminense\/#article\",\"isPartOf\":{\"@id\":\"https:\/\/www.gaveanews.com\/index.php\/2025\/03\/31\/novidade-sobre-a-saf-cbf-atende-pedido-da-diretoria-e-declaracao-de-martinelli-as-ultimas-noticias-do-fluminense\/\"},\"author\":{\"name\":\"Brenda Cezillo\",\"@id\":\"https:\/\/www.gaveanews.com\/#\/schema\/person\/c79759ca337c40791ae8d08e2923d403\"},\"headline\":\"Novidade sobre a SAF, CBF atende pedido da diretoria e declara\u00e7\u00e3o de Martinelli: as \u00faltimas not\u00edcias do Fluminense\",\"datePublished\":\"2025-03-31T12:35:00+00:00\",\"mainEntityOfPage\":{\"@id\":\"https:\/\/www.gaveanews.com\/index.php\/2025\/03\/31\/novidade-sobre-a-saf-cbf-atende-pedido-da-diretoria-e-declaracao-de-martinelli-as-ultimas-noticias-do-fluminense\/\"},\"wordCount\":870,\"commentCount\":0,\"image\":{\"@id\":\"https:\/\/www.gaveanews.com\/index.php\/2025\/03\/31\/novidade-sobre-a-saf-cbf-atende-pedido-da-diretoria-e-declaracao-de-martinelli-as-ultimas-noticias-do-fluminense\/#primaryimage\"},\"thumbnailUrl\":\"https:\/\/www.gaveanews.com\/wp-content\/uploads\/Escudo-do-Fluminense.webp\",\"articleSection\":[\"Fluminense\"],\"inLanguage\":\"pt-BR\",\"potentialAction\":[{\"@type\":\"CommentAction\",\"name\":\"Comment\",\"target\":[\"https:\/\/www.gaveanews.com\/index.php\/2025\/03\/31\/novidade-sobre-a-saf-cbf-atende-pedido-da-diretoria-e-declaracao-de-martinelli-as-ultimas-noticias-do-fluminense\/#respond\"]}],\"copyrightYear\":\"2025\",\"copyrightHolder\":{\"@id\":\"https:\/\/www.gaveanews.com\/#organization\"}},{\"@type\":\"WebPage\",\"@id\":\"https:\/\/www.gaveanews.com\/index.php\/2025\/03\/31\/novidade-sobre-a-saf-cbf-atende-pedido-da-diretoria-e-declaracao-de-martinelli-as-ultimas-noticias-do-fluminense\/\",\"url\":\"https:\/\/www.gaveanews.com\/index.php\/2025\/03\/31\/novidade-sobre-a-saf-cbf-atende-pedido-da-diretoria-e-declaracao-de-martinelli-as-ultimas-noticias-do-fluminense\/\",\"name\":\"Novidade sobre a SAF, CBF atende pedido da diretoria e declara\u00e7\u00e3o de Martinelli: as \u00faltimas not\u00edcias do Fluminense\",\"isPartOf\":{\"@id\":\"https:\/\/www.gaveanews.com\/#website\"},\"primaryImageOfPage\":{\"@id\":\"https:\/\/www.gaveanews.com\/index.php\/2025\/03\/31\/novidade-sobre-a-saf-cbf-atende-pedido-da-diretoria-e-declaracao-de-martinelli-as-ultimas-noticias-do-fluminense\/#primaryimage\"},\"image\":{\"@id\":\"https:\/\/www.gaveanews.com\/index.php\/2025\/03\/31\/novidade-sobre-a-saf-cbf-atende-pedido-da-diretoria-e-declaracao-de-martinelli-as-ultimas-noticias-do-fluminense\/#primaryimage\"},\"thumbnailUrl\":\"https:\/\/www.gaveanews.com\/wp-content\/uploads\/Escudo-do-Fluminense.webp\",\"datePublished\":\"2025-03-31T12:35:00+00:00\",\"author\":{\"@id\":\"https:\/\/www.gaveanews.com\/#\/schema\/person\/c79759ca337c40791ae8d08e2923d403\"},\"breadcrumb\":{\"@id\":\"https:\/\/www.gaveanews.com\/index.php\/2025\/03\/31\/novidade-sobre-a-saf-cbf-atende-pedido-da-diretoria-e-declaracao-de-martinelli-as-ultimas-noticias-do-fluminense\/#breadcrumb\"},\"inLanguage\":\"pt-BR\",\"potentialAction\":[{\"@type\":\"ReadAction\",\"target\":[\"https:\/\/www.gaveanews.com\/index.php\/2025\/03\/31\/novidade-sobre-a-saf-cbf-atende-pedido-da-diretoria-e-declaracao-de-martinelli-as-ultimas-noticias-do-fluminense\/\"]}]},{\"@type\":\"ImageObject\",\"inLanguage\":\"pt-BR\",\"@id\":\"https:\/\/www.gaveanews.com\/index.php\/2025\/03\/31\/novidade-sobre-a-saf-cbf-atende-pedido-da-diretoria-e-declaracao-de-martinelli-as-ultimas-noticias-do-fluminense\/#primaryimage\",\"url\":\"https:\/\/www.gaveanews.com\/wp-content\/uploads\/Escudo-do-Fluminense.webp\",\"contentUrl\":\"https:\/\/www.gaveanews.com\/wp-content\/uploads\/Escudo-do-Fluminense.webp\",\"width\":1000,\"height\":667,\"caption\":\"Escudo do Fluminense (Foto Reprodu\u00e7\u00e3o\/Instagram)\"},{\"@type\":\"BreadcrumbList\",\"@id\":\"https:\/\/www.gaveanews.com\/index.php\/2025\/03\/31\/novidade-sobre-a-saf-cbf-atende-pedido-da-diretoria-e-declaracao-de-martinelli-as-ultimas-noticias-do-fluminense\/#breadcrumb\",\"itemListElement\":[{\"@type\":\"ListItem\",\"position\":1,\"name\":\"Home\",\"item\":\"https:\/\/www.gaveanews.com\/\"},{\"@type\":\"ListItem\",\"position\":2,\"name\":\"Novidade sobre a SAF, CBF atende pedido da diretoria e declara\u00e7\u00e3o de Martinelli: as \u00faltimas not\u00edcias do Fluminense\"}]},{\"@type\":\"WebSite\",\"@id\":\"https:\/\/www.gaveanews.com\/#website\",\"url\":\"https:\/\/www.gaveanews.com\/\",\"name\":\"G\u00e1vea News\",\"description\":\"Veja todas as not\u00edcias sobre o Flamengo: Contrata\u00e7\u00f5es, categorias de base, resultados das partidas, tabela de classifica\u00e7\u00e3o, pr\u00f3ximos jogos!\",\"potentialAction\":[{\"@type\":\"SearchAction\",\"target\":{\"@type\":\"EntryPoint\",\"urlTemplate\":\"https:\/\/www.gaveanews.com\/?s={search_term_string}\"},\"query-input\":{\"@type\":\"PropertyValueSpecification\",\"valueRequired\":true,\"valueName\":\"search_term_string\"}}],\"inLanguage\":\"pt-BR\"},{\"@type\":\"Person\",\"@id\":\"https:\/\/www.gaveanews.com\/#\/schema\/person\/c79759ca337c40791ae8d08e2923d403\",\"name\":\"Brenda Cezillo\",\"image\":{\"@type\":\"ImageObject\",\"inLanguage\":\"pt-BR\",\"@id\":\"https:\/\/www.gaveanews.com\/#\/schema\/person\/image\/\",\"url\":\"https:\/\/secure.gravatar.com\/avatar\/1738d75cee7317f9c29ae61dd67620c5883d80a92e42a6fff88ae5d527af217a?s=96&d=mm&r=g\",\"contentUrl\":\"https:\/\/secure.gravatar.com\/avatar\/1738d75cee7317f9c29ae61dd67620c5883d80a92e42a6fff88ae5d527af217a?s=96&d=mm&r=g\",\"caption\":\"Brenda Cezillo\"}}]}<\/script>\n<!-- \/ Yoast SEO Premium plugin. -->","yoast_head_json":{"title":"Novidade sobre a SAF, CBF atende pedido da diretoria e declara\u00e7\u00e3o de Martinelli: as \u00faltimas not\u00edcias do Fluminense","robots":{"index":"index","follow":"follow","max-snippet":"max-snippet:-1","max-image-preview":"max-image-preview:large","max-video-preview":"max-video-preview:-1"},"canonical":"https:\/\/www.gaveanews.com\/index.php\/2025\/03\/31\/novidade-sobre-a-saf-cbf-atende-pedido-da-diretoria-e-declaracao-de-martinelli-as-ultimas-noticias-do-fluminense\/","og_locale":"pt_BR","og_type":"article","og_title":"Novidade sobre a SAF, CBF atende pedido da diretoria e declara\u00e7\u00e3o de Martinelli: as \u00faltimas not\u00edcias do Fluminense","og_description":"Nas \u00faltimas horas, o foco das not\u00edcias sobre o Fluminense se concentram nos bastidores do clube, com destaques do dia a dia do time. Por conta deste contexto, leia abaixo um resumo preparado pela equipe do portal G\u00e1vea News para lhe manter muito bem informado! Declara\u00e7\u00e3o de Martinelli Paulo Henrique Ganso est\u00e1 cada vez mais [&hellip;]","og_url":"https:\/\/www.gaveanews.com\/index.php\/2025\/03\/31\/novidade-sobre-a-saf-cbf-atende-pedido-da-diretoria-e-declaracao-de-martinelli-as-ultimas-noticias-do-fluminense\/","og_site_name":"G\u00e1vea News","article_publisher":"https:\/\/facebook.com\/gaveaNews\/","article_published_time":"2025-03-31T12:35:00+00:00","og_image":[{"width":1000,"height":667,"url":"https:\/\/www.gaveanews.com\/wp-content\/uploads\/Escudo-do-Fluminense.webp","type":"image\/webp"}],"author":"Brenda Cezillo","twitter_card":"summary_large_image","twitter_misc":{"Escrito por":"Brenda Cezillo","Est. tempo de leitura":"6 minutos"},"schema":{"@context":"https:\/\/schema.org","@graph":[{"@type":"NewsArticle","@id":"https:\/\/www.gaveanews.com\/index.php\/2025\/03\/31\/novidade-sobre-a-saf-cbf-atende-pedido-da-diretoria-e-declaracao-de-martinelli-as-ultimas-noticias-do-fluminense\/#article","isPartOf":{"@id":"https:\/\/www.gaveanews.com\/index.php\/2025\/03\/31\/novidade-sobre-a-saf-cbf-atende-pedido-da-diretoria-e-declaracao-de-martinelli-as-ultimas-noticias-do-fluminense\/"},"author":{"name":"Brenda Cezillo","@id":"https:\/\/www.gaveanews.com\/#\/schema\/person\/c79759ca337c40791ae8d08e2923d403"},"headline":"Novidade sobre a SAF, CBF atende pedido da diretoria e declara\u00e7\u00e3o de Martinelli: as \u00faltimas not\u00edcias do Fluminense","datePublished":"2025-03-31T12:35:00+00:00","mainEntityOfPage":{"@id":"https:\/\/www.gaveanews.com\/index.php\/2025\/03\/31\/novidade-sobre-a-saf-cbf-atende-pedido-da-diretoria-e-declaracao-de-martinelli-as-ultimas-noticias-do-fluminense\/"},"wordCount":870,"commentCount":0,"image":{"@id":"https:\/\/www.gaveanews.com\/index.php\/2025\/03\/31\/novidade-sobre-a-saf-cbf-atende-pedido-da-diretoria-e-declaracao-de-martinelli-as-ultimas-noticias-do-fluminense\/#primaryimage"},"thumbnailUrl":"https:\/\/www.gaveanews.com\/wp-content\/uploads\/Escudo-do-Fluminense.webp","articleSection":["Fluminense"],"inLanguage":"pt-BR","potentialAction":[{"@type":"CommentAction","name":"Comment","target":["https:\/\/www.gaveanews.com\/index.php\/2025\/03\/31\/novidade-sobre-a-saf-cbf-atende-pedido-da-diretoria-e-declaracao-de-martinelli-as-ultimas-noticias-do-fluminense\/#respond"]}],"copyrightYear":"2025","copyrightHolder":{"@id":"https:\/\/www.gaveanews.com\/#organization"}},{"@type":"WebPage","@id":"https:\/\/www.gaveanews.com\/index.php\/2025\/03\/31\/novidade-sobre-a-saf-cbf-atende-pedido-da-diretoria-e-declaracao-de-martinelli-as-ultimas-noticias-do-fluminense\/","url":"https:\/\/www.gaveanews.com\/index.php\/2025\/03\/31\/novidade-sobre-a-saf-cbf-atende-pedido-da-diretoria-e-declaracao-de-martinelli-as-ultimas-noticias-do-fluminense\/","name":"Novidade sobre a SAF, CBF atende pedido da diretoria e declara\u00e7\u00e3o de Martinelli: as \u00faltimas not\u00edcias do Fluminense","isPartOf":{"@id":"https:\/\/www.gaveanews.com\/#website"},"primaryImageOfPage":{"@id":"https:\/\/www.gaveanews.com\/index.php\/2025\/03\/31\/novidade-sobre-a-saf-cbf-atende-pedido-da-diretoria-e-declaracao-de-martinelli-as-ultimas-noticias-do-fluminense\/#primaryimage"},"image":{"@id":"https:\/\/www.gaveanews.com\/index.php\/2025\/03\/31\/novidade-sobre-a-saf-cbf-atende-pedido-da-diretoria-e-declaracao-de-martinelli-as-ultimas-noticias-do-fluminense\/#primaryimage"},"thumbnailUrl":"https:\/\/www.gaveanews.com\/wp-content\/uploads\/Escudo-do-Fluminense.webp","datePublished":"2025-03-31T12:35:00+00:00","author":{"@id":"https:\/\/www.gaveanews.com\/#\/schema\/person\/c79759ca337c40791ae8d08e2923d403"},"breadcrumb":{"@id":"https:\/\/www.gaveanews.com\/index.php\/2025\/03\/31\/novidade-sobre-a-saf-cbf-atende-pedido-da-diretoria-e-declaracao-de-martinelli-as-ultimas-noticias-do-fluminense\/#breadcrumb"},"inLanguage":"pt-BR","potentialAction":[{"@type":"ReadAction","target":["https:\/\/www.gaveanews.com\/index.php\/2025\/03\/31\/novidade-sobre-a-saf-cbf-atende-pedido-da-diretoria-e-declaracao-de-martinelli-as-ultimas-noticias-do-fluminense\/"]}]},{"@type":"ImageObject","inLanguage":"pt-BR","@id":"https:\/\/www.gaveanews.com\/index.php\/2025\/03\/31\/novidade-sobre-a-saf-cbf-atende-pedido-da-diretoria-e-declaracao-de-martinelli-as-ultimas-noticias-do-fluminense\/#primaryimage","url":"https:\/\/www.gaveanews.com\/wp-content\/uploads\/Escudo-do-Fluminense.webp","contentUrl":"https:\/\/www.gaveanews.com\/wp-content\/uploads\/Escudo-do-Fluminense.webp","width":1000,"height":667,"caption":"Escudo do Fluminense (Foto Reprodu\u00e7\u00e3o\/Instagram)"},{"@type":"BreadcrumbList","@id":"https:\/\/www.gaveanews.com\/index.php\/2025\/03\/31\/novidade-sobre-a-saf-cbf-atende-pedido-da-diretoria-e-declaracao-de-martinelli-as-ultimas-noticias-do-fluminense\/#breadcrumb","itemListElement":[{"@type":"ListItem","position":1,"name":"Home","item":"https:\/\/www.gaveanews.com\/"},{"@type":"ListItem","position":2,"name":"Novidade sobre a SAF, CBF atende pedido da diretoria e declara\u00e7\u00e3o de Martinelli: as \u00faltimas not\u00edcias do Fluminense"}]},{"@type":"WebSite","@id":"https:\/\/www.gaveanews.com\/#website","url":"https:\/\/www.gaveanews.com\/","name":"G\u00e1vea News","description":"Veja todas as not\u00edcias sobre o Flamengo: Contrata\u00e7\u00f5es, categorias de base, resultados das partidas, tabela de classifica\u00e7\u00e3o, pr\u00f3ximos jogos!","potentialAction":[{"@type":"SearchAction","target":{"@type":"EntryPoint","urlTemplate":"https:\/\/www.gaveanews.com\/?s={search_term_string}"},"query-input":{"@type":"PropertyValueSpecification","valueRequired":true,"valueName":"search_term_string"}}],"inLanguage":"pt-BR"},{"@type":"Person","@id":"https:\/\/www.gaveanews.com\/#\/schema\/person\/c79759ca337c40791ae8d08e2923d403","name":"Brenda Cezillo","image":{"@type":"ImageObject","inLanguage":"pt-BR","@id":"https:\/\/www.gaveanews.com\/#\/schema\/person\/image\/","url":"https:\/\/secure.gravatar.com\/avatar\/1738d75cee7317f9c29ae61dd67620c5883d80a92e42a6fff88ae5d527af217a?s=96&d=mm&r=g","contentUrl":"https:\/\/secure.gravatar.com\/avatar\/1738d75cee7317f9c29ae61dd67620c5883d80a92e42a6fff88ae5d527af217a?s=96&d=mm&r=g","caption":"Brenda Cezillo"}}]}},"_links":{"self":[{"href":"https:\/\/www.gaveanews.com\/index.php\/wp-json\/wp\/v2\/posts\/246897","targetHints":{"allow":["GET"]}}],"collection":[{"href":"https:\/\/www.gaveanews.com\/index.php\/wp-json\/wp\/v2\/posts"}],"about":[{"href":"https:\/\/www.gaveanews.com\/index.php\/wp-json\/wp\/v2\/types\/post"}],"author":[{"embeddable":true,"href":"https:\/\/www.gaveanews.com\/index.php\/wp-json\/wp\/v2\/users\/33"}],"replies":[{"embeddable":true,"href":"https:\/\/www.gaveanews.com\/index.php\/wp-json\/wp\/v2\/comments?post=246897"}],"version-history":[{"count":1,"href":"https:\/\/www.gaveanews.com\/index.php\/wp-json\/wp\/v2\/posts\/246897\/revisions"}],"predecessor-version":[{"id":246901,"href":"https:\/\/www.gaveanews.com\/index.php\/wp-json\/wp\/v2\/posts\/246897\/revisions\/246901"}],"wp:featuredmedia":[{"embeddable":true,"href":"https:\/\/www.gaveanews.com\/index.php\/wp-json\/wp\/v2\/media\/144992"}],"wp:attachment":[{"href":"https:\/\/www.gaveanews.com\/index.php\/wp-json\/wp\/v2\/media?parent=246897"}],"wp:term":[{"taxonomy":"category","embeddable":true,"href":"https:\/\/www.gaveanews.com\/index.php\/wp-json\/wp\/v2\/categories?post=246897"},{"taxonomy":"post_tag","embeddable":true,"href":"https:\/\/www.gaveanews.com\/index.php\/wp-json\/wp\/v2\/tags?post=246897"}],"curies":[{"name":"wp","href":"https:\/\/api.w.org\/{rel}","templated":true}]}}