{"id":246898,"date":"2025-03-31T09:40:00","date_gmt":"2025-03-31T12:40:00","guid":{"rendered":"https:\/\/www.gaveanews.com\/?p=246898"},"modified":"2025-03-31T09:25:47","modified_gmt":"2025-03-31T12:25:47","slug":"ramon-diaz-descarta-lateral-situacao-de-igor-coronado-e-recado-para-romero-as-ultimas-noticias-do-corinthians","status":"publish","type":"post","link":"https:\/\/www.gaveanews.com\/index.php\/2025\/03\/31\/ramon-diaz-descarta-lateral-situacao-de-igor-coronado-e-recado-para-romero-as-ultimas-noticias-do-corinthians\/","title":{"rendered":"Ram\u00f3n D\u00edaz descarta lateral, situa\u00e7\u00e3o de Igor Coronado e recado para Romero: as \u00faltimas not\u00edcias do Corinthians"},"content":{"rendered":"\n<p>Nas \u00faltimas horas, o foco das not\u00edcias sobre o Corinthians se concentram nos bastidores do clube, com destaques do dia a dia do time.<\/p>\n\n\n\n<p>Por conta deste contexto, leia abaixo um resumo preparado pela equipe do portal G\u00e1vea News para lhe manter muito bem informado!<\/p>\n\n\n\n<div class=\"wp-block-group\"><div class=\"wp-block-group__inner-container is-layout-constrained wp-block-group-is-layout-constrained\">\n<h2 class=\"wp-block-heading\" id=\"h-recado-para-romero\">Recado para Romero<\/h2>\n\n\n\n<p>A chegada de \u00d3scar Romero ao Internacional adicionou um tempero especial \u00e0 rivalidade com o Corinthians, onde atua seu irm\u00e3o g\u00eameo, \u00c1ngel Romero. Em entrevista recente, o meio-campista deixou claro que, apesar dos la\u00e7os familiares, dentro de campo ele tratar\u00e1 o irm\u00e3o como advers\u00e1rio, refor\u00e7ando que a prioridade \u00e9 vencer. A surpresa de \u00d3scar diante da intensidade da rivalidade entre os clubes mostrou que, mesmo para quem vem de fora, o clima competitivo do futebol brasileiro impressiona <strong><a href=\"https:\/\/www.gaveanews.com\/index.php\/2025\/03\/27\/meia-do-internacional-manda-recado-para-romero-do-corinthians\/\">(leia a mat\u00e9ria completa).<\/a><\/strong><\/p>\n\n\n\n<figure class=\"wp-block-image size-large\"><img loading=\"lazy\" decoding=\"async\" width=\"1024\" height=\"1003\" src=\"http:\/\/www.gaveanews.com\/wp-content\/uploads\/Angel-Rodrigo-Romero-com-a-camisa-do-Corinthians-em-2024-1024x1003.webp\" alt=\"\" class=\"wp-image-153975\" srcset=\"https:\/\/www.gaveanews.com\/wp-content\/uploads\/Angel-Rodrigo-Romero-com-a-camisa-do-Corinthians-em-2024-1024x1003.webp 1024w, https:\/\/www.gaveanews.com\/wp-content\/uploads\/Angel-Rodrigo-Romero-com-a-camisa-do-Corinthians-em-2024-300x294.webp 300w, https:\/\/www.gaveanews.com\/wp-content\/uploads\/Angel-Rodrigo-Romero-com-a-camisa-do-Corinthians-em-2024-768x752.webp 768w, https:\/\/www.gaveanews.com\/wp-content\/uploads\/Angel-Rodrigo-Romero-com-a-camisa-do-Corinthians-em-2024-429x420.webp 429w, https:\/\/www.gaveanews.com\/wp-content\/uploads\/Angel-Rodrigo-Romero-com-a-camisa-do-Corinthians-em-2024-858x840.webp 858w, https:\/\/www.gaveanews.com\/wp-content\/uploads\/Angel-Rodrigo-Romero-com-a-camisa-do-Corinthians-em-2024-640x627.webp 640w, https:\/\/www.gaveanews.com\/wp-content\/uploads\/Angel-Rodrigo-Romero-com-a-camisa-do-Corinthians-em-2024-681x667.webp 681w, https:\/\/www.gaveanews.com\/wp-content\/uploads\/Angel-Rodrigo-Romero-com-a-camisa-do-Corinthians-em-2024-100x98.webp 100w, https:\/\/www.gaveanews.com\/wp-content\/uploads\/Angel-Rodrigo-Romero-com-a-camisa-do-Corinthians-em-2024.webp 1242w\" sizes=\"auto, (max-width: 1024px) 100vw, 1024px\" \/><figcaption class=\"wp-element-caption\">\u00c1ngel Rodrigo Romero com a camisa do Corinthians em 2024 (Foto: Reprodu\u00e7\u00e3o\/Corinthians)<\/figcaption><\/figure>\n\n\n\n<p>A declara\u00e7\u00e3o chamou aten\u00e7\u00e3o por evidenciar o profissionalismo e a mentalidade competitiva de ambos os atletas. Embora compartilhem uma forte rela\u00e7\u00e3o fora de campo, os irm\u00e3os Romero se preparam para enfrentar-se em condi\u00e7\u00f5es de pura rivalidade. <\/p>\n\n\n\n<p>O Internacional, de olho em uma boa campanha no Brasileir\u00e3o, conta com o refor\u00e7o de \u00d3scar para fortalecer o meio-campo, enquanto o Corinthians seguir\u00e1 contando com \u00c1ngel como uma de suas pe\u00e7as ofensivas. A expectativa \u00e9 que os confrontos entre os dois times se tornem ainda mais emocionantes com esse duelo familiar.<\/p>\n\n\n\n<p>Com os dois atuando em lados opostos, os futuros encontros entre Internacional e Corinthians prometem ser intensos e carregados de emo\u00e7\u00e3o. O fator \u201cirm\u00e3os advers\u00e1rios\u201d cria uma narrativa cativante para os torcedores e para o pr\u00f3prio campeonato, ampliando o interesse pelos duelos diretos. Em um cen\u00e1rio t\u00e3o competitivo como o do Brasileir\u00e3o, rivalidades como essa ajudam a construir hist\u00f3rias \u00fanicas e aumentam ainda mais a paix\u00e3o pelo esporte.<\/p>\n\n\n\n<h2 class=\"wp-block-heading\" id=\"h-situacao-de-igor-coronado\">Situa\u00e7\u00e3o de Igor Coronado<\/h2>\n\n\n\n<p>A final do Campeonato Paulista entre Corinthians e Palmeiras ganhou um novo ingrediente de emo\u00e7\u00e3o com a confirma\u00e7\u00e3o da presen\u00e7a de Igor Coronado na decis\u00e3o. Ap\u00f3s um per\u00edodo afastado por les\u00e3o, o meio-campista confirmou nas redes sociais que estar\u00e1 \u00e0 disposi\u00e7\u00e3o do t\u00e9cnico Ram\u00f3n D\u00edaz para o cl\u00e1ssico desta quinta-feira (27), \u00e0s 21h30, na Neo Qu\u00edmica Arena. Mesmo com o retorno confirmado, o atleta deve iniciar no banco, devido \u00e0 falta de ritmo ap\u00f3s o tempo fora dos gramados<strong><a href=\"https:\/\/www.gaveanews.com\/index.php\/2025\/03\/27\/atualizacao-sobre-a-situacao-de-igor-coronado-no-corinthians\/\"> (leia a mat\u00e9ria completa).<\/a><\/strong><\/p>\n\n\n\n<figure class=\"wp-block-image size-large\"><img loading=\"lazy\" decoding=\"async\" width=\"948\" height=\"1024\" src=\"http:\/\/www.gaveanews.com\/wp-content\/uploads\/Igor-Coronado-em-acao-pelo-Corinthians-948x1024.webp\" alt=\"\" class=\"wp-image-161063\" srcset=\"https:\/\/www.gaveanews.com\/wp-content\/uploads\/Igor-Coronado-em-acao-pelo-Corinthians-948x1024.webp 948w, https:\/\/www.gaveanews.com\/wp-content\/uploads\/Igor-Coronado-em-acao-pelo-Corinthians-278x300.webp 278w, https:\/\/www.gaveanews.com\/wp-content\/uploads\/Igor-Coronado-em-acao-pelo-Corinthians-768x830.webp 768w, https:\/\/www.gaveanews.com\/wp-content\/uploads\/Igor-Coronado-em-acao-pelo-Corinthians-389x420.webp 389w, https:\/\/www.gaveanews.com\/wp-content\/uploads\/Igor-Coronado-em-acao-pelo-Corinthians-777x840.webp 777w, https:\/\/www.gaveanews.com\/wp-content\/uploads\/Igor-Coronado-em-acao-pelo-Corinthians-640x692.webp 640w, https:\/\/www.gaveanews.com\/wp-content\/uploads\/Igor-Coronado-em-acao-pelo-Corinthians-681x736.webp 681w, https:\/\/www.gaveanews.com\/wp-content\/uploads\/Igor-Coronado-em-acao-pelo-Corinthians-100x108.webp 100w, https:\/\/www.gaveanews.com\/wp-content\/uploads\/Igor-Coronado-em-acao-pelo-Corinthians.webp 1080w\" sizes=\"auto, (max-width: 948px) 100vw, 948px\" \/><figcaption class=\"wp-element-caption\">Igor Coronado em a\u00e7\u00e3o pelo Corinthians (Foto: Reprodu\u00e7\u00e3o\/Instagram)<\/figcaption><\/figure>\n\n\n\n<p>Com a vit\u00f3ria por 1 a 0 no jogo de ida, o Corinthians chega \u00e0 grande final com a vantagem do empate para garantir o t\u00edtulo estadual. O t\u00e9cnico Ram\u00f3n D\u00edaz deve adotar uma estrat\u00e9gia cautelosa, ciente da for\u00e7a do advers\u00e1rio e da import\u00e2ncia de manter o controle da partida. A equipe aposta no fator casa e no apoio da torcida para assegurar mais uma conquista, enquanto lida com a expectativa de ver Coronado, ainda que por alguns minutos, contribuindo em campo.<\/p>\n\n\n\n<p>J\u00e1 o Palmeiras, comandado pelo t\u00e9cnico portugu\u00eas Abel Ferreira, chega embalado pela busca do tetracampeonato e promete dificultar a vida do rival alvinegro. Reconhecido por sua consist\u00eancia t\u00e1tica e elenco qualificado, o time alviverde precisar\u00e1 reverter a desvantagem fora de casa. A final promete ser uma disputa intensa, marcada por rivalidade hist\u00f3rica, clima de decis\u00e3o e grandes nomes em campo, com a presen\u00e7a de Coronado adicionando mais um elemento de interesse \u00e0 partida.<\/p>\n\n\n\n<h2 class=\"wp-block-heading\" id=\"h-ramon-diaz-descarta-lateral\">Ram\u00f3n D\u00edaz descarta lateral<\/h2>\n\n\n\n<p>O lateral-direito Jo\u00e3o Vitor, conhecido como Jacar\u00e9, de apenas 18 anos, foi realocado para a equipe Sub-20 do Corinthians ap\u00f3s perder espa\u00e7o entre os profissionais comandados por Ram\u00f3n D\u00edaz. Inicialmente integrado ao elenco principal no in\u00edcio de 2024, o jogador n\u00e3o conseguiu se firmar e agora disputar\u00e1 o Campeonato Brasileiro Sub-20, sendo escalado na partida contra o Cuiab\u00e1. A mudan\u00e7a marca uma reavalia\u00e7\u00e3o interna do clube, que tamb\u00e9m devolveu outros sete atletas para a base ap\u00f3s per\u00edodo de testes no time principal<strong><a href=\"https:\/\/www.gaveanews.com\/index.php\/2025\/03\/26\/ele-perdeu-espaco-no-elenco-do-corinthians-e-foi-jogado-para-escanteio\/\"> (leia a mat\u00e9ria completa).<\/a><\/strong><\/p>\n\n\n\n<figure class=\"wp-block-image size-large\"><img loading=\"lazy\" decoding=\"async\" width=\"1024\" height=\"768\" src=\"http:\/\/www.gaveanews.com\/wp-content\/uploads\/Ramon-Diaz-pelo-Corinthians-em-2024-1024x768.webp\" alt=\"\" class=\"wp-image-152536\" srcset=\"https:\/\/www.gaveanews.com\/wp-content\/uploads\/Ramon-Diaz-pelo-Corinthians-em-2024-1024x768.webp 1024w, https:\/\/www.gaveanews.com\/wp-content\/uploads\/Ramon-Diaz-pelo-Corinthians-em-2024-300x225.webp 300w, https:\/\/www.gaveanews.com\/wp-content\/uploads\/Ramon-Diaz-pelo-Corinthians-em-2024-768x576.webp 768w, https:\/\/www.gaveanews.com\/wp-content\/uploads\/Ramon-Diaz-pelo-Corinthians-em-2024-560x420.webp 560w, https:\/\/www.gaveanews.com\/wp-content\/uploads\/Ramon-Diaz-pelo-Corinthians-em-2024-1121x840.webp 1121w, https:\/\/www.gaveanews.com\/wp-content\/uploads\/Ramon-Diaz-pelo-Corinthians-em-2024-80x60.webp 80w, https:\/\/www.gaveanews.com\/wp-content\/uploads\/Ramon-Diaz-pelo-Corinthians-em-2024-160x120.webp 160w, https:\/\/www.gaveanews.com\/wp-content\/uploads\/Ramon-Diaz-pelo-Corinthians-em-2024-100x75.webp 100w, https:\/\/www.gaveanews.com\/wp-content\/uploads\/Ramon-Diaz-pelo-Corinthians-em-2024-200x150.webp 200w, https:\/\/www.gaveanews.com\/wp-content\/uploads\/Ramon-Diaz-pelo-Corinthians-em-2024-180x135.webp 180w, https:\/\/www.gaveanews.com\/wp-content\/uploads\/Ramon-Diaz-pelo-Corinthians-em-2024-360x270.webp 360w, https:\/\/www.gaveanews.com\/wp-content\/uploads\/Ramon-Diaz-pelo-Corinthians-em-2024-238x178.webp 238w, https:\/\/www.gaveanews.com\/wp-content\/uploads\/Ramon-Diaz-pelo-Corinthians-em-2024-476x356.webp 476w, https:\/\/www.gaveanews.com\/wp-content\/uploads\/Ramon-Diaz-pelo-Corinthians-em-2024-640x480.webp 640w, https:\/\/www.gaveanews.com\/wp-content\/uploads\/Ramon-Diaz-pelo-Corinthians-em-2024-1280x960.webp 1280w, https:\/\/www.gaveanews.com\/wp-content\/uploads\/Ramon-Diaz-pelo-Corinthians-em-2024-681x510.webp 681w, https:\/\/www.gaveanews.com\/wp-content\/uploads\/Ramon-Diaz-pelo-Corinthians-em-2024.webp 1346w\" sizes=\"auto, (max-width: 1024px) 100vw, 1024px\" \/><figcaption class=\"wp-element-caption\">Ram\u00f3n D\u00edaz pelo Corinthians em 2024 (Foto: Reprodu\u00e7\u00e3o\/Corinthians)<\/figcaption><\/figure>\n\n\n\n<p>A decis\u00e3o do Corinthians reflete a forte concorr\u00eancia por vagas no elenco profissional, mesmo para jogadores que se destacaram em competi\u00e7\u00f5es como a Copinha. Entre os atletas que voltaram para o Sub-20 est\u00e3o nomes como Cadu, Dieguinho e Luiz Eduardo. Embora seja uma transi\u00e7\u00e3o natural em grandes clubes, a expectativa \u00e9 de que esses jovens usem o campeonato da categoria como uma nova chance de provar seu valor e voltar aos planos do treinador.<\/p>\n\n\n\n<p>Enquanto isso, o time principal vive uma semana decisiva. O Corinthians enfrenta o Palmeiras na final do Campeonato Paulista, com vantagem ap\u00f3s vencer o jogo de ida. Em seguida, estreia no Brasileir\u00e3o contra o Bahia. Para Jo\u00e3o Vitor, a miss\u00e3o \u00e9 clara: se destacar no Sub-20 e reconquistar seu espa\u00e7o entre os profissionais, aproveitando a visibilidade e o n\u00edvel competitivo da categoria como plataforma para uma nova oportunidade.<\/p>\n<\/div><\/div>\n","protected":false},"excerpt":{"rendered":"<p>Nas \u00faltimas horas, o foco das not\u00edcias sobre o Corinthians se concentram nos bastidores do clube, com destaques do dia a dia do time. Por conta deste contexto, leia abaixo um resumo preparado pela equipe do portal G\u00e1vea News para lhe manter muito bem informado! Recado para Romero A chegada de \u00d3scar Romero ao Internacional [&hellip;]<\/p>\n","protected":false},"author":33,"featured_media":154473,"comment_status":"open","ping_status":"closed","sticky":false,"template":"","format":"standard","meta":{"footnotes":""},"categories":[141],"tags":[],"class_list":["post-246898","post","type-post","status-publish","format-standard","has-post-thumbnail","hentry","category-corinthians"],"yoast_head":"<!-- This site is optimized with the Yoast SEO Premium plugin v24.2 (Yoast SEO v26.9) - https:\/\/yoast.com\/product\/yoast-seo-premium-wordpress\/ -->\n<title>Ram\u00f3n D\u00edaz descarta lateral, situa\u00e7\u00e3o de Igor Coronado e recado para Romero: as \u00faltimas not\u00edcias do Corinthians<\/title>\n<meta name=\"robots\" content=\"index, follow, max-snippet:-1, max-image-preview:large, max-video-preview:-1\" \/>\n<link rel=\"canonical\" href=\"https:\/\/www.gaveanews.com\/index.php\/2025\/03\/31\/ramon-diaz-descarta-lateral-situacao-de-igor-coronado-e-recado-para-romero-as-ultimas-noticias-do-corinthians\/\" \/>\n<meta property=\"og:locale\" content=\"pt_BR\" \/>\n<meta property=\"og:type\" content=\"article\" \/>\n<meta property=\"og:title\" content=\"Ram\u00f3n D\u00edaz descarta lateral, situa\u00e7\u00e3o de Igor Coronado e recado para Romero: as \u00faltimas not\u00edcias do Corinthians\" \/>\n<meta property=\"og:description\" content=\"Nas \u00faltimas horas, o foco das not\u00edcias sobre o Corinthians se concentram nos bastidores do clube, com destaques do dia a dia do time. Por conta deste contexto, leia abaixo um resumo preparado pela equipe do portal G\u00e1vea News para lhe manter muito bem informado! Recado para Romero A chegada de \u00d3scar Romero ao Internacional [&hellip;]\" \/>\n<meta property=\"og:url\" content=\"https:\/\/www.gaveanews.com\/index.php\/2025\/03\/31\/ramon-diaz-descarta-lateral-situacao-de-igor-coronado-e-recado-para-romero-as-ultimas-noticias-do-corinthians\/\" \/>\n<meta property=\"og:site_name\" content=\"G\u00e1vea News\" \/>\n<meta property=\"article:publisher\" content=\"https:\/\/facebook.com\/gaveaNews\/\" \/>\n<meta property=\"article:published_time\" content=\"2025-03-31T12:40:00+00:00\" \/>\n<meta property=\"og:image\" content=\"https:\/\/www.gaveanews.com\/wp-content\/uploads\/Escudo-do-Corinthians-na-Neo-Quimica-Arena.webp\" \/>\n\t<meta property=\"og:image:width\" content=\"1440\" \/>\n\t<meta property=\"og:image:height\" content=\"959\" \/>\n\t<meta property=\"og:image:type\" content=\"image\/jpeg\" \/>\n<meta name=\"author\" content=\"Brenda Cezillo\" \/>\n<meta name=\"twitter:card\" content=\"summary_large_image\" \/>\n<meta name=\"twitter:label1\" content=\"Escrito por\" \/>\n\t<meta name=\"twitter:data1\" content=\"Brenda Cezillo\" \/>\n\t<meta name=\"twitter:label2\" content=\"Est. tempo de leitura\" \/>\n\t<meta name=\"twitter:data2\" content=\"6 minutos\" \/>\n<script type=\"application\/ld+json\" class=\"yoast-schema-graph\">{\"@context\":\"https:\/\/schema.org\",\"@graph\":[{\"@type\":\"NewsArticle\",\"@id\":\"https:\/\/www.gaveanews.com\/index.php\/2025\/03\/31\/ramon-diaz-descarta-lateral-situacao-de-igor-coronado-e-recado-para-romero-as-ultimas-noticias-do-corinthians\/#article\",\"isPartOf\":{\"@id\":\"https:\/\/www.gaveanews.com\/index.php\/2025\/03\/31\/ramon-diaz-descarta-lateral-situacao-de-igor-coronado-e-recado-para-romero-as-ultimas-noticias-do-corinthians\/\"},\"author\":{\"name\":\"Brenda Cezillo\",\"@id\":\"https:\/\/www.gaveanews.com\/#\/schema\/person\/c79759ca337c40791ae8d08e2923d403\"},\"headline\":\"Ram\u00f3n D\u00edaz descarta lateral, situa\u00e7\u00e3o de Igor Coronado e recado para Romero: as \u00faltimas not\u00edcias do Corinthians\",\"datePublished\":\"2025-03-31T12:40:00+00:00\",\"mainEntityOfPage\":{\"@id\":\"https:\/\/www.gaveanews.com\/index.php\/2025\/03\/31\/ramon-diaz-descarta-lateral-situacao-de-igor-coronado-e-recado-para-romero-as-ultimas-noticias-do-corinthians\/\"},\"wordCount\":885,\"commentCount\":0,\"image\":{\"@id\":\"https:\/\/www.gaveanews.com\/index.php\/2025\/03\/31\/ramon-diaz-descarta-lateral-situacao-de-igor-coronado-e-recado-para-romero-as-ultimas-noticias-do-corinthians\/#primaryimage\"},\"thumbnailUrl\":\"https:\/\/www.gaveanews.com\/wp-content\/uploads\/Escudo-do-Corinthians-na-Neo-Quimica-Arena.webp\",\"articleSection\":[\"Corinthians\"],\"inLanguage\":\"pt-BR\",\"potentialAction\":[{\"@type\":\"CommentAction\",\"name\":\"Comment\",\"target\":[\"https:\/\/www.gaveanews.com\/index.php\/2025\/03\/31\/ramon-diaz-descarta-lateral-situacao-de-igor-coronado-e-recado-para-romero-as-ultimas-noticias-do-corinthians\/#respond\"]}],\"copyrightYear\":\"2025\",\"copyrightHolder\":{\"@id\":\"https:\/\/www.gaveanews.com\/#organization\"}},{\"@type\":\"WebPage\",\"@id\":\"https:\/\/www.gaveanews.com\/index.php\/2025\/03\/31\/ramon-diaz-descarta-lateral-situacao-de-igor-coronado-e-recado-para-romero-as-ultimas-noticias-do-corinthians\/\",\"url\":\"https:\/\/www.gaveanews.com\/index.php\/2025\/03\/31\/ramon-diaz-descarta-lateral-situacao-de-igor-coronado-e-recado-para-romero-as-ultimas-noticias-do-corinthians\/\",\"name\":\"Ram\u00f3n D\u00edaz descarta lateral, situa\u00e7\u00e3o de Igor Coronado e recado para Romero: as \u00faltimas not\u00edcias do Corinthians\",\"isPartOf\":{\"@id\":\"https:\/\/www.gaveanews.com\/#website\"},\"primaryImageOfPage\":{\"@id\":\"https:\/\/www.gaveanews.com\/index.php\/2025\/03\/31\/ramon-diaz-descarta-lateral-situacao-de-igor-coronado-e-recado-para-romero-as-ultimas-noticias-do-corinthians\/#primaryimage\"},\"image\":{\"@id\":\"https:\/\/www.gaveanews.com\/index.php\/2025\/03\/31\/ramon-diaz-descarta-lateral-situacao-de-igor-coronado-e-recado-para-romero-as-ultimas-noticias-do-corinthians\/#primaryimage\"},\"thumbnailUrl\":\"https:\/\/www.gaveanews.com\/wp-content\/uploads\/Escudo-do-Corinthians-na-Neo-Quimica-Arena.webp\",\"datePublished\":\"2025-03-31T12:40:00+00:00\",\"author\":{\"@id\":\"https:\/\/www.gaveanews.com\/#\/schema\/person\/c79759ca337c40791ae8d08e2923d403\"},\"breadcrumb\":{\"@id\":\"https:\/\/www.gaveanews.com\/index.php\/2025\/03\/31\/ramon-diaz-descarta-lateral-situacao-de-igor-coronado-e-recado-para-romero-as-ultimas-noticias-do-corinthians\/#breadcrumb\"},\"inLanguage\":\"pt-BR\",\"potentialAction\":[{\"@type\":\"ReadAction\",\"target\":[\"https:\/\/www.gaveanews.com\/index.php\/2025\/03\/31\/ramon-diaz-descarta-lateral-situacao-de-igor-coronado-e-recado-para-romero-as-ultimas-noticias-do-corinthians\/\"]}]},{\"@type\":\"ImageObject\",\"inLanguage\":\"pt-BR\",\"@id\":\"https:\/\/www.gaveanews.com\/index.php\/2025\/03\/31\/ramon-diaz-descarta-lateral-situacao-de-igor-coronado-e-recado-para-romero-as-ultimas-noticias-do-corinthians\/#primaryimage\",\"url\":\"https:\/\/www.gaveanews.com\/wp-content\/uploads\/Escudo-do-Corinthians-na-Neo-Quimica-Arena.webp\",\"contentUrl\":\"https:\/\/www.gaveanews.com\/wp-content\/uploads\/Escudo-do-Corinthians-na-Neo-Quimica-Arena.webp\",\"width\":1440,\"height\":959,\"caption\":\"Escudo do Corinthians na N\u00e9o Qu\u00edmica Arena (Foto Reprodu\u00e7\u00e3o\/Instagram)\"},{\"@type\":\"BreadcrumbList\",\"@id\":\"https:\/\/www.gaveanews.com\/index.php\/2025\/03\/31\/ramon-diaz-descarta-lateral-situacao-de-igor-coronado-e-recado-para-romero-as-ultimas-noticias-do-corinthians\/#breadcrumb\",\"itemListElement\":[{\"@type\":\"ListItem\",\"position\":1,\"name\":\"Home\",\"item\":\"https:\/\/www.gaveanews.com\/\"},{\"@type\":\"ListItem\",\"position\":2,\"name\":\"Ram\u00f3n D\u00edaz descarta lateral, situa\u00e7\u00e3o de Igor Coronado e recado para Romero: as \u00faltimas not\u00edcias do Corinthians\"}]},{\"@type\":\"WebSite\",\"@id\":\"https:\/\/www.gaveanews.com\/#website\",\"url\":\"https:\/\/www.gaveanews.com\/\",\"name\":\"G\u00e1vea News\",\"description\":\"Veja todas as not\u00edcias sobre o Flamengo: Contrata\u00e7\u00f5es, categorias de base, resultados das partidas, tabela de classifica\u00e7\u00e3o, pr\u00f3ximos jogos!\",\"potentialAction\":[{\"@type\":\"SearchAction\",\"target\":{\"@type\":\"EntryPoint\",\"urlTemplate\":\"https:\/\/www.gaveanews.com\/?s={search_term_string}\"},\"query-input\":{\"@type\":\"PropertyValueSpecification\",\"valueRequired\":true,\"valueName\":\"search_term_string\"}}],\"inLanguage\":\"pt-BR\"},{\"@type\":\"Person\",\"@id\":\"https:\/\/www.gaveanews.com\/#\/schema\/person\/c79759ca337c40791ae8d08e2923d403\",\"name\":\"Brenda Cezillo\",\"image\":{\"@type\":\"ImageObject\",\"inLanguage\":\"pt-BR\",\"@id\":\"https:\/\/www.gaveanews.com\/#\/schema\/person\/image\/\",\"url\":\"https:\/\/secure.gravatar.com\/avatar\/1738d75cee7317f9c29ae61dd67620c5883d80a92e42a6fff88ae5d527af217a?s=96&d=mm&r=g\",\"contentUrl\":\"https:\/\/secure.gravatar.com\/avatar\/1738d75cee7317f9c29ae61dd67620c5883d80a92e42a6fff88ae5d527af217a?s=96&d=mm&r=g\",\"caption\":\"Brenda Cezillo\"}}]}<\/script>\n<!-- \/ Yoast SEO Premium plugin. -->","yoast_head_json":{"title":"Ram\u00f3n D\u00edaz descarta lateral, situa\u00e7\u00e3o de Igor Coronado e recado para Romero: as \u00faltimas not\u00edcias do Corinthians","robots":{"index":"index","follow":"follow","max-snippet":"max-snippet:-1","max-image-preview":"max-image-preview:large","max-video-preview":"max-video-preview:-1"},"canonical":"https:\/\/www.gaveanews.com\/index.php\/2025\/03\/31\/ramon-diaz-descarta-lateral-situacao-de-igor-coronado-e-recado-para-romero-as-ultimas-noticias-do-corinthians\/","og_locale":"pt_BR","og_type":"article","og_title":"Ram\u00f3n D\u00edaz descarta lateral, situa\u00e7\u00e3o de Igor Coronado e recado para Romero: as \u00faltimas not\u00edcias do Corinthians","og_description":"Nas \u00faltimas horas, o foco das not\u00edcias sobre o Corinthians se concentram nos bastidores do clube, com destaques do dia a dia do time. Por conta deste contexto, leia abaixo um resumo preparado pela equipe do portal G\u00e1vea News para lhe manter muito bem informado! Recado para Romero A chegada de \u00d3scar Romero ao Internacional [&hellip;]","og_url":"https:\/\/www.gaveanews.com\/index.php\/2025\/03\/31\/ramon-diaz-descarta-lateral-situacao-de-igor-coronado-e-recado-para-romero-as-ultimas-noticias-do-corinthians\/","og_site_name":"G\u00e1vea News","article_publisher":"https:\/\/facebook.com\/gaveaNews\/","article_published_time":"2025-03-31T12:40:00+00:00","og_image":[{"width":1440,"height":959,"url":"https:\/\/www.gaveanews.com\/wp-content\/uploads\/Escudo-do-Corinthians-na-Neo-Quimica-Arena.webp","type":"image\/jpeg"}],"author":"Brenda Cezillo","twitter_card":"summary_large_image","twitter_misc":{"Escrito por":"Brenda Cezillo","Est. tempo de leitura":"6 minutos"},"schema":{"@context":"https:\/\/schema.org","@graph":[{"@type":"NewsArticle","@id":"https:\/\/www.gaveanews.com\/index.php\/2025\/03\/31\/ramon-diaz-descarta-lateral-situacao-de-igor-coronado-e-recado-para-romero-as-ultimas-noticias-do-corinthians\/#article","isPartOf":{"@id":"https:\/\/www.gaveanews.com\/index.php\/2025\/03\/31\/ramon-diaz-descarta-lateral-situacao-de-igor-coronado-e-recado-para-romero-as-ultimas-noticias-do-corinthians\/"},"author":{"name":"Brenda Cezillo","@id":"https:\/\/www.gaveanews.com\/#\/schema\/person\/c79759ca337c40791ae8d08e2923d403"},"headline":"Ram\u00f3n D\u00edaz descarta lateral, situa\u00e7\u00e3o de Igor Coronado e recado para Romero: as \u00faltimas not\u00edcias do Corinthians","datePublished":"2025-03-31T12:40:00+00:00","mainEntityOfPage":{"@id":"https:\/\/www.gaveanews.com\/index.php\/2025\/03\/31\/ramon-diaz-descarta-lateral-situacao-de-igor-coronado-e-recado-para-romero-as-ultimas-noticias-do-corinthians\/"},"wordCount":885,"commentCount":0,"image":{"@id":"https:\/\/www.gaveanews.com\/index.php\/2025\/03\/31\/ramon-diaz-descarta-lateral-situacao-de-igor-coronado-e-recado-para-romero-as-ultimas-noticias-do-corinthians\/#primaryimage"},"thumbnailUrl":"https:\/\/www.gaveanews.com\/wp-content\/uploads\/Escudo-do-Corinthians-na-Neo-Quimica-Arena.webp","articleSection":["Corinthians"],"inLanguage":"pt-BR","potentialAction":[{"@type":"CommentAction","name":"Comment","target":["https:\/\/www.gaveanews.com\/index.php\/2025\/03\/31\/ramon-diaz-descarta-lateral-situacao-de-igor-coronado-e-recado-para-romero-as-ultimas-noticias-do-corinthians\/#respond"]}],"copyrightYear":"2025","copyrightHolder":{"@id":"https:\/\/www.gaveanews.com\/#organization"}},{"@type":"WebPage","@id":"https:\/\/www.gaveanews.com\/index.php\/2025\/03\/31\/ramon-diaz-descarta-lateral-situacao-de-igor-coronado-e-recado-para-romero-as-ultimas-noticias-do-corinthians\/","url":"https:\/\/www.gaveanews.com\/index.php\/2025\/03\/31\/ramon-diaz-descarta-lateral-situacao-de-igor-coronado-e-recado-para-romero-as-ultimas-noticias-do-corinthians\/","name":"Ram\u00f3n D\u00edaz descarta lateral, situa\u00e7\u00e3o de Igor Coronado e recado para Romero: as \u00faltimas not\u00edcias do Corinthians","isPartOf":{"@id":"https:\/\/www.gaveanews.com\/#website"},"primaryImageOfPage":{"@id":"https:\/\/www.gaveanews.com\/index.php\/2025\/03\/31\/ramon-diaz-descarta-lateral-situacao-de-igor-coronado-e-recado-para-romero-as-ultimas-noticias-do-corinthians\/#primaryimage"},"image":{"@id":"https:\/\/www.gaveanews.com\/index.php\/2025\/03\/31\/ramon-diaz-descarta-lateral-situacao-de-igor-coronado-e-recado-para-romero-as-ultimas-noticias-do-corinthians\/#primaryimage"},"thumbnailUrl":"https:\/\/www.gaveanews.com\/wp-content\/uploads\/Escudo-do-Corinthians-na-Neo-Quimica-Arena.webp","datePublished":"2025-03-31T12:40:00+00:00","author":{"@id":"https:\/\/www.gaveanews.com\/#\/schema\/person\/c79759ca337c40791ae8d08e2923d403"},"breadcrumb":{"@id":"https:\/\/www.gaveanews.com\/index.php\/2025\/03\/31\/ramon-diaz-descarta-lateral-situacao-de-igor-coronado-e-recado-para-romero-as-ultimas-noticias-do-corinthians\/#breadcrumb"},"inLanguage":"pt-BR","potentialAction":[{"@type":"ReadAction","target":["https:\/\/www.gaveanews.com\/index.php\/2025\/03\/31\/ramon-diaz-descarta-lateral-situacao-de-igor-coronado-e-recado-para-romero-as-ultimas-noticias-do-corinthians\/"]}]},{"@type":"ImageObject","inLanguage":"pt-BR","@id":"https:\/\/www.gaveanews.com\/index.php\/2025\/03\/31\/ramon-diaz-descarta-lateral-situacao-de-igor-coronado-e-recado-para-romero-as-ultimas-noticias-do-corinthians\/#primaryimage","url":"https:\/\/www.gaveanews.com\/wp-content\/uploads\/Escudo-do-Corinthians-na-Neo-Quimica-Arena.webp","contentUrl":"https:\/\/www.gaveanews.com\/wp-content\/uploads\/Escudo-do-Corinthians-na-Neo-Quimica-Arena.webp","width":1440,"height":959,"caption":"Escudo do Corinthians na N\u00e9o Qu\u00edmica Arena (Foto Reprodu\u00e7\u00e3o\/Instagram)"},{"@type":"BreadcrumbList","@id":"https:\/\/www.gaveanews.com\/index.php\/2025\/03\/31\/ramon-diaz-descarta-lateral-situacao-de-igor-coronado-e-recado-para-romero-as-ultimas-noticias-do-corinthians\/#breadcrumb","itemListElement":[{"@type":"ListItem","position":1,"name":"Home","item":"https:\/\/www.gaveanews.com\/"},{"@type":"ListItem","position":2,"name":"Ram\u00f3n D\u00edaz descarta lateral, situa\u00e7\u00e3o de Igor Coronado e recado para Romero: as \u00faltimas not\u00edcias do Corinthians"}]},{"@type":"WebSite","@id":"https:\/\/www.gaveanews.com\/#website","url":"https:\/\/www.gaveanews.com\/","name":"G\u00e1vea News","description":"Veja todas as not\u00edcias sobre o Flamengo: Contrata\u00e7\u00f5es, categorias de base, resultados das partidas, tabela de classifica\u00e7\u00e3o, pr\u00f3ximos jogos!","potentialAction":[{"@type":"SearchAction","target":{"@type":"EntryPoint","urlTemplate":"https:\/\/www.gaveanews.com\/?s={search_term_string}"},"query-input":{"@type":"PropertyValueSpecification","valueRequired":true,"valueName":"search_term_string"}}],"inLanguage":"pt-BR"},{"@type":"Person","@id":"https:\/\/www.gaveanews.com\/#\/schema\/person\/c79759ca337c40791ae8d08e2923d403","name":"Brenda Cezillo","image":{"@type":"ImageObject","inLanguage":"pt-BR","@id":"https:\/\/www.gaveanews.com\/#\/schema\/person\/image\/","url":"https:\/\/secure.gravatar.com\/avatar\/1738d75cee7317f9c29ae61dd67620c5883d80a92e42a6fff88ae5d527af217a?s=96&d=mm&r=g","contentUrl":"https:\/\/secure.gravatar.com\/avatar\/1738d75cee7317f9c29ae61dd67620c5883d80a92e42a6fff88ae5d527af217a?s=96&d=mm&r=g","caption":"Brenda Cezillo"}}]}},"_links":{"self":[{"href":"https:\/\/www.gaveanews.com\/index.php\/wp-json\/wp\/v2\/posts\/246898","targetHints":{"allow":["GET"]}}],"collection":[{"href":"https:\/\/www.gaveanews.com\/index.php\/wp-json\/wp\/v2\/posts"}],"about":[{"href":"https:\/\/www.gaveanews.com\/index.php\/wp-json\/wp\/v2\/types\/post"}],"author":[{"embeddable":true,"href":"https:\/\/www.gaveanews.com\/index.php\/wp-json\/wp\/v2\/users\/33"}],"replies":[{"embeddable":true,"href":"https:\/\/www.gaveanews.com\/index.php\/wp-json\/wp\/v2\/comments?post=246898"}],"version-history":[{"count":1,"href":"https:\/\/www.gaveanews.com\/index.php\/wp-json\/wp\/v2\/posts\/246898\/revisions"}],"predecessor-version":[{"id":246902,"href":"https:\/\/www.gaveanews.com\/index.php\/wp-json\/wp\/v2\/posts\/246898\/revisions\/246902"}],"wp:featuredmedia":[{"embeddable":true,"href":"https:\/\/www.gaveanews.com\/index.php\/wp-json\/wp\/v2\/media\/154473"}],"wp:attachment":[{"href":"https:\/\/www.gaveanews.com\/index.php\/wp-json\/wp\/v2\/media?parent=246898"}],"wp:term":[{"taxonomy":"category","embeddable":true,"href":"https:\/\/www.gaveanews.com\/index.php\/wp-json\/wp\/v2\/categories?post=246898"},{"taxonomy":"post_tag","embeddable":true,"href":"https:\/\/www.gaveanews.com\/index.php\/wp-json\/wp\/v2\/tags?post=246898"}],"curies":[{"name":"wp","href":"https:\/\/api.w.org\/{rel}","templated":true}]}}