{"id":246899,"date":"2025-03-31T09:45:00","date_gmt":"2025-03-31T12:45:00","guid":{"rendered":"https:\/\/www.gaveanews.com\/?p=246899"},"modified":"2025-03-31T09:30:41","modified_gmt":"2025-03-31T12:30:41","slug":"negociacao-com-flamengo-gabriel-carvalho-e-vitao-como-os-mais-valiosos-e-declaracao-de-vitao-as-ultimas-noticias-do-internacional","status":"publish","type":"post","link":"https:\/\/www.gaveanews.com\/index.php\/2025\/03\/31\/negociacao-com-flamengo-gabriel-carvalho-e-vitao-como-os-mais-valiosos-e-declaracao-de-vitao-as-ultimas-noticias-do-internacional\/","title":{"rendered":"Negocia\u00e7\u00e3o com Flamengo, Gabriel Carvalho e Vit\u00e3o como os mais valiosos e declara\u00e7\u00e3o de Vit\u00e3o: as \u00faltimas not\u00edcias do Internacional"},"content":{"rendered":"\n<p>Nas \u00faltimas horas, o foco das not\u00edcias sobre o Internacional se concentram nos bastidores do clube, com destaques do dia a dia do time.<\/p>\n\n\n\n<p>Por conta deste contexto, leia abaixo um resumo preparado pela equipe do portal G\u00e1vea News para lhe manter muito bem informado!<\/p>\n\n\n\n<div class=\"wp-block-group\"><div class=\"wp-block-group__inner-container is-layout-constrained wp-block-group-is-layout-constrained\">\n<h2 class=\"wp-block-heading\" id=\"h-declaracao-de-vitao\">Declara\u00e7\u00e3o de Vit\u00e3o<\/h2>\n\n\n\n<p>O zagueiro Vit\u00e3o, do Internacional, foi alvo de interesse do Flamengo e tamb\u00e9m monitorado pelo Palmeiras, mas decidiu permanecer em Porto Alegre. Apesar de rumores sobre a inclus\u00e3o de d\u00edvidas envolvendo Thiago Maia na negocia\u00e7\u00e3o com o clube carioca, o jogador esclareceu que n\u00e3o houve proposta formal e afirmou estar focado em conquistar t\u00edtulos com o Colorado. Vit\u00e3o destacou seu contentamento em continuar no clube ga\u00facho, refor\u00e7ando o desejo de fazer hist\u00f3ria vestindo a camisa vermelha<strong><a href=\"https:\/\/www.gaveanews.com\/index.php\/2025\/03\/27\/a-declaracao-de-vitao-do-internacional-sobre-negociacao-com-o-flamengo\/\"> (leia a mat\u00e9ria completa).<\/a><\/strong><\/p>\n\n\n\n<figure class=\"wp-block-image size-large\"><img loading=\"lazy\" decoding=\"async\" width=\"865\" height=\"1024\" src=\"http:\/\/www.gaveanews.com\/wp-content\/uploads\/Vitao-em-acao-pelo-Internacional-diante-do-Cuiaba-pelo-Brasileirao-2024-865x1024.webp\" alt=\"\" class=\"wp-image-156416\" srcset=\"https:\/\/www.gaveanews.com\/wp-content\/uploads\/Vitao-em-acao-pelo-Internacional-diante-do-Cuiaba-pelo-Brasileirao-2024-865x1024.webp 865w, https:\/\/www.gaveanews.com\/wp-content\/uploads\/Vitao-em-acao-pelo-Internacional-diante-do-Cuiaba-pelo-Brasileirao-2024-253x300.webp 253w, https:\/\/www.gaveanews.com\/wp-content\/uploads\/Vitao-em-acao-pelo-Internacional-diante-do-Cuiaba-pelo-Brasileirao-2024-768x910.webp 768w, https:\/\/www.gaveanews.com\/wp-content\/uploads\/Vitao-em-acao-pelo-Internacional-diante-do-Cuiaba-pelo-Brasileirao-2024-355x420.webp 355w, https:\/\/www.gaveanews.com\/wp-content\/uploads\/Vitao-em-acao-pelo-Internacional-diante-do-Cuiaba-pelo-Brasileirao-2024-709x840.webp 709w, https:\/\/www.gaveanews.com\/wp-content\/uploads\/Vitao-em-acao-pelo-Internacional-diante-do-Cuiaba-pelo-Brasileirao-2024-640x758.webp 640w, https:\/\/www.gaveanews.com\/wp-content\/uploads\/Vitao-em-acao-pelo-Internacional-diante-do-Cuiaba-pelo-Brasileirao-2024-681x806.webp 681w, https:\/\/www.gaveanews.com\/wp-content\/uploads\/Vitao-em-acao-pelo-Internacional-diante-do-Cuiaba-pelo-Brasileirao-2024-100x118.webp 100w, https:\/\/www.gaveanews.com\/wp-content\/uploads\/Vitao-em-acao-pelo-Internacional-diante-do-Cuiaba-pelo-Brasileirao-2024.webp 1080w\" sizes=\"auto, (max-width: 865px) 100vw, 865px\" \/><figcaption class=\"wp-element-caption\">Vit\u00e3o em a\u00e7\u00e3o pelo Internacional diante do Cuiab\u00e1 pelo Brasileir\u00e3o 2024 (Foto: Reprodu\u00e7\u00e3o\/Instagram)<\/figcaption><\/figure>\n\n\n\n<p>Em entrevista, o defensor revelou detalhes sobre os bastidores da tentativa de negocia\u00e7\u00e3o, enfatizando que sua prioridade nunca foi deixar o Internacional. Segundo ele, conversas com os dirigentes do clube fortaleceram sua decis\u00e3o de permanecer. <\/p>\n\n\n\n<p>A perman\u00eancia de Vit\u00e3o \u00e9 vista como estrat\u00e9gica, tanto pelo aspecto t\u00e9cnico quanto pela lideran\u00e7a que exerce na zaga. O atleta tamb\u00e9m reconheceu que estar fora do eixo Rio-S\u00e3o Paulo pode reduzir a visibilidade, mas acredita que o bom desempenho no Inter ser\u00e1 suficiente para atrair os olhares da Sele\u00e7\u00e3o Brasileira.<\/p>\n\n\n\n<p>Al\u00e9m do Flamengo, o Palmeiras tamb\u00e9m demonstrou interesse no defensor, enxergando nele uma pe\u00e7a importante para fortalecer seu sistema defensivo. No entanto, assim como os rubro-negros, o clube paulista tamb\u00e9m n\u00e3o chegou a formalizar uma proposta. Com isso, Vit\u00e3o segue com foco total na temporada 2025 pelo Internacional, buscando consolidar ainda mais seu nome no futebol nacional e sonhando com uma futura convoca\u00e7\u00e3o para representar o Brasil.<\/p>\n\n\n\n<h2 class=\"wp-block-heading\" id=\"h-gabriel-carvalho-e-vitao-como-os-mais-valiosos\">Gabriel Carvalho e Vit\u00e3o como os mais valiosos<\/h2>\n\n\n\n<p>O Internacional encerrou a primeira janela de transfer\u00eancias de 2025 com refor\u00e7os importantes e valoriza\u00e7\u00e3o significativa de seu elenco. Com foco na competitividade ao longo da temporada, o clube viu o valor de mercado de seus principais jogadores crescer, refletindo o bom momento t\u00e9cnico e estrat\u00e9gico da equipe. Segundo levantamento do site \u201cTransfermarkt\u201d, dez atletas se destacam nesse quesito, liderados por Gabriel Carvalho, o mais valioso do elenco colorado <strong><a href=\"https:\/\/www.gaveanews.com\/index.php\/2025\/03\/23\/gabriel-carvalho-vitao-borre-wesley-vitinho-thiago-maia-bruno-gomes-bernabei-rochet-e-alan-patrick-os-jogadores-mais-valiosos-do-internacional\/\">(leia a mat\u00e9ria completa).<\/a><\/strong><\/p>\n\n\n\n<figure class=\"wp-block-image size-large\"><img loading=\"lazy\" decoding=\"async\" width=\"1024\" height=\"682\" src=\"http:\/\/www.gaveanews.com\/wp-content\/uploads\/Gabriel-Carvalho-em-acao-pelo-Internacional-1024x682.webp\" alt=\"\" class=\"wp-image-169850\" srcset=\"https:\/\/www.gaveanews.com\/wp-content\/uploads\/Gabriel-Carvalho-em-acao-pelo-Internacional-1024x682.webp 1024w, https:\/\/www.gaveanews.com\/wp-content\/uploads\/Gabriel-Carvalho-em-acao-pelo-Internacional-300x200.webp 300w, https:\/\/www.gaveanews.com\/wp-content\/uploads\/Gabriel-Carvalho-em-acao-pelo-Internacional-768x511.webp 768w, https:\/\/www.gaveanews.com\/wp-content\/uploads\/Gabriel-Carvalho-em-acao-pelo-Internacional-631x420.webp 631w, https:\/\/www.gaveanews.com\/wp-content\/uploads\/Gabriel-Carvalho-em-acao-pelo-Internacional-1262x840.webp 1262w, https:\/\/www.gaveanews.com\/wp-content\/uploads\/Gabriel-Carvalho-em-acao-pelo-Internacional-640x426.webp 640w, https:\/\/www.gaveanews.com\/wp-content\/uploads\/Gabriel-Carvalho-em-acao-pelo-Internacional-1280x852.webp 1280w, https:\/\/www.gaveanews.com\/wp-content\/uploads\/Gabriel-Carvalho-em-acao-pelo-Internacional-681x453.webp 681w, https:\/\/www.gaveanews.com\/wp-content\/uploads\/Gabriel-Carvalho-em-acao-pelo-Internacional-1362x907.webp 1362w, https:\/\/www.gaveanews.com\/wp-content\/uploads\/Gabriel-Carvalho-em-acao-pelo-Internacional-100x67.webp 100w, https:\/\/www.gaveanews.com\/wp-content\/uploads\/Gabriel-Carvalho-em-acao-pelo-Internacional.webp 1400w\" sizes=\"auto, (max-width: 1024px) 100vw, 1024px\" \/><figcaption class=\"wp-element-caption\">Gabriel Carvalho em a\u00e7\u00e3o pelo Internacional (Foto: Ricardo Duarte\/Internacional)<\/figcaption><\/figure>\n\n\n\n<p>Gabriel Carvalho ocupa o topo da lista com um valor estimado em 12 milh\u00f5es de euros, cerca de R$ 74,1 milh\u00f5es. Em seguida, aparecem Vit\u00e3o, avaliado em 9 milh\u00f5es de euros, e Rafael Borr\u00e9 e Wesley, ambos cotados em 8 milh\u00f5es de euros. Outros nomes como Vitinho, Thiago Maia, Bruno Gomes, Alexandro Bernabei, Sergio Rochet e Alan Patrick completam o ranking, com valores que variam entre 3,5 e 6,5 milh\u00f5es de euros. O levantamento destaca uma base s\u00f3lida de atletas com alta valoriza\u00e7\u00e3o no mercado internacional.<\/p>\n\n\n\n<p>Essa valoriza\u00e7\u00e3o reflete n\u00e3o apenas a qualidade t\u00e9cnica dos jogadores, mas tamb\u00e9m a boa gest\u00e3o esportiva e o desempenho do time em campo. Com um plantel robusto e diversificado, o Internacional demonstra estar preparado para enfrentar os desafios das competi\u00e7\u00f5es em 2025. O foco agora \u00e9 manter o rendimento, aproveitar a profundidade do elenco e, quem sabe, atrair ainda mais olhares do mercado europeu nas pr\u00f3ximas janelas.<\/p>\n\n\n\n<h2 class=\"wp-block-heading\" id=\"h-negociacao-com-flamengo\">Negocia\u00e7\u00e3o com Flamengo<\/h2>\n\n\n\n<p>O Internacional iniciou conversas com o Flamengo para resolver uma pend\u00eancia financeira relacionada \u00e0 contrata\u00e7\u00e3o do volante Thiago Maia. O jogador foi adquirido pelo clube ga\u00facho em 2024, mas parte do valor \u2013 estimado em 7 milh\u00f5es de euros \u2013 ainda n\u00e3o foi quitado, o que levou o Rubro-Negro a acionar a FIFA para buscar uma resolu\u00e7\u00e3o. Apesar do impasse, o atleta permanece vinculado ao elenco colorado e ser\u00e1 aproveitado na temporada atual<strong><a href=\"https:\/\/www.gaveanews.com\/index.php\/2025\/03\/27\/internacional-abre-negociacoes-com-o-flamengo\/\"> (leia a mat\u00e9ria completa).<\/a><\/strong><\/p>\n\n\n\n<figure class=\"wp-block-image size-full\"><img loading=\"lazy\" decoding=\"async\" width=\"850\" height=\"516\" src=\"http:\/\/www.gaveanews.com\/wp-content\/uploads\/Flamengo-x-Internacional-pelo-Brasileirao-2025.webp\" alt=\"\" class=\"wp-image-246619\"\/><figcaption class=\"wp-element-caption\">Flamengo x Internacional pelo Brasileir\u00e3o 2025 (Foto: Gilvan de Souza\/Flamengo)<\/figcaption><\/figure>\n\n\n\n<p>Segundo Alessandro Barcellos, presidente do Inter, a situa\u00e7\u00e3o deve ser resolvida em breve. Ele tamb\u00e9m informou que outras pend\u00eancias com Palmeiras e Cruzeiro, referentes \u00e0s contrata\u00e7\u00f5es de Tabata e Wesley, j\u00e1 foram solucionadas. A perman\u00eancia de Thiago Maia \u00e9 vista com bons olhos pela comiss\u00e3o t\u00e9cnica, que o considera uma pe\u00e7a relevante para os desafios de 2025, especialmente na disputa do Brasileir\u00e3o e da Libertadores.<\/p>\n\n\n\n<p>O time ga\u00facho estreia no Campeonato Brasileiro justamente contra o Flamengo, no Maracan\u00e3, em duelo marcado para o pr\u00f3ximo s\u00e1bado. Em seguida, enfrenta o Bahia na primeira rodada da Libertadores. O t\u00e9cnico Roger Machado deve contar com os retornos de Valencia e Rochet, que estavam servindo suas sele\u00e7\u00f5es. Com ajustes fora de campo e foco nos compromissos decisivos, o Inter tenta equilibrar a parte financeira e esportiva em um momento estrat\u00e9gico da temporada.<\/p>\n<\/div><\/div>\n","protected":false},"excerpt":{"rendered":"<p>Nas \u00faltimas horas, o foco das not\u00edcias sobre o Internacional se concentram nos bastidores do clube, com destaques do dia a dia do time. Por conta deste contexto, leia abaixo um resumo preparado pela equipe do portal G\u00e1vea News para lhe manter muito bem informado! Declara\u00e7\u00e3o de Vit\u00e3o O zagueiro Vit\u00e3o, do Internacional, foi alvo [&hellip;]<\/p>\n","protected":false},"author":33,"featured_media":173600,"comment_status":"open","ping_status":"closed","sticky":false,"template":"","format":"standard","meta":{"footnotes":""},"categories":[148],"tags":[],"class_list":["post-246899","post","type-post","status-publish","format-standard","has-post-thumbnail","hentry","category-internacional"],"yoast_head":"<!-- This site is optimized with the Yoast SEO Premium plugin v24.2 (Yoast SEO v26.9) - https:\/\/yoast.com\/product\/yoast-seo-premium-wordpress\/ -->\n<title>Negocia\u00e7\u00e3o com Flamengo, Gabriel Carvalho e Vit\u00e3o como os mais valiosos e declara\u00e7\u00e3o de Vit\u00e3o: as \u00faltimas not\u00edcias do Internacional<\/title>\n<meta name=\"robots\" content=\"index, follow, max-snippet:-1, max-image-preview:large, max-video-preview:-1\" \/>\n<link rel=\"canonical\" href=\"https:\/\/www.gaveanews.com\/index.php\/2025\/03\/31\/negociacao-com-flamengo-gabriel-carvalho-e-vitao-como-os-mais-valiosos-e-declaracao-de-vitao-as-ultimas-noticias-do-internacional\/\" \/>\n<meta property=\"og:locale\" content=\"pt_BR\" \/>\n<meta property=\"og:type\" content=\"article\" \/>\n<meta property=\"og:title\" content=\"Negocia\u00e7\u00e3o com Flamengo, Gabriel Carvalho e Vit\u00e3o como os mais valiosos e declara\u00e7\u00e3o de Vit\u00e3o: as \u00faltimas not\u00edcias do Internacional\" \/>\n<meta property=\"og:description\" content=\"Nas \u00faltimas horas, o foco das not\u00edcias sobre o Internacional se concentram nos bastidores do clube, com destaques do dia a dia do time. Por conta deste contexto, leia abaixo um resumo preparado pela equipe do portal G\u00e1vea News para lhe manter muito bem informado! Declara\u00e7\u00e3o de Vit\u00e3o O zagueiro Vit\u00e3o, do Internacional, foi alvo [&hellip;]\" \/>\n<meta property=\"og:url\" content=\"https:\/\/www.gaveanews.com\/index.php\/2025\/03\/31\/negociacao-com-flamengo-gabriel-carvalho-e-vitao-como-os-mais-valiosos-e-declaracao-de-vitao-as-ultimas-noticias-do-internacional\/\" \/>\n<meta property=\"og:site_name\" content=\"G\u00e1vea News\" \/>\n<meta property=\"article:publisher\" content=\"https:\/\/facebook.com\/gaveaNews\/\" \/>\n<meta property=\"article:published_time\" content=\"2025-03-31T12:45:00+00:00\" \/>\n<meta property=\"og:image\" content=\"https:\/\/www.gaveanews.com\/wp-content\/uploads\/Escudo-do-Internacional.webp\" \/>\n\t<meta property=\"og:image:width\" content=\"1728\" \/>\n\t<meta property=\"og:image:height\" content=\"1080\" \/>\n\t<meta property=\"og:image:type\" content=\"image\/webp\" \/>\n<meta name=\"author\" content=\"Brenda Cezillo\" \/>\n<meta name=\"twitter:card\" content=\"summary_large_image\" \/>\n<meta name=\"twitter:label1\" content=\"Escrito por\" \/>\n\t<meta name=\"twitter:data1\" content=\"Brenda Cezillo\" \/>\n\t<meta name=\"twitter:label2\" content=\"Est. tempo de leitura\" \/>\n\t<meta name=\"twitter:data2\" content=\"6 minutos\" \/>\n<script type=\"application\/ld+json\" class=\"yoast-schema-graph\">{\"@context\":\"https:\/\/schema.org\",\"@graph\":[{\"@type\":\"NewsArticle\",\"@id\":\"https:\/\/www.gaveanews.com\/index.php\/2025\/03\/31\/negociacao-com-flamengo-gabriel-carvalho-e-vitao-como-os-mais-valiosos-e-declaracao-de-vitao-as-ultimas-noticias-do-internacional\/#article\",\"isPartOf\":{\"@id\":\"https:\/\/www.gaveanews.com\/index.php\/2025\/03\/31\/negociacao-com-flamengo-gabriel-carvalho-e-vitao-como-os-mais-valiosos-e-declaracao-de-vitao-as-ultimas-noticias-do-internacional\/\"},\"author\":{\"name\":\"Brenda Cezillo\",\"@id\":\"https:\/\/www.gaveanews.com\/#\/schema\/person\/c79759ca337c40791ae8d08e2923d403\"},\"headline\":\"Negocia\u00e7\u00e3o com Flamengo, Gabriel Carvalho e Vit\u00e3o como os mais valiosos e declara\u00e7\u00e3o de Vit\u00e3o: as \u00faltimas not\u00edcias do Internacional\",\"datePublished\":\"2025-03-31T12:45:00+00:00\",\"mainEntityOfPage\":{\"@id\":\"https:\/\/www.gaveanews.com\/index.php\/2025\/03\/31\/negociacao-com-flamengo-gabriel-carvalho-e-vitao-como-os-mais-valiosos-e-declaracao-de-vitao-as-ultimas-noticias-do-internacional\/\"},\"wordCount\":857,\"commentCount\":0,\"image\":{\"@id\":\"https:\/\/www.gaveanews.com\/index.php\/2025\/03\/31\/negociacao-com-flamengo-gabriel-carvalho-e-vitao-como-os-mais-valiosos-e-declaracao-de-vitao-as-ultimas-noticias-do-internacional\/#primaryimage\"},\"thumbnailUrl\":\"https:\/\/www.gaveanews.com\/wp-content\/uploads\/Escudo-do-Internacional.webp\",\"articleSection\":[\"Internacional\"],\"inLanguage\":\"pt-BR\",\"potentialAction\":[{\"@type\":\"CommentAction\",\"name\":\"Comment\",\"target\":[\"https:\/\/www.gaveanews.com\/index.php\/2025\/03\/31\/negociacao-com-flamengo-gabriel-carvalho-e-vitao-como-os-mais-valiosos-e-declaracao-de-vitao-as-ultimas-noticias-do-internacional\/#respond\"]}],\"copyrightYear\":\"2025\",\"copyrightHolder\":{\"@id\":\"https:\/\/www.gaveanews.com\/#organization\"}},{\"@type\":\"WebPage\",\"@id\":\"https:\/\/www.gaveanews.com\/index.php\/2025\/03\/31\/negociacao-com-flamengo-gabriel-carvalho-e-vitao-como-os-mais-valiosos-e-declaracao-de-vitao-as-ultimas-noticias-do-internacional\/\",\"url\":\"https:\/\/www.gaveanews.com\/index.php\/2025\/03\/31\/negociacao-com-flamengo-gabriel-carvalho-e-vitao-como-os-mais-valiosos-e-declaracao-de-vitao-as-ultimas-noticias-do-internacional\/\",\"name\":\"Negocia\u00e7\u00e3o com Flamengo, Gabriel Carvalho e Vit\u00e3o como os mais valiosos e declara\u00e7\u00e3o de Vit\u00e3o: as \u00faltimas not\u00edcias do Internacional\",\"isPartOf\":{\"@id\":\"https:\/\/www.gaveanews.com\/#website\"},\"primaryImageOfPage\":{\"@id\":\"https:\/\/www.gaveanews.com\/index.php\/2025\/03\/31\/negociacao-com-flamengo-gabriel-carvalho-e-vitao-como-os-mais-valiosos-e-declaracao-de-vitao-as-ultimas-noticias-do-internacional\/#primaryimage\"},\"image\":{\"@id\":\"https:\/\/www.gaveanews.com\/index.php\/2025\/03\/31\/negociacao-com-flamengo-gabriel-carvalho-e-vitao-como-os-mais-valiosos-e-declaracao-de-vitao-as-ultimas-noticias-do-internacional\/#primaryimage\"},\"thumbnailUrl\":\"https:\/\/www.gaveanews.com\/wp-content\/uploads\/Escudo-do-Internacional.webp\",\"datePublished\":\"2025-03-31T12:45:00+00:00\",\"author\":{\"@id\":\"https:\/\/www.gaveanews.com\/#\/schema\/person\/c79759ca337c40791ae8d08e2923d403\"},\"breadcrumb\":{\"@id\":\"https:\/\/www.gaveanews.com\/index.php\/2025\/03\/31\/negociacao-com-flamengo-gabriel-carvalho-e-vitao-como-os-mais-valiosos-e-declaracao-de-vitao-as-ultimas-noticias-do-internacional\/#breadcrumb\"},\"inLanguage\":\"pt-BR\",\"potentialAction\":[{\"@type\":\"ReadAction\",\"target\":[\"https:\/\/www.gaveanews.com\/index.php\/2025\/03\/31\/negociacao-com-flamengo-gabriel-carvalho-e-vitao-como-os-mais-valiosos-e-declaracao-de-vitao-as-ultimas-noticias-do-internacional\/\"]}]},{\"@type\":\"ImageObject\",\"inLanguage\":\"pt-BR\",\"@id\":\"https:\/\/www.gaveanews.com\/index.php\/2025\/03\/31\/negociacao-com-flamengo-gabriel-carvalho-e-vitao-como-os-mais-valiosos-e-declaracao-de-vitao-as-ultimas-noticias-do-internacional\/#primaryimage\",\"url\":\"https:\/\/www.gaveanews.com\/wp-content\/uploads\/Escudo-do-Internacional.webp\",\"contentUrl\":\"https:\/\/www.gaveanews.com\/wp-content\/uploads\/Escudo-do-Internacional.webp\",\"width\":1728,\"height\":1080,\"caption\":\"Escudo do Internacional (Foto: Reprodu\u00e7\u00e3o)\"},{\"@type\":\"BreadcrumbList\",\"@id\":\"https:\/\/www.gaveanews.com\/index.php\/2025\/03\/31\/negociacao-com-flamengo-gabriel-carvalho-e-vitao-como-os-mais-valiosos-e-declaracao-de-vitao-as-ultimas-noticias-do-internacional\/#breadcrumb\",\"itemListElement\":[{\"@type\":\"ListItem\",\"position\":1,\"name\":\"Home\",\"item\":\"https:\/\/www.gaveanews.com\/\"},{\"@type\":\"ListItem\",\"position\":2,\"name\":\"Negocia\u00e7\u00e3o com Flamengo, Gabriel Carvalho e Vit\u00e3o como os mais valiosos e declara\u00e7\u00e3o de Vit\u00e3o: as \u00faltimas not\u00edcias do Internacional\"}]},{\"@type\":\"WebSite\",\"@id\":\"https:\/\/www.gaveanews.com\/#website\",\"url\":\"https:\/\/www.gaveanews.com\/\",\"name\":\"G\u00e1vea News\",\"description\":\"Veja todas as not\u00edcias sobre o Flamengo: Contrata\u00e7\u00f5es, categorias de base, resultados das partidas, tabela de classifica\u00e7\u00e3o, pr\u00f3ximos jogos!\",\"potentialAction\":[{\"@type\":\"SearchAction\",\"target\":{\"@type\":\"EntryPoint\",\"urlTemplate\":\"https:\/\/www.gaveanews.com\/?s={search_term_string}\"},\"query-input\":{\"@type\":\"PropertyValueSpecification\",\"valueRequired\":true,\"valueName\":\"search_term_string\"}}],\"inLanguage\":\"pt-BR\"},{\"@type\":\"Person\",\"@id\":\"https:\/\/www.gaveanews.com\/#\/schema\/person\/c79759ca337c40791ae8d08e2923d403\",\"name\":\"Brenda Cezillo\",\"image\":{\"@type\":\"ImageObject\",\"inLanguage\":\"pt-BR\",\"@id\":\"https:\/\/www.gaveanews.com\/#\/schema\/person\/image\/\",\"url\":\"https:\/\/secure.gravatar.com\/avatar\/1738d75cee7317f9c29ae61dd67620c5883d80a92e42a6fff88ae5d527af217a?s=96&d=mm&r=g\",\"contentUrl\":\"https:\/\/secure.gravatar.com\/avatar\/1738d75cee7317f9c29ae61dd67620c5883d80a92e42a6fff88ae5d527af217a?s=96&d=mm&r=g\",\"caption\":\"Brenda Cezillo\"}}]}<\/script>\n<!-- \/ Yoast SEO Premium plugin. -->","yoast_head_json":{"title":"Negocia\u00e7\u00e3o com Flamengo, Gabriel Carvalho e Vit\u00e3o como os mais valiosos e declara\u00e7\u00e3o de Vit\u00e3o: as \u00faltimas not\u00edcias do Internacional","robots":{"index":"index","follow":"follow","max-snippet":"max-snippet:-1","max-image-preview":"max-image-preview:large","max-video-preview":"max-video-preview:-1"},"canonical":"https:\/\/www.gaveanews.com\/index.php\/2025\/03\/31\/negociacao-com-flamengo-gabriel-carvalho-e-vitao-como-os-mais-valiosos-e-declaracao-de-vitao-as-ultimas-noticias-do-internacional\/","og_locale":"pt_BR","og_type":"article","og_title":"Negocia\u00e7\u00e3o com Flamengo, Gabriel Carvalho e Vit\u00e3o como os mais valiosos e declara\u00e7\u00e3o de Vit\u00e3o: as \u00faltimas not\u00edcias do Internacional","og_description":"Nas \u00faltimas horas, o foco das not\u00edcias sobre o Internacional se concentram nos bastidores do clube, com destaques do dia a dia do time. Por conta deste contexto, leia abaixo um resumo preparado pela equipe do portal G\u00e1vea News para lhe manter muito bem informado! Declara\u00e7\u00e3o de Vit\u00e3o O zagueiro Vit\u00e3o, do Internacional, foi alvo [&hellip;]","og_url":"https:\/\/www.gaveanews.com\/index.php\/2025\/03\/31\/negociacao-com-flamengo-gabriel-carvalho-e-vitao-como-os-mais-valiosos-e-declaracao-de-vitao-as-ultimas-noticias-do-internacional\/","og_site_name":"G\u00e1vea News","article_publisher":"https:\/\/facebook.com\/gaveaNews\/","article_published_time":"2025-03-31T12:45:00+00:00","og_image":[{"width":1728,"height":1080,"url":"https:\/\/www.gaveanews.com\/wp-content\/uploads\/Escudo-do-Internacional.webp","type":"image\/webp"}],"author":"Brenda Cezillo","twitter_card":"summary_large_image","twitter_misc":{"Escrito por":"Brenda Cezillo","Est. tempo de leitura":"6 minutos"},"schema":{"@context":"https:\/\/schema.org","@graph":[{"@type":"NewsArticle","@id":"https:\/\/www.gaveanews.com\/index.php\/2025\/03\/31\/negociacao-com-flamengo-gabriel-carvalho-e-vitao-como-os-mais-valiosos-e-declaracao-de-vitao-as-ultimas-noticias-do-internacional\/#article","isPartOf":{"@id":"https:\/\/www.gaveanews.com\/index.php\/2025\/03\/31\/negociacao-com-flamengo-gabriel-carvalho-e-vitao-como-os-mais-valiosos-e-declaracao-de-vitao-as-ultimas-noticias-do-internacional\/"},"author":{"name":"Brenda Cezillo","@id":"https:\/\/www.gaveanews.com\/#\/schema\/person\/c79759ca337c40791ae8d08e2923d403"},"headline":"Negocia\u00e7\u00e3o com Flamengo, Gabriel Carvalho e Vit\u00e3o como os mais valiosos e declara\u00e7\u00e3o de Vit\u00e3o: as \u00faltimas not\u00edcias do Internacional","datePublished":"2025-03-31T12:45:00+00:00","mainEntityOfPage":{"@id":"https:\/\/www.gaveanews.com\/index.php\/2025\/03\/31\/negociacao-com-flamengo-gabriel-carvalho-e-vitao-como-os-mais-valiosos-e-declaracao-de-vitao-as-ultimas-noticias-do-internacional\/"},"wordCount":857,"commentCount":0,"image":{"@id":"https:\/\/www.gaveanews.com\/index.php\/2025\/03\/31\/negociacao-com-flamengo-gabriel-carvalho-e-vitao-como-os-mais-valiosos-e-declaracao-de-vitao-as-ultimas-noticias-do-internacional\/#primaryimage"},"thumbnailUrl":"https:\/\/www.gaveanews.com\/wp-content\/uploads\/Escudo-do-Internacional.webp","articleSection":["Internacional"],"inLanguage":"pt-BR","potentialAction":[{"@type":"CommentAction","name":"Comment","target":["https:\/\/www.gaveanews.com\/index.php\/2025\/03\/31\/negociacao-com-flamengo-gabriel-carvalho-e-vitao-como-os-mais-valiosos-e-declaracao-de-vitao-as-ultimas-noticias-do-internacional\/#respond"]}],"copyrightYear":"2025","copyrightHolder":{"@id":"https:\/\/www.gaveanews.com\/#organization"}},{"@type":"WebPage","@id":"https:\/\/www.gaveanews.com\/index.php\/2025\/03\/31\/negociacao-com-flamengo-gabriel-carvalho-e-vitao-como-os-mais-valiosos-e-declaracao-de-vitao-as-ultimas-noticias-do-internacional\/","url":"https:\/\/www.gaveanews.com\/index.php\/2025\/03\/31\/negociacao-com-flamengo-gabriel-carvalho-e-vitao-como-os-mais-valiosos-e-declaracao-de-vitao-as-ultimas-noticias-do-internacional\/","name":"Negocia\u00e7\u00e3o com Flamengo, Gabriel Carvalho e Vit\u00e3o como os mais valiosos e declara\u00e7\u00e3o de Vit\u00e3o: as \u00faltimas not\u00edcias do Internacional","isPartOf":{"@id":"https:\/\/www.gaveanews.com\/#website"},"primaryImageOfPage":{"@id":"https:\/\/www.gaveanews.com\/index.php\/2025\/03\/31\/negociacao-com-flamengo-gabriel-carvalho-e-vitao-como-os-mais-valiosos-e-declaracao-de-vitao-as-ultimas-noticias-do-internacional\/#primaryimage"},"image":{"@id":"https:\/\/www.gaveanews.com\/index.php\/2025\/03\/31\/negociacao-com-flamengo-gabriel-carvalho-e-vitao-como-os-mais-valiosos-e-declaracao-de-vitao-as-ultimas-noticias-do-internacional\/#primaryimage"},"thumbnailUrl":"https:\/\/www.gaveanews.com\/wp-content\/uploads\/Escudo-do-Internacional.webp","datePublished":"2025-03-31T12:45:00+00:00","author":{"@id":"https:\/\/www.gaveanews.com\/#\/schema\/person\/c79759ca337c40791ae8d08e2923d403"},"breadcrumb":{"@id":"https:\/\/www.gaveanews.com\/index.php\/2025\/03\/31\/negociacao-com-flamengo-gabriel-carvalho-e-vitao-como-os-mais-valiosos-e-declaracao-de-vitao-as-ultimas-noticias-do-internacional\/#breadcrumb"},"inLanguage":"pt-BR","potentialAction":[{"@type":"ReadAction","target":["https:\/\/www.gaveanews.com\/index.php\/2025\/03\/31\/negociacao-com-flamengo-gabriel-carvalho-e-vitao-como-os-mais-valiosos-e-declaracao-de-vitao-as-ultimas-noticias-do-internacional\/"]}]},{"@type":"ImageObject","inLanguage":"pt-BR","@id":"https:\/\/www.gaveanews.com\/index.php\/2025\/03\/31\/negociacao-com-flamengo-gabriel-carvalho-e-vitao-como-os-mais-valiosos-e-declaracao-de-vitao-as-ultimas-noticias-do-internacional\/#primaryimage","url":"https:\/\/www.gaveanews.com\/wp-content\/uploads\/Escudo-do-Internacional.webp","contentUrl":"https:\/\/www.gaveanews.com\/wp-content\/uploads\/Escudo-do-Internacional.webp","width":1728,"height":1080,"caption":"Escudo do Internacional (Foto: Reprodu\u00e7\u00e3o)"},{"@type":"BreadcrumbList","@id":"https:\/\/www.gaveanews.com\/index.php\/2025\/03\/31\/negociacao-com-flamengo-gabriel-carvalho-e-vitao-como-os-mais-valiosos-e-declaracao-de-vitao-as-ultimas-noticias-do-internacional\/#breadcrumb","itemListElement":[{"@type":"ListItem","position":1,"name":"Home","item":"https:\/\/www.gaveanews.com\/"},{"@type":"ListItem","position":2,"name":"Negocia\u00e7\u00e3o com Flamengo, Gabriel Carvalho e Vit\u00e3o como os mais valiosos e declara\u00e7\u00e3o de Vit\u00e3o: as \u00faltimas not\u00edcias do Internacional"}]},{"@type":"WebSite","@id":"https:\/\/www.gaveanews.com\/#website","url":"https:\/\/www.gaveanews.com\/","name":"G\u00e1vea News","description":"Veja todas as not\u00edcias sobre o Flamengo: Contrata\u00e7\u00f5es, categorias de base, resultados das partidas, tabela de classifica\u00e7\u00e3o, pr\u00f3ximos jogos!","potentialAction":[{"@type":"SearchAction","target":{"@type":"EntryPoint","urlTemplate":"https:\/\/www.gaveanews.com\/?s={search_term_string}"},"query-input":{"@type":"PropertyValueSpecification","valueRequired":true,"valueName":"search_term_string"}}],"inLanguage":"pt-BR"},{"@type":"Person","@id":"https:\/\/www.gaveanews.com\/#\/schema\/person\/c79759ca337c40791ae8d08e2923d403","name":"Brenda Cezillo","image":{"@type":"ImageObject","inLanguage":"pt-BR","@id":"https:\/\/www.gaveanews.com\/#\/schema\/person\/image\/","url":"https:\/\/secure.gravatar.com\/avatar\/1738d75cee7317f9c29ae61dd67620c5883d80a92e42a6fff88ae5d527af217a?s=96&d=mm&r=g","contentUrl":"https:\/\/secure.gravatar.com\/avatar\/1738d75cee7317f9c29ae61dd67620c5883d80a92e42a6fff88ae5d527af217a?s=96&d=mm&r=g","caption":"Brenda Cezillo"}}]}},"_links":{"self":[{"href":"https:\/\/www.gaveanews.com\/index.php\/wp-json\/wp\/v2\/posts\/246899","targetHints":{"allow":["GET"]}}],"collection":[{"href":"https:\/\/www.gaveanews.com\/index.php\/wp-json\/wp\/v2\/posts"}],"about":[{"href":"https:\/\/www.gaveanews.com\/index.php\/wp-json\/wp\/v2\/types\/post"}],"author":[{"embeddable":true,"href":"https:\/\/www.gaveanews.com\/index.php\/wp-json\/wp\/v2\/users\/33"}],"replies":[{"embeddable":true,"href":"https:\/\/www.gaveanews.com\/index.php\/wp-json\/wp\/v2\/comments?post=246899"}],"version-history":[{"count":1,"href":"https:\/\/www.gaveanews.com\/index.php\/wp-json\/wp\/v2\/posts\/246899\/revisions"}],"predecessor-version":[{"id":246908,"href":"https:\/\/www.gaveanews.com\/index.php\/wp-json\/wp\/v2\/posts\/246899\/revisions\/246908"}],"wp:featuredmedia":[{"embeddable":true,"href":"https:\/\/www.gaveanews.com\/index.php\/wp-json\/wp\/v2\/media\/173600"}],"wp:attachment":[{"href":"https:\/\/www.gaveanews.com\/index.php\/wp-json\/wp\/v2\/media?parent=246899"}],"wp:term":[{"taxonomy":"category","embeddable":true,"href":"https:\/\/www.gaveanews.com\/index.php\/wp-json\/wp\/v2\/categories?post=246899"},{"taxonomy":"post_tag","embeddable":true,"href":"https:\/\/www.gaveanews.com\/index.php\/wp-json\/wp\/v2\/tags?post=246899"}],"curies":[{"name":"wp","href":"https:\/\/api.w.org\/{rel}","templated":true}]}}