{"id":246938,"date":"2025-03-31T10:45:00","date_gmt":"2025-03-31T13:45:00","guid":{"rendered":"https:\/\/www.gaveanews.com\/?p=246938"},"modified":"2025-03-31T10:39:52","modified_gmt":"2025-03-31T13:39:52","slug":"a-declaracao-de-leo-ortiz-direcionada-a-leo-pereira-do-flamengo-eu-acho-que","status":"publish","type":"post","link":"https:\/\/www.gaveanews.com\/index.php\/2025\/03\/31\/a-declaracao-de-leo-ortiz-direcionada-a-leo-pereira-do-flamengo-eu-acho-que\/","title":{"rendered":"A declara\u00e7\u00e3o de L\u00e9o Ortiz direcionada a L\u00e9o Pereira, do Flamengo: &#8220;Eu acho que&#8230;&#8221;"},"content":{"rendered":"\n<p>O Flamengo iniciou sua trajet\u00f3ria no Campeonato Brasileiro com um empate por 1 a 1 contra o Internacional, no \u00faltimo s\u00e1bado (29), mas o resultado n\u00e3o foi a \u00fanica preocupa\u00e7\u00e3o. Nos minutos finais da partida, L\u00e9o Pereira sofreu uma pancada no joelho esquerdo e precisou ser substitu\u00eddo, deixando um alerta para o setor defensivo rubro-negro.&nbsp;<\/p>\n\n\n\n<p>O zagueiro ser\u00e1 reavaliado pelo Departamento M\u00e9dico, e sua presen\u00e7a na estreia da Libertadores ainda \u00e9 incerta. Ap\u00f3s o jogo, L\u00e9o Ortiz falou sobre a situa\u00e7\u00e3o do companheiro e demonstrou preocupa\u00e7\u00e3o com a gravidade da les\u00e3o.<\/p>\n\n\n\n<h2 class=\"wp-block-heading\" id=\"h-zagueiro-rubro-negro-preocupa-para-a-libertadores\">Zagueiro rubro-negro preocupa para a Libertadores<\/h2>\n\n\n\n<figure class=\"wp-block-image size-large\"><img loading=\"lazy\" decoding=\"async\" width=\"1024\" height=\"684\" src=\"http:\/\/www.gaveanews.com\/wp-content\/uploads\/Leo-Pereira-em-acao-pelo-Flamengo-1024x684.webp\" alt=\"\" class=\"wp-image-168969\" srcset=\"https:\/\/www.gaveanews.com\/wp-content\/uploads\/Leo-Pereira-em-acao-pelo-Flamengo-1024x684.webp 1024w, https:\/\/www.gaveanews.com\/wp-content\/uploads\/Leo-Pereira-em-acao-pelo-Flamengo-300x201.webp 300w, https:\/\/www.gaveanews.com\/wp-content\/uploads\/Leo-Pereira-em-acao-pelo-Flamengo-768x513.webp 768w, https:\/\/www.gaveanews.com\/wp-content\/uploads\/Leo-Pereira-em-acao-pelo-Flamengo-628x420.webp 628w, https:\/\/www.gaveanews.com\/wp-content\/uploads\/Leo-Pereira-em-acao-pelo-Flamengo-537x360.webp 537w, https:\/\/www.gaveanews.com\/wp-content\/uploads\/Leo-Pereira-em-acao-pelo-Flamengo-640x428.webp 640w, https:\/\/www.gaveanews.com\/wp-content\/uploads\/Leo-Pereira-em-acao-pelo-Flamengo-681x455.webp 681w, https:\/\/www.gaveanews.com\/wp-content\/uploads\/Leo-Pereira-em-acao-pelo-Flamengo-100x67.webp 100w, https:\/\/www.gaveanews.com\/wp-content\/uploads\/Leo-Pereira-em-acao-pelo-Flamengo.webp 1170w\" sizes=\"auto, (max-width: 1024px) 100vw, 1024px\" \/><figcaption class=\"wp-element-caption\">L\u00e9o Pereira em a\u00e7\u00e3o pelo Flamengo (Foto: Reprodu\u00e7\u00e3o\/Instagram)<\/figcaption><\/figure>\n\n\n\n<p>L\u00e9o Pereira sofreu uma pancada no joelho esquerdo em uma dividida com Carbonero, atacante do Internacional, aos 38 minutos do segundo tempo. Apesar de tentar continuar em campo, o defensor n\u00e3o suportou as dores e precisou ser substitu\u00eddo aos 43\u2019.<\/p>\n\n\n\n<p>Ainda no banco de reservas, o camisa 4 iniciou o tratamento com gelo, o que j\u00e1 indicava uma poss\u00edvel preocupa\u00e7\u00e3o. Por isso, ap\u00f3s a partida, L\u00e9o Ortiz comentou sobre a situa\u00e7\u00e3o do companheiro de zaga:<\/p>\n\n\n\n<p>\u201cEu acho que ele (L\u00e9o Pereira) est\u00e1 bem, ele est\u00e1 sentindo um pouco de dor ainda, agora \u00e9 mais a parte m\u00e9dica de ver o que aconteceu. Foi uma pancada muito forte que ele sentiu, quando voc\u00ea vai marcar e bate o joelho na parte de dentro do outro joelho, ent\u00e3o incomoda bastante. Espero que n\u00e3o seja nada grave, que ele possa se recuperar bem, porque a gente precisa muito dele\u201d, disse L\u00e9o Ortiz.<\/p>\n\n\n\n<h2 class=\"wp-block-heading\" id=\"h-departamento-medico-fara-reavaliacao\">Departamento M\u00e9dico far\u00e1 reavalia\u00e7\u00e3o<\/h2>\n\n\n\n<p>Vale destacar que o elenco do Flamengo recebeu folga no domingo (30), e, portanto, L\u00e9o Pereira ser\u00e1 reavaliado pelo Departamento M\u00e9dico do clube nesta segunda-feira (31). Dessa forma, o defensor pode se tornar mais um desfalque no setor defensivo, que j\u00e1 n\u00e3o conta com Danilo, lesionado.<\/p>\n\n\n\n<p>Cabe ressaltar que a preocupa\u00e7\u00e3o com o zagueiro rubro-negro acontece justamente \u00e0s v\u00e9speras da estreia na Copa Libertadores da Am\u00e9rica.&nbsp;<\/p>\n\n\n\n<p>O Flamengo entra em campo na pr\u00f3xima quinta-feira (03), contra o Deportivo T\u00e1chira, na Venezuela, e Filipe Lu\u00eds aguarda atualiza\u00e7\u00f5es m\u00e9dicas para definir sua escala\u00e7\u00e3o.<\/p>\n","protected":false},"excerpt":{"rendered":"<p>O Flamengo iniciou sua trajet\u00f3ria no Campeonato Brasileiro com um empate por 1 a 1 contra o Internacional, no \u00faltimo s\u00e1bado (29), mas o resultado n\u00e3o foi a \u00fanica preocupa\u00e7\u00e3o. Nos minutos finais da partida, L\u00e9o Pereira sofreu uma pancada no joelho esquerdo e precisou ser substitu\u00eddo, deixando um alerta para o setor defensivo rubro-negro.&nbsp; [&hellip;]<\/p>\n","protected":false},"author":25,"featured_media":130723,"comment_status":"open","ping_status":"closed","sticky":false,"template":"","format":"standard","meta":{"footnotes":""},"categories":[1],"tags":[],"class_list":["post-246938","post","type-post","status-publish","format-standard","has-post-thumbnail","hentry","category-flamengo"],"yoast_head":"<!-- This site is optimized with the Yoast SEO Premium plugin v24.2 (Yoast SEO v26.9) - https:\/\/yoast.com\/product\/yoast-seo-premium-wordpress\/ -->\n<title>A declara\u00e7\u00e3o de L\u00e9o Ortiz direcionada a L\u00e9o Pereira, do Flamengo: &quot;Eu acho que...&quot;<\/title>\n<meta name=\"robots\" content=\"index, follow, max-snippet:-1, max-image-preview:large, max-video-preview:-1\" \/>\n<link rel=\"canonical\" href=\"https:\/\/www.gaveanews.com\/index.php\/2025\/03\/31\/a-declaracao-de-leo-ortiz-direcionada-a-leo-pereira-do-flamengo-eu-acho-que\/\" \/>\n<meta property=\"og:locale\" content=\"pt_BR\" \/>\n<meta property=\"og:type\" content=\"article\" \/>\n<meta property=\"og:title\" content=\"A declara\u00e7\u00e3o de L\u00e9o Ortiz direcionada a L\u00e9o Pereira, do Flamengo: &quot;Eu acho que...&quot;\" \/>\n<meta property=\"og:description\" content=\"O Flamengo iniciou sua trajet\u00f3ria no Campeonato Brasileiro com um empate por 1 a 1 contra o Internacional, no \u00faltimo s\u00e1bado (29), mas o resultado n\u00e3o foi a \u00fanica preocupa\u00e7\u00e3o. Nos minutos finais da partida, L\u00e9o Pereira sofreu uma pancada no joelho esquerdo e precisou ser substitu\u00eddo, deixando um alerta para o setor defensivo rubro-negro.&nbsp; [&hellip;]\" \/>\n<meta property=\"og:url\" content=\"https:\/\/www.gaveanews.com\/index.php\/2025\/03\/31\/a-declaracao-de-leo-ortiz-direcionada-a-leo-pereira-do-flamengo-eu-acho-que\/\" \/>\n<meta property=\"og:site_name\" content=\"G\u00e1vea News\" \/>\n<meta property=\"article:publisher\" content=\"https:\/\/facebook.com\/gaveaNews\/\" \/>\n<meta property=\"article:published_time\" content=\"2025-03-31T13:45:00+00:00\" \/>\n<meta property=\"og:image\" content=\"https:\/\/www.gaveanews.com\/wp-content\/uploads\/Leo-Ortiz-em-coletiva-de-apresentacao-no-Flamengo.webp\" \/>\n\t<meta property=\"og:image:width\" content=\"1480\" \/>\n\t<meta property=\"og:image:height\" content=\"929\" \/>\n\t<meta property=\"og:image:type\" content=\"image\/png\" \/>\n<meta name=\"author\" content=\"Rafaela Ladeira\" \/>\n<meta name=\"twitter:card\" content=\"summary_large_image\" \/>\n<meta name=\"twitter:label1\" content=\"Escrito por\" \/>\n\t<meta name=\"twitter:data1\" content=\"Rafaela Ladeira\" \/>\n\t<meta name=\"twitter:label2\" content=\"Est. tempo de leitura\" \/>\n\t<meta name=\"twitter:data2\" content=\"3 minutos\" \/>\n<script type=\"application\/ld+json\" class=\"yoast-schema-graph\">{\"@context\":\"https:\/\/schema.org\",\"@graph\":[{\"@type\":\"NewsArticle\",\"@id\":\"https:\/\/www.gaveanews.com\/index.php\/2025\/03\/31\/a-declaracao-de-leo-ortiz-direcionada-a-leo-pereira-do-flamengo-eu-acho-que\/#article\",\"isPartOf\":{\"@id\":\"https:\/\/www.gaveanews.com\/index.php\/2025\/03\/31\/a-declaracao-de-leo-ortiz-direcionada-a-leo-pereira-do-flamengo-eu-acho-que\/\"},\"author\":{\"name\":\"Rafaela Ladeira\",\"@id\":\"https:\/\/www.gaveanews.com\/#\/schema\/person\/0eb3e3fe1754f0205218538adbe8f5ed\"},\"headline\":\"A declara\u00e7\u00e3o de L\u00e9o Ortiz direcionada a L\u00e9o Pereira, do Flamengo: &#8220;Eu acho que&#8230;&#8221;\",\"datePublished\":\"2025-03-31T13:45:00+00:00\",\"mainEntityOfPage\":{\"@id\":\"https:\/\/www.gaveanews.com\/index.php\/2025\/03\/31\/a-declaracao-de-leo-ortiz-direcionada-a-leo-pereira-do-flamengo-eu-acho-que\/\"},\"wordCount\":401,\"commentCount\":0,\"image\":{\"@id\":\"https:\/\/www.gaveanews.com\/index.php\/2025\/03\/31\/a-declaracao-de-leo-ortiz-direcionada-a-leo-pereira-do-flamengo-eu-acho-que\/#primaryimage\"},\"thumbnailUrl\":\"https:\/\/www.gaveanews.com\/wp-content\/uploads\/Leo-Ortiz-em-coletiva-de-apresentacao-no-Flamengo.webp\",\"articleSection\":[\"Flamengo\"],\"inLanguage\":\"pt-BR\",\"potentialAction\":[{\"@type\":\"CommentAction\",\"name\":\"Comment\",\"target\":[\"https:\/\/www.gaveanews.com\/index.php\/2025\/03\/31\/a-declaracao-de-leo-ortiz-direcionada-a-leo-pereira-do-flamengo-eu-acho-que\/#respond\"]}],\"copyrightYear\":\"2025\",\"copyrightHolder\":{\"@id\":\"https:\/\/www.gaveanews.com\/#organization\"}},{\"@type\":\"WebPage\",\"@id\":\"https:\/\/www.gaveanews.com\/index.php\/2025\/03\/31\/a-declaracao-de-leo-ortiz-direcionada-a-leo-pereira-do-flamengo-eu-acho-que\/\",\"url\":\"https:\/\/www.gaveanews.com\/index.php\/2025\/03\/31\/a-declaracao-de-leo-ortiz-direcionada-a-leo-pereira-do-flamengo-eu-acho-que\/\",\"name\":\"A declara\u00e7\u00e3o de L\u00e9o Ortiz direcionada a L\u00e9o Pereira, do Flamengo: \\\"Eu acho que...\\\"\",\"isPartOf\":{\"@id\":\"https:\/\/www.gaveanews.com\/#website\"},\"primaryImageOfPage\":{\"@id\":\"https:\/\/www.gaveanews.com\/index.php\/2025\/03\/31\/a-declaracao-de-leo-ortiz-direcionada-a-leo-pereira-do-flamengo-eu-acho-que\/#primaryimage\"},\"image\":{\"@id\":\"https:\/\/www.gaveanews.com\/index.php\/2025\/03\/31\/a-declaracao-de-leo-ortiz-direcionada-a-leo-pereira-do-flamengo-eu-acho-que\/#primaryimage\"},\"thumbnailUrl\":\"https:\/\/www.gaveanews.com\/wp-content\/uploads\/Leo-Ortiz-em-coletiva-de-apresentacao-no-Flamengo.webp\",\"datePublished\":\"2025-03-31T13:45:00+00:00\",\"author\":{\"@id\":\"https:\/\/www.gaveanews.com\/#\/schema\/person\/0eb3e3fe1754f0205218538adbe8f5ed\"},\"breadcrumb\":{\"@id\":\"https:\/\/www.gaveanews.com\/index.php\/2025\/03\/31\/a-declaracao-de-leo-ortiz-direcionada-a-leo-pereira-do-flamengo-eu-acho-que\/#breadcrumb\"},\"inLanguage\":\"pt-BR\",\"potentialAction\":[{\"@type\":\"ReadAction\",\"target\":[\"https:\/\/www.gaveanews.com\/index.php\/2025\/03\/31\/a-declaracao-de-leo-ortiz-direcionada-a-leo-pereira-do-flamengo-eu-acho-que\/\"]}]},{\"@type\":\"ImageObject\",\"inLanguage\":\"pt-BR\",\"@id\":\"https:\/\/www.gaveanews.com\/index.php\/2025\/03\/31\/a-declaracao-de-leo-ortiz-direcionada-a-leo-pereira-do-flamengo-eu-acho-que\/#primaryimage\",\"url\":\"https:\/\/www.gaveanews.com\/wp-content\/uploads\/Leo-Ortiz-em-coletiva-de-apresentacao-no-Flamengo.webp\",\"contentUrl\":\"https:\/\/www.gaveanews.com\/wp-content\/uploads\/Leo-Ortiz-em-coletiva-de-apresentacao-no-Flamengo.webp\",\"width\":1480,\"height\":929,\"caption\":\"Leo Ortiz em coletiva de apresenta\u00e7\u00e3o no Flamengo - Foto: reprodu\u00e7\u00e3o FlaTV\"},{\"@type\":\"BreadcrumbList\",\"@id\":\"https:\/\/www.gaveanews.com\/index.php\/2025\/03\/31\/a-declaracao-de-leo-ortiz-direcionada-a-leo-pereira-do-flamengo-eu-acho-que\/#breadcrumb\",\"itemListElement\":[{\"@type\":\"ListItem\",\"position\":1,\"name\":\"Home\",\"item\":\"https:\/\/www.gaveanews.com\/\"},{\"@type\":\"ListItem\",\"position\":2,\"name\":\"A declara\u00e7\u00e3o de L\u00e9o Ortiz direcionada a L\u00e9o Pereira, do Flamengo: &#8220;Eu acho que&#8230;&#8221;\"}]},{\"@type\":\"WebSite\",\"@id\":\"https:\/\/www.gaveanews.com\/#website\",\"url\":\"https:\/\/www.gaveanews.com\/\",\"name\":\"G\u00e1vea News\",\"description\":\"Veja todas as not\u00edcias sobre o Flamengo: Contrata\u00e7\u00f5es, categorias de base, resultados das partidas, tabela de classifica\u00e7\u00e3o, pr\u00f3ximos jogos!\",\"potentialAction\":[{\"@type\":\"SearchAction\",\"target\":{\"@type\":\"EntryPoint\",\"urlTemplate\":\"https:\/\/www.gaveanews.com\/?s={search_term_string}\"},\"query-input\":{\"@type\":\"PropertyValueSpecification\",\"valueRequired\":true,\"valueName\":\"search_term_string\"}}],\"inLanguage\":\"pt-BR\"},{\"@type\":\"Person\",\"@id\":\"https:\/\/www.gaveanews.com\/#\/schema\/person\/0eb3e3fe1754f0205218538adbe8f5ed\",\"name\":\"Rafaela Ladeira\",\"image\":{\"@type\":\"ImageObject\",\"inLanguage\":\"pt-BR\",\"@id\":\"https:\/\/www.gaveanews.com\/#\/schema\/person\/image\/\",\"url\":\"https:\/\/secure.gravatar.com\/avatar\/c31f513acffd85eacab5730cbdfdbbf59f21ba5aeada8cd890acea879fbb2455?s=96&d=mm&r=g\",\"contentUrl\":\"https:\/\/secure.gravatar.com\/avatar\/c31f513acffd85eacab5730cbdfdbbf59f21ba5aeada8cd890acea879fbb2455?s=96&d=mm&r=g\",\"caption\":\"Rafaela Ladeira\"}}]}<\/script>\n<!-- \/ Yoast SEO Premium plugin. -->","yoast_head_json":{"title":"A declara\u00e7\u00e3o de L\u00e9o Ortiz direcionada a L\u00e9o Pereira, do Flamengo: \"Eu acho que...\"","robots":{"index":"index","follow":"follow","max-snippet":"max-snippet:-1","max-image-preview":"max-image-preview:large","max-video-preview":"max-video-preview:-1"},"canonical":"https:\/\/www.gaveanews.com\/index.php\/2025\/03\/31\/a-declaracao-de-leo-ortiz-direcionada-a-leo-pereira-do-flamengo-eu-acho-que\/","og_locale":"pt_BR","og_type":"article","og_title":"A declara\u00e7\u00e3o de L\u00e9o Ortiz direcionada a L\u00e9o Pereira, do Flamengo: \"Eu acho que...\"","og_description":"O Flamengo iniciou sua trajet\u00f3ria no Campeonato Brasileiro com um empate por 1 a 1 contra o Internacional, no \u00faltimo s\u00e1bado (29), mas o resultado n\u00e3o foi a \u00fanica preocupa\u00e7\u00e3o. Nos minutos finais da partida, L\u00e9o Pereira sofreu uma pancada no joelho esquerdo e precisou ser substitu\u00eddo, deixando um alerta para o setor defensivo rubro-negro.&nbsp; [&hellip;]","og_url":"https:\/\/www.gaveanews.com\/index.php\/2025\/03\/31\/a-declaracao-de-leo-ortiz-direcionada-a-leo-pereira-do-flamengo-eu-acho-que\/","og_site_name":"G\u00e1vea News","article_publisher":"https:\/\/facebook.com\/gaveaNews\/","article_published_time":"2025-03-31T13:45:00+00:00","og_image":[{"width":1480,"height":929,"url":"https:\/\/www.gaveanews.com\/wp-content\/uploads\/Leo-Ortiz-em-coletiva-de-apresentacao-no-Flamengo.webp","type":"image\/png"}],"author":"Rafaela Ladeira","twitter_card":"summary_large_image","twitter_misc":{"Escrito por":"Rafaela Ladeira","Est. tempo de leitura":"3 minutos"},"schema":{"@context":"https:\/\/schema.org","@graph":[{"@type":"NewsArticle","@id":"https:\/\/www.gaveanews.com\/index.php\/2025\/03\/31\/a-declaracao-de-leo-ortiz-direcionada-a-leo-pereira-do-flamengo-eu-acho-que\/#article","isPartOf":{"@id":"https:\/\/www.gaveanews.com\/index.php\/2025\/03\/31\/a-declaracao-de-leo-ortiz-direcionada-a-leo-pereira-do-flamengo-eu-acho-que\/"},"author":{"name":"Rafaela Ladeira","@id":"https:\/\/www.gaveanews.com\/#\/schema\/person\/0eb3e3fe1754f0205218538adbe8f5ed"},"headline":"A declara\u00e7\u00e3o de L\u00e9o Ortiz direcionada a L\u00e9o Pereira, do Flamengo: &#8220;Eu acho que&#8230;&#8221;","datePublished":"2025-03-31T13:45:00+00:00","mainEntityOfPage":{"@id":"https:\/\/www.gaveanews.com\/index.php\/2025\/03\/31\/a-declaracao-de-leo-ortiz-direcionada-a-leo-pereira-do-flamengo-eu-acho-que\/"},"wordCount":401,"commentCount":0,"image":{"@id":"https:\/\/www.gaveanews.com\/index.php\/2025\/03\/31\/a-declaracao-de-leo-ortiz-direcionada-a-leo-pereira-do-flamengo-eu-acho-que\/#primaryimage"},"thumbnailUrl":"https:\/\/www.gaveanews.com\/wp-content\/uploads\/Leo-Ortiz-em-coletiva-de-apresentacao-no-Flamengo.webp","articleSection":["Flamengo"],"inLanguage":"pt-BR","potentialAction":[{"@type":"CommentAction","name":"Comment","target":["https:\/\/www.gaveanews.com\/index.php\/2025\/03\/31\/a-declaracao-de-leo-ortiz-direcionada-a-leo-pereira-do-flamengo-eu-acho-que\/#respond"]}],"copyrightYear":"2025","copyrightHolder":{"@id":"https:\/\/www.gaveanews.com\/#organization"}},{"@type":"WebPage","@id":"https:\/\/www.gaveanews.com\/index.php\/2025\/03\/31\/a-declaracao-de-leo-ortiz-direcionada-a-leo-pereira-do-flamengo-eu-acho-que\/","url":"https:\/\/www.gaveanews.com\/index.php\/2025\/03\/31\/a-declaracao-de-leo-ortiz-direcionada-a-leo-pereira-do-flamengo-eu-acho-que\/","name":"A declara\u00e7\u00e3o de L\u00e9o Ortiz direcionada a L\u00e9o Pereira, do Flamengo: \"Eu acho que...\"","isPartOf":{"@id":"https:\/\/www.gaveanews.com\/#website"},"primaryImageOfPage":{"@id":"https:\/\/www.gaveanews.com\/index.php\/2025\/03\/31\/a-declaracao-de-leo-ortiz-direcionada-a-leo-pereira-do-flamengo-eu-acho-que\/#primaryimage"},"image":{"@id":"https:\/\/www.gaveanews.com\/index.php\/2025\/03\/31\/a-declaracao-de-leo-ortiz-direcionada-a-leo-pereira-do-flamengo-eu-acho-que\/#primaryimage"},"thumbnailUrl":"https:\/\/www.gaveanews.com\/wp-content\/uploads\/Leo-Ortiz-em-coletiva-de-apresentacao-no-Flamengo.webp","datePublished":"2025-03-31T13:45:00+00:00","author":{"@id":"https:\/\/www.gaveanews.com\/#\/schema\/person\/0eb3e3fe1754f0205218538adbe8f5ed"},"breadcrumb":{"@id":"https:\/\/www.gaveanews.com\/index.php\/2025\/03\/31\/a-declaracao-de-leo-ortiz-direcionada-a-leo-pereira-do-flamengo-eu-acho-que\/#breadcrumb"},"inLanguage":"pt-BR","potentialAction":[{"@type":"ReadAction","target":["https:\/\/www.gaveanews.com\/index.php\/2025\/03\/31\/a-declaracao-de-leo-ortiz-direcionada-a-leo-pereira-do-flamengo-eu-acho-que\/"]}]},{"@type":"ImageObject","inLanguage":"pt-BR","@id":"https:\/\/www.gaveanews.com\/index.php\/2025\/03\/31\/a-declaracao-de-leo-ortiz-direcionada-a-leo-pereira-do-flamengo-eu-acho-que\/#primaryimage","url":"https:\/\/www.gaveanews.com\/wp-content\/uploads\/Leo-Ortiz-em-coletiva-de-apresentacao-no-Flamengo.webp","contentUrl":"https:\/\/www.gaveanews.com\/wp-content\/uploads\/Leo-Ortiz-em-coletiva-de-apresentacao-no-Flamengo.webp","width":1480,"height":929,"caption":"Leo Ortiz em coletiva de apresenta\u00e7\u00e3o no Flamengo - Foto: reprodu\u00e7\u00e3o FlaTV"},{"@type":"BreadcrumbList","@id":"https:\/\/www.gaveanews.com\/index.php\/2025\/03\/31\/a-declaracao-de-leo-ortiz-direcionada-a-leo-pereira-do-flamengo-eu-acho-que\/#breadcrumb","itemListElement":[{"@type":"ListItem","position":1,"name":"Home","item":"https:\/\/www.gaveanews.com\/"},{"@type":"ListItem","position":2,"name":"A declara\u00e7\u00e3o de L\u00e9o Ortiz direcionada a L\u00e9o Pereira, do Flamengo: &#8220;Eu acho que&#8230;&#8221;"}]},{"@type":"WebSite","@id":"https:\/\/www.gaveanews.com\/#website","url":"https:\/\/www.gaveanews.com\/","name":"G\u00e1vea News","description":"Veja todas as not\u00edcias sobre o Flamengo: Contrata\u00e7\u00f5es, categorias de base, resultados das partidas, tabela de classifica\u00e7\u00e3o, pr\u00f3ximos jogos!","potentialAction":[{"@type":"SearchAction","target":{"@type":"EntryPoint","urlTemplate":"https:\/\/www.gaveanews.com\/?s={search_term_string}"},"query-input":{"@type":"PropertyValueSpecification","valueRequired":true,"valueName":"search_term_string"}}],"inLanguage":"pt-BR"},{"@type":"Person","@id":"https:\/\/www.gaveanews.com\/#\/schema\/person\/0eb3e3fe1754f0205218538adbe8f5ed","name":"Rafaela Ladeira","image":{"@type":"ImageObject","inLanguage":"pt-BR","@id":"https:\/\/www.gaveanews.com\/#\/schema\/person\/image\/","url":"https:\/\/secure.gravatar.com\/avatar\/c31f513acffd85eacab5730cbdfdbbf59f21ba5aeada8cd890acea879fbb2455?s=96&d=mm&r=g","contentUrl":"https:\/\/secure.gravatar.com\/avatar\/c31f513acffd85eacab5730cbdfdbbf59f21ba5aeada8cd890acea879fbb2455?s=96&d=mm&r=g","caption":"Rafaela Ladeira"}}]}},"_links":{"self":[{"href":"https:\/\/www.gaveanews.com\/index.php\/wp-json\/wp\/v2\/posts\/246938","targetHints":{"allow":["GET"]}}],"collection":[{"href":"https:\/\/www.gaveanews.com\/index.php\/wp-json\/wp\/v2\/posts"}],"about":[{"href":"https:\/\/www.gaveanews.com\/index.php\/wp-json\/wp\/v2\/types\/post"}],"author":[{"embeddable":true,"href":"https:\/\/www.gaveanews.com\/index.php\/wp-json\/wp\/v2\/users\/25"}],"replies":[{"embeddable":true,"href":"https:\/\/www.gaveanews.com\/index.php\/wp-json\/wp\/v2\/comments?post=246938"}],"version-history":[{"count":1,"href":"https:\/\/www.gaveanews.com\/index.php\/wp-json\/wp\/v2\/posts\/246938\/revisions"}],"predecessor-version":[{"id":246939,"href":"https:\/\/www.gaveanews.com\/index.php\/wp-json\/wp\/v2\/posts\/246938\/revisions\/246939"}],"wp:featuredmedia":[{"embeddable":true,"href":"https:\/\/www.gaveanews.com\/index.php\/wp-json\/wp\/v2\/media\/130723"}],"wp:attachment":[{"href":"https:\/\/www.gaveanews.com\/index.php\/wp-json\/wp\/v2\/media?parent=246938"}],"wp:term":[{"taxonomy":"category","embeddable":true,"href":"https:\/\/www.gaveanews.com\/index.php\/wp-json\/wp\/v2\/categories?post=246938"},{"taxonomy":"post_tag","embeddable":true,"href":"https:\/\/www.gaveanews.com\/index.php\/wp-json\/wp\/v2\/tags?post=246938"}],"curies":[{"name":"wp","href":"https:\/\/api.w.org\/{rel}","templated":true}]}}