{"id":246989,"date":"2025-04-01T09:25:00","date_gmt":"2025-04-01T12:25:00","guid":{"rendered":"https:\/\/www.gaveanews.com\/?p=246989"},"modified":"2025-03-31T20:16:49","modified_gmt":"2025-03-31T23:16:49","slug":"video-cuca-fica-revoltado-e-se-machuca-apos-derrota-do-atletico-mg","status":"publish","type":"post","link":"https:\/\/www.gaveanews.com\/index.php\/2025\/04\/01\/video-cuca-fica-revoltado-e-se-machuca-apos-derrota-do-atletico-mg\/","title":{"rendered":"V\u00eddeo: Cuca fica revoltado e se machuca ap\u00f3s derrota do Atl\u00e9tico-MG"},"content":{"rendered":"\n<p>O Gr\u00eamio iniciou sua jornada no Campeonato Brasileiro 2025 superando o Atl\u00e9tico-MG pelo placar de 2 a 1, em confronto realizado na Arena durante a noite deste \u00faltimo s\u00e1bado (29). Esta partida marcou a estreia de ambas as equipes na competi\u00e7\u00e3o nacional.<\/p>\n\n\n\n<p>Contudo, a noite reservou um epis\u00f3dio adicional para o t\u00e9cnico Cuca, do Atl\u00e9tico-MG. O treinador precisou passar por avalia\u00e7\u00e3o do departamento m\u00e9dico do clube ap\u00f3s o t\u00e9rmino do jogo.<\/p>\n\n\n\n<p>Visivelmente irritado com o resultado negativo para sua equipe, Cuca decidiu extravasar sua frustra\u00e7\u00e3o. Ele chutou um dos suportes utilizados para posicionar as bolas ao redor do campo, uma novidade implementada nesta edi\u00e7\u00e3o do Brasileir\u00e3o.<\/p>\n\n\n\n<p>Entretanto, o comandante atleticano subestimou o peso do objeto. Imediatamente ap\u00f3s o chute, ele levou a m\u00e3o ao p\u00e9, indicando sentir dores no local e necessitando de aten\u00e7\u00e3o m\u00e9dica posteriormente. Assista abaixo:<\/p>\n\n\n\n<blockquote class=\"twitter-tweet\" data-media-max-width=\"560\"><p lang=\"pt\" dir=\"ltr\">Kkkkkkkkkkkkkk toma boca aberta <a href=\"https:\/\/t.co\/zxvpLZB1OK\">pic.twitter.com\/zxvpLZB1OK<\/a><\/p>&mdash; Soccer News Gr\u00eamio (@soccergfbpa) <a href=\"https:\/\/twitter.com\/soccergfbpa\/status\/1906128599125537144?ref_src=twsrc%5Etfw\">March 29, 2025<\/a><\/blockquote> <script async src=\"https:\/\/platform.twitter.com\/widgets.js\" charset=\"utf-8\"><\/script>\n\n\n\n<h2 class=\"wp-block-heading\" id=\"h-desempenho-em-campo-define-vitoria-tricolor\">Desempenho em campo define vit\u00f3ria tricolor<\/h2>\n\n\n\n<p>Dentro das quatro linhas, o Gr\u00eamio construiu sua vit\u00f3ria ainda na primeira metade do jogo. O atacante Arezo abriu o placar, enquanto o meio-campista Edenilson ampliou a vantagem para o time da casa antes do intervalo.<\/p>\n\n\n\n<p>Na segunda etapa, o Atl\u00e9tico-MG buscou a rea\u00e7\u00e3o e exerceu press\u00e3o sobre a defesa gremista. A equipe mineira conseguiu diminuir a desvantagem com um gol marcado por Rony, por\u00e9m n\u00e3o teve for\u00e7a suficiente para buscar o empate.<\/p>\n\n\n\n<h2 class=\"wp-block-heading\" id=\"h-fim-de-sequencia-negativa-contra-o-adversario\">Fim de sequ\u00eancia negativa contra o advers\u00e1rio<\/h2>\n\n\n\n<p>Al\u00e9m dos tr\u00eas pontos na estreia, a vit\u00f3ria deste s\u00e1bado na Arena teve um significado adicional para o Gr\u00eamio. O resultado positivo quebrou uma sequ\u00eancia de tr\u00eas partidas sem que o Tricolor conseguisse vencer o Atl\u00e9tico-MG.<\/p>\n\n\n\n<p>O \u00faltimo triunfo gremista sobre o time mineiro havia ocorrido em 22 de julho de 2023. Naquela ocasi\u00e3o, ainda com Luis Su\u00e1rez no comando de ataque, o Imortal venceu por 1 a 0, com gol de Ronald. Desde ent\u00e3o, o Atl\u00e9tico acumulava tr\u00eas vit\u00f3rias consecutivas no confronto direto.<\/p>\n\n\n\n<p>Agora, o Gr\u00eamio vira a chave rapidamente, pois possui compromissos importantes nos pr\u00f3ximos dias. Primeiramente, na quarta-feira, a equipe viaja at\u00e9 Luque, no Paraguai, onde estreia na Copa Sul-Americana 2025 contra o Sportivo Luque\u00f1o.<\/p>\n\n\n\n<p>Posteriormente, no pr\u00f3ximo s\u00e1bado, dia 5 de abril, o foco retorna ao Campeonato Brasileiro. O Tricolor enfrentar\u00e1 o Cear\u00e1 fora de seus dom\u00ednios, na Arena Castel\u00e3o, em Fortaleza, em partida agendada para as 18h30.<\/p>\n","protected":false},"excerpt":{"rendered":"<p>O Gr\u00eamio iniciou sua jornada no Campeonato Brasileiro 2025 superando o Atl\u00e9tico-MG pelo placar de 2 a 1, em confronto realizado na Arena durante a noite deste \u00faltimo s\u00e1bado (29). Esta partida marcou a estreia de ambas as equipes na competi\u00e7\u00e3o nacional. Contudo, a noite reservou um epis\u00f3dio adicional para o t\u00e9cnico Cuca, do Atl\u00e9tico-MG. [&hellip;]<\/p>\n","protected":false},"author":28,"featured_media":68026,"comment_status":"open","ping_status":"closed","sticky":false,"template":"","format":"standard","meta":{"footnotes":""},"categories":[136,40],"tags":[],"class_list":["post-246989","post","type-post","status-publish","format-standard","has-post-thumbnail","hentry","category-atletico-mg","category-video"],"yoast_head":"<!-- This site is optimized with the Yoast SEO Premium plugin v24.2 (Yoast SEO v26.9) - https:\/\/yoast.com\/product\/yoast-seo-premium-wordpress\/ -->\n<title>V\u00eddeo: Cuca fica revoltado e se machuca ap\u00f3s derrota do Atl\u00e9tico-MG<\/title>\n<meta name=\"robots\" content=\"index, follow, max-snippet:-1, max-image-preview:large, max-video-preview:-1\" \/>\n<link rel=\"canonical\" href=\"https:\/\/www.gaveanews.com\/index.php\/2025\/04\/01\/video-cuca-fica-revoltado-e-se-machuca-apos-derrota-do-atletico-mg\/\" \/>\n<meta property=\"og:locale\" content=\"pt_BR\" \/>\n<meta property=\"og:type\" content=\"article\" \/>\n<meta property=\"og:title\" content=\"V\u00eddeo: Cuca fica revoltado e se machuca ap\u00f3s derrota do Atl\u00e9tico-MG\" \/>\n<meta property=\"og:description\" content=\"O Gr\u00eamio iniciou sua jornada no Campeonato Brasileiro 2025 superando o Atl\u00e9tico-MG pelo placar de 2 a 1, em confronto realizado na Arena durante a noite deste \u00faltimo s\u00e1bado (29). Esta partida marcou a estreia de ambas as equipes na competi\u00e7\u00e3o nacional. Contudo, a noite reservou um epis\u00f3dio adicional para o t\u00e9cnico Cuca, do Atl\u00e9tico-MG. [&hellip;]\" \/>\n<meta property=\"og:url\" content=\"https:\/\/www.gaveanews.com\/index.php\/2025\/04\/01\/video-cuca-fica-revoltado-e-se-machuca-apos-derrota-do-atletico-mg\/\" \/>\n<meta property=\"og:site_name\" content=\"G\u00e1vea News\" \/>\n<meta property=\"article:publisher\" content=\"https:\/\/facebook.com\/gaveaNews\/\" \/>\n<meta property=\"article:published_time\" content=\"2025-04-01T12:25:00+00:00\" \/>\n<meta property=\"og:image\" content=\"https:\/\/www.gaveanews.com\/wp-content\/uploads\/Cuca-tecnico-do-Atletico-MG.webp\" \/>\n\t<meta property=\"og:image:width\" content=\"1024\" \/>\n\t<meta property=\"og:image:height\" content=\"683\" \/>\n\t<meta property=\"og:image:type\" content=\"image\/jpeg\" \/>\n<meta name=\"author\" content=\"Hudson Pereira\" \/>\n<meta name=\"twitter:card\" content=\"summary_large_image\" \/>\n<meta name=\"twitter:label1\" content=\"Escrito por\" \/>\n\t<meta name=\"twitter:data1\" content=\"Hudson Pereira\" \/>\n\t<meta name=\"twitter:label2\" content=\"Est. tempo de leitura\" \/>\n\t<meta name=\"twitter:data2\" content=\"3 minutos\" \/>\n<script type=\"application\/ld+json\" class=\"yoast-schema-graph\">{\"@context\":\"https:\/\/schema.org\",\"@graph\":[{\"@type\":\"NewsArticle\",\"@id\":\"https:\/\/www.gaveanews.com\/index.php\/2025\/04\/01\/video-cuca-fica-revoltado-e-se-machuca-apos-derrota-do-atletico-mg\/#article\",\"isPartOf\":{\"@id\":\"https:\/\/www.gaveanews.com\/index.php\/2025\/04\/01\/video-cuca-fica-revoltado-e-se-machuca-apos-derrota-do-atletico-mg\/\"},\"author\":{\"name\":\"Hudson Pereira\",\"@id\":\"https:\/\/www.gaveanews.com\/#\/schema\/person\/bd08f00534b403119b92741a6d469ef0\"},\"headline\":\"V\u00eddeo: Cuca fica revoltado e se machuca ap\u00f3s derrota do Atl\u00e9tico-MG\",\"datePublished\":\"2025-04-01T12:25:00+00:00\",\"mainEntityOfPage\":{\"@id\":\"https:\/\/www.gaveanews.com\/index.php\/2025\/04\/01\/video-cuca-fica-revoltado-e-se-machuca-apos-derrota-do-atletico-mg\/\"},\"wordCount\":446,\"commentCount\":0,\"image\":{\"@id\":\"https:\/\/www.gaveanews.com\/index.php\/2025\/04\/01\/video-cuca-fica-revoltado-e-se-machuca-apos-derrota-do-atletico-mg\/#primaryimage\"},\"thumbnailUrl\":\"https:\/\/www.gaveanews.com\/wp-content\/uploads\/Cuca-tecnico-do-Atletico-MG.webp\",\"articleSection\":[\"Atl\u00e9tico-MG\",\"V\u00eddeos\"],\"inLanguage\":\"pt-BR\",\"potentialAction\":[{\"@type\":\"CommentAction\",\"name\":\"Comment\",\"target\":[\"https:\/\/www.gaveanews.com\/index.php\/2025\/04\/01\/video-cuca-fica-revoltado-e-se-machuca-apos-derrota-do-atletico-mg\/#respond\"]}],\"copyrightYear\":\"2025\",\"copyrightHolder\":{\"@id\":\"https:\/\/www.gaveanews.com\/#organization\"}},{\"@type\":\"WebPage\",\"@id\":\"https:\/\/www.gaveanews.com\/index.php\/2025\/04\/01\/video-cuca-fica-revoltado-e-se-machuca-apos-derrota-do-atletico-mg\/\",\"url\":\"https:\/\/www.gaveanews.com\/index.php\/2025\/04\/01\/video-cuca-fica-revoltado-e-se-machuca-apos-derrota-do-atletico-mg\/\",\"name\":\"V\u00eddeo: Cuca fica revoltado e se machuca ap\u00f3s derrota do Atl\u00e9tico-MG\",\"isPartOf\":{\"@id\":\"https:\/\/www.gaveanews.com\/#website\"},\"primaryImageOfPage\":{\"@id\":\"https:\/\/www.gaveanews.com\/index.php\/2025\/04\/01\/video-cuca-fica-revoltado-e-se-machuca-apos-derrota-do-atletico-mg\/#primaryimage\"},\"image\":{\"@id\":\"https:\/\/www.gaveanews.com\/index.php\/2025\/04\/01\/video-cuca-fica-revoltado-e-se-machuca-apos-derrota-do-atletico-mg\/#primaryimage\"},\"thumbnailUrl\":\"https:\/\/www.gaveanews.com\/wp-content\/uploads\/Cuca-tecnico-do-Atletico-MG.webp\",\"datePublished\":\"2025-04-01T12:25:00+00:00\",\"author\":{\"@id\":\"https:\/\/www.gaveanews.com\/#\/schema\/person\/bd08f00534b403119b92741a6d469ef0\"},\"breadcrumb\":{\"@id\":\"https:\/\/www.gaveanews.com\/index.php\/2025\/04\/01\/video-cuca-fica-revoltado-e-se-machuca-apos-derrota-do-atletico-mg\/#breadcrumb\"},\"inLanguage\":\"pt-BR\",\"potentialAction\":[{\"@type\":\"ReadAction\",\"target\":[\"https:\/\/www.gaveanews.com\/index.php\/2025\/04\/01\/video-cuca-fica-revoltado-e-se-machuca-apos-derrota-do-atletico-mg\/\"]}]},{\"@type\":\"ImageObject\",\"inLanguage\":\"pt-BR\",\"@id\":\"https:\/\/www.gaveanews.com\/index.php\/2025\/04\/01\/video-cuca-fica-revoltado-e-se-machuca-apos-derrota-do-atletico-mg\/#primaryimage\",\"url\":\"https:\/\/www.gaveanews.com\/wp-content\/uploads\/Cuca-tecnico-do-Atletico-MG.webp\",\"contentUrl\":\"https:\/\/www.gaveanews.com\/wp-content\/uploads\/Cuca-tecnico-do-Atletico-MG.webp\",\"width\":1024,\"height\":683,\"caption\":\"Cuca como treinador do Atl\u00e9tico-MG (Foto: Bruno Cantini\/Atl\u00e9tico-MG)\"},{\"@type\":\"BreadcrumbList\",\"@id\":\"https:\/\/www.gaveanews.com\/index.php\/2025\/04\/01\/video-cuca-fica-revoltado-e-se-machuca-apos-derrota-do-atletico-mg\/#breadcrumb\",\"itemListElement\":[{\"@type\":\"ListItem\",\"position\":1,\"name\":\"Home\",\"item\":\"https:\/\/www.gaveanews.com\/\"},{\"@type\":\"ListItem\",\"position\":2,\"name\":\"V\u00eddeo: Cuca fica revoltado e se machuca ap\u00f3s derrota do Atl\u00e9tico-MG\"}]},{\"@type\":\"WebSite\",\"@id\":\"https:\/\/www.gaveanews.com\/#website\",\"url\":\"https:\/\/www.gaveanews.com\/\",\"name\":\"G\u00e1vea News\",\"description\":\"Veja todas as not\u00edcias sobre o Flamengo: Contrata\u00e7\u00f5es, categorias de base, resultados das partidas, tabela de classifica\u00e7\u00e3o, pr\u00f3ximos jogos!\",\"potentialAction\":[{\"@type\":\"SearchAction\",\"target\":{\"@type\":\"EntryPoint\",\"urlTemplate\":\"https:\/\/www.gaveanews.com\/?s={search_term_string}\"},\"query-input\":{\"@type\":\"PropertyValueSpecification\",\"valueRequired\":true,\"valueName\":\"search_term_string\"}}],\"inLanguage\":\"pt-BR\"},{\"@type\":\"Person\",\"@id\":\"https:\/\/www.gaveanews.com\/#\/schema\/person\/bd08f00534b403119b92741a6d469ef0\",\"name\":\"Hudson Pereira\",\"image\":{\"@type\":\"ImageObject\",\"inLanguage\":\"pt-BR\",\"@id\":\"https:\/\/www.gaveanews.com\/#\/schema\/person\/image\/\",\"url\":\"https:\/\/secure.gravatar.com\/avatar\/ecc491b489e454e510efffc9b23c1052ce5fb4f2e05555768ba65819cd55f03e?s=96&d=mm&r=g\",\"contentUrl\":\"https:\/\/secure.gravatar.com\/avatar\/ecc491b489e454e510efffc9b23c1052ce5fb4f2e05555768ba65819cd55f03e?s=96&d=mm&r=g\",\"caption\":\"Hudson Pereira\"}}]}<\/script>\n<!-- \/ Yoast SEO Premium plugin. -->","yoast_head_json":{"title":"V\u00eddeo: Cuca fica revoltado e se machuca ap\u00f3s derrota do Atl\u00e9tico-MG","robots":{"index":"index","follow":"follow","max-snippet":"max-snippet:-1","max-image-preview":"max-image-preview:large","max-video-preview":"max-video-preview:-1"},"canonical":"https:\/\/www.gaveanews.com\/index.php\/2025\/04\/01\/video-cuca-fica-revoltado-e-se-machuca-apos-derrota-do-atletico-mg\/","og_locale":"pt_BR","og_type":"article","og_title":"V\u00eddeo: Cuca fica revoltado e se machuca ap\u00f3s derrota do Atl\u00e9tico-MG","og_description":"O Gr\u00eamio iniciou sua jornada no Campeonato Brasileiro 2025 superando o Atl\u00e9tico-MG pelo placar de 2 a 1, em confronto realizado na Arena durante a noite deste \u00faltimo s\u00e1bado (29). Esta partida marcou a estreia de ambas as equipes na competi\u00e7\u00e3o nacional. Contudo, a noite reservou um epis\u00f3dio adicional para o t\u00e9cnico Cuca, do Atl\u00e9tico-MG. [&hellip;]","og_url":"https:\/\/www.gaveanews.com\/index.php\/2025\/04\/01\/video-cuca-fica-revoltado-e-se-machuca-apos-derrota-do-atletico-mg\/","og_site_name":"G\u00e1vea News","article_publisher":"https:\/\/facebook.com\/gaveaNews\/","article_published_time":"2025-04-01T12:25:00+00:00","og_image":[{"width":1024,"height":683,"url":"https:\/\/www.gaveanews.com\/wp-content\/uploads\/Cuca-tecnico-do-Atletico-MG.webp","type":"image\/jpeg"}],"author":"Hudson Pereira","twitter_card":"summary_large_image","twitter_misc":{"Escrito por":"Hudson Pereira","Est. tempo de leitura":"3 minutos"},"schema":{"@context":"https:\/\/schema.org","@graph":[{"@type":"NewsArticle","@id":"https:\/\/www.gaveanews.com\/index.php\/2025\/04\/01\/video-cuca-fica-revoltado-e-se-machuca-apos-derrota-do-atletico-mg\/#article","isPartOf":{"@id":"https:\/\/www.gaveanews.com\/index.php\/2025\/04\/01\/video-cuca-fica-revoltado-e-se-machuca-apos-derrota-do-atletico-mg\/"},"author":{"name":"Hudson Pereira","@id":"https:\/\/www.gaveanews.com\/#\/schema\/person\/bd08f00534b403119b92741a6d469ef0"},"headline":"V\u00eddeo: Cuca fica revoltado e se machuca ap\u00f3s derrota do Atl\u00e9tico-MG","datePublished":"2025-04-01T12:25:00+00:00","mainEntityOfPage":{"@id":"https:\/\/www.gaveanews.com\/index.php\/2025\/04\/01\/video-cuca-fica-revoltado-e-se-machuca-apos-derrota-do-atletico-mg\/"},"wordCount":446,"commentCount":0,"image":{"@id":"https:\/\/www.gaveanews.com\/index.php\/2025\/04\/01\/video-cuca-fica-revoltado-e-se-machuca-apos-derrota-do-atletico-mg\/#primaryimage"},"thumbnailUrl":"https:\/\/www.gaveanews.com\/wp-content\/uploads\/Cuca-tecnico-do-Atletico-MG.webp","articleSection":["Atl\u00e9tico-MG","V\u00eddeos"],"inLanguage":"pt-BR","potentialAction":[{"@type":"CommentAction","name":"Comment","target":["https:\/\/www.gaveanews.com\/index.php\/2025\/04\/01\/video-cuca-fica-revoltado-e-se-machuca-apos-derrota-do-atletico-mg\/#respond"]}],"copyrightYear":"2025","copyrightHolder":{"@id":"https:\/\/www.gaveanews.com\/#organization"}},{"@type":"WebPage","@id":"https:\/\/www.gaveanews.com\/index.php\/2025\/04\/01\/video-cuca-fica-revoltado-e-se-machuca-apos-derrota-do-atletico-mg\/","url":"https:\/\/www.gaveanews.com\/index.php\/2025\/04\/01\/video-cuca-fica-revoltado-e-se-machuca-apos-derrota-do-atletico-mg\/","name":"V\u00eddeo: Cuca fica revoltado e se machuca ap\u00f3s derrota do Atl\u00e9tico-MG","isPartOf":{"@id":"https:\/\/www.gaveanews.com\/#website"},"primaryImageOfPage":{"@id":"https:\/\/www.gaveanews.com\/index.php\/2025\/04\/01\/video-cuca-fica-revoltado-e-se-machuca-apos-derrota-do-atletico-mg\/#primaryimage"},"image":{"@id":"https:\/\/www.gaveanews.com\/index.php\/2025\/04\/01\/video-cuca-fica-revoltado-e-se-machuca-apos-derrota-do-atletico-mg\/#primaryimage"},"thumbnailUrl":"https:\/\/www.gaveanews.com\/wp-content\/uploads\/Cuca-tecnico-do-Atletico-MG.webp","datePublished":"2025-04-01T12:25:00+00:00","author":{"@id":"https:\/\/www.gaveanews.com\/#\/schema\/person\/bd08f00534b403119b92741a6d469ef0"},"breadcrumb":{"@id":"https:\/\/www.gaveanews.com\/index.php\/2025\/04\/01\/video-cuca-fica-revoltado-e-se-machuca-apos-derrota-do-atletico-mg\/#breadcrumb"},"inLanguage":"pt-BR","potentialAction":[{"@type":"ReadAction","target":["https:\/\/www.gaveanews.com\/index.php\/2025\/04\/01\/video-cuca-fica-revoltado-e-se-machuca-apos-derrota-do-atletico-mg\/"]}]},{"@type":"ImageObject","inLanguage":"pt-BR","@id":"https:\/\/www.gaveanews.com\/index.php\/2025\/04\/01\/video-cuca-fica-revoltado-e-se-machuca-apos-derrota-do-atletico-mg\/#primaryimage","url":"https:\/\/www.gaveanews.com\/wp-content\/uploads\/Cuca-tecnico-do-Atletico-MG.webp","contentUrl":"https:\/\/www.gaveanews.com\/wp-content\/uploads\/Cuca-tecnico-do-Atletico-MG.webp","width":1024,"height":683,"caption":"Cuca como treinador do Atl\u00e9tico-MG (Foto: Bruno Cantini\/Atl\u00e9tico-MG)"},{"@type":"BreadcrumbList","@id":"https:\/\/www.gaveanews.com\/index.php\/2025\/04\/01\/video-cuca-fica-revoltado-e-se-machuca-apos-derrota-do-atletico-mg\/#breadcrumb","itemListElement":[{"@type":"ListItem","position":1,"name":"Home","item":"https:\/\/www.gaveanews.com\/"},{"@type":"ListItem","position":2,"name":"V\u00eddeo: Cuca fica revoltado e se machuca ap\u00f3s derrota do Atl\u00e9tico-MG"}]},{"@type":"WebSite","@id":"https:\/\/www.gaveanews.com\/#website","url":"https:\/\/www.gaveanews.com\/","name":"G\u00e1vea News","description":"Veja todas as not\u00edcias sobre o Flamengo: Contrata\u00e7\u00f5es, categorias de base, resultados das partidas, tabela de classifica\u00e7\u00e3o, pr\u00f3ximos jogos!","potentialAction":[{"@type":"SearchAction","target":{"@type":"EntryPoint","urlTemplate":"https:\/\/www.gaveanews.com\/?s={search_term_string}"},"query-input":{"@type":"PropertyValueSpecification","valueRequired":true,"valueName":"search_term_string"}}],"inLanguage":"pt-BR"},{"@type":"Person","@id":"https:\/\/www.gaveanews.com\/#\/schema\/person\/bd08f00534b403119b92741a6d469ef0","name":"Hudson Pereira","image":{"@type":"ImageObject","inLanguage":"pt-BR","@id":"https:\/\/www.gaveanews.com\/#\/schema\/person\/image\/","url":"https:\/\/secure.gravatar.com\/avatar\/ecc491b489e454e510efffc9b23c1052ce5fb4f2e05555768ba65819cd55f03e?s=96&d=mm&r=g","contentUrl":"https:\/\/secure.gravatar.com\/avatar\/ecc491b489e454e510efffc9b23c1052ce5fb4f2e05555768ba65819cd55f03e?s=96&d=mm&r=g","caption":"Hudson Pereira"}}]}},"_links":{"self":[{"href":"https:\/\/www.gaveanews.com\/index.php\/wp-json\/wp\/v2\/posts\/246989","targetHints":{"allow":["GET"]}}],"collection":[{"href":"https:\/\/www.gaveanews.com\/index.php\/wp-json\/wp\/v2\/posts"}],"about":[{"href":"https:\/\/www.gaveanews.com\/index.php\/wp-json\/wp\/v2\/types\/post"}],"author":[{"embeddable":true,"href":"https:\/\/www.gaveanews.com\/index.php\/wp-json\/wp\/v2\/users\/28"}],"replies":[{"embeddable":true,"href":"https:\/\/www.gaveanews.com\/index.php\/wp-json\/wp\/v2\/comments?post=246989"}],"version-history":[{"count":3,"href":"https:\/\/www.gaveanews.com\/index.php\/wp-json\/wp\/v2\/posts\/246989\/revisions"}],"predecessor-version":[{"id":246997,"href":"https:\/\/www.gaveanews.com\/index.php\/wp-json\/wp\/v2\/posts\/246989\/revisions\/246997"}],"wp:featuredmedia":[{"embeddable":true,"href":"https:\/\/www.gaveanews.com\/index.php\/wp-json\/wp\/v2\/media\/68026"}],"wp:attachment":[{"href":"https:\/\/www.gaveanews.com\/index.php\/wp-json\/wp\/v2\/media?parent=246989"}],"wp:term":[{"taxonomy":"category","embeddable":true,"href":"https:\/\/www.gaveanews.com\/index.php\/wp-json\/wp\/v2\/categories?post=246989"},{"taxonomy":"post_tag","embeddable":true,"href":"https:\/\/www.gaveanews.com\/index.php\/wp-json\/wp\/v2\/tags?post=246989"}],"curies":[{"name":"wp","href":"https:\/\/api.w.org\/{rel}","templated":true}]}}