{"id":247001,"date":"2025-03-31T09:20:00","date_gmt":"2025-03-31T12:20:00","guid":{"rendered":"https:\/\/www.gaveanews.com\/?p=247001"},"modified":"2025-03-31T20:16:39","modified_gmt":"2025-03-31T23:16:39","slug":"a-declaracao-de-rogerio-ceni-direcionada-ao-corinthians","status":"publish","type":"post","link":"https:\/\/www.gaveanews.com\/index.php\/2025\/03\/31\/a-declaracao-de-rogerio-ceni-direcionada-ao-corinthians\/","title":{"rendered":"A declara\u00e7\u00e3o de Rog\u00e9rio Ceni direcionada ao Corinthians"},"content":{"rendered":"\n<h2 class=\"wp-block-heading\" id=\"h-acho-que-o-time-se-portou-bem-disse-o-treinador\">&#8220;Acho que o time se portou bem&#8221;, disse o treinador<\/h2>\n\n\n\n<p>No \u00faltimo domingo (30), Bahia e Corinthians se enfrentaram na Arena Fonte Nova, pela primeira rodada do Brasileir\u00e3o 2025. Com at\u00e9 expuls\u00e3o de Everton Ribeiro, a partida terminou empatada por 1 a 1. Gilberto abriu o placar aos 46 minutos do primeiro tempo. Por\u00e9m, o camisa 10 do Esquadr\u00e3o foi expulso logo no come\u00e7o da segunda etapa. <\/p>\n\n\n\n<p>Com um jogador a menos por quase todo o segundo tempo, o Bahia se defendeu mais e o Corinthians veio pra cima. Aos 45 minutos da segunda etapa, o espanhol H\u00e9ctor Hern\u00e1ndez empatou para o Tim\u00e3o de cabe\u00e7a. Na entrevista, o t\u00e9cnico Rog\u00e9rio Ceni explicou a mudan\u00e7a de postura, valorizou a entrega dos atletas com um a menos e viu justi\u00e7a na expuls\u00e3o de Everton Ribeiro.<\/p>\n\n\n\n<p>&#8220;Quando voc\u00ea tem um jogador a menos \u00e9 natural que se defenda mais, que recue mais. O Corinthians tem qualidade para construir jogo, mas acho que nos fechamos bem. Quase n\u00e3o cedemos oportunidades de gol. Acho que a expuls\u00e3o n\u00e3o foi um lance intencional. O segundo cart\u00e3o foi justo, mesmo sem inten\u00e7\u00e3o, n\u00e3o tinha o que ser feito&#8221;, iniciou. <\/p>\n\n\n\n<p>&#8220;Acho que o time se portou bem, com exce\u00e7\u00e3o do lance do gol, que balan\u00e7amos um pouco errado. Mas \u00e9 de se destacar a postura e doa\u00e7\u00e3o de todos dentro de campo. Mesmo com dez tivemos oportunidades e chances de matar o jogo. Foram 45 minutos com um jogador a menos&#8221;, acrescentou. <\/p>\n\n\n\n<p>O Bahia teve um bom volume de jogo e criou boas oportunidades para marcar mais de um gol, especialmente em uma chance com Lucho nos primeiros minutos, mas n\u00e3o soube aproveitar. Al\u00e9m disso, o gol de empate veio em uma jogada de bola a\u00e9rea, uma fragilidade da defesa na temporada passada, assim se tornando uma das preocupa\u00e7\u00f5es do treinador. <\/p>\n\n\n\n<p>&#8220;No lance do cruzamento, que foi muito bem feito, ficou muito dif\u00edcil para os zagueiros. Tem o m\u00e9rito do Bidon, uma bola dif\u00edcil de marcar, que chega com curva. N\u00f3s fomos mais maduros no segundo tempo jogando com um a menos do que no primeiro tempo, que fomos para a troca\u00e7\u00e3o em alguns momentos. Ainda perdemos algumas chances&#8221;, finalizou Rog\u00e9rio Ceni. <\/p>\n","protected":false},"excerpt":{"rendered":"<p>&#8220;Acho que o time se portou bem&#8221;, disse o treinador No \u00faltimo domingo (30), Bahia e Corinthians se enfrentaram na Arena Fonte Nova, pela primeira rodada do Brasileir\u00e3o 2025. Com at\u00e9 expuls\u00e3o de Everton Ribeiro, a partida terminou empatada por 1 a 1. Gilberto abriu o placar aos 46 minutos do primeiro tempo. Por\u00e9m, o [&hellip;]<\/p>\n","protected":false},"author":21,"featured_media":148504,"comment_status":"open","ping_status":"closed","sticky":false,"template":"","format":"standard","meta":{"footnotes":""},"categories":[137,141],"tags":[],"class_list":["post-247001","post","type-post","status-publish","format-standard","has-post-thumbnail","hentry","category-bahia","category-corinthians"],"yoast_head":"<!-- This site is optimized with the Yoast SEO Premium plugin v24.2 (Yoast SEO v26.9) - https:\/\/yoast.com\/product\/yoast-seo-premium-wordpress\/ -->\n<title>A declara\u00e7\u00e3o de Rog\u00e9rio Ceni direcionada ao Corinthians<\/title>\n<meta name=\"robots\" content=\"index, follow, max-snippet:-1, max-image-preview:large, max-video-preview:-1\" \/>\n<link rel=\"canonical\" href=\"https:\/\/www.gaveanews.com\/index.php\/2025\/03\/31\/a-declaracao-de-rogerio-ceni-direcionada-ao-corinthians\/\" \/>\n<meta property=\"og:locale\" content=\"pt_BR\" \/>\n<meta property=\"og:type\" content=\"article\" \/>\n<meta property=\"og:title\" content=\"A declara\u00e7\u00e3o de Rog\u00e9rio Ceni direcionada ao Corinthians\" \/>\n<meta property=\"og:description\" content=\"&#8220;Acho que o time se portou bem&#8221;, disse o treinador No \u00faltimo domingo (30), Bahia e Corinthians se enfrentaram na Arena Fonte Nova, pela primeira rodada do Brasileir\u00e3o 2025. Com at\u00e9 expuls\u00e3o de Everton Ribeiro, a partida terminou empatada por 1 a 1. Gilberto abriu o placar aos 46 minutos do primeiro tempo. Por\u00e9m, o [&hellip;]\" \/>\n<meta property=\"og:url\" content=\"https:\/\/www.gaveanews.com\/index.php\/2025\/03\/31\/a-declaracao-de-rogerio-ceni-direcionada-ao-corinthians\/\" \/>\n<meta property=\"og:site_name\" content=\"G\u00e1vea News\" \/>\n<meta property=\"article:publisher\" content=\"https:\/\/facebook.com\/gaveaNews\/\" \/>\n<meta property=\"article:published_time\" content=\"2025-03-31T12:20:00+00:00\" \/>\n<meta property=\"article:modified_time\" content=\"2025-03-31T23:16:39+00:00\" \/>\n<meta property=\"og:image\" content=\"http:\/\/www.gaveanews.com\/wp-content\/uploads\/Rogerio-Ceni-tecnico-do-Bahia-em-entrevista-coletiva-apos-o-classico-contra-o-Vitoria.webp\" \/>\n\t<meta property=\"og:image:width\" content=\"874\" \/>\n\t<meta property=\"og:image:height\" content=\"463\" \/>\n\t<meta property=\"og:image:type\" content=\"image\/webp\" \/>\n<meta name=\"author\" content=\"Andr\u00e9 Serra\" \/>\n<meta name=\"twitter:card\" content=\"summary_large_image\" \/>\n<meta name=\"twitter:label1\" content=\"Escrito por\" \/>\n\t<meta name=\"twitter:data1\" content=\"Andr\u00e9 Serra\" \/>\n\t<meta name=\"twitter:label2\" content=\"Est. tempo de leitura\" \/>\n\t<meta name=\"twitter:data2\" content=\"3 minutos\" \/>\n<script type=\"application\/ld+json\" class=\"yoast-schema-graph\">{\"@context\":\"https:\/\/schema.org\",\"@graph\":[{\"@type\":\"NewsArticle\",\"@id\":\"https:\/\/www.gaveanews.com\/index.php\/2025\/03\/31\/a-declaracao-de-rogerio-ceni-direcionada-ao-corinthians\/#article\",\"isPartOf\":{\"@id\":\"https:\/\/www.gaveanews.com\/index.php\/2025\/03\/31\/a-declaracao-de-rogerio-ceni-direcionada-ao-corinthians\/\"},\"author\":{\"name\":\"Andr\u00e9 Serra\",\"@id\":\"https:\/\/www.gaveanews.com\/#\/schema\/person\/0277a79a1289c451c281ec0411d84f0c\"},\"headline\":\"A declara\u00e7\u00e3o de Rog\u00e9rio Ceni direcionada ao Corinthians\",\"datePublished\":\"2025-03-31T12:20:00+00:00\",\"dateModified\":\"2025-03-31T23:16:39+00:00\",\"mainEntityOfPage\":{\"@id\":\"https:\/\/www.gaveanews.com\/index.php\/2025\/03\/31\/a-declaracao-de-rogerio-ceni-direcionada-ao-corinthians\/\"},\"wordCount\":397,\"commentCount\":0,\"image\":{\"@id\":\"https:\/\/www.gaveanews.com\/index.php\/2025\/03\/31\/a-declaracao-de-rogerio-ceni-direcionada-ao-corinthians\/#primaryimage\"},\"thumbnailUrl\":\"https:\/\/www.gaveanews.com\/wp-content\/uploads\/Rogerio-Ceni-tecnico-do-Bahia-em-entrevista-coletiva-apos-o-classico-contra-o-Vitoria.webp\",\"articleSection\":[\"Bahia\",\"Corinthians\"],\"inLanguage\":\"pt-BR\",\"potentialAction\":[{\"@type\":\"CommentAction\",\"name\":\"Comment\",\"target\":[\"https:\/\/www.gaveanews.com\/index.php\/2025\/03\/31\/a-declaracao-de-rogerio-ceni-direcionada-ao-corinthians\/#respond\"]}],\"copyrightYear\":\"2025\",\"copyrightHolder\":{\"@id\":\"https:\/\/www.gaveanews.com\/#organization\"}},{\"@type\":\"WebPage\",\"@id\":\"https:\/\/www.gaveanews.com\/index.php\/2025\/03\/31\/a-declaracao-de-rogerio-ceni-direcionada-ao-corinthians\/\",\"url\":\"https:\/\/www.gaveanews.com\/index.php\/2025\/03\/31\/a-declaracao-de-rogerio-ceni-direcionada-ao-corinthians\/\",\"name\":\"A declara\u00e7\u00e3o de Rog\u00e9rio Ceni direcionada ao Corinthians\",\"isPartOf\":{\"@id\":\"https:\/\/www.gaveanews.com\/#website\"},\"primaryImageOfPage\":{\"@id\":\"https:\/\/www.gaveanews.com\/index.php\/2025\/03\/31\/a-declaracao-de-rogerio-ceni-direcionada-ao-corinthians\/#primaryimage\"},\"image\":{\"@id\":\"https:\/\/www.gaveanews.com\/index.php\/2025\/03\/31\/a-declaracao-de-rogerio-ceni-direcionada-ao-corinthians\/#primaryimage\"},\"thumbnailUrl\":\"https:\/\/www.gaveanews.com\/wp-content\/uploads\/Rogerio-Ceni-tecnico-do-Bahia-em-entrevista-coletiva-apos-o-classico-contra-o-Vitoria.webp\",\"datePublished\":\"2025-03-31T12:20:00+00:00\",\"dateModified\":\"2025-03-31T23:16:39+00:00\",\"author\":{\"@id\":\"https:\/\/www.gaveanews.com\/#\/schema\/person\/0277a79a1289c451c281ec0411d84f0c\"},\"breadcrumb\":{\"@id\":\"https:\/\/www.gaveanews.com\/index.php\/2025\/03\/31\/a-declaracao-de-rogerio-ceni-direcionada-ao-corinthians\/#breadcrumb\"},\"inLanguage\":\"pt-BR\",\"potentialAction\":[{\"@type\":\"ReadAction\",\"target\":[\"https:\/\/www.gaveanews.com\/index.php\/2025\/03\/31\/a-declaracao-de-rogerio-ceni-direcionada-ao-corinthians\/\"]}]},{\"@type\":\"ImageObject\",\"inLanguage\":\"pt-BR\",\"@id\":\"https:\/\/www.gaveanews.com\/index.php\/2025\/03\/31\/a-declaracao-de-rogerio-ceni-direcionada-ao-corinthians\/#primaryimage\",\"url\":\"https:\/\/www.gaveanews.com\/wp-content\/uploads\/Rogerio-Ceni-tecnico-do-Bahia-em-entrevista-coletiva-apos-o-classico-contra-o-Vitoria.webp\",\"contentUrl\":\"https:\/\/www.gaveanews.com\/wp-content\/uploads\/Rogerio-Ceni-tecnico-do-Bahia-em-entrevista-coletiva-apos-o-classico-contra-o-Vitoria.webp\",\"width\":874,\"height\":463,\"caption\":\"Rog\u00e9rio Ceni - Foto: Let\u00edcia Martins \/ EC Bahia\"},{\"@type\":\"BreadcrumbList\",\"@id\":\"https:\/\/www.gaveanews.com\/index.php\/2025\/03\/31\/a-declaracao-de-rogerio-ceni-direcionada-ao-corinthians\/#breadcrumb\",\"itemListElement\":[{\"@type\":\"ListItem\",\"position\":1,\"name\":\"Home\",\"item\":\"https:\/\/www.gaveanews.com\/\"},{\"@type\":\"ListItem\",\"position\":2,\"name\":\"A declara\u00e7\u00e3o de Rog\u00e9rio Ceni direcionada ao Corinthians\"}]},{\"@type\":\"WebSite\",\"@id\":\"https:\/\/www.gaveanews.com\/#website\",\"url\":\"https:\/\/www.gaveanews.com\/\",\"name\":\"G\u00e1vea News\",\"description\":\"Veja todas as not\u00edcias sobre o Flamengo: Contrata\u00e7\u00f5es, categorias de base, resultados das partidas, tabela de classifica\u00e7\u00e3o, pr\u00f3ximos jogos!\",\"potentialAction\":[{\"@type\":\"SearchAction\",\"target\":{\"@type\":\"EntryPoint\",\"urlTemplate\":\"https:\/\/www.gaveanews.com\/?s={search_term_string}\"},\"query-input\":{\"@type\":\"PropertyValueSpecification\",\"valueRequired\":true,\"valueName\":\"search_term_string\"}}],\"inLanguage\":\"pt-BR\"},{\"@type\":\"Person\",\"@id\":\"https:\/\/www.gaveanews.com\/#\/schema\/person\/0277a79a1289c451c281ec0411d84f0c\",\"name\":\"Andr\u00e9 Serra\",\"image\":{\"@type\":\"ImageObject\",\"inLanguage\":\"pt-BR\",\"@id\":\"https:\/\/www.gaveanews.com\/#\/schema\/person\/image\/\",\"url\":\"https:\/\/secure.gravatar.com\/avatar\/d7231369fe48db93292b3e88eb2162dbd9a34a47a8437d9ef3bcaca2a86a83d7?s=96&d=mm&r=g\",\"contentUrl\":\"https:\/\/secure.gravatar.com\/avatar\/d7231369fe48db93292b3e88eb2162dbd9a34a47a8437d9ef3bcaca2a86a83d7?s=96&d=mm&r=g\",\"caption\":\"Andr\u00e9 Serra\"}}]}<\/script>\n<!-- \/ Yoast SEO Premium plugin. -->","yoast_head_json":{"title":"A declara\u00e7\u00e3o de Rog\u00e9rio Ceni direcionada ao Corinthians","robots":{"index":"index","follow":"follow","max-snippet":"max-snippet:-1","max-image-preview":"max-image-preview:large","max-video-preview":"max-video-preview:-1"},"canonical":"https:\/\/www.gaveanews.com\/index.php\/2025\/03\/31\/a-declaracao-de-rogerio-ceni-direcionada-ao-corinthians\/","og_locale":"pt_BR","og_type":"article","og_title":"A declara\u00e7\u00e3o de Rog\u00e9rio Ceni direcionada ao Corinthians","og_description":"&#8220;Acho que o time se portou bem&#8221;, disse o treinador No \u00faltimo domingo (30), Bahia e Corinthians se enfrentaram na Arena Fonte Nova, pela primeira rodada do Brasileir\u00e3o 2025. Com at\u00e9 expuls\u00e3o de Everton Ribeiro, a partida terminou empatada por 1 a 1. Gilberto abriu o placar aos 46 minutos do primeiro tempo. Por\u00e9m, o [&hellip;]","og_url":"https:\/\/www.gaveanews.com\/index.php\/2025\/03\/31\/a-declaracao-de-rogerio-ceni-direcionada-ao-corinthians\/","og_site_name":"G\u00e1vea News","article_publisher":"https:\/\/facebook.com\/gaveaNews\/","article_published_time":"2025-03-31T12:20:00+00:00","article_modified_time":"2025-03-31T23:16:39+00:00","og_image":[{"width":874,"height":463,"url":"http:\/\/www.gaveanews.com\/wp-content\/uploads\/Rogerio-Ceni-tecnico-do-Bahia-em-entrevista-coletiva-apos-o-classico-contra-o-Vitoria.webp","type":"image\/webp"}],"author":"Andr\u00e9 Serra","twitter_card":"summary_large_image","twitter_misc":{"Escrito por":"Andr\u00e9 Serra","Est. tempo de leitura":"3 minutos"},"schema":{"@context":"https:\/\/schema.org","@graph":[{"@type":"NewsArticle","@id":"https:\/\/www.gaveanews.com\/index.php\/2025\/03\/31\/a-declaracao-de-rogerio-ceni-direcionada-ao-corinthians\/#article","isPartOf":{"@id":"https:\/\/www.gaveanews.com\/index.php\/2025\/03\/31\/a-declaracao-de-rogerio-ceni-direcionada-ao-corinthians\/"},"author":{"name":"Andr\u00e9 Serra","@id":"https:\/\/www.gaveanews.com\/#\/schema\/person\/0277a79a1289c451c281ec0411d84f0c"},"headline":"A declara\u00e7\u00e3o de Rog\u00e9rio Ceni direcionada ao Corinthians","datePublished":"2025-03-31T12:20:00+00:00","dateModified":"2025-03-31T23:16:39+00:00","mainEntityOfPage":{"@id":"https:\/\/www.gaveanews.com\/index.php\/2025\/03\/31\/a-declaracao-de-rogerio-ceni-direcionada-ao-corinthians\/"},"wordCount":397,"commentCount":0,"image":{"@id":"https:\/\/www.gaveanews.com\/index.php\/2025\/03\/31\/a-declaracao-de-rogerio-ceni-direcionada-ao-corinthians\/#primaryimage"},"thumbnailUrl":"https:\/\/www.gaveanews.com\/wp-content\/uploads\/Rogerio-Ceni-tecnico-do-Bahia-em-entrevista-coletiva-apos-o-classico-contra-o-Vitoria.webp","articleSection":["Bahia","Corinthians"],"inLanguage":"pt-BR","potentialAction":[{"@type":"CommentAction","name":"Comment","target":["https:\/\/www.gaveanews.com\/index.php\/2025\/03\/31\/a-declaracao-de-rogerio-ceni-direcionada-ao-corinthians\/#respond"]}],"copyrightYear":"2025","copyrightHolder":{"@id":"https:\/\/www.gaveanews.com\/#organization"}},{"@type":"WebPage","@id":"https:\/\/www.gaveanews.com\/index.php\/2025\/03\/31\/a-declaracao-de-rogerio-ceni-direcionada-ao-corinthians\/","url":"https:\/\/www.gaveanews.com\/index.php\/2025\/03\/31\/a-declaracao-de-rogerio-ceni-direcionada-ao-corinthians\/","name":"A declara\u00e7\u00e3o de Rog\u00e9rio Ceni direcionada ao Corinthians","isPartOf":{"@id":"https:\/\/www.gaveanews.com\/#website"},"primaryImageOfPage":{"@id":"https:\/\/www.gaveanews.com\/index.php\/2025\/03\/31\/a-declaracao-de-rogerio-ceni-direcionada-ao-corinthians\/#primaryimage"},"image":{"@id":"https:\/\/www.gaveanews.com\/index.php\/2025\/03\/31\/a-declaracao-de-rogerio-ceni-direcionada-ao-corinthians\/#primaryimage"},"thumbnailUrl":"https:\/\/www.gaveanews.com\/wp-content\/uploads\/Rogerio-Ceni-tecnico-do-Bahia-em-entrevista-coletiva-apos-o-classico-contra-o-Vitoria.webp","datePublished":"2025-03-31T12:20:00+00:00","dateModified":"2025-03-31T23:16:39+00:00","author":{"@id":"https:\/\/www.gaveanews.com\/#\/schema\/person\/0277a79a1289c451c281ec0411d84f0c"},"breadcrumb":{"@id":"https:\/\/www.gaveanews.com\/index.php\/2025\/03\/31\/a-declaracao-de-rogerio-ceni-direcionada-ao-corinthians\/#breadcrumb"},"inLanguage":"pt-BR","potentialAction":[{"@type":"ReadAction","target":["https:\/\/www.gaveanews.com\/index.php\/2025\/03\/31\/a-declaracao-de-rogerio-ceni-direcionada-ao-corinthians\/"]}]},{"@type":"ImageObject","inLanguage":"pt-BR","@id":"https:\/\/www.gaveanews.com\/index.php\/2025\/03\/31\/a-declaracao-de-rogerio-ceni-direcionada-ao-corinthians\/#primaryimage","url":"https:\/\/www.gaveanews.com\/wp-content\/uploads\/Rogerio-Ceni-tecnico-do-Bahia-em-entrevista-coletiva-apos-o-classico-contra-o-Vitoria.webp","contentUrl":"https:\/\/www.gaveanews.com\/wp-content\/uploads\/Rogerio-Ceni-tecnico-do-Bahia-em-entrevista-coletiva-apos-o-classico-contra-o-Vitoria.webp","width":874,"height":463,"caption":"Rog\u00e9rio Ceni - Foto: Let\u00edcia Martins \/ EC Bahia"},{"@type":"BreadcrumbList","@id":"https:\/\/www.gaveanews.com\/index.php\/2025\/03\/31\/a-declaracao-de-rogerio-ceni-direcionada-ao-corinthians\/#breadcrumb","itemListElement":[{"@type":"ListItem","position":1,"name":"Home","item":"https:\/\/www.gaveanews.com\/"},{"@type":"ListItem","position":2,"name":"A declara\u00e7\u00e3o de Rog\u00e9rio Ceni direcionada ao Corinthians"}]},{"@type":"WebSite","@id":"https:\/\/www.gaveanews.com\/#website","url":"https:\/\/www.gaveanews.com\/","name":"G\u00e1vea News","description":"Veja todas as not\u00edcias sobre o Flamengo: Contrata\u00e7\u00f5es, categorias de base, resultados das partidas, tabela de classifica\u00e7\u00e3o, pr\u00f3ximos jogos!","potentialAction":[{"@type":"SearchAction","target":{"@type":"EntryPoint","urlTemplate":"https:\/\/www.gaveanews.com\/?s={search_term_string}"},"query-input":{"@type":"PropertyValueSpecification","valueRequired":true,"valueName":"search_term_string"}}],"inLanguage":"pt-BR"},{"@type":"Person","@id":"https:\/\/www.gaveanews.com\/#\/schema\/person\/0277a79a1289c451c281ec0411d84f0c","name":"Andr\u00e9 Serra","image":{"@type":"ImageObject","inLanguage":"pt-BR","@id":"https:\/\/www.gaveanews.com\/#\/schema\/person\/image\/","url":"https:\/\/secure.gravatar.com\/avatar\/d7231369fe48db93292b3e88eb2162dbd9a34a47a8437d9ef3bcaca2a86a83d7?s=96&d=mm&r=g","contentUrl":"https:\/\/secure.gravatar.com\/avatar\/d7231369fe48db93292b3e88eb2162dbd9a34a47a8437d9ef3bcaca2a86a83d7?s=96&d=mm&r=g","caption":"Andr\u00e9 Serra"}}]}},"_links":{"self":[{"href":"https:\/\/www.gaveanews.com\/index.php\/wp-json\/wp\/v2\/posts\/247001","targetHints":{"allow":["GET"]}}],"collection":[{"href":"https:\/\/www.gaveanews.com\/index.php\/wp-json\/wp\/v2\/posts"}],"about":[{"href":"https:\/\/www.gaveanews.com\/index.php\/wp-json\/wp\/v2\/types\/post"}],"author":[{"embeddable":true,"href":"https:\/\/www.gaveanews.com\/index.php\/wp-json\/wp\/v2\/users\/21"}],"replies":[{"embeddable":true,"href":"https:\/\/www.gaveanews.com\/index.php\/wp-json\/wp\/v2\/comments?post=247001"}],"version-history":[{"count":2,"href":"https:\/\/www.gaveanews.com\/index.php\/wp-json\/wp\/v2\/posts\/247001\/revisions"}],"predecessor-version":[{"id":247322,"href":"https:\/\/www.gaveanews.com\/index.php\/wp-json\/wp\/v2\/posts\/247001\/revisions\/247322"}],"wp:featuredmedia":[{"embeddable":true,"href":"https:\/\/www.gaveanews.com\/index.php\/wp-json\/wp\/v2\/media\/148504"}],"wp:attachment":[{"href":"https:\/\/www.gaveanews.com\/index.php\/wp-json\/wp\/v2\/media?parent=247001"}],"wp:term":[{"taxonomy":"category","embeddable":true,"href":"https:\/\/www.gaveanews.com\/index.php\/wp-json\/wp\/v2\/categories?post=247001"},{"taxonomy":"post_tag","embeddable":true,"href":"https:\/\/www.gaveanews.com\/index.php\/wp-json\/wp\/v2\/tags?post=247001"}],"curies":[{"name":"wp","href":"https:\/\/api.w.org\/{rel}","templated":true}]}}