{"id":247006,"date":"2025-04-01T09:15:00","date_gmt":"2025-04-01T12:15:00","guid":{"rendered":"https:\/\/www.gaveanews.com\/?p=247006"},"modified":"2025-03-31T20:16:17","modified_gmt":"2025-03-31T23:16:17","slug":"benjamin-back-crava-forte-oponente-ao-flamengo-pelo-titulo-do-brasileiro","status":"publish","type":"post","link":"https:\/\/www.gaveanews.com\/index.php\/2025\/04\/01\/benjamin-back-crava-forte-oponente-ao-flamengo-pelo-titulo-do-brasileiro\/","title":{"rendered":"Benjamin Back crava forte oponente ao Flamengo pelo t\u00edtulo do Brasileiro"},"content":{"rendered":"\n<p>O jornalista Benjamin Back ofereceu sua perspectiva sobre o recente confronto entre Flamengo e Internacional, partida que inaugurou a trajet\u00f3ria de ambos no Campeonato Brasileiro e culminou em um empate por 1 a 1.<\/p>\n\n\n\n<p>Em sua an\u00e1lise, Back posicionou tanto a equipe carioca quanto a ga\u00facha como s\u00e9rias concorrentes ao t\u00edtulo nacional nesta temporada. O comentarista ressaltou que o Flamengo, seguindo o padr\u00e3o de anos anteriores, provavelmente figurar\u00e1 entre os primeiros colocados da competi\u00e7\u00e3o.<\/p>\n\n\n\n<p>Contudo, Benjamin Back tamb\u00e9m teceu elogios significativos ao trabalho desenvolvido no Internacional, destacando a qualidade do elenco sob o comando do t\u00e9cnico Roger Machado.<\/p>\n\n\n\n<h2 class=\"wp-block-heading\" id=\"h-analise-de-benja-sobre-o-potencial-do-inter\">An\u00e1lise de Benja sobre o potencial do Inter<\/h2>\n\n\n\n<p>O jornalista apontou especificamente a for\u00e7a do conjunto montado pela equipe ga\u00facha. &#8220;Esse time do Internacional \u00e9 muito bem montado, gente&#8221;, iniciou Benja em sua avalia\u00e7\u00e3o.<\/p>\n\n\n\n<p>Ele prosseguiu detalhando pontos fortes individuais que contribuem para a solidez do time. &#8220;(&#8230;) Esse Bernabei \u00e9 um baita lateral, o Rochet \u00e9 um bom goleiro, e o Allan Patrick \u00e9 um dos melhores camisas 10 do futebol brasileiro&#8221;, observou, refor\u00e7ando sua convic\u00e7\u00e3o. Assim, concluiu que o Internacional representar\u00e1 um desafio consider\u00e1vel no Brasileir\u00e3o, prevendo: &#8220;Os dois v\u00e3o brigar l\u00e1 em cima&#8221;.<\/p>\n\n\n\n<h2 class=\"wp-block-heading\" id=\"h-desenrolar-da-partida\">Desenrolar da partida<\/h2>\n\n\n\n<p>Durante o jogo, o Flamengo criou oportunidades claras, principalmente durante a segunda etapa da partida, por\u00e9m, n\u00e3o conseguiu converter sua superioridade moment\u00e2nea em gols para garantir a vit\u00f3ria. Por outro lado, o Internacional exibiu consist\u00eancia t\u00e1tica e organiza\u00e7\u00e3o em campo, indicando que possui atributos para ser um dos times de destaque no campeonato.<\/p>\n\n\n\n<p>No confronto direto, foi o Internacional quem abriu o placar, ainda no primeiro tempo, com um gol de Bruno Henrique. Entretanto, o Flamengo reagiu \u00e0 desvantagem e, ap\u00f3s exercer press\u00e3o sobre o advers\u00e1rio, alcan\u00e7ou o gol de empate.<\/p>\n\n\n\n<p>Agora, a equipe de Roger Machado direciona suas aten\u00e7\u00f5es e prepara\u00e7\u00e3o para a Copa Libertadores. O Colorado tem sua estreia agendada j\u00e1 para esta semana, enfrentando outro clube brasileiro, o Bahia, na competi\u00e7\u00e3o continental.<\/p>\n\n\n\n<p>Vale ressaltar que o duelo entre Internacional e Bahia est\u00e1 marcado para a pr\u00f3xima quinta-feira (3), v\u00e1lido pela primeira rodada da Libertadores. A partida ocorrer\u00e1 \u00e0s 19h, pelo hor\u00e1rio de Bras\u00edlia, tendo como palco a Arena Fonte Nova.<\/p>\n","protected":false},"excerpt":{"rendered":"<p>O jornalista Benjamin Back ofereceu sua perspectiva sobre o recente confronto entre Flamengo e Internacional, partida que inaugurou a trajet\u00f3ria de ambos no Campeonato Brasileiro e culminou em um empate por 1 a 1. Em sua an\u00e1lise, Back posicionou tanto a equipe carioca quanto a ga\u00facha como s\u00e9rias concorrentes ao t\u00edtulo nacional nesta temporada. O [&hellip;]<\/p>\n","protected":false},"author":28,"featured_media":163267,"comment_status":"open","ping_status":"closed","sticky":false,"template":"","format":"standard","meta":{"footnotes":""},"categories":[1,148],"tags":[],"class_list":["post-247006","post","type-post","status-publish","format-standard","has-post-thumbnail","hentry","category-flamengo","category-internacional"],"yoast_head":"<!-- This site is optimized with the Yoast SEO Premium plugin v24.2 (Yoast SEO v26.9) - https:\/\/yoast.com\/product\/yoast-seo-premium-wordpress\/ -->\n<title>Benjamin Back crava forte oponente ao Flamengo pelo t\u00edtulo do Brasileiro<\/title>\n<meta name=\"robots\" content=\"index, follow, max-snippet:-1, max-image-preview:large, max-video-preview:-1\" \/>\n<link rel=\"canonical\" href=\"https:\/\/www.gaveanews.com\/index.php\/2025\/04\/01\/benjamin-back-crava-forte-oponente-ao-flamengo-pelo-titulo-do-brasileiro\/\" \/>\n<meta property=\"og:locale\" content=\"pt_BR\" \/>\n<meta property=\"og:type\" content=\"article\" \/>\n<meta property=\"og:title\" content=\"Benjamin Back crava forte oponente ao Flamengo pelo t\u00edtulo do Brasileiro\" \/>\n<meta property=\"og:description\" content=\"O jornalista Benjamin Back ofereceu sua perspectiva sobre o recente confronto entre Flamengo e Internacional, partida que inaugurou a trajet\u00f3ria de ambos no Campeonato Brasileiro e culminou em um empate por 1 a 1. Em sua an\u00e1lise, Back posicionou tanto a equipe carioca quanto a ga\u00facha como s\u00e9rias concorrentes ao t\u00edtulo nacional nesta temporada. O [&hellip;]\" \/>\n<meta property=\"og:url\" content=\"https:\/\/www.gaveanews.com\/index.php\/2025\/04\/01\/benjamin-back-crava-forte-oponente-ao-flamengo-pelo-titulo-do-brasileiro\/\" \/>\n<meta property=\"og:site_name\" content=\"G\u00e1vea News\" \/>\n<meta property=\"article:publisher\" content=\"https:\/\/facebook.com\/gaveaNews\/\" \/>\n<meta property=\"article:published_time\" content=\"2025-04-01T12:15:00+00:00\" \/>\n<meta property=\"og:image\" content=\"https:\/\/www.gaveanews.com\/wp-content\/uploads\/A-declaracao-de-Benjamin-Back-apos-a-vitoria-do-Corinthians-contra-o-Flamengo.webp\" \/>\n\t<meta property=\"og:image:width\" content=\"1200\" \/>\n\t<meta property=\"og:image:height\" content=\"675\" \/>\n\t<meta property=\"og:image:type\" content=\"image\/jpeg\" \/>\n<meta name=\"author\" content=\"Hudson Pereira\" \/>\n<meta name=\"twitter:card\" content=\"summary_large_image\" \/>\n<meta name=\"twitter:label1\" content=\"Escrito por\" \/>\n\t<meta name=\"twitter:data1\" content=\"Hudson Pereira\" \/>\n\t<meta name=\"twitter:label2\" content=\"Est. tempo de leitura\" \/>\n\t<meta name=\"twitter:data2\" content=\"3 minutos\" \/>\n<script type=\"application\/ld+json\" class=\"yoast-schema-graph\">{\"@context\":\"https:\/\/schema.org\",\"@graph\":[{\"@type\":\"NewsArticle\",\"@id\":\"https:\/\/www.gaveanews.com\/index.php\/2025\/04\/01\/benjamin-back-crava-forte-oponente-ao-flamengo-pelo-titulo-do-brasileiro\/#article\",\"isPartOf\":{\"@id\":\"https:\/\/www.gaveanews.com\/index.php\/2025\/04\/01\/benjamin-back-crava-forte-oponente-ao-flamengo-pelo-titulo-do-brasileiro\/\"},\"author\":{\"name\":\"Hudson Pereira\",\"@id\":\"https:\/\/www.gaveanews.com\/#\/schema\/person\/bd08f00534b403119b92741a6d469ef0\"},\"headline\":\"Benjamin Back crava forte oponente ao Flamengo pelo t\u00edtulo do Brasileiro\",\"datePublished\":\"2025-04-01T12:15:00+00:00\",\"mainEntityOfPage\":{\"@id\":\"https:\/\/www.gaveanews.com\/index.php\/2025\/04\/01\/benjamin-back-crava-forte-oponente-ao-flamengo-pelo-titulo-do-brasileiro\/\"},\"wordCount\":398,\"commentCount\":0,\"image\":{\"@id\":\"https:\/\/www.gaveanews.com\/index.php\/2025\/04\/01\/benjamin-back-crava-forte-oponente-ao-flamengo-pelo-titulo-do-brasileiro\/#primaryimage\"},\"thumbnailUrl\":\"https:\/\/www.gaveanews.com\/wp-content\/uploads\/A-declaracao-de-Benjamin-Back-apos-a-vitoria-do-Corinthians-contra-o-Flamengo.webp\",\"articleSection\":[\"Flamengo\",\"Internacional\"],\"inLanguage\":\"pt-BR\",\"potentialAction\":[{\"@type\":\"CommentAction\",\"name\":\"Comment\",\"target\":[\"https:\/\/www.gaveanews.com\/index.php\/2025\/04\/01\/benjamin-back-crava-forte-oponente-ao-flamengo-pelo-titulo-do-brasileiro\/#respond\"]}],\"copyrightYear\":\"2025\",\"copyrightHolder\":{\"@id\":\"https:\/\/www.gaveanews.com\/#organization\"}},{\"@type\":\"WebPage\",\"@id\":\"https:\/\/www.gaveanews.com\/index.php\/2025\/04\/01\/benjamin-back-crava-forte-oponente-ao-flamengo-pelo-titulo-do-brasileiro\/\",\"url\":\"https:\/\/www.gaveanews.com\/index.php\/2025\/04\/01\/benjamin-back-crava-forte-oponente-ao-flamengo-pelo-titulo-do-brasileiro\/\",\"name\":\"Benjamin Back crava forte oponente ao Flamengo pelo t\u00edtulo do Brasileiro\",\"isPartOf\":{\"@id\":\"https:\/\/www.gaveanews.com\/#website\"},\"primaryImageOfPage\":{\"@id\":\"https:\/\/www.gaveanews.com\/index.php\/2025\/04\/01\/benjamin-back-crava-forte-oponente-ao-flamengo-pelo-titulo-do-brasileiro\/#primaryimage\"},\"image\":{\"@id\":\"https:\/\/www.gaveanews.com\/index.php\/2025\/04\/01\/benjamin-back-crava-forte-oponente-ao-flamengo-pelo-titulo-do-brasileiro\/#primaryimage\"},\"thumbnailUrl\":\"https:\/\/www.gaveanews.com\/wp-content\/uploads\/A-declaracao-de-Benjamin-Back-apos-a-vitoria-do-Corinthians-contra-o-Flamengo.webp\",\"datePublished\":\"2025-04-01T12:15:00+00:00\",\"author\":{\"@id\":\"https:\/\/www.gaveanews.com\/#\/schema\/person\/bd08f00534b403119b92741a6d469ef0\"},\"breadcrumb\":{\"@id\":\"https:\/\/www.gaveanews.com\/index.php\/2025\/04\/01\/benjamin-back-crava-forte-oponente-ao-flamengo-pelo-titulo-do-brasileiro\/#breadcrumb\"},\"inLanguage\":\"pt-BR\",\"potentialAction\":[{\"@type\":\"ReadAction\",\"target\":[\"https:\/\/www.gaveanews.com\/index.php\/2025\/04\/01\/benjamin-back-crava-forte-oponente-ao-flamengo-pelo-titulo-do-brasileiro\/\"]}]},{\"@type\":\"ImageObject\",\"inLanguage\":\"pt-BR\",\"@id\":\"https:\/\/www.gaveanews.com\/index.php\/2025\/04\/01\/benjamin-back-crava-forte-oponente-ao-flamengo-pelo-titulo-do-brasileiro\/#primaryimage\",\"url\":\"https:\/\/www.gaveanews.com\/wp-content\/uploads\/A-declaracao-de-Benjamin-Back-apos-a-vitoria-do-Corinthians-contra-o-Flamengo.webp\",\"contentUrl\":\"https:\/\/www.gaveanews.com\/wp-content\/uploads\/A-declaracao-de-Benjamin-Back-apos-a-vitoria-do-Corinthians-contra-o-Flamengo.webp\",\"width\":1200,\"height\":675,\"caption\":\"Benjamin Back (Foto: Reprodu\u00e7\u00e3o\/SBT)\"},{\"@type\":\"BreadcrumbList\",\"@id\":\"https:\/\/www.gaveanews.com\/index.php\/2025\/04\/01\/benjamin-back-crava-forte-oponente-ao-flamengo-pelo-titulo-do-brasileiro\/#breadcrumb\",\"itemListElement\":[{\"@type\":\"ListItem\",\"position\":1,\"name\":\"Home\",\"item\":\"https:\/\/www.gaveanews.com\/\"},{\"@type\":\"ListItem\",\"position\":2,\"name\":\"Benjamin Back crava forte oponente ao Flamengo pelo t\u00edtulo do Brasileiro\"}]},{\"@type\":\"WebSite\",\"@id\":\"https:\/\/www.gaveanews.com\/#website\",\"url\":\"https:\/\/www.gaveanews.com\/\",\"name\":\"G\u00e1vea News\",\"description\":\"Veja todas as not\u00edcias sobre o Flamengo: Contrata\u00e7\u00f5es, categorias de base, resultados das partidas, tabela de classifica\u00e7\u00e3o, pr\u00f3ximos jogos!\",\"potentialAction\":[{\"@type\":\"SearchAction\",\"target\":{\"@type\":\"EntryPoint\",\"urlTemplate\":\"https:\/\/www.gaveanews.com\/?s={search_term_string}\"},\"query-input\":{\"@type\":\"PropertyValueSpecification\",\"valueRequired\":true,\"valueName\":\"search_term_string\"}}],\"inLanguage\":\"pt-BR\"},{\"@type\":\"Person\",\"@id\":\"https:\/\/www.gaveanews.com\/#\/schema\/person\/bd08f00534b403119b92741a6d469ef0\",\"name\":\"Hudson Pereira\",\"image\":{\"@type\":\"ImageObject\",\"inLanguage\":\"pt-BR\",\"@id\":\"https:\/\/www.gaveanews.com\/#\/schema\/person\/image\/\",\"url\":\"https:\/\/secure.gravatar.com\/avatar\/ecc491b489e454e510efffc9b23c1052ce5fb4f2e05555768ba65819cd55f03e?s=96&d=mm&r=g\",\"contentUrl\":\"https:\/\/secure.gravatar.com\/avatar\/ecc491b489e454e510efffc9b23c1052ce5fb4f2e05555768ba65819cd55f03e?s=96&d=mm&r=g\",\"caption\":\"Hudson Pereira\"}}]}<\/script>\n<!-- \/ Yoast SEO Premium plugin. -->","yoast_head_json":{"title":"Benjamin Back crava forte oponente ao Flamengo pelo t\u00edtulo do Brasileiro","robots":{"index":"index","follow":"follow","max-snippet":"max-snippet:-1","max-image-preview":"max-image-preview:large","max-video-preview":"max-video-preview:-1"},"canonical":"https:\/\/www.gaveanews.com\/index.php\/2025\/04\/01\/benjamin-back-crava-forte-oponente-ao-flamengo-pelo-titulo-do-brasileiro\/","og_locale":"pt_BR","og_type":"article","og_title":"Benjamin Back crava forte oponente ao Flamengo pelo t\u00edtulo do Brasileiro","og_description":"O jornalista Benjamin Back ofereceu sua perspectiva sobre o recente confronto entre Flamengo e Internacional, partida que inaugurou a trajet\u00f3ria de ambos no Campeonato Brasileiro e culminou em um empate por 1 a 1. Em sua an\u00e1lise, Back posicionou tanto a equipe carioca quanto a ga\u00facha como s\u00e9rias concorrentes ao t\u00edtulo nacional nesta temporada. O [&hellip;]","og_url":"https:\/\/www.gaveanews.com\/index.php\/2025\/04\/01\/benjamin-back-crava-forte-oponente-ao-flamengo-pelo-titulo-do-brasileiro\/","og_site_name":"G\u00e1vea News","article_publisher":"https:\/\/facebook.com\/gaveaNews\/","article_published_time":"2025-04-01T12:15:00+00:00","og_image":[{"width":1200,"height":675,"url":"https:\/\/www.gaveanews.com\/wp-content\/uploads\/A-declaracao-de-Benjamin-Back-apos-a-vitoria-do-Corinthians-contra-o-Flamengo.webp","type":"image\/jpeg"}],"author":"Hudson Pereira","twitter_card":"summary_large_image","twitter_misc":{"Escrito por":"Hudson Pereira","Est. tempo de leitura":"3 minutos"},"schema":{"@context":"https:\/\/schema.org","@graph":[{"@type":"NewsArticle","@id":"https:\/\/www.gaveanews.com\/index.php\/2025\/04\/01\/benjamin-back-crava-forte-oponente-ao-flamengo-pelo-titulo-do-brasileiro\/#article","isPartOf":{"@id":"https:\/\/www.gaveanews.com\/index.php\/2025\/04\/01\/benjamin-back-crava-forte-oponente-ao-flamengo-pelo-titulo-do-brasileiro\/"},"author":{"name":"Hudson Pereira","@id":"https:\/\/www.gaveanews.com\/#\/schema\/person\/bd08f00534b403119b92741a6d469ef0"},"headline":"Benjamin Back crava forte oponente ao Flamengo pelo t\u00edtulo do Brasileiro","datePublished":"2025-04-01T12:15:00+00:00","mainEntityOfPage":{"@id":"https:\/\/www.gaveanews.com\/index.php\/2025\/04\/01\/benjamin-back-crava-forte-oponente-ao-flamengo-pelo-titulo-do-brasileiro\/"},"wordCount":398,"commentCount":0,"image":{"@id":"https:\/\/www.gaveanews.com\/index.php\/2025\/04\/01\/benjamin-back-crava-forte-oponente-ao-flamengo-pelo-titulo-do-brasileiro\/#primaryimage"},"thumbnailUrl":"https:\/\/www.gaveanews.com\/wp-content\/uploads\/A-declaracao-de-Benjamin-Back-apos-a-vitoria-do-Corinthians-contra-o-Flamengo.webp","articleSection":["Flamengo","Internacional"],"inLanguage":"pt-BR","potentialAction":[{"@type":"CommentAction","name":"Comment","target":["https:\/\/www.gaveanews.com\/index.php\/2025\/04\/01\/benjamin-back-crava-forte-oponente-ao-flamengo-pelo-titulo-do-brasileiro\/#respond"]}],"copyrightYear":"2025","copyrightHolder":{"@id":"https:\/\/www.gaveanews.com\/#organization"}},{"@type":"WebPage","@id":"https:\/\/www.gaveanews.com\/index.php\/2025\/04\/01\/benjamin-back-crava-forte-oponente-ao-flamengo-pelo-titulo-do-brasileiro\/","url":"https:\/\/www.gaveanews.com\/index.php\/2025\/04\/01\/benjamin-back-crava-forte-oponente-ao-flamengo-pelo-titulo-do-brasileiro\/","name":"Benjamin Back crava forte oponente ao Flamengo pelo t\u00edtulo do Brasileiro","isPartOf":{"@id":"https:\/\/www.gaveanews.com\/#website"},"primaryImageOfPage":{"@id":"https:\/\/www.gaveanews.com\/index.php\/2025\/04\/01\/benjamin-back-crava-forte-oponente-ao-flamengo-pelo-titulo-do-brasileiro\/#primaryimage"},"image":{"@id":"https:\/\/www.gaveanews.com\/index.php\/2025\/04\/01\/benjamin-back-crava-forte-oponente-ao-flamengo-pelo-titulo-do-brasileiro\/#primaryimage"},"thumbnailUrl":"https:\/\/www.gaveanews.com\/wp-content\/uploads\/A-declaracao-de-Benjamin-Back-apos-a-vitoria-do-Corinthians-contra-o-Flamengo.webp","datePublished":"2025-04-01T12:15:00+00:00","author":{"@id":"https:\/\/www.gaveanews.com\/#\/schema\/person\/bd08f00534b403119b92741a6d469ef0"},"breadcrumb":{"@id":"https:\/\/www.gaveanews.com\/index.php\/2025\/04\/01\/benjamin-back-crava-forte-oponente-ao-flamengo-pelo-titulo-do-brasileiro\/#breadcrumb"},"inLanguage":"pt-BR","potentialAction":[{"@type":"ReadAction","target":["https:\/\/www.gaveanews.com\/index.php\/2025\/04\/01\/benjamin-back-crava-forte-oponente-ao-flamengo-pelo-titulo-do-brasileiro\/"]}]},{"@type":"ImageObject","inLanguage":"pt-BR","@id":"https:\/\/www.gaveanews.com\/index.php\/2025\/04\/01\/benjamin-back-crava-forte-oponente-ao-flamengo-pelo-titulo-do-brasileiro\/#primaryimage","url":"https:\/\/www.gaveanews.com\/wp-content\/uploads\/A-declaracao-de-Benjamin-Back-apos-a-vitoria-do-Corinthians-contra-o-Flamengo.webp","contentUrl":"https:\/\/www.gaveanews.com\/wp-content\/uploads\/A-declaracao-de-Benjamin-Back-apos-a-vitoria-do-Corinthians-contra-o-Flamengo.webp","width":1200,"height":675,"caption":"Benjamin Back (Foto: Reprodu\u00e7\u00e3o\/SBT)"},{"@type":"BreadcrumbList","@id":"https:\/\/www.gaveanews.com\/index.php\/2025\/04\/01\/benjamin-back-crava-forte-oponente-ao-flamengo-pelo-titulo-do-brasileiro\/#breadcrumb","itemListElement":[{"@type":"ListItem","position":1,"name":"Home","item":"https:\/\/www.gaveanews.com\/"},{"@type":"ListItem","position":2,"name":"Benjamin Back crava forte oponente ao Flamengo pelo t\u00edtulo do Brasileiro"}]},{"@type":"WebSite","@id":"https:\/\/www.gaveanews.com\/#website","url":"https:\/\/www.gaveanews.com\/","name":"G\u00e1vea News","description":"Veja todas as not\u00edcias sobre o Flamengo: Contrata\u00e7\u00f5es, categorias de base, resultados das partidas, tabela de classifica\u00e7\u00e3o, pr\u00f3ximos jogos!","potentialAction":[{"@type":"SearchAction","target":{"@type":"EntryPoint","urlTemplate":"https:\/\/www.gaveanews.com\/?s={search_term_string}"},"query-input":{"@type":"PropertyValueSpecification","valueRequired":true,"valueName":"search_term_string"}}],"inLanguage":"pt-BR"},{"@type":"Person","@id":"https:\/\/www.gaveanews.com\/#\/schema\/person\/bd08f00534b403119b92741a6d469ef0","name":"Hudson Pereira","image":{"@type":"ImageObject","inLanguage":"pt-BR","@id":"https:\/\/www.gaveanews.com\/#\/schema\/person\/image\/","url":"https:\/\/secure.gravatar.com\/avatar\/ecc491b489e454e510efffc9b23c1052ce5fb4f2e05555768ba65819cd55f03e?s=96&d=mm&r=g","contentUrl":"https:\/\/secure.gravatar.com\/avatar\/ecc491b489e454e510efffc9b23c1052ce5fb4f2e05555768ba65819cd55f03e?s=96&d=mm&r=g","caption":"Hudson Pereira"}}]}},"_links":{"self":[{"href":"https:\/\/www.gaveanews.com\/index.php\/wp-json\/wp\/v2\/posts\/247006","targetHints":{"allow":["GET"]}}],"collection":[{"href":"https:\/\/www.gaveanews.com\/index.php\/wp-json\/wp\/v2\/posts"}],"about":[{"href":"https:\/\/www.gaveanews.com\/index.php\/wp-json\/wp\/v2\/types\/post"}],"author":[{"embeddable":true,"href":"https:\/\/www.gaveanews.com\/index.php\/wp-json\/wp\/v2\/users\/28"}],"replies":[{"embeddable":true,"href":"https:\/\/www.gaveanews.com\/index.php\/wp-json\/wp\/v2\/comments?post=247006"}],"version-history":[{"count":2,"href":"https:\/\/www.gaveanews.com\/index.php\/wp-json\/wp\/v2\/posts\/247006\/revisions"}],"predecessor-version":[{"id":247012,"href":"https:\/\/www.gaveanews.com\/index.php\/wp-json\/wp\/v2\/posts\/247006\/revisions\/247012"}],"wp:featuredmedia":[{"embeddable":true,"href":"https:\/\/www.gaveanews.com\/index.php\/wp-json\/wp\/v2\/media\/163267"}],"wp:attachment":[{"href":"https:\/\/www.gaveanews.com\/index.php\/wp-json\/wp\/v2\/media?parent=247006"}],"wp:term":[{"taxonomy":"category","embeddable":true,"href":"https:\/\/www.gaveanews.com\/index.php\/wp-json\/wp\/v2\/categories?post=247006"},{"taxonomy":"post_tag","embeddable":true,"href":"https:\/\/www.gaveanews.com\/index.php\/wp-json\/wp\/v2\/tags?post=247006"}],"curies":[{"name":"wp","href":"https:\/\/api.w.org\/{rel}","templated":true}]}}