{"id":247011,"date":"2025-04-01T09:10:00","date_gmt":"2025-04-01T12:10:00","guid":{"rendered":"https:\/\/www.gaveanews.com\/?p=247011"},"modified":"2025-03-31T20:16:08","modified_gmt":"2025-03-31T23:16:08","slug":"vasco-a-declaracao-de-vegetti-direcionada-a-dimitri-payet-do-vasco","status":"publish","type":"post","link":"https:\/\/www.gaveanews.com\/index.php\/2025\/04\/01\/vasco-a-declaracao-de-vegetti-direcionada-a-dimitri-payet-do-vasco\/","title":{"rendered":"Vasco: a declara\u00e7\u00e3o de Vegetti direcionada \u00e0 Dimitri Payet, do Vasco"},"content":{"rendered":"\n<h2 class=\"wp-block-heading\" id=\"h-e-um-craque-falou-o-atacante\">&#8220;\u00c9 um craque&#8221;, falou o atacante <\/h2>\n\n\n\n<p>O Vasco bateu o Santos no \u00faltimo domingo (30) por 2 a 1 de virada, em S\u00e3o Janu\u00e1rio e estreou com o p\u00e9 direito no Brasileir\u00e3o 2025. A dupla Dimitri Payet e Pablo Vegetti novamente foi fundamental para o Gigante da Colina triunfar. Ap\u00f3s o jogo, o atacante argentino elogiou o meia. <\/p>\n\n\n\n<p>&#8220;O Payet \u00e9 craque. Quando ele entra faz diferen\u00e7a. Temos um time qualificado, com ele, o Coutinho. E \u00e9 decis\u00e3o da diretoria (a renova\u00e7\u00e3o ou n\u00e3o de contrato). Um jogador como esse que decide o jogo a gente sempre quer contar, n\u00e3o?&#8221;, disse Vegetti, em entrevista \u00e0 Record.<\/p>\n\n\n\n<p>Dimitri Payet possui v\u00ednculo com o Vasco at\u00e9 5 de maio. No come\u00e7o deste ano, a diretoria do Vasco estava disposta e otimista pela continua\u00e7\u00e3o do meia. No entanto, as conversas entre o jogador e os dirigentes do clube carioca esfriaram e a negocia\u00e7\u00e3o neste momento est\u00e1 travada. <\/p>\n\n\n\n<p>Payet entrou no segundo tempo, substituindo Philippe Coutinho, para dar mais energia \u00e0 equipe e cumpriu bem esse papel. O franc\u00eas organizou as jogadas com precis\u00e3o, orientou os mais jovens, como Loide Augusto, e encerrou a partida com uma excelente assist\u00eancia em cobran\u00e7a de falta.<\/p>\n\n\n\n<p>Pouco antes, Vegetti teve uma grande oportunidade de marcar. Ap\u00f3s um lan\u00e7amento preciso de Piton, ele cabeceou com for\u00e7a no canto, mas o goleiro Gabriel Braz\u00e3o fez uma defesa espetacular, salvando a bola em cima da linha.<\/p>\n\n\n\n<p>&#8220;A gente fez um planejamento de jogo que n\u00f3s tivemos que mudar no intervalo. Pressionamos mais alto, um contra um, e deu certo. Isso \u00e9 bom quando a gente sabe que est\u00e1 fazendo algo ruim e troca, e d\u00e1 certo. \u00c9 muito importante. Depois aquele lance que o goleiro tirou, cara, n\u00e3o pude acreditar. Foi muito bom da parte dele. Eu n\u00e3o podia cabecear melhor (risos), mas depois tive a revanche e pude fazer o gol para ficar com os tr\u00eas pontos que para a gente s\u00e3o muito importantes&#8221;, finalizou Pablo Vegetti. <\/p>\n\n\n\n<p>Na quarta-feira (2), o Vasco viaja at\u00e9 o Peru para enfrentar o Melgar, pela primeira rodada da Copa Sul-Americana. A bola rola \u00e0s 19h (hor\u00e1rio de Bras\u00edlia). <\/p>\n","protected":false},"excerpt":{"rendered":"<p>&#8220;\u00c9 um craque&#8221;, falou o atacante O Vasco bateu o Santos no \u00faltimo domingo (30) por 2 a 1 de virada, em S\u00e3o Janu\u00e1rio e estreou com o p\u00e9 direito no Brasileir\u00e3o 2025. A dupla Dimitri Payet e Pablo Vegetti novamente foi fundamental para o Gigante da Colina triunfar. Ap\u00f3s o jogo, o atacante argentino [&hellip;]<\/p>\n","protected":false},"author":21,"featured_media":124623,"comment_status":"open","ping_status":"closed","sticky":false,"template":"","format":"standard","meta":{"footnotes":""},"categories":[152],"tags":[],"class_list":["post-247011","post","type-post","status-publish","format-standard","has-post-thumbnail","hentry","category-vasco"],"yoast_head":"<!-- This site is optimized with the Yoast SEO Premium plugin v24.2 (Yoast SEO v26.9) - https:\/\/yoast.com\/product\/yoast-seo-premium-wordpress\/ -->\n<title>Vasco: a declara\u00e7\u00e3o de Vegetti direcionada \u00e0 Dimitri Payet, do Vasco<\/title>\n<meta name=\"robots\" content=\"index, follow, max-snippet:-1, max-image-preview:large, max-video-preview:-1\" \/>\n<link rel=\"canonical\" href=\"https:\/\/www.gaveanews.com\/index.php\/2025\/04\/01\/vasco-a-declaracao-de-vegetti-direcionada-a-dimitri-payet-do-vasco\/\" \/>\n<meta property=\"og:locale\" content=\"pt_BR\" \/>\n<meta property=\"og:type\" content=\"article\" \/>\n<meta property=\"og:title\" content=\"Vasco: a declara\u00e7\u00e3o de Vegetti direcionada \u00e0 Dimitri Payet, do Vasco\" \/>\n<meta property=\"og:description\" content=\"&#8220;\u00c9 um craque&#8221;, falou o atacante O Vasco bateu o Santos no \u00faltimo domingo (30) por 2 a 1 de virada, em S\u00e3o Janu\u00e1rio e estreou com o p\u00e9 direito no Brasileir\u00e3o 2025. A dupla Dimitri Payet e Pablo Vegetti novamente foi fundamental para o Gigante da Colina triunfar. Ap\u00f3s o jogo, o atacante argentino [&hellip;]\" \/>\n<meta property=\"og:url\" content=\"https:\/\/www.gaveanews.com\/index.php\/2025\/04\/01\/vasco-a-declaracao-de-vegetti-direcionada-a-dimitri-payet-do-vasco\/\" \/>\n<meta property=\"og:site_name\" content=\"G\u00e1vea News\" \/>\n<meta property=\"article:publisher\" content=\"https:\/\/facebook.com\/gaveaNews\/\" \/>\n<meta property=\"article:published_time\" content=\"2025-04-01T12:10:00+00:00\" \/>\n<meta property=\"og:image\" content=\"https:\/\/www.gaveanews.com\/wp-content\/uploads\/agif23100200212796-1-.webp\" \/>\n\t<meta property=\"og:image:width\" content=\"984\" \/>\n\t<meta property=\"og:image:height\" content=\"656\" \/>\n\t<meta property=\"og:image:type\" content=\"image\/webp\" \/>\n<meta name=\"author\" content=\"Andr\u00e9 Serra\" \/>\n<meta name=\"twitter:card\" content=\"summary_large_image\" \/>\n<meta name=\"twitter:label1\" content=\"Escrito por\" \/>\n\t<meta name=\"twitter:data1\" content=\"Andr\u00e9 Serra\" \/>\n\t<meta name=\"twitter:label2\" content=\"Est. tempo de leitura\" \/>\n\t<meta name=\"twitter:data2\" content=\"3 minutos\" \/>\n<script type=\"application\/ld+json\" class=\"yoast-schema-graph\">{\"@context\":\"https:\/\/schema.org\",\"@graph\":[{\"@type\":\"NewsArticle\",\"@id\":\"https:\/\/www.gaveanews.com\/index.php\/2025\/04\/01\/vasco-a-declaracao-de-vegetti-direcionada-a-dimitri-payet-do-vasco\/#article\",\"isPartOf\":{\"@id\":\"https:\/\/www.gaveanews.com\/index.php\/2025\/04\/01\/vasco-a-declaracao-de-vegetti-direcionada-a-dimitri-payet-do-vasco\/\"},\"author\":{\"name\":\"Andr\u00e9 Serra\",\"@id\":\"https:\/\/www.gaveanews.com\/#\/schema\/person\/0277a79a1289c451c281ec0411d84f0c\"},\"headline\":\"Vasco: a declara\u00e7\u00e3o de Vegetti direcionada \u00e0 Dimitri Payet, do Vasco\",\"datePublished\":\"2025-04-01T12:10:00+00:00\",\"mainEntityOfPage\":{\"@id\":\"https:\/\/www.gaveanews.com\/index.php\/2025\/04\/01\/vasco-a-declaracao-de-vegetti-direcionada-a-dimitri-payet-do-vasco\/\"},\"wordCount\":381,\"commentCount\":0,\"image\":{\"@id\":\"https:\/\/www.gaveanews.com\/index.php\/2025\/04\/01\/vasco-a-declaracao-de-vegetti-direcionada-a-dimitri-payet-do-vasco\/#primaryimage\"},\"thumbnailUrl\":\"https:\/\/www.gaveanews.com\/wp-content\/uploads\/agif23100200212796-1-.webp\",\"articleSection\":[\"Vasco\"],\"inLanguage\":\"pt-BR\",\"potentialAction\":[{\"@type\":\"CommentAction\",\"name\":\"Comment\",\"target\":[\"https:\/\/www.gaveanews.com\/index.php\/2025\/04\/01\/vasco-a-declaracao-de-vegetti-direcionada-a-dimitri-payet-do-vasco\/#respond\"]}],\"copyrightYear\":\"2025\",\"copyrightHolder\":{\"@id\":\"https:\/\/www.gaveanews.com\/#organization\"}},{\"@type\":\"WebPage\",\"@id\":\"https:\/\/www.gaveanews.com\/index.php\/2025\/04\/01\/vasco-a-declaracao-de-vegetti-direcionada-a-dimitri-payet-do-vasco\/\",\"url\":\"https:\/\/www.gaveanews.com\/index.php\/2025\/04\/01\/vasco-a-declaracao-de-vegetti-direcionada-a-dimitri-payet-do-vasco\/\",\"name\":\"Vasco: a declara\u00e7\u00e3o de Vegetti direcionada \u00e0 Dimitri Payet, do Vasco\",\"isPartOf\":{\"@id\":\"https:\/\/www.gaveanews.com\/#website\"},\"primaryImageOfPage\":{\"@id\":\"https:\/\/www.gaveanews.com\/index.php\/2025\/04\/01\/vasco-a-declaracao-de-vegetti-direcionada-a-dimitri-payet-do-vasco\/#primaryimage\"},\"image\":{\"@id\":\"https:\/\/www.gaveanews.com\/index.php\/2025\/04\/01\/vasco-a-declaracao-de-vegetti-direcionada-a-dimitri-payet-do-vasco\/#primaryimage\"},\"thumbnailUrl\":\"https:\/\/www.gaveanews.com\/wp-content\/uploads\/agif23100200212796-1-.webp\",\"datePublished\":\"2025-04-01T12:10:00+00:00\",\"author\":{\"@id\":\"https:\/\/www.gaveanews.com\/#\/schema\/person\/0277a79a1289c451c281ec0411d84f0c\"},\"breadcrumb\":{\"@id\":\"https:\/\/www.gaveanews.com\/index.php\/2025\/04\/01\/vasco-a-declaracao-de-vegetti-direcionada-a-dimitri-payet-do-vasco\/#breadcrumb\"},\"inLanguage\":\"pt-BR\",\"potentialAction\":[{\"@type\":\"ReadAction\",\"target\":[\"https:\/\/www.gaveanews.com\/index.php\/2025\/04\/01\/vasco-a-declaracao-de-vegetti-direcionada-a-dimitri-payet-do-vasco\/\"]}]},{\"@type\":\"ImageObject\",\"inLanguage\":\"pt-BR\",\"@id\":\"https:\/\/www.gaveanews.com\/index.php\/2025\/04\/01\/vasco-a-declaracao-de-vegetti-direcionada-a-dimitri-payet-do-vasco\/#primaryimage\",\"url\":\"https:\/\/www.gaveanews.com\/wp-content\/uploads\/agif23100200212796-1-.webp\",\"contentUrl\":\"https:\/\/www.gaveanews.com\/wp-content\/uploads\/agif23100200212796-1-.webp\",\"width\":984,\"height\":656,\"caption\":\"Payet em a\u00e7\u00e3o pelo Vasco (Foto: Abner Dourado\/AGIF)\"},{\"@type\":\"BreadcrumbList\",\"@id\":\"https:\/\/www.gaveanews.com\/index.php\/2025\/04\/01\/vasco-a-declaracao-de-vegetti-direcionada-a-dimitri-payet-do-vasco\/#breadcrumb\",\"itemListElement\":[{\"@type\":\"ListItem\",\"position\":1,\"name\":\"Home\",\"item\":\"https:\/\/www.gaveanews.com\/\"},{\"@type\":\"ListItem\",\"position\":2,\"name\":\"Vasco: a declara\u00e7\u00e3o de Vegetti direcionada \u00e0 Dimitri Payet, do Vasco\"}]},{\"@type\":\"WebSite\",\"@id\":\"https:\/\/www.gaveanews.com\/#website\",\"url\":\"https:\/\/www.gaveanews.com\/\",\"name\":\"G\u00e1vea News\",\"description\":\"Veja todas as not\u00edcias sobre o Flamengo: Contrata\u00e7\u00f5es, categorias de base, resultados das partidas, tabela de classifica\u00e7\u00e3o, pr\u00f3ximos jogos!\",\"potentialAction\":[{\"@type\":\"SearchAction\",\"target\":{\"@type\":\"EntryPoint\",\"urlTemplate\":\"https:\/\/www.gaveanews.com\/?s={search_term_string}\"},\"query-input\":{\"@type\":\"PropertyValueSpecification\",\"valueRequired\":true,\"valueName\":\"search_term_string\"}}],\"inLanguage\":\"pt-BR\"},{\"@type\":\"Person\",\"@id\":\"https:\/\/www.gaveanews.com\/#\/schema\/person\/0277a79a1289c451c281ec0411d84f0c\",\"name\":\"Andr\u00e9 Serra\",\"image\":{\"@type\":\"ImageObject\",\"inLanguage\":\"pt-BR\",\"@id\":\"https:\/\/www.gaveanews.com\/#\/schema\/person\/image\/\",\"url\":\"https:\/\/secure.gravatar.com\/avatar\/d7231369fe48db93292b3e88eb2162dbd9a34a47a8437d9ef3bcaca2a86a83d7?s=96&d=mm&r=g\",\"contentUrl\":\"https:\/\/secure.gravatar.com\/avatar\/d7231369fe48db93292b3e88eb2162dbd9a34a47a8437d9ef3bcaca2a86a83d7?s=96&d=mm&r=g\",\"caption\":\"Andr\u00e9 Serra\"}}]}<\/script>\n<!-- \/ Yoast SEO Premium plugin. -->","yoast_head_json":{"title":"Vasco: a declara\u00e7\u00e3o de Vegetti direcionada \u00e0 Dimitri Payet, do Vasco","robots":{"index":"index","follow":"follow","max-snippet":"max-snippet:-1","max-image-preview":"max-image-preview:large","max-video-preview":"max-video-preview:-1"},"canonical":"https:\/\/www.gaveanews.com\/index.php\/2025\/04\/01\/vasco-a-declaracao-de-vegetti-direcionada-a-dimitri-payet-do-vasco\/","og_locale":"pt_BR","og_type":"article","og_title":"Vasco: a declara\u00e7\u00e3o de Vegetti direcionada \u00e0 Dimitri Payet, do Vasco","og_description":"&#8220;\u00c9 um craque&#8221;, falou o atacante O Vasco bateu o Santos no \u00faltimo domingo (30) por 2 a 1 de virada, em S\u00e3o Janu\u00e1rio e estreou com o p\u00e9 direito no Brasileir\u00e3o 2025. A dupla Dimitri Payet e Pablo Vegetti novamente foi fundamental para o Gigante da Colina triunfar. Ap\u00f3s o jogo, o atacante argentino [&hellip;]","og_url":"https:\/\/www.gaveanews.com\/index.php\/2025\/04\/01\/vasco-a-declaracao-de-vegetti-direcionada-a-dimitri-payet-do-vasco\/","og_site_name":"G\u00e1vea News","article_publisher":"https:\/\/facebook.com\/gaveaNews\/","article_published_time":"2025-04-01T12:10:00+00:00","og_image":[{"width":984,"height":656,"url":"https:\/\/www.gaveanews.com\/wp-content\/uploads\/agif23100200212796-1-.webp","type":"image\/webp"}],"author":"Andr\u00e9 Serra","twitter_card":"summary_large_image","twitter_misc":{"Escrito por":"Andr\u00e9 Serra","Est. tempo de leitura":"3 minutos"},"schema":{"@context":"https:\/\/schema.org","@graph":[{"@type":"NewsArticle","@id":"https:\/\/www.gaveanews.com\/index.php\/2025\/04\/01\/vasco-a-declaracao-de-vegetti-direcionada-a-dimitri-payet-do-vasco\/#article","isPartOf":{"@id":"https:\/\/www.gaveanews.com\/index.php\/2025\/04\/01\/vasco-a-declaracao-de-vegetti-direcionada-a-dimitri-payet-do-vasco\/"},"author":{"name":"Andr\u00e9 Serra","@id":"https:\/\/www.gaveanews.com\/#\/schema\/person\/0277a79a1289c451c281ec0411d84f0c"},"headline":"Vasco: a declara\u00e7\u00e3o de Vegetti direcionada \u00e0 Dimitri Payet, do Vasco","datePublished":"2025-04-01T12:10:00+00:00","mainEntityOfPage":{"@id":"https:\/\/www.gaveanews.com\/index.php\/2025\/04\/01\/vasco-a-declaracao-de-vegetti-direcionada-a-dimitri-payet-do-vasco\/"},"wordCount":381,"commentCount":0,"image":{"@id":"https:\/\/www.gaveanews.com\/index.php\/2025\/04\/01\/vasco-a-declaracao-de-vegetti-direcionada-a-dimitri-payet-do-vasco\/#primaryimage"},"thumbnailUrl":"https:\/\/www.gaveanews.com\/wp-content\/uploads\/agif23100200212796-1-.webp","articleSection":["Vasco"],"inLanguage":"pt-BR","potentialAction":[{"@type":"CommentAction","name":"Comment","target":["https:\/\/www.gaveanews.com\/index.php\/2025\/04\/01\/vasco-a-declaracao-de-vegetti-direcionada-a-dimitri-payet-do-vasco\/#respond"]}],"copyrightYear":"2025","copyrightHolder":{"@id":"https:\/\/www.gaveanews.com\/#organization"}},{"@type":"WebPage","@id":"https:\/\/www.gaveanews.com\/index.php\/2025\/04\/01\/vasco-a-declaracao-de-vegetti-direcionada-a-dimitri-payet-do-vasco\/","url":"https:\/\/www.gaveanews.com\/index.php\/2025\/04\/01\/vasco-a-declaracao-de-vegetti-direcionada-a-dimitri-payet-do-vasco\/","name":"Vasco: a declara\u00e7\u00e3o de Vegetti direcionada \u00e0 Dimitri Payet, do Vasco","isPartOf":{"@id":"https:\/\/www.gaveanews.com\/#website"},"primaryImageOfPage":{"@id":"https:\/\/www.gaveanews.com\/index.php\/2025\/04\/01\/vasco-a-declaracao-de-vegetti-direcionada-a-dimitri-payet-do-vasco\/#primaryimage"},"image":{"@id":"https:\/\/www.gaveanews.com\/index.php\/2025\/04\/01\/vasco-a-declaracao-de-vegetti-direcionada-a-dimitri-payet-do-vasco\/#primaryimage"},"thumbnailUrl":"https:\/\/www.gaveanews.com\/wp-content\/uploads\/agif23100200212796-1-.webp","datePublished":"2025-04-01T12:10:00+00:00","author":{"@id":"https:\/\/www.gaveanews.com\/#\/schema\/person\/0277a79a1289c451c281ec0411d84f0c"},"breadcrumb":{"@id":"https:\/\/www.gaveanews.com\/index.php\/2025\/04\/01\/vasco-a-declaracao-de-vegetti-direcionada-a-dimitri-payet-do-vasco\/#breadcrumb"},"inLanguage":"pt-BR","potentialAction":[{"@type":"ReadAction","target":["https:\/\/www.gaveanews.com\/index.php\/2025\/04\/01\/vasco-a-declaracao-de-vegetti-direcionada-a-dimitri-payet-do-vasco\/"]}]},{"@type":"ImageObject","inLanguage":"pt-BR","@id":"https:\/\/www.gaveanews.com\/index.php\/2025\/04\/01\/vasco-a-declaracao-de-vegetti-direcionada-a-dimitri-payet-do-vasco\/#primaryimage","url":"https:\/\/www.gaveanews.com\/wp-content\/uploads\/agif23100200212796-1-.webp","contentUrl":"https:\/\/www.gaveanews.com\/wp-content\/uploads\/agif23100200212796-1-.webp","width":984,"height":656,"caption":"Payet em a\u00e7\u00e3o pelo Vasco (Foto: Abner Dourado\/AGIF)"},{"@type":"BreadcrumbList","@id":"https:\/\/www.gaveanews.com\/index.php\/2025\/04\/01\/vasco-a-declaracao-de-vegetti-direcionada-a-dimitri-payet-do-vasco\/#breadcrumb","itemListElement":[{"@type":"ListItem","position":1,"name":"Home","item":"https:\/\/www.gaveanews.com\/"},{"@type":"ListItem","position":2,"name":"Vasco: a declara\u00e7\u00e3o de Vegetti direcionada \u00e0 Dimitri Payet, do Vasco"}]},{"@type":"WebSite","@id":"https:\/\/www.gaveanews.com\/#website","url":"https:\/\/www.gaveanews.com\/","name":"G\u00e1vea News","description":"Veja todas as not\u00edcias sobre o Flamengo: Contrata\u00e7\u00f5es, categorias de base, resultados das partidas, tabela de classifica\u00e7\u00e3o, pr\u00f3ximos jogos!","potentialAction":[{"@type":"SearchAction","target":{"@type":"EntryPoint","urlTemplate":"https:\/\/www.gaveanews.com\/?s={search_term_string}"},"query-input":{"@type":"PropertyValueSpecification","valueRequired":true,"valueName":"search_term_string"}}],"inLanguage":"pt-BR"},{"@type":"Person","@id":"https:\/\/www.gaveanews.com\/#\/schema\/person\/0277a79a1289c451c281ec0411d84f0c","name":"Andr\u00e9 Serra","image":{"@type":"ImageObject","inLanguage":"pt-BR","@id":"https:\/\/www.gaveanews.com\/#\/schema\/person\/image\/","url":"https:\/\/secure.gravatar.com\/avatar\/d7231369fe48db93292b3e88eb2162dbd9a34a47a8437d9ef3bcaca2a86a83d7?s=96&d=mm&r=g","contentUrl":"https:\/\/secure.gravatar.com\/avatar\/d7231369fe48db93292b3e88eb2162dbd9a34a47a8437d9ef3bcaca2a86a83d7?s=96&d=mm&r=g","caption":"Andr\u00e9 Serra"}}]}},"_links":{"self":[{"href":"https:\/\/www.gaveanews.com\/index.php\/wp-json\/wp\/v2\/posts\/247011","targetHints":{"allow":["GET"]}}],"collection":[{"href":"https:\/\/www.gaveanews.com\/index.php\/wp-json\/wp\/v2\/posts"}],"about":[{"href":"https:\/\/www.gaveanews.com\/index.php\/wp-json\/wp\/v2\/types\/post"}],"author":[{"embeddable":true,"href":"https:\/\/www.gaveanews.com\/index.php\/wp-json\/wp\/v2\/users\/21"}],"replies":[{"embeddable":true,"href":"https:\/\/www.gaveanews.com\/index.php\/wp-json\/wp\/v2\/comments?post=247011"}],"version-history":[{"count":1,"href":"https:\/\/www.gaveanews.com\/index.php\/wp-json\/wp\/v2\/posts\/247011\/revisions"}],"predecessor-version":[{"id":247016,"href":"https:\/\/www.gaveanews.com\/index.php\/wp-json\/wp\/v2\/posts\/247011\/revisions\/247016"}],"wp:featuredmedia":[{"embeddable":true,"href":"https:\/\/www.gaveanews.com\/index.php\/wp-json\/wp\/v2\/media\/124623"}],"wp:attachment":[{"href":"https:\/\/www.gaveanews.com\/index.php\/wp-json\/wp\/v2\/media?parent=247011"}],"wp:term":[{"taxonomy":"category","embeddable":true,"href":"https:\/\/www.gaveanews.com\/index.php\/wp-json\/wp\/v2\/categories?post=247011"},{"taxonomy":"post_tag","embeddable":true,"href":"https:\/\/www.gaveanews.com\/index.php\/wp-json\/wp\/v2\/tags?post=247011"}],"curies":[{"name":"wp","href":"https:\/\/api.w.org\/{rel}","templated":true}]}}