{"id":247058,"date":"2025-03-31T17:10:00","date_gmt":"2025-03-31T20:10:00","guid":{"rendered":"https:\/\/www.gaveanews.com\/?p=247058"},"modified":"2025-03-31T15:41:39","modified_gmt":"2025-03-31T18:41:39","slug":"resposta-oficial-sobre-brahian-palacios-amistoso-contra-time-da-europa-e-declaracao-de-fellipe-bastos-as-ultimas-noticias-do-vasco","status":"publish","type":"post","link":"https:\/\/www.gaveanews.com\/index.php\/2025\/03\/31\/resposta-oficial-sobre-brahian-palacios-amistoso-contra-time-da-europa-e-declaracao-de-fellipe-bastos-as-ultimas-noticias-do-vasco\/","title":{"rendered":"Resposta oficial sobre Brahian Palacios, amistoso contra time da Europa e declara\u00e7\u00e3o de Fellipe Bastos: as \u00faltimas not\u00edcias do Vasco"},"content":{"rendered":"\n<p>Nas \u00faltimas horas, o foco das not\u00edcias sobre o Vasco se concentram nos bastidores do clube, com destaques do dia a dia do time.<\/p>\n\n\n\n<p>Por conta deste contexto, leia abaixo um resumo preparado pela equipe do portal G\u00e1vea News para lhe manter muito bem informado!<\/p>\n\n\n\n<div class=\"wp-block-group\"><div class=\"wp-block-group__inner-container is-layout-constrained wp-block-group-is-layout-constrained\">\n<h2 class=\"wp-block-heading\" id=\"h-declaracao-de-fellipe-bastos\">Declara\u00e7\u00e3o de Fellipe Bastos<\/h2>\n\n\n\n<p>O ex-volante Fellipe Bastos, hoje comentarista esportivo, avaliou a atual fase do Vasco e defendeu uma abordagem mais estrat\u00e9gica para a temporada. Segundo ele, o clube deve priorizar as competi\u00e7\u00f5es de mata-mata, como a Copa do Brasil e a Copa Sul-Americana, por entender que essas disputas oferecem maiores chances de sucesso para o elenco atual. Bastos ressaltou que essa escolha tamb\u00e9m pode trazer al\u00edvio financeiro e renovar a confian\u00e7a da torcida vasca\u00edna, que tem cobrado resultados mais consistentes nos \u00faltimos anos <strong><a href=\"https:\/\/www.gaveanews.com\/index.php\/2025\/03\/25\/a-declaracao-de-fellipe-bastos-sobre-a-temporada-do-vasco\/\">(leia a mat\u00e9ria completa).<\/a><\/strong><\/p>\n\n\n\n<figure class=\"wp-block-image size-large\"><img loading=\"lazy\" decoding=\"async\" width=\"1024\" height=\"768\" src=\"http:\/\/www.gaveanews.com\/wp-content\/uploads\/Camisa-do-Vasco-2024-1024x768.webp\" alt=\"\" class=\"wp-image-161261\" srcset=\"https:\/\/www.gaveanews.com\/wp-content\/uploads\/Camisa-do-Vasco-2024-1024x768.webp 1024w, https:\/\/www.gaveanews.com\/wp-content\/uploads\/Camisa-do-Vasco-2024-300x225.webp 300w, https:\/\/www.gaveanews.com\/wp-content\/uploads\/Camisa-do-Vasco-2024-768x576.webp 768w, https:\/\/www.gaveanews.com\/wp-content\/uploads\/Camisa-do-Vasco-2024-560x420.webp 560w, https:\/\/www.gaveanews.com\/wp-content\/uploads\/Camisa-do-Vasco-2024-80x60.webp 80w, https:\/\/www.gaveanews.com\/wp-content\/uploads\/Camisa-do-Vasco-2024-160x120.webp 160w, https:\/\/www.gaveanews.com\/wp-content\/uploads\/Camisa-do-Vasco-2024-100x75.webp 100w, https:\/\/www.gaveanews.com\/wp-content\/uploads\/Camisa-do-Vasco-2024-200x150.webp 200w, https:\/\/www.gaveanews.com\/wp-content\/uploads\/Camisa-do-Vasco-2024-180x135.webp 180w, https:\/\/www.gaveanews.com\/wp-content\/uploads\/Camisa-do-Vasco-2024-360x270.webp 360w, https:\/\/www.gaveanews.com\/wp-content\/uploads\/Camisa-do-Vasco-2024-238x178.webp 238w, https:\/\/www.gaveanews.com\/wp-content\/uploads\/Camisa-do-Vasco-2024-476x356.webp 476w, https:\/\/www.gaveanews.com\/wp-content\/uploads\/Camisa-do-Vasco-2024-640x480.webp 640w, https:\/\/www.gaveanews.com\/wp-content\/uploads\/Camisa-do-Vasco-2024-681x511.webp 681w, https:\/\/www.gaveanews.com\/wp-content\/uploads\/Camisa-do-Vasco-2024.webp 1059w\" sizes=\"auto, (max-width: 1024px) 100vw, 1024px\" \/><figcaption class=\"wp-element-caption\">Camisa do Vasco 2024 (Foto: Reprodu\u00e7\u00e3o\/Instagram)<\/figcaption><\/figure>\n\n\n\n<p>O Vasco j\u00e1 garantiu vaga na terceira fase da Copa do Brasil e iniciar\u00e1 sua participa\u00e7\u00e3o na Sul-Americana em abril. Para Bastos, essas s\u00e3o as oportunidades mais vi\u00e1veis de conquistas em 2025, diante das limita\u00e7\u00f5es t\u00e9cnicas do elenco em rela\u00e7\u00e3o a outros clubes da S\u00e9rie A. <\/p>\n\n\n\n<p>Ainda assim, ele pontuou a import\u00e2ncia de realizar um Campeonato Brasileiro seguro, evitando os sustos enfrentados em temporadas recentes, e destacou que o clube teve tempo para se preparar ap\u00f3s a elimina\u00e7\u00e3o precoce no Campeonato Carioca.<\/p>\n\n\n\n<p>Al\u00e9m do aspecto esportivo, Fellipe Bastos abordou a fase administrativa do clube, elogiando a gest\u00e3o de Pedrinho. O ex-jogador acredita que a nova presid\u00eancia tem buscado corrigir erros da condu\u00e7\u00e3o anterior da SAF, promovendo uma reestrutura\u00e7\u00e3o profunda fora de campo. Para ele, essa base s\u00f3lida ser\u00e1 essencial para que o Vasco volte a ser competitivo de maneira duradoura, mesmo que, no curto prazo, o torcedor tenha que lidar com oscila\u00e7\u00f5es no desempenho.<\/p>\n\n\n\n<h2 class=\"wp-block-heading\" id=\"h-amistoso-contra-time-da-europa\">Amistoso contra time da Europa<\/h2>\n\n\n\n<p>O Vasco da Gama recebeu um convite especial do Deportivo La Coru\u00f1a, da Espanha, para a realiza\u00e7\u00e3o de um amistoso internacional. O objetivo do confronto seria relembrar o hist\u00f3rico jogo de despedida de Roberto Dinamite, realizado em 1993. A proposta ganhou destaque ap\u00f3s publica\u00e7\u00e3o nost\u00e1lgica dos espanh\u00f3is nas redes sociais, reacendendo a conex\u00e3o emocional entre os dois clubes. Embora a realiza\u00e7\u00e3o da partida ainda n\u00e3o esteja confirmada, a possibilidade de um reencontro simb\u00f3lico tem movimentado os bastidores e gerado expectativa entre os torcedores <strong><a href=\"https:\/\/www.gaveanews.com\/index.php\/2025\/03\/26\/time-da-europa-propoe-amistoso-contra-o-vasco\/\">(leia a mat\u00e9ria completa).<\/a><\/strong><\/p>\n\n\n\n<figure class=\"wp-block-image size-large\"><img loading=\"lazy\" decoding=\"async\" width=\"1024\" height=\"682\" src=\"http:\/\/www.gaveanews.com\/wp-content\/uploads\/Bandeira-do-Vasco-da-Gama-1024x682.webp\" alt=\"\" class=\"wp-image-152090\" srcset=\"https:\/\/www.gaveanews.com\/wp-content\/uploads\/Bandeira-do-Vasco-da-Gama-1024x682.webp 1024w, https:\/\/www.gaveanews.com\/wp-content\/uploads\/Bandeira-do-Vasco-da-Gama-300x200.webp 300w, https:\/\/www.gaveanews.com\/wp-content\/uploads\/Bandeira-do-Vasco-da-Gama-768x512.webp 768w, https:\/\/www.gaveanews.com\/wp-content\/uploads\/Bandeira-do-Vasco-da-Gama-631x420.webp 631w, https:\/\/www.gaveanews.com\/wp-content\/uploads\/Bandeira-do-Vasco-da-Gama-640x426.webp 640w, https:\/\/www.gaveanews.com\/wp-content\/uploads\/Bandeira-do-Vasco-da-Gama-681x454.webp 681w, https:\/\/www.gaveanews.com\/wp-content\/uploads\/Bandeira-do-Vasco-da-Gama-100x67.webp 100w, https:\/\/www.gaveanews.com\/wp-content\/uploads\/Bandeira-do-Vasco-da-Gama.webp 1159w\" sizes=\"auto, (max-width: 1024px) 100vw, 1024px\" \/><figcaption class=\"wp-element-caption\">Bandeira do Vasco da Gama (Foto: Reprodu\u00e7\u00e3o\/Vasco)<\/figcaption><\/figure>\n\n\n\n<p>Na ocasi\u00e3o do amistoso original, nomes lend\u00e1rios como Bebeto e Zico participaram da homenagem, que marcou o encerramento da carreira do maior \u00eddolo do Vasco. Caso o novo jogo se concretize, ser\u00e1 mais um cap\u00edtulo de celebra\u00e7\u00e3o \u00e0 mem\u00f3ria de Dinamite e \u00e0 amizade constru\u00edda entre os clubes ao longo dos anos. A ideia da partida \u00e9 vista como um gesto de respeito e reconhecimento hist\u00f3rico, tanto para os envolvidos quanto para os f\u00e3s do futebol.<\/p>\n\n\n\n<p>Enquanto o amistoso \u00e9 avaliado, o foco principal do Vasco est\u00e1 na estreia do Campeonato Brasileiro contra o Santos, neste domingo (30). O time tamb\u00e9m se prepara para enfrentar o Melgar, do Peru, na Copa Sul-Americana. Ap\u00f3s uma elimina\u00e7\u00e3o precoce no Campeonato Carioca, a equipe busca uma retomada positiva na temporada de 2025, que promete ser repleta de desafios nacionais e internacionais.<\/p>\n\n\n\n<h2 class=\"wp-block-heading\" id=\"h-resposta-oficial-sobre-brahian-palacios\">Resposta oficial sobre Brahian Palacios<\/h2>\n\n\n\n<p>O Vasco da Gama tentou avan\u00e7ar na contrata\u00e7\u00e3o de Brahian Palacios, atacante colombiano do Atl\u00e9tico-MG, visando refor\u00e7ar seu setor ofensivo para a temporada de 2025. No entanto, as negocia\u00e7\u00f5es esbarraram na negativa do clube mineiro, que recusou a proposta de empr\u00e9stimo feita pelos cariocas. Internamente, um dos acionistas do Atl\u00e9tico foi respons\u00e1vel por vetar a opera\u00e7\u00e3o, insistindo apenas na possibilidade de uma venda definitiva \u2014 o que n\u00e3o est\u00e1 dentro da realidade financeira do Vasco no momento <strong><a href=\"https:\/\/www.gaveanews.com\/index.php\/2025\/03\/26\/atletico-mg-responde-ao-vasco-de-forma-oficial-sobre-brahian-palacios\/\">(leia a mat\u00e9ria completa).<\/a><\/strong><\/p>\n\n\n\n<figure class=\"wp-block-image size-large\"><img loading=\"lazy\" decoding=\"async\" width=\"1024\" height=\"844\" src=\"http:\/\/www.gaveanews.com\/wp-content\/uploads\/Brahian-Palacios-pelo-Atletico-MG-1024x844.webp\" alt=\"\" class=\"wp-image-172474\" srcset=\"https:\/\/www.gaveanews.com\/wp-content\/uploads\/Brahian-Palacios-pelo-Atletico-MG-1024x844.webp 1024w, https:\/\/www.gaveanews.com\/wp-content\/uploads\/Brahian-Palacios-pelo-Atletico-MG-300x247.webp 300w, https:\/\/www.gaveanews.com\/wp-content\/uploads\/Brahian-Palacios-pelo-Atletico-MG-768x633.webp 768w, https:\/\/www.gaveanews.com\/wp-content\/uploads\/Brahian-Palacios-pelo-Atletico-MG-509x420.webp 509w, https:\/\/www.gaveanews.com\/wp-content\/uploads\/Brahian-Palacios-pelo-Atletico-MG-1019x840.webp 1019w, https:\/\/www.gaveanews.com\/wp-content\/uploads\/Brahian-Palacios-pelo-Atletico-MG-640x528.webp 640w, https:\/\/www.gaveanews.com\/wp-content\/uploads\/Brahian-Palacios-pelo-Atletico-MG-1280x1055.webp 1280w, https:\/\/www.gaveanews.com\/wp-content\/uploads\/Brahian-Palacios-pelo-Atletico-MG-681x561.webp 681w, https:\/\/www.gaveanews.com\/wp-content\/uploads\/Brahian-Palacios-pelo-Atletico-MG-100x82.webp 100w, https:\/\/www.gaveanews.com\/wp-content\/uploads\/Brahian-Palacios-pelo-Atletico-MG.webp 1293w\" sizes=\"auto, (max-width: 1024px) 100vw, 1024px\" \/><figcaption class=\"wp-element-caption\">Brahian Palacios pelo Atl\u00e9tico-MG (Foto: Pedro Souza\/Atl\u00e9tico-MG)<\/figcaption><\/figure>\n\n\n\n<p>Palacios, de 22 anos, tem tido poucas oportunidades no Galo, somando apenas 83 minutos em campo neste ano. Apesar disso, o Atl\u00e9tico-MG optou por manter o jogador em seu elenco. O Vasco, por sua vez, ainda tenta encontrar nomes no mercado que possam agregar velocidade e dinamismo ao ataque, principalmente com a proximidade da estreia no Campeonato Brasileiro, contra o Santos, no dia 30 de mar\u00e7o, em S\u00e3o Janu\u00e1rio.<\/p>\n\n\n\n<p>Com a janela de transfer\u00eancias se encerrando em 11 de abril, o clube carioca corre contra o tempo para fechar novos refor\u00e7os. A diretoria busca alternativas vi\u00e1veis diante das limita\u00e7\u00f5es or\u00e7ament\u00e1rias, ao mesmo tempo que precisa apresentar uma resposta positiva \u00e0 torcida, que demonstra grande expectativa para o in\u00edcio da temporada nacional.<\/p>\n<\/div><\/div>\n","protected":false},"excerpt":{"rendered":"<p>Nas \u00faltimas horas, o foco das not\u00edcias sobre o Vasco se concentram nos bastidores do clube, com destaques do dia a dia do time. Por conta deste contexto, leia abaixo um resumo preparado pela equipe do portal G\u00e1vea News para lhe manter muito bem informado! Declara\u00e7\u00e3o de Fellipe Bastos O ex-volante Fellipe Bastos, hoje comentarista [&hellip;]<\/p>\n","protected":false},"author":33,"featured_media":147443,"comment_status":"open","ping_status":"closed","sticky":false,"template":"","format":"standard","meta":{"footnotes":""},"categories":[152],"tags":[],"class_list":["post-247058","post","type-post","status-publish","format-standard","has-post-thumbnail","hentry","category-vasco"],"yoast_head":"<!-- This site is optimized with the Yoast SEO Premium plugin v24.2 (Yoast SEO v26.9) - https:\/\/yoast.com\/product\/yoast-seo-premium-wordpress\/ -->\n<title>Resposta oficial sobre Brahian Palacios, amistoso contra time da Europa e declara\u00e7\u00e3o de Fellipe Bastos: as \u00faltimas not\u00edcias do Vasco<\/title>\n<meta name=\"robots\" content=\"index, follow, max-snippet:-1, max-image-preview:large, max-video-preview:-1\" \/>\n<link rel=\"canonical\" href=\"https:\/\/www.gaveanews.com\/index.php\/2025\/03\/31\/resposta-oficial-sobre-brahian-palacios-amistoso-contra-time-da-europa-e-declaracao-de-fellipe-bastos-as-ultimas-noticias-do-vasco\/\" \/>\n<meta property=\"og:locale\" content=\"pt_BR\" \/>\n<meta property=\"og:type\" content=\"article\" \/>\n<meta property=\"og:title\" content=\"Resposta oficial sobre Brahian Palacios, amistoso contra time da Europa e declara\u00e7\u00e3o de Fellipe Bastos: as \u00faltimas not\u00edcias do Vasco\" \/>\n<meta property=\"og:description\" content=\"Nas \u00faltimas horas, o foco das not\u00edcias sobre o Vasco se concentram nos bastidores do clube, com destaques do dia a dia do time. Por conta deste contexto, leia abaixo um resumo preparado pela equipe do portal G\u00e1vea News para lhe manter muito bem informado! Declara\u00e7\u00e3o de Fellipe Bastos O ex-volante Fellipe Bastos, hoje comentarista [&hellip;]\" \/>\n<meta property=\"og:url\" content=\"https:\/\/www.gaveanews.com\/index.php\/2025\/03\/31\/resposta-oficial-sobre-brahian-palacios-amistoso-contra-time-da-europa-e-declaracao-de-fellipe-bastos-as-ultimas-noticias-do-vasco\/\" \/>\n<meta property=\"og:site_name\" content=\"G\u00e1vea News\" \/>\n<meta property=\"article:publisher\" content=\"https:\/\/facebook.com\/gaveaNews\/\" \/>\n<meta property=\"article:published_time\" content=\"2025-03-31T20:10:00+00:00\" \/>\n<meta property=\"og:image\" content=\"https:\/\/www.gaveanews.com\/wp-content\/uploads\/Camisa-do-Vasco-da-Gama.webp\" \/>\n\t<meta property=\"og:image:width\" content=\"1440\" \/>\n\t<meta property=\"og:image:height\" content=\"960\" \/>\n\t<meta property=\"og:image:type\" content=\"image\/jpeg\" \/>\n<meta name=\"author\" content=\"Brenda Cezillo\" \/>\n<meta name=\"twitter:card\" content=\"summary_large_image\" \/>\n<meta name=\"twitter:label1\" content=\"Escrito por\" \/>\n\t<meta name=\"twitter:data1\" content=\"Brenda Cezillo\" \/>\n\t<meta name=\"twitter:label2\" content=\"Est. tempo de leitura\" \/>\n\t<meta name=\"twitter:data2\" content=\"5 minutos\" \/>\n<script type=\"application\/ld+json\" class=\"yoast-schema-graph\">{\"@context\":\"https:\/\/schema.org\",\"@graph\":[{\"@type\":\"NewsArticle\",\"@id\":\"https:\/\/www.gaveanews.com\/index.php\/2025\/03\/31\/resposta-oficial-sobre-brahian-palacios-amistoso-contra-time-da-europa-e-declaracao-de-fellipe-bastos-as-ultimas-noticias-do-vasco\/#article\",\"isPartOf\":{\"@id\":\"https:\/\/www.gaveanews.com\/index.php\/2025\/03\/31\/resposta-oficial-sobre-brahian-palacios-amistoso-contra-time-da-europa-e-declaracao-de-fellipe-bastos-as-ultimas-noticias-do-vasco\/\"},\"author\":{\"name\":\"Brenda Cezillo\",\"@id\":\"https:\/\/www.gaveanews.com\/#\/schema\/person\/c79759ca337c40791ae8d08e2923d403\"},\"headline\":\"Resposta oficial sobre Brahian Palacios, amistoso contra time da Europa e declara\u00e7\u00e3o de Fellipe Bastos: as \u00faltimas not\u00edcias do Vasco\",\"datePublished\":\"2025-03-31T20:10:00+00:00\",\"mainEntityOfPage\":{\"@id\":\"https:\/\/www.gaveanews.com\/index.php\/2025\/03\/31\/resposta-oficial-sobre-brahian-palacios-amistoso-contra-time-da-europa-e-declaracao-de-fellipe-bastos-as-ultimas-noticias-do-vasco\/\"},\"wordCount\":830,\"commentCount\":0,\"image\":{\"@id\":\"https:\/\/www.gaveanews.com\/index.php\/2025\/03\/31\/resposta-oficial-sobre-brahian-palacios-amistoso-contra-time-da-europa-e-declaracao-de-fellipe-bastos-as-ultimas-noticias-do-vasco\/#primaryimage\"},\"thumbnailUrl\":\"https:\/\/www.gaveanews.com\/wp-content\/uploads\/Camisa-do-Vasco-da-Gama.webp\",\"articleSection\":[\"Vasco\"],\"inLanguage\":\"pt-BR\",\"potentialAction\":[{\"@type\":\"CommentAction\",\"name\":\"Comment\",\"target\":[\"https:\/\/www.gaveanews.com\/index.php\/2025\/03\/31\/resposta-oficial-sobre-brahian-palacios-amistoso-contra-time-da-europa-e-declaracao-de-fellipe-bastos-as-ultimas-noticias-do-vasco\/#respond\"]}],\"copyrightYear\":\"2025\",\"copyrightHolder\":{\"@id\":\"https:\/\/www.gaveanews.com\/#organization\"}},{\"@type\":\"WebPage\",\"@id\":\"https:\/\/www.gaveanews.com\/index.php\/2025\/03\/31\/resposta-oficial-sobre-brahian-palacios-amistoso-contra-time-da-europa-e-declaracao-de-fellipe-bastos-as-ultimas-noticias-do-vasco\/\",\"url\":\"https:\/\/www.gaveanews.com\/index.php\/2025\/03\/31\/resposta-oficial-sobre-brahian-palacios-amistoso-contra-time-da-europa-e-declaracao-de-fellipe-bastos-as-ultimas-noticias-do-vasco\/\",\"name\":\"Resposta oficial sobre Brahian Palacios, amistoso contra time da Europa e declara\u00e7\u00e3o de Fellipe Bastos: as \u00faltimas not\u00edcias do Vasco\",\"isPartOf\":{\"@id\":\"https:\/\/www.gaveanews.com\/#website\"},\"primaryImageOfPage\":{\"@id\":\"https:\/\/www.gaveanews.com\/index.php\/2025\/03\/31\/resposta-oficial-sobre-brahian-palacios-amistoso-contra-time-da-europa-e-declaracao-de-fellipe-bastos-as-ultimas-noticias-do-vasco\/#primaryimage\"},\"image\":{\"@id\":\"https:\/\/www.gaveanews.com\/index.php\/2025\/03\/31\/resposta-oficial-sobre-brahian-palacios-amistoso-contra-time-da-europa-e-declaracao-de-fellipe-bastos-as-ultimas-noticias-do-vasco\/#primaryimage\"},\"thumbnailUrl\":\"https:\/\/www.gaveanews.com\/wp-content\/uploads\/Camisa-do-Vasco-da-Gama.webp\",\"datePublished\":\"2025-03-31T20:10:00+00:00\",\"author\":{\"@id\":\"https:\/\/www.gaveanews.com\/#\/schema\/person\/c79759ca337c40791ae8d08e2923d403\"},\"breadcrumb\":{\"@id\":\"https:\/\/www.gaveanews.com\/index.php\/2025\/03\/31\/resposta-oficial-sobre-brahian-palacios-amistoso-contra-time-da-europa-e-declaracao-de-fellipe-bastos-as-ultimas-noticias-do-vasco\/#breadcrumb\"},\"inLanguage\":\"pt-BR\",\"potentialAction\":[{\"@type\":\"ReadAction\",\"target\":[\"https:\/\/www.gaveanews.com\/index.php\/2025\/03\/31\/resposta-oficial-sobre-brahian-palacios-amistoso-contra-time-da-europa-e-declaracao-de-fellipe-bastos-as-ultimas-noticias-do-vasco\/\"]}]},{\"@type\":\"ImageObject\",\"inLanguage\":\"pt-BR\",\"@id\":\"https:\/\/www.gaveanews.com\/index.php\/2025\/03\/31\/resposta-oficial-sobre-brahian-palacios-amistoso-contra-time-da-europa-e-declaracao-de-fellipe-bastos-as-ultimas-noticias-do-vasco\/#primaryimage\",\"url\":\"https:\/\/www.gaveanews.com\/wp-content\/uploads\/Camisa-do-Vasco-da-Gama.webp\",\"contentUrl\":\"https:\/\/www.gaveanews.com\/wp-content\/uploads\/Camisa-do-Vasco-da-Gama.webp\",\"width\":1440,\"height\":960,\"caption\":\"Camisa do Vasco da Gama (Foto: Reprodu\u00e7\u00e3o\/Instagram)\"},{\"@type\":\"BreadcrumbList\",\"@id\":\"https:\/\/www.gaveanews.com\/index.php\/2025\/03\/31\/resposta-oficial-sobre-brahian-palacios-amistoso-contra-time-da-europa-e-declaracao-de-fellipe-bastos-as-ultimas-noticias-do-vasco\/#breadcrumb\",\"itemListElement\":[{\"@type\":\"ListItem\",\"position\":1,\"name\":\"Home\",\"item\":\"https:\/\/www.gaveanews.com\/\"},{\"@type\":\"ListItem\",\"position\":2,\"name\":\"Resposta oficial sobre Brahian Palacios, amistoso contra time da Europa e declara\u00e7\u00e3o de Fellipe Bastos: as \u00faltimas not\u00edcias do Vasco\"}]},{\"@type\":\"WebSite\",\"@id\":\"https:\/\/www.gaveanews.com\/#website\",\"url\":\"https:\/\/www.gaveanews.com\/\",\"name\":\"G\u00e1vea News\",\"description\":\"Veja todas as not\u00edcias sobre o Flamengo: Contrata\u00e7\u00f5es, categorias de base, resultados das partidas, tabela de classifica\u00e7\u00e3o, pr\u00f3ximos jogos!\",\"potentialAction\":[{\"@type\":\"SearchAction\",\"target\":{\"@type\":\"EntryPoint\",\"urlTemplate\":\"https:\/\/www.gaveanews.com\/?s={search_term_string}\"},\"query-input\":{\"@type\":\"PropertyValueSpecification\",\"valueRequired\":true,\"valueName\":\"search_term_string\"}}],\"inLanguage\":\"pt-BR\"},{\"@type\":\"Person\",\"@id\":\"https:\/\/www.gaveanews.com\/#\/schema\/person\/c79759ca337c40791ae8d08e2923d403\",\"name\":\"Brenda Cezillo\",\"image\":{\"@type\":\"ImageObject\",\"inLanguage\":\"pt-BR\",\"@id\":\"https:\/\/www.gaveanews.com\/#\/schema\/person\/image\/\",\"url\":\"https:\/\/secure.gravatar.com\/avatar\/1738d75cee7317f9c29ae61dd67620c5883d80a92e42a6fff88ae5d527af217a?s=96&d=mm&r=g\",\"contentUrl\":\"https:\/\/secure.gravatar.com\/avatar\/1738d75cee7317f9c29ae61dd67620c5883d80a92e42a6fff88ae5d527af217a?s=96&d=mm&r=g\",\"caption\":\"Brenda Cezillo\"}}]}<\/script>\n<!-- \/ Yoast SEO Premium plugin. -->","yoast_head_json":{"title":"Resposta oficial sobre Brahian Palacios, amistoso contra time da Europa e declara\u00e7\u00e3o de Fellipe Bastos: as \u00faltimas not\u00edcias do Vasco","robots":{"index":"index","follow":"follow","max-snippet":"max-snippet:-1","max-image-preview":"max-image-preview:large","max-video-preview":"max-video-preview:-1"},"canonical":"https:\/\/www.gaveanews.com\/index.php\/2025\/03\/31\/resposta-oficial-sobre-brahian-palacios-amistoso-contra-time-da-europa-e-declaracao-de-fellipe-bastos-as-ultimas-noticias-do-vasco\/","og_locale":"pt_BR","og_type":"article","og_title":"Resposta oficial sobre Brahian Palacios, amistoso contra time da Europa e declara\u00e7\u00e3o de Fellipe Bastos: as \u00faltimas not\u00edcias do Vasco","og_description":"Nas \u00faltimas horas, o foco das not\u00edcias sobre o Vasco se concentram nos bastidores do clube, com destaques do dia a dia do time. Por conta deste contexto, leia abaixo um resumo preparado pela equipe do portal G\u00e1vea News para lhe manter muito bem informado! Declara\u00e7\u00e3o de Fellipe Bastos O ex-volante Fellipe Bastos, hoje comentarista [&hellip;]","og_url":"https:\/\/www.gaveanews.com\/index.php\/2025\/03\/31\/resposta-oficial-sobre-brahian-palacios-amistoso-contra-time-da-europa-e-declaracao-de-fellipe-bastos-as-ultimas-noticias-do-vasco\/","og_site_name":"G\u00e1vea News","article_publisher":"https:\/\/facebook.com\/gaveaNews\/","article_published_time":"2025-03-31T20:10:00+00:00","og_image":[{"width":1440,"height":960,"url":"https:\/\/www.gaveanews.com\/wp-content\/uploads\/Camisa-do-Vasco-da-Gama.webp","type":"image\/jpeg"}],"author":"Brenda Cezillo","twitter_card":"summary_large_image","twitter_misc":{"Escrito por":"Brenda Cezillo","Est. tempo de leitura":"5 minutos"},"schema":{"@context":"https:\/\/schema.org","@graph":[{"@type":"NewsArticle","@id":"https:\/\/www.gaveanews.com\/index.php\/2025\/03\/31\/resposta-oficial-sobre-brahian-palacios-amistoso-contra-time-da-europa-e-declaracao-de-fellipe-bastos-as-ultimas-noticias-do-vasco\/#article","isPartOf":{"@id":"https:\/\/www.gaveanews.com\/index.php\/2025\/03\/31\/resposta-oficial-sobre-brahian-palacios-amistoso-contra-time-da-europa-e-declaracao-de-fellipe-bastos-as-ultimas-noticias-do-vasco\/"},"author":{"name":"Brenda Cezillo","@id":"https:\/\/www.gaveanews.com\/#\/schema\/person\/c79759ca337c40791ae8d08e2923d403"},"headline":"Resposta oficial sobre Brahian Palacios, amistoso contra time da Europa e declara\u00e7\u00e3o de Fellipe Bastos: as \u00faltimas not\u00edcias do Vasco","datePublished":"2025-03-31T20:10:00+00:00","mainEntityOfPage":{"@id":"https:\/\/www.gaveanews.com\/index.php\/2025\/03\/31\/resposta-oficial-sobre-brahian-palacios-amistoso-contra-time-da-europa-e-declaracao-de-fellipe-bastos-as-ultimas-noticias-do-vasco\/"},"wordCount":830,"commentCount":0,"image":{"@id":"https:\/\/www.gaveanews.com\/index.php\/2025\/03\/31\/resposta-oficial-sobre-brahian-palacios-amistoso-contra-time-da-europa-e-declaracao-de-fellipe-bastos-as-ultimas-noticias-do-vasco\/#primaryimage"},"thumbnailUrl":"https:\/\/www.gaveanews.com\/wp-content\/uploads\/Camisa-do-Vasco-da-Gama.webp","articleSection":["Vasco"],"inLanguage":"pt-BR","potentialAction":[{"@type":"CommentAction","name":"Comment","target":["https:\/\/www.gaveanews.com\/index.php\/2025\/03\/31\/resposta-oficial-sobre-brahian-palacios-amistoso-contra-time-da-europa-e-declaracao-de-fellipe-bastos-as-ultimas-noticias-do-vasco\/#respond"]}],"copyrightYear":"2025","copyrightHolder":{"@id":"https:\/\/www.gaveanews.com\/#organization"}},{"@type":"WebPage","@id":"https:\/\/www.gaveanews.com\/index.php\/2025\/03\/31\/resposta-oficial-sobre-brahian-palacios-amistoso-contra-time-da-europa-e-declaracao-de-fellipe-bastos-as-ultimas-noticias-do-vasco\/","url":"https:\/\/www.gaveanews.com\/index.php\/2025\/03\/31\/resposta-oficial-sobre-brahian-palacios-amistoso-contra-time-da-europa-e-declaracao-de-fellipe-bastos-as-ultimas-noticias-do-vasco\/","name":"Resposta oficial sobre Brahian Palacios, amistoso contra time da Europa e declara\u00e7\u00e3o de Fellipe Bastos: as \u00faltimas not\u00edcias do Vasco","isPartOf":{"@id":"https:\/\/www.gaveanews.com\/#website"},"primaryImageOfPage":{"@id":"https:\/\/www.gaveanews.com\/index.php\/2025\/03\/31\/resposta-oficial-sobre-brahian-palacios-amistoso-contra-time-da-europa-e-declaracao-de-fellipe-bastos-as-ultimas-noticias-do-vasco\/#primaryimage"},"image":{"@id":"https:\/\/www.gaveanews.com\/index.php\/2025\/03\/31\/resposta-oficial-sobre-brahian-palacios-amistoso-contra-time-da-europa-e-declaracao-de-fellipe-bastos-as-ultimas-noticias-do-vasco\/#primaryimage"},"thumbnailUrl":"https:\/\/www.gaveanews.com\/wp-content\/uploads\/Camisa-do-Vasco-da-Gama.webp","datePublished":"2025-03-31T20:10:00+00:00","author":{"@id":"https:\/\/www.gaveanews.com\/#\/schema\/person\/c79759ca337c40791ae8d08e2923d403"},"breadcrumb":{"@id":"https:\/\/www.gaveanews.com\/index.php\/2025\/03\/31\/resposta-oficial-sobre-brahian-palacios-amistoso-contra-time-da-europa-e-declaracao-de-fellipe-bastos-as-ultimas-noticias-do-vasco\/#breadcrumb"},"inLanguage":"pt-BR","potentialAction":[{"@type":"ReadAction","target":["https:\/\/www.gaveanews.com\/index.php\/2025\/03\/31\/resposta-oficial-sobre-brahian-palacios-amistoso-contra-time-da-europa-e-declaracao-de-fellipe-bastos-as-ultimas-noticias-do-vasco\/"]}]},{"@type":"ImageObject","inLanguage":"pt-BR","@id":"https:\/\/www.gaveanews.com\/index.php\/2025\/03\/31\/resposta-oficial-sobre-brahian-palacios-amistoso-contra-time-da-europa-e-declaracao-de-fellipe-bastos-as-ultimas-noticias-do-vasco\/#primaryimage","url":"https:\/\/www.gaveanews.com\/wp-content\/uploads\/Camisa-do-Vasco-da-Gama.webp","contentUrl":"https:\/\/www.gaveanews.com\/wp-content\/uploads\/Camisa-do-Vasco-da-Gama.webp","width":1440,"height":960,"caption":"Camisa do Vasco da Gama (Foto: Reprodu\u00e7\u00e3o\/Instagram)"},{"@type":"BreadcrumbList","@id":"https:\/\/www.gaveanews.com\/index.php\/2025\/03\/31\/resposta-oficial-sobre-brahian-palacios-amistoso-contra-time-da-europa-e-declaracao-de-fellipe-bastos-as-ultimas-noticias-do-vasco\/#breadcrumb","itemListElement":[{"@type":"ListItem","position":1,"name":"Home","item":"https:\/\/www.gaveanews.com\/"},{"@type":"ListItem","position":2,"name":"Resposta oficial sobre Brahian Palacios, amistoso contra time da Europa e declara\u00e7\u00e3o de Fellipe Bastos: as \u00faltimas not\u00edcias do Vasco"}]},{"@type":"WebSite","@id":"https:\/\/www.gaveanews.com\/#website","url":"https:\/\/www.gaveanews.com\/","name":"G\u00e1vea News","description":"Veja todas as not\u00edcias sobre o Flamengo: Contrata\u00e7\u00f5es, categorias de base, resultados das partidas, tabela de classifica\u00e7\u00e3o, pr\u00f3ximos jogos!","potentialAction":[{"@type":"SearchAction","target":{"@type":"EntryPoint","urlTemplate":"https:\/\/www.gaveanews.com\/?s={search_term_string}"},"query-input":{"@type":"PropertyValueSpecification","valueRequired":true,"valueName":"search_term_string"}}],"inLanguage":"pt-BR"},{"@type":"Person","@id":"https:\/\/www.gaveanews.com\/#\/schema\/person\/c79759ca337c40791ae8d08e2923d403","name":"Brenda Cezillo","image":{"@type":"ImageObject","inLanguage":"pt-BR","@id":"https:\/\/www.gaveanews.com\/#\/schema\/person\/image\/","url":"https:\/\/secure.gravatar.com\/avatar\/1738d75cee7317f9c29ae61dd67620c5883d80a92e42a6fff88ae5d527af217a?s=96&d=mm&r=g","contentUrl":"https:\/\/secure.gravatar.com\/avatar\/1738d75cee7317f9c29ae61dd67620c5883d80a92e42a6fff88ae5d527af217a?s=96&d=mm&r=g","caption":"Brenda Cezillo"}}]}},"_links":{"self":[{"href":"https:\/\/www.gaveanews.com\/index.php\/wp-json\/wp\/v2\/posts\/247058","targetHints":{"allow":["GET"]}}],"collection":[{"href":"https:\/\/www.gaveanews.com\/index.php\/wp-json\/wp\/v2\/posts"}],"about":[{"href":"https:\/\/www.gaveanews.com\/index.php\/wp-json\/wp\/v2\/types\/post"}],"author":[{"embeddable":true,"href":"https:\/\/www.gaveanews.com\/index.php\/wp-json\/wp\/v2\/users\/33"}],"replies":[{"embeddable":true,"href":"https:\/\/www.gaveanews.com\/index.php\/wp-json\/wp\/v2\/comments?post=247058"}],"version-history":[{"count":1,"href":"https:\/\/www.gaveanews.com\/index.php\/wp-json\/wp\/v2\/posts\/247058\/revisions"}],"predecessor-version":[{"id":247082,"href":"https:\/\/www.gaveanews.com\/index.php\/wp-json\/wp\/v2\/posts\/247058\/revisions\/247082"}],"wp:featuredmedia":[{"embeddable":true,"href":"https:\/\/www.gaveanews.com\/index.php\/wp-json\/wp\/v2\/media\/147443"}],"wp:attachment":[{"href":"https:\/\/www.gaveanews.com\/index.php\/wp-json\/wp\/v2\/media?parent=247058"}],"wp:term":[{"taxonomy":"category","embeddable":true,"href":"https:\/\/www.gaveanews.com\/index.php\/wp-json\/wp\/v2\/categories?post=247058"},{"taxonomy":"post_tag","embeddable":true,"href":"https:\/\/www.gaveanews.com\/index.php\/wp-json\/wp\/v2\/tags?post=247058"}],"curies":[{"name":"wp","href":"https:\/\/api.w.org\/{rel}","templated":true}]}}