{"id":24708,"date":"2019-08-13T14:00:44","date_gmt":"2019-08-13T17:00:44","guid":{"rendered":"http:\/\/www.gaveanews.com\/?p=24708"},"modified":"2019-08-13T14:00:44","modified_gmt":"2019-08-13T17:00:44","slug":"cinco-jogadores-do-flamengo-vivem-expectativa-por-convocacao-da-selecao","status":"publish","type":"post","link":"https:\/\/www.gaveanews.com\/index.php\/2019\/08\/13\/cinco-jogadores-do-flamengo-vivem-expectativa-por-convocacao-da-selecao\/","title":{"rendered":"Cinco jogadores do Flamengo vivem expectativa por convoca\u00e7\u00e3o da sele\u00e7\u00e3o"},"content":{"rendered":"\n<p>O Flamengo vive a expectativa de representar a sele\u00e7\u00e3o brasileira nos dois pr\u00f3ximos compromissos, os amistosos nos dias 6 e 10 de setembro, contra Col\u00f4mbia e Peru, respectivamente. A convoca\u00e7\u00e3o de Tite ser\u00e1 j\u00e1 nesta sexta-feira, v\u00e9spera do cl\u00e1ssico contra o Vasco, pelo Campeonato Brasileiro.<\/p>\n\n\n\n<p>O portal <em>Lance<\/em>! listou cinco jogadores do Flamengo com chances em rela\u00e7\u00e3o \u00e0 primeira convoca\u00e7\u00e3o do Brasil ap\u00f3s o t\u00edtulo da Copa Am\u00e9rica de 2019, a ser realizada \u00e0s 11h (de Bras\u00edlia), na sede da CBF. <\/p>\n\n\n\n<p><strong>Confira a lista completa abaixo:<\/strong><\/p>\n\n\n\n<h3 class=\"wp-block-heading\"><strong>Rodrigo Caio:<\/strong><\/h3>\n\n\n\n<figure class=\"wp-block-image\"><img decoding=\"async\" src=\"https:\/\/2.bp.blogspot.com\/-4QAMBP3oyAw\/XL6OZda3y9I\/AAAAAAABVyA\/WAiPvxoeKEEFtU0nNXcYzhaF1YOniuZjwCLcBGAs\/s1600\/rodrigo%2Bcaio%2Bflamengo.webp\" alt=\"\"\/><figcaption>Rodrigo Caio vibrando no Maracan\u00e3 (Foto: Thiago Ribeiro)<\/figcaption><\/figure>\n\n\n\n<p>Contestado pela torcida do S\u00e3o Paulo, Rodrigo Caio desembarcou no Flamengo ap\u00f3s um investimento na casa dos R$ 22 milh\u00f5es, em janeiro. Regular, eficiente e determinado em cada jogada, o zagueiro de 25 anos voltou a jogar no n\u00edvel dos tempos iniciais de Tricolor, que o fizeram atuar em quatro jogos pelo Brasil.<\/p>\n\n\n\n<p>No fim de maio, j\u00e1 com a conquista do Carioca e apoio dos flamenguistas, Caio disse n\u00e3o estar preocupado com os chamados de Tite. O t\u00e9cnico e a comiss\u00e3o t\u00e9cnica da Sele\u00e7\u00e3o, no entanto, j\u00e1 haviam indicado que o camisa 3 est\u00e1 no radar. Mesmo que esteja em recupera\u00e7\u00e3o de uma les\u00e3o na coxa esquerda, pode ser que o campe\u00e3o ol\u00edmpico apare\u00e7a na pr\u00f3xima lista da Amarelinha.<\/p>\n\n\n\n<h3 class=\"wp-block-heading\"><strong>Filipe Lu\u00eds<\/strong>:<\/h3>\n\n\n\n<figure class=\"wp-block-image\"><img decoding=\"async\" src=\"https:\/\/s2.glbimg.com\/AlxDWJE4iCLnEDOcQBKX19UK86w=\/0x0:4928x3280\/1008x0\/smart\/filters:strip_icc()\/i.s3.glbimg.com\/v1\/AUTH_bc8228b6673f488aa253bbcb03c80ec5\/internal_photos\/bs\/2019\/1\/e\/prtZBkSqevCBoLJboCoQ\/filipe-luis.webp\" alt=\"\"\/><figcaption>Filipe Luis durante treino do Flamengo no Ninho do Urubu (Foto: Alexandre Vidal\/Flamengo)<\/figcaption><\/figure>\n\n\n\n<p>Este \u00e9 nome garantido, caso n\u00e3o haja renova\u00e7\u00e3o no setor. Titular no in\u00edcio da vitoriosa campanha na Copa Am\u00e9rica-2019, Filipe Lu\u00eds s\u00f3 n\u00e3o terminou o torneio entre os 11 por conta de uma les\u00e3o muscular. Por falar em quest\u00e3o f\u00edsica, o lateral esquerdo de 34 anos j\u00e1 atuou pelo Flamengo em duas ocasi\u00f5es, mas ainda n\u00e3o em 90 minutos.<\/p>\n\n\n\n<p>Filipe soma 44 partidas pelo Brasil, com dois gols marcados. Pesa a favor do defensor ex-Atl\u00e9tico de Madrid, que n\u00e3o tem o talento de Marcelo, mas fez por onde merecer o seu espa\u00e7o, o fato de o futebol europeu estar no in\u00edcio de temporada, n\u00e3o dando tempo para outro lateral-esquerdo ficar em evid\u00eancia.<\/p>\n\n\n\n<h3 class=\"wp-block-heading\"><strong>\u00c9verton Ribeiro<\/strong><\/h3>\n\n\n\n<figure class=\"wp-block-image\"><img decoding=\"async\" src=\"https:\/\/www.lance.com.br\/files\/article_main\/uploads\/2018\/11\/15\/5beded326af62.webp\" alt=\"\"\/><figcaption>\u00c9verton Ribeiro em a\u00e7\u00e3o pelo Flamengo (Foto: Celso Pupo\/Fotoarena)<\/figcaption><\/figure>\n\n\n\n<p>Contra o Gr\u00eamio, domingo \u00faltimo, olheiros da Sele\u00e7\u00e3o estiveram no Maracan\u00e3. De acordo com informa\u00e7\u00f5es da rep\u00f3rter Gabriela Moreira, da &#8220;Globo&#8221;, o foco da observa\u00e7\u00e3o atendia por \u00c9verton Ribeiro. O meia iniciou no banco de reservas, entrou no fim e fechou o vit\u00f3ria com um belo gol. E ele, convocado para a Copa Am\u00e9rica de 2015, comentou a respeito de uma poss\u00edvel volta:<\/p>\n\n\n\n<p>&#8220;Quem joga no Flamengo tem que estar preparado para a sele\u00e7\u00e3o, ainda mais com a equipe bem nas competi\u00e7\u00f5es. Os olheiros est\u00e3o vindo ver nossa equipe. Se puder ser convocado ficarei muito contente e por isso dou sempre o melhor em campo&#8221;, disse o atleta de 30 anos.<\/p>\n\n\n\n<h3 class=\"wp-block-heading\"><strong>Bruno Henrique<\/strong>:<\/h3>\n\n\n\n<figure class=\"wp-block-image\"><img decoding=\"async\" src=\"https:\/\/eurio.com.br\/imagens\/770x433\/posts\/2019\/04\/6747_brunoh22-jpg.webp\" alt=\"\"\/><figcaption>Bruno Henrique durante comemora\u00e7\u00e3o de gol marcado pelo Flamengo (Foto: Divulga\u00e7\u00e3o\/Flamengo)<\/figcaption><\/figure>\n\n\n\n<p>Vice-artilheiro do Flamengo na temporada, Bruno Henrique tem sido destaque desde a sua estreia. At\u00e9 o momento, o atacante de 28 anos soma 15 gols em 35 partidas e est\u00e1 a quatro bolas na rede de fazer de 2019 o ano mais artilheiro de sua carreira. J\u00e1 ventilado na Sele\u00e7\u00e3o Brasileira em 2017, o camisa 27 est\u00e1 ciente que uma hipot\u00e9tica convoca\u00e7\u00e3o n\u00e3o seria surpresa.<\/p>\n\n\n\n<p>&#8220;Essa temporada que estou fazendo posso dizer que \u00e9 a mesma que eu fiz em 2017, quando tive um grande ano pelo Santos e fui especulado para a sele\u00e7\u00e3o brasileira. Ent\u00e3o, \u00e9 continuar fazendo o que tenho feito pelo Flamengo, e acredito que a sele\u00e7\u00e3o fica pr\u00f3xima. Quem trabalha, Deus ajuda. Se for agora, ou depois, ser\u00e1 no tempo de Deus. Estou bem tranquilo, \u00e0 vontade e contente aqui no Flamengo. Se vier a convoca\u00e7\u00e3o, ficarei muito feliz. Caso n\u00e3o, seguirei trabalhando, pois sonhamos com grandes coisas esse ano no Flamengo&#8221;, disse o atacante, em entrevista ao canal &#8220;ESPN Brasil&#8221;.<\/p>\n\n\n\n<h3 class=\"wp-block-heading\">Gabigol:<\/h3>\n\n\n\n<figure class=\"wp-block-image\"><img decoding=\"async\" src=\"https:\/\/abrilveja.files.wordpress.com\/2019\/08\/gabigol-e-jesus.webp?quality=70&amp;strip=info&amp;w=680&amp;h=453&amp;crop=1\" alt=\"\"\/><figcaption>Gabriel e Jorge Jesus antes da partida entre Corinthians e Flamengo, v\u00e1lida pela 11\u00aa rodada do Campeonato Brasileiro (Foto: Ale Frata\/C\u00f3digo19\/Folhapress\/Folhapress)<\/figcaption><\/figure>\n\n\n\n<p>Principal jogador da &#8220;Era Jorge Jesus&#8221;, Gabigol est\u00e1 retornando de les\u00e3o e, neste s\u00e1bado, deve enfrentar o Vasco, ap\u00f3s ficar de fora dos dois \u00faltimos jogos do Flamengo. Artilheiro do \u00faltimo Campeonato Brasileiro e atualmente o desta edi\u00e7\u00e3o, o camisa 9 virou xod\u00f3 dos rubro-negros em poucos dias.<\/p>\n\n\n\n<p>J\u00e1 s\u00e3o 22 gols em 33 partidas nesta temporada. E, aos 22 anos, Gabigol, al\u00e9m da pouca idade, tem o fator convoca\u00e7\u00f5es marcantes a seu favor. O atleta emprestado pela Inter de Mil\u00e3o foi campe\u00e3o ol\u00edmpico em 2016, assim como Rodrigo Caio, e j\u00e1 esteve na sele\u00e7\u00e3o principal &#8211; disputou a Copa Am\u00e9rica-2016.<\/p>\n\n\n\n<h3 class=\"wp-block-heading\"><strong>\u00daltima vez com convocados:<\/strong><\/h3>\n\n\n\n<p>A \u00faltima vez em que o Flamengo teve mais de um jogador convocado ocorreu no in\u00edcio de 2017, quando quatro rubro-negro foram chamados para o amistoso beneficente diante da Col\u00f4mbia, no dia 25 de janeiro daquele ano, em homenagem \u00e0s v\u00edtimas da trag\u00e9dia com a Chapecoense, no Nilton Santos.<\/p>\n\n\n\n<p>Na ocasi\u00e3o, Tite convocou o lateral esquerdo Jorge, o volante Willian Ar\u00e3o, o meia Diego e o goleiro Muralha. Antes disso, s\u00f3 em 1989, para um amistoso, o Flamengo havia tido mais de um representante com a Amarelinha &#8211; Z\u00e9 Carlos, Jorginho, Aldair, Zinho e Bebeto foram chamados por Sebasti\u00e3o Lazaroni.<\/p>\n\n\n\n<h3 class=\"wp-block-heading\"><strong>O que perderiam<\/strong>:<\/h3>\n\n\n\n<p>Mais uma curiosidade, desta vez que interessa diretamente o atual cen\u00e1rio. O primeiro jogo da Sele\u00e7\u00e3o \u00e9 dia 6 de setembro e, possivelmente, os atletas do futebol nacional se apresentar\u00e3o um dia ap\u00f3s a rodada do fim de semana anterior. O Flamengo, por exemplo, tem o aguardado duelo diante do Palmeiras, no dia 1\u00ba de setembro (domingo), no Maracan\u00e3.<\/p>\n\n\n\n<p>Assim, \u00e9 prov\u00e1vel que jogadores do Flamengo, em caso de convoca\u00e7\u00e3o, n\u00e3o possam atuar somente contra o Ava\u00ed, pela 18\u00aa rodada, no dia 7, na Ressacada. O posterior compromisso do Flamengo, tamb\u00e9m esperado, \u00e9 apenas quatro dias depois do \u00faltimo da sele\u00e7\u00e3o nesta leva &#8211; diante do Santos, dia 14.<\/p>\n\n\n\n\n\n<p>Retirado de: Lance<\/p>\n","protected":false},"excerpt":{"rendered":"<p>O Flamengo vive a expectativa de representar a sele\u00e7\u00e3o brasileira nos dois pr\u00f3ximos compromissos, os amistosos nos dias 6 e 10 de setembro, contra Col\u00f4mbia e Peru, respectivamente. A convoca\u00e7\u00e3o de Tite ser\u00e1 j\u00e1 nesta sexta-feira, v\u00e9spera do cl\u00e1ssico contra o Vasco, pelo Campeonato Brasileiro. O portal Lance! listou cinco jogadores do Flamengo com chances [&hellip;]<\/p>\n","protected":false},"author":1,"featured_media":17006,"comment_status":"open","ping_status":"open","sticky":false,"template":"","format":"standard","meta":{"footnotes":""},"categories":[1],"tags":[],"class_list":["post-24708","post","type-post","status-publish","format-standard","has-post-thumbnail","hentry","category-flamengo"],"yoast_head":"<!-- This site is optimized with the Yoast SEO Premium plugin v24.2 (Yoast SEO v26.9) - https:\/\/yoast.com\/product\/yoast-seo-premium-wordpress\/ -->\n<title>Cinco jogadores do Flamengo vivem expectativa por convoca\u00e7\u00e3o da sele\u00e7\u00e3o<\/title>\n<meta name=\"robots\" content=\"index, follow, max-snippet:-1, max-image-preview:large, max-video-preview:-1\" \/>\n<link rel=\"canonical\" href=\"https:\/\/www.gaveanews.com\/index.php\/2019\/08\/13\/cinco-jogadores-do-flamengo-vivem-expectativa-por-convocacao-da-selecao\/\" \/>\n<meta property=\"og:locale\" content=\"pt_BR\" \/>\n<meta property=\"og:type\" content=\"article\" \/>\n<meta property=\"og:title\" content=\"Cinco jogadores do Flamengo vivem expectativa por convoca\u00e7\u00e3o da sele\u00e7\u00e3o\" \/>\n<meta property=\"og:description\" content=\"O Flamengo vive a expectativa de representar a sele\u00e7\u00e3o brasileira nos dois pr\u00f3ximos compromissos, os amistosos nos dias 6 e 10 de setembro, contra Col\u00f4mbia e Peru, respectivamente. A convoca\u00e7\u00e3o de Tite ser\u00e1 j\u00e1 nesta sexta-feira, v\u00e9spera do cl\u00e1ssico contra o Vasco, pelo Campeonato Brasileiro. O portal Lance! listou cinco jogadores do Flamengo com chances [&hellip;]\" \/>\n<meta property=\"og:url\" content=\"https:\/\/www.gaveanews.com\/index.php\/2019\/08\/13\/cinco-jogadores-do-flamengo-vivem-expectativa-por-convocacao-da-selecao\/\" \/>\n<meta property=\"og:site_name\" content=\"G\u00e1vea News\" \/>\n<meta property=\"article:publisher\" content=\"https:\/\/facebook.com\/gaveaNews\/\" \/>\n<meta property=\"article:published_time\" content=\"2019-08-13T17:00:44+00:00\" \/>\n<meta property=\"og:image\" content=\"https:\/\/www.gaveanews.com\/wp-content\/uploads\/2019\/04\/Filipe-Luis-em-acao-pelo-Brasil.webp\" \/>\n\t<meta property=\"og:image:width\" content=\"1\" \/>\n\t<meta property=\"og:image:height\" content=\"1\" \/>\n\t<meta property=\"og:image:type\" content=\"image\/jpeg\" \/>\n<meta name=\"author\" content=\"Equipe G\u00e1vea News\" \/>\n<meta name=\"twitter:card\" content=\"summary_large_image\" \/>\n<meta name=\"twitter:label1\" content=\"Escrito por\" \/>\n\t<meta name=\"twitter:data1\" content=\"Equipe G\u00e1vea News\" \/>\n\t<meta name=\"twitter:label2\" content=\"Est. tempo de leitura\" \/>\n\t<meta name=\"twitter:data2\" content=\"5 minutos\" \/>\n<script type=\"application\/ld+json\" class=\"yoast-schema-graph\">{\"@context\":\"https:\/\/schema.org\",\"@graph\":[{\"@type\":\"NewsArticle\",\"@id\":\"https:\/\/www.gaveanews.com\/index.php\/2019\/08\/13\/cinco-jogadores-do-flamengo-vivem-expectativa-por-convocacao-da-selecao\/#article\",\"isPartOf\":{\"@id\":\"https:\/\/www.gaveanews.com\/index.php\/2019\/08\/13\/cinco-jogadores-do-flamengo-vivem-expectativa-por-convocacao-da-selecao\/\"},\"author\":{\"name\":\"Equipe G\u00e1vea News\",\"@id\":\"https:\/\/www.gaveanews.com\/#\/schema\/person\/2ec14f73fb96be2caf28f91afb14749d\"},\"headline\":\"Cinco jogadores do Flamengo vivem expectativa por convoca\u00e7\u00e3o da sele\u00e7\u00e3o\",\"datePublished\":\"2019-08-13T17:00:44+00:00\",\"mainEntityOfPage\":{\"@id\":\"https:\/\/www.gaveanews.com\/index.php\/2019\/08\/13\/cinco-jogadores-do-flamengo-vivem-expectativa-por-convocacao-da-selecao\/\"},\"wordCount\":1061,\"commentCount\":0,\"image\":{\"@id\":\"https:\/\/www.gaveanews.com\/index.php\/2019\/08\/13\/cinco-jogadores-do-flamengo-vivem-expectativa-por-convocacao-da-selecao\/#primaryimage\"},\"thumbnailUrl\":\"https:\/\/www.gaveanews.com\/wp-content\/uploads\/2019\/04\/Filipe-Luis-em-acao-pelo-Brasil.webp\",\"articleSection\":[\"Flamengo\"],\"inLanguage\":\"pt-BR\",\"potentialAction\":[{\"@type\":\"CommentAction\",\"name\":\"Comment\",\"target\":[\"https:\/\/www.gaveanews.com\/index.php\/2019\/08\/13\/cinco-jogadores-do-flamengo-vivem-expectativa-por-convocacao-da-selecao\/#respond\"]}],\"copyrightYear\":\"2019\",\"copyrightHolder\":{\"@id\":\"https:\/\/www.gaveanews.com\/#organization\"}},{\"@type\":\"WebPage\",\"@id\":\"https:\/\/www.gaveanews.com\/index.php\/2019\/08\/13\/cinco-jogadores-do-flamengo-vivem-expectativa-por-convocacao-da-selecao\/\",\"url\":\"https:\/\/www.gaveanews.com\/index.php\/2019\/08\/13\/cinco-jogadores-do-flamengo-vivem-expectativa-por-convocacao-da-selecao\/\",\"name\":\"Cinco jogadores do Flamengo vivem expectativa por convoca\u00e7\u00e3o da sele\u00e7\u00e3o\",\"isPartOf\":{\"@id\":\"https:\/\/www.gaveanews.com\/#website\"},\"primaryImageOfPage\":{\"@id\":\"https:\/\/www.gaveanews.com\/index.php\/2019\/08\/13\/cinco-jogadores-do-flamengo-vivem-expectativa-por-convocacao-da-selecao\/#primaryimage\"},\"image\":{\"@id\":\"https:\/\/www.gaveanews.com\/index.php\/2019\/08\/13\/cinco-jogadores-do-flamengo-vivem-expectativa-por-convocacao-da-selecao\/#primaryimage\"},\"thumbnailUrl\":\"https:\/\/www.gaveanews.com\/wp-content\/uploads\/2019\/04\/Filipe-Luis-em-acao-pelo-Brasil.webp\",\"datePublished\":\"2019-08-13T17:00:44+00:00\",\"author\":{\"@id\":\"https:\/\/www.gaveanews.com\/#\/schema\/person\/2ec14f73fb96be2caf28f91afb14749d\"},\"breadcrumb\":{\"@id\":\"https:\/\/www.gaveanews.com\/index.php\/2019\/08\/13\/cinco-jogadores-do-flamengo-vivem-expectativa-por-convocacao-da-selecao\/#breadcrumb\"},\"inLanguage\":\"pt-BR\",\"potentialAction\":[{\"@type\":\"ReadAction\",\"target\":[\"https:\/\/www.gaveanews.com\/index.php\/2019\/08\/13\/cinco-jogadores-do-flamengo-vivem-expectativa-por-convocacao-da-selecao\/\"]}]},{\"@type\":\"ImageObject\",\"inLanguage\":\"pt-BR\",\"@id\":\"https:\/\/www.gaveanews.com\/index.php\/2019\/08\/13\/cinco-jogadores-do-flamengo-vivem-expectativa-por-convocacao-da-selecao\/#primaryimage\",\"url\":\"https:\/\/www.gaveanews.com\/wp-content\/uploads\/2019\/04\/Filipe-Luis-em-acao-pelo-Brasil.webp\",\"contentUrl\":\"https:\/\/www.gaveanews.com\/wp-content\/uploads\/2019\/04\/Filipe-Luis-em-acao-pelo-Brasil.webp\",\"caption\":\"Filipe Luis em a\u00e7\u00e3o pelo Brasil (Foto: Leo Correa\/MoWa Press)\"},{\"@type\":\"BreadcrumbList\",\"@id\":\"https:\/\/www.gaveanews.com\/index.php\/2019\/08\/13\/cinco-jogadores-do-flamengo-vivem-expectativa-por-convocacao-da-selecao\/#breadcrumb\",\"itemListElement\":[{\"@type\":\"ListItem\",\"position\":1,\"name\":\"Home\",\"item\":\"https:\/\/www.gaveanews.com\/\"},{\"@type\":\"ListItem\",\"position\":2,\"name\":\"Cinco jogadores do Flamengo vivem expectativa por convoca\u00e7\u00e3o da sele\u00e7\u00e3o\"}]},{\"@type\":\"WebSite\",\"@id\":\"https:\/\/www.gaveanews.com\/#website\",\"url\":\"https:\/\/www.gaveanews.com\/\",\"name\":\"G\u00e1vea News\",\"description\":\"Veja todas as not\u00edcias sobre o Flamengo: Contrata\u00e7\u00f5es, categorias de base, resultados das partidas, tabela de classifica\u00e7\u00e3o, pr\u00f3ximos jogos!\",\"potentialAction\":[{\"@type\":\"SearchAction\",\"target\":{\"@type\":\"EntryPoint\",\"urlTemplate\":\"https:\/\/www.gaveanews.com\/?s={search_term_string}\"},\"query-input\":{\"@type\":\"PropertyValueSpecification\",\"valueRequired\":true,\"valueName\":\"search_term_string\"}}],\"inLanguage\":\"pt-BR\"},{\"@type\":\"Person\",\"@id\":\"https:\/\/www.gaveanews.com\/#\/schema\/person\/2ec14f73fb96be2caf28f91afb14749d\",\"name\":\"Equipe G\u00e1vea News\",\"image\":{\"@type\":\"ImageObject\",\"inLanguage\":\"pt-BR\",\"@id\":\"https:\/\/www.gaveanews.com\/#\/schema\/person\/image\/\",\"url\":\"https:\/\/secure.gravatar.com\/avatar\/1e1956f1facbffd3f8fa53a326721950116b3b9dc9bd44939c01180fd4a745a9?s=96&d=mm&r=g\",\"contentUrl\":\"https:\/\/secure.gravatar.com\/avatar\/1e1956f1facbffd3f8fa53a326721950116b3b9dc9bd44939c01180fd4a745a9?s=96&d=mm&r=g\",\"caption\":\"Equipe G\u00e1vea News\"}}]}<\/script>\n<!-- \/ Yoast SEO Premium plugin. -->","yoast_head_json":{"title":"Cinco jogadores do Flamengo vivem expectativa por convoca\u00e7\u00e3o da sele\u00e7\u00e3o","robots":{"index":"index","follow":"follow","max-snippet":"max-snippet:-1","max-image-preview":"max-image-preview:large","max-video-preview":"max-video-preview:-1"},"canonical":"https:\/\/www.gaveanews.com\/index.php\/2019\/08\/13\/cinco-jogadores-do-flamengo-vivem-expectativa-por-convocacao-da-selecao\/","og_locale":"pt_BR","og_type":"article","og_title":"Cinco jogadores do Flamengo vivem expectativa por convoca\u00e7\u00e3o da sele\u00e7\u00e3o","og_description":"O Flamengo vive a expectativa de representar a sele\u00e7\u00e3o brasileira nos dois pr\u00f3ximos compromissos, os amistosos nos dias 6 e 10 de setembro, contra Col\u00f4mbia e Peru, respectivamente. A convoca\u00e7\u00e3o de Tite ser\u00e1 j\u00e1 nesta sexta-feira, v\u00e9spera do cl\u00e1ssico contra o Vasco, pelo Campeonato Brasileiro. O portal Lance! listou cinco jogadores do Flamengo com chances [&hellip;]","og_url":"https:\/\/www.gaveanews.com\/index.php\/2019\/08\/13\/cinco-jogadores-do-flamengo-vivem-expectativa-por-convocacao-da-selecao\/","og_site_name":"G\u00e1vea News","article_publisher":"https:\/\/facebook.com\/gaveaNews\/","article_published_time":"2019-08-13T17:00:44+00:00","og_image":[{"url":"https:\/\/www.gaveanews.com\/wp-content\/uploads\/2019\/04\/Filipe-Luis-em-acao-pelo-Brasil.webp","width":1,"height":1,"type":"image\/jpeg"}],"author":"Equipe G\u00e1vea News","twitter_card":"summary_large_image","twitter_misc":{"Escrito por":"Equipe G\u00e1vea News","Est. tempo de leitura":"5 minutos"},"schema":{"@context":"https:\/\/schema.org","@graph":[{"@type":"NewsArticle","@id":"https:\/\/www.gaveanews.com\/index.php\/2019\/08\/13\/cinco-jogadores-do-flamengo-vivem-expectativa-por-convocacao-da-selecao\/#article","isPartOf":{"@id":"https:\/\/www.gaveanews.com\/index.php\/2019\/08\/13\/cinco-jogadores-do-flamengo-vivem-expectativa-por-convocacao-da-selecao\/"},"author":{"name":"Equipe G\u00e1vea News","@id":"https:\/\/www.gaveanews.com\/#\/schema\/person\/2ec14f73fb96be2caf28f91afb14749d"},"headline":"Cinco jogadores do Flamengo vivem expectativa por convoca\u00e7\u00e3o da sele\u00e7\u00e3o","datePublished":"2019-08-13T17:00:44+00:00","mainEntityOfPage":{"@id":"https:\/\/www.gaveanews.com\/index.php\/2019\/08\/13\/cinco-jogadores-do-flamengo-vivem-expectativa-por-convocacao-da-selecao\/"},"wordCount":1061,"commentCount":0,"image":{"@id":"https:\/\/www.gaveanews.com\/index.php\/2019\/08\/13\/cinco-jogadores-do-flamengo-vivem-expectativa-por-convocacao-da-selecao\/#primaryimage"},"thumbnailUrl":"https:\/\/www.gaveanews.com\/wp-content\/uploads\/2019\/04\/Filipe-Luis-em-acao-pelo-Brasil.webp","articleSection":["Flamengo"],"inLanguage":"pt-BR","potentialAction":[{"@type":"CommentAction","name":"Comment","target":["https:\/\/www.gaveanews.com\/index.php\/2019\/08\/13\/cinco-jogadores-do-flamengo-vivem-expectativa-por-convocacao-da-selecao\/#respond"]}],"copyrightYear":"2019","copyrightHolder":{"@id":"https:\/\/www.gaveanews.com\/#organization"}},{"@type":"WebPage","@id":"https:\/\/www.gaveanews.com\/index.php\/2019\/08\/13\/cinco-jogadores-do-flamengo-vivem-expectativa-por-convocacao-da-selecao\/","url":"https:\/\/www.gaveanews.com\/index.php\/2019\/08\/13\/cinco-jogadores-do-flamengo-vivem-expectativa-por-convocacao-da-selecao\/","name":"Cinco jogadores do Flamengo vivem expectativa por convoca\u00e7\u00e3o da sele\u00e7\u00e3o","isPartOf":{"@id":"https:\/\/www.gaveanews.com\/#website"},"primaryImageOfPage":{"@id":"https:\/\/www.gaveanews.com\/index.php\/2019\/08\/13\/cinco-jogadores-do-flamengo-vivem-expectativa-por-convocacao-da-selecao\/#primaryimage"},"image":{"@id":"https:\/\/www.gaveanews.com\/index.php\/2019\/08\/13\/cinco-jogadores-do-flamengo-vivem-expectativa-por-convocacao-da-selecao\/#primaryimage"},"thumbnailUrl":"https:\/\/www.gaveanews.com\/wp-content\/uploads\/2019\/04\/Filipe-Luis-em-acao-pelo-Brasil.webp","datePublished":"2019-08-13T17:00:44+00:00","author":{"@id":"https:\/\/www.gaveanews.com\/#\/schema\/person\/2ec14f73fb96be2caf28f91afb14749d"},"breadcrumb":{"@id":"https:\/\/www.gaveanews.com\/index.php\/2019\/08\/13\/cinco-jogadores-do-flamengo-vivem-expectativa-por-convocacao-da-selecao\/#breadcrumb"},"inLanguage":"pt-BR","potentialAction":[{"@type":"ReadAction","target":["https:\/\/www.gaveanews.com\/index.php\/2019\/08\/13\/cinco-jogadores-do-flamengo-vivem-expectativa-por-convocacao-da-selecao\/"]}]},{"@type":"ImageObject","inLanguage":"pt-BR","@id":"https:\/\/www.gaveanews.com\/index.php\/2019\/08\/13\/cinco-jogadores-do-flamengo-vivem-expectativa-por-convocacao-da-selecao\/#primaryimage","url":"https:\/\/www.gaveanews.com\/wp-content\/uploads\/2019\/04\/Filipe-Luis-em-acao-pelo-Brasil.webp","contentUrl":"https:\/\/www.gaveanews.com\/wp-content\/uploads\/2019\/04\/Filipe-Luis-em-acao-pelo-Brasil.webp","caption":"Filipe Luis em a\u00e7\u00e3o pelo Brasil (Foto: Leo Correa\/MoWa Press)"},{"@type":"BreadcrumbList","@id":"https:\/\/www.gaveanews.com\/index.php\/2019\/08\/13\/cinco-jogadores-do-flamengo-vivem-expectativa-por-convocacao-da-selecao\/#breadcrumb","itemListElement":[{"@type":"ListItem","position":1,"name":"Home","item":"https:\/\/www.gaveanews.com\/"},{"@type":"ListItem","position":2,"name":"Cinco jogadores do Flamengo vivem expectativa por convoca\u00e7\u00e3o da sele\u00e7\u00e3o"}]},{"@type":"WebSite","@id":"https:\/\/www.gaveanews.com\/#website","url":"https:\/\/www.gaveanews.com\/","name":"G\u00e1vea News","description":"Veja todas as not\u00edcias sobre o Flamengo: Contrata\u00e7\u00f5es, categorias de base, resultados das partidas, tabela de classifica\u00e7\u00e3o, pr\u00f3ximos jogos!","potentialAction":[{"@type":"SearchAction","target":{"@type":"EntryPoint","urlTemplate":"https:\/\/www.gaveanews.com\/?s={search_term_string}"},"query-input":{"@type":"PropertyValueSpecification","valueRequired":true,"valueName":"search_term_string"}}],"inLanguage":"pt-BR"},{"@type":"Person","@id":"https:\/\/www.gaveanews.com\/#\/schema\/person\/2ec14f73fb96be2caf28f91afb14749d","name":"Equipe G\u00e1vea News","image":{"@type":"ImageObject","inLanguage":"pt-BR","@id":"https:\/\/www.gaveanews.com\/#\/schema\/person\/image\/","url":"https:\/\/secure.gravatar.com\/avatar\/1e1956f1facbffd3f8fa53a326721950116b3b9dc9bd44939c01180fd4a745a9?s=96&d=mm&r=g","contentUrl":"https:\/\/secure.gravatar.com\/avatar\/1e1956f1facbffd3f8fa53a326721950116b3b9dc9bd44939c01180fd4a745a9?s=96&d=mm&r=g","caption":"Equipe G\u00e1vea News"}}]}},"_links":{"self":[{"href":"https:\/\/www.gaveanews.com\/index.php\/wp-json\/wp\/v2\/posts\/24708","targetHints":{"allow":["GET"]}}],"collection":[{"href":"https:\/\/www.gaveanews.com\/index.php\/wp-json\/wp\/v2\/posts"}],"about":[{"href":"https:\/\/www.gaveanews.com\/index.php\/wp-json\/wp\/v2\/types\/post"}],"author":[{"embeddable":true,"href":"https:\/\/www.gaveanews.com\/index.php\/wp-json\/wp\/v2\/users\/1"}],"replies":[{"embeddable":true,"href":"https:\/\/www.gaveanews.com\/index.php\/wp-json\/wp\/v2\/comments?post=24708"}],"version-history":[{"count":0,"href":"https:\/\/www.gaveanews.com\/index.php\/wp-json\/wp\/v2\/posts\/24708\/revisions"}],"wp:featuredmedia":[{"embeddable":true,"href":"https:\/\/www.gaveanews.com\/index.php\/wp-json\/wp\/v2\/media\/17006"}],"wp:attachment":[{"href":"https:\/\/www.gaveanews.com\/index.php\/wp-json\/wp\/v2\/media?parent=24708"}],"wp:term":[{"taxonomy":"category","embeddable":true,"href":"https:\/\/www.gaveanews.com\/index.php\/wp-json\/wp\/v2\/categories?post=24708"},{"taxonomy":"post_tag","embeddable":true,"href":"https:\/\/www.gaveanews.com\/index.php\/wp-json\/wp\/v2\/tags?post=24708"}],"curies":[{"name":"wp","href":"https:\/\/api.w.org\/{rel}","templated":true}]}}