{"id":247093,"date":"2025-03-31T17:55:00","date_gmt":"2025-03-31T20:55:00","guid":{"rendered":"https:\/\/www.gaveanews.com\/?p=247093"},"modified":"2025-03-31T15:51:13","modified_gmt":"2025-03-31T18:51:13","slug":"andre-rizek-manda-recado-para-abel-ferreira-do-palmeiras","status":"publish","type":"post","link":"https:\/\/www.gaveanews.com\/index.php\/2025\/03\/31\/andre-rizek-manda-recado-para-abel-ferreira-do-palmeiras\/","title":{"rendered":"Andr\u00e9 Rizek manda recado para Abel Ferreira, do Palmeiras"},"content":{"rendered":"\n<p>O empate sem gols entre Palmeiras e Botafogo na estreia do Campeonato Brasileiro, no Allianz Parque, ainda est\u00e1 dando o que falar. Al\u00e9m do descontentamento que tem causado em palmeirenses, a postura do t\u00e9cnico Abel Ferreira tamb\u00e9m incomodou o jornalista Andr\u00e9 Rizek na tarde desta segunda-feira (31). Isso porque o portugu\u00eas &#8216;cutucou&#8217; a torcida Alviverde ao tecer um comparativo no comportamento com os botafoguenses presentes no est\u00e1dio.<\/p>\n\n\n\n<p>Durante a coletiva de imprensa, Abel destacou o apoio incondicional dos torcedores botafoguenses, que entoaram c\u00e2nticos de \u201cSomos campe\u00f5es\u201d durante a partida, e questionou se a torcida palmeirense j\u00e1 havia demonstrado comportamento semelhante nos anos em que o clube conquistou t\u00edtulos.<\/p>\n\n\n\n<p>As declara\u00e7\u00f5es do treinador portugu\u00eas geraram debates entre comentaristas esportivos e foi a\u00ed que Andr\u00e9 Rizek surgiu. O jornalista usou seu perfil pessoal no &#8216;X&#8217; para questionar o &#8216;manual&#8217; para &#8220;ensinar torcedor a torcer&#8221; feito por Abel Ferreira durante a coletiva. As cr\u00edticas tamb\u00e9m foram direcionadas a F\u00e1bio Carille, que se incomodou com as vaias cruz-maltinas no intervalo do triunfo do Vasco sobre o Santos, por 2 a 1, quando o time ainda perdia o jogo.<\/p>\n\n\n\n<p>&#8220;N\u00e3o me conformo com t\u00e9cnico querendo ensinar o torcedor a torcer. Abel pode ser o maior da hist\u00f3ria do Palmeiras, mas JAMAIS vai mudar a cultura da torcida mais cr\u00edtica do Brasil. E o Carille\u2026 Dizer que \u00e9 f\u00e1cil apoiar &#8220;s\u00f3&#8221; quando ganha\u2026 Oi??? Se tem uma coisa que mant\u00e9m o Vasco neste s\u00e9culo \u00e9 o apoio da torcida\u2026 #cornetei&#8221;, escreveu.<\/p>\n\n\n\n<figure class=\"wp-block-embed is-type-rich is-provider-twitter wp-block-embed-twitter\"><div class=\"wp-block-embed__wrapper\">\n<blockquote class=\"twitter-tweet\" data-width=\"550\" data-dnt=\"true\"><p lang=\"pt\" dir=\"ltr\">N\u00e3o me conformo com t\u00e9cnico querendo ensinar o torcedor a torcer. Abel pode ser o maior da hist\u00f3ria do Palmeiras, mas JAMAIS vai mudar a cultura da torcida mais cr\u00edtica do Brasil. E o Carille&#8230; Dizer que \u00e9 f\u00e1cil apoiar &quot;s\u00f3&quot; quando ganha&#8230; Oi??? Se tem uma coisa que mant\u00e9m o\u2026<\/p>&mdash; Andr\u00e9 Rizek (@andrizek) <a href=\"https:\/\/twitter.com\/andrizek\/status\/1906729233478557780?ref_src=twsrc%5Etfw\">March 31, 2025<\/a><\/blockquote><script async src=\"https:\/\/platform.twitter.com\/widgets.js\" charset=\"utf-8\"><\/script>\n<\/div><\/figure>\n\n\n\n<h2 class=\"wp-block-heading\" id=\"h-jornalistas-opinam-sobre-abel-ferreira\">Jornalistas opinam sobre Abel Ferreira<\/h2>\n\n\n\n<p>Conforme mencionado, as declara\u00e7\u00f5es do portugu\u00eas provocaram um tsunami na m\u00eddia esportiva brasileira. Rizek n\u00e3o foi o \u00fanico a opinar sobre a fala e, especialmente, o momento do treinador \u00e0 frente da comiss\u00e3o t\u00e9cnica alviverde.<\/p>\n\n\n\n<p>Renato Maur\u00edcio Prado comparou a rela\u00e7\u00e3o atual entre Abel e o Palmeiras a um casamento em crise, sugerindo que ambas as partes demonstram sinais de desgaste.Mauro Cezar Pereira, por sua vez, defendeu a postura dos jornalistas que questionaram o desempenho da equipe, ressaltando que \u00e9 papel da imprensa abordar momentos de baixa performance.<\/p>\n\n\n\n<p>J\u00e1 o ex-jogador e apresentador Neto tamb\u00e9m criticou Abel, afirmando que o t\u00e9cnico tem apresentado muitas desculpas para as atua\u00e7\u00f5es aqu\u00e9m ao longo desta temporada.<\/p>\n\n\n\n<blockquote class=\"twitter-tweet\" data-media-max-width=\"560\"><p lang=\"pt\" dir=\"ltr\">&quot;Voc\u00eas viram os torcedores do Botafogo cantando &#39;somos campe\u00f5es, somos campe\u00f5es&#39;? Por acaso, nos dois anos em que fomos campe\u00f5es, nunca vi os nossos torcedores cantando isso. \u00c9 isso que vamos procurar fazer.&quot;<br><br>\ud83c\udf99\ufe0f Abel Ferreira.<br>\ud83c\udfa5 Reprodu\u00e7\u00e3o\/TV Palmeiras <a href=\"https:\/\/t.co\/hdymLZfp7i\">pic.twitter.com\/hdymLZfp7i<\/a><\/p>&mdash; Planeta do Futebol \ud83c\udf0e (@futebol_info) <a href=\"https:\/\/twitter.com\/futebol_info\/status\/1906485958184144950?ref_src=twsrc%5Etfw\">March 30, 2025<\/a><\/blockquote> <script async src=\"https:\/\/platform.twitter.com\/widgets.js\" charset=\"utf-8\"><\/script>\n\n\n\n<h2 class=\"wp-block-heading\" id=\"h-protestos-da-torcida-do-palmeiras\">Protestos da torcida do Palmeiras<\/h2>\n\n\n\n<p>Palmeirenses n\u00e3o reagiram bem ao terceiro jogo consecutivo sem gols do Alviverde e, consequentemente, sem vit\u00f3rias. Ap\u00f3s a derrota na final do Campeonato Paulista para o Corinthians e do empate em 0 a 0 com o Botafogo, pela estreia do Brasileir\u00e3o neste domingo (30), no Allianz Parque, a atua\u00e7\u00e3o abaixo do esperado resultou em vaias por parte da torcida presente no est\u00e1dio.<\/p>\n\n\n\n<p>O Palmeiras volta a campo na pr\u00f3xima quinta-feira (3), \u00e0s 19h (hor\u00e1rio de Bras\u00edlia), para enfrentar o Sporting Cristal em Lima, no Peru, pela primeira rodada da fase de grupos da Copa Libertadores da Am\u00e9rica.<\/p>\n","protected":false},"excerpt":{"rendered":"<p>O empate sem gols entre Palmeiras e Botafogo na estreia do Campeonato Brasileiro, no Allianz Parque, ainda est\u00e1 dando o que falar. Al\u00e9m do descontentamento que tem causado em palmeirenses, a postura do t\u00e9cnico Abel Ferreira tamb\u00e9m incomodou o jornalista Andr\u00e9 Rizek na tarde desta segunda-feira (31). Isso porque o portugu\u00eas &#8216;cutucou&#8217; a torcida Alviverde [&hellip;]<\/p>\n","protected":false},"author":30,"featured_media":157842,"comment_status":"open","ping_status":"closed","sticky":false,"template":"","format":"standard","meta":{"footnotes":""},"categories":[150],"tags":[],"class_list":["post-247093","post","type-post","status-publish","format-standard","has-post-thumbnail","hentry","category-palmeiras"],"yoast_head":"<!-- This site is optimized with the Yoast SEO Premium plugin v24.2 (Yoast SEO v26.9) - https:\/\/yoast.com\/product\/yoast-seo-premium-wordpress\/ -->\n<title>Andr\u00e9 Rizek manda recado para Abel Ferreira, do Palmeiras<\/title>\n<meta name=\"robots\" content=\"index, follow, max-snippet:-1, max-image-preview:large, max-video-preview:-1\" \/>\n<link rel=\"canonical\" href=\"https:\/\/www.gaveanews.com\/index.php\/2025\/03\/31\/andre-rizek-manda-recado-para-abel-ferreira-do-palmeiras\/\" \/>\n<meta property=\"og:locale\" content=\"pt_BR\" \/>\n<meta property=\"og:type\" content=\"article\" \/>\n<meta property=\"og:title\" content=\"Andr\u00e9 Rizek manda recado para Abel Ferreira, do Palmeiras\" \/>\n<meta property=\"og:description\" content=\"O empate sem gols entre Palmeiras e Botafogo na estreia do Campeonato Brasileiro, no Allianz Parque, ainda est\u00e1 dando o que falar. Al\u00e9m do descontentamento que tem causado em palmeirenses, a postura do t\u00e9cnico Abel Ferreira tamb\u00e9m incomodou o jornalista Andr\u00e9 Rizek na tarde desta segunda-feira (31). Isso porque o portugu\u00eas &#8216;cutucou&#8217; a torcida Alviverde [&hellip;]\" \/>\n<meta property=\"og:url\" content=\"https:\/\/www.gaveanews.com\/index.php\/2025\/03\/31\/andre-rizek-manda-recado-para-abel-ferreira-do-palmeiras\/\" \/>\n<meta property=\"og:site_name\" content=\"G\u00e1vea News\" \/>\n<meta property=\"article:publisher\" content=\"https:\/\/facebook.com\/gaveaNews\/\" \/>\n<meta property=\"article:published_time\" content=\"2025-03-31T20:55:00+00:00\" \/>\n<meta property=\"og:image\" content=\"https:\/\/www.gaveanews.com\/wp-content\/uploads\/Abel-Ferreira-fazendo-anotacoes-apos-um-treino-do-Palmeiras.webp\" \/>\n\t<meta property=\"og:image:width\" content=\"1500\" \/>\n\t<meta property=\"og:image:height\" content=\"1500\" \/>\n\t<meta property=\"og:image:type\" content=\"image\/jpeg\" \/>\n<meta name=\"author\" content=\"Ana Teixeira\" \/>\n<meta name=\"twitter:card\" content=\"summary_large_image\" \/>\n<meta name=\"twitter:label1\" content=\"Escrito por\" \/>\n\t<meta name=\"twitter:data1\" content=\"Ana Teixeira\" \/>\n\t<meta name=\"twitter:label2\" content=\"Est. tempo de leitura\" \/>\n\t<meta name=\"twitter:data2\" content=\"3 minutos\" \/>\n<script type=\"application\/ld+json\" class=\"yoast-schema-graph\">{\"@context\":\"https:\/\/schema.org\",\"@graph\":[{\"@type\":\"NewsArticle\",\"@id\":\"https:\/\/www.gaveanews.com\/index.php\/2025\/03\/31\/andre-rizek-manda-recado-para-abel-ferreira-do-palmeiras\/#article\",\"isPartOf\":{\"@id\":\"https:\/\/www.gaveanews.com\/index.php\/2025\/03\/31\/andre-rizek-manda-recado-para-abel-ferreira-do-palmeiras\/\"},\"author\":{\"name\":\"Ana Teixeira\",\"@id\":\"https:\/\/www.gaveanews.com\/#\/schema\/person\/3b19f7288b0ce20372991275e4f2e6c2\"},\"headline\":\"Andr\u00e9 Rizek manda recado para Abel Ferreira, do Palmeiras\",\"datePublished\":\"2025-03-31T20:55:00+00:00\",\"mainEntityOfPage\":{\"@id\":\"https:\/\/www.gaveanews.com\/index.php\/2025\/03\/31\/andre-rizek-manda-recado-para-abel-ferreira-do-palmeiras\/\"},\"wordCount\":567,\"commentCount\":0,\"image\":{\"@id\":\"https:\/\/www.gaveanews.com\/index.php\/2025\/03\/31\/andre-rizek-manda-recado-para-abel-ferreira-do-palmeiras\/#primaryimage\"},\"thumbnailUrl\":\"https:\/\/www.gaveanews.com\/wp-content\/uploads\/Abel-Ferreira-fazendo-anotacoes-apos-um-treino-do-Palmeiras.webp\",\"articleSection\":[\"Palmeiras\"],\"inLanguage\":\"pt-BR\",\"potentialAction\":[{\"@type\":\"CommentAction\",\"name\":\"Comment\",\"target\":[\"https:\/\/www.gaveanews.com\/index.php\/2025\/03\/31\/andre-rizek-manda-recado-para-abel-ferreira-do-palmeiras\/#respond\"]}],\"copyrightYear\":\"2025\",\"copyrightHolder\":{\"@id\":\"https:\/\/www.gaveanews.com\/#organization\"}},{\"@type\":\"WebPage\",\"@id\":\"https:\/\/www.gaveanews.com\/index.php\/2025\/03\/31\/andre-rizek-manda-recado-para-abel-ferreira-do-palmeiras\/\",\"url\":\"https:\/\/www.gaveanews.com\/index.php\/2025\/03\/31\/andre-rizek-manda-recado-para-abel-ferreira-do-palmeiras\/\",\"name\":\"Andr\u00e9 Rizek manda recado para Abel Ferreira, do Palmeiras\",\"isPartOf\":{\"@id\":\"https:\/\/www.gaveanews.com\/#website\"},\"primaryImageOfPage\":{\"@id\":\"https:\/\/www.gaveanews.com\/index.php\/2025\/03\/31\/andre-rizek-manda-recado-para-abel-ferreira-do-palmeiras\/#primaryimage\"},\"image\":{\"@id\":\"https:\/\/www.gaveanews.com\/index.php\/2025\/03\/31\/andre-rizek-manda-recado-para-abel-ferreira-do-palmeiras\/#primaryimage\"},\"thumbnailUrl\":\"https:\/\/www.gaveanews.com\/wp-content\/uploads\/Abel-Ferreira-fazendo-anotacoes-apos-um-treino-do-Palmeiras.webp\",\"datePublished\":\"2025-03-31T20:55:00+00:00\",\"author\":{\"@id\":\"https:\/\/www.gaveanews.com\/#\/schema\/person\/3b19f7288b0ce20372991275e4f2e6c2\"},\"breadcrumb\":{\"@id\":\"https:\/\/www.gaveanews.com\/index.php\/2025\/03\/31\/andre-rizek-manda-recado-para-abel-ferreira-do-palmeiras\/#breadcrumb\"},\"inLanguage\":\"pt-BR\",\"potentialAction\":[{\"@type\":\"ReadAction\",\"target\":[\"https:\/\/www.gaveanews.com\/index.php\/2025\/03\/31\/andre-rizek-manda-recado-para-abel-ferreira-do-palmeiras\/\"]}]},{\"@type\":\"ImageObject\",\"inLanguage\":\"pt-BR\",\"@id\":\"https:\/\/www.gaveanews.com\/index.php\/2025\/03\/31\/andre-rizek-manda-recado-para-abel-ferreira-do-palmeiras\/#primaryimage\",\"url\":\"https:\/\/www.gaveanews.com\/wp-content\/uploads\/Abel-Ferreira-fazendo-anotacoes-apos-um-treino-do-Palmeiras.webp\",\"contentUrl\":\"https:\/\/www.gaveanews.com\/wp-content\/uploads\/Abel-Ferreira-fazendo-anotacoes-apos-um-treino-do-Palmeiras.webp\",\"width\":1500,\"height\":1500,\"caption\":\"Abel Ferreira fazendo anota\u00e7\u00f5es ap\u00f3s um treino do Palmeiras (Foto: Cesar Greco\/Palmeiras)\"},{\"@type\":\"BreadcrumbList\",\"@id\":\"https:\/\/www.gaveanews.com\/index.php\/2025\/03\/31\/andre-rizek-manda-recado-para-abel-ferreira-do-palmeiras\/#breadcrumb\",\"itemListElement\":[{\"@type\":\"ListItem\",\"position\":1,\"name\":\"Home\",\"item\":\"https:\/\/www.gaveanews.com\/\"},{\"@type\":\"ListItem\",\"position\":2,\"name\":\"Andr\u00e9 Rizek manda recado para Abel Ferreira, do Palmeiras\"}]},{\"@type\":\"WebSite\",\"@id\":\"https:\/\/www.gaveanews.com\/#website\",\"url\":\"https:\/\/www.gaveanews.com\/\",\"name\":\"G\u00e1vea News\",\"description\":\"Veja todas as not\u00edcias sobre o Flamengo: Contrata\u00e7\u00f5es, categorias de base, resultados das partidas, tabela de classifica\u00e7\u00e3o, pr\u00f3ximos jogos!\",\"potentialAction\":[{\"@type\":\"SearchAction\",\"target\":{\"@type\":\"EntryPoint\",\"urlTemplate\":\"https:\/\/www.gaveanews.com\/?s={search_term_string}\"},\"query-input\":{\"@type\":\"PropertyValueSpecification\",\"valueRequired\":true,\"valueName\":\"search_term_string\"}}],\"inLanguage\":\"pt-BR\"},{\"@type\":\"Person\",\"@id\":\"https:\/\/www.gaveanews.com\/#\/schema\/person\/3b19f7288b0ce20372991275e4f2e6c2\",\"name\":\"Ana Teixeira\",\"image\":{\"@type\":\"ImageObject\",\"inLanguage\":\"pt-BR\",\"@id\":\"https:\/\/www.gaveanews.com\/#\/schema\/person\/image\/\",\"url\":\"https:\/\/secure.gravatar.com\/avatar\/0a73f5a5258f3fed37fc2fa641892f3f7a4748456d4d4792f9bc550e6c19e06c?s=96&d=mm&r=g\",\"contentUrl\":\"https:\/\/secure.gravatar.com\/avatar\/0a73f5a5258f3fed37fc2fa641892f3f7a4748456d4d4792f9bc550e6c19e06c?s=96&d=mm&r=g\",\"caption\":\"Ana Teixeira\"}}]}<\/script>\n<!-- \/ Yoast SEO Premium plugin. -->","yoast_head_json":{"title":"Andr\u00e9 Rizek manda recado para Abel Ferreira, do Palmeiras","robots":{"index":"index","follow":"follow","max-snippet":"max-snippet:-1","max-image-preview":"max-image-preview:large","max-video-preview":"max-video-preview:-1"},"canonical":"https:\/\/www.gaveanews.com\/index.php\/2025\/03\/31\/andre-rizek-manda-recado-para-abel-ferreira-do-palmeiras\/","og_locale":"pt_BR","og_type":"article","og_title":"Andr\u00e9 Rizek manda recado para Abel Ferreira, do Palmeiras","og_description":"O empate sem gols entre Palmeiras e Botafogo na estreia do Campeonato Brasileiro, no Allianz Parque, ainda est\u00e1 dando o que falar. Al\u00e9m do descontentamento que tem causado em palmeirenses, a postura do t\u00e9cnico Abel Ferreira tamb\u00e9m incomodou o jornalista Andr\u00e9 Rizek na tarde desta segunda-feira (31). Isso porque o portugu\u00eas &#8216;cutucou&#8217; a torcida Alviverde [&hellip;]","og_url":"https:\/\/www.gaveanews.com\/index.php\/2025\/03\/31\/andre-rizek-manda-recado-para-abel-ferreira-do-palmeiras\/","og_site_name":"G\u00e1vea News","article_publisher":"https:\/\/facebook.com\/gaveaNews\/","article_published_time":"2025-03-31T20:55:00+00:00","og_image":[{"width":1500,"height":1500,"url":"https:\/\/www.gaveanews.com\/wp-content\/uploads\/Abel-Ferreira-fazendo-anotacoes-apos-um-treino-do-Palmeiras.webp","type":"image\/jpeg"}],"author":"Ana Teixeira","twitter_card":"summary_large_image","twitter_misc":{"Escrito por":"Ana Teixeira","Est. tempo de leitura":"3 minutos"},"schema":{"@context":"https:\/\/schema.org","@graph":[{"@type":"NewsArticle","@id":"https:\/\/www.gaveanews.com\/index.php\/2025\/03\/31\/andre-rizek-manda-recado-para-abel-ferreira-do-palmeiras\/#article","isPartOf":{"@id":"https:\/\/www.gaveanews.com\/index.php\/2025\/03\/31\/andre-rizek-manda-recado-para-abel-ferreira-do-palmeiras\/"},"author":{"name":"Ana Teixeira","@id":"https:\/\/www.gaveanews.com\/#\/schema\/person\/3b19f7288b0ce20372991275e4f2e6c2"},"headline":"Andr\u00e9 Rizek manda recado para Abel Ferreira, do Palmeiras","datePublished":"2025-03-31T20:55:00+00:00","mainEntityOfPage":{"@id":"https:\/\/www.gaveanews.com\/index.php\/2025\/03\/31\/andre-rizek-manda-recado-para-abel-ferreira-do-palmeiras\/"},"wordCount":567,"commentCount":0,"image":{"@id":"https:\/\/www.gaveanews.com\/index.php\/2025\/03\/31\/andre-rizek-manda-recado-para-abel-ferreira-do-palmeiras\/#primaryimage"},"thumbnailUrl":"https:\/\/www.gaveanews.com\/wp-content\/uploads\/Abel-Ferreira-fazendo-anotacoes-apos-um-treino-do-Palmeiras.webp","articleSection":["Palmeiras"],"inLanguage":"pt-BR","potentialAction":[{"@type":"CommentAction","name":"Comment","target":["https:\/\/www.gaveanews.com\/index.php\/2025\/03\/31\/andre-rizek-manda-recado-para-abel-ferreira-do-palmeiras\/#respond"]}],"copyrightYear":"2025","copyrightHolder":{"@id":"https:\/\/www.gaveanews.com\/#organization"}},{"@type":"WebPage","@id":"https:\/\/www.gaveanews.com\/index.php\/2025\/03\/31\/andre-rizek-manda-recado-para-abel-ferreira-do-palmeiras\/","url":"https:\/\/www.gaveanews.com\/index.php\/2025\/03\/31\/andre-rizek-manda-recado-para-abel-ferreira-do-palmeiras\/","name":"Andr\u00e9 Rizek manda recado para Abel Ferreira, do Palmeiras","isPartOf":{"@id":"https:\/\/www.gaveanews.com\/#website"},"primaryImageOfPage":{"@id":"https:\/\/www.gaveanews.com\/index.php\/2025\/03\/31\/andre-rizek-manda-recado-para-abel-ferreira-do-palmeiras\/#primaryimage"},"image":{"@id":"https:\/\/www.gaveanews.com\/index.php\/2025\/03\/31\/andre-rizek-manda-recado-para-abel-ferreira-do-palmeiras\/#primaryimage"},"thumbnailUrl":"https:\/\/www.gaveanews.com\/wp-content\/uploads\/Abel-Ferreira-fazendo-anotacoes-apos-um-treino-do-Palmeiras.webp","datePublished":"2025-03-31T20:55:00+00:00","author":{"@id":"https:\/\/www.gaveanews.com\/#\/schema\/person\/3b19f7288b0ce20372991275e4f2e6c2"},"breadcrumb":{"@id":"https:\/\/www.gaveanews.com\/index.php\/2025\/03\/31\/andre-rizek-manda-recado-para-abel-ferreira-do-palmeiras\/#breadcrumb"},"inLanguage":"pt-BR","potentialAction":[{"@type":"ReadAction","target":["https:\/\/www.gaveanews.com\/index.php\/2025\/03\/31\/andre-rizek-manda-recado-para-abel-ferreira-do-palmeiras\/"]}]},{"@type":"ImageObject","inLanguage":"pt-BR","@id":"https:\/\/www.gaveanews.com\/index.php\/2025\/03\/31\/andre-rizek-manda-recado-para-abel-ferreira-do-palmeiras\/#primaryimage","url":"https:\/\/www.gaveanews.com\/wp-content\/uploads\/Abel-Ferreira-fazendo-anotacoes-apos-um-treino-do-Palmeiras.webp","contentUrl":"https:\/\/www.gaveanews.com\/wp-content\/uploads\/Abel-Ferreira-fazendo-anotacoes-apos-um-treino-do-Palmeiras.webp","width":1500,"height":1500,"caption":"Abel Ferreira fazendo anota\u00e7\u00f5es ap\u00f3s um treino do Palmeiras (Foto: Cesar Greco\/Palmeiras)"},{"@type":"BreadcrumbList","@id":"https:\/\/www.gaveanews.com\/index.php\/2025\/03\/31\/andre-rizek-manda-recado-para-abel-ferreira-do-palmeiras\/#breadcrumb","itemListElement":[{"@type":"ListItem","position":1,"name":"Home","item":"https:\/\/www.gaveanews.com\/"},{"@type":"ListItem","position":2,"name":"Andr\u00e9 Rizek manda recado para Abel Ferreira, do Palmeiras"}]},{"@type":"WebSite","@id":"https:\/\/www.gaveanews.com\/#website","url":"https:\/\/www.gaveanews.com\/","name":"G\u00e1vea News","description":"Veja todas as not\u00edcias sobre o Flamengo: Contrata\u00e7\u00f5es, categorias de base, resultados das partidas, tabela de classifica\u00e7\u00e3o, pr\u00f3ximos jogos!","potentialAction":[{"@type":"SearchAction","target":{"@type":"EntryPoint","urlTemplate":"https:\/\/www.gaveanews.com\/?s={search_term_string}"},"query-input":{"@type":"PropertyValueSpecification","valueRequired":true,"valueName":"search_term_string"}}],"inLanguage":"pt-BR"},{"@type":"Person","@id":"https:\/\/www.gaveanews.com\/#\/schema\/person\/3b19f7288b0ce20372991275e4f2e6c2","name":"Ana Teixeira","image":{"@type":"ImageObject","inLanguage":"pt-BR","@id":"https:\/\/www.gaveanews.com\/#\/schema\/person\/image\/","url":"https:\/\/secure.gravatar.com\/avatar\/0a73f5a5258f3fed37fc2fa641892f3f7a4748456d4d4792f9bc550e6c19e06c?s=96&d=mm&r=g","contentUrl":"https:\/\/secure.gravatar.com\/avatar\/0a73f5a5258f3fed37fc2fa641892f3f7a4748456d4d4792f9bc550e6c19e06c?s=96&d=mm&r=g","caption":"Ana Teixeira"}}]}},"_links":{"self":[{"href":"https:\/\/www.gaveanews.com\/index.php\/wp-json\/wp\/v2\/posts\/247093","targetHints":{"allow":["GET"]}}],"collection":[{"href":"https:\/\/www.gaveanews.com\/index.php\/wp-json\/wp\/v2\/posts"}],"about":[{"href":"https:\/\/www.gaveanews.com\/index.php\/wp-json\/wp\/v2\/types\/post"}],"author":[{"embeddable":true,"href":"https:\/\/www.gaveanews.com\/index.php\/wp-json\/wp\/v2\/users\/30"}],"replies":[{"embeddable":true,"href":"https:\/\/www.gaveanews.com\/index.php\/wp-json\/wp\/v2\/comments?post=247093"}],"version-history":[{"count":1,"href":"https:\/\/www.gaveanews.com\/index.php\/wp-json\/wp\/v2\/posts\/247093\/revisions"}],"predecessor-version":[{"id":247100,"href":"https:\/\/www.gaveanews.com\/index.php\/wp-json\/wp\/v2\/posts\/247093\/revisions\/247100"}],"wp:featuredmedia":[{"embeddable":true,"href":"https:\/\/www.gaveanews.com\/index.php\/wp-json\/wp\/v2\/media\/157842"}],"wp:attachment":[{"href":"https:\/\/www.gaveanews.com\/index.php\/wp-json\/wp\/v2\/media?parent=247093"}],"wp:term":[{"taxonomy":"category","embeddable":true,"href":"https:\/\/www.gaveanews.com\/index.php\/wp-json\/wp\/v2\/categories?post=247093"},{"taxonomy":"post_tag","embeddable":true,"href":"https:\/\/www.gaveanews.com\/index.php\/wp-json\/wp\/v2\/tags?post=247093"}],"curies":[{"name":"wp","href":"https:\/\/api.w.org\/{rel}","templated":true}]}}