{"id":247098,"date":"2025-03-31T18:05:00","date_gmt":"2025-03-31T21:05:00","guid":{"rendered":"https:\/\/www.gaveanews.com\/?p=247098"},"modified":"2025-03-31T15:53:52","modified_gmt":"2025-03-31T18:53:52","slug":"union-x-cruzeiro-leonardo-jardim-tem-dois-desfalques-confirmados-para-estreia-na-sul-americana","status":"publish","type":"post","link":"https:\/\/www.gaveanews.com\/index.php\/2025\/03\/31\/union-x-cruzeiro-leonardo-jardim-tem-dois-desfalques-confirmados-para-estreia-na-sul-americana\/","title":{"rendered":"Uni\u00f3n x Cruzeiro: Leonardo Jardim tem dois desfalques confirmados para estreia na Sul-americana"},"content":{"rendered":"\n<p>O Cruzeiro ter\u00e1 dois desfalques importantes na estreia pela Conmebol Sul-Americana. O meia Matheus Pereira e o zagueiro Jonathan Jesus n\u00e3o seguiram com a delega\u00e7\u00e3o para a Argentina, onde o time enfrenta o Uni\u00f3n Santa F\u00e9 nesta ter\u00e7a-feira (01 de abril), \u00e0s 19h (hor\u00e1rio de Bras\u00edlia), no Est\u00e1dio 15 de Abril, em Santa F\u00e9. A aus\u00eancia da dupla altera o planejamento da equipe comandada por Leonardo Jardim para o in\u00edcio da competi\u00e7\u00e3o continental.<\/p>\n\n\n\n<p>Matheus Pereira n\u00e3o viajou com o grupo por raz\u00f5es pessoais. O jogador optou por permanecer em Belo Horizonte para acompanhar a reta final da gravidez de sua esposa. Segundo informa\u00e7\u00f5es divulgadas pelo clube e confirmadas posteriormente, h\u00e1 possibilidade de o parto ocorrer a qualquer momento, o que justificou a decis\u00e3o. Essa situa\u00e7\u00e3o, ali\u00e1s, j\u00e1 havia motivado a aus\u00eancia do atleta em compromissos anteriores, como o amistoso diante do Botafogo.<\/p>\n\n\n\n<figure class=\"wp-block-image size-large\"><img loading=\"lazy\" decoding=\"async\" width=\"819\" height=\"1024\" src=\"http:\/\/www.gaveanews.com\/wp-content\/uploads\/Matheus-Pereira-em-acao-pelo-Cruzeiro-819x1024.webp\" alt=\"\" class=\"wp-image-158265\" srcset=\"https:\/\/www.gaveanews.com\/wp-content\/uploads\/Matheus-Pereira-em-acao-pelo-Cruzeiro-819x1024.webp 819w, https:\/\/www.gaveanews.com\/wp-content\/uploads\/Matheus-Pereira-em-acao-pelo-Cruzeiro-240x300.webp 240w, https:\/\/www.gaveanews.com\/wp-content\/uploads\/Matheus-Pereira-em-acao-pelo-Cruzeiro-768x960.webp 768w, https:\/\/www.gaveanews.com\/wp-content\/uploads\/Matheus-Pereira-em-acao-pelo-Cruzeiro-336x420.webp 336w, https:\/\/www.gaveanews.com\/wp-content\/uploads\/Matheus-Pereira-em-acao-pelo-Cruzeiro-672x840.webp 672w, https:\/\/www.gaveanews.com\/wp-content\/uploads\/Matheus-Pereira-em-acao-pelo-Cruzeiro-640x800.webp 640w, https:\/\/www.gaveanews.com\/wp-content\/uploads\/Matheus-Pereira-em-acao-pelo-Cruzeiro-681x851.webp 681w, https:\/\/www.gaveanews.com\/wp-content\/uploads\/Matheus-Pereira-em-acao-pelo-Cruzeiro-100x125.webp 100w, https:\/\/www.gaveanews.com\/wp-content\/uploads\/Matheus-Pereira-em-acao-pelo-Cruzeiro.webp 1080w\" sizes=\"auto, (max-width: 819px) 100vw, 819px\" \/><figcaption class=\"wp-element-caption\">Matheus Pereira em a\u00e7\u00e3o pelo Cruzeiro (Foto: Reprodu\u00e7\u00e3o\/Instagram)<\/figcaption><\/figure>\n\n\n\n<p>Ap\u00f3s a vit\u00f3ria do Cruzeiro sobre o Mirassol pelo Campeonato Brasileiro, Leonardo Jardim comentou sobre a situa\u00e7\u00e3o do meia. \u201cMatheus \u00e9 um grande jogador. A gente acredita que ele vai nos ajudar bastante. Ele passa por um per\u00edodo que \u00e9 dif\u00edcil em termos pessoais. [&#8230;] \u00e9 o nascimento do filho e ele anda preocupado\u201d, explicou o treinador. \u201c\u00c9 o primeiro filho, eu penso que todos os pais ficam preocupados quando \u00e9 esta situa\u00e7\u00e3o\u201d, completou.<\/p>\n\n\n\n<p>Enquanto isso, Jonathan Jesus tamb\u00e9m n\u00e3o estar\u00e1 dispon\u00edvel para a estreia na competi\u00e7\u00e3o sul-americana. O defensor foi reavaliado na Toca da Raposa neste domingo (30 de mar\u00e7o), ap\u00f3s apresentar um quadro de virose ainda no s\u00e1bado pela manh\u00e3. Ele j\u00e1 havia sido desfalque contra o Mirassol e, conforme as avalia\u00e7\u00f5es m\u00e9dicas, segue em recupera\u00e7\u00e3o.<\/p>\n\n\n\n<p>A delega\u00e7\u00e3o cruzeirense embarcou rumo \u00e0 Argentina na tarde de domingo, sem os dois atletas. A expectativa \u00e9 de que o t\u00e9cnico Leonardo Jardim promova altera\u00e7\u00f5es na equipe titular para compensar as aus\u00eancias. O treinador, inclusive, vem utilizando diferentes forma\u00e7\u00f5es durante os compromissos iniciais da temporada.<\/p>\n\n\n\n<p>A estreia celeste na Sul-Americana marca o in\u00edcio de mais um desafio internacional em 2025. O clube busca uma campanha s\u00f3lida no torneio, mesmo com os obst\u00e1culos enfrentados logo na primeira rodada. A equipe mineira entra em campo diante do Uni\u00f3n Santa F\u00e9, tentando manter o embalo ap\u00f3s o triunfo recente no Campeonato Brasileiro.<\/p>\n","protected":false},"excerpt":{"rendered":"<p>O Cruzeiro ter\u00e1 dois desfalques importantes na estreia pela Conmebol Sul-Americana. O meia Matheus Pereira e o zagueiro Jonathan Jesus n\u00e3o seguiram com a delega\u00e7\u00e3o para a Argentina, onde o time enfrenta o Uni\u00f3n Santa F\u00e9 nesta ter\u00e7a-feira (01 de abril), \u00e0s 19h (hor\u00e1rio de Bras\u00edlia), no Est\u00e1dio 15 de Abril, em Santa F\u00e9. A [&hellip;]<\/p>\n","protected":false},"author":27,"featured_media":225548,"comment_status":"open","ping_status":"closed","sticky":false,"template":"","format":"standard","meta":{"footnotes":""},"categories":[143],"tags":[],"class_list":["post-247098","post","type-post","status-publish","format-standard","has-post-thumbnail","hentry","category-cruzeiro"],"yoast_head":"<!-- This site is optimized with the Yoast SEO Premium plugin v24.2 (Yoast SEO v26.9) - https:\/\/yoast.com\/product\/yoast-seo-premium-wordpress\/ -->\n<title>Uni\u00f3n x Cruzeiro: Leonardo Jardim tem dois desfalques confirmados para estreia na Sul-americana<\/title>\n<meta name=\"robots\" content=\"index, follow, max-snippet:-1, max-image-preview:large, max-video-preview:-1\" \/>\n<link rel=\"canonical\" href=\"https:\/\/www.gaveanews.com\/index.php\/2025\/03\/31\/union-x-cruzeiro-leonardo-jardim-tem-dois-desfalques-confirmados-para-estreia-na-sul-americana\/\" \/>\n<meta property=\"og:locale\" content=\"pt_BR\" \/>\n<meta property=\"og:type\" content=\"article\" \/>\n<meta property=\"og:title\" content=\"Uni\u00f3n x Cruzeiro: Leonardo Jardim tem dois desfalques confirmados para estreia na Sul-americana\" \/>\n<meta property=\"og:description\" content=\"O Cruzeiro ter\u00e1 dois desfalques importantes na estreia pela Conmebol Sul-Americana. O meia Matheus Pereira e o zagueiro Jonathan Jesus n\u00e3o seguiram com a delega\u00e7\u00e3o para a Argentina, onde o time enfrenta o Uni\u00f3n Santa F\u00e9 nesta ter\u00e7a-feira (01 de abril), \u00e0s 19h (hor\u00e1rio de Bras\u00edlia), no Est\u00e1dio 15 de Abril, em Santa F\u00e9. A [&hellip;]\" \/>\n<meta property=\"og:url\" content=\"https:\/\/www.gaveanews.com\/index.php\/2025\/03\/31\/union-x-cruzeiro-leonardo-jardim-tem-dois-desfalques-confirmados-para-estreia-na-sul-americana\/\" \/>\n<meta property=\"og:site_name\" content=\"G\u00e1vea News\" \/>\n<meta property=\"article:publisher\" content=\"https:\/\/facebook.com\/gaveaNews\/\" \/>\n<meta property=\"article:published_time\" content=\"2025-03-31T21:05:00+00:00\" \/>\n<meta property=\"og:image\" content=\"https:\/\/www.gaveanews.com\/wp-content\/uploads\/Leonardo-Jardim-durante-partida-do-Cruzeiro-em-2025.webp\" \/>\n\t<meta property=\"og:image:width\" content=\"799\" \/>\n\t<meta property=\"og:image:height\" content=\"533\" \/>\n\t<meta property=\"og:image:type\" content=\"image\/jpeg\" \/>\n<meta name=\"author\" content=\"Matheus Felipe\" \/>\n<meta name=\"twitter:card\" content=\"summary_large_image\" \/>\n<meta name=\"twitter:label1\" content=\"Escrito por\" \/>\n\t<meta name=\"twitter:data1\" content=\"Matheus Felipe\" \/>\n\t<meta name=\"twitter:label2\" content=\"Est. tempo de leitura\" \/>\n\t<meta name=\"twitter:data2\" content=\"3 minutos\" \/>\n<script type=\"application\/ld+json\" class=\"yoast-schema-graph\">{\"@context\":\"https:\/\/schema.org\",\"@graph\":[{\"@type\":\"NewsArticle\",\"@id\":\"https:\/\/www.gaveanews.com\/index.php\/2025\/03\/31\/union-x-cruzeiro-leonardo-jardim-tem-dois-desfalques-confirmados-para-estreia-na-sul-americana\/#article\",\"isPartOf\":{\"@id\":\"https:\/\/www.gaveanews.com\/index.php\/2025\/03\/31\/union-x-cruzeiro-leonardo-jardim-tem-dois-desfalques-confirmados-para-estreia-na-sul-americana\/\"},\"author\":{\"name\":\"Matheus Felipe\",\"@id\":\"https:\/\/www.gaveanews.com\/#\/schema\/person\/8207cd4627f56151707418bfc835b2fb\"},\"headline\":\"Uni\u00f3n x Cruzeiro: Leonardo Jardim tem dois desfalques confirmados para estreia na Sul-americana\",\"datePublished\":\"2025-03-31T21:05:00+00:00\",\"mainEntityOfPage\":{\"@id\":\"https:\/\/www.gaveanews.com\/index.php\/2025\/03\/31\/union-x-cruzeiro-leonardo-jardim-tem-dois-desfalques-confirmados-para-estreia-na-sul-americana\/\"},\"wordCount\":426,\"commentCount\":0,\"image\":{\"@id\":\"https:\/\/www.gaveanews.com\/index.php\/2025\/03\/31\/union-x-cruzeiro-leonardo-jardim-tem-dois-desfalques-confirmados-para-estreia-na-sul-americana\/#primaryimage\"},\"thumbnailUrl\":\"https:\/\/www.gaveanews.com\/wp-content\/uploads\/Leonardo-Jardim-durante-partida-do-Cruzeiro-em-2025.webp\",\"articleSection\":[\"Cruzeiro\"],\"inLanguage\":\"pt-BR\",\"potentialAction\":[{\"@type\":\"CommentAction\",\"name\":\"Comment\",\"target\":[\"https:\/\/www.gaveanews.com\/index.php\/2025\/03\/31\/union-x-cruzeiro-leonardo-jardim-tem-dois-desfalques-confirmados-para-estreia-na-sul-americana\/#respond\"]}],\"copyrightYear\":\"2025\",\"copyrightHolder\":{\"@id\":\"https:\/\/www.gaveanews.com\/#organization\"}},{\"@type\":\"WebPage\",\"@id\":\"https:\/\/www.gaveanews.com\/index.php\/2025\/03\/31\/union-x-cruzeiro-leonardo-jardim-tem-dois-desfalques-confirmados-para-estreia-na-sul-americana\/\",\"url\":\"https:\/\/www.gaveanews.com\/index.php\/2025\/03\/31\/union-x-cruzeiro-leonardo-jardim-tem-dois-desfalques-confirmados-para-estreia-na-sul-americana\/\",\"name\":\"Uni\u00f3n x Cruzeiro: Leonardo Jardim tem dois desfalques confirmados para estreia na Sul-americana\",\"isPartOf\":{\"@id\":\"https:\/\/www.gaveanews.com\/#website\"},\"primaryImageOfPage\":{\"@id\":\"https:\/\/www.gaveanews.com\/index.php\/2025\/03\/31\/union-x-cruzeiro-leonardo-jardim-tem-dois-desfalques-confirmados-para-estreia-na-sul-americana\/#primaryimage\"},\"image\":{\"@id\":\"https:\/\/www.gaveanews.com\/index.php\/2025\/03\/31\/union-x-cruzeiro-leonardo-jardim-tem-dois-desfalques-confirmados-para-estreia-na-sul-americana\/#primaryimage\"},\"thumbnailUrl\":\"https:\/\/www.gaveanews.com\/wp-content\/uploads\/Leonardo-Jardim-durante-partida-do-Cruzeiro-em-2025.webp\",\"datePublished\":\"2025-03-31T21:05:00+00:00\",\"author\":{\"@id\":\"https:\/\/www.gaveanews.com\/#\/schema\/person\/8207cd4627f56151707418bfc835b2fb\"},\"breadcrumb\":{\"@id\":\"https:\/\/www.gaveanews.com\/index.php\/2025\/03\/31\/union-x-cruzeiro-leonardo-jardim-tem-dois-desfalques-confirmados-para-estreia-na-sul-americana\/#breadcrumb\"},\"inLanguage\":\"pt-BR\",\"potentialAction\":[{\"@type\":\"ReadAction\",\"target\":[\"https:\/\/www.gaveanews.com\/index.php\/2025\/03\/31\/union-x-cruzeiro-leonardo-jardim-tem-dois-desfalques-confirmados-para-estreia-na-sul-americana\/\"]}]},{\"@type\":\"ImageObject\",\"inLanguage\":\"pt-BR\",\"@id\":\"https:\/\/www.gaveanews.com\/index.php\/2025\/03\/31\/union-x-cruzeiro-leonardo-jardim-tem-dois-desfalques-confirmados-para-estreia-na-sul-americana\/#primaryimage\",\"url\":\"https:\/\/www.gaveanews.com\/wp-content\/uploads\/Leonardo-Jardim-durante-partida-do-Cruzeiro-em-2025.webp\",\"contentUrl\":\"https:\/\/www.gaveanews.com\/wp-content\/uploads\/Leonardo-Jardim-durante-partida-do-Cruzeiro-em-2025.webp\",\"width\":799,\"height\":533,\"caption\":\"Leonardo Jardim durante partida do Cruzeiro em 2025 (Foto: Gustavo Aleixo\/Cruzeiro)\"},{\"@type\":\"BreadcrumbList\",\"@id\":\"https:\/\/www.gaveanews.com\/index.php\/2025\/03\/31\/union-x-cruzeiro-leonardo-jardim-tem-dois-desfalques-confirmados-para-estreia-na-sul-americana\/#breadcrumb\",\"itemListElement\":[{\"@type\":\"ListItem\",\"position\":1,\"name\":\"Home\",\"item\":\"https:\/\/www.gaveanews.com\/\"},{\"@type\":\"ListItem\",\"position\":2,\"name\":\"Uni\u00f3n x Cruzeiro: Leonardo Jardim tem dois desfalques confirmados para estreia na Sul-americana\"}]},{\"@type\":\"WebSite\",\"@id\":\"https:\/\/www.gaveanews.com\/#website\",\"url\":\"https:\/\/www.gaveanews.com\/\",\"name\":\"G\u00e1vea News\",\"description\":\"Veja todas as not\u00edcias sobre o Flamengo: Contrata\u00e7\u00f5es, categorias de base, resultados das partidas, tabela de classifica\u00e7\u00e3o, pr\u00f3ximos jogos!\",\"potentialAction\":[{\"@type\":\"SearchAction\",\"target\":{\"@type\":\"EntryPoint\",\"urlTemplate\":\"https:\/\/www.gaveanews.com\/?s={search_term_string}\"},\"query-input\":{\"@type\":\"PropertyValueSpecification\",\"valueRequired\":true,\"valueName\":\"search_term_string\"}}],\"inLanguage\":\"pt-BR\"},{\"@type\":\"Person\",\"@id\":\"https:\/\/www.gaveanews.com\/#\/schema\/person\/8207cd4627f56151707418bfc835b2fb\",\"name\":\"Matheus Felipe\",\"image\":{\"@type\":\"ImageObject\",\"inLanguage\":\"pt-BR\",\"@id\":\"https:\/\/www.gaveanews.com\/#\/schema\/person\/image\/\",\"url\":\"https:\/\/secure.gravatar.com\/avatar\/a452ffbed9130f726358b298bb3a99ce4bd3c5338411f8440e87e14d74c7c087?s=96&d=mm&r=g\",\"contentUrl\":\"https:\/\/secure.gravatar.com\/avatar\/a452ffbed9130f726358b298bb3a99ce4bd3c5338411f8440e87e14d74c7c087?s=96&d=mm&r=g\",\"caption\":\"Matheus Felipe\"}}]}<\/script>\n<!-- \/ Yoast SEO Premium plugin. -->","yoast_head_json":{"title":"Uni\u00f3n x Cruzeiro: Leonardo Jardim tem dois desfalques confirmados para estreia na Sul-americana","robots":{"index":"index","follow":"follow","max-snippet":"max-snippet:-1","max-image-preview":"max-image-preview:large","max-video-preview":"max-video-preview:-1"},"canonical":"https:\/\/www.gaveanews.com\/index.php\/2025\/03\/31\/union-x-cruzeiro-leonardo-jardim-tem-dois-desfalques-confirmados-para-estreia-na-sul-americana\/","og_locale":"pt_BR","og_type":"article","og_title":"Uni\u00f3n x Cruzeiro: Leonardo Jardim tem dois desfalques confirmados para estreia na Sul-americana","og_description":"O Cruzeiro ter\u00e1 dois desfalques importantes na estreia pela Conmebol Sul-Americana. O meia Matheus Pereira e o zagueiro Jonathan Jesus n\u00e3o seguiram com a delega\u00e7\u00e3o para a Argentina, onde o time enfrenta o Uni\u00f3n Santa F\u00e9 nesta ter\u00e7a-feira (01 de abril), \u00e0s 19h (hor\u00e1rio de Bras\u00edlia), no Est\u00e1dio 15 de Abril, em Santa F\u00e9. A [&hellip;]","og_url":"https:\/\/www.gaveanews.com\/index.php\/2025\/03\/31\/union-x-cruzeiro-leonardo-jardim-tem-dois-desfalques-confirmados-para-estreia-na-sul-americana\/","og_site_name":"G\u00e1vea News","article_publisher":"https:\/\/facebook.com\/gaveaNews\/","article_published_time":"2025-03-31T21:05:00+00:00","og_image":[{"width":799,"height":533,"url":"https:\/\/www.gaveanews.com\/wp-content\/uploads\/Leonardo-Jardim-durante-partida-do-Cruzeiro-em-2025.webp","type":"image\/jpeg"}],"author":"Matheus Felipe","twitter_card":"summary_large_image","twitter_misc":{"Escrito por":"Matheus Felipe","Est. tempo de leitura":"3 minutos"},"schema":{"@context":"https:\/\/schema.org","@graph":[{"@type":"NewsArticle","@id":"https:\/\/www.gaveanews.com\/index.php\/2025\/03\/31\/union-x-cruzeiro-leonardo-jardim-tem-dois-desfalques-confirmados-para-estreia-na-sul-americana\/#article","isPartOf":{"@id":"https:\/\/www.gaveanews.com\/index.php\/2025\/03\/31\/union-x-cruzeiro-leonardo-jardim-tem-dois-desfalques-confirmados-para-estreia-na-sul-americana\/"},"author":{"name":"Matheus Felipe","@id":"https:\/\/www.gaveanews.com\/#\/schema\/person\/8207cd4627f56151707418bfc835b2fb"},"headline":"Uni\u00f3n x Cruzeiro: Leonardo Jardim tem dois desfalques confirmados para estreia na Sul-americana","datePublished":"2025-03-31T21:05:00+00:00","mainEntityOfPage":{"@id":"https:\/\/www.gaveanews.com\/index.php\/2025\/03\/31\/union-x-cruzeiro-leonardo-jardim-tem-dois-desfalques-confirmados-para-estreia-na-sul-americana\/"},"wordCount":426,"commentCount":0,"image":{"@id":"https:\/\/www.gaveanews.com\/index.php\/2025\/03\/31\/union-x-cruzeiro-leonardo-jardim-tem-dois-desfalques-confirmados-para-estreia-na-sul-americana\/#primaryimage"},"thumbnailUrl":"https:\/\/www.gaveanews.com\/wp-content\/uploads\/Leonardo-Jardim-durante-partida-do-Cruzeiro-em-2025.webp","articleSection":["Cruzeiro"],"inLanguage":"pt-BR","potentialAction":[{"@type":"CommentAction","name":"Comment","target":["https:\/\/www.gaveanews.com\/index.php\/2025\/03\/31\/union-x-cruzeiro-leonardo-jardim-tem-dois-desfalques-confirmados-para-estreia-na-sul-americana\/#respond"]}],"copyrightYear":"2025","copyrightHolder":{"@id":"https:\/\/www.gaveanews.com\/#organization"}},{"@type":"WebPage","@id":"https:\/\/www.gaveanews.com\/index.php\/2025\/03\/31\/union-x-cruzeiro-leonardo-jardim-tem-dois-desfalques-confirmados-para-estreia-na-sul-americana\/","url":"https:\/\/www.gaveanews.com\/index.php\/2025\/03\/31\/union-x-cruzeiro-leonardo-jardim-tem-dois-desfalques-confirmados-para-estreia-na-sul-americana\/","name":"Uni\u00f3n x Cruzeiro: Leonardo Jardim tem dois desfalques confirmados para estreia na Sul-americana","isPartOf":{"@id":"https:\/\/www.gaveanews.com\/#website"},"primaryImageOfPage":{"@id":"https:\/\/www.gaveanews.com\/index.php\/2025\/03\/31\/union-x-cruzeiro-leonardo-jardim-tem-dois-desfalques-confirmados-para-estreia-na-sul-americana\/#primaryimage"},"image":{"@id":"https:\/\/www.gaveanews.com\/index.php\/2025\/03\/31\/union-x-cruzeiro-leonardo-jardim-tem-dois-desfalques-confirmados-para-estreia-na-sul-americana\/#primaryimage"},"thumbnailUrl":"https:\/\/www.gaveanews.com\/wp-content\/uploads\/Leonardo-Jardim-durante-partida-do-Cruzeiro-em-2025.webp","datePublished":"2025-03-31T21:05:00+00:00","author":{"@id":"https:\/\/www.gaveanews.com\/#\/schema\/person\/8207cd4627f56151707418bfc835b2fb"},"breadcrumb":{"@id":"https:\/\/www.gaveanews.com\/index.php\/2025\/03\/31\/union-x-cruzeiro-leonardo-jardim-tem-dois-desfalques-confirmados-para-estreia-na-sul-americana\/#breadcrumb"},"inLanguage":"pt-BR","potentialAction":[{"@type":"ReadAction","target":["https:\/\/www.gaveanews.com\/index.php\/2025\/03\/31\/union-x-cruzeiro-leonardo-jardim-tem-dois-desfalques-confirmados-para-estreia-na-sul-americana\/"]}]},{"@type":"ImageObject","inLanguage":"pt-BR","@id":"https:\/\/www.gaveanews.com\/index.php\/2025\/03\/31\/union-x-cruzeiro-leonardo-jardim-tem-dois-desfalques-confirmados-para-estreia-na-sul-americana\/#primaryimage","url":"https:\/\/www.gaveanews.com\/wp-content\/uploads\/Leonardo-Jardim-durante-partida-do-Cruzeiro-em-2025.webp","contentUrl":"https:\/\/www.gaveanews.com\/wp-content\/uploads\/Leonardo-Jardim-durante-partida-do-Cruzeiro-em-2025.webp","width":799,"height":533,"caption":"Leonardo Jardim durante partida do Cruzeiro em 2025 (Foto: Gustavo Aleixo\/Cruzeiro)"},{"@type":"BreadcrumbList","@id":"https:\/\/www.gaveanews.com\/index.php\/2025\/03\/31\/union-x-cruzeiro-leonardo-jardim-tem-dois-desfalques-confirmados-para-estreia-na-sul-americana\/#breadcrumb","itemListElement":[{"@type":"ListItem","position":1,"name":"Home","item":"https:\/\/www.gaveanews.com\/"},{"@type":"ListItem","position":2,"name":"Uni\u00f3n x Cruzeiro: Leonardo Jardim tem dois desfalques confirmados para estreia na Sul-americana"}]},{"@type":"WebSite","@id":"https:\/\/www.gaveanews.com\/#website","url":"https:\/\/www.gaveanews.com\/","name":"G\u00e1vea News","description":"Veja todas as not\u00edcias sobre o Flamengo: Contrata\u00e7\u00f5es, categorias de base, resultados das partidas, tabela de classifica\u00e7\u00e3o, pr\u00f3ximos jogos!","potentialAction":[{"@type":"SearchAction","target":{"@type":"EntryPoint","urlTemplate":"https:\/\/www.gaveanews.com\/?s={search_term_string}"},"query-input":{"@type":"PropertyValueSpecification","valueRequired":true,"valueName":"search_term_string"}}],"inLanguage":"pt-BR"},{"@type":"Person","@id":"https:\/\/www.gaveanews.com\/#\/schema\/person\/8207cd4627f56151707418bfc835b2fb","name":"Matheus Felipe","image":{"@type":"ImageObject","inLanguage":"pt-BR","@id":"https:\/\/www.gaveanews.com\/#\/schema\/person\/image\/","url":"https:\/\/secure.gravatar.com\/avatar\/a452ffbed9130f726358b298bb3a99ce4bd3c5338411f8440e87e14d74c7c087?s=96&d=mm&r=g","contentUrl":"https:\/\/secure.gravatar.com\/avatar\/a452ffbed9130f726358b298bb3a99ce4bd3c5338411f8440e87e14d74c7c087?s=96&d=mm&r=g","caption":"Matheus Felipe"}}]}},"_links":{"self":[{"href":"https:\/\/www.gaveanews.com\/index.php\/wp-json\/wp\/v2\/posts\/247098","targetHints":{"allow":["GET"]}}],"collection":[{"href":"https:\/\/www.gaveanews.com\/index.php\/wp-json\/wp\/v2\/posts"}],"about":[{"href":"https:\/\/www.gaveanews.com\/index.php\/wp-json\/wp\/v2\/types\/post"}],"author":[{"embeddable":true,"href":"https:\/\/www.gaveanews.com\/index.php\/wp-json\/wp\/v2\/users\/27"}],"replies":[{"embeddable":true,"href":"https:\/\/www.gaveanews.com\/index.php\/wp-json\/wp\/v2\/comments?post=247098"}],"version-history":[{"count":1,"href":"https:\/\/www.gaveanews.com\/index.php\/wp-json\/wp\/v2\/posts\/247098\/revisions"}],"predecessor-version":[{"id":247102,"href":"https:\/\/www.gaveanews.com\/index.php\/wp-json\/wp\/v2\/posts\/247098\/revisions\/247102"}],"wp:featuredmedia":[{"embeddable":true,"href":"https:\/\/www.gaveanews.com\/index.php\/wp-json\/wp\/v2\/media\/225548"}],"wp:attachment":[{"href":"https:\/\/www.gaveanews.com\/index.php\/wp-json\/wp\/v2\/media?parent=247098"}],"wp:term":[{"taxonomy":"category","embeddable":true,"href":"https:\/\/www.gaveanews.com\/index.php\/wp-json\/wp\/v2\/categories?post=247098"},{"taxonomy":"post_tag","embeddable":true,"href":"https:\/\/www.gaveanews.com\/index.php\/wp-json\/wp\/v2\/tags?post=247098"}],"curies":[{"name":"wp","href":"https:\/\/api.w.org\/{rel}","templated":true}]}}