{"id":247201,"date":"2025-04-01T08:10:00","date_gmt":"2025-04-01T11:10:00","guid":{"rendered":"https:\/\/www.gaveanews.com\/?p=247201"},"modified":"2025-03-31T20:13:51","modified_gmt":"2025-03-31T23:13:51","slug":"vasco-x-flamengo-onde-sera-disputado","status":"publish","type":"post","link":"https:\/\/www.gaveanews.com\/index.php\/2025\/04\/01\/vasco-x-flamengo-onde-sera-disputado\/","title":{"rendered":"Vasco x Flamengo: onde ser\u00e1 disputado?"},"content":{"rendered":"\n<h2 class=\"wp-block-heading\" id=\"h-presidente-do-vasco-quer-jogo-em-casa\">Presidente do Vasco quer jogo em casa <\/h2>\n\n\n\n<p>Vasco e Flamengo ir\u00e3o se enfrentar na quinta rodada do Campeonato Brasileiro de 2025. A d\u00favida por\u00e9m \u00e9 sobre o local da partida. O presidente do Vasco, Pedrinho, deu uma entrevista ao Podcast &#8220;Cruzmaltino&#8221; e revelou que ir\u00e1 solicitar \u00e0 CBF (Confedera\u00e7\u00e3o Brasileira de Futebol) que o cl\u00e1ssico aconte\u00e7a em S\u00e3o Janu\u00e1rio. <\/p>\n\n\n\n<p>&#8220;Vamos encaminhar o of\u00edcio hoje para jogar o cl\u00e1ssico em S\u00e3o Janu\u00e1rio. Conversei com alguns torcedores hoje. Se tiver que ser com torcida \u00fanica, vai ser com torcida \u00fanica. Porque em S\u00e3o Janu\u00e1rio, \u00e9 90% a 5%, os outros 5% ficam para as quest\u00f5es de seguran\u00e7a. Se a CBF, o Minist\u00e9rio P\u00fablico e o BEPE determinarem que seja torcida \u00fanica, vai ser torcida \u00fanica. Vamos encaminhar (o of\u00edcio) e lutar para que Vasco x Flamengo seja em S\u00e3o Janu\u00e1rio&#8221;, disse Pedrinho. <\/p>\n\n\n\n<p>Vasco e Flamengo vem se enfrentando no Est\u00e1dio do Maracan\u00e3 nos \u00faltimos anos, sejam em partidas do Campeonato Carioca ou do Campeonato Brasileiro. Este ano, a diretoria vasca\u00edna optou por mudar o lugar e mandou a semifinal do Carioc\u00e3o no Nilton Santos. O objetivo \u00e9 aproveitar o fator mando de campo para os vasca\u00ednos.<\/p>\n\n\n\n<p>O \u00faltimo encontro entre Vasco e Flamengo em S\u00e3o Janu\u00e1rio aconteceu no Brasileir\u00e3o de 2020. Na ocasi\u00e3o, o rubro-negro venceu por 2 a 1, com gols de Bruno Henrique e L\u00e9o Pereira. Talles Magno marcou para o Gigante da Colina. A partida, realizada com port\u00f5es fechados devido \u00e0 pandemia de Covid-19, ficou marcada pelo gol de Cano nos minutos finais, que acabou sendo anulado pelo VAR.<\/p>\n\n\n\n<p>Enquanto a diretoria vasca\u00edna trabalha nos bastidores, o t\u00e9cnico F\u00e1bio Carille e os jogadores se preparam para o duelo diante do Melgar, do Peru, fora de casa. A partida ser\u00e1 nesta quarta-feira (2) e marca a estreia do Gigante da Colina na Copa Sul-Americana de 2025. A bola rola \u00e0s 19h (hor\u00e1rio de Bras\u00edlia). <\/p>\n\n\n\n<p>Antes de enfrentar o Flamengo, o Vasco ter\u00e1 Corinthians (fora), Sport (casa) e Cear\u00e1 (fora) pelo Brasileir\u00e3o. O cruz-maltino tamb\u00e9m entra em campo pela Sul-Americana neste per\u00edodo. A equipe recebe o Puerto Cabello, da Venezuela, em S\u00e3o Janu\u00e1rio. <\/p>\n","protected":false},"excerpt":{"rendered":"<p>Presidente do Vasco quer jogo em casa Vasco e Flamengo ir\u00e3o se enfrentar na quinta rodada do Campeonato Brasileiro de 2025. A d\u00favida por\u00e9m \u00e9 sobre o local da partida. O presidente do Vasco, Pedrinho, deu uma entrevista ao Podcast &#8220;Cruzmaltino&#8221; e revelou que ir\u00e1 solicitar \u00e0 CBF (Confedera\u00e7\u00e3o Brasileira de Futebol) que o cl\u00e1ssico [&hellip;]<\/p>\n","protected":false},"author":21,"featured_media":236525,"comment_status":"open","ping_status":"closed","sticky":false,"template":"","format":"standard","meta":{"footnotes":""},"categories":[1,152],"tags":[],"class_list":["post-247201","post","type-post","status-publish","format-standard","has-post-thumbnail","hentry","category-flamengo","category-vasco"],"yoast_head":"<!-- This site is optimized with the Yoast SEO Premium plugin v24.2 (Yoast SEO v26.9) - https:\/\/yoast.com\/product\/yoast-seo-premium-wordpress\/ -->\n<title>Vasco x Flamengo: onde ser\u00e1 disputado?<\/title>\n<meta name=\"robots\" content=\"index, follow, max-snippet:-1, max-image-preview:large, max-video-preview:-1\" \/>\n<link rel=\"canonical\" href=\"https:\/\/www.gaveanews.com\/index.php\/2025\/04\/01\/vasco-x-flamengo-onde-sera-disputado\/\" \/>\n<meta property=\"og:locale\" content=\"pt_BR\" \/>\n<meta property=\"og:type\" content=\"article\" \/>\n<meta property=\"og:title\" content=\"Vasco x Flamengo: onde ser\u00e1 disputado?\" \/>\n<meta property=\"og:description\" content=\"Presidente do Vasco quer jogo em casa Vasco e Flamengo ir\u00e3o se enfrentar na quinta rodada do Campeonato Brasileiro de 2025. A d\u00favida por\u00e9m \u00e9 sobre o local da partida. O presidente do Vasco, Pedrinho, deu uma entrevista ao Podcast &#8220;Cruzmaltino&#8221; e revelou que ir\u00e1 solicitar \u00e0 CBF (Confedera\u00e7\u00e3o Brasileira de Futebol) que o cl\u00e1ssico [&hellip;]\" \/>\n<meta property=\"og:url\" content=\"https:\/\/www.gaveanews.com\/index.php\/2025\/04\/01\/vasco-x-flamengo-onde-sera-disputado\/\" \/>\n<meta property=\"og:site_name\" content=\"G\u00e1vea News\" \/>\n<meta property=\"article:publisher\" content=\"https:\/\/facebook.com\/gaveaNews\/\" \/>\n<meta property=\"article:published_time\" content=\"2025-04-01T11:10:00+00:00\" \/>\n<meta property=\"og:image\" content=\"https:\/\/www.gaveanews.com\/wp-content\/uploads\/Flamengo-x-Vasco-semifinal-Carioca-2025.webp\" \/>\n\t<meta property=\"og:image:width\" content=\"838\" \/>\n\t<meta property=\"og:image:height\" content=\"558\" \/>\n\t<meta property=\"og:image:type\" content=\"image\/jpeg\" \/>\n<meta name=\"author\" content=\"Andr\u00e9 Serra\" \/>\n<meta name=\"twitter:card\" content=\"summary_large_image\" \/>\n<meta name=\"twitter:label1\" content=\"Escrito por\" \/>\n\t<meta name=\"twitter:data1\" content=\"Andr\u00e9 Serra\" \/>\n\t<meta name=\"twitter:label2\" content=\"Est. tempo de leitura\" \/>\n\t<meta name=\"twitter:data2\" content=\"3 minutos\" \/>\n<script type=\"application\/ld+json\" class=\"yoast-schema-graph\">{\"@context\":\"https:\/\/schema.org\",\"@graph\":[{\"@type\":\"NewsArticle\",\"@id\":\"https:\/\/www.gaveanews.com\/index.php\/2025\/04\/01\/vasco-x-flamengo-onde-sera-disputado\/#article\",\"isPartOf\":{\"@id\":\"https:\/\/www.gaveanews.com\/index.php\/2025\/04\/01\/vasco-x-flamengo-onde-sera-disputado\/\"},\"author\":{\"name\":\"Andr\u00e9 Serra\",\"@id\":\"https:\/\/www.gaveanews.com\/#\/schema\/person\/0277a79a1289c451c281ec0411d84f0c\"},\"headline\":\"Vasco x Flamengo: onde ser\u00e1 disputado?\",\"datePublished\":\"2025-04-01T11:10:00+00:00\",\"mainEntityOfPage\":{\"@id\":\"https:\/\/www.gaveanews.com\/index.php\/2025\/04\/01\/vasco-x-flamengo-onde-sera-disputado\/\"},\"wordCount\":385,\"commentCount\":0,\"image\":{\"@id\":\"https:\/\/www.gaveanews.com\/index.php\/2025\/04\/01\/vasco-x-flamengo-onde-sera-disputado\/#primaryimage\"},\"thumbnailUrl\":\"https:\/\/www.gaveanews.com\/wp-content\/uploads\/Flamengo-x-Vasco-semifinal-Carioca-2025.webp\",\"articleSection\":[\"Flamengo\",\"Vasco\"],\"inLanguage\":\"pt-BR\",\"potentialAction\":[{\"@type\":\"CommentAction\",\"name\":\"Comment\",\"target\":[\"https:\/\/www.gaveanews.com\/index.php\/2025\/04\/01\/vasco-x-flamengo-onde-sera-disputado\/#respond\"]}],\"copyrightYear\":\"2025\",\"copyrightHolder\":{\"@id\":\"https:\/\/www.gaveanews.com\/#organization\"}},{\"@type\":\"WebPage\",\"@id\":\"https:\/\/www.gaveanews.com\/index.php\/2025\/04\/01\/vasco-x-flamengo-onde-sera-disputado\/\",\"url\":\"https:\/\/www.gaveanews.com\/index.php\/2025\/04\/01\/vasco-x-flamengo-onde-sera-disputado\/\",\"name\":\"Vasco x Flamengo: onde ser\u00e1 disputado?\",\"isPartOf\":{\"@id\":\"https:\/\/www.gaveanews.com\/#website\"},\"primaryImageOfPage\":{\"@id\":\"https:\/\/www.gaveanews.com\/index.php\/2025\/04\/01\/vasco-x-flamengo-onde-sera-disputado\/#primaryimage\"},\"image\":{\"@id\":\"https:\/\/www.gaveanews.com\/index.php\/2025\/04\/01\/vasco-x-flamengo-onde-sera-disputado\/#primaryimage\"},\"thumbnailUrl\":\"https:\/\/www.gaveanews.com\/wp-content\/uploads\/Flamengo-x-Vasco-semifinal-Carioca-2025.webp\",\"datePublished\":\"2025-04-01T11:10:00+00:00\",\"author\":{\"@id\":\"https:\/\/www.gaveanews.com\/#\/schema\/person\/0277a79a1289c451c281ec0411d84f0c\"},\"breadcrumb\":{\"@id\":\"https:\/\/www.gaveanews.com\/index.php\/2025\/04\/01\/vasco-x-flamengo-onde-sera-disputado\/#breadcrumb\"},\"inLanguage\":\"pt-BR\",\"potentialAction\":[{\"@type\":\"ReadAction\",\"target\":[\"https:\/\/www.gaveanews.com\/index.php\/2025\/04\/01\/vasco-x-flamengo-onde-sera-disputado\/\"]}]},{\"@type\":\"ImageObject\",\"inLanguage\":\"pt-BR\",\"@id\":\"https:\/\/www.gaveanews.com\/index.php\/2025\/04\/01\/vasco-x-flamengo-onde-sera-disputado\/#primaryimage\",\"url\":\"https:\/\/www.gaveanews.com\/wp-content\/uploads\/Flamengo-x-Vasco-semifinal-Carioca-2025.webp\",\"contentUrl\":\"https:\/\/www.gaveanews.com\/wp-content\/uploads\/Flamengo-x-Vasco-semifinal-Carioca-2025.webp\",\"width\":838,\"height\":558,\"caption\":\"Flamengo x Vasco semifinal Carioca 2025 (Foto: PaulaReis\/Flamengo)\"},{\"@type\":\"BreadcrumbList\",\"@id\":\"https:\/\/www.gaveanews.com\/index.php\/2025\/04\/01\/vasco-x-flamengo-onde-sera-disputado\/#breadcrumb\",\"itemListElement\":[{\"@type\":\"ListItem\",\"position\":1,\"name\":\"Home\",\"item\":\"https:\/\/www.gaveanews.com\/\"},{\"@type\":\"ListItem\",\"position\":2,\"name\":\"Vasco x Flamengo: onde ser\u00e1 disputado?\"}]},{\"@type\":\"WebSite\",\"@id\":\"https:\/\/www.gaveanews.com\/#website\",\"url\":\"https:\/\/www.gaveanews.com\/\",\"name\":\"G\u00e1vea News\",\"description\":\"Veja todas as not\u00edcias sobre o Flamengo: Contrata\u00e7\u00f5es, categorias de base, resultados das partidas, tabela de classifica\u00e7\u00e3o, pr\u00f3ximos jogos!\",\"potentialAction\":[{\"@type\":\"SearchAction\",\"target\":{\"@type\":\"EntryPoint\",\"urlTemplate\":\"https:\/\/www.gaveanews.com\/?s={search_term_string}\"},\"query-input\":{\"@type\":\"PropertyValueSpecification\",\"valueRequired\":true,\"valueName\":\"search_term_string\"}}],\"inLanguage\":\"pt-BR\"},{\"@type\":\"Person\",\"@id\":\"https:\/\/www.gaveanews.com\/#\/schema\/person\/0277a79a1289c451c281ec0411d84f0c\",\"name\":\"Andr\u00e9 Serra\",\"image\":{\"@type\":\"ImageObject\",\"inLanguage\":\"pt-BR\",\"@id\":\"https:\/\/www.gaveanews.com\/#\/schema\/person\/image\/\",\"url\":\"https:\/\/secure.gravatar.com\/avatar\/d7231369fe48db93292b3e88eb2162dbd9a34a47a8437d9ef3bcaca2a86a83d7?s=96&d=mm&r=g\",\"contentUrl\":\"https:\/\/secure.gravatar.com\/avatar\/d7231369fe48db93292b3e88eb2162dbd9a34a47a8437d9ef3bcaca2a86a83d7?s=96&d=mm&r=g\",\"caption\":\"Andr\u00e9 Serra\"}}]}<\/script>\n<!-- \/ Yoast SEO Premium plugin. -->","yoast_head_json":{"title":"Vasco x Flamengo: onde ser\u00e1 disputado?","robots":{"index":"index","follow":"follow","max-snippet":"max-snippet:-1","max-image-preview":"max-image-preview:large","max-video-preview":"max-video-preview:-1"},"canonical":"https:\/\/www.gaveanews.com\/index.php\/2025\/04\/01\/vasco-x-flamengo-onde-sera-disputado\/","og_locale":"pt_BR","og_type":"article","og_title":"Vasco x Flamengo: onde ser\u00e1 disputado?","og_description":"Presidente do Vasco quer jogo em casa Vasco e Flamengo ir\u00e3o se enfrentar na quinta rodada do Campeonato Brasileiro de 2025. A d\u00favida por\u00e9m \u00e9 sobre o local da partida. O presidente do Vasco, Pedrinho, deu uma entrevista ao Podcast &#8220;Cruzmaltino&#8221; e revelou que ir\u00e1 solicitar \u00e0 CBF (Confedera\u00e7\u00e3o Brasileira de Futebol) que o cl\u00e1ssico [&hellip;]","og_url":"https:\/\/www.gaveanews.com\/index.php\/2025\/04\/01\/vasco-x-flamengo-onde-sera-disputado\/","og_site_name":"G\u00e1vea News","article_publisher":"https:\/\/facebook.com\/gaveaNews\/","article_published_time":"2025-04-01T11:10:00+00:00","og_image":[{"width":838,"height":558,"url":"https:\/\/www.gaveanews.com\/wp-content\/uploads\/Flamengo-x-Vasco-semifinal-Carioca-2025.webp","type":"image\/jpeg"}],"author":"Andr\u00e9 Serra","twitter_card":"summary_large_image","twitter_misc":{"Escrito por":"Andr\u00e9 Serra","Est. tempo de leitura":"3 minutos"},"schema":{"@context":"https:\/\/schema.org","@graph":[{"@type":"NewsArticle","@id":"https:\/\/www.gaveanews.com\/index.php\/2025\/04\/01\/vasco-x-flamengo-onde-sera-disputado\/#article","isPartOf":{"@id":"https:\/\/www.gaveanews.com\/index.php\/2025\/04\/01\/vasco-x-flamengo-onde-sera-disputado\/"},"author":{"name":"Andr\u00e9 Serra","@id":"https:\/\/www.gaveanews.com\/#\/schema\/person\/0277a79a1289c451c281ec0411d84f0c"},"headline":"Vasco x Flamengo: onde ser\u00e1 disputado?","datePublished":"2025-04-01T11:10:00+00:00","mainEntityOfPage":{"@id":"https:\/\/www.gaveanews.com\/index.php\/2025\/04\/01\/vasco-x-flamengo-onde-sera-disputado\/"},"wordCount":385,"commentCount":0,"image":{"@id":"https:\/\/www.gaveanews.com\/index.php\/2025\/04\/01\/vasco-x-flamengo-onde-sera-disputado\/#primaryimage"},"thumbnailUrl":"https:\/\/www.gaveanews.com\/wp-content\/uploads\/Flamengo-x-Vasco-semifinal-Carioca-2025.webp","articleSection":["Flamengo","Vasco"],"inLanguage":"pt-BR","potentialAction":[{"@type":"CommentAction","name":"Comment","target":["https:\/\/www.gaveanews.com\/index.php\/2025\/04\/01\/vasco-x-flamengo-onde-sera-disputado\/#respond"]}],"copyrightYear":"2025","copyrightHolder":{"@id":"https:\/\/www.gaveanews.com\/#organization"}},{"@type":"WebPage","@id":"https:\/\/www.gaveanews.com\/index.php\/2025\/04\/01\/vasco-x-flamengo-onde-sera-disputado\/","url":"https:\/\/www.gaveanews.com\/index.php\/2025\/04\/01\/vasco-x-flamengo-onde-sera-disputado\/","name":"Vasco x Flamengo: onde ser\u00e1 disputado?","isPartOf":{"@id":"https:\/\/www.gaveanews.com\/#website"},"primaryImageOfPage":{"@id":"https:\/\/www.gaveanews.com\/index.php\/2025\/04\/01\/vasco-x-flamengo-onde-sera-disputado\/#primaryimage"},"image":{"@id":"https:\/\/www.gaveanews.com\/index.php\/2025\/04\/01\/vasco-x-flamengo-onde-sera-disputado\/#primaryimage"},"thumbnailUrl":"https:\/\/www.gaveanews.com\/wp-content\/uploads\/Flamengo-x-Vasco-semifinal-Carioca-2025.webp","datePublished":"2025-04-01T11:10:00+00:00","author":{"@id":"https:\/\/www.gaveanews.com\/#\/schema\/person\/0277a79a1289c451c281ec0411d84f0c"},"breadcrumb":{"@id":"https:\/\/www.gaveanews.com\/index.php\/2025\/04\/01\/vasco-x-flamengo-onde-sera-disputado\/#breadcrumb"},"inLanguage":"pt-BR","potentialAction":[{"@type":"ReadAction","target":["https:\/\/www.gaveanews.com\/index.php\/2025\/04\/01\/vasco-x-flamengo-onde-sera-disputado\/"]}]},{"@type":"ImageObject","inLanguage":"pt-BR","@id":"https:\/\/www.gaveanews.com\/index.php\/2025\/04\/01\/vasco-x-flamengo-onde-sera-disputado\/#primaryimage","url":"https:\/\/www.gaveanews.com\/wp-content\/uploads\/Flamengo-x-Vasco-semifinal-Carioca-2025.webp","contentUrl":"https:\/\/www.gaveanews.com\/wp-content\/uploads\/Flamengo-x-Vasco-semifinal-Carioca-2025.webp","width":838,"height":558,"caption":"Flamengo x Vasco semifinal Carioca 2025 (Foto: PaulaReis\/Flamengo)"},{"@type":"BreadcrumbList","@id":"https:\/\/www.gaveanews.com\/index.php\/2025\/04\/01\/vasco-x-flamengo-onde-sera-disputado\/#breadcrumb","itemListElement":[{"@type":"ListItem","position":1,"name":"Home","item":"https:\/\/www.gaveanews.com\/"},{"@type":"ListItem","position":2,"name":"Vasco x Flamengo: onde ser\u00e1 disputado?"}]},{"@type":"WebSite","@id":"https:\/\/www.gaveanews.com\/#website","url":"https:\/\/www.gaveanews.com\/","name":"G\u00e1vea News","description":"Veja todas as not\u00edcias sobre o Flamengo: Contrata\u00e7\u00f5es, categorias de base, resultados das partidas, tabela de classifica\u00e7\u00e3o, pr\u00f3ximos jogos!","potentialAction":[{"@type":"SearchAction","target":{"@type":"EntryPoint","urlTemplate":"https:\/\/www.gaveanews.com\/?s={search_term_string}"},"query-input":{"@type":"PropertyValueSpecification","valueRequired":true,"valueName":"search_term_string"}}],"inLanguage":"pt-BR"},{"@type":"Person","@id":"https:\/\/www.gaveanews.com\/#\/schema\/person\/0277a79a1289c451c281ec0411d84f0c","name":"Andr\u00e9 Serra","image":{"@type":"ImageObject","inLanguage":"pt-BR","@id":"https:\/\/www.gaveanews.com\/#\/schema\/person\/image\/","url":"https:\/\/secure.gravatar.com\/avatar\/d7231369fe48db93292b3e88eb2162dbd9a34a47a8437d9ef3bcaca2a86a83d7?s=96&d=mm&r=g","contentUrl":"https:\/\/secure.gravatar.com\/avatar\/d7231369fe48db93292b3e88eb2162dbd9a34a47a8437d9ef3bcaca2a86a83d7?s=96&d=mm&r=g","caption":"Andr\u00e9 Serra"}}]}},"_links":{"self":[{"href":"https:\/\/www.gaveanews.com\/index.php\/wp-json\/wp\/v2\/posts\/247201","targetHints":{"allow":["GET"]}}],"collection":[{"href":"https:\/\/www.gaveanews.com\/index.php\/wp-json\/wp\/v2\/posts"}],"about":[{"href":"https:\/\/www.gaveanews.com\/index.php\/wp-json\/wp\/v2\/types\/post"}],"author":[{"embeddable":true,"href":"https:\/\/www.gaveanews.com\/index.php\/wp-json\/wp\/v2\/users\/21"}],"replies":[{"embeddable":true,"href":"https:\/\/www.gaveanews.com\/index.php\/wp-json\/wp\/v2\/comments?post=247201"}],"version-history":[{"count":1,"href":"https:\/\/www.gaveanews.com\/index.php\/wp-json\/wp\/v2\/posts\/247201\/revisions"}],"predecessor-version":[{"id":247220,"href":"https:\/\/www.gaveanews.com\/index.php\/wp-json\/wp\/v2\/posts\/247201\/revisions\/247220"}],"wp:featuredmedia":[{"embeddable":true,"href":"https:\/\/www.gaveanews.com\/index.php\/wp-json\/wp\/v2\/media\/236525"}],"wp:attachment":[{"href":"https:\/\/www.gaveanews.com\/index.php\/wp-json\/wp\/v2\/media?parent=247201"}],"wp:term":[{"taxonomy":"category","embeddable":true,"href":"https:\/\/www.gaveanews.com\/index.php\/wp-json\/wp\/v2\/categories?post=247201"},{"taxonomy":"post_tag","embeddable":true,"href":"https:\/\/www.gaveanews.com\/index.php\/wp-json\/wp\/v2\/tags?post=247201"}],"curies":[{"name":"wp","href":"https:\/\/api.w.org\/{rel}","templated":true}]}}