{"id":247229,"date":"2025-04-01T08:05:00","date_gmt":"2025-04-01T11:05:00","guid":{"rendered":"https:\/\/www.gaveanews.com\/?p=247229"},"modified":"2025-03-31T20:13:42","modified_gmt":"2025-03-31T23:13:42","slug":"real-madrid-a-declaracao-de-carlo-ancelotti-direcionada-a-endrick-2","status":"publish","type":"post","link":"https:\/\/www.gaveanews.com\/index.php\/2025\/04\/01\/real-madrid-a-declaracao-de-carlo-ancelotti-direcionada-a-endrick-2\/","title":{"rendered":"Real Madrid: a declara\u00e7\u00e3o de Carlo Ancelotti direcionada \u00e0 Endrick"},"content":{"rendered":"\n<h2 class=\"wp-block-heading\" id=\"h-depende-de-muitas-coisas-diz-ancelotti\">&#8220;Depende de muitas coisas&#8221;, diz Ancelotti <\/h2>\n\n\n\n<p>Endrick n\u00e3o vem atuando com frequ\u00eancia e quando joga, sempre entra nos minutos finais das partidas. A baixa minutagem do atacante no clube espanhol j\u00e1 virou uma esp\u00e9cie de &#8220;debate&#8221;. O t\u00e9cnico Carlo Ancelotti foi questionado mais uma vez sobre o assunto e disse que quem quer estar no clube precisa lidar um pouco com o banco de reservas.<\/p>\n\n\n\n<p>&#8220;Depende de muitas coisas. Al\u00e9m da competi\u00e7\u00e3o n\u00e3o falta nada. \u00c9 um problema de competi\u00e7\u00e3o. Jogadores que s\u00e3o de extrema qualidade. Acho que a hist\u00f3ria deste clube diz que muitos titulares est\u00e3o no banco h\u00e1 muito tempo. Vinicius, h\u00e1 alguns anos, Rodrygo, Valverde, Camavinga. Se voc\u00ea quer estar no Real Madrid \u00e9 comum ficar um pouco no banco&#8221;, disse o treinador. <\/p>\n\n\n\n<p>Endrick disputou 28 jogos pelo Real Madrid na temporada 2024\/25, somando quase 500 minutos em campo e marcando seis gols. Apesar do tempo de jogo limitado, Carlo Ancelotti elogiou o jovem atacante, destacando sua tranquilidade e deixando aberta a possibilidade de utiliz\u00e1-lo na Copa do Rei.<\/p>\n\n\n\n<p>&#8220;Ele n\u00e3o est\u00e1 preocupado, est\u00e1 feliz, trabalhando bem e quando puder vou dar alguns minutos. Ele sempre se aproveitou deles e eu o vejo tranquilo. Amanh\u00e3 ele ser\u00e1 op\u00e7\u00e3o porque na Copa do Rei ele se saiu muito bem&#8221;, finalizou Carlo Ancelotti. <\/p>\n\n\n\n<p>O Real Madrid volta a campo nesta ter\u00e7a-feira (1), pelo segundo jogo da semifinal da Copa do Rei, contra o Real Sociead. Na ida, o clube merengue venceu pelo placar de 1 a 0, com gol de Endrick. Desta forma, o time comandado por Carlo Ancelotti precisa apenas de um empate para chegar na final da competi\u00e7\u00e3o. A bola rola \u00e0s 16h30 (hor\u00e1rio de Bras\u00edlia), no Est\u00e1dio Santiago Bernab\u00e9u. <\/p>\n\n\n\n<p>O Real Madrid tamb\u00e9m est\u00e1 vivo na Champions League e enfrenta o Arsenal nas quartas de final. O jogo de ida ser\u00e1 no Emirates Stadium, na ter\u00e7a-feira (8). A volta est\u00e1 marcada para o dia 16 no Santiago Bernab\u00e9u. <\/p>\n","protected":false},"excerpt":{"rendered":"<p>&#8220;Depende de muitas coisas&#8221;, diz Ancelotti Endrick n\u00e3o vem atuando com frequ\u00eancia e quando joga, sempre entra nos minutos finais das partidas. A baixa minutagem do atacante no clube espanhol j\u00e1 virou uma esp\u00e9cie de &#8220;debate&#8221;. O t\u00e9cnico Carlo Ancelotti foi questionado mais uma vez sobre o assunto e disse que quem quer estar no [&hellip;]<\/p>\n","protected":false},"author":21,"featured_media":159677,"comment_status":"open","ping_status":"closed","sticky":false,"template":"","format":"standard","meta":{"footnotes":""},"categories":[88],"tags":[],"class_list":["post-247229","post","type-post","status-publish","format-standard","has-post-thumbnail","hentry","category-real-madrid"],"yoast_head":"<!-- This site is optimized with the Yoast SEO Premium plugin v24.2 (Yoast SEO v26.9) - https:\/\/yoast.com\/product\/yoast-seo-premium-wordpress\/ -->\n<title>Real Madrid: a declara\u00e7\u00e3o de Carlo Ancelotti direcionada \u00e0 Endrick<\/title>\n<meta name=\"robots\" content=\"index, follow, max-snippet:-1, max-image-preview:large, max-video-preview:-1\" \/>\n<link rel=\"canonical\" href=\"https:\/\/www.gaveanews.com\/index.php\/2025\/04\/01\/real-madrid-a-declaracao-de-carlo-ancelotti-direcionada-a-endrick-2\/\" \/>\n<meta property=\"og:locale\" content=\"pt_BR\" \/>\n<meta property=\"og:type\" content=\"article\" \/>\n<meta property=\"og:title\" content=\"Real Madrid: a declara\u00e7\u00e3o de Carlo Ancelotti direcionada \u00e0 Endrick\" \/>\n<meta property=\"og:description\" content=\"&#8220;Depende de muitas coisas&#8221;, diz Ancelotti Endrick n\u00e3o vem atuando com frequ\u00eancia e quando joga, sempre entra nos minutos finais das partidas. A baixa minutagem do atacante no clube espanhol j\u00e1 virou uma esp\u00e9cie de &#8220;debate&#8221;. O t\u00e9cnico Carlo Ancelotti foi questionado mais uma vez sobre o assunto e disse que quem quer estar no [&hellip;]\" \/>\n<meta property=\"og:url\" content=\"https:\/\/www.gaveanews.com\/index.php\/2025\/04\/01\/real-madrid-a-declaracao-de-carlo-ancelotti-direcionada-a-endrick-2\/\" \/>\n<meta property=\"og:site_name\" content=\"G\u00e1vea News\" \/>\n<meta property=\"article:publisher\" content=\"https:\/\/facebook.com\/gaveaNews\/\" \/>\n<meta property=\"article:published_time\" content=\"2025-04-01T11:05:00+00:00\" \/>\n<meta property=\"og:image\" content=\"https:\/\/www.gaveanews.com\/wp-content\/uploads\/Endrick-com-a-camisa-do-Real-Madrid-em-2024.webp\" \/>\n\t<meta property=\"og:image:width\" content=\"1440\" \/>\n\t<meta property=\"og:image:height\" content=\"959\" \/>\n\t<meta property=\"og:image:type\" content=\"image\/jpeg\" \/>\n<meta name=\"author\" content=\"Andr\u00e9 Serra\" \/>\n<meta name=\"twitter:card\" content=\"summary_large_image\" \/>\n<meta name=\"twitter:label1\" content=\"Escrito por\" \/>\n\t<meta name=\"twitter:data1\" content=\"Andr\u00e9 Serra\" \/>\n\t<meta name=\"twitter:label2\" content=\"Est. tempo de leitura\" \/>\n\t<meta name=\"twitter:data2\" content=\"2 minutos\" \/>\n<script type=\"application\/ld+json\" class=\"yoast-schema-graph\">{\"@context\":\"https:\/\/schema.org\",\"@graph\":[{\"@type\":\"NewsArticle\",\"@id\":\"https:\/\/www.gaveanews.com\/index.php\/2025\/04\/01\/real-madrid-a-declaracao-de-carlo-ancelotti-direcionada-a-endrick-2\/#article\",\"isPartOf\":{\"@id\":\"https:\/\/www.gaveanews.com\/index.php\/2025\/04\/01\/real-madrid-a-declaracao-de-carlo-ancelotti-direcionada-a-endrick-2\/\"},\"author\":{\"name\":\"Andr\u00e9 Serra\",\"@id\":\"https:\/\/www.gaveanews.com\/#\/schema\/person\/0277a79a1289c451c281ec0411d84f0c\"},\"headline\":\"Real Madrid: a declara\u00e7\u00e3o de Carlo Ancelotti direcionada \u00e0 Endrick\",\"datePublished\":\"2025-04-01T11:05:00+00:00\",\"mainEntityOfPage\":{\"@id\":\"https:\/\/www.gaveanews.com\/index.php\/2025\/04\/01\/real-madrid-a-declaracao-de-carlo-ancelotti-direcionada-a-endrick-2\/\"},\"wordCount\":345,\"commentCount\":0,\"image\":{\"@id\":\"https:\/\/www.gaveanews.com\/index.php\/2025\/04\/01\/real-madrid-a-declaracao-de-carlo-ancelotti-direcionada-a-endrick-2\/#primaryimage\"},\"thumbnailUrl\":\"https:\/\/www.gaveanews.com\/wp-content\/uploads\/Endrick-com-a-camisa-do-Real-Madrid-em-2024.webp\",\"articleSection\":[\"Real Madrid\"],\"inLanguage\":\"pt-BR\",\"potentialAction\":[{\"@type\":\"CommentAction\",\"name\":\"Comment\",\"target\":[\"https:\/\/www.gaveanews.com\/index.php\/2025\/04\/01\/real-madrid-a-declaracao-de-carlo-ancelotti-direcionada-a-endrick-2\/#respond\"]}],\"copyrightYear\":\"2025\",\"copyrightHolder\":{\"@id\":\"https:\/\/www.gaveanews.com\/#organization\"}},{\"@type\":\"WebPage\",\"@id\":\"https:\/\/www.gaveanews.com\/index.php\/2025\/04\/01\/real-madrid-a-declaracao-de-carlo-ancelotti-direcionada-a-endrick-2\/\",\"url\":\"https:\/\/www.gaveanews.com\/index.php\/2025\/04\/01\/real-madrid-a-declaracao-de-carlo-ancelotti-direcionada-a-endrick-2\/\",\"name\":\"Real Madrid: a declara\u00e7\u00e3o de Carlo Ancelotti direcionada \u00e0 Endrick\",\"isPartOf\":{\"@id\":\"https:\/\/www.gaveanews.com\/#website\"},\"primaryImageOfPage\":{\"@id\":\"https:\/\/www.gaveanews.com\/index.php\/2025\/04\/01\/real-madrid-a-declaracao-de-carlo-ancelotti-direcionada-a-endrick-2\/#primaryimage\"},\"image\":{\"@id\":\"https:\/\/www.gaveanews.com\/index.php\/2025\/04\/01\/real-madrid-a-declaracao-de-carlo-ancelotti-direcionada-a-endrick-2\/#primaryimage\"},\"thumbnailUrl\":\"https:\/\/www.gaveanews.com\/wp-content\/uploads\/Endrick-com-a-camisa-do-Real-Madrid-em-2024.webp\",\"datePublished\":\"2025-04-01T11:05:00+00:00\",\"author\":{\"@id\":\"https:\/\/www.gaveanews.com\/#\/schema\/person\/0277a79a1289c451c281ec0411d84f0c\"},\"breadcrumb\":{\"@id\":\"https:\/\/www.gaveanews.com\/index.php\/2025\/04\/01\/real-madrid-a-declaracao-de-carlo-ancelotti-direcionada-a-endrick-2\/#breadcrumb\"},\"inLanguage\":\"pt-BR\",\"potentialAction\":[{\"@type\":\"ReadAction\",\"target\":[\"https:\/\/www.gaveanews.com\/index.php\/2025\/04\/01\/real-madrid-a-declaracao-de-carlo-ancelotti-direcionada-a-endrick-2\/\"]}]},{\"@type\":\"ImageObject\",\"inLanguage\":\"pt-BR\",\"@id\":\"https:\/\/www.gaveanews.com\/index.php\/2025\/04\/01\/real-madrid-a-declaracao-de-carlo-ancelotti-direcionada-a-endrick-2\/#primaryimage\",\"url\":\"https:\/\/www.gaveanews.com\/wp-content\/uploads\/Endrick-com-a-camisa-do-Real-Madrid-em-2024.webp\",\"contentUrl\":\"https:\/\/www.gaveanews.com\/wp-content\/uploads\/Endrick-com-a-camisa-do-Real-Madrid-em-2024.webp\",\"width\":1440,\"height\":959,\"caption\":\"Endrick com a camisa do Real Madrid em 2024 (Foto: Reprodu\u00e7\u00e3o\/Instagram)\"},{\"@type\":\"BreadcrumbList\",\"@id\":\"https:\/\/www.gaveanews.com\/index.php\/2025\/04\/01\/real-madrid-a-declaracao-de-carlo-ancelotti-direcionada-a-endrick-2\/#breadcrumb\",\"itemListElement\":[{\"@type\":\"ListItem\",\"position\":1,\"name\":\"Home\",\"item\":\"https:\/\/www.gaveanews.com\/\"},{\"@type\":\"ListItem\",\"position\":2,\"name\":\"Real Madrid: a declara\u00e7\u00e3o de Carlo Ancelotti direcionada \u00e0 Endrick\"}]},{\"@type\":\"WebSite\",\"@id\":\"https:\/\/www.gaveanews.com\/#website\",\"url\":\"https:\/\/www.gaveanews.com\/\",\"name\":\"G\u00e1vea News\",\"description\":\"Veja todas as not\u00edcias sobre o Flamengo: Contrata\u00e7\u00f5es, categorias de base, resultados das partidas, tabela de classifica\u00e7\u00e3o, pr\u00f3ximos jogos!\",\"potentialAction\":[{\"@type\":\"SearchAction\",\"target\":{\"@type\":\"EntryPoint\",\"urlTemplate\":\"https:\/\/www.gaveanews.com\/?s={search_term_string}\"},\"query-input\":{\"@type\":\"PropertyValueSpecification\",\"valueRequired\":true,\"valueName\":\"search_term_string\"}}],\"inLanguage\":\"pt-BR\"},{\"@type\":\"Person\",\"@id\":\"https:\/\/www.gaveanews.com\/#\/schema\/person\/0277a79a1289c451c281ec0411d84f0c\",\"name\":\"Andr\u00e9 Serra\",\"image\":{\"@type\":\"ImageObject\",\"inLanguage\":\"pt-BR\",\"@id\":\"https:\/\/www.gaveanews.com\/#\/schema\/person\/image\/\",\"url\":\"https:\/\/secure.gravatar.com\/avatar\/d7231369fe48db93292b3e88eb2162dbd9a34a47a8437d9ef3bcaca2a86a83d7?s=96&d=mm&r=g\",\"contentUrl\":\"https:\/\/secure.gravatar.com\/avatar\/d7231369fe48db93292b3e88eb2162dbd9a34a47a8437d9ef3bcaca2a86a83d7?s=96&d=mm&r=g\",\"caption\":\"Andr\u00e9 Serra\"}}]}<\/script>\n<!-- \/ Yoast SEO Premium plugin. -->","yoast_head_json":{"title":"Real Madrid: a declara\u00e7\u00e3o de Carlo Ancelotti direcionada \u00e0 Endrick","robots":{"index":"index","follow":"follow","max-snippet":"max-snippet:-1","max-image-preview":"max-image-preview:large","max-video-preview":"max-video-preview:-1"},"canonical":"https:\/\/www.gaveanews.com\/index.php\/2025\/04\/01\/real-madrid-a-declaracao-de-carlo-ancelotti-direcionada-a-endrick-2\/","og_locale":"pt_BR","og_type":"article","og_title":"Real Madrid: a declara\u00e7\u00e3o de Carlo Ancelotti direcionada \u00e0 Endrick","og_description":"&#8220;Depende de muitas coisas&#8221;, diz Ancelotti Endrick n\u00e3o vem atuando com frequ\u00eancia e quando joga, sempre entra nos minutos finais das partidas. A baixa minutagem do atacante no clube espanhol j\u00e1 virou uma esp\u00e9cie de &#8220;debate&#8221;. O t\u00e9cnico Carlo Ancelotti foi questionado mais uma vez sobre o assunto e disse que quem quer estar no [&hellip;]","og_url":"https:\/\/www.gaveanews.com\/index.php\/2025\/04\/01\/real-madrid-a-declaracao-de-carlo-ancelotti-direcionada-a-endrick-2\/","og_site_name":"G\u00e1vea News","article_publisher":"https:\/\/facebook.com\/gaveaNews\/","article_published_time":"2025-04-01T11:05:00+00:00","og_image":[{"width":1440,"height":959,"url":"https:\/\/www.gaveanews.com\/wp-content\/uploads\/Endrick-com-a-camisa-do-Real-Madrid-em-2024.webp","type":"image\/jpeg"}],"author":"Andr\u00e9 Serra","twitter_card":"summary_large_image","twitter_misc":{"Escrito por":"Andr\u00e9 Serra","Est. tempo de leitura":"2 minutos"},"schema":{"@context":"https:\/\/schema.org","@graph":[{"@type":"NewsArticle","@id":"https:\/\/www.gaveanews.com\/index.php\/2025\/04\/01\/real-madrid-a-declaracao-de-carlo-ancelotti-direcionada-a-endrick-2\/#article","isPartOf":{"@id":"https:\/\/www.gaveanews.com\/index.php\/2025\/04\/01\/real-madrid-a-declaracao-de-carlo-ancelotti-direcionada-a-endrick-2\/"},"author":{"name":"Andr\u00e9 Serra","@id":"https:\/\/www.gaveanews.com\/#\/schema\/person\/0277a79a1289c451c281ec0411d84f0c"},"headline":"Real Madrid: a declara\u00e7\u00e3o de Carlo Ancelotti direcionada \u00e0 Endrick","datePublished":"2025-04-01T11:05:00+00:00","mainEntityOfPage":{"@id":"https:\/\/www.gaveanews.com\/index.php\/2025\/04\/01\/real-madrid-a-declaracao-de-carlo-ancelotti-direcionada-a-endrick-2\/"},"wordCount":345,"commentCount":0,"image":{"@id":"https:\/\/www.gaveanews.com\/index.php\/2025\/04\/01\/real-madrid-a-declaracao-de-carlo-ancelotti-direcionada-a-endrick-2\/#primaryimage"},"thumbnailUrl":"https:\/\/www.gaveanews.com\/wp-content\/uploads\/Endrick-com-a-camisa-do-Real-Madrid-em-2024.webp","articleSection":["Real Madrid"],"inLanguage":"pt-BR","potentialAction":[{"@type":"CommentAction","name":"Comment","target":["https:\/\/www.gaveanews.com\/index.php\/2025\/04\/01\/real-madrid-a-declaracao-de-carlo-ancelotti-direcionada-a-endrick-2\/#respond"]}],"copyrightYear":"2025","copyrightHolder":{"@id":"https:\/\/www.gaveanews.com\/#organization"}},{"@type":"WebPage","@id":"https:\/\/www.gaveanews.com\/index.php\/2025\/04\/01\/real-madrid-a-declaracao-de-carlo-ancelotti-direcionada-a-endrick-2\/","url":"https:\/\/www.gaveanews.com\/index.php\/2025\/04\/01\/real-madrid-a-declaracao-de-carlo-ancelotti-direcionada-a-endrick-2\/","name":"Real Madrid: a declara\u00e7\u00e3o de Carlo Ancelotti direcionada \u00e0 Endrick","isPartOf":{"@id":"https:\/\/www.gaveanews.com\/#website"},"primaryImageOfPage":{"@id":"https:\/\/www.gaveanews.com\/index.php\/2025\/04\/01\/real-madrid-a-declaracao-de-carlo-ancelotti-direcionada-a-endrick-2\/#primaryimage"},"image":{"@id":"https:\/\/www.gaveanews.com\/index.php\/2025\/04\/01\/real-madrid-a-declaracao-de-carlo-ancelotti-direcionada-a-endrick-2\/#primaryimage"},"thumbnailUrl":"https:\/\/www.gaveanews.com\/wp-content\/uploads\/Endrick-com-a-camisa-do-Real-Madrid-em-2024.webp","datePublished":"2025-04-01T11:05:00+00:00","author":{"@id":"https:\/\/www.gaveanews.com\/#\/schema\/person\/0277a79a1289c451c281ec0411d84f0c"},"breadcrumb":{"@id":"https:\/\/www.gaveanews.com\/index.php\/2025\/04\/01\/real-madrid-a-declaracao-de-carlo-ancelotti-direcionada-a-endrick-2\/#breadcrumb"},"inLanguage":"pt-BR","potentialAction":[{"@type":"ReadAction","target":["https:\/\/www.gaveanews.com\/index.php\/2025\/04\/01\/real-madrid-a-declaracao-de-carlo-ancelotti-direcionada-a-endrick-2\/"]}]},{"@type":"ImageObject","inLanguage":"pt-BR","@id":"https:\/\/www.gaveanews.com\/index.php\/2025\/04\/01\/real-madrid-a-declaracao-de-carlo-ancelotti-direcionada-a-endrick-2\/#primaryimage","url":"https:\/\/www.gaveanews.com\/wp-content\/uploads\/Endrick-com-a-camisa-do-Real-Madrid-em-2024.webp","contentUrl":"https:\/\/www.gaveanews.com\/wp-content\/uploads\/Endrick-com-a-camisa-do-Real-Madrid-em-2024.webp","width":1440,"height":959,"caption":"Endrick com a camisa do Real Madrid em 2024 (Foto: Reprodu\u00e7\u00e3o\/Instagram)"},{"@type":"BreadcrumbList","@id":"https:\/\/www.gaveanews.com\/index.php\/2025\/04\/01\/real-madrid-a-declaracao-de-carlo-ancelotti-direcionada-a-endrick-2\/#breadcrumb","itemListElement":[{"@type":"ListItem","position":1,"name":"Home","item":"https:\/\/www.gaveanews.com\/"},{"@type":"ListItem","position":2,"name":"Real Madrid: a declara\u00e7\u00e3o de Carlo Ancelotti direcionada \u00e0 Endrick"}]},{"@type":"WebSite","@id":"https:\/\/www.gaveanews.com\/#website","url":"https:\/\/www.gaveanews.com\/","name":"G\u00e1vea News","description":"Veja todas as not\u00edcias sobre o Flamengo: Contrata\u00e7\u00f5es, categorias de base, resultados das partidas, tabela de classifica\u00e7\u00e3o, pr\u00f3ximos jogos!","potentialAction":[{"@type":"SearchAction","target":{"@type":"EntryPoint","urlTemplate":"https:\/\/www.gaveanews.com\/?s={search_term_string}"},"query-input":{"@type":"PropertyValueSpecification","valueRequired":true,"valueName":"search_term_string"}}],"inLanguage":"pt-BR"},{"@type":"Person","@id":"https:\/\/www.gaveanews.com\/#\/schema\/person\/0277a79a1289c451c281ec0411d84f0c","name":"Andr\u00e9 Serra","image":{"@type":"ImageObject","inLanguage":"pt-BR","@id":"https:\/\/www.gaveanews.com\/#\/schema\/person\/image\/","url":"https:\/\/secure.gravatar.com\/avatar\/d7231369fe48db93292b3e88eb2162dbd9a34a47a8437d9ef3bcaca2a86a83d7?s=96&d=mm&r=g","contentUrl":"https:\/\/secure.gravatar.com\/avatar\/d7231369fe48db93292b3e88eb2162dbd9a34a47a8437d9ef3bcaca2a86a83d7?s=96&d=mm&r=g","caption":"Andr\u00e9 Serra"}}]}},"_links":{"self":[{"href":"https:\/\/www.gaveanews.com\/index.php\/wp-json\/wp\/v2\/posts\/247229","targetHints":{"allow":["GET"]}}],"collection":[{"href":"https:\/\/www.gaveanews.com\/index.php\/wp-json\/wp\/v2\/posts"}],"about":[{"href":"https:\/\/www.gaveanews.com\/index.php\/wp-json\/wp\/v2\/types\/post"}],"author":[{"embeddable":true,"href":"https:\/\/www.gaveanews.com\/index.php\/wp-json\/wp\/v2\/users\/21"}],"replies":[{"embeddable":true,"href":"https:\/\/www.gaveanews.com\/index.php\/wp-json\/wp\/v2\/comments?post=247229"}],"version-history":[{"count":1,"href":"https:\/\/www.gaveanews.com\/index.php\/wp-json\/wp\/v2\/posts\/247229\/revisions"}],"predecessor-version":[{"id":247246,"href":"https:\/\/www.gaveanews.com\/index.php\/wp-json\/wp\/v2\/posts\/247229\/revisions\/247246"}],"wp:featuredmedia":[{"embeddable":true,"href":"https:\/\/www.gaveanews.com\/index.php\/wp-json\/wp\/v2\/media\/159677"}],"wp:attachment":[{"href":"https:\/\/www.gaveanews.com\/index.php\/wp-json\/wp\/v2\/media?parent=247229"}],"wp:term":[{"taxonomy":"category","embeddable":true,"href":"https:\/\/www.gaveanews.com\/index.php\/wp-json\/wp\/v2\/categories?post=247229"},{"taxonomy":"post_tag","embeddable":true,"href":"https:\/\/www.gaveanews.com\/index.php\/wp-json\/wp\/v2\/tags?post=247229"}],"curies":[{"name":"wp","href":"https:\/\/api.w.org\/{rel}","templated":true}]}}