{"id":247362,"date":"2025-04-01T01:50:00","date_gmt":"2025-04-01T04:50:00","guid":{"rendered":"https:\/\/www.gaveanews.com\/?p=247362"},"modified":"2025-03-31T21:53:47","modified_gmt":"2025-04-01T00:53:47","slug":"veja-quando-arrasceta-e-danilo-vao-voltar-a-jogar-pelo-flamengo","status":"publish","type":"post","link":"https:\/\/www.gaveanews.com\/index.php\/2025\/04\/01\/veja-quando-arrasceta-e-danilo-vao-voltar-a-jogar-pelo-flamengo\/","title":{"rendered":"Veja quando Arrasceta e Danilo v\u00e3o voltar a jogar pelo Flamengo"},"content":{"rendered":"\n<p>O Flamengo iniciou a semana com foco total na estreia pela Copa Libertadores, mas sem poder contar com duas pe\u00e7as importantes do elenco. Arrascaeta e Danilo seguem em recupera\u00e7\u00e3o de les\u00f5es musculares e est\u00e3o fora do confronto contra o Deportivo T\u00e1chira, que ser\u00e1 disputado na pr\u00f3xima quinta-feira (03), \u00e0s 21h30 (hor\u00e1rio de Bras\u00edlia), na Venezuela.<\/p>\n\n\n\n<p>Conforme informa\u00e7\u00f5es divulgadas pelo clube e pela imprensa, o meia uruguaio sofreu uma les\u00e3o no adutor da coxa direita durante compromisso pela sele\u00e7\u00e3o de seu pa\u00eds, em partida v\u00e1lida pelas Eliminat\u00f3rias da Copa do Mundo. \u201cArrascaeta iniciou trabalhos em campo com a fisioterapia no \u00faltimo s\u00e1bado e deu sequ\u00eancia nesta segunda-feira (31), seguindo o planejamento de recupera\u00e7\u00e3o estabelecido pelo Departamento M\u00e9dico\u201d, informou o Flamengo.<\/p>\n\n\n\n<p>Danilo, por sua vez, se lesionou durante os treinamentos no CT do Ninho do Urubu. O diagn\u00f3stico foi de contus\u00e3o muscular grau 1 na posterior da coxa direita. Assim como Arrascaeta, ele permanece sob os cuidados do departamento m\u00e9dico e est\u00e1 vetado para a estreia na competi\u00e7\u00e3o continental. \u201cSegue planejamento de recupera\u00e7\u00e3o estabelecido pelo clube\u201d, destacou a nota oficial.<\/p>\n\n\n\n<p>Apesar das aus\u00eancias para a primeira rodada, h\u00e1 uma expectativa concreta para o retorno dos dois atletas. A previs\u00e3o \u00e9 de que ambos fiquem \u00e0 disposi\u00e7\u00e3o do t\u00e9cnico Filipe Lu\u00eds a partir da segunda rodada da fase de grupos da Libertadores. O Flamengo enfrentar\u00e1 o Central C\u00f3rdoba, da Argentina, no dia 09 de abril (quarta-feira), no Maracan\u00e3.<\/p>\n\n\n\n<p>Ali\u00e1s, as aus\u00eancias de Arrascaeta e Danilo obrigam a comiss\u00e3o t\u00e9cnica a buscar alternativas no elenco para suprir as lacunas. No caso do meia uruguaio, que convive com les\u00f5es recorrentes nas \u00faltimas temporadas, a diretoria j\u00e1 avalia o mercado em busca de um substituto. A ideia \u00e9 agir na pr\u00f3xima janela de transfer\u00eancias. Andreas Pereira, que teve passagem anterior pelo clube, \u00e9 um dos nomes considerados.<\/p>\n\n\n\n<p>Enquanto isso, os dois atletas permanecem sob avalia\u00e7\u00e3o m\u00e9dica e cumprem cronograma espec\u00edfico de recupera\u00e7\u00e3o. Ainda que estejam fora do compromisso na Venezuela, a defini\u00e7\u00e3o sobre a libera\u00e7\u00e3o para atuar na rodada seguinte depender\u00e1 da resposta f\u00edsica apresentada nos pr\u00f3ximos dias.<\/p>\n","protected":false},"excerpt":{"rendered":"<p>O Flamengo iniciou a semana com foco total na estreia pela Copa Libertadores, mas sem poder contar com duas pe\u00e7as importantes do elenco. Arrascaeta e Danilo seguem em recupera\u00e7\u00e3o de les\u00f5es musculares e est\u00e3o fora do confronto contra o Deportivo T\u00e1chira, que ser\u00e1 disputado na pr\u00f3xima quinta-feira (03), \u00e0s 21h30 (hor\u00e1rio de Bras\u00edlia), na Venezuela. [&hellip;]<\/p>\n","protected":false},"author":18,"featured_media":218093,"comment_status":"open","ping_status":"closed","sticky":false,"template":"","format":"standard","meta":{"footnotes":""},"categories":[1],"tags":[],"class_list":["post-247362","post","type-post","status-publish","format-standard","has-post-thumbnail","hentry","category-flamengo"],"yoast_head":"<!-- This site is optimized with the Yoast SEO Premium plugin v24.2 (Yoast SEO v26.9) - https:\/\/yoast.com\/product\/yoast-seo-premium-wordpress\/ -->\n<title>Veja quando Arrasceta e Danilo v\u00e3o voltar a jogar pelo Flamengo<\/title>\n<meta name=\"robots\" content=\"index, follow, max-snippet:-1, max-image-preview:large, max-video-preview:-1\" \/>\n<link rel=\"canonical\" href=\"https:\/\/www.gaveanews.com\/index.php\/2025\/04\/01\/veja-quando-arrasceta-e-danilo-vao-voltar-a-jogar-pelo-flamengo\/\" \/>\n<meta property=\"og:locale\" content=\"pt_BR\" \/>\n<meta property=\"og:type\" content=\"article\" \/>\n<meta property=\"og:title\" content=\"Veja quando Arrasceta e Danilo v\u00e3o voltar a jogar pelo Flamengo\" \/>\n<meta property=\"og:description\" content=\"O Flamengo iniciou a semana com foco total na estreia pela Copa Libertadores, mas sem poder contar com duas pe\u00e7as importantes do elenco. Arrascaeta e Danilo seguem em recupera\u00e7\u00e3o de les\u00f5es musculares e est\u00e3o fora do confronto contra o Deportivo T\u00e1chira, que ser\u00e1 disputado na pr\u00f3xima quinta-feira (03), \u00e0s 21h30 (hor\u00e1rio de Bras\u00edlia), na Venezuela. [&hellip;]\" \/>\n<meta property=\"og:url\" content=\"https:\/\/www.gaveanews.com\/index.php\/2025\/04\/01\/veja-quando-arrasceta-e-danilo-vao-voltar-a-jogar-pelo-flamengo\/\" \/>\n<meta property=\"og:site_name\" content=\"G\u00e1vea News\" \/>\n<meta property=\"article:publisher\" content=\"https:\/\/facebook.com\/gaveaNews\/\" \/>\n<meta property=\"article:published_time\" content=\"2025-04-01T04:50:00+00:00\" \/>\n<meta property=\"og:image\" content=\"https:\/\/www.gaveanews.com\/wp-content\/uploads\/Arrascaeta-estreia-camisa-10-do-Flamengo.webp\" \/>\n\t<meta property=\"og:image:width\" content=\"489\" \/>\n\t<meta property=\"og:image:height\" content=\"581\" \/>\n\t<meta property=\"og:image:type\" content=\"image\/jpeg\" \/>\n<meta name=\"author\" content=\"Paula Silva\" \/>\n<meta name=\"twitter:card\" content=\"summary_large_image\" \/>\n<meta name=\"twitter:label1\" content=\"Escrito por\" \/>\n\t<meta name=\"twitter:data1\" content=\"Paula Silva\" \/>\n\t<meta name=\"twitter:label2\" content=\"Est. tempo de leitura\" \/>\n\t<meta name=\"twitter:data2\" content=\"3 minutos\" \/>\n<script type=\"application\/ld+json\" class=\"yoast-schema-graph\">{\"@context\":\"https:\/\/schema.org\",\"@graph\":[{\"@type\":\"NewsArticle\",\"@id\":\"https:\/\/www.gaveanews.com\/index.php\/2025\/04\/01\/veja-quando-arrasceta-e-danilo-vao-voltar-a-jogar-pelo-flamengo\/#article\",\"isPartOf\":{\"@id\":\"https:\/\/www.gaveanews.com\/index.php\/2025\/04\/01\/veja-quando-arrasceta-e-danilo-vao-voltar-a-jogar-pelo-flamengo\/\"},\"author\":{\"name\":\"Paula Silva\",\"@id\":\"https:\/\/www.gaveanews.com\/#\/schema\/person\/daf63eec72e1164eb13dc35096c2b8da\"},\"headline\":\"Veja quando Arrasceta e Danilo v\u00e3o voltar a jogar pelo Flamengo\",\"datePublished\":\"2025-04-01T04:50:00+00:00\",\"mainEntityOfPage\":{\"@id\":\"https:\/\/www.gaveanews.com\/index.php\/2025\/04\/01\/veja-quando-arrasceta-e-danilo-vao-voltar-a-jogar-pelo-flamengo\/\"},\"wordCount\":390,\"commentCount\":0,\"image\":{\"@id\":\"https:\/\/www.gaveanews.com\/index.php\/2025\/04\/01\/veja-quando-arrasceta-e-danilo-vao-voltar-a-jogar-pelo-flamengo\/#primaryimage\"},\"thumbnailUrl\":\"https:\/\/www.gaveanews.com\/wp-content\/uploads\/Arrascaeta-estreia-camisa-10-do-Flamengo.webp\",\"articleSection\":[\"Flamengo\"],\"inLanguage\":\"pt-BR\",\"potentialAction\":[{\"@type\":\"CommentAction\",\"name\":\"Comment\",\"target\":[\"https:\/\/www.gaveanews.com\/index.php\/2025\/04\/01\/veja-quando-arrasceta-e-danilo-vao-voltar-a-jogar-pelo-flamengo\/#respond\"]}],\"copyrightYear\":\"2025\",\"copyrightHolder\":{\"@id\":\"https:\/\/www.gaveanews.com\/#organization\"}},{\"@type\":\"WebPage\",\"@id\":\"https:\/\/www.gaveanews.com\/index.php\/2025\/04\/01\/veja-quando-arrasceta-e-danilo-vao-voltar-a-jogar-pelo-flamengo\/\",\"url\":\"https:\/\/www.gaveanews.com\/index.php\/2025\/04\/01\/veja-quando-arrasceta-e-danilo-vao-voltar-a-jogar-pelo-flamengo\/\",\"name\":\"Veja quando Arrasceta e Danilo v\u00e3o voltar a jogar pelo Flamengo\",\"isPartOf\":{\"@id\":\"https:\/\/www.gaveanews.com\/#website\"},\"primaryImageOfPage\":{\"@id\":\"https:\/\/www.gaveanews.com\/index.php\/2025\/04\/01\/veja-quando-arrasceta-e-danilo-vao-voltar-a-jogar-pelo-flamengo\/#primaryimage\"},\"image\":{\"@id\":\"https:\/\/www.gaveanews.com\/index.php\/2025\/04\/01\/veja-quando-arrasceta-e-danilo-vao-voltar-a-jogar-pelo-flamengo\/#primaryimage\"},\"thumbnailUrl\":\"https:\/\/www.gaveanews.com\/wp-content\/uploads\/Arrascaeta-estreia-camisa-10-do-Flamengo.webp\",\"datePublished\":\"2025-04-01T04:50:00+00:00\",\"author\":{\"@id\":\"https:\/\/www.gaveanews.com\/#\/schema\/person\/daf63eec72e1164eb13dc35096c2b8da\"},\"breadcrumb\":{\"@id\":\"https:\/\/www.gaveanews.com\/index.php\/2025\/04\/01\/veja-quando-arrasceta-e-danilo-vao-voltar-a-jogar-pelo-flamengo\/#breadcrumb\"},\"inLanguage\":\"pt-BR\",\"potentialAction\":[{\"@type\":\"ReadAction\",\"target\":[\"https:\/\/www.gaveanews.com\/index.php\/2025\/04\/01\/veja-quando-arrasceta-e-danilo-vao-voltar-a-jogar-pelo-flamengo\/\"]}]},{\"@type\":\"ImageObject\",\"inLanguage\":\"pt-BR\",\"@id\":\"https:\/\/www.gaveanews.com\/index.php\/2025\/04\/01\/veja-quando-arrasceta-e-danilo-vao-voltar-a-jogar-pelo-flamengo\/#primaryimage\",\"url\":\"https:\/\/www.gaveanews.com\/wp-content\/uploads\/Arrascaeta-estreia-camisa-10-do-Flamengo.webp\",\"contentUrl\":\"https:\/\/www.gaveanews.com\/wp-content\/uploads\/Arrascaeta-estreia-camisa-10-do-Flamengo.webp\",\"width\":489,\"height\":581,\"caption\":\"Arrascaeta estreia camisa 10 do Flamengo (Foto: Gilvan de Souza\/Flamengo)\"},{\"@type\":\"BreadcrumbList\",\"@id\":\"https:\/\/www.gaveanews.com\/index.php\/2025\/04\/01\/veja-quando-arrasceta-e-danilo-vao-voltar-a-jogar-pelo-flamengo\/#breadcrumb\",\"itemListElement\":[{\"@type\":\"ListItem\",\"position\":1,\"name\":\"Home\",\"item\":\"https:\/\/www.gaveanews.com\/\"},{\"@type\":\"ListItem\",\"position\":2,\"name\":\"Veja quando Arrasceta e Danilo v\u00e3o voltar a jogar pelo Flamengo\"}]},{\"@type\":\"WebSite\",\"@id\":\"https:\/\/www.gaveanews.com\/#website\",\"url\":\"https:\/\/www.gaveanews.com\/\",\"name\":\"G\u00e1vea News\",\"description\":\"Veja todas as not\u00edcias sobre o Flamengo: Contrata\u00e7\u00f5es, categorias de base, resultados das partidas, tabela de classifica\u00e7\u00e3o, pr\u00f3ximos jogos!\",\"potentialAction\":[{\"@type\":\"SearchAction\",\"target\":{\"@type\":\"EntryPoint\",\"urlTemplate\":\"https:\/\/www.gaveanews.com\/?s={search_term_string}\"},\"query-input\":{\"@type\":\"PropertyValueSpecification\",\"valueRequired\":true,\"valueName\":\"search_term_string\"}}],\"inLanguage\":\"pt-BR\"},{\"@type\":\"Person\",\"@id\":\"https:\/\/www.gaveanews.com\/#\/schema\/person\/daf63eec72e1164eb13dc35096c2b8da\",\"name\":\"Paula Silva\",\"image\":{\"@type\":\"ImageObject\",\"inLanguage\":\"pt-BR\",\"@id\":\"https:\/\/www.gaveanews.com\/#\/schema\/person\/image\/\",\"url\":\"https:\/\/secure.gravatar.com\/avatar\/eda381c845527cc5d64c13b901833cda29d97500ba040d3e6461f76f51d163bb?s=96&d=mm&r=g\",\"contentUrl\":\"https:\/\/secure.gravatar.com\/avatar\/eda381c845527cc5d64c13b901833cda29d97500ba040d3e6461f76f51d163bb?s=96&d=mm&r=g\",\"caption\":\"Paula Silva\"}}]}<\/script>\n<!-- \/ Yoast SEO Premium plugin. -->","yoast_head_json":{"title":"Veja quando Arrasceta e Danilo v\u00e3o voltar a jogar pelo Flamengo","robots":{"index":"index","follow":"follow","max-snippet":"max-snippet:-1","max-image-preview":"max-image-preview:large","max-video-preview":"max-video-preview:-1"},"canonical":"https:\/\/www.gaveanews.com\/index.php\/2025\/04\/01\/veja-quando-arrasceta-e-danilo-vao-voltar-a-jogar-pelo-flamengo\/","og_locale":"pt_BR","og_type":"article","og_title":"Veja quando Arrasceta e Danilo v\u00e3o voltar a jogar pelo Flamengo","og_description":"O Flamengo iniciou a semana com foco total na estreia pela Copa Libertadores, mas sem poder contar com duas pe\u00e7as importantes do elenco. Arrascaeta e Danilo seguem em recupera\u00e7\u00e3o de les\u00f5es musculares e est\u00e3o fora do confronto contra o Deportivo T\u00e1chira, que ser\u00e1 disputado na pr\u00f3xima quinta-feira (03), \u00e0s 21h30 (hor\u00e1rio de Bras\u00edlia), na Venezuela. [&hellip;]","og_url":"https:\/\/www.gaveanews.com\/index.php\/2025\/04\/01\/veja-quando-arrasceta-e-danilo-vao-voltar-a-jogar-pelo-flamengo\/","og_site_name":"G\u00e1vea News","article_publisher":"https:\/\/facebook.com\/gaveaNews\/","article_published_time":"2025-04-01T04:50:00+00:00","og_image":[{"width":489,"height":581,"url":"https:\/\/www.gaveanews.com\/wp-content\/uploads\/Arrascaeta-estreia-camisa-10-do-Flamengo.webp","type":"image\/jpeg"}],"author":"Paula Silva","twitter_card":"summary_large_image","twitter_misc":{"Escrito por":"Paula Silva","Est. tempo de leitura":"3 minutos"},"schema":{"@context":"https:\/\/schema.org","@graph":[{"@type":"NewsArticle","@id":"https:\/\/www.gaveanews.com\/index.php\/2025\/04\/01\/veja-quando-arrasceta-e-danilo-vao-voltar-a-jogar-pelo-flamengo\/#article","isPartOf":{"@id":"https:\/\/www.gaveanews.com\/index.php\/2025\/04\/01\/veja-quando-arrasceta-e-danilo-vao-voltar-a-jogar-pelo-flamengo\/"},"author":{"name":"Paula Silva","@id":"https:\/\/www.gaveanews.com\/#\/schema\/person\/daf63eec72e1164eb13dc35096c2b8da"},"headline":"Veja quando Arrasceta e Danilo v\u00e3o voltar a jogar pelo Flamengo","datePublished":"2025-04-01T04:50:00+00:00","mainEntityOfPage":{"@id":"https:\/\/www.gaveanews.com\/index.php\/2025\/04\/01\/veja-quando-arrasceta-e-danilo-vao-voltar-a-jogar-pelo-flamengo\/"},"wordCount":390,"commentCount":0,"image":{"@id":"https:\/\/www.gaveanews.com\/index.php\/2025\/04\/01\/veja-quando-arrasceta-e-danilo-vao-voltar-a-jogar-pelo-flamengo\/#primaryimage"},"thumbnailUrl":"https:\/\/www.gaveanews.com\/wp-content\/uploads\/Arrascaeta-estreia-camisa-10-do-Flamengo.webp","articleSection":["Flamengo"],"inLanguage":"pt-BR","potentialAction":[{"@type":"CommentAction","name":"Comment","target":["https:\/\/www.gaveanews.com\/index.php\/2025\/04\/01\/veja-quando-arrasceta-e-danilo-vao-voltar-a-jogar-pelo-flamengo\/#respond"]}],"copyrightYear":"2025","copyrightHolder":{"@id":"https:\/\/www.gaveanews.com\/#organization"}},{"@type":"WebPage","@id":"https:\/\/www.gaveanews.com\/index.php\/2025\/04\/01\/veja-quando-arrasceta-e-danilo-vao-voltar-a-jogar-pelo-flamengo\/","url":"https:\/\/www.gaveanews.com\/index.php\/2025\/04\/01\/veja-quando-arrasceta-e-danilo-vao-voltar-a-jogar-pelo-flamengo\/","name":"Veja quando Arrasceta e Danilo v\u00e3o voltar a jogar pelo Flamengo","isPartOf":{"@id":"https:\/\/www.gaveanews.com\/#website"},"primaryImageOfPage":{"@id":"https:\/\/www.gaveanews.com\/index.php\/2025\/04\/01\/veja-quando-arrasceta-e-danilo-vao-voltar-a-jogar-pelo-flamengo\/#primaryimage"},"image":{"@id":"https:\/\/www.gaveanews.com\/index.php\/2025\/04\/01\/veja-quando-arrasceta-e-danilo-vao-voltar-a-jogar-pelo-flamengo\/#primaryimage"},"thumbnailUrl":"https:\/\/www.gaveanews.com\/wp-content\/uploads\/Arrascaeta-estreia-camisa-10-do-Flamengo.webp","datePublished":"2025-04-01T04:50:00+00:00","author":{"@id":"https:\/\/www.gaveanews.com\/#\/schema\/person\/daf63eec72e1164eb13dc35096c2b8da"},"breadcrumb":{"@id":"https:\/\/www.gaveanews.com\/index.php\/2025\/04\/01\/veja-quando-arrasceta-e-danilo-vao-voltar-a-jogar-pelo-flamengo\/#breadcrumb"},"inLanguage":"pt-BR","potentialAction":[{"@type":"ReadAction","target":["https:\/\/www.gaveanews.com\/index.php\/2025\/04\/01\/veja-quando-arrasceta-e-danilo-vao-voltar-a-jogar-pelo-flamengo\/"]}]},{"@type":"ImageObject","inLanguage":"pt-BR","@id":"https:\/\/www.gaveanews.com\/index.php\/2025\/04\/01\/veja-quando-arrasceta-e-danilo-vao-voltar-a-jogar-pelo-flamengo\/#primaryimage","url":"https:\/\/www.gaveanews.com\/wp-content\/uploads\/Arrascaeta-estreia-camisa-10-do-Flamengo.webp","contentUrl":"https:\/\/www.gaveanews.com\/wp-content\/uploads\/Arrascaeta-estreia-camisa-10-do-Flamengo.webp","width":489,"height":581,"caption":"Arrascaeta estreia camisa 10 do Flamengo (Foto: Gilvan de Souza\/Flamengo)"},{"@type":"BreadcrumbList","@id":"https:\/\/www.gaveanews.com\/index.php\/2025\/04\/01\/veja-quando-arrasceta-e-danilo-vao-voltar-a-jogar-pelo-flamengo\/#breadcrumb","itemListElement":[{"@type":"ListItem","position":1,"name":"Home","item":"https:\/\/www.gaveanews.com\/"},{"@type":"ListItem","position":2,"name":"Veja quando Arrasceta e Danilo v\u00e3o voltar a jogar pelo Flamengo"}]},{"@type":"WebSite","@id":"https:\/\/www.gaveanews.com\/#website","url":"https:\/\/www.gaveanews.com\/","name":"G\u00e1vea News","description":"Veja todas as not\u00edcias sobre o Flamengo: Contrata\u00e7\u00f5es, categorias de base, resultados das partidas, tabela de classifica\u00e7\u00e3o, pr\u00f3ximos jogos!","potentialAction":[{"@type":"SearchAction","target":{"@type":"EntryPoint","urlTemplate":"https:\/\/www.gaveanews.com\/?s={search_term_string}"},"query-input":{"@type":"PropertyValueSpecification","valueRequired":true,"valueName":"search_term_string"}}],"inLanguage":"pt-BR"},{"@type":"Person","@id":"https:\/\/www.gaveanews.com\/#\/schema\/person\/daf63eec72e1164eb13dc35096c2b8da","name":"Paula Silva","image":{"@type":"ImageObject","inLanguage":"pt-BR","@id":"https:\/\/www.gaveanews.com\/#\/schema\/person\/image\/","url":"https:\/\/secure.gravatar.com\/avatar\/eda381c845527cc5d64c13b901833cda29d97500ba040d3e6461f76f51d163bb?s=96&d=mm&r=g","contentUrl":"https:\/\/secure.gravatar.com\/avatar\/eda381c845527cc5d64c13b901833cda29d97500ba040d3e6461f76f51d163bb?s=96&d=mm&r=g","caption":"Paula Silva"}}]}},"_links":{"self":[{"href":"https:\/\/www.gaveanews.com\/index.php\/wp-json\/wp\/v2\/posts\/247362","targetHints":{"allow":["GET"]}}],"collection":[{"href":"https:\/\/www.gaveanews.com\/index.php\/wp-json\/wp\/v2\/posts"}],"about":[{"href":"https:\/\/www.gaveanews.com\/index.php\/wp-json\/wp\/v2\/types\/post"}],"author":[{"embeddable":true,"href":"https:\/\/www.gaveanews.com\/index.php\/wp-json\/wp\/v2\/users\/18"}],"replies":[{"embeddable":true,"href":"https:\/\/www.gaveanews.com\/index.php\/wp-json\/wp\/v2\/comments?post=247362"}],"version-history":[{"count":1,"href":"https:\/\/www.gaveanews.com\/index.php\/wp-json\/wp\/v2\/posts\/247362\/revisions"}],"predecessor-version":[{"id":247365,"href":"https:\/\/www.gaveanews.com\/index.php\/wp-json\/wp\/v2\/posts\/247362\/revisions\/247365"}],"wp:featuredmedia":[{"embeddable":true,"href":"https:\/\/www.gaveanews.com\/index.php\/wp-json\/wp\/v2\/media\/218093"}],"wp:attachment":[{"href":"https:\/\/www.gaveanews.com\/index.php\/wp-json\/wp\/v2\/media?parent=247362"}],"wp:term":[{"taxonomy":"category","embeddable":true,"href":"https:\/\/www.gaveanews.com\/index.php\/wp-json\/wp\/v2\/categories?post=247362"},{"taxonomy":"post_tag","embeddable":true,"href":"https:\/\/www.gaveanews.com\/index.php\/wp-json\/wp\/v2\/tags?post=247362"}],"curies":[{"name":"wp","href":"https:\/\/api.w.org\/{rel}","templated":true}]}}