{"id":247373,"date":"2025-04-01T02:05:00","date_gmt":"2025-04-01T05:05:00","guid":{"rendered":"https:\/\/www.gaveanews.com\/?p=247373"},"modified":"2025-03-31T22:31:07","modified_gmt":"2025-04-01T01:31:07","slug":"regra-nao-e-aplicada-durante-o-jogo-entre-palmeiras-x-botafogo","status":"publish","type":"post","link":"https:\/\/www.gaveanews.com\/index.php\/2025\/04\/01\/regra-nao-e-aplicada-durante-o-jogo-entre-palmeiras-x-botafogo\/","title":{"rendered":"Regra n\u00e3o \u00e9 aplicada durante o jogo entre Palmeiras x Botafogo"},"content":{"rendered":"\n<p>O empate sem gols entre Palmeiras e Botafogo, no \u00faltimo domingo (30 de mar\u00e7o), no Allianz Parque, marcou a estreia de ambas as equipes no Campeonato Brasileiro. Contudo, um lance nos acr\u00e9scimos do segundo tempo chamou a aten\u00e7\u00e3o, n\u00e3o pelo placar, mas pela n\u00e3o aplica\u00e7\u00e3o de uma regra que passou a ser observada na competi\u00e7\u00e3o nacional.<\/p>\n\n\n\n<p>Aos 48 minutos da etapa final, o goleiro John, do Botafogo, encaixou a bola ap\u00f3s tentativa de lan\u00e7amento de Giay para Est\u00eav\u00e3o. Ap\u00f3s a defesa, o arqueiro caiu no gramado e permaneceu com a posse por aproximadamente 20 segundos. Durante esse intervalo, o \u00e1rbitro Ramon Abatti Abel levou tempo para iniciar a contagem prevista pela nova regulamenta\u00e7\u00e3o da Fifa, e o lance seguiu sem qualquer tipo de puni\u00e7\u00e3o.<\/p>\n\n\n\n<figure class=\"wp-block-image size-large\"><img loading=\"lazy\" decoding=\"async\" width=\"819\" height=\"1024\" src=\"http:\/\/www.gaveanews.com\/wp-content\/uploads\/johnvictor_1707255982338-819x1024.webp\" alt=\"John, goleiro do Botafogo (Foto: Reprodu\u00e7\u00e3o\/Instagram)\" class=\"wp-image-125909\" srcset=\"https:\/\/www.gaveanews.com\/wp-content\/uploads\/johnvictor_1707255982338-819x1024.webp 819w, https:\/\/www.gaveanews.com\/wp-content\/uploads\/johnvictor_1707255982338-240x300.webp 240w, https:\/\/www.gaveanews.com\/wp-content\/uploads\/johnvictor_1707255982338-768x960.webp 768w, https:\/\/www.gaveanews.com\/wp-content\/uploads\/johnvictor_1707255982338-1229x1536.webp 1229w, https:\/\/www.gaveanews.com\/wp-content\/uploads\/johnvictor_1707255982338-336x420.webp 336w, https:\/\/www.gaveanews.com\/wp-content\/uploads\/johnvictor_1707255982338-672x840.webp 672w, https:\/\/www.gaveanews.com\/wp-content\/uploads\/johnvictor_1707255982338-640x800.webp 640w, https:\/\/www.gaveanews.com\/wp-content\/uploads\/johnvictor_1707255982338-1280x1600.webp 1280w, https:\/\/www.gaveanews.com\/wp-content\/uploads\/johnvictor_1707255982338-681x851.webp 681w, https:\/\/www.gaveanews.com\/wp-content\/uploads\/johnvictor_1707255982338-1362x1703.webp 1362w, https:\/\/www.gaveanews.com\/wp-content\/uploads\/johnvictor_1707255982338-100x125.webp 100w, https:\/\/www.gaveanews.com\/wp-content\/uploads\/johnvictor_1707255982338.webp 1440w\" sizes=\"auto, (max-width: 819px) 100vw, 819px\" \/><figcaption class=\"wp-element-caption\">John, goleiro do Botafogo (Foto: Reprodu\u00e7\u00e3o\/Instagram)<\/figcaption><\/figure>\n\n\n\n<p>De acordo com a nova diretriz da Fifa, caso o goleiro mantenha a bola nas m\u00e3os por mais de oito segundos, a arbitragem deve assinalar escanteio a favor do time advers\u00e1rio. Essa regra, que entrar\u00e1 em vigor oficialmente durante o Mundial de Clubes, entre junho e julho, j\u00e1 come\u00e7ou a ser utilizada de forma antecipada pela CBF nas partidas do Brasileir\u00e3o.<\/p>\n\n\n\n<p>Anteriormente, a orienta\u00e7\u00e3o previa tiro livre indireto para a equipe advers\u00e1ria quando o tempo de posse ultrapassava seis segundos. No entanto, como raramente esse tipo de infra\u00e7\u00e3o era punido \u2014 at\u00e9 por representar perigo direto \u00e0 meta do goleiro infrator \u2014, a Fifa decidiu alterar a forma de penaliza\u00e7\u00e3o. A ideia \u00e9 que a nova medida seja mais eficaz e aplic\u00e1vel dentro do contexto do jogo.<\/p>\n\n\n\n<p>Apesar disso, o que se viu na partida entre Palmeiras e Botafogo foi justamente o contr\u00e1rio da inten\u00e7\u00e3o da nova norma. A arbitragem n\u00e3o interveio, ainda que o tempo ultrapassado tenha sido claramente vis\u00edvel. O lance evidencia a dificuldade de adapta\u00e7\u00e3o \u00e0s mudan\u00e7as, tanto por parte dos \u00e1rbitros quanto dos atletas, nesse in\u00edcio de competi\u00e7\u00e3o.<\/p>\n\n\n\n<p>At\u00e9 o momento, nenhum dos sete jogos da primeira rodada contou com a aplica\u00e7\u00e3o da nova regra. Isso evidencia um cen\u00e1rio de transi\u00e7\u00e3o, no qual a teoria ainda n\u00e3o se converteu em pr\u00e1tica. A expectativa, ali\u00e1s, \u00e9 que, com o avan\u00e7o do campeonato, esse tipo de conduta passe a ser corrigida com mais frequ\u00eancia, garantindo o cumprimento das atualiza\u00e7\u00f5es propostas para o futebol.<\/p>\n","protected":false},"excerpt":{"rendered":"<p>O empate sem gols entre Palmeiras e Botafogo, no \u00faltimo domingo (30 de mar\u00e7o), no Allianz Parque, marcou a estreia de ambas as equipes no Campeonato Brasileiro. Contudo, um lance nos acr\u00e9scimos do segundo tempo chamou a aten\u00e7\u00e3o, n\u00e3o pelo placar, mas pela n\u00e3o aplica\u00e7\u00e3o de uma regra que passou a ser observada na competi\u00e7\u00e3o [&hellip;]<\/p>\n","protected":false},"author":27,"featured_media":152852,"comment_status":"open","ping_status":"closed","sticky":false,"template":"","format":"standard","meta":{"footnotes":""},"categories":[138,150],"tags":[],"class_list":["post-247373","post","type-post","status-publish","format-standard","has-post-thumbnail","hentry","category-botafogo","category-palmeiras"],"yoast_head":"<!-- This site is optimized with the Yoast SEO Premium plugin v24.2 (Yoast SEO v26.9) - https:\/\/yoast.com\/product\/yoast-seo-premium-wordpress\/ -->\n<title>Regra n\u00e3o \u00e9 aplicada durante o jogo entre Palmeiras x Botafogo<\/title>\n<meta name=\"robots\" content=\"index, follow, max-snippet:-1, max-image-preview:large, max-video-preview:-1\" \/>\n<link rel=\"canonical\" href=\"https:\/\/www.gaveanews.com\/index.php\/2025\/04\/01\/regra-nao-e-aplicada-durante-o-jogo-entre-palmeiras-x-botafogo\/\" \/>\n<meta property=\"og:locale\" content=\"pt_BR\" \/>\n<meta property=\"og:type\" content=\"article\" \/>\n<meta property=\"og:title\" content=\"Regra n\u00e3o \u00e9 aplicada durante o jogo entre Palmeiras x Botafogo\" \/>\n<meta property=\"og:description\" content=\"O empate sem gols entre Palmeiras e Botafogo, no \u00faltimo domingo (30 de mar\u00e7o), no Allianz Parque, marcou a estreia de ambas as equipes no Campeonato Brasileiro. Contudo, um lance nos acr\u00e9scimos do segundo tempo chamou a aten\u00e7\u00e3o, n\u00e3o pelo placar, mas pela n\u00e3o aplica\u00e7\u00e3o de uma regra que passou a ser observada na competi\u00e7\u00e3o [&hellip;]\" \/>\n<meta property=\"og:url\" content=\"https:\/\/www.gaveanews.com\/index.php\/2025\/04\/01\/regra-nao-e-aplicada-durante-o-jogo-entre-palmeiras-x-botafogo\/\" \/>\n<meta property=\"og:site_name\" content=\"G\u00e1vea News\" \/>\n<meta property=\"article:publisher\" content=\"https:\/\/facebook.com\/gaveaNews\/\" \/>\n<meta property=\"article:published_time\" content=\"2025-04-01T05:05:00+00:00\" \/>\n<meta property=\"og:image\" content=\"https:\/\/www.gaveanews.com\/wp-content\/uploads\/Raphael-Veiga-em-acao-durante-o-jogo-entre-Palmeiras-x-Botafogo.webp\" \/>\n\t<meta property=\"og:image:width\" content=\"900\" \/>\n\t<meta property=\"og:image:height\" content=\"600\" \/>\n\t<meta property=\"og:image:type\" content=\"image\/webp\" \/>\n<meta name=\"author\" content=\"Matheus Felipe\" \/>\n<meta name=\"twitter:card\" content=\"summary_large_image\" \/>\n<meta name=\"twitter:label1\" content=\"Escrito por\" \/>\n\t<meta name=\"twitter:data1\" content=\"Matheus Felipe\" \/>\n\t<meta name=\"twitter:label2\" content=\"Est. tempo de leitura\" \/>\n\t<meta name=\"twitter:data2\" content=\"3 minutos\" \/>\n<script type=\"application\/ld+json\" class=\"yoast-schema-graph\">{\"@context\":\"https:\/\/schema.org\",\"@graph\":[{\"@type\":\"NewsArticle\",\"@id\":\"https:\/\/www.gaveanews.com\/index.php\/2025\/04\/01\/regra-nao-e-aplicada-durante-o-jogo-entre-palmeiras-x-botafogo\/#article\",\"isPartOf\":{\"@id\":\"https:\/\/www.gaveanews.com\/index.php\/2025\/04\/01\/regra-nao-e-aplicada-durante-o-jogo-entre-palmeiras-x-botafogo\/\"},\"author\":{\"name\":\"Matheus Felipe\",\"@id\":\"https:\/\/www.gaveanews.com\/#\/schema\/person\/8207cd4627f56151707418bfc835b2fb\"},\"headline\":\"Regra n\u00e3o \u00e9 aplicada durante o jogo entre Palmeiras x Botafogo\",\"datePublished\":\"2025-04-01T05:05:00+00:00\",\"mainEntityOfPage\":{\"@id\":\"https:\/\/www.gaveanews.com\/index.php\/2025\/04\/01\/regra-nao-e-aplicada-durante-o-jogo-entre-palmeiras-x-botafogo\/\"},\"wordCount\":420,\"commentCount\":0,\"image\":{\"@id\":\"https:\/\/www.gaveanews.com\/index.php\/2025\/04\/01\/regra-nao-e-aplicada-durante-o-jogo-entre-palmeiras-x-botafogo\/#primaryimage\"},\"thumbnailUrl\":\"https:\/\/www.gaveanews.com\/wp-content\/uploads\/Raphael-Veiga-em-acao-durante-o-jogo-entre-Palmeiras-x-Botafogo.webp\",\"articleSection\":[\"Botafogo\",\"Palmeiras\"],\"inLanguage\":\"pt-BR\",\"potentialAction\":[{\"@type\":\"CommentAction\",\"name\":\"Comment\",\"target\":[\"https:\/\/www.gaveanews.com\/index.php\/2025\/04\/01\/regra-nao-e-aplicada-durante-o-jogo-entre-palmeiras-x-botafogo\/#respond\"]}],\"copyrightYear\":\"2025\",\"copyrightHolder\":{\"@id\":\"https:\/\/www.gaveanews.com\/#organization\"}},{\"@type\":\"WebPage\",\"@id\":\"https:\/\/www.gaveanews.com\/index.php\/2025\/04\/01\/regra-nao-e-aplicada-durante-o-jogo-entre-palmeiras-x-botafogo\/\",\"url\":\"https:\/\/www.gaveanews.com\/index.php\/2025\/04\/01\/regra-nao-e-aplicada-durante-o-jogo-entre-palmeiras-x-botafogo\/\",\"name\":\"Regra n\u00e3o \u00e9 aplicada durante o jogo entre Palmeiras x Botafogo\",\"isPartOf\":{\"@id\":\"https:\/\/www.gaveanews.com\/#website\"},\"primaryImageOfPage\":{\"@id\":\"https:\/\/www.gaveanews.com\/index.php\/2025\/04\/01\/regra-nao-e-aplicada-durante-o-jogo-entre-palmeiras-x-botafogo\/#primaryimage\"},\"image\":{\"@id\":\"https:\/\/www.gaveanews.com\/index.php\/2025\/04\/01\/regra-nao-e-aplicada-durante-o-jogo-entre-palmeiras-x-botafogo\/#primaryimage\"},\"thumbnailUrl\":\"https:\/\/www.gaveanews.com\/wp-content\/uploads\/Raphael-Veiga-em-acao-durante-o-jogo-entre-Palmeiras-x-Botafogo.webp\",\"datePublished\":\"2025-04-01T05:05:00+00:00\",\"author\":{\"@id\":\"https:\/\/www.gaveanews.com\/#\/schema\/person\/8207cd4627f56151707418bfc835b2fb\"},\"breadcrumb\":{\"@id\":\"https:\/\/www.gaveanews.com\/index.php\/2025\/04\/01\/regra-nao-e-aplicada-durante-o-jogo-entre-palmeiras-x-botafogo\/#breadcrumb\"},\"inLanguage\":\"pt-BR\",\"potentialAction\":[{\"@type\":\"ReadAction\",\"target\":[\"https:\/\/www.gaveanews.com\/index.php\/2025\/04\/01\/regra-nao-e-aplicada-durante-o-jogo-entre-palmeiras-x-botafogo\/\"]}]},{\"@type\":\"ImageObject\",\"inLanguage\":\"pt-BR\",\"@id\":\"https:\/\/www.gaveanews.com\/index.php\/2025\/04\/01\/regra-nao-e-aplicada-durante-o-jogo-entre-palmeiras-x-botafogo\/#primaryimage\",\"url\":\"https:\/\/www.gaveanews.com\/wp-content\/uploads\/Raphael-Veiga-em-acao-durante-o-jogo-entre-Palmeiras-x-Botafogo.webp\",\"contentUrl\":\"https:\/\/www.gaveanews.com\/wp-content\/uploads\/Raphael-Veiga-em-acao-durante-o-jogo-entre-Palmeiras-x-Botafogo.webp\",\"width\":900,\"height\":600,\"caption\":\"Raphael Veiga em a\u00e7\u00e3o durante o jogo entre Palmeiras x Botafogo (Foto: Cesar Greco\/Palmeiras)\"},{\"@type\":\"BreadcrumbList\",\"@id\":\"https:\/\/www.gaveanews.com\/index.php\/2025\/04\/01\/regra-nao-e-aplicada-durante-o-jogo-entre-palmeiras-x-botafogo\/#breadcrumb\",\"itemListElement\":[{\"@type\":\"ListItem\",\"position\":1,\"name\":\"Home\",\"item\":\"https:\/\/www.gaveanews.com\/\"},{\"@type\":\"ListItem\",\"position\":2,\"name\":\"Regra n\u00e3o \u00e9 aplicada durante o jogo entre Palmeiras x Botafogo\"}]},{\"@type\":\"WebSite\",\"@id\":\"https:\/\/www.gaveanews.com\/#website\",\"url\":\"https:\/\/www.gaveanews.com\/\",\"name\":\"G\u00e1vea News\",\"description\":\"Veja todas as not\u00edcias sobre o Flamengo: Contrata\u00e7\u00f5es, categorias de base, resultados das partidas, tabela de classifica\u00e7\u00e3o, pr\u00f3ximos jogos!\",\"potentialAction\":[{\"@type\":\"SearchAction\",\"target\":{\"@type\":\"EntryPoint\",\"urlTemplate\":\"https:\/\/www.gaveanews.com\/?s={search_term_string}\"},\"query-input\":{\"@type\":\"PropertyValueSpecification\",\"valueRequired\":true,\"valueName\":\"search_term_string\"}}],\"inLanguage\":\"pt-BR\"},{\"@type\":\"Person\",\"@id\":\"https:\/\/www.gaveanews.com\/#\/schema\/person\/8207cd4627f56151707418bfc835b2fb\",\"name\":\"Matheus Felipe\",\"image\":{\"@type\":\"ImageObject\",\"inLanguage\":\"pt-BR\",\"@id\":\"https:\/\/www.gaveanews.com\/#\/schema\/person\/image\/\",\"url\":\"https:\/\/secure.gravatar.com\/avatar\/a452ffbed9130f726358b298bb3a99ce4bd3c5338411f8440e87e14d74c7c087?s=96&d=mm&r=g\",\"contentUrl\":\"https:\/\/secure.gravatar.com\/avatar\/a452ffbed9130f726358b298bb3a99ce4bd3c5338411f8440e87e14d74c7c087?s=96&d=mm&r=g\",\"caption\":\"Matheus Felipe\"}}]}<\/script>\n<!-- \/ Yoast SEO Premium plugin. -->","yoast_head_json":{"title":"Regra n\u00e3o \u00e9 aplicada durante o jogo entre Palmeiras x Botafogo","robots":{"index":"index","follow":"follow","max-snippet":"max-snippet:-1","max-image-preview":"max-image-preview:large","max-video-preview":"max-video-preview:-1"},"canonical":"https:\/\/www.gaveanews.com\/index.php\/2025\/04\/01\/regra-nao-e-aplicada-durante-o-jogo-entre-palmeiras-x-botafogo\/","og_locale":"pt_BR","og_type":"article","og_title":"Regra n\u00e3o \u00e9 aplicada durante o jogo entre Palmeiras x Botafogo","og_description":"O empate sem gols entre Palmeiras e Botafogo, no \u00faltimo domingo (30 de mar\u00e7o), no Allianz Parque, marcou a estreia de ambas as equipes no Campeonato Brasileiro. Contudo, um lance nos acr\u00e9scimos do segundo tempo chamou a aten\u00e7\u00e3o, n\u00e3o pelo placar, mas pela n\u00e3o aplica\u00e7\u00e3o de uma regra que passou a ser observada na competi\u00e7\u00e3o [&hellip;]","og_url":"https:\/\/www.gaveanews.com\/index.php\/2025\/04\/01\/regra-nao-e-aplicada-durante-o-jogo-entre-palmeiras-x-botafogo\/","og_site_name":"G\u00e1vea News","article_publisher":"https:\/\/facebook.com\/gaveaNews\/","article_published_time":"2025-04-01T05:05:00+00:00","og_image":[{"width":900,"height":600,"url":"https:\/\/www.gaveanews.com\/wp-content\/uploads\/Raphael-Veiga-em-acao-durante-o-jogo-entre-Palmeiras-x-Botafogo.webp","type":"image\/webp"}],"author":"Matheus Felipe","twitter_card":"summary_large_image","twitter_misc":{"Escrito por":"Matheus Felipe","Est. tempo de leitura":"3 minutos"},"schema":{"@context":"https:\/\/schema.org","@graph":[{"@type":"NewsArticle","@id":"https:\/\/www.gaveanews.com\/index.php\/2025\/04\/01\/regra-nao-e-aplicada-durante-o-jogo-entre-palmeiras-x-botafogo\/#article","isPartOf":{"@id":"https:\/\/www.gaveanews.com\/index.php\/2025\/04\/01\/regra-nao-e-aplicada-durante-o-jogo-entre-palmeiras-x-botafogo\/"},"author":{"name":"Matheus Felipe","@id":"https:\/\/www.gaveanews.com\/#\/schema\/person\/8207cd4627f56151707418bfc835b2fb"},"headline":"Regra n\u00e3o \u00e9 aplicada durante o jogo entre Palmeiras x Botafogo","datePublished":"2025-04-01T05:05:00+00:00","mainEntityOfPage":{"@id":"https:\/\/www.gaveanews.com\/index.php\/2025\/04\/01\/regra-nao-e-aplicada-durante-o-jogo-entre-palmeiras-x-botafogo\/"},"wordCount":420,"commentCount":0,"image":{"@id":"https:\/\/www.gaveanews.com\/index.php\/2025\/04\/01\/regra-nao-e-aplicada-durante-o-jogo-entre-palmeiras-x-botafogo\/#primaryimage"},"thumbnailUrl":"https:\/\/www.gaveanews.com\/wp-content\/uploads\/Raphael-Veiga-em-acao-durante-o-jogo-entre-Palmeiras-x-Botafogo.webp","articleSection":["Botafogo","Palmeiras"],"inLanguage":"pt-BR","potentialAction":[{"@type":"CommentAction","name":"Comment","target":["https:\/\/www.gaveanews.com\/index.php\/2025\/04\/01\/regra-nao-e-aplicada-durante-o-jogo-entre-palmeiras-x-botafogo\/#respond"]}],"copyrightYear":"2025","copyrightHolder":{"@id":"https:\/\/www.gaveanews.com\/#organization"}},{"@type":"WebPage","@id":"https:\/\/www.gaveanews.com\/index.php\/2025\/04\/01\/regra-nao-e-aplicada-durante-o-jogo-entre-palmeiras-x-botafogo\/","url":"https:\/\/www.gaveanews.com\/index.php\/2025\/04\/01\/regra-nao-e-aplicada-durante-o-jogo-entre-palmeiras-x-botafogo\/","name":"Regra n\u00e3o \u00e9 aplicada durante o jogo entre Palmeiras x Botafogo","isPartOf":{"@id":"https:\/\/www.gaveanews.com\/#website"},"primaryImageOfPage":{"@id":"https:\/\/www.gaveanews.com\/index.php\/2025\/04\/01\/regra-nao-e-aplicada-durante-o-jogo-entre-palmeiras-x-botafogo\/#primaryimage"},"image":{"@id":"https:\/\/www.gaveanews.com\/index.php\/2025\/04\/01\/regra-nao-e-aplicada-durante-o-jogo-entre-palmeiras-x-botafogo\/#primaryimage"},"thumbnailUrl":"https:\/\/www.gaveanews.com\/wp-content\/uploads\/Raphael-Veiga-em-acao-durante-o-jogo-entre-Palmeiras-x-Botafogo.webp","datePublished":"2025-04-01T05:05:00+00:00","author":{"@id":"https:\/\/www.gaveanews.com\/#\/schema\/person\/8207cd4627f56151707418bfc835b2fb"},"breadcrumb":{"@id":"https:\/\/www.gaveanews.com\/index.php\/2025\/04\/01\/regra-nao-e-aplicada-durante-o-jogo-entre-palmeiras-x-botafogo\/#breadcrumb"},"inLanguage":"pt-BR","potentialAction":[{"@type":"ReadAction","target":["https:\/\/www.gaveanews.com\/index.php\/2025\/04\/01\/regra-nao-e-aplicada-durante-o-jogo-entre-palmeiras-x-botafogo\/"]}]},{"@type":"ImageObject","inLanguage":"pt-BR","@id":"https:\/\/www.gaveanews.com\/index.php\/2025\/04\/01\/regra-nao-e-aplicada-durante-o-jogo-entre-palmeiras-x-botafogo\/#primaryimage","url":"https:\/\/www.gaveanews.com\/wp-content\/uploads\/Raphael-Veiga-em-acao-durante-o-jogo-entre-Palmeiras-x-Botafogo.webp","contentUrl":"https:\/\/www.gaveanews.com\/wp-content\/uploads\/Raphael-Veiga-em-acao-durante-o-jogo-entre-Palmeiras-x-Botafogo.webp","width":900,"height":600,"caption":"Raphael Veiga em a\u00e7\u00e3o durante o jogo entre Palmeiras x Botafogo (Foto: Cesar Greco\/Palmeiras)"},{"@type":"BreadcrumbList","@id":"https:\/\/www.gaveanews.com\/index.php\/2025\/04\/01\/regra-nao-e-aplicada-durante-o-jogo-entre-palmeiras-x-botafogo\/#breadcrumb","itemListElement":[{"@type":"ListItem","position":1,"name":"Home","item":"https:\/\/www.gaveanews.com\/"},{"@type":"ListItem","position":2,"name":"Regra n\u00e3o \u00e9 aplicada durante o jogo entre Palmeiras x Botafogo"}]},{"@type":"WebSite","@id":"https:\/\/www.gaveanews.com\/#website","url":"https:\/\/www.gaveanews.com\/","name":"G\u00e1vea News","description":"Veja todas as not\u00edcias sobre o Flamengo: Contrata\u00e7\u00f5es, categorias de base, resultados das partidas, tabela de classifica\u00e7\u00e3o, pr\u00f3ximos jogos!","potentialAction":[{"@type":"SearchAction","target":{"@type":"EntryPoint","urlTemplate":"https:\/\/www.gaveanews.com\/?s={search_term_string}"},"query-input":{"@type":"PropertyValueSpecification","valueRequired":true,"valueName":"search_term_string"}}],"inLanguage":"pt-BR"},{"@type":"Person","@id":"https:\/\/www.gaveanews.com\/#\/schema\/person\/8207cd4627f56151707418bfc835b2fb","name":"Matheus Felipe","image":{"@type":"ImageObject","inLanguage":"pt-BR","@id":"https:\/\/www.gaveanews.com\/#\/schema\/person\/image\/","url":"https:\/\/secure.gravatar.com\/avatar\/a452ffbed9130f726358b298bb3a99ce4bd3c5338411f8440e87e14d74c7c087?s=96&d=mm&r=g","contentUrl":"https:\/\/secure.gravatar.com\/avatar\/a452ffbed9130f726358b298bb3a99ce4bd3c5338411f8440e87e14d74c7c087?s=96&d=mm&r=g","caption":"Matheus Felipe"}}]}},"_links":{"self":[{"href":"https:\/\/www.gaveanews.com\/index.php\/wp-json\/wp\/v2\/posts\/247373","targetHints":{"allow":["GET"]}}],"collection":[{"href":"https:\/\/www.gaveanews.com\/index.php\/wp-json\/wp\/v2\/posts"}],"about":[{"href":"https:\/\/www.gaveanews.com\/index.php\/wp-json\/wp\/v2\/types\/post"}],"author":[{"embeddable":true,"href":"https:\/\/www.gaveanews.com\/index.php\/wp-json\/wp\/v2\/users\/27"}],"replies":[{"embeddable":true,"href":"https:\/\/www.gaveanews.com\/index.php\/wp-json\/wp\/v2\/comments?post=247373"}],"version-history":[{"count":1,"href":"https:\/\/www.gaveanews.com\/index.php\/wp-json\/wp\/v2\/posts\/247373\/revisions"}],"predecessor-version":[{"id":247374,"href":"https:\/\/www.gaveanews.com\/index.php\/wp-json\/wp\/v2\/posts\/247373\/revisions\/247374"}],"wp:featuredmedia":[{"embeddable":true,"href":"https:\/\/www.gaveanews.com\/index.php\/wp-json\/wp\/v2\/media\/152852"}],"wp:attachment":[{"href":"https:\/\/www.gaveanews.com\/index.php\/wp-json\/wp\/v2\/media?parent=247373"}],"wp:term":[{"taxonomy":"category","embeddable":true,"href":"https:\/\/www.gaveanews.com\/index.php\/wp-json\/wp\/v2\/categories?post=247373"},{"taxonomy":"post_tag","embeddable":true,"href":"https:\/\/www.gaveanews.com\/index.php\/wp-json\/wp\/v2\/tags?post=247373"}],"curies":[{"name":"wp","href":"https:\/\/api.w.org\/{rel}","templated":true}]}}